{"id":758,"date":"2018-05-20T18:58:23","date_gmt":"2018-05-20T16:58:23","guid":{"rendered":"http:\/\/wp.kristdemokraterna.se\/varmdo\/?p=758"},"modified":"2022-04-14T18:09:15","modified_gmt":"2022-04-14T16:09:15","slug":"intervju-med-cila-var-kandidat-till-kommunfullmaktige","status":"publish","type":"post","link":"https:\/\/wp.kristdemokraterna.se\/varmdo\/intervju-med-cila-var-kandidat-till-kommunfullmaktige\/","title":{"rendered":"&#8221;Jag tycker om snabba ryck och action&#8221;"},"content":{"rendered":"<p>Fr\u00e5n och med dig i dag kommer du att med j\u00e4mna mellanrum m\u00f6ta v\u00e5ra topp-sex kandidater p\u00e5 listan till kommunfullm\u00e4ktige. F\u00f6rst ut \u00e4r Cecilia Nilsson, av v\u00e4nner och bekanta kallas hon \u201dCilla\u201d. Hon st\u00e5r p\u00e5 plats 6 p\u00e5 v\u00e5r lista.<\/p>\n<p><img loading=\"lazy\" decoding=\"async\" class=\"alignnone size-medium wp-image-751\" src=\"http:\/\/wp.kristdemokraterna.se\/varmdo\/files\/2018\/05\/cilla-2-300x220.jpg\" alt=\"\" width=\"300\" height=\"220\" srcset=\"https:\/\/wp.kristdemokraterna.se\/varmdo\/files\/2018\/05\/cilla-2-300x220.jpg 300w, https:\/\/wp.kristdemokraterna.se\/varmdo\/files\/2018\/05\/cilla-2-768x563.jpg 768w, https:\/\/wp.kristdemokraterna.se\/varmdo\/files\/2018\/05\/cilla-2-1024x750.jpg 1024w, https:\/\/wp.kristdemokraterna.se\/varmdo\/files\/2018\/05\/cilla-2-273x200.jpg 273w, https:\/\/wp.kristdemokraterna.se\/varmdo\/files\/2018\/05\/cilla-2-370x271.jpg 370w, https:\/\/wp.kristdemokraterna.se\/varmdo\/files\/2018\/05\/cilla-2-770x564.jpg 770w, https:\/\/wp.kristdemokraterna.se\/varmdo\/files\/2018\/05\/cilla-2-450x330.jpg 450w, https:\/\/wp.kristdemokraterna.se\/varmdo\/files\/2018\/05\/cilla-2-280x205.jpg 280w, https:\/\/wp.kristdemokraterna.se\/varmdo\/files\/2018\/05\/cilla-2-340x249.jpg 340w, https:\/\/wp.kristdemokraterna.se\/varmdo\/files\/2018\/05\/cilla-2-200x147.jpg 200w, https:\/\/wp.kristdemokraterna.se\/varmdo\/files\/2018\/05\/cilla-2-76x56.jpg 76w\" sizes=\"auto, (max-width: 300px) 100vw, 300px\" \/><\/p>\n<p>&nbsp;<\/p>\n<p><strong>Vem \u00e4r Cilla Nilsson?<\/strong><\/p>\n<p>-En kvinna med mycket energi som tycker om snabba ryck och aktion.<\/p>\n<p><strong>Hur l\u00e4nge har du bott i V\u00e4rmd\u00f6?<\/strong><\/p>\n<p>-20 \u00e5r.<\/p>\n<p><strong>Varf\u00f6r flyttade du hit?<\/strong><\/p>\n<p>-Jag tr\u00e4ffade min make som redan bodde i Gustavsberg.<\/p>\n<p><strong>Du arbetar som chefsjuksk\u00f6terska, vad inneb\u00e4r det, ber\u00e4tta?<\/strong><\/p>\n<p>Jag jobbar p\u00e5 en privat ortopedoperationsavdelning, jag har d\u00e4r ansvar f\u00f6r<\/p>\n<p>den l\u00f6pande verksamheten. Det \u00e4r sju doktorer som jobbar d\u00e4r med mottagning<\/p>\n<p>och operation.<\/p>\n<p><strong>N\u00e4r gick du med i Kristdemokraterna?<\/strong><\/p>\n<p>-Jag \u00e4r uppvuxen med ett aktivt KDU, i \u00c4rla utanf\u00f6r Eskilstuna.<\/p>\n<p><strong>Vad \u00e4r det som g\u00f6r dig till Kristdemokrat?<\/strong><\/p>\n<p>-Synen p\u00e5 m\u00e4nniskov\u00e4rdet och grundtanken runt m\u00e4nniska och samh\u00e4lle.<\/p>\n<p><strong>Vad hittar du p\u00e5 n\u00e4r du ska slappna av?<\/strong><\/p>\n<p>-F\u00f6rs\u00f6ker njuta av frisk luft, sol och v\u00e4rme.<\/p>\n<p><strong>Om du skulle f\u00e5 chansen efter valet, finns det n\u00e5gon fr\u00e5ga du brinner extra f\u00f6r?<\/strong><\/p>\n<p>-Barnens r\u00e4ttigheter, likv\u00e4rdig och snabb tillg\u00e5ng till v\u00e5rd f\u00f6r alla.<\/p>\n<p><strong>Vad \u00e4r det b\u00e4sta med V\u00e4rmd\u00f6?<\/strong><\/p>\n<p>-N\u00e4rheten till natur och vatten.<\/p>\n<p><strong>Och det s\u00e4msta?<\/strong><\/p>\n<p>-Kommunikationerna.<\/p>\n<p><strong>Har du n\u00e5got smultronst\u00e4lle?<\/strong><\/p>\n<p>-Strandhugg i n\u00e4rmsta sk\u00e4rg\u00e5rden.<\/p>\n<p><strong>Fakta om:<\/strong><\/p>\n<p>\u00c5lder: 49<\/p>\n<p><strong>Bor:<\/strong> Hagaberg<\/p>\n<p><strong>Familj:<\/strong> make, tv\u00e5 d\u00f6ttrar och en son<\/p>\n<p><strong>Intressen:<\/strong> S\u00e5ng, orientering, umg\u00e5s med v\u00e4nner<\/p>\n<p><strong>Bakgrund:<\/strong> Alltid jobbat inom v\u00e5rden fr\u00e5n b\u00f6rjan som bitr\u00e4de, sedan<\/p>\n<p>undersk\u00f6terska, sjuksk\u00f6terska och sedan operationssjuksk\u00f6terska, nu p\u00e5 en privat<\/p>\n<p>ortopedoperationsavdelning<\/p>\n<p><strong>Tre snabba<\/strong><\/p>\n<p><strong>X<\/strong>\u00a0 Bil \u00a0\u00a0\u00a0\u00a0\u00a0\u00a0\u00a0\u00a0\u00a0\u00a0\u00a0\u00a0\u00a0\u00a0\u00a0\u00a0\u00a0\u00a0\u00a0\u00a0\u00a0\u00a0\u00a0\u00a0\u00a0\u00a0\u00a0\u00a0\u00a0\u00a0\u00a0\u00a0\u00a0\u00a0\u00a0\u00a0\u00a0 Cykel<\/p>\n<p><strong>X<\/strong>\u00a0 Tr\u00e4dg\u00e5rdsarbete\u00a0\u00a0\u00a0\u00a0\u00a0\u00a0\u00a0\u00a0\u00a0\u00a0\u00a0\u00a0\u00a0 H\u00e4ngsoffan<\/p>\n<p><strong>X<\/strong>\u00a0 Lagsport\u00a0\u00a0\u00a0\u00a0\u00a0\u00a0\u00a0\u00a0\u00a0\u00a0\u00a0\u00a0\u00a0\u00a0\u00a0\u00a0\u00a0\u00a0\u00a0\u00a0\u00a0\u00a0\u00a0\u00a0\u00a0\u00a0\u00a0\u00a0Ensamsport<\/p>\n","protected":false},"excerpt":{"rendered":"<p>Fr\u00e5n och med dig i dag kommer du att med j\u00e4mna mellanrum m\u00f6ta v\u00e5ra topp-sex kandidater p\u00e5 listan till kommunfullm\u00e4ktige. F\u00f6rst ut \u00e4r Cecilia Nilsson, av v\u00e4nner och bekanta kallas hon \u201dCilla\u201d. Hon st\u00e5r p\u00e5 plats 6 p\u00e5 v\u00e5r lista. &nbsp; Vem \u00e4r Cilla Nilsson? -En kvinna med mycket energi som tycker om snabba ryck <a class=\"read-more-link\" href=\"https:\/\/wp.kristdemokraterna.se\/varmdo\/intervju-med-cila-var-kandidat-till-kommunfullmaktige\/\">Read More<\/a><\/p>\n","protected":false},"author":771,"featured_media":0,"comment_status":"closed","ping_status":"closed","sticky":false,"template":"","format":"standard","meta":{"_acf_changed":false,"footnotes":""},"categories":[1],"tags":[],"class_list":["post-758","post","type-post","status-publish","format-standard","hentry","category-okategoriserade"],"acf":[],"yoast_head":"<!-- This site is optimized with the Yoast SEO plugin v27.5 - https:\/\/yoast.com\/product\/yoast-seo-wordpress\/ -->\n<title>&quot;Jag tycker om snabba ryck och action&quot; - Kristdemokraterna i V\u00e4rmd\u00f6<\/title>\n<meta name=\"robots\" content=\"index, follow, max-snippet:-1, max-image-preview:large, max-video-preview:-1\" \/>\n<link rel=\"canonical\" href=\"https:\/\/wp.kristdemokraterna.se\/varmdo\/intervju-med-cila-var-kandidat-till-kommunfullmaktige\/\" \/>\n<meta property=\"og:locale\" content=\"sv_SE\" \/>\n<meta property=\"og:type\" content=\"article\" \/>\n<meta property=\"og:title\" content=\"&quot;Jag tycker om snabba ryck och action&quot; - Kristdemokraterna i V\u00e4rmd\u00f6\" \/>\n<meta property=\"og:description\" content=\"Fr\u00e5n och med dig i dag kommer du att med j\u00e4mna mellanrum m\u00f6ta v\u00e5ra topp-sex kandidater p\u00e5 listan till kommunfullm\u00e4ktige. F\u00f6rst ut \u00e4r Cecilia Nilsson, av v\u00e4nner och bekanta kallas hon \u201dCilla\u201d. Hon st\u00e5r p\u00e5 plats 6 p\u00e5 v\u00e5r lista. &nbsp; Vem \u00e4r Cilla Nilsson? -En kvinna med mycket energi som tycker om snabba ryck Read More\" \/>\n<meta property=\"og:url\" content=\"https:\/\/wp.kristdemokraterna.se\/varmdo\/intervju-med-cila-var-kandidat-till-kommunfullmaktige\/\" \/>\n<meta property=\"og:site_name\" content=\"Kristdemokraterna i V\u00e4rmd\u00f6\" \/>\n<meta property=\"article:published_time\" content=\"2018-05-20T16:58:23+00:00\" \/>\n<meta property=\"article:modified_time\" content=\"2022-04-14T16:09:15+00:00\" \/>\n<meta property=\"og:image\" content=\"http:\/\/wp.kristdemokraterna.se\/varmdo\/files\/2018\/05\/cilla-2-300x220.jpg\" \/>\n<meta name=\"author\" content=\"varmdo2\" \/>\n<meta name=\"twitter:card\" content=\"summary_large_image\" \/>\n<meta name=\"twitter:label1\" content=\"Skriven av\" \/>\n\t<meta name=\"twitter:data1\" content=\"varmdo2\" \/>\n\t<meta name=\"twitter:label2\" content=\"Ber\u00e4knad l\u00e4stid\" \/>\n\t<meta name=\"twitter:data2\" content=\"2 minuter\" \/>\n<script type=\"application\/ld+json\" class=\"yoast-schema-graph\">{\"@context\":\"https:\\\/\\\/schema.org\",\"@graph\":[{\"@type\":\"Article\",\"@id\":\"https:\\\/\\\/wp.kristdemokraterna.se\\\/varmdo\\\/intervju-med-cila-var-kandidat-till-kommunfullmaktige\\\/#article\",\"isPartOf\":{\"@id\":\"https:\\\/\\\/wp.kristdemokraterna.se\\\/varmdo\\\/intervju-med-cila-var-kandidat-till-kommunfullmaktige\\\/\"},\"author\":{\"name\":\"varmdo2\",\"@id\":\"https:\\\/\\\/wp.kristdemokraterna.se\\\/varmdo\\\/#\\\/schema\\\/person\\\/5d91fdc9241ce697cd2d61884eaa3629\"},\"headline\":\"&#8221;Jag tycker om snabba ryck och action&#8221;\",\"datePublished\":\"2018-05-20T16:58:23+00:00\",\"dateModified\":\"2022-04-14T16:09:15+00:00\",\"mainEntityOfPage\":{\"@id\":\"https:\\\/\\\/wp.kristdemokraterna.se\\\/varmdo\\\/intervju-med-cila-var-kandidat-till-kommunfullmaktige\\\/\"},\"wordCount\":328,\"image\":{\"@id\":\"https:\\\/\\\/wp.kristdemokraterna.se\\\/varmdo\\\/intervju-med-cila-var-kandidat-till-kommunfullmaktige\\\/#primaryimage\"},\"thumbnailUrl\":\"http:\\\/\\\/wp.kristdemokraterna.se\\\/varmdo\\\/files\\\/2018\\\/05\\\/cilla-2-300x220.jpg\",\"inLanguage\":\"sv-SE\"},{\"@type\":\"WebPage\",\"@id\":\"https:\\\/\\\/wp.kristdemokraterna.se\\\/varmdo\\\/intervju-med-cila-var-kandidat-till-kommunfullmaktige\\\/\",\"url\":\"https:\\\/\\\/wp.kristdemokraterna.se\\\/varmdo\\\/intervju-med-cila-var-kandidat-till-kommunfullmaktige\\\/\",\"name\":\"\\\"Jag tycker om snabba ryck och action\\\" - Kristdemokraterna i V\u00e4rmd\u00f6\",\"isPartOf\":{\"@id\":\"https:\\\/\\\/wp.kristdemokraterna.se\\\/varmdo\\\/#website\"},\"primaryImageOfPage\":{\"@id\":\"https:\\\/\\\/wp.kristdemokraterna.se\\\/varmdo\\\/intervju-med-cila-var-kandidat-till-kommunfullmaktige\\\/#primaryimage\"},\"image\":{\"@id\":\"https:\\\/\\\/wp.kristdemokraterna.se\\\/varmdo\\\/intervju-med-cila-var-kandidat-till-kommunfullmaktige\\\/#primaryimage\"},\"thumbnailUrl\":\"http:\\\/\\\/wp.kristdemokraterna.se\\\/varmdo\\\/files\\\/2018\\\/05\\\/cilla-2-300x220.jpg\",\"datePublished\":\"2018-05-20T16:58:23+00:00\",\"dateModified\":\"2022-04-14T16:09:15+00:00\",\"author\":{\"@id\":\"https:\\\/\\\/wp.kristdemokraterna.se\\\/varmdo\\\/#\\\/schema\\\/person\\\/5d91fdc9241ce697cd2d61884eaa3629\"},\"breadcrumb\":{\"@id\":\"https:\\\/\\\/wp.kristdemokraterna.se\\\/varmdo\\\/intervju-med-cila-var-kandidat-till-kommunfullmaktige\\\/#breadcrumb\"},\"inLanguage\":\"sv-SE\",\"potentialAction\":[{\"@type\":\"ReadAction\",\"target\":[\"https:\\\/\\\/wp.kristdemokraterna.se\\\/varmdo\\\/intervju-med-cila-var-kandidat-till-kommunfullmaktige\\\/\"]}]},{\"@type\":\"ImageObject\",\"inLanguage\":\"sv-SE\",\"@id\":\"https:\\\/\\\/wp.kristdemokraterna.se\\\/varmdo\\\/intervju-med-cila-var-kandidat-till-kommunfullmaktige\\\/#primaryimage\",\"url\":\"http:\\\/\\\/wp.kristdemokraterna.se\\\/varmdo\\\/files\\\/2018\\\/05\\\/cilla-2-300x220.jpg\",\"contentUrl\":\"http:\\\/\\\/wp.kristdemokraterna.se\\\/varmdo\\\/files\\\/2018\\\/05\\\/cilla-2-300x220.jpg\"},{\"@type\":\"BreadcrumbList\",\"@id\":\"https:\\\/\\\/wp.kristdemokraterna.se\\\/varmdo\\\/intervju-med-cila-var-kandidat-till-kommunfullmaktige\\\/#breadcrumb\",\"itemListElement\":[{\"@type\":\"ListItem\",\"position\":1,\"name\":\"Hem\",\"item\":\"https:\\\/\\\/wp.kristdemokraterna.se\\\/varmdo\\\/\"},{\"@type\":\"ListItem\",\"position\":2,\"name\":\"&#8221;Jag tycker om snabba ryck och action&#8221;\"}]},{\"@type\":\"WebSite\",\"@id\":\"https:\\\/\\\/wp.kristdemokraterna.se\\\/varmdo\\\/#website\",\"url\":\"https:\\\/\\\/wp.kristdemokraterna.se\\\/varmdo\\\/\",\"name\":\"Kristdemokraterna i V\u00e4rmd\u00f6\",\"description\":\"En till Kristdemokraterna webbplats\",\"inLanguage\":\"sv-SE\"},{\"@type\":\"Person\",\"@id\":\"https:\\\/\\\/wp.kristdemokraterna.se\\\/varmdo\\\/#\\\/schema\\\/person\\\/5d91fdc9241ce697cd2d61884eaa3629\",\"name\":\"varmdo2\",\"image\":{\"@type\":\"ImageObject\",\"inLanguage\":\"sv-SE\",\"@id\":\"https:\\\/\\\/secure.gravatar.com\\\/avatar\\\/1bafbd8e305be4e2283d46a8fff54cb985609dc6aa7d411732b0aa27164930c7?s=96&d=mm&r=g\",\"url\":\"https:\\\/\\\/secure.gravatar.com\\\/avatar\\\/1bafbd8e305be4e2283d46a8fff54cb985609dc6aa7d411732b0aa27164930c7?s=96&d=mm&r=g\",\"contentUrl\":\"https:\\\/\\\/secure.gravatar.com\\\/avatar\\\/1bafbd8e305be4e2283d46a8fff54cb985609dc6aa7d411732b0aa27164930c7?s=96&d=mm&r=g\",\"caption\":\"varmdo2\"},\"url\":\"https:\\\/\\\/wp.kristdemokraterna.se\\\/varmdo\\\/author\\\/varmdo2\\\/\"}]}<\/script>\n<!-- \/ Yoast SEO plugin. -->","yoast_head_json":{"title":"\"Jag tycker om snabba ryck och action\" - Kristdemokraterna i V\u00e4rmd\u00f6","robots":{"index":"index","follow":"follow","max-snippet":"max-snippet:-1","max-image-preview":"max-image-preview:large","max-video-preview":"max-video-preview:-1"},"canonical":"https:\/\/wp.kristdemokraterna.se\/varmdo\/intervju-med-cila-var-kandidat-till-kommunfullmaktige\/","og_locale":"sv_SE","og_type":"article","og_title":"\"Jag tycker om snabba ryck och action\" - Kristdemokraterna i V\u00e4rmd\u00f6","og_description":"Fr\u00e5n och med dig i dag kommer du att med j\u00e4mna mellanrum m\u00f6ta v\u00e5ra topp-sex kandidater p\u00e5 listan till kommunfullm\u00e4ktige. F\u00f6rst ut \u00e4r Cecilia Nilsson, av v\u00e4nner och bekanta kallas hon \u201dCilla\u201d. Hon st\u00e5r p\u00e5 plats 6 p\u00e5 v\u00e5r lista. &nbsp; Vem \u00e4r Cilla Nilsson? -En kvinna med mycket energi som tycker om snabba ryck Read More","og_url":"https:\/\/wp.kristdemokraterna.se\/varmdo\/intervju-med-cila-var-kandidat-till-kommunfullmaktige\/","og_site_name":"Kristdemokraterna i V\u00e4rmd\u00f6","article_published_time":"2018-05-20T16:58:23+00:00","article_modified_time":"2022-04-14T16:09:15+00:00","og_image":[{"url":"http:\/\/wp.kristdemokraterna.se\/varmdo\/files\/2018\/05\/cilla-2-300x220.jpg","type":"","width":"","height":""}],"author":"varmdo2","twitter_card":"summary_large_image","twitter_misc":{"Skriven av":"varmdo2","Ber\u00e4knad l\u00e4stid":"2 minuter"},"schema":{"@context":"https:\/\/schema.org","@graph":[{"@type":"Article","@id":"https:\/\/wp.kristdemokraterna.se\/varmdo\/intervju-med-cila-var-kandidat-till-kommunfullmaktige\/#article","isPartOf":{"@id":"https:\/\/wp.kristdemokraterna.se\/varmdo\/intervju-med-cila-var-kandidat-till-kommunfullmaktige\/"},"author":{"name":"varmdo2","@id":"https:\/\/wp.kristdemokraterna.se\/varmdo\/#\/schema\/person\/5d91fdc9241ce697cd2d61884eaa3629"},"headline":"&#8221;Jag tycker om snabba ryck och action&#8221;","datePublished":"2018-05-20T16:58:23+00:00","dateModified":"2022-04-14T16:09:15+00:00","mainEntityOfPage":{"@id":"https:\/\/wp.kristdemokraterna.se\/varmdo\/intervju-med-cila-var-kandidat-till-kommunfullmaktige\/"},"wordCount":328,"image":{"@id":"https:\/\/wp.kristdemokraterna.se\/varmdo\/intervju-med-cila-var-kandidat-till-kommunfullmaktige\/#primaryimage"},"thumbnailUrl":"http:\/\/wp.kristdemokraterna.se\/varmdo\/files\/2018\/05\/cilla-2-300x220.jpg","inLanguage":"sv-SE"},{"@type":"WebPage","@id":"https:\/\/wp.kristdemokraterna.se\/varmdo\/intervju-med-cila-var-kandidat-till-kommunfullmaktige\/","url":"https:\/\/wp.kristdemokraterna.se\/varmdo\/intervju-med-cila-var-kandidat-till-kommunfullmaktige\/","name":"\"Jag tycker om snabba ryck och action\" - Kristdemokraterna i V\u00e4rmd\u00f6","isPartOf":{"@id":"https:\/\/wp.kristdemokraterna.se\/varmdo\/#website"},"primaryImageOfPage":{"@id":"https:\/\/wp.kristdemokraterna.se\/varmdo\/intervju-med-cila-var-kandidat-till-kommunfullmaktige\/#primaryimage"},"image":{"@id":"https:\/\/wp.kristdemokraterna.se\/varmdo\/intervju-med-cila-var-kandidat-till-kommunfullmaktige\/#primaryimage"},"thumbnailUrl":"http:\/\/wp.kristdemokraterna.se\/varmdo\/files\/2018\/05\/cilla-2-300x220.jpg","datePublished":"2018-05-20T16:58:23+00:00","dateModified":"2022-04-14T16:09:15+00:00","author":{"@id":"https:\/\/wp.kristdemokraterna.se\/varmdo\/#\/schema\/person\/5d91fdc9241ce697cd2d61884eaa3629"},"breadcrumb":{"@id":"https:\/\/wp.kristdemokraterna.se\/varmdo\/intervju-med-cila-var-kandidat-till-kommunfullmaktige\/#breadcrumb"},"inLanguage":"sv-SE","potentialAction":[{"@type":"ReadAction","target":["https:\/\/wp.kristdemokraterna.se\/varmdo\/intervju-med-cila-var-kandidat-till-kommunfullmaktige\/"]}]},{"@type":"ImageObject","inLanguage":"sv-SE","@id":"https:\/\/wp.kristdemokraterna.se\/varmdo\/intervju-med-cila-var-kandidat-till-kommunfullmaktige\/#primaryimage","url":"http:\/\/wp.kristdemokraterna.se\/varmdo\/files\/2018\/05\/cilla-2-300x220.jpg","contentUrl":"http:\/\/wp.kristdemokraterna.se\/varmdo\/files\/2018\/05\/cilla-2-300x220.jpg"},{"@type":"BreadcrumbList","@id":"https:\/\/wp.kristdemokraterna.se\/varmdo\/intervju-med-cila-var-kandidat-till-kommunfullmaktige\/#breadcrumb","itemListElement":[{"@type":"ListItem","position":1,"name":"Hem","item":"https:\/\/wp.kristdemokraterna.se\/varmdo\/"},{"@type":"ListItem","position":2,"name":"&#8221;Jag tycker om snabba ryck och action&#8221;"}]},{"@type":"WebSite","@id":"https:\/\/wp.kristdemokraterna.se\/varmdo\/#website","url":"https:\/\/wp.kristdemokraterna.se\/varmdo\/","name":"Kristdemokraterna i V\u00e4rmd\u00f6","description":"En till Kristdemokraterna webbplats","inLanguage":"sv-SE"},{"@type":"Person","@id":"https:\/\/wp.kristdemokraterna.se\/varmdo\/#\/schema\/person\/5d91fdc9241ce697cd2d61884eaa3629","name":"varmdo2","image":{"@type":"ImageObject","inLanguage":"sv-SE","@id":"https:\/\/secure.gravatar.com\/avatar\/1bafbd8e305be4e2283d46a8fff54cb985609dc6aa7d411732b0aa27164930c7?s=96&d=mm&r=g","url":"https:\/\/secure.gravatar.com\/avatar\/1bafbd8e305be4e2283d46a8fff54cb985609dc6aa7d411732b0aa27164930c7?s=96&d=mm&r=g","contentUrl":"https:\/\/secure.gravatar.com\/avatar\/1bafbd8e305be4e2283d46a8fff54cb985609dc6aa7d411732b0aa27164930c7?s=96&d=mm&r=g","caption":"varmdo2"},"url":"https:\/\/wp.kristdemokraterna.se\/varmdo\/author\/varmdo2\/"}]}},"_links":{"self":[{"href":"https:\/\/wp.kristdemokraterna.se\/varmdo\/wp-json\/wp\/v2\/posts\/758","targetHints":{"allow":["GET"]}}],"collection":[{"href":"https:\/\/wp.kristdemokraterna.se\/varmdo\/wp-json\/wp\/v2\/posts"}],"about":[{"href":"https:\/\/wp.kristdemokraterna.se\/varmdo\/wp-json\/wp\/v2\/types\/post"}],"author":[{"embeddable":true,"href":"https:\/\/wp.kristdemokraterna.se\/varmdo\/wp-json\/wp\/v2\/users\/771"}],"replies":[{"embeddable":true,"href":"https:\/\/wp.kristdemokraterna.se\/varmdo\/wp-json\/wp\/v2\/comments?post=758"}],"version-history":[{"count":6,"href":"https:\/\/wp.kristdemokraterna.se\/varmdo\/wp-json\/wp\/v2\/posts\/758\/revisions"}],"predecessor-version":[{"id":766,"href":"https:\/\/wp.kristdemokraterna.se\/varmdo\/wp-json\/wp\/v2\/posts\/758\/revisions\/766"}],"wp:attachment":[{"href":"https:\/\/wp.kristdemokraterna.se\/varmdo\/wp-json\/wp\/v2\/media?parent=758"}],"wp:term":[{"taxonomy":"category","embeddable":true,"href":"https:\/\/wp.kristdemokraterna.se\/varmdo\/wp-json\/wp\/v2\/categories?post=758"},{"taxonomy":"post_tag","embeddable":true,"href":"https:\/\/wp.kristdemokraterna.se\/varmdo\/wp-json\/wp\/v2\/tags?post=758"}],"curies":[{"name":"wp","href":"https:\/\/api.w.org\/{rel}","templated":true}]}}