{"id":771,"date":"2018-05-28T15:23:14","date_gmt":"2018-05-28T13:23:14","guid":{"rendered":"http:\/\/wp.kristdemokraterna.se\/varmdo\/?p=771"},"modified":"2022-04-14T18:22:17","modified_gmt":"2022-04-14T16:22:17","slug":"han-vill-gora-skillnad","status":"publish","type":"post","link":"https:\/\/wp.kristdemokraterna.se\/varmdo\/han-vill-gora-skillnad\/","title":{"rendered":"Han vill g\u00f6ra skillnad"},"content":{"rendered":"<p><span style=\"color: #000000;font-family: Garamond\">M\u00f6t Peter Br\u00e4nnstr\u00f6m, femma p\u00e5 Kristdemokraternas lista och nyvald som ordf\u00f6rande i V\u00e5rd- och omsorgsn\u00e4mnden i V\u00e4rmd\u00f6. En man som aldrig varit r\u00e4dd f\u00f6r att ge sig ut i det ok\u00e4nda och som i dag blandar konsultverksamheter \u00e5t ryskt och serbisk industri med ordf\u00f6randeskapet i V\u00e5rd- och omsorgsn\u00e4mnden. <\/span><\/p>\n<p>Peter Br\u00e4nnstr\u00f6m, L\u00f6jvik, har p\u00e5 kort tid kommit in i V\u00e4rmd\u00f6politikens hetluft och absoluta epicentrum. I b\u00f6rjan av april eftertr\u00e4dde han Jan Dolk som ordf\u00f6rande i V\u00e5rd- och omsorgsn\u00e4mnden, kanske en av de mest utsatta ordf\u00f6randeposterna en politiker i V\u00e4rmd\u00f6 kan ha.<\/p>\n<p>V\u00e5rd- och omsorgsn\u00e4mnden har varit f\u00f6rem\u00e5l f\u00f6r mycket debatt och \u00e4ven negativa skriverier i Nacka-V\u00e4rmd\u00f6 Posten. Det verkar inte skr\u00e4mma Peter Br\u00e4nnstr\u00f6m.<\/p>\n<p>-Jag \u00e4r v\u00e4l lite galen, haha, s\u00e4ger han och skrattar. Men jag har alltid varit intresserad av att f\u00f6rs\u00f6ka g\u00f6ra skillnad, att skapa n\u00e5got konstruktivt av s\u00e5dant som har tett sig jobbigt.<\/p>\n<p>Efter m\u00e5nga \u00e5r inom Posten och sedermera PostNord i ledande befattningar, Peter Br\u00e4nnstr\u00f6m slutade 2014 som produktionschef, den h\u00f6gst operativt ansvarige inom koncernen, har Peter \u00e4gnat sig \u00e5t konsultverksamhet i eget f\u00f6retag, b\u00e5de svenska och utl\u00e4ndska f\u00f6retag st\u00e5r p\u00e5 hans kundlista. Han har till exempel hj\u00e4lpt till att effektivisera postverksamhet i Afrika, bist\u00e5r nu ett serbiskt f\u00f6retag inom aluminiumindustrin med effektiviseringar av logistiken och senast \u00e4r det ett ryskt f\u00f6retag som han ska hj\u00e4lpa med att effektivisera deras logistik.<\/p>\n<p>Och s\u00e5 ordf\u00f6randeskapet i V\u00e5rd- och omsorgsn\u00e4mnden d\u00e4rimellan.<\/p>\n<p><strong>En sportjournalistfr\u00e5ga, hur k\u00e4ndes det f\u00f6rsta m\u00f6tet?<\/strong><\/p>\n<p>-Lite m\u00e4rkligt n\u00e4r politisk formalia blir s\u00e5 viktig, och kan utg\u00f6ra hinder \u00e4ven n\u00e4r man verkar relativt \u00f6verens. Jag f\u00f6rs\u00f6kte lyssna och f\u00f6rst\u00e5 olika st\u00e4llningstaganden och ska v\u00e4l dra mina slutsatser s\u00e5 sm\u00e5ningom.<\/p>\n<p>Hans tidigare m\u00e5ng\u00e5riga arbetsgivare PostNord har under senare \u00e5r n\u00e4stan kommit att bli ett samtals\u00e4mne p\u00e5 fika och middag, d\u00e5 inte alltid i s\u00e5 smickrande ordalag kanske.<\/p>\n<p><strong>Hur ser du p\u00e5 utvecklingen inom PostNord?<\/strong><\/p>\n<p>-Det \u00e4r lite tragiskt att ett infrastrukturellt kapital g\u00e5r f\u00f6rlorat. Sammang\u00e5endet med Danmark var en katastrof, eftersom det inte fanns n\u00e5gra synergier och ledningen drog f\u00f6r tidigt slutsatsen att den eviga mj\u00f6lkkossan \u2013 brevet &#8211; skulle s\u00e4ttas p\u00e5 sv\u00e4ltkost. D\u00e5 slutade jag. Vi var under m\u00e5nga \u00e5r ett m\u00f6nster f\u00f6r den internationella branschen innan dess.<\/p>\n<p><strong>Ber\u00e4tta vad du gjort inom PostNord?<\/strong><\/p>\n<p>-Det skulle vara l\u00e4ttare att s\u00e4ga vad jag inte har gjort. Jag har varit marknadschef, terminalchef, regionchef, kvalitetschef och produktionschef f\u00f6r hela landet. Jag fick ofta uppdrag att \u201dst\u00e4da upp.<\/p>\n<p><strong>Av Facebook och Instagram att d\u00f6ma, verkar du b\u00e5de springa och cykla en hel del..? <\/strong><\/p>\n<p>-R\u00e4nderna g\u00e5r aldrig ur. Jag var t\u00e4vlingscyklist som ung och har tr\u00e4nat hela livet. Sprang New York Marathon f\u00f6r ett och ett halvt \u00e5r sedan p\u00e5 3.45 och r\u00e4knar med att g\u00f6ra om det om ett drygt \u00e5r.<\/p>\n<p><strong>Vad g\u00f6r du n\u00e4r du kopplar av? <\/strong><\/p>\n<p>-Fixar med hus och tomt, \u00e4gnar mig \u00e5t f\u00f6reningsliv, l\u00e4ser, umg\u00e5s med v\u00e4nner och familj och reser mycket. Vi har en l\u00e4genhet i Florida, dit vi reser s\u00e5 ofta vi hinner. Med en son i San Francisco och en dotter i London ges andra m\u00f6jligheter till resor.<\/p>\n<p><strong>Hur l\u00e4nge har du varit medlem i Kristdemokraterna?<\/strong><\/p>\n<p>-Drygt tv\u00e5 \u00e5r nu.<\/p>\n<p><strong>Vad var orsaken till att det blev KD? <\/strong><\/p>\n<p>-Jag har alltid r\u00f6stat borgerligt, men hoppat mellan partierna beroende p\u00e5 dagsform. S\u00e5 kom KD och fr\u00e5gade i en tid n\u00e4r det kanske var dags att kliva in och g\u00f6ra lite nytta.<\/p>\n<p><strong>Du har varit chef och ledare i stora delar av ditt yrkesverksamma liv, hur skulle du sj\u00e4lv beskriva dig som chef?<\/strong><\/p>\n<p>-I mina chefsuppdrag har jag nog alltid varit k\u00e4nd f\u00f6r att vara or\u00e4dd, m\u00e5n om lyfta fram medarbetare och nyttja den kunskap som finns i varje organisation, samt skapa ett bra samarbetsklimat. F\u00f6rhoppningsvis ska ett s\u00e5dant recept fungera \u00e4ven h\u00e4r.<\/p>\n<p><strong>\u00c4r det n\u00e5gon speciell politisk fr\u00e5ga som ligger dig varmt om hj\u00e4rtat och som du vill driva om du f\u00e5r chansen efter valet?<\/strong><\/p>\n<p>-Generellt att v\u00e5ra skattepengar anv\u00e4nds s\u00e5 klokt som m\u00f6jligt p\u00e5 ett s\u00e4tt som kommer m\u00e5nga m\u00e4nniskor tillgodo. Vi m\u00e5ste underl\u00e4tta m\u00e4nniskors vardag genom att skapa god infrastruktur, ett skyddsn\u00e4t som fungerar och ett tryggt samh\u00e4lle f\u00f6r unga och gamla. F\u00f6r tillf\u00e4llet har jag f\u00e5tt ansvaret f\u00f6r V\u00e5rd- och omsorgsfr\u00e5gor, ett nog s\u00e5 viktigt omr\u00e5de som jag beh\u00f6ver fokusera p\u00e5.<\/p>\n<p><img loading=\"lazy\" decoding=\"async\" class=\"alignnone size-medium wp-image-772\" src=\"http:\/\/wp.kristdemokraterna.se\/varmdo\/files\/2018\/05\/kd-v-26-300x215.jpg\" alt=\"\" width=\"300\" height=\"215\" srcset=\"https:\/\/wp.kristdemokraterna.se\/varmdo\/files\/2018\/05\/kd-v-26-300x215.jpg 300w, https:\/\/wp.kristdemokraterna.se\/varmdo\/files\/2018\/05\/kd-v-26-768x550.jpg 768w, https:\/\/wp.kristdemokraterna.se\/varmdo\/files\/2018\/05\/kd-v-26-1024x734.jpg 1024w, https:\/\/wp.kristdemokraterna.se\/varmdo\/files\/2018\/05\/kd-v-26-279x200.jpg 279w, https:\/\/wp.kristdemokraterna.se\/varmdo\/files\/2018\/05\/kd-v-26-370x265.jpg 370w, https:\/\/wp.kristdemokraterna.se\/varmdo\/files\/2018\/05\/kd-v-26-770x552.jpg 770w, https:\/\/wp.kristdemokraterna.se\/varmdo\/files\/2018\/05\/kd-v-26-450x322.jpg 450w, https:\/\/wp.kristdemokraterna.se\/varmdo\/files\/2018\/05\/kd-v-26-280x201.jpg 280w, https:\/\/wp.kristdemokraterna.se\/varmdo\/files\/2018\/05\/kd-v-26-340x244.jpg 340w, https:\/\/wp.kristdemokraterna.se\/varmdo\/files\/2018\/05\/kd-v-26-200x143.jpg 200w, https:\/\/wp.kristdemokraterna.se\/varmdo\/files\/2018\/05\/kd-v-26-78x56.jpg 78w\" sizes=\"auto, (max-width: 300px) 100vw, 300px\" \/><\/p>\n<p><strong>Fakta om<\/strong><\/p>\n<p>\u00c5lder: 63<\/p>\n<p><strong>Bor<\/strong>: i L\u00f6jvik, vid V\u00e4rmd\u00f6 golfklubb<\/p>\n<p><strong>Familj<\/strong>: Gift med Camilla, 3 vuxna barn spridda i v\u00e4rlden<\/p>\n<p><strong>Intressen:<\/strong> Hem och hus, idrott, litteratur och resor<\/p>\n<p><strong>Bakgrund:(tidigare jobb, nuvarande)<\/strong> Egen konsult, fr\u00e4mst inom logistik och administration. brevb\u00e4rare i m\u00e5nga \u00e5r, fil. mag i Litteratur och Spr\u00e5kvetenskap, l\u00e4rare p\u00e5 h\u00f6gstadiet, 30 \u00e5rs erfarenhet av chefsuppdrag inom Posten och som VD f\u00f6r medief\u00f6retag och juridiskt f\u00f6rlag. De sista 10 \u00e5ren som anst\u00e4lld operativ chef f\u00f6r Postens 25\u00a0000 brevb\u00e4rare och terminalarbetare.<\/p>\n<p>&nbsp;<\/p>\n<p><strong>3 snabba<\/strong>:<\/p>\n<p>\u00d6l &#8211; JA\u00a0\u00a0\u00a0\u00a0\u00a0\u00a0\u00a0\u00a0\u00a0\u00a0\u00a0\u00a0\u00a0\u00a0\u00a0\u00a0\u00a0\u00a0\u00a0\u00a0\u00a0\u00a0\u00a0\u00a0\u00a0\u00a0\u00a0\u00a0\u00a0\u00a0\u00a0 Vin &#8211; ja<\/p>\n<p>Skidsemester &#8211; ja\u00a0\u00a0\u00a0\u00a0\u00a0\u00a0\u00a0\u00a0\u00a0\u00a0\u00a0\u00a0\u00a0\u00a0\u00a0\u00a0 Sommarsemester &#8211; JA<\/p>\n<p>Storstadens puls &#8211; ibland\u00a0\u00a0\u00a0\u00a0 V\u00e4rmd\u00f6 Sk\u00e4rg\u00e5rd JA<\/p>\n<p>&nbsp;<\/p>\n","protected":false},"excerpt":{"rendered":"<p>M\u00f6t Peter Br\u00e4nnstr\u00f6m, femma p\u00e5 Kristdemokraternas lista och nyvald som ordf\u00f6rande i V\u00e5rd- och omsorgsn\u00e4mnden i V\u00e4rmd\u00f6. En man som aldrig varit r\u00e4dd f\u00f6r att ge sig ut i det ok\u00e4nda och som i dag blandar konsultverksamheter \u00e5t ryskt och serbisk industri med ordf\u00f6randeskapet i V\u00e5rd- och omsorgsn\u00e4mnden. Peter Br\u00e4nnstr\u00f6m, L\u00f6jvik, har p\u00e5 kort tid <a class=\"read-more-link\" href=\"https:\/\/wp.kristdemokraterna.se\/varmdo\/han-vill-gora-skillnad\/\">Read More<\/a><\/p>\n","protected":false},"author":771,"featured_media":0,"comment_status":"closed","ping_status":"closed","sticky":false,"template":"","format":"standard","meta":{"_acf_changed":false,"footnotes":""},"categories":[1],"tags":[],"class_list":["post-771","post","type-post","status-publish","format-standard","hentry","category-okategoriserade"],"acf":[],"yoast_head":"<!-- This site is optimized with the Yoast SEO plugin v27.5 - https:\/\/yoast.com\/product\/yoast-seo-wordpress\/ -->\n<title>Han vill g\u00f6ra skillnad - Kristdemokraterna i V\u00e4rmd\u00f6<\/title>\n<meta name=\"robots\" content=\"index, follow, max-snippet:-1, max-image-preview:large, max-video-preview:-1\" \/>\n<link rel=\"canonical\" href=\"https:\/\/wp.kristdemokraterna.se\/varmdo\/han-vill-gora-skillnad\/\" \/>\n<meta property=\"og:locale\" content=\"sv_SE\" \/>\n<meta property=\"og:type\" content=\"article\" \/>\n<meta property=\"og:title\" content=\"Han vill g\u00f6ra skillnad - Kristdemokraterna i V\u00e4rmd\u00f6\" \/>\n<meta property=\"og:description\" content=\"M\u00f6t Peter Br\u00e4nnstr\u00f6m, femma p\u00e5 Kristdemokraternas lista och nyvald som ordf\u00f6rande i V\u00e5rd- och omsorgsn\u00e4mnden i V\u00e4rmd\u00f6. En man som aldrig varit r\u00e4dd f\u00f6r att ge sig ut i det ok\u00e4nda och som i dag blandar konsultverksamheter \u00e5t ryskt och serbisk industri med ordf\u00f6randeskapet i V\u00e5rd- och omsorgsn\u00e4mnden. Peter Br\u00e4nnstr\u00f6m, L\u00f6jvik, har p\u00e5 kort tid Read More\" \/>\n<meta property=\"og:url\" content=\"https:\/\/wp.kristdemokraterna.se\/varmdo\/han-vill-gora-skillnad\/\" \/>\n<meta property=\"og:site_name\" content=\"Kristdemokraterna i V\u00e4rmd\u00f6\" \/>\n<meta property=\"article:published_time\" content=\"2018-05-28T13:23:14+00:00\" \/>\n<meta property=\"article:modified_time\" content=\"2022-04-14T16:22:17+00:00\" \/>\n<meta property=\"og:image\" content=\"http:\/\/wp.kristdemokraterna.se\/varmdo\/files\/2018\/05\/kd-v-26-300x215.jpg\" \/>\n<meta name=\"author\" content=\"varmdo2\" \/>\n<meta name=\"twitter:card\" content=\"summary_large_image\" \/>\n<meta name=\"twitter:label1\" content=\"Skriven av\" \/>\n\t<meta name=\"twitter:data1\" content=\"varmdo2\" \/>\n\t<meta name=\"twitter:label2\" content=\"Ber\u00e4knad l\u00e4stid\" \/>\n\t<meta name=\"twitter:data2\" content=\"5 minuter\" \/>\n<script type=\"application\/ld+json\" class=\"yoast-schema-graph\">{\"@context\":\"https:\\\/\\\/schema.org\",\"@graph\":[{\"@type\":\"Article\",\"@id\":\"https:\\\/\\\/wp.kristdemokraterna.se\\\/varmdo\\\/han-vill-gora-skillnad\\\/#article\",\"isPartOf\":{\"@id\":\"https:\\\/\\\/wp.kristdemokraterna.se\\\/varmdo\\\/han-vill-gora-skillnad\\\/\"},\"author\":{\"name\":\"varmdo2\",\"@id\":\"https:\\\/\\\/wp.kristdemokraterna.se\\\/varmdo\\\/#\\\/schema\\\/person\\\/5d91fdc9241ce697cd2d61884eaa3629\"},\"headline\":\"Han vill g\u00f6ra skillnad\",\"datePublished\":\"2018-05-28T13:23:14+00:00\",\"dateModified\":\"2022-04-14T16:22:17+00:00\",\"mainEntityOfPage\":{\"@id\":\"https:\\\/\\\/wp.kristdemokraterna.se\\\/varmdo\\\/han-vill-gora-skillnad\\\/\"},\"wordCount\":963,\"image\":{\"@id\":\"https:\\\/\\\/wp.kristdemokraterna.se\\\/varmdo\\\/han-vill-gora-skillnad\\\/#primaryimage\"},\"thumbnailUrl\":\"http:\\\/\\\/wp.kristdemokraterna.se\\\/varmdo\\\/files\\\/2018\\\/05\\\/kd-v-26-300x215.jpg\",\"inLanguage\":\"sv-SE\"},{\"@type\":\"WebPage\",\"@id\":\"https:\\\/\\\/wp.kristdemokraterna.se\\\/varmdo\\\/han-vill-gora-skillnad\\\/\",\"url\":\"https:\\\/\\\/wp.kristdemokraterna.se\\\/varmdo\\\/han-vill-gora-skillnad\\\/\",\"name\":\"Han vill g\u00f6ra skillnad - Kristdemokraterna i V\u00e4rmd\u00f6\",\"isPartOf\":{\"@id\":\"https:\\\/\\\/wp.kristdemokraterna.se\\\/varmdo\\\/#website\"},\"primaryImageOfPage\":{\"@id\":\"https:\\\/\\\/wp.kristdemokraterna.se\\\/varmdo\\\/han-vill-gora-skillnad\\\/#primaryimage\"},\"image\":{\"@id\":\"https:\\\/\\\/wp.kristdemokraterna.se\\\/varmdo\\\/han-vill-gora-skillnad\\\/#primaryimage\"},\"thumbnailUrl\":\"http:\\\/\\\/wp.kristdemokraterna.se\\\/varmdo\\\/files\\\/2018\\\/05\\\/kd-v-26-300x215.jpg\",\"datePublished\":\"2018-05-28T13:23:14+00:00\",\"dateModified\":\"2022-04-14T16:22:17+00:00\",\"author\":{\"@id\":\"https:\\\/\\\/wp.kristdemokraterna.se\\\/varmdo\\\/#\\\/schema\\\/person\\\/5d91fdc9241ce697cd2d61884eaa3629\"},\"breadcrumb\":{\"@id\":\"https:\\\/\\\/wp.kristdemokraterna.se\\\/varmdo\\\/han-vill-gora-skillnad\\\/#breadcrumb\"},\"inLanguage\":\"sv-SE\",\"potentialAction\":[{\"@type\":\"ReadAction\",\"target\":[\"https:\\\/\\\/wp.kristdemokraterna.se\\\/varmdo\\\/han-vill-gora-skillnad\\\/\"]}]},{\"@type\":\"ImageObject\",\"inLanguage\":\"sv-SE\",\"@id\":\"https:\\\/\\\/wp.kristdemokraterna.se\\\/varmdo\\\/han-vill-gora-skillnad\\\/#primaryimage\",\"url\":\"http:\\\/\\\/wp.kristdemokraterna.se\\\/varmdo\\\/files\\\/2018\\\/05\\\/kd-v-26-300x215.jpg\",\"contentUrl\":\"http:\\\/\\\/wp.kristdemokraterna.se\\\/varmdo\\\/files\\\/2018\\\/05\\\/kd-v-26-300x215.jpg\"},{\"@type\":\"BreadcrumbList\",\"@id\":\"https:\\\/\\\/wp.kristdemokraterna.se\\\/varmdo\\\/han-vill-gora-skillnad\\\/#breadcrumb\",\"itemListElement\":[{\"@type\":\"ListItem\",\"position\":1,\"name\":\"Hem\",\"item\":\"https:\\\/\\\/wp.kristdemokraterna.se\\\/varmdo\\\/\"},{\"@type\":\"ListItem\",\"position\":2,\"name\":\"Han vill g\u00f6ra skillnad\"}]},{\"@type\":\"WebSite\",\"@id\":\"https:\\\/\\\/wp.kristdemokraterna.se\\\/varmdo\\\/#website\",\"url\":\"https:\\\/\\\/wp.kristdemokraterna.se\\\/varmdo\\\/\",\"name\":\"Kristdemokraterna i V\u00e4rmd\u00f6\",\"description\":\"En till Kristdemokraterna webbplats\",\"inLanguage\":\"sv-SE\"},{\"@type\":\"Person\",\"@id\":\"https:\\\/\\\/wp.kristdemokraterna.se\\\/varmdo\\\/#\\\/schema\\\/person\\\/5d91fdc9241ce697cd2d61884eaa3629\",\"name\":\"varmdo2\",\"image\":{\"@type\":\"ImageObject\",\"inLanguage\":\"sv-SE\",\"@id\":\"https:\\\/\\\/secure.gravatar.com\\\/avatar\\\/1bafbd8e305be4e2283d46a8fff54cb985609dc6aa7d411732b0aa27164930c7?s=96&d=mm&r=g\",\"url\":\"https:\\\/\\\/secure.gravatar.com\\\/avatar\\\/1bafbd8e305be4e2283d46a8fff54cb985609dc6aa7d411732b0aa27164930c7?s=96&d=mm&r=g\",\"contentUrl\":\"https:\\\/\\\/secure.gravatar.com\\\/avatar\\\/1bafbd8e305be4e2283d46a8fff54cb985609dc6aa7d411732b0aa27164930c7?s=96&d=mm&r=g\",\"caption\":\"varmdo2\"},\"url\":\"https:\\\/\\\/wp.kristdemokraterna.se\\\/varmdo\\\/author\\\/varmdo2\\\/\"}]}<\/script>\n<!-- \/ Yoast SEO plugin. -->","yoast_head_json":{"title":"Han vill g\u00f6ra skillnad - Kristdemokraterna i V\u00e4rmd\u00f6","robots":{"index":"index","follow":"follow","max-snippet":"max-snippet:-1","max-image-preview":"max-image-preview:large","max-video-preview":"max-video-preview:-1"},"canonical":"https:\/\/wp.kristdemokraterna.se\/varmdo\/han-vill-gora-skillnad\/","og_locale":"sv_SE","og_type":"article","og_title":"Han vill g\u00f6ra skillnad - Kristdemokraterna i V\u00e4rmd\u00f6","og_description":"M\u00f6t Peter Br\u00e4nnstr\u00f6m, femma p\u00e5 Kristdemokraternas lista och nyvald som ordf\u00f6rande i V\u00e5rd- och omsorgsn\u00e4mnden i V\u00e4rmd\u00f6. En man som aldrig varit r\u00e4dd f\u00f6r att ge sig ut i det ok\u00e4nda och som i dag blandar konsultverksamheter \u00e5t ryskt och serbisk industri med ordf\u00f6randeskapet i V\u00e5rd- och omsorgsn\u00e4mnden. Peter Br\u00e4nnstr\u00f6m, L\u00f6jvik, har p\u00e5 kort tid Read More","og_url":"https:\/\/wp.kristdemokraterna.se\/varmdo\/han-vill-gora-skillnad\/","og_site_name":"Kristdemokraterna i V\u00e4rmd\u00f6","article_published_time":"2018-05-28T13:23:14+00:00","article_modified_time":"2022-04-14T16:22:17+00:00","og_image":[{"url":"http:\/\/wp.kristdemokraterna.se\/varmdo\/files\/2018\/05\/kd-v-26-300x215.jpg","type":"","width":"","height":""}],"author":"varmdo2","twitter_card":"summary_large_image","twitter_misc":{"Skriven av":"varmdo2","Ber\u00e4knad l\u00e4stid":"5 minuter"},"schema":{"@context":"https:\/\/schema.org","@graph":[{"@type":"Article","@id":"https:\/\/wp.kristdemokraterna.se\/varmdo\/han-vill-gora-skillnad\/#article","isPartOf":{"@id":"https:\/\/wp.kristdemokraterna.se\/varmdo\/han-vill-gora-skillnad\/"},"author":{"name":"varmdo2","@id":"https:\/\/wp.kristdemokraterna.se\/varmdo\/#\/schema\/person\/5d91fdc9241ce697cd2d61884eaa3629"},"headline":"Han vill g\u00f6ra skillnad","datePublished":"2018-05-28T13:23:14+00:00","dateModified":"2022-04-14T16:22:17+00:00","mainEntityOfPage":{"@id":"https:\/\/wp.kristdemokraterna.se\/varmdo\/han-vill-gora-skillnad\/"},"wordCount":963,"image":{"@id":"https:\/\/wp.kristdemokraterna.se\/varmdo\/han-vill-gora-skillnad\/#primaryimage"},"thumbnailUrl":"http:\/\/wp.kristdemokraterna.se\/varmdo\/files\/2018\/05\/kd-v-26-300x215.jpg","inLanguage":"sv-SE"},{"@type":"WebPage","@id":"https:\/\/wp.kristdemokraterna.se\/varmdo\/han-vill-gora-skillnad\/","url":"https:\/\/wp.kristdemokraterna.se\/varmdo\/han-vill-gora-skillnad\/","name":"Han vill g\u00f6ra skillnad - Kristdemokraterna i V\u00e4rmd\u00f6","isPartOf":{"@id":"https:\/\/wp.kristdemokraterna.se\/varmdo\/#website"},"primaryImageOfPage":{"@id":"https:\/\/wp.kristdemokraterna.se\/varmdo\/han-vill-gora-skillnad\/#primaryimage"},"image":{"@id":"https:\/\/wp.kristdemokraterna.se\/varmdo\/han-vill-gora-skillnad\/#primaryimage"},"thumbnailUrl":"http:\/\/wp.kristdemokraterna.se\/varmdo\/files\/2018\/05\/kd-v-26-300x215.jpg","datePublished":"2018-05-28T13:23:14+00:00","dateModified":"2022-04-14T16:22:17+00:00","author":{"@id":"https:\/\/wp.kristdemokraterna.se\/varmdo\/#\/schema\/person\/5d91fdc9241ce697cd2d61884eaa3629"},"breadcrumb":{"@id":"https:\/\/wp.kristdemokraterna.se\/varmdo\/han-vill-gora-skillnad\/#breadcrumb"},"inLanguage":"sv-SE","potentialAction":[{"@type":"ReadAction","target":["https:\/\/wp.kristdemokraterna.se\/varmdo\/han-vill-gora-skillnad\/"]}]},{"@type":"ImageObject","inLanguage":"sv-SE","@id":"https:\/\/wp.kristdemokraterna.se\/varmdo\/han-vill-gora-skillnad\/#primaryimage","url":"http:\/\/wp.kristdemokraterna.se\/varmdo\/files\/2018\/05\/kd-v-26-300x215.jpg","contentUrl":"http:\/\/wp.kristdemokraterna.se\/varmdo\/files\/2018\/05\/kd-v-26-300x215.jpg"},{"@type":"BreadcrumbList","@id":"https:\/\/wp.kristdemokraterna.se\/varmdo\/han-vill-gora-skillnad\/#breadcrumb","itemListElement":[{"@type":"ListItem","position":1,"name":"Hem","item":"https:\/\/wp.kristdemokraterna.se\/varmdo\/"},{"@type":"ListItem","position":2,"name":"Han vill g\u00f6ra skillnad"}]},{"@type":"WebSite","@id":"https:\/\/wp.kristdemokraterna.se\/varmdo\/#website","url":"https:\/\/wp.kristdemokraterna.se\/varmdo\/","name":"Kristdemokraterna i V\u00e4rmd\u00f6","description":"En till Kristdemokraterna webbplats","inLanguage":"sv-SE"},{"@type":"Person","@id":"https:\/\/wp.kristdemokraterna.se\/varmdo\/#\/schema\/person\/5d91fdc9241ce697cd2d61884eaa3629","name":"varmdo2","image":{"@type":"ImageObject","inLanguage":"sv-SE","@id":"https:\/\/secure.gravatar.com\/avatar\/1bafbd8e305be4e2283d46a8fff54cb985609dc6aa7d411732b0aa27164930c7?s=96&d=mm&r=g","url":"https:\/\/secure.gravatar.com\/avatar\/1bafbd8e305be4e2283d46a8fff54cb985609dc6aa7d411732b0aa27164930c7?s=96&d=mm&r=g","contentUrl":"https:\/\/secure.gravatar.com\/avatar\/1bafbd8e305be4e2283d46a8fff54cb985609dc6aa7d411732b0aa27164930c7?s=96&d=mm&r=g","caption":"varmdo2"},"url":"https:\/\/wp.kristdemokraterna.se\/varmdo\/author\/varmdo2\/"}]}},"_links":{"self":[{"href":"https:\/\/wp.kristdemokraterna.se\/varmdo\/wp-json\/wp\/v2\/posts\/771","targetHints":{"allow":["GET"]}}],"collection":[{"href":"https:\/\/wp.kristdemokraterna.se\/varmdo\/wp-json\/wp\/v2\/posts"}],"about":[{"href":"https:\/\/wp.kristdemokraterna.se\/varmdo\/wp-json\/wp\/v2\/types\/post"}],"author":[{"embeddable":true,"href":"https:\/\/wp.kristdemokraterna.se\/varmdo\/wp-json\/wp\/v2\/users\/771"}],"replies":[{"embeddable":true,"href":"https:\/\/wp.kristdemokraterna.se\/varmdo\/wp-json\/wp\/v2\/comments?post=771"}],"version-history":[{"count":3,"href":"https:\/\/wp.kristdemokraterna.se\/varmdo\/wp-json\/wp\/v2\/posts\/771\/revisions"}],"predecessor-version":[{"id":776,"href":"https:\/\/wp.kristdemokraterna.se\/varmdo\/wp-json\/wp\/v2\/posts\/771\/revisions\/776"}],"wp:attachment":[{"href":"https:\/\/wp.kristdemokraterna.se\/varmdo\/wp-json\/wp\/v2\/media?parent=771"}],"wp:term":[{"taxonomy":"category","embeddable":true,"href":"https:\/\/wp.kristdemokraterna.se\/varmdo\/wp-json\/wp\/v2\/categories?post=771"},{"taxonomy":"post_tag","embeddable":true,"href":"https:\/\/wp.kristdemokraterna.se\/varmdo\/wp-json\/wp\/v2\/tags?post=771"}],"curies":[{"name":"wp","href":"https:\/\/api.w.org\/{rel}","templated":true}]}}