{"id":793,"date":"2018-06-03T10:55:05","date_gmt":"2018-06-03T08:55:05","guid":{"rendered":"http:\/\/wp.kristdemokraterna.se\/varmdo\/?p=793"},"modified":"2022-04-14T18:22:02","modified_gmt":"2022-04-14T16:22:02","slug":"med-rotter-i-partiets-barndom","status":"publish","type":"post","link":"https:\/\/wp.kristdemokraterna.se\/varmdo\/med-rotter-i-partiets-barndom\/","title":{"rendered":"Med r\u00f6tter i partiets barndom"},"content":{"rendered":"<p>Hon \u00e4r en av v\u00e5ra nyaste medlemmar i V\u00e4rmd\u00f6, men hon \u00e4r ingalunda ny i partiet, och hennes farfar var en av grundarna 1964. M\u00f6t Madeleine Stjernstr\u00f6m, plats 4 p\u00e5 v\u00e5r lista till kommunfullm\u00e4ktigevalet den 9 september.<\/p>\n<p>&nbsp;<\/p>\n<p><strong>Ber\u00e4tta lite om dig sj\u00e4lv, vem \u00e4r du?<\/strong><\/p>\n<p>-Jag \u00e4r en glad och positiv person. Jag \u00e4r mycket intresserad av att \u00e5ka till och uppt\u00e4cka nya platser, tr\u00e4ffa nya m\u00e4nniskor och l\u00e4ra mig nya saker. \u00c4r organisat\u00f6r ut i fingerspetsarna och \u00e4lskar att vara spindeln i n\u00e4tet. \u00c4r den som alltid ordnar med planeringen och aktiviteter i min v\u00e4nskapskrets vilket jag \u00e4lskar. \u00c4r en prestigel\u00f6s person som v\u00e4rnar om de som har det lite s\u00e4mre.<\/p>\n<p><strong>Hur l\u00e4nge har du varit medlem i Kristdemokraterna?<\/strong><\/p>\n<p>-Jag blev medlem i Kristdemokraterna och KDU 2006, var d\u00e5 16 \u00e5r. B\u00f6rjade engagera mig i KDU Stockholm stad och var bland annat vice ordf\u00f6rande f\u00f6r distriktet. N\u00e4r jag skulle fylla 19 \u00e5r flyttade jag till J\u00f6nk\u00f6ping f\u00f6r att plugga och b\u00f6rjade d\u00e4r jobba som ombudsman f\u00f6r KDU. Jobbade som ombudsman i 1,5 \u00e5r parallellt med studierna. N\u00e4r jag sedan flyttade hem till Stockholm igen 2012 b\u00f6rjade jag engagera mig mer i Kristdemokraterna.<\/p>\n<p><strong>Varf\u00f6r blev det Kristdemokraterna?<\/strong><\/p>\n<p>-Hela min familj \u00e4r engagerad i Kristdemokraterna. Min farfar var med och bildade partiet 1964. Sedan b\u00f6rjade \u00e4ven min pappa engagera sig. Har d\u00e4rmed varit med p\u00e5 olika partiaktiviteter och \u00e5rsm\u00f6ten \u00e4nda sedan jag f\u00f6ddes. N\u00e4r jag sj\u00e4lv sedan blev \u00e4ldre var det naturligt f\u00f6r mig att engagera mig politiskt och Kristdemokraterna l\u00e5g d\u00e5 varmt om hj\u00e4rtat.<\/p>\n<p><strong>Du \u00e4r inte f\u00f6dd i V\u00e4rmd\u00f6, va?<\/strong><\/p>\n<p>-Det st\u00e4mmer. \u00c4r f\u00f6dd och uppvuxen i V\u00e4sterort n\u00e4rmare best\u00e4mt i Sp\u00e5nga.<\/p>\n<p><strong>Vad g\u00f6r du helst n\u00e4r du kopplar av?<\/strong><\/p>\n<p>-Jag umg\u00e5s g\u00e4rna med familj och v\u00e4nner.<\/p>\n<p><strong>Har du n\u00e5gra speciella politiska fr\u00e5gor du brinner f\u00f6r?<\/strong><\/p>\n<p>-Ja, de fr\u00e5gor som jag brinner extra mycket f\u00f6r inom politiken \u00e4r fr\u00e5gor som r\u00f6r de mest utsatta i v\u00e5rt samh\u00e4lle och runt om i v\u00e4rlden.<\/p>\n<p><strong>Om du vore statsminister f\u00f6r en dag, vad vore det f\u00f6rsta beslutet du skulle fatta d\u00e5?<\/strong><\/p>\n<p>-Jag skulle \u00e4ndra reglerna g\u00e4llande LSS (Lagen om st\u00f6d och service till vissa funktionshindrade). Den senaste tidens inskr\u00e4nkningar inom st\u00f6det till personer med funktionsneds\u00e4ttning och deras anh\u00f6riga \u00e4r alarmerande.<\/p>\n<p><strong>Vad tycker du \u00e4r b\u00e4st med V\u00e4rmd\u00f6?<\/strong><\/p>\n<p>-N\u00e4rheten till havet och den underbara naturen.<\/p>\n<p><strong>S\u00e4mst? <\/strong><\/p>\n<p>&#8211;\u00a0\u00a0\u00a0\u00a0\u00a0\u00a0 Hmm sv\u00e5rt. Har sv\u00e5rt att komma p\u00e5 n\u00e5gonting som jag tycker \u00e4r d\u00e5ligt men skulle \u00f6nska fler cykelv\u00e4gar.<\/p>\n<p><img loading=\"lazy\" decoding=\"async\" class=\"alignnone size-medium wp-image-794\" src=\"http:\/\/wp.kristdemokraterna.se\/varmdo\/files\/2018\/06\/kd-v-33-300x208.jpg\" alt=\"\" width=\"300\" height=\"208\" srcset=\"https:\/\/wp.kristdemokraterna.se\/varmdo\/files\/2018\/06\/kd-v-33-300x208.jpg 300w, https:\/\/wp.kristdemokraterna.se\/varmdo\/files\/2018\/06\/kd-v-33-768x533.jpg 768w, https:\/\/wp.kristdemokraterna.se\/varmdo\/files\/2018\/06\/kd-v-33-1024x711.jpg 1024w, https:\/\/wp.kristdemokraterna.se\/varmdo\/files\/2018\/06\/kd-v-33-288x200.jpg 288w, https:\/\/wp.kristdemokraterna.se\/varmdo\/files\/2018\/06\/kd-v-33-370x257.jpg 370w, https:\/\/wp.kristdemokraterna.se\/varmdo\/files\/2018\/06\/kd-v-33-770x535.jpg 770w, https:\/\/wp.kristdemokraterna.se\/varmdo\/files\/2018\/06\/kd-v-33-450x312.jpg 450w, https:\/\/wp.kristdemokraterna.se\/varmdo\/files\/2018\/06\/kd-v-33-280x194.jpg 280w, https:\/\/wp.kristdemokraterna.se\/varmdo\/files\/2018\/06\/kd-v-33-340x236.jpg 340w, https:\/\/wp.kristdemokraterna.se\/varmdo\/files\/2018\/06\/kd-v-33-200x139.jpg 200w, https:\/\/wp.kristdemokraterna.se\/varmdo\/files\/2018\/06\/kd-v-33-81x56.jpg 81w\" sizes=\"auto, (max-width: 300px) 100vw, 300px\" \/><\/p>\n<p><strong>Fr\u00e5gor till Madeleine Stjernstr\u00f6m<\/strong><\/p>\n<p>Namn: Madeleine Stjernstr\u00f6m<\/p>\n<p>\u00c5lder: 28 \u00e5r<\/p>\n<p>Bor: Stavsn\u00e4s<\/p>\n<p>Familj: Man och son p\u00e5 drygt 1 \u00e5r<\/p>\n<p>Intressen: Gillar att vara ute i naturen och promenera, tr\u00e4ffa familj och v\u00e4nner, tr\u00e4na. Bjuder g\u00e4rna hem folk p\u00e5 middagar. Gillar \u00e4ven musik och har sjungit i k\u00f6r i m\u00e5nga \u00e5r men \u00e4r inte med i n\u00e5gon just nu.<\/p>\n<p>Yrke: Kommunikat\u00f6r p\u00e5 Svenska R\u00f6da Korset<\/p>\n<p>Bakgrund: Har pluggat p\u00e5 H\u00f6gskolan i J\u00f6nk\u00f6ping och tagit en kandidatexamen i Medie- och kommunikationsvetenskap med inrikting organisationskommunikation. Sista terminen p\u00e5 utbildningen pluggade jag i USA n\u00e4rmare best\u00e4mt i Wilmington i North Carolina. Innan jag b\u00f6rjade p\u00e5 Svenska R\u00f6da Korset jobbade jag p\u00e5 Posten med postens digitala tj\u00e4nster och support och marknadsf\u00f6ring av dessa.<\/p>\n<p>Aktuell som : nummer 4 p\u00e5 Kristdemokraterna V\u00e4rmd\u00f6s kommunlista<\/p>\n<p><strong>3 snabba<\/strong><\/p>\n<p>Vatten\u00a0\u00a0\u00a0\u00a0\u00a0\u00a0\u00a0\u00a0\u00a0\u00a0\u00a0\u00a0\u00a0\u00a0\u00a0\u00a0\u00a0\u00a0\u00a0\u00a0\u00a0\u00a0\u00a0\u00a0\u00a0\u00a0\u00a0\u00a0\u00a0\u00a0\u00a0\u00a0 <strong><u>Vin<\/u><\/strong><\/p>\n<p>Fixa i tr\u00e4dg\u00e5rden \u00a0 \u00a0 \u00a0 \u00a0 \u00a0 \u00a0\u00a0 <strong><u>Slappa i h\u00e4ngmattan<\/u><\/strong><\/p>\n<p><strong><u>Kent<\/u><\/strong>\u00a0\u00a0\u00a0\u00a0\u00a0\u00a0\u00a0\u00a0\u00a0\u00a0\u00a0\u00a0\u00a0\u00a0\u00a0\u00a0\u00a0\u00a0\u00a0\u00a0\u00a0\u00a0\u00a0\u00a0\u00a0\u00a0\u00a0\u00a0\u00a0\u00a0\u00a0\u00a0\u00a0\u00a0\u00a0 Beethoven<\/p>\n","protected":false},"excerpt":{"rendered":"<p>Hon \u00e4r en av v\u00e5ra nyaste medlemmar i V\u00e4rmd\u00f6, men hon \u00e4r ingalunda ny i partiet, och hennes farfar var en av grundarna 1964. M\u00f6t Madeleine Stjernstr\u00f6m, plats 4 p\u00e5 v\u00e5r lista till kommunfullm\u00e4ktigevalet den 9 september. &nbsp; Ber\u00e4tta lite om dig sj\u00e4lv, vem \u00e4r du? -Jag \u00e4r en glad och positiv person. Jag \u00e4r <a class=\"read-more-link\" href=\"https:\/\/wp.kristdemokraterna.se\/varmdo\/med-rotter-i-partiets-barndom\/\">Read More<\/a><\/p>\n","protected":false},"author":771,"featured_media":0,"comment_status":"closed","ping_status":"closed","sticky":false,"template":"","format":"standard","meta":{"_acf_changed":false,"footnotes":""},"categories":[1],"tags":[],"class_list":["post-793","post","type-post","status-publish","format-standard","hentry","category-okategoriserade"],"acf":[],"yoast_head":"<!-- This site is optimized with the Yoast SEO plugin v27.4 - https:\/\/yoast.com\/product\/yoast-seo-wordpress\/ -->\n<title>Med r\u00f6tter i partiets barndom - Kristdemokraterna i V\u00e4rmd\u00f6<\/title>\n<meta name=\"robots\" content=\"index, follow, max-snippet:-1, max-image-preview:large, max-video-preview:-1\" \/>\n<link rel=\"canonical\" href=\"https:\/\/wp.kristdemokraterna.se\/varmdo\/med-rotter-i-partiets-barndom\/\" \/>\n<meta property=\"og:locale\" content=\"sv_SE\" \/>\n<meta property=\"og:type\" content=\"article\" \/>\n<meta property=\"og:title\" content=\"Med r\u00f6tter i partiets barndom - Kristdemokraterna i V\u00e4rmd\u00f6\" \/>\n<meta property=\"og:description\" content=\"Hon \u00e4r en av v\u00e5ra nyaste medlemmar i V\u00e4rmd\u00f6, men hon \u00e4r ingalunda ny i partiet, och hennes farfar var en av grundarna 1964. M\u00f6t Madeleine Stjernstr\u00f6m, plats 4 p\u00e5 v\u00e5r lista till kommunfullm\u00e4ktigevalet den 9 september. &nbsp; Ber\u00e4tta lite om dig sj\u00e4lv, vem \u00e4r du? -Jag \u00e4r en glad och positiv person. Jag \u00e4r Read More\" \/>\n<meta property=\"og:url\" content=\"https:\/\/wp.kristdemokraterna.se\/varmdo\/med-rotter-i-partiets-barndom\/\" \/>\n<meta property=\"og:site_name\" content=\"Kristdemokraterna i V\u00e4rmd\u00f6\" \/>\n<meta property=\"article:published_time\" content=\"2018-06-03T08:55:05+00:00\" \/>\n<meta property=\"article:modified_time\" content=\"2022-04-14T16:22:02+00:00\" \/>\n<meta property=\"og:image\" content=\"http:\/\/wp.kristdemokraterna.se\/varmdo\/files\/2018\/06\/kd-v-33-300x208.jpg\" \/>\n<meta name=\"author\" content=\"varmdo2\" \/>\n<meta name=\"twitter:card\" content=\"summary_large_image\" \/>\n<meta name=\"twitter:label1\" content=\"Skriven av\" \/>\n\t<meta name=\"twitter:data1\" content=\"varmdo2\" \/>\n\t<meta name=\"twitter:label2\" content=\"Ber\u00e4knad l\u00e4stid\" \/>\n\t<meta name=\"twitter:data2\" content=\"3 minuter\" \/>\n<script type=\"application\/ld+json\" class=\"yoast-schema-graph\">{\"@context\":\"https:\\\/\\\/schema.org\",\"@graph\":[{\"@type\":\"Article\",\"@id\":\"https:\\\/\\\/wp.kristdemokraterna.se\\\/varmdo\\\/med-rotter-i-partiets-barndom\\\/#article\",\"isPartOf\":{\"@id\":\"https:\\\/\\\/wp.kristdemokraterna.se\\\/varmdo\\\/med-rotter-i-partiets-barndom\\\/\"},\"author\":{\"name\":\"varmdo2\",\"@id\":\"https:\\\/\\\/wp.kristdemokraterna.se\\\/varmdo\\\/#\\\/schema\\\/person\\\/5d91fdc9241ce697cd2d61884eaa3629\"},\"headline\":\"Med r\u00f6tter i partiets barndom\",\"datePublished\":\"2018-06-03T08:55:05+00:00\",\"dateModified\":\"2022-04-14T16:22:02+00:00\",\"mainEntityOfPage\":{\"@id\":\"https:\\\/\\\/wp.kristdemokraterna.se\\\/varmdo\\\/med-rotter-i-partiets-barndom\\\/\"},\"wordCount\":643,\"image\":{\"@id\":\"https:\\\/\\\/wp.kristdemokraterna.se\\\/varmdo\\\/med-rotter-i-partiets-barndom\\\/#primaryimage\"},\"thumbnailUrl\":\"http:\\\/\\\/wp.kristdemokraterna.se\\\/varmdo\\\/files\\\/2018\\\/06\\\/kd-v-33-300x208.jpg\",\"inLanguage\":\"sv-SE\"},{\"@type\":\"WebPage\",\"@id\":\"https:\\\/\\\/wp.kristdemokraterna.se\\\/varmdo\\\/med-rotter-i-partiets-barndom\\\/\",\"url\":\"https:\\\/\\\/wp.kristdemokraterna.se\\\/varmdo\\\/med-rotter-i-partiets-barndom\\\/\",\"name\":\"Med r\u00f6tter i partiets barndom - Kristdemokraterna i V\u00e4rmd\u00f6\",\"isPartOf\":{\"@id\":\"https:\\\/\\\/wp.kristdemokraterna.se\\\/varmdo\\\/#website\"},\"primaryImageOfPage\":{\"@id\":\"https:\\\/\\\/wp.kristdemokraterna.se\\\/varmdo\\\/med-rotter-i-partiets-barndom\\\/#primaryimage\"},\"image\":{\"@id\":\"https:\\\/\\\/wp.kristdemokraterna.se\\\/varmdo\\\/med-rotter-i-partiets-barndom\\\/#primaryimage\"},\"thumbnailUrl\":\"http:\\\/\\\/wp.kristdemokraterna.se\\\/varmdo\\\/files\\\/2018\\\/06\\\/kd-v-33-300x208.jpg\",\"datePublished\":\"2018-06-03T08:55:05+00:00\",\"dateModified\":\"2022-04-14T16:22:02+00:00\",\"author\":{\"@id\":\"https:\\\/\\\/wp.kristdemokraterna.se\\\/varmdo\\\/#\\\/schema\\\/person\\\/5d91fdc9241ce697cd2d61884eaa3629\"},\"breadcrumb\":{\"@id\":\"https:\\\/\\\/wp.kristdemokraterna.se\\\/varmdo\\\/med-rotter-i-partiets-barndom\\\/#breadcrumb\"},\"inLanguage\":\"sv-SE\",\"potentialAction\":[{\"@type\":\"ReadAction\",\"target\":[\"https:\\\/\\\/wp.kristdemokraterna.se\\\/varmdo\\\/med-rotter-i-partiets-barndom\\\/\"]}]},{\"@type\":\"ImageObject\",\"inLanguage\":\"sv-SE\",\"@id\":\"https:\\\/\\\/wp.kristdemokraterna.se\\\/varmdo\\\/med-rotter-i-partiets-barndom\\\/#primaryimage\",\"url\":\"http:\\\/\\\/wp.kristdemokraterna.se\\\/varmdo\\\/files\\\/2018\\\/06\\\/kd-v-33-300x208.jpg\",\"contentUrl\":\"http:\\\/\\\/wp.kristdemokraterna.se\\\/varmdo\\\/files\\\/2018\\\/06\\\/kd-v-33-300x208.jpg\"},{\"@type\":\"BreadcrumbList\",\"@id\":\"https:\\\/\\\/wp.kristdemokraterna.se\\\/varmdo\\\/med-rotter-i-partiets-barndom\\\/#breadcrumb\",\"itemListElement\":[{\"@type\":\"ListItem\",\"position\":1,\"name\":\"Hem\",\"item\":\"https:\\\/\\\/wp.kristdemokraterna.se\\\/varmdo\\\/\"},{\"@type\":\"ListItem\",\"position\":2,\"name\":\"Med r\u00f6tter i partiets barndom\"}]},{\"@type\":\"WebSite\",\"@id\":\"https:\\\/\\\/wp.kristdemokraterna.se\\\/varmdo\\\/#website\",\"url\":\"https:\\\/\\\/wp.kristdemokraterna.se\\\/varmdo\\\/\",\"name\":\"Kristdemokraterna i V\u00e4rmd\u00f6\",\"description\":\"En till Kristdemokraterna webbplats\",\"inLanguage\":\"sv-SE\"},{\"@type\":\"Person\",\"@id\":\"https:\\\/\\\/wp.kristdemokraterna.se\\\/varmdo\\\/#\\\/schema\\\/person\\\/5d91fdc9241ce697cd2d61884eaa3629\",\"name\":\"varmdo2\",\"image\":{\"@type\":\"ImageObject\",\"inLanguage\":\"sv-SE\",\"@id\":\"https:\\\/\\\/secure.gravatar.com\\\/avatar\\\/1bafbd8e305be4e2283d46a8fff54cb985609dc6aa7d411732b0aa27164930c7?s=96&d=mm&r=g\",\"url\":\"https:\\\/\\\/secure.gravatar.com\\\/avatar\\\/1bafbd8e305be4e2283d46a8fff54cb985609dc6aa7d411732b0aa27164930c7?s=96&d=mm&r=g\",\"contentUrl\":\"https:\\\/\\\/secure.gravatar.com\\\/avatar\\\/1bafbd8e305be4e2283d46a8fff54cb985609dc6aa7d411732b0aa27164930c7?s=96&d=mm&r=g\",\"caption\":\"varmdo2\"},\"url\":\"https:\\\/\\\/wp.kristdemokraterna.se\\\/varmdo\\\/author\\\/varmdo2\\\/\"}]}<\/script>\n<!-- \/ Yoast SEO plugin. -->","yoast_head_json":{"title":"Med r\u00f6tter i partiets barndom - Kristdemokraterna i V\u00e4rmd\u00f6","robots":{"index":"index","follow":"follow","max-snippet":"max-snippet:-1","max-image-preview":"max-image-preview:large","max-video-preview":"max-video-preview:-1"},"canonical":"https:\/\/wp.kristdemokraterna.se\/varmdo\/med-rotter-i-partiets-barndom\/","og_locale":"sv_SE","og_type":"article","og_title":"Med r\u00f6tter i partiets barndom - Kristdemokraterna i V\u00e4rmd\u00f6","og_description":"Hon \u00e4r en av v\u00e5ra nyaste medlemmar i V\u00e4rmd\u00f6, men hon \u00e4r ingalunda ny i partiet, och hennes farfar var en av grundarna 1964. M\u00f6t Madeleine Stjernstr\u00f6m, plats 4 p\u00e5 v\u00e5r lista till kommunfullm\u00e4ktigevalet den 9 september. &nbsp; Ber\u00e4tta lite om dig sj\u00e4lv, vem \u00e4r du? -Jag \u00e4r en glad och positiv person. Jag \u00e4r Read More","og_url":"https:\/\/wp.kristdemokraterna.se\/varmdo\/med-rotter-i-partiets-barndom\/","og_site_name":"Kristdemokraterna i V\u00e4rmd\u00f6","article_published_time":"2018-06-03T08:55:05+00:00","article_modified_time":"2022-04-14T16:22:02+00:00","og_image":[{"url":"http:\/\/wp.kristdemokraterna.se\/varmdo\/files\/2018\/06\/kd-v-33-300x208.jpg","type":"","width":"","height":""}],"author":"varmdo2","twitter_card":"summary_large_image","twitter_misc":{"Skriven av":"varmdo2","Ber\u00e4knad l\u00e4stid":"3 minuter"},"schema":{"@context":"https:\/\/schema.org","@graph":[{"@type":"Article","@id":"https:\/\/wp.kristdemokraterna.se\/varmdo\/med-rotter-i-partiets-barndom\/#article","isPartOf":{"@id":"https:\/\/wp.kristdemokraterna.se\/varmdo\/med-rotter-i-partiets-barndom\/"},"author":{"name":"varmdo2","@id":"https:\/\/wp.kristdemokraterna.se\/varmdo\/#\/schema\/person\/5d91fdc9241ce697cd2d61884eaa3629"},"headline":"Med r\u00f6tter i partiets barndom","datePublished":"2018-06-03T08:55:05+00:00","dateModified":"2022-04-14T16:22:02+00:00","mainEntityOfPage":{"@id":"https:\/\/wp.kristdemokraterna.se\/varmdo\/med-rotter-i-partiets-barndom\/"},"wordCount":643,"image":{"@id":"https:\/\/wp.kristdemokraterna.se\/varmdo\/med-rotter-i-partiets-barndom\/#primaryimage"},"thumbnailUrl":"http:\/\/wp.kristdemokraterna.se\/varmdo\/files\/2018\/06\/kd-v-33-300x208.jpg","inLanguage":"sv-SE"},{"@type":"WebPage","@id":"https:\/\/wp.kristdemokraterna.se\/varmdo\/med-rotter-i-partiets-barndom\/","url":"https:\/\/wp.kristdemokraterna.se\/varmdo\/med-rotter-i-partiets-barndom\/","name":"Med r\u00f6tter i partiets barndom - Kristdemokraterna i V\u00e4rmd\u00f6","isPartOf":{"@id":"https:\/\/wp.kristdemokraterna.se\/varmdo\/#website"},"primaryImageOfPage":{"@id":"https:\/\/wp.kristdemokraterna.se\/varmdo\/med-rotter-i-partiets-barndom\/#primaryimage"},"image":{"@id":"https:\/\/wp.kristdemokraterna.se\/varmdo\/med-rotter-i-partiets-barndom\/#primaryimage"},"thumbnailUrl":"http:\/\/wp.kristdemokraterna.se\/varmdo\/files\/2018\/06\/kd-v-33-300x208.jpg","datePublished":"2018-06-03T08:55:05+00:00","dateModified":"2022-04-14T16:22:02+00:00","author":{"@id":"https:\/\/wp.kristdemokraterna.se\/varmdo\/#\/schema\/person\/5d91fdc9241ce697cd2d61884eaa3629"},"breadcrumb":{"@id":"https:\/\/wp.kristdemokraterna.se\/varmdo\/med-rotter-i-partiets-barndom\/#breadcrumb"},"inLanguage":"sv-SE","potentialAction":[{"@type":"ReadAction","target":["https:\/\/wp.kristdemokraterna.se\/varmdo\/med-rotter-i-partiets-barndom\/"]}]},{"@type":"ImageObject","inLanguage":"sv-SE","@id":"https:\/\/wp.kristdemokraterna.se\/varmdo\/med-rotter-i-partiets-barndom\/#primaryimage","url":"http:\/\/wp.kristdemokraterna.se\/varmdo\/files\/2018\/06\/kd-v-33-300x208.jpg","contentUrl":"http:\/\/wp.kristdemokraterna.se\/varmdo\/files\/2018\/06\/kd-v-33-300x208.jpg"},{"@type":"BreadcrumbList","@id":"https:\/\/wp.kristdemokraterna.se\/varmdo\/med-rotter-i-partiets-barndom\/#breadcrumb","itemListElement":[{"@type":"ListItem","position":1,"name":"Hem","item":"https:\/\/wp.kristdemokraterna.se\/varmdo\/"},{"@type":"ListItem","position":2,"name":"Med r\u00f6tter i partiets barndom"}]},{"@type":"WebSite","@id":"https:\/\/wp.kristdemokraterna.se\/varmdo\/#website","url":"https:\/\/wp.kristdemokraterna.se\/varmdo\/","name":"Kristdemokraterna i V\u00e4rmd\u00f6","description":"En till Kristdemokraterna webbplats","inLanguage":"sv-SE"},{"@type":"Person","@id":"https:\/\/wp.kristdemokraterna.se\/varmdo\/#\/schema\/person\/5d91fdc9241ce697cd2d61884eaa3629","name":"varmdo2","image":{"@type":"ImageObject","inLanguage":"sv-SE","@id":"https:\/\/secure.gravatar.com\/avatar\/1bafbd8e305be4e2283d46a8fff54cb985609dc6aa7d411732b0aa27164930c7?s=96&d=mm&r=g","url":"https:\/\/secure.gravatar.com\/avatar\/1bafbd8e305be4e2283d46a8fff54cb985609dc6aa7d411732b0aa27164930c7?s=96&d=mm&r=g","contentUrl":"https:\/\/secure.gravatar.com\/avatar\/1bafbd8e305be4e2283d46a8fff54cb985609dc6aa7d411732b0aa27164930c7?s=96&d=mm&r=g","caption":"varmdo2"},"url":"https:\/\/wp.kristdemokraterna.se\/varmdo\/author\/varmdo2\/"}]}},"_links":{"self":[{"href":"https:\/\/wp.kristdemokraterna.se\/varmdo\/wp-json\/wp\/v2\/posts\/793","targetHints":{"allow":["GET"]}}],"collection":[{"href":"https:\/\/wp.kristdemokraterna.se\/varmdo\/wp-json\/wp\/v2\/posts"}],"about":[{"href":"https:\/\/wp.kristdemokraterna.se\/varmdo\/wp-json\/wp\/v2\/types\/post"}],"author":[{"embeddable":true,"href":"https:\/\/wp.kristdemokraterna.se\/varmdo\/wp-json\/wp\/v2\/users\/771"}],"replies":[{"embeddable":true,"href":"https:\/\/wp.kristdemokraterna.se\/varmdo\/wp-json\/wp\/v2\/comments?post=793"}],"version-history":[{"count":5,"href":"https:\/\/wp.kristdemokraterna.se\/varmdo\/wp-json\/wp\/v2\/posts\/793\/revisions"}],"predecessor-version":[{"id":802,"href":"https:\/\/wp.kristdemokraterna.se\/varmdo\/wp-json\/wp\/v2\/posts\/793\/revisions\/802"}],"wp:attachment":[{"href":"https:\/\/wp.kristdemokraterna.se\/varmdo\/wp-json\/wp\/v2\/media?parent=793"}],"wp:term":[{"taxonomy":"category","embeddable":true,"href":"https:\/\/wp.kristdemokraterna.se\/varmdo\/wp-json\/wp\/v2\/categories?post=793"},{"taxonomy":"post_tag","embeddable":true,"href":"https:\/\/wp.kristdemokraterna.se\/varmdo\/wp-json\/wp\/v2\/tags?post=793"}],"curies":[{"name":"wp","href":"https:\/\/api.w.org\/{rel}","templated":true}]}}