{"id":914,"date":"2019-01-24T14:13:14","date_gmt":"2019-01-24T13:13:14","guid":{"rendered":"http:\/\/wp.kristdemokraterna.se\/varmdo\/?p=914"},"modified":"2022-04-14T18:07:30","modified_gmt":"2022-04-14T16:07:30","slug":"valkommen-till-vart-arsmote","status":"publish","type":"post","link":"https:\/\/wp.kristdemokraterna.se\/varmdo\/valkommen-till-vart-arsmote\/","title":{"rendered":"V\u00e4lkommen till v\u00e5rt \u00e5rsm\u00f6te"},"content":{"rendered":"<p>Torsdag 31 januari \u00e4r det dags f\u00f6r \u00e5rsm\u00f6te med Kristdemokraterna i V\u00e4rmd\u00f6.<\/p>\n<div>Vi bjuder p\u00e5 fika fr\u00e5n kl.17.30 och kl.18\u00a0inleder\u00a0Camilla Brodin, Kristdemokraternas energipolitiska talesperson m\u00f6tet. Hon\u00a0ber\u00e4ttar om sina tankar kring\u00a0hur Sverige ska klara elf\u00f6rs\u00f6rjningen fram\u00f6ver. Samt hur det \u00e4r att vara ny i riksdagen och sina f\u00f6rsta intryck efter den politiska turbulenta h\u00f6sten 2018.<\/div>\n<div><\/div>\n<div>Varmt v\u00e4lkommen!<\/div>\n<div><\/div>\n<div>Plats: Kommunhuset, Skogsbo, Kanholmsfj\u00e4rden<\/div>\n<div>OSA: Senast 28 januari till: <a target=\"_blank\" rel=\"noopener\">anders.josephsson@gmail.com<\/a><\/div>\n","protected":false},"excerpt":{"rendered":"<p>Torsdag 31 januari \u00e4r det dags f\u00f6r \u00e5rsm\u00f6te med Kristdemokraterna i V\u00e4rmd\u00f6. Vi bjuder p\u00e5 fika fr\u00e5n kl.17.30 och kl.18\u00a0inleder\u00a0Camilla Brodin, Kristdemokraternas energipolitiska talesperson m\u00f6tet. Hon\u00a0ber\u00e4ttar om sina tankar kring\u00a0hur Sverige ska klara elf\u00f6rs\u00f6rjningen fram\u00f6ver. Samt hur det \u00e4r att vara ny i riksdagen och sina f\u00f6rsta intryck efter den politiska turbulenta h\u00f6sten 2018. Varmt <a class=\"read-more-link\" href=\"https:\/\/wp.kristdemokraterna.se\/varmdo\/valkommen-till-vart-arsmote\/\">Read More<\/a><\/p>\n","protected":false},"author":771,"featured_media":0,"comment_status":"closed","ping_status":"closed","sticky":false,"template":"","format":"standard","meta":{"_acf_changed":false,"footnotes":""},"categories":[13],"tags":[],"class_list":["post-914","post","type-post","status-publish","format-standard","hentry","category-arkiv"],"acf":[],"yoast_head":"<!-- This site is optimized with the Yoast SEO plugin v27.4 - https:\/\/yoast.com\/product\/yoast-seo-wordpress\/ -->\n<title>V\u00e4lkommen till v\u00e5rt \u00e5rsm\u00f6te - Kristdemokraterna i V\u00e4rmd\u00f6<\/title>\n<meta name=\"robots\" content=\"index, follow, max-snippet:-1, max-image-preview:large, max-video-preview:-1\" \/>\n<link rel=\"canonical\" href=\"https:\/\/wp.kristdemokraterna.se\/varmdo\/valkommen-till-vart-arsmote\/\" \/>\n<meta property=\"og:locale\" content=\"sv_SE\" \/>\n<meta property=\"og:type\" content=\"article\" \/>\n<meta property=\"og:title\" content=\"V\u00e4lkommen till v\u00e5rt \u00e5rsm\u00f6te - Kristdemokraterna i V\u00e4rmd\u00f6\" \/>\n<meta property=\"og:description\" content=\"Torsdag 31 januari \u00e4r det dags f\u00f6r \u00e5rsm\u00f6te med Kristdemokraterna i V\u00e4rmd\u00f6. Vi bjuder p\u00e5 fika fr\u00e5n kl.17.30 och kl.18\u00a0inleder\u00a0Camilla Brodin, Kristdemokraternas energipolitiska talesperson m\u00f6tet. Hon\u00a0ber\u00e4ttar om sina tankar kring\u00a0hur Sverige ska klara elf\u00f6rs\u00f6rjningen fram\u00f6ver. Samt hur det \u00e4r att vara ny i riksdagen och sina f\u00f6rsta intryck efter den politiska turbulenta h\u00f6sten 2018. Varmt Read More\" \/>\n<meta property=\"og:url\" content=\"https:\/\/wp.kristdemokraterna.se\/varmdo\/valkommen-till-vart-arsmote\/\" \/>\n<meta property=\"og:site_name\" content=\"Kristdemokraterna i V\u00e4rmd\u00f6\" \/>\n<meta property=\"article:published_time\" content=\"2019-01-24T13:13:14+00:00\" \/>\n<meta property=\"article:modified_time\" content=\"2022-04-14T16:07:30+00:00\" \/>\n<meta name=\"author\" content=\"varmdo2\" \/>\n<meta name=\"twitter:card\" content=\"summary_large_image\" \/>\n<meta name=\"twitter:label1\" content=\"Skriven av\" \/>\n\t<meta name=\"twitter:data1\" content=\"varmdo2\" \/>\n<script type=\"application\/ld+json\" class=\"yoast-schema-graph\">{\"@context\":\"https:\\\/\\\/schema.org\",\"@graph\":[{\"@type\":\"Article\",\"@id\":\"https:\\\/\\\/wp.kristdemokraterna.se\\\/varmdo\\\/valkommen-till-vart-arsmote\\\/#article\",\"isPartOf\":{\"@id\":\"https:\\\/\\\/wp.kristdemokraterna.se\\\/varmdo\\\/valkommen-till-vart-arsmote\\\/\"},\"author\":{\"name\":\"varmdo2\",\"@id\":\"https:\\\/\\\/wp.kristdemokraterna.se\\\/varmdo\\\/#\\\/schema\\\/person\\\/5d91fdc9241ce697cd2d61884eaa3629\"},\"headline\":\"V\u00e4lkommen till v\u00e5rt \u00e5rsm\u00f6te\",\"datePublished\":\"2019-01-24T13:13:14+00:00\",\"dateModified\":\"2022-04-14T16:07:30+00:00\",\"mainEntityOfPage\":{\"@id\":\"https:\\\/\\\/wp.kristdemokraterna.se\\\/varmdo\\\/valkommen-till-vart-arsmote\\\/\"},\"wordCount\":90,\"articleSection\":[\"Arkiv\"],\"inLanguage\":\"sv-SE\"},{\"@type\":\"WebPage\",\"@id\":\"https:\\\/\\\/wp.kristdemokraterna.se\\\/varmdo\\\/valkommen-till-vart-arsmote\\\/\",\"url\":\"https:\\\/\\\/wp.kristdemokraterna.se\\\/varmdo\\\/valkommen-till-vart-arsmote\\\/\",\"name\":\"V\u00e4lkommen till v\u00e5rt \u00e5rsm\u00f6te - Kristdemokraterna i V\u00e4rmd\u00f6\",\"isPartOf\":{\"@id\":\"https:\\\/\\\/wp.kristdemokraterna.se\\\/varmdo\\\/#website\"},\"datePublished\":\"2019-01-24T13:13:14+00:00\",\"dateModified\":\"2022-04-14T16:07:30+00:00\",\"author\":{\"@id\":\"https:\\\/\\\/wp.kristdemokraterna.se\\\/varmdo\\\/#\\\/schema\\\/person\\\/5d91fdc9241ce697cd2d61884eaa3629\"},\"breadcrumb\":{\"@id\":\"https:\\\/\\\/wp.kristdemokraterna.se\\\/varmdo\\\/valkommen-till-vart-arsmote\\\/#breadcrumb\"},\"inLanguage\":\"sv-SE\",\"potentialAction\":[{\"@type\":\"ReadAction\",\"target\":[\"https:\\\/\\\/wp.kristdemokraterna.se\\\/varmdo\\\/valkommen-till-vart-arsmote\\\/\"]}]},{\"@type\":\"BreadcrumbList\",\"@id\":\"https:\\\/\\\/wp.kristdemokraterna.se\\\/varmdo\\\/valkommen-till-vart-arsmote\\\/#breadcrumb\",\"itemListElement\":[{\"@type\":\"ListItem\",\"position\":1,\"name\":\"Hem\",\"item\":\"https:\\\/\\\/wp.kristdemokraterna.se\\\/varmdo\\\/\"},{\"@type\":\"ListItem\",\"position\":2,\"name\":\"V\u00e4lkommen till v\u00e5rt \u00e5rsm\u00f6te\"}]},{\"@type\":\"WebSite\",\"@id\":\"https:\\\/\\\/wp.kristdemokraterna.se\\\/varmdo\\\/#website\",\"url\":\"https:\\\/\\\/wp.kristdemokraterna.se\\\/varmdo\\\/\",\"name\":\"Kristdemokraterna i V\u00e4rmd\u00f6\",\"description\":\"En till Kristdemokraterna webbplats\",\"inLanguage\":\"sv-SE\"},{\"@type\":\"Person\",\"@id\":\"https:\\\/\\\/wp.kristdemokraterna.se\\\/varmdo\\\/#\\\/schema\\\/person\\\/5d91fdc9241ce697cd2d61884eaa3629\",\"name\":\"varmdo2\",\"image\":{\"@type\":\"ImageObject\",\"inLanguage\":\"sv-SE\",\"@id\":\"https:\\\/\\\/secure.gravatar.com\\\/avatar\\\/1bafbd8e305be4e2283d46a8fff54cb985609dc6aa7d411732b0aa27164930c7?s=96&d=mm&r=g\",\"url\":\"https:\\\/\\\/secure.gravatar.com\\\/avatar\\\/1bafbd8e305be4e2283d46a8fff54cb985609dc6aa7d411732b0aa27164930c7?s=96&d=mm&r=g\",\"contentUrl\":\"https:\\\/\\\/secure.gravatar.com\\\/avatar\\\/1bafbd8e305be4e2283d46a8fff54cb985609dc6aa7d411732b0aa27164930c7?s=96&d=mm&r=g\",\"caption\":\"varmdo2\"},\"url\":\"https:\\\/\\\/wp.kristdemokraterna.se\\\/varmdo\\\/author\\\/varmdo2\\\/\"}]}<\/script>\n<!-- \/ Yoast SEO plugin. -->","yoast_head_json":{"title":"V\u00e4lkommen till v\u00e5rt \u00e5rsm\u00f6te - Kristdemokraterna i V\u00e4rmd\u00f6","robots":{"index":"index","follow":"follow","max-snippet":"max-snippet:-1","max-image-preview":"max-image-preview:large","max-video-preview":"max-video-preview:-1"},"canonical":"https:\/\/wp.kristdemokraterna.se\/varmdo\/valkommen-till-vart-arsmote\/","og_locale":"sv_SE","og_type":"article","og_title":"V\u00e4lkommen till v\u00e5rt \u00e5rsm\u00f6te - Kristdemokraterna i V\u00e4rmd\u00f6","og_description":"Torsdag 31 januari \u00e4r det dags f\u00f6r \u00e5rsm\u00f6te med Kristdemokraterna i V\u00e4rmd\u00f6. Vi bjuder p\u00e5 fika fr\u00e5n kl.17.30 och kl.18\u00a0inleder\u00a0Camilla Brodin, Kristdemokraternas energipolitiska talesperson m\u00f6tet. Hon\u00a0ber\u00e4ttar om sina tankar kring\u00a0hur Sverige ska klara elf\u00f6rs\u00f6rjningen fram\u00f6ver. Samt hur det \u00e4r att vara ny i riksdagen och sina f\u00f6rsta intryck efter den politiska turbulenta h\u00f6sten 2018. Varmt Read More","og_url":"https:\/\/wp.kristdemokraterna.se\/varmdo\/valkommen-till-vart-arsmote\/","og_site_name":"Kristdemokraterna i V\u00e4rmd\u00f6","article_published_time":"2019-01-24T13:13:14+00:00","article_modified_time":"2022-04-14T16:07:30+00:00","author":"varmdo2","twitter_card":"summary_large_image","twitter_misc":{"Skriven av":"varmdo2"},"schema":{"@context":"https:\/\/schema.org","@graph":[{"@type":"Article","@id":"https:\/\/wp.kristdemokraterna.se\/varmdo\/valkommen-till-vart-arsmote\/#article","isPartOf":{"@id":"https:\/\/wp.kristdemokraterna.se\/varmdo\/valkommen-till-vart-arsmote\/"},"author":{"name":"varmdo2","@id":"https:\/\/wp.kristdemokraterna.se\/varmdo\/#\/schema\/person\/5d91fdc9241ce697cd2d61884eaa3629"},"headline":"V\u00e4lkommen till v\u00e5rt \u00e5rsm\u00f6te","datePublished":"2019-01-24T13:13:14+00:00","dateModified":"2022-04-14T16:07:30+00:00","mainEntityOfPage":{"@id":"https:\/\/wp.kristdemokraterna.se\/varmdo\/valkommen-till-vart-arsmote\/"},"wordCount":90,"articleSection":["Arkiv"],"inLanguage":"sv-SE"},{"@type":"WebPage","@id":"https:\/\/wp.kristdemokraterna.se\/varmdo\/valkommen-till-vart-arsmote\/","url":"https:\/\/wp.kristdemokraterna.se\/varmdo\/valkommen-till-vart-arsmote\/","name":"V\u00e4lkommen till v\u00e5rt \u00e5rsm\u00f6te - Kristdemokraterna i V\u00e4rmd\u00f6","isPartOf":{"@id":"https:\/\/wp.kristdemokraterna.se\/varmdo\/#website"},"datePublished":"2019-01-24T13:13:14+00:00","dateModified":"2022-04-14T16:07:30+00:00","author":{"@id":"https:\/\/wp.kristdemokraterna.se\/varmdo\/#\/schema\/person\/5d91fdc9241ce697cd2d61884eaa3629"},"breadcrumb":{"@id":"https:\/\/wp.kristdemokraterna.se\/varmdo\/valkommen-till-vart-arsmote\/#breadcrumb"},"inLanguage":"sv-SE","potentialAction":[{"@type":"ReadAction","target":["https:\/\/wp.kristdemokraterna.se\/varmdo\/valkommen-till-vart-arsmote\/"]}]},{"@type":"BreadcrumbList","@id":"https:\/\/wp.kristdemokraterna.se\/varmdo\/valkommen-till-vart-arsmote\/#breadcrumb","itemListElement":[{"@type":"ListItem","position":1,"name":"Hem","item":"https:\/\/wp.kristdemokraterna.se\/varmdo\/"},{"@type":"ListItem","position":2,"name":"V\u00e4lkommen till v\u00e5rt \u00e5rsm\u00f6te"}]},{"@type":"WebSite","@id":"https:\/\/wp.kristdemokraterna.se\/varmdo\/#website","url":"https:\/\/wp.kristdemokraterna.se\/varmdo\/","name":"Kristdemokraterna i V\u00e4rmd\u00f6","description":"En till Kristdemokraterna webbplats","inLanguage":"sv-SE"},{"@type":"Person","@id":"https:\/\/wp.kristdemokraterna.se\/varmdo\/#\/schema\/person\/5d91fdc9241ce697cd2d61884eaa3629","name":"varmdo2","image":{"@type":"ImageObject","inLanguage":"sv-SE","@id":"https:\/\/secure.gravatar.com\/avatar\/1bafbd8e305be4e2283d46a8fff54cb985609dc6aa7d411732b0aa27164930c7?s=96&d=mm&r=g","url":"https:\/\/secure.gravatar.com\/avatar\/1bafbd8e305be4e2283d46a8fff54cb985609dc6aa7d411732b0aa27164930c7?s=96&d=mm&r=g","contentUrl":"https:\/\/secure.gravatar.com\/avatar\/1bafbd8e305be4e2283d46a8fff54cb985609dc6aa7d411732b0aa27164930c7?s=96&d=mm&r=g","caption":"varmdo2"},"url":"https:\/\/wp.kristdemokraterna.se\/varmdo\/author\/varmdo2\/"}]}},"_links":{"self":[{"href":"https:\/\/wp.kristdemokraterna.se\/varmdo\/wp-json\/wp\/v2\/posts\/914","targetHints":{"allow":["GET"]}}],"collection":[{"href":"https:\/\/wp.kristdemokraterna.se\/varmdo\/wp-json\/wp\/v2\/posts"}],"about":[{"href":"https:\/\/wp.kristdemokraterna.se\/varmdo\/wp-json\/wp\/v2\/types\/post"}],"author":[{"embeddable":true,"href":"https:\/\/wp.kristdemokraterna.se\/varmdo\/wp-json\/wp\/v2\/users\/771"}],"replies":[{"embeddable":true,"href":"https:\/\/wp.kristdemokraterna.se\/varmdo\/wp-json\/wp\/v2\/comments?post=914"}],"version-history":[{"count":7,"href":"https:\/\/wp.kristdemokraterna.se\/varmdo\/wp-json\/wp\/v2\/posts\/914\/revisions"}],"predecessor-version":[{"id":1066,"href":"https:\/\/wp.kristdemokraterna.se\/varmdo\/wp-json\/wp\/v2\/posts\/914\/revisions\/1066"}],"wp:attachment":[{"href":"https:\/\/wp.kristdemokraterna.se\/varmdo\/wp-json\/wp\/v2\/media?parent=914"}],"wp:term":[{"taxonomy":"category","embeddable":true,"href":"https:\/\/wp.kristdemokraterna.se\/varmdo\/wp-json\/wp\/v2\/categories?post=914"},{"taxonomy":"post_tag","embeddable":true,"href":"https:\/\/wp.kristdemokraterna.se\/varmdo\/wp-json\/wp\/v2\/tags?post=914"}],"curies":[{"name":"wp","href":"https:\/\/api.w.org\/{rel}","templated":true}]}}