{"id":963,"date":"2019-04-25T15:55:33","date_gmt":"2019-04-25T13:55:33","guid":{"rendered":"http:\/\/wp.kristdemokraterna.se\/varmdo\/?p=963"},"modified":"2022-04-14T18:20:50","modified_gmt":"2022-04-14T16:20:50","slug":"valkommen-pa-eu-valdebatt-13-maj-kl-18-20","status":"publish","type":"post","link":"https:\/\/wp.kristdemokraterna.se\/varmdo\/valkommen-pa-eu-valdebatt-13-maj-kl-18-20\/","title":{"rendered":"V\u00e4lkommen p\u00e5 EU-valdebatt 13 maj kl.18-20"},"content":{"rendered":"<p>Majoritet f\u00f6r V\u00e4rmd\u00f6 bjuder in alla V\u00e4rmd\u00f6bor till EU-debatt! Kristdemokraterna representeras av Ella Bohlin.<\/p>\n<p><span lang=\"SV\">Den 26 maj \u00e4r det EU-val och en m\u00f6jlighet att g\u00f6ra din r\u00f6st h\u00f6rd! <\/span><span lang=\"SV\">Vill du f\u00e5 mer information om de stora EU-fr\u00e5gorna som trygghet, klimat, migration, handel samt EU:s framtid? D\u00e5 ska du inte missa EU-valdebatten den 13 maj kl.18-20.<\/span><\/p>\n<p><span lang=\"SV\">EU-kandidater fr\u00e5n alla \u00e5tta riksdagspartierna kommer debattera, bland dessa finns flera toppnamn. Fredrick Federly (C), Arba Kokalari (M), Lorentz Tovatt (Mp), Ella Bohlin (KD), Said Abdu (L), Andrine Winther (S), Jens Holm (V) och Peter Lundgren (SD).<br \/>\n<\/span><\/p>\n<p><span lang=\"SV\">Begr\u00e4nsat antal platser, s\u00e5 s\u00e4kra din plats redan nu! Gratis entr\u00e9<br \/>\nSkicka din anm\u00e4lan till: linda.jacobsson@varmdo.se<\/span><span lang=\"SV\"><br \/>\n<\/span><\/p>\n<p>&nbsp;<\/p>\n","protected":false},"excerpt":{"rendered":"<p>Majoritet f\u00f6r V\u00e4rmd\u00f6 bjuder in alla V\u00e4rmd\u00f6bor till EU-debatt! Kristdemokraterna representeras av Ella Bohlin. Den 26 maj \u00e4r det EU-val och en m\u00f6jlighet att g\u00f6ra din r\u00f6st h\u00f6rd! Vill du f\u00e5 mer information om de stora EU-fr\u00e5gorna som trygghet, klimat, migration, handel samt EU:s framtid? D\u00e5 ska du inte missa EU-valdebatten den 13 maj kl.18-20. <a class=\"read-more-link\" href=\"https:\/\/wp.kristdemokraterna.se\/varmdo\/valkommen-pa-eu-valdebatt-13-maj-kl-18-20\/\">Read More<\/a><\/p>\n","protected":false},"author":771,"featured_media":0,"comment_status":"closed","ping_status":"closed","sticky":false,"template":"","format":"standard","meta":{"_acf_changed":false,"footnotes":""},"categories":[13],"tags":[],"class_list":["post-963","post","type-post","status-publish","format-standard","hentry","category-arkiv"],"acf":[],"yoast_head":"<!-- This site is optimized with the Yoast SEO plugin v27.4 - https:\/\/yoast.com\/product\/yoast-seo-wordpress\/ -->\n<title>V\u00e4lkommen p\u00e5 EU-valdebatt 13 maj kl.18-20 - Kristdemokraterna i V\u00e4rmd\u00f6<\/title>\n<meta name=\"robots\" content=\"index, follow, max-snippet:-1, max-image-preview:large, max-video-preview:-1\" \/>\n<link rel=\"canonical\" href=\"https:\/\/wp.kristdemokraterna.se\/varmdo\/valkommen-pa-eu-valdebatt-13-maj-kl-18-20\/\" \/>\n<meta property=\"og:locale\" content=\"sv_SE\" \/>\n<meta property=\"og:type\" content=\"article\" \/>\n<meta property=\"og:title\" content=\"V\u00e4lkommen p\u00e5 EU-valdebatt 13 maj kl.18-20 - Kristdemokraterna i V\u00e4rmd\u00f6\" \/>\n<meta property=\"og:description\" content=\"Majoritet f\u00f6r V\u00e4rmd\u00f6 bjuder in alla V\u00e4rmd\u00f6bor till EU-debatt! Kristdemokraterna representeras av Ella Bohlin. Den 26 maj \u00e4r det EU-val och en m\u00f6jlighet att g\u00f6ra din r\u00f6st h\u00f6rd! Vill du f\u00e5 mer information om de stora EU-fr\u00e5gorna som trygghet, klimat, migration, handel samt EU:s framtid? D\u00e5 ska du inte missa EU-valdebatten den 13 maj kl.18-20. Read More\" \/>\n<meta property=\"og:url\" content=\"https:\/\/wp.kristdemokraterna.se\/varmdo\/valkommen-pa-eu-valdebatt-13-maj-kl-18-20\/\" \/>\n<meta property=\"og:site_name\" content=\"Kristdemokraterna i V\u00e4rmd\u00f6\" \/>\n<meta property=\"article:published_time\" content=\"2019-04-25T13:55:33+00:00\" \/>\n<meta property=\"article:modified_time\" content=\"2022-04-14T16:20:50+00:00\" \/>\n<meta name=\"author\" content=\"varmdo2\" \/>\n<meta name=\"twitter:card\" content=\"summary_large_image\" \/>\n<meta name=\"twitter:label1\" content=\"Skriven av\" \/>\n\t<meta name=\"twitter:data1\" content=\"varmdo2\" \/>\n\t<meta name=\"twitter:label2\" content=\"Ber\u00e4knad l\u00e4stid\" \/>\n\t<meta name=\"twitter:data2\" content=\"1 minut\" \/>\n<script type=\"application\/ld+json\" class=\"yoast-schema-graph\">{\"@context\":\"https:\\\/\\\/schema.org\",\"@graph\":[{\"@type\":\"Article\",\"@id\":\"https:\\\/\\\/wp.kristdemokraterna.se\\\/varmdo\\\/valkommen-pa-eu-valdebatt-13-maj-kl-18-20\\\/#article\",\"isPartOf\":{\"@id\":\"https:\\\/\\\/wp.kristdemokraterna.se\\\/varmdo\\\/valkommen-pa-eu-valdebatt-13-maj-kl-18-20\\\/\"},\"author\":{\"name\":\"varmdo2\",\"@id\":\"https:\\\/\\\/wp.kristdemokraterna.se\\\/varmdo\\\/#\\\/schema\\\/person\\\/5d91fdc9241ce697cd2d61884eaa3629\"},\"headline\":\"V\u00e4lkommen p\u00e5 EU-valdebatt 13 maj kl.18-20\",\"datePublished\":\"2019-04-25T13:55:33+00:00\",\"dateModified\":\"2022-04-14T16:20:50+00:00\",\"mainEntityOfPage\":{\"@id\":\"https:\\\/\\\/wp.kristdemokraterna.se\\\/varmdo\\\/valkommen-pa-eu-valdebatt-13-maj-kl-18-20\\\/\"},\"wordCount\":132,\"articleSection\":[\"Arkiv\"],\"inLanguage\":\"sv-SE\"},{\"@type\":\"WebPage\",\"@id\":\"https:\\\/\\\/wp.kristdemokraterna.se\\\/varmdo\\\/valkommen-pa-eu-valdebatt-13-maj-kl-18-20\\\/\",\"url\":\"https:\\\/\\\/wp.kristdemokraterna.se\\\/varmdo\\\/valkommen-pa-eu-valdebatt-13-maj-kl-18-20\\\/\",\"name\":\"V\u00e4lkommen p\u00e5 EU-valdebatt 13 maj kl.18-20 - Kristdemokraterna i V\u00e4rmd\u00f6\",\"isPartOf\":{\"@id\":\"https:\\\/\\\/wp.kristdemokraterna.se\\\/varmdo\\\/#website\"},\"datePublished\":\"2019-04-25T13:55:33+00:00\",\"dateModified\":\"2022-04-14T16:20:50+00:00\",\"author\":{\"@id\":\"https:\\\/\\\/wp.kristdemokraterna.se\\\/varmdo\\\/#\\\/schema\\\/person\\\/5d91fdc9241ce697cd2d61884eaa3629\"},\"breadcrumb\":{\"@id\":\"https:\\\/\\\/wp.kristdemokraterna.se\\\/varmdo\\\/valkommen-pa-eu-valdebatt-13-maj-kl-18-20\\\/#breadcrumb\"},\"inLanguage\":\"sv-SE\",\"potentialAction\":[{\"@type\":\"ReadAction\",\"target\":[\"https:\\\/\\\/wp.kristdemokraterna.se\\\/varmdo\\\/valkommen-pa-eu-valdebatt-13-maj-kl-18-20\\\/\"]}]},{\"@type\":\"BreadcrumbList\",\"@id\":\"https:\\\/\\\/wp.kristdemokraterna.se\\\/varmdo\\\/valkommen-pa-eu-valdebatt-13-maj-kl-18-20\\\/#breadcrumb\",\"itemListElement\":[{\"@type\":\"ListItem\",\"position\":1,\"name\":\"Hem\",\"item\":\"https:\\\/\\\/wp.kristdemokraterna.se\\\/varmdo\\\/\"},{\"@type\":\"ListItem\",\"position\":2,\"name\":\"V\u00e4lkommen p\u00e5 EU-valdebatt 13 maj kl.18-20\"}]},{\"@type\":\"WebSite\",\"@id\":\"https:\\\/\\\/wp.kristdemokraterna.se\\\/varmdo\\\/#website\",\"url\":\"https:\\\/\\\/wp.kristdemokraterna.se\\\/varmdo\\\/\",\"name\":\"Kristdemokraterna i V\u00e4rmd\u00f6\",\"description\":\"En till Kristdemokraterna webbplats\",\"inLanguage\":\"sv-SE\"},{\"@type\":\"Person\",\"@id\":\"https:\\\/\\\/wp.kristdemokraterna.se\\\/varmdo\\\/#\\\/schema\\\/person\\\/5d91fdc9241ce697cd2d61884eaa3629\",\"name\":\"varmdo2\",\"image\":{\"@type\":\"ImageObject\",\"inLanguage\":\"sv-SE\",\"@id\":\"https:\\\/\\\/secure.gravatar.com\\\/avatar\\\/1bafbd8e305be4e2283d46a8fff54cb985609dc6aa7d411732b0aa27164930c7?s=96&d=mm&r=g\",\"url\":\"https:\\\/\\\/secure.gravatar.com\\\/avatar\\\/1bafbd8e305be4e2283d46a8fff54cb985609dc6aa7d411732b0aa27164930c7?s=96&d=mm&r=g\",\"contentUrl\":\"https:\\\/\\\/secure.gravatar.com\\\/avatar\\\/1bafbd8e305be4e2283d46a8fff54cb985609dc6aa7d411732b0aa27164930c7?s=96&d=mm&r=g\",\"caption\":\"varmdo2\"},\"url\":\"https:\\\/\\\/wp.kristdemokraterna.se\\\/varmdo\\\/author\\\/varmdo2\\\/\"}]}<\/script>\n<!-- \/ Yoast SEO plugin. -->","yoast_head_json":{"title":"V\u00e4lkommen p\u00e5 EU-valdebatt 13 maj kl.18-20 - Kristdemokraterna i V\u00e4rmd\u00f6","robots":{"index":"index","follow":"follow","max-snippet":"max-snippet:-1","max-image-preview":"max-image-preview:large","max-video-preview":"max-video-preview:-1"},"canonical":"https:\/\/wp.kristdemokraterna.se\/varmdo\/valkommen-pa-eu-valdebatt-13-maj-kl-18-20\/","og_locale":"sv_SE","og_type":"article","og_title":"V\u00e4lkommen p\u00e5 EU-valdebatt 13 maj kl.18-20 - Kristdemokraterna i V\u00e4rmd\u00f6","og_description":"Majoritet f\u00f6r V\u00e4rmd\u00f6 bjuder in alla V\u00e4rmd\u00f6bor till EU-debatt! Kristdemokraterna representeras av Ella Bohlin. Den 26 maj \u00e4r det EU-val och en m\u00f6jlighet att g\u00f6ra din r\u00f6st h\u00f6rd! Vill du f\u00e5 mer information om de stora EU-fr\u00e5gorna som trygghet, klimat, migration, handel samt EU:s framtid? D\u00e5 ska du inte missa EU-valdebatten den 13 maj kl.18-20. Read More","og_url":"https:\/\/wp.kristdemokraterna.se\/varmdo\/valkommen-pa-eu-valdebatt-13-maj-kl-18-20\/","og_site_name":"Kristdemokraterna i V\u00e4rmd\u00f6","article_published_time":"2019-04-25T13:55:33+00:00","article_modified_time":"2022-04-14T16:20:50+00:00","author":"varmdo2","twitter_card":"summary_large_image","twitter_misc":{"Skriven av":"varmdo2","Ber\u00e4knad l\u00e4stid":"1 minut"},"schema":{"@context":"https:\/\/schema.org","@graph":[{"@type":"Article","@id":"https:\/\/wp.kristdemokraterna.se\/varmdo\/valkommen-pa-eu-valdebatt-13-maj-kl-18-20\/#article","isPartOf":{"@id":"https:\/\/wp.kristdemokraterna.se\/varmdo\/valkommen-pa-eu-valdebatt-13-maj-kl-18-20\/"},"author":{"name":"varmdo2","@id":"https:\/\/wp.kristdemokraterna.se\/varmdo\/#\/schema\/person\/5d91fdc9241ce697cd2d61884eaa3629"},"headline":"V\u00e4lkommen p\u00e5 EU-valdebatt 13 maj kl.18-20","datePublished":"2019-04-25T13:55:33+00:00","dateModified":"2022-04-14T16:20:50+00:00","mainEntityOfPage":{"@id":"https:\/\/wp.kristdemokraterna.se\/varmdo\/valkommen-pa-eu-valdebatt-13-maj-kl-18-20\/"},"wordCount":132,"articleSection":["Arkiv"],"inLanguage":"sv-SE"},{"@type":"WebPage","@id":"https:\/\/wp.kristdemokraterna.se\/varmdo\/valkommen-pa-eu-valdebatt-13-maj-kl-18-20\/","url":"https:\/\/wp.kristdemokraterna.se\/varmdo\/valkommen-pa-eu-valdebatt-13-maj-kl-18-20\/","name":"V\u00e4lkommen p\u00e5 EU-valdebatt 13 maj kl.18-20 - Kristdemokraterna i V\u00e4rmd\u00f6","isPartOf":{"@id":"https:\/\/wp.kristdemokraterna.se\/varmdo\/#website"},"datePublished":"2019-04-25T13:55:33+00:00","dateModified":"2022-04-14T16:20:50+00:00","author":{"@id":"https:\/\/wp.kristdemokraterna.se\/varmdo\/#\/schema\/person\/5d91fdc9241ce697cd2d61884eaa3629"},"breadcrumb":{"@id":"https:\/\/wp.kristdemokraterna.se\/varmdo\/valkommen-pa-eu-valdebatt-13-maj-kl-18-20\/#breadcrumb"},"inLanguage":"sv-SE","potentialAction":[{"@type":"ReadAction","target":["https:\/\/wp.kristdemokraterna.se\/varmdo\/valkommen-pa-eu-valdebatt-13-maj-kl-18-20\/"]}]},{"@type":"BreadcrumbList","@id":"https:\/\/wp.kristdemokraterna.se\/varmdo\/valkommen-pa-eu-valdebatt-13-maj-kl-18-20\/#breadcrumb","itemListElement":[{"@type":"ListItem","position":1,"name":"Hem","item":"https:\/\/wp.kristdemokraterna.se\/varmdo\/"},{"@type":"ListItem","position":2,"name":"V\u00e4lkommen p\u00e5 EU-valdebatt 13 maj kl.18-20"}]},{"@type":"WebSite","@id":"https:\/\/wp.kristdemokraterna.se\/varmdo\/#website","url":"https:\/\/wp.kristdemokraterna.se\/varmdo\/","name":"Kristdemokraterna i V\u00e4rmd\u00f6","description":"En till Kristdemokraterna webbplats","inLanguage":"sv-SE"},{"@type":"Person","@id":"https:\/\/wp.kristdemokraterna.se\/varmdo\/#\/schema\/person\/5d91fdc9241ce697cd2d61884eaa3629","name":"varmdo2","image":{"@type":"ImageObject","inLanguage":"sv-SE","@id":"https:\/\/secure.gravatar.com\/avatar\/1bafbd8e305be4e2283d46a8fff54cb985609dc6aa7d411732b0aa27164930c7?s=96&d=mm&r=g","url":"https:\/\/secure.gravatar.com\/avatar\/1bafbd8e305be4e2283d46a8fff54cb985609dc6aa7d411732b0aa27164930c7?s=96&d=mm&r=g","contentUrl":"https:\/\/secure.gravatar.com\/avatar\/1bafbd8e305be4e2283d46a8fff54cb985609dc6aa7d411732b0aa27164930c7?s=96&d=mm&r=g","caption":"varmdo2"},"url":"https:\/\/wp.kristdemokraterna.se\/varmdo\/author\/varmdo2\/"}]}},"_links":{"self":[{"href":"https:\/\/wp.kristdemokraterna.se\/varmdo\/wp-json\/wp\/v2\/posts\/963","targetHints":{"allow":["GET"]}}],"collection":[{"href":"https:\/\/wp.kristdemokraterna.se\/varmdo\/wp-json\/wp\/v2\/posts"}],"about":[{"href":"https:\/\/wp.kristdemokraterna.se\/varmdo\/wp-json\/wp\/v2\/types\/post"}],"author":[{"embeddable":true,"href":"https:\/\/wp.kristdemokraterna.se\/varmdo\/wp-json\/wp\/v2\/users\/771"}],"replies":[{"embeddable":true,"href":"https:\/\/wp.kristdemokraterna.se\/varmdo\/wp-json\/wp\/v2\/comments?post=963"}],"version-history":[{"count":5,"href":"https:\/\/wp.kristdemokraterna.se\/varmdo\/wp-json\/wp\/v2\/posts\/963\/revisions"}],"predecessor-version":[{"id":970,"href":"https:\/\/wp.kristdemokraterna.se\/varmdo\/wp-json\/wp\/v2\/posts\/963\/revisions\/970"}],"wp:attachment":[{"href":"https:\/\/wp.kristdemokraterna.se\/varmdo\/wp-json\/wp\/v2\/media?parent=963"}],"wp:term":[{"taxonomy":"category","embeddable":true,"href":"https:\/\/wp.kristdemokraterna.se\/varmdo\/wp-json\/wp\/v2\/categories?post=963"},{"taxonomy":"post_tag","embeddable":true,"href":"https:\/\/wp.kristdemokraterna.se\/varmdo\/wp-json\/wp\/v2\/tags?post=963"}],"curies":[{"name":"wp","href":"https:\/\/api.w.org\/{rel}","templated":true}]}}