{"id":1256,"date":"2026-08-31T21:34:51","date_gmt":"2026-08-31T19:34:51","guid":{"rendered":"https:\/\/wp.kristdemokraterna.se\/varmland\/?p=1256"},"modified":"2026-08-31T21:34:51","modified_gmt":"2026-08-31T19:34:51","slug":"transparensmeddelande-kd-varmland-2","status":"publish","type":"post","link":"https:\/\/wp.kristdemokraterna.se\/varmland\/transparensmeddelande-kd-varmland-2\/","title":{"rendered":"Transparensmeddelande KD V\u00e4rmland"},"content":{"rendered":"<p>TRANSPARENSMEDDELANDE<\/p>\n<p>1. Sponsor: Kristdemokraterna i Region V\u00e4rmland, organisationsnummer 232100-0156<\/p>\n<p>E-post: varmland@kristdemokraterna.se<\/p>\n<p>Postadress: Lagergrens gata 2, 65226 Karlstad<\/p>\n<p>Enhet som betalar f\u00f6r det politiska reklammeddelandet: Kristdemokraterna i Region V\u00e4rmland, organisationsnummer 232100-0156<\/p>\n<p>E-post: varmland@kristdemokraterna.se<\/p>\n<p>Postadress: Lagergrens gata 2, 65226 Karlstad<\/p>\n<p>4. Period under vilken det politiska reklammeddelandet \u00e4r avsett att publiceras: Vecka 36 &#8211; 37, September 2026<\/p>\n<p>5. De sammanlagda beloppen och det sammanlagda v\u00e4rdet av andra f\u00f6rm\u00e5ner som erh\u00e5llits av tillhandah\u00e5llarna av politiska reklamtj\u00e4nster f\u00f6r den politiska digitala annonsen &#8221;v\u00e4lf\u00e4rd&#8221;: 25750 kr<\/p>\n<p>6. De sammanlagda beloppen och det sammanlagda v\u00e4rdet av andra f\u00f6rm\u00e5ner som erh\u00e5llits av tillhandah\u00e5llarna av politiska reklamtj\u00e4nster f\u00f6r den politiska reklamkampanjen: 450 000 kr<\/p>\n<p>7. Information om k\u00e4llan till de belopp och andra f\u00f6rm\u00e5ner som erh\u00e5llits av tillhandah\u00e5llarna av politiska reklamtj\u00e4nster: Partist\u00f6d fr\u00e5n Region V\u00e4rmland<\/p>\n<p>8. Det politiska reklammeddelandet \u00e4r kopplat till: Riksdagsval i Sverige 13 september 2026.<\/p>\n<p>9. L\u00e4nk till webbsida med officiell information om f\u00f6rfarandena f\u00f6r Riksdagsvalet 13 september 2026: www.val.se<\/p>\n<p>10. L\u00e4nk till den europeiska databasen \u00f6ver politiska reklammeddelanden online: https:\/\/political-advertising.ec.europa.eu\/<\/p>\n","protected":false},"excerpt":{"rendered":"<p>TRANSPARENSMEDDELANDE 1. Sponsor: Kristdemokraterna i Region V\u00e4rmland, organisationsnummer 232100-0156 E-post: varmland@kristdemokraterna.se Postadress: Lagergrens gata 2, 65226 Karlstad Enhet som betalar f\u00f6r det politiska reklammeddelandet: Kristdemokraterna i Region V\u00e4rmland, organisationsnummer 232100-0156 E-post: varmland@kristdemokraterna.se Postadress: Lagergrens gata 2, 65226 Karlstad 4. Period under vilken det politiska reklammeddelandet \u00e4r avsett att publiceras: Vecka 36 &#8211; 37, September 2026 <a class=\"read-more-link\" href=\"https:\/\/wp.kristdemokraterna.se\/varmland\/transparensmeddelande-kd-varmland-2\/\">Read More<\/a><\/p>\n","protected":false},"author":1072,"featured_media":0,"comment_status":"closed","ping_status":"closed","sticky":false,"template":"","format":"standard","meta":{"_acf_changed":false,"footnotes":""},"categories":[1],"tags":[],"class_list":["post-1256","post","type-post","status-publish","format-standard","hentry","category-okategoriserade"],"acf":[],"_links":{"self":[{"href":"https:\/\/wp.kristdemokraterna.se\/varmland\/wp-json\/wp\/v2\/posts\/1256","targetHints":{"allow":["GET"]}}],"collection":[{"href":"https:\/\/wp.kristdemokraterna.se\/varmland\/wp-json\/wp\/v2\/posts"}],"about":[{"href":"https:\/\/wp.kristdemokraterna.se\/varmland\/wp-json\/wp\/v2\/types\/post"}],"author":[{"embeddable":true,"href":"https:\/\/wp.kristdemokraterna.se\/varmland\/wp-json\/wp\/v2\/users\/1072"}],"replies":[{"embeddable":true,"href":"https:\/\/wp.kristdemokraterna.se\/varmland\/wp-json\/wp\/v2\/comments?post=1256"}],"version-history":[{"count":1,"href":"https:\/\/wp.kristdemokraterna.se\/varmland\/wp-json\/wp\/v2\/posts\/1256\/revisions"}],"predecessor-version":[{"id":1258,"href":"https:\/\/wp.kristdemokraterna.se\/varmland\/wp-json\/wp\/v2\/posts\/1256\/revisions\/1258"}],"wp:attachment":[{"href":"https:\/\/wp.kristdemokraterna.se\/varmland\/wp-json\/wp\/v2\/media?parent=1256"}],"wp:term":[{"taxonomy":"category","embeddable":true,"href":"https:\/\/wp.kristdemokraterna.se\/varmland\/wp-json\/wp\/v2\/categories?post=1256"},{"taxonomy":"post_tag","embeddable":true,"href":"https:\/\/wp.kristdemokraterna.se\/varmland\/wp-json\/wp\/v2\/tags?post=1256"}],"curies":[{"name":"wp","href":"https:\/\/api.w.org\/{rel}","templated":true}]}}