{"id":857,"date":"2024-05-22T12:51:33","date_gmt":"2024-05-22T10:51:33","guid":{"rendered":"https:\/\/wp.kristdemokraterna.se\/varmland\/?p=857"},"modified":"2024-08-30T12:43:44","modified_gmt":"2024-08-30T10:43:44","slug":"hela-sverige-ska-fungera","status":"publish","type":"post","link":"https:\/\/wp.kristdemokraterna.se\/varmland\/hela-sverige-ska-fungera\/","title":{"rendered":"Hela Sverige ska fungera"},"content":{"rendered":"<p>Det ska vara m\u00f6jligt att leva b\u00e5de i och utanf\u00f6r de stora st\u00e4derna. Oavsett var vi bor s\u00e5 m\u00e5ste vi kunna f\u00e5 v\u00e5rd n\u00e4r vi \u00e4r sjuka, tanka bilen, betala elen och f\u00e5 hj\u00e4lp av polisen. Vi kallar det hj\u00e4rtlandet. De stora delar av landet som ofta gl\u00f6ms bort vid politiska beslut. Hj\u00e4rtlandet \u00e4r inte en semesterplats. Det \u00e4r en levande, f\u00f6retagsam del av Sverige. M\u00e5let f\u00f6r v\u00e5r politik \u00e4r det gemensamma b\u00e4sta. Det inneb\u00e4r att hela landet ska fungera.<\/p>\n<p>F\u00f6r att f\u00f6rb\u00e4ttra hj\u00e4rtlandet vill vi:<br \/>\nS\u00e4nka skatten och minska iblandningen av biodrivmedel s\u00e5 att br\u00e4nslepriserna sjunker rej\u00e4lt.<br \/>\nSverige beh\u00f6ver sina jordbruk och sina gr\u00f6na n\u00e4ringar f\u00f6r att \u00f6ka sj\u00e4lvf\u00f6rs\u00f6rj- ningsgraden.<br \/>\nPolisen m\u00e5ste f\u00e5 m\u00f6jlighet att stoppa st\u00f6ldligorna. Sk\u00e4rp straffen f\u00f6r inbrott till minst ett \u00e5rs f\u00e4ngelse.<br \/>\nVi vill se fler poliser p\u00e5 landsbygden f\u00f6r att motverka l\u00e5nga utryckningstider.<br \/>\nFixa svenska v\u00e4gar, inte minst f\u00f6r att kunna undvika hastighetss\u00e4nkningar.<br \/>\n\u00d6ka tillg\u00e4ngligheten till v\u00e5rd p\u00e5 landsbygden genom exempelvis ambulerande v\u00e5rdcentraler.<\/p>\n<p><iframe loading=\"lazy\" title=\"KD politik - Landsbygd\" src=\"https:\/\/www.youtube.com\/embed\/0IkF-zsC16M\" width=\"560\" height=\"315\" frameborder=\"0\" allowfullscreen=\"allowfullscreen\"><\/iframe><\/p>\n","protected":false},"excerpt":{"rendered":"<p>Det ska vara m\u00f6jligt att leva b\u00e5de i och utanf\u00f6r de stora st\u00e4derna. Oavsett var vi bor s\u00e5 m\u00e5ste vi kunna f\u00e5 v\u00e5rd n\u00e4r vi \u00e4r sjuka, tanka bilen, betala elen och f\u00e5 hj\u00e4lp av polisen. Vi kallar det hj\u00e4rtlandet. De stora delar av landet som ofta gl\u00f6ms bort vid politiska beslut. Hj\u00e4rtlandet \u00e4r inte <a class=\"read-more-link\" href=\"https:\/\/wp.kristdemokraterna.se\/varmland\/hela-sverige-ska-fungera\/\">Read More<\/a><\/p>\n","protected":false},"author":444,"featured_media":0,"comment_status":"closed","ping_status":"closed","sticky":false,"template":"","format":"standard","meta":{"_acf_changed":false,"footnotes":""},"categories":[19,25,20],"tags":[],"class_list":["post-857","post","type-post","status-publish","format-standard","hentry","category-eu-val2024","category-inlagg","category-region"],"acf":[],"yoast_head":"<!-- This site is optimized with the Yoast SEO plugin v27.4 - https:\/\/yoast.com\/product\/yoast-seo-wordpress\/ -->\n<title>Hela Sverige ska fungera - Kristdemokraterna i V\u00e4rmland<\/title>\n<meta name=\"robots\" content=\"index, follow, max-snippet:-1, max-image-preview:large, max-video-preview:-1\" \/>\n<link rel=\"canonical\" href=\"https:\/\/wp.kristdemokraterna.se\/varmland\/hela-sverige-ska-fungera\/\" \/>\n<meta property=\"og:locale\" content=\"sv_SE\" \/>\n<meta property=\"og:type\" content=\"article\" \/>\n<meta property=\"og:title\" content=\"Hela Sverige ska fungera - Kristdemokraterna i V\u00e4rmland\" \/>\n<meta property=\"og:description\" content=\"Det ska vara m\u00f6jligt att leva b\u00e5de i och utanf\u00f6r de stora st\u00e4derna. Oavsett var vi bor s\u00e5 m\u00e5ste vi kunna f\u00e5 v\u00e5rd n\u00e4r vi \u00e4r sjuka, tanka bilen, betala elen och f\u00e5 hj\u00e4lp av polisen. Vi kallar det hj\u00e4rtlandet. De stora delar av landet som ofta gl\u00f6ms bort vid politiska beslut. Hj\u00e4rtlandet \u00e4r inte Read More\" \/>\n<meta property=\"og:url\" content=\"https:\/\/wp.kristdemokraterna.se\/varmland\/hela-sverige-ska-fungera\/\" \/>\n<meta property=\"og:site_name\" content=\"Kristdemokraterna i V\u00e4rmland\" \/>\n<meta property=\"article:published_time\" content=\"2024-05-22T10:51:33+00:00\" \/>\n<meta property=\"article:modified_time\" content=\"2024-08-30T10:43:44+00:00\" \/>\n<meta name=\"author\" content=\"helpdesk\" \/>\n<meta name=\"twitter:card\" content=\"summary_large_image\" \/>\n<meta name=\"twitter:label1\" content=\"Skriven av\" \/>\n\t<meta name=\"twitter:data1\" content=\"helpdesk\" \/>\n\t<meta name=\"twitter:label2\" content=\"Ber\u00e4knad l\u00e4stid\" \/>\n\t<meta name=\"twitter:data2\" content=\"1 minut\" \/>\n<script type=\"application\/ld+json\" class=\"yoast-schema-graph\">{\"@context\":\"https:\\\/\\\/schema.org\",\"@graph\":[{\"@type\":\"Article\",\"@id\":\"https:\\\/\\\/wp.kristdemokraterna.se\\\/varmland\\\/hela-sverige-ska-fungera\\\/#article\",\"isPartOf\":{\"@id\":\"https:\\\/\\\/wp.kristdemokraterna.se\\\/varmland\\\/hela-sverige-ska-fungera\\\/\"},\"author\":{\"name\":\"helpdesk\",\"@id\":\"https:\\\/\\\/wp.kristdemokraterna.se\\\/varmland\\\/#\\\/schema\\\/person\\\/98d27838d17178471da5e8a56aa604a4\"},\"headline\":\"Hela Sverige ska fungera\",\"datePublished\":\"2024-05-22T10:51:33+00:00\",\"dateModified\":\"2024-08-30T10:43:44+00:00\",\"mainEntityOfPage\":{\"@id\":\"https:\\\/\\\/wp.kristdemokraterna.se\\\/varmland\\\/hela-sverige-ska-fungera\\\/\"},\"wordCount\":208,\"articleSection\":[\"EU-val2024\",\"Inl\u00e4gg\",\"Region\"],\"inLanguage\":\"sv-SE\"},{\"@type\":\"WebPage\",\"@id\":\"https:\\\/\\\/wp.kristdemokraterna.se\\\/varmland\\\/hela-sverige-ska-fungera\\\/\",\"url\":\"https:\\\/\\\/wp.kristdemokraterna.se\\\/varmland\\\/hela-sverige-ska-fungera\\\/\",\"name\":\"Hela Sverige ska fungera - Kristdemokraterna i V\u00e4rmland\",\"isPartOf\":{\"@id\":\"https:\\\/\\\/wp.kristdemokraterna.se\\\/varmland\\\/#website\"},\"datePublished\":\"2024-05-22T10:51:33+00:00\",\"dateModified\":\"2024-08-30T10:43:44+00:00\",\"author\":{\"@id\":\"https:\\\/\\\/wp.kristdemokraterna.se\\\/varmland\\\/#\\\/schema\\\/person\\\/98d27838d17178471da5e8a56aa604a4\"},\"breadcrumb\":{\"@id\":\"https:\\\/\\\/wp.kristdemokraterna.se\\\/varmland\\\/hela-sverige-ska-fungera\\\/#breadcrumb\"},\"inLanguage\":\"sv-SE\",\"potentialAction\":[{\"@type\":\"ReadAction\",\"target\":[\"https:\\\/\\\/wp.kristdemokraterna.se\\\/varmland\\\/hela-sverige-ska-fungera\\\/\"]}]},{\"@type\":\"BreadcrumbList\",\"@id\":\"https:\\\/\\\/wp.kristdemokraterna.se\\\/varmland\\\/hela-sverige-ska-fungera\\\/#breadcrumb\",\"itemListElement\":[{\"@type\":\"ListItem\",\"position\":1,\"name\":\"Hem\",\"item\":\"https:\\\/\\\/wp.kristdemokraterna.se\\\/varmland\\\/\"},{\"@type\":\"ListItem\",\"position\":2,\"name\":\"Hela Sverige ska fungera\"}]},{\"@type\":\"WebSite\",\"@id\":\"https:\\\/\\\/wp.kristdemokraterna.se\\\/varmland\\\/#website\",\"url\":\"https:\\\/\\\/wp.kristdemokraterna.se\\\/varmland\\\/\",\"name\":\"Kristdemokraterna i V\u00e4rmland\",\"description\":\"En till Kristdemokraterna webbplats\",\"inLanguage\":\"sv-SE\"},{\"@type\":\"Person\",\"@id\":\"https:\\\/\\\/wp.kristdemokraterna.se\\\/varmland\\\/#\\\/schema\\\/person\\\/98d27838d17178471da5e8a56aa604a4\",\"name\":\"helpdesk\",\"image\":{\"@type\":\"ImageObject\",\"inLanguage\":\"sv-SE\",\"@id\":\"https:\\\/\\\/secure.gravatar.com\\\/avatar\\\/2e747bc9a7d4e5a6ecca7d851e4175129f995f3f6d9ef18734d1ff623abe4a88?s=96&d=mm&r=g\",\"url\":\"https:\\\/\\\/secure.gravatar.com\\\/avatar\\\/2e747bc9a7d4e5a6ecca7d851e4175129f995f3f6d9ef18734d1ff623abe4a88?s=96&d=mm&r=g\",\"contentUrl\":\"https:\\\/\\\/secure.gravatar.com\\\/avatar\\\/2e747bc9a7d4e5a6ecca7d851e4175129f995f3f6d9ef18734d1ff623abe4a88?s=96&d=mm&r=g\",\"caption\":\"helpdesk\"},\"url\":\"https:\\\/\\\/wp.kristdemokraterna.se\\\/varmland\\\/author\\\/helpdesk\\\/\"}]}<\/script>\n<!-- \/ Yoast SEO plugin. -->","yoast_head_json":{"title":"Hela Sverige ska fungera - Kristdemokraterna i V\u00e4rmland","robots":{"index":"index","follow":"follow","max-snippet":"max-snippet:-1","max-image-preview":"max-image-preview:large","max-video-preview":"max-video-preview:-1"},"canonical":"https:\/\/wp.kristdemokraterna.se\/varmland\/hela-sverige-ska-fungera\/","og_locale":"sv_SE","og_type":"article","og_title":"Hela Sverige ska fungera - Kristdemokraterna i V\u00e4rmland","og_description":"Det ska vara m\u00f6jligt att leva b\u00e5de i och utanf\u00f6r de stora st\u00e4derna. Oavsett var vi bor s\u00e5 m\u00e5ste vi kunna f\u00e5 v\u00e5rd n\u00e4r vi \u00e4r sjuka, tanka bilen, betala elen och f\u00e5 hj\u00e4lp av polisen. Vi kallar det hj\u00e4rtlandet. De stora delar av landet som ofta gl\u00f6ms bort vid politiska beslut. Hj\u00e4rtlandet \u00e4r inte Read More","og_url":"https:\/\/wp.kristdemokraterna.se\/varmland\/hela-sverige-ska-fungera\/","og_site_name":"Kristdemokraterna i V\u00e4rmland","article_published_time":"2024-05-22T10:51:33+00:00","article_modified_time":"2024-08-30T10:43:44+00:00","author":"helpdesk","twitter_card":"summary_large_image","twitter_misc":{"Skriven av":"helpdesk","Ber\u00e4knad l\u00e4stid":"1 minut"},"schema":{"@context":"https:\/\/schema.org","@graph":[{"@type":"Article","@id":"https:\/\/wp.kristdemokraterna.se\/varmland\/hela-sverige-ska-fungera\/#article","isPartOf":{"@id":"https:\/\/wp.kristdemokraterna.se\/varmland\/hela-sverige-ska-fungera\/"},"author":{"name":"helpdesk","@id":"https:\/\/wp.kristdemokraterna.se\/varmland\/#\/schema\/person\/98d27838d17178471da5e8a56aa604a4"},"headline":"Hela Sverige ska fungera","datePublished":"2024-05-22T10:51:33+00:00","dateModified":"2024-08-30T10:43:44+00:00","mainEntityOfPage":{"@id":"https:\/\/wp.kristdemokraterna.se\/varmland\/hela-sverige-ska-fungera\/"},"wordCount":208,"articleSection":["EU-val2024","Inl\u00e4gg","Region"],"inLanguage":"sv-SE"},{"@type":"WebPage","@id":"https:\/\/wp.kristdemokraterna.se\/varmland\/hela-sverige-ska-fungera\/","url":"https:\/\/wp.kristdemokraterna.se\/varmland\/hela-sverige-ska-fungera\/","name":"Hela Sverige ska fungera - Kristdemokraterna i V\u00e4rmland","isPartOf":{"@id":"https:\/\/wp.kristdemokraterna.se\/varmland\/#website"},"datePublished":"2024-05-22T10:51:33+00:00","dateModified":"2024-08-30T10:43:44+00:00","author":{"@id":"https:\/\/wp.kristdemokraterna.se\/varmland\/#\/schema\/person\/98d27838d17178471da5e8a56aa604a4"},"breadcrumb":{"@id":"https:\/\/wp.kristdemokraterna.se\/varmland\/hela-sverige-ska-fungera\/#breadcrumb"},"inLanguage":"sv-SE","potentialAction":[{"@type":"ReadAction","target":["https:\/\/wp.kristdemokraterna.se\/varmland\/hela-sverige-ska-fungera\/"]}]},{"@type":"BreadcrumbList","@id":"https:\/\/wp.kristdemokraterna.se\/varmland\/hela-sverige-ska-fungera\/#breadcrumb","itemListElement":[{"@type":"ListItem","position":1,"name":"Hem","item":"https:\/\/wp.kristdemokraterna.se\/varmland\/"},{"@type":"ListItem","position":2,"name":"Hela Sverige ska fungera"}]},{"@type":"WebSite","@id":"https:\/\/wp.kristdemokraterna.se\/varmland\/#website","url":"https:\/\/wp.kristdemokraterna.se\/varmland\/","name":"Kristdemokraterna i V\u00e4rmland","description":"En till Kristdemokraterna webbplats","inLanguage":"sv-SE"},{"@type":"Person","@id":"https:\/\/wp.kristdemokraterna.se\/varmland\/#\/schema\/person\/98d27838d17178471da5e8a56aa604a4","name":"helpdesk","image":{"@type":"ImageObject","inLanguage":"sv-SE","@id":"https:\/\/secure.gravatar.com\/avatar\/2e747bc9a7d4e5a6ecca7d851e4175129f995f3f6d9ef18734d1ff623abe4a88?s=96&d=mm&r=g","url":"https:\/\/secure.gravatar.com\/avatar\/2e747bc9a7d4e5a6ecca7d851e4175129f995f3f6d9ef18734d1ff623abe4a88?s=96&d=mm&r=g","contentUrl":"https:\/\/secure.gravatar.com\/avatar\/2e747bc9a7d4e5a6ecca7d851e4175129f995f3f6d9ef18734d1ff623abe4a88?s=96&d=mm&r=g","caption":"helpdesk"},"url":"https:\/\/wp.kristdemokraterna.se\/varmland\/author\/helpdesk\/"}]}},"_links":{"self":[{"href":"https:\/\/wp.kristdemokraterna.se\/varmland\/wp-json\/wp\/v2\/posts\/857","targetHints":{"allow":["GET"]}}],"collection":[{"href":"https:\/\/wp.kristdemokraterna.se\/varmland\/wp-json\/wp\/v2\/posts"}],"about":[{"href":"https:\/\/wp.kristdemokraterna.se\/varmland\/wp-json\/wp\/v2\/types\/post"}],"author":[{"embeddable":true,"href":"https:\/\/wp.kristdemokraterna.se\/varmland\/wp-json\/wp\/v2\/users\/444"}],"replies":[{"embeddable":true,"href":"https:\/\/wp.kristdemokraterna.se\/varmland\/wp-json\/wp\/v2\/comments?post=857"}],"version-history":[{"count":3,"href":"https:\/\/wp.kristdemokraterna.se\/varmland\/wp-json\/wp\/v2\/posts\/857\/revisions"}],"predecessor-version":[{"id":894,"href":"https:\/\/wp.kristdemokraterna.se\/varmland\/wp-json\/wp\/v2\/posts\/857\/revisions\/894"}],"wp:attachment":[{"href":"https:\/\/wp.kristdemokraterna.se\/varmland\/wp-json\/wp\/v2\/media?parent=857"}],"wp:term":[{"taxonomy":"category","embeddable":true,"href":"https:\/\/wp.kristdemokraterna.se\/varmland\/wp-json\/wp\/v2\/categories?post=857"},{"taxonomy":"post_tag","embeddable":true,"href":"https:\/\/wp.kristdemokraterna.se\/varmland\/wp-json\/wp\/v2\/tags?post=857"}],"curies":[{"name":"wp","href":"https:\/\/api.w.org\/{rel}","templated":true}]}}