{"id":861,"date":"2024-05-22T12:53:42","date_gmt":"2024-05-22T10:53:42","guid":{"rendered":"https:\/\/wp.kristdemokraterna.se\/varmland\/?p=861"},"modified":"2024-08-30T12:43:34","modified_gmt":"2024-08-30T10:43:34","slug":"redo-att-kapa-vardkoerna","status":"publish","type":"post","link":"https:\/\/wp.kristdemokraterna.se\/varmland\/redo-att-kapa-vardkoerna\/","title":{"rendered":"Redo att kapa v\u00e5rdk\u00f6erna"},"content":{"rendered":"<p>V\u00e5rdk\u00f6erna \u00e4r rekordl\u00e5nga. De har f\u00f6rv\u00e4rrats av pandemin, men redan f\u00f6re dess hade de f\u00f6rdubblats under Stefan L\u00f6fvens regering. Ett viktigt sk\u00e4l \u00e4r att Sveriges v\u00e5rdsystem \u00e4r f\u00f6r\u00e5ldrat. Danmarks v\u00e5rdsystem \u00e4r fr\u00e5n 2007 och Norges \u00e4r fr\u00e5n 2002. Sveriges \u00e4r fr\u00e5n 1862.<\/p>\n<p>Ist\u00e4llet f\u00f6r 21 olika regioner vill vi inf\u00f6ra ett nationellt v\u00e5rdsystem som v\u00e5ra grannl\u00e4nder redan gjort. Under tiden det sker, vill vi inr\u00e4tta en nationell v\u00e5rdf\u00f6rmedling som hj\u00e4lper m\u00e4nniskor att f\u00e5 v\u00e5rd i en annan region, om du har v\u00e4ntat f\u00f6r l\u00e4nge i din egen.<\/p>\n<p>F\u00f6r att f\u00f6rb\u00e4ttra v\u00e5rden vill vi:<br \/>\nL\u00e5ta staten ta \u00f6ver ansvaret f\u00f6r v\u00e5rden. 21 olika regioner fungerar inte l\u00e4ngre.<br \/>\nSveriges regering m\u00e5ste tills\u00e4tta stora resurser och fokusera p\u00e5 att beta av v\u00e5rdk\u00f6erna.<br \/>\nSverige beh\u00f6ver fler v\u00e5rdplatser. Vi vill inf\u00f6ra en ers\u00e4ttning till de sjukhus som klarar m\u00e5len.<br \/>\nInf\u00f6r en nationell v\u00e5rdf\u00f6rmedling f\u00f6r att snabbt b\u00f6rja komma tillr\u00e4tta med v\u00e5rdk\u00f6erna.<br \/>\nAlla ska ha r\u00e4tt till en fast l\u00e4karkontakt p\u00e5 en namngiven l\u00e4kare.<br \/>\nFlera \u00e5tg\u00e4rder f\u00f6r en f\u00f6rb\u00e4ttrad f\u00f6rlossnings- och efterv\u00e5rd.<\/p>\n<p><iframe loading=\"lazy\" title=\"KD politik - V\u00e5rd\" src=\"https:\/\/www.youtube.com\/embed\/STFfcq2RXeM\" width=\"560\" height=\"315\" frameborder=\"0\" allowfullscreen=\"allowfullscreen\"><\/iframe><\/p>\n","protected":false},"excerpt":{"rendered":"<p>V\u00e5rdk\u00f6erna \u00e4r rekordl\u00e5nga. De har f\u00f6rv\u00e4rrats av pandemin, men redan f\u00f6re dess hade de f\u00f6rdubblats under Stefan L\u00f6fvens regering. Ett viktigt sk\u00e4l \u00e4r att Sveriges v\u00e5rdsystem \u00e4r f\u00f6r\u00e5ldrat. Danmarks v\u00e5rdsystem \u00e4r fr\u00e5n 2007 och Norges \u00e4r fr\u00e5n 2002. Sveriges \u00e4r fr\u00e5n 1862. Ist\u00e4llet f\u00f6r 21 olika regioner vill vi inf\u00f6ra ett nationellt v\u00e5rdsystem som v\u00e5ra <a class=\"read-more-link\" href=\"https:\/\/wp.kristdemokraterna.se\/varmland\/redo-att-kapa-vardkoerna\/\">Read More<\/a><\/p>\n","protected":false},"author":444,"featured_media":0,"comment_status":"closed","ping_status":"closed","sticky":false,"template":"","format":"standard","meta":{"_acf_changed":false,"footnotes":""},"categories":[19,25,20],"tags":[22,21],"class_list":["post-861","post","type-post","status-publish","format-standard","hentry","category-eu-val2024","category-inlagg","category-region","tag-nationell-vardformedling","tag-vardko"],"acf":[],"yoast_head":"<!-- This site is optimized with the Yoast SEO plugin v27.4 - https:\/\/yoast.com\/product\/yoast-seo-wordpress\/ -->\n<title>Redo att kapa v\u00e5rdk\u00f6erna - Kristdemokraterna i V\u00e4rmland<\/title>\n<meta name=\"robots\" content=\"index, follow, max-snippet:-1, max-image-preview:large, max-video-preview:-1\" \/>\n<link rel=\"canonical\" href=\"https:\/\/wp.kristdemokraterna.se\/varmland\/redo-att-kapa-vardkoerna\/\" \/>\n<meta property=\"og:locale\" content=\"sv_SE\" \/>\n<meta property=\"og:type\" content=\"article\" \/>\n<meta property=\"og:title\" content=\"Redo att kapa v\u00e5rdk\u00f6erna - Kristdemokraterna i V\u00e4rmland\" \/>\n<meta property=\"og:description\" content=\"V\u00e5rdk\u00f6erna \u00e4r rekordl\u00e5nga. De har f\u00f6rv\u00e4rrats av pandemin, men redan f\u00f6re dess hade de f\u00f6rdubblats under Stefan L\u00f6fvens regering. Ett viktigt sk\u00e4l \u00e4r att Sveriges v\u00e5rdsystem \u00e4r f\u00f6r\u00e5ldrat. Danmarks v\u00e5rdsystem \u00e4r fr\u00e5n 2007 och Norges \u00e4r fr\u00e5n 2002. Sveriges \u00e4r fr\u00e5n 1862. Ist\u00e4llet f\u00f6r 21 olika regioner vill vi inf\u00f6ra ett nationellt v\u00e5rdsystem som v\u00e5ra Read More\" \/>\n<meta property=\"og:url\" content=\"https:\/\/wp.kristdemokraterna.se\/varmland\/redo-att-kapa-vardkoerna\/\" \/>\n<meta property=\"og:site_name\" content=\"Kristdemokraterna i V\u00e4rmland\" \/>\n<meta property=\"article:published_time\" content=\"2024-05-22T10:53:42+00:00\" \/>\n<meta property=\"article:modified_time\" content=\"2024-08-30T10:43:34+00:00\" \/>\n<meta name=\"author\" content=\"helpdesk\" \/>\n<meta name=\"twitter:card\" content=\"summary_large_image\" \/>\n<meta name=\"twitter:label1\" content=\"Skriven av\" \/>\n\t<meta name=\"twitter:data1\" content=\"helpdesk\" \/>\n\t<meta name=\"twitter:label2\" content=\"Ber\u00e4knad l\u00e4stid\" \/>\n\t<meta name=\"twitter:data2\" content=\"1 minut\" \/>\n<script type=\"application\/ld+json\" class=\"yoast-schema-graph\">{\"@context\":\"https:\\\/\\\/schema.org\",\"@graph\":[{\"@type\":\"Article\",\"@id\":\"https:\\\/\\\/wp.kristdemokraterna.se\\\/varmland\\\/redo-att-kapa-vardkoerna\\\/#article\",\"isPartOf\":{\"@id\":\"https:\\\/\\\/wp.kristdemokraterna.se\\\/varmland\\\/redo-att-kapa-vardkoerna\\\/\"},\"author\":{\"name\":\"helpdesk\",\"@id\":\"https:\\\/\\\/wp.kristdemokraterna.se\\\/varmland\\\/#\\\/schema\\\/person\\\/98d27838d17178471da5e8a56aa604a4\"},\"headline\":\"Redo att kapa v\u00e5rdk\u00f6erna\",\"datePublished\":\"2024-05-22T10:53:42+00:00\",\"dateModified\":\"2024-08-30T10:43:34+00:00\",\"mainEntityOfPage\":{\"@id\":\"https:\\\/\\\/wp.kristdemokraterna.se\\\/varmland\\\/redo-att-kapa-vardkoerna\\\/\"},\"wordCount\":232,\"keywords\":[\"nationell v\u00e5rdf\u00f6rmedling\",\"V\u00e5rdk\u00f6\"],\"articleSection\":[\"EU-val2024\",\"Inl\u00e4gg\",\"Region\"],\"inLanguage\":\"sv-SE\"},{\"@type\":\"WebPage\",\"@id\":\"https:\\\/\\\/wp.kristdemokraterna.se\\\/varmland\\\/redo-att-kapa-vardkoerna\\\/\",\"url\":\"https:\\\/\\\/wp.kristdemokraterna.se\\\/varmland\\\/redo-att-kapa-vardkoerna\\\/\",\"name\":\"Redo att kapa v\u00e5rdk\u00f6erna - Kristdemokraterna i V\u00e4rmland\",\"isPartOf\":{\"@id\":\"https:\\\/\\\/wp.kristdemokraterna.se\\\/varmland\\\/#website\"},\"datePublished\":\"2024-05-22T10:53:42+00:00\",\"dateModified\":\"2024-08-30T10:43:34+00:00\",\"author\":{\"@id\":\"https:\\\/\\\/wp.kristdemokraterna.se\\\/varmland\\\/#\\\/schema\\\/person\\\/98d27838d17178471da5e8a56aa604a4\"},\"breadcrumb\":{\"@id\":\"https:\\\/\\\/wp.kristdemokraterna.se\\\/varmland\\\/redo-att-kapa-vardkoerna\\\/#breadcrumb\"},\"inLanguage\":\"sv-SE\",\"potentialAction\":[{\"@type\":\"ReadAction\",\"target\":[\"https:\\\/\\\/wp.kristdemokraterna.se\\\/varmland\\\/redo-att-kapa-vardkoerna\\\/\"]}]},{\"@type\":\"BreadcrumbList\",\"@id\":\"https:\\\/\\\/wp.kristdemokraterna.se\\\/varmland\\\/redo-att-kapa-vardkoerna\\\/#breadcrumb\",\"itemListElement\":[{\"@type\":\"ListItem\",\"position\":1,\"name\":\"Hem\",\"item\":\"https:\\\/\\\/wp.kristdemokraterna.se\\\/varmland\\\/\"},{\"@type\":\"ListItem\",\"position\":2,\"name\":\"Redo att kapa v\u00e5rdk\u00f6erna\"}]},{\"@type\":\"WebSite\",\"@id\":\"https:\\\/\\\/wp.kristdemokraterna.se\\\/varmland\\\/#website\",\"url\":\"https:\\\/\\\/wp.kristdemokraterna.se\\\/varmland\\\/\",\"name\":\"Kristdemokraterna i V\u00e4rmland\",\"description\":\"En till Kristdemokraterna webbplats\",\"inLanguage\":\"sv-SE\"},{\"@type\":\"Person\",\"@id\":\"https:\\\/\\\/wp.kristdemokraterna.se\\\/varmland\\\/#\\\/schema\\\/person\\\/98d27838d17178471da5e8a56aa604a4\",\"name\":\"helpdesk\",\"image\":{\"@type\":\"ImageObject\",\"inLanguage\":\"sv-SE\",\"@id\":\"https:\\\/\\\/secure.gravatar.com\\\/avatar\\\/2e747bc9a7d4e5a6ecca7d851e4175129f995f3f6d9ef18734d1ff623abe4a88?s=96&d=mm&r=g\",\"url\":\"https:\\\/\\\/secure.gravatar.com\\\/avatar\\\/2e747bc9a7d4e5a6ecca7d851e4175129f995f3f6d9ef18734d1ff623abe4a88?s=96&d=mm&r=g\",\"contentUrl\":\"https:\\\/\\\/secure.gravatar.com\\\/avatar\\\/2e747bc9a7d4e5a6ecca7d851e4175129f995f3f6d9ef18734d1ff623abe4a88?s=96&d=mm&r=g\",\"caption\":\"helpdesk\"},\"url\":\"https:\\\/\\\/wp.kristdemokraterna.se\\\/varmland\\\/author\\\/helpdesk\\\/\"}]}<\/script>\n<!-- \/ Yoast SEO plugin. -->","yoast_head_json":{"title":"Redo att kapa v\u00e5rdk\u00f6erna - Kristdemokraterna i V\u00e4rmland","robots":{"index":"index","follow":"follow","max-snippet":"max-snippet:-1","max-image-preview":"max-image-preview:large","max-video-preview":"max-video-preview:-1"},"canonical":"https:\/\/wp.kristdemokraterna.se\/varmland\/redo-att-kapa-vardkoerna\/","og_locale":"sv_SE","og_type":"article","og_title":"Redo att kapa v\u00e5rdk\u00f6erna - Kristdemokraterna i V\u00e4rmland","og_description":"V\u00e5rdk\u00f6erna \u00e4r rekordl\u00e5nga. De har f\u00f6rv\u00e4rrats av pandemin, men redan f\u00f6re dess hade de f\u00f6rdubblats under Stefan L\u00f6fvens regering. Ett viktigt sk\u00e4l \u00e4r att Sveriges v\u00e5rdsystem \u00e4r f\u00f6r\u00e5ldrat. Danmarks v\u00e5rdsystem \u00e4r fr\u00e5n 2007 och Norges \u00e4r fr\u00e5n 2002. Sveriges \u00e4r fr\u00e5n 1862. Ist\u00e4llet f\u00f6r 21 olika regioner vill vi inf\u00f6ra ett nationellt v\u00e5rdsystem som v\u00e5ra Read More","og_url":"https:\/\/wp.kristdemokraterna.se\/varmland\/redo-att-kapa-vardkoerna\/","og_site_name":"Kristdemokraterna i V\u00e4rmland","article_published_time":"2024-05-22T10:53:42+00:00","article_modified_time":"2024-08-30T10:43:34+00:00","author":"helpdesk","twitter_card":"summary_large_image","twitter_misc":{"Skriven av":"helpdesk","Ber\u00e4knad l\u00e4stid":"1 minut"},"schema":{"@context":"https:\/\/schema.org","@graph":[{"@type":"Article","@id":"https:\/\/wp.kristdemokraterna.se\/varmland\/redo-att-kapa-vardkoerna\/#article","isPartOf":{"@id":"https:\/\/wp.kristdemokraterna.se\/varmland\/redo-att-kapa-vardkoerna\/"},"author":{"name":"helpdesk","@id":"https:\/\/wp.kristdemokraterna.se\/varmland\/#\/schema\/person\/98d27838d17178471da5e8a56aa604a4"},"headline":"Redo att kapa v\u00e5rdk\u00f6erna","datePublished":"2024-05-22T10:53:42+00:00","dateModified":"2024-08-30T10:43:34+00:00","mainEntityOfPage":{"@id":"https:\/\/wp.kristdemokraterna.se\/varmland\/redo-att-kapa-vardkoerna\/"},"wordCount":232,"keywords":["nationell v\u00e5rdf\u00f6rmedling","V\u00e5rdk\u00f6"],"articleSection":["EU-val2024","Inl\u00e4gg","Region"],"inLanguage":"sv-SE"},{"@type":"WebPage","@id":"https:\/\/wp.kristdemokraterna.se\/varmland\/redo-att-kapa-vardkoerna\/","url":"https:\/\/wp.kristdemokraterna.se\/varmland\/redo-att-kapa-vardkoerna\/","name":"Redo att kapa v\u00e5rdk\u00f6erna - Kristdemokraterna i V\u00e4rmland","isPartOf":{"@id":"https:\/\/wp.kristdemokraterna.se\/varmland\/#website"},"datePublished":"2024-05-22T10:53:42+00:00","dateModified":"2024-08-30T10:43:34+00:00","author":{"@id":"https:\/\/wp.kristdemokraterna.se\/varmland\/#\/schema\/person\/98d27838d17178471da5e8a56aa604a4"},"breadcrumb":{"@id":"https:\/\/wp.kristdemokraterna.se\/varmland\/redo-att-kapa-vardkoerna\/#breadcrumb"},"inLanguage":"sv-SE","potentialAction":[{"@type":"ReadAction","target":["https:\/\/wp.kristdemokraterna.se\/varmland\/redo-att-kapa-vardkoerna\/"]}]},{"@type":"BreadcrumbList","@id":"https:\/\/wp.kristdemokraterna.se\/varmland\/redo-att-kapa-vardkoerna\/#breadcrumb","itemListElement":[{"@type":"ListItem","position":1,"name":"Hem","item":"https:\/\/wp.kristdemokraterna.se\/varmland\/"},{"@type":"ListItem","position":2,"name":"Redo att kapa v\u00e5rdk\u00f6erna"}]},{"@type":"WebSite","@id":"https:\/\/wp.kristdemokraterna.se\/varmland\/#website","url":"https:\/\/wp.kristdemokraterna.se\/varmland\/","name":"Kristdemokraterna i V\u00e4rmland","description":"En till Kristdemokraterna webbplats","inLanguage":"sv-SE"},{"@type":"Person","@id":"https:\/\/wp.kristdemokraterna.se\/varmland\/#\/schema\/person\/98d27838d17178471da5e8a56aa604a4","name":"helpdesk","image":{"@type":"ImageObject","inLanguage":"sv-SE","@id":"https:\/\/secure.gravatar.com\/avatar\/2e747bc9a7d4e5a6ecca7d851e4175129f995f3f6d9ef18734d1ff623abe4a88?s=96&d=mm&r=g","url":"https:\/\/secure.gravatar.com\/avatar\/2e747bc9a7d4e5a6ecca7d851e4175129f995f3f6d9ef18734d1ff623abe4a88?s=96&d=mm&r=g","contentUrl":"https:\/\/secure.gravatar.com\/avatar\/2e747bc9a7d4e5a6ecca7d851e4175129f995f3f6d9ef18734d1ff623abe4a88?s=96&d=mm&r=g","caption":"helpdesk"},"url":"https:\/\/wp.kristdemokraterna.se\/varmland\/author\/helpdesk\/"}]}},"_links":{"self":[{"href":"https:\/\/wp.kristdemokraterna.se\/varmland\/wp-json\/wp\/v2\/posts\/861","targetHints":{"allow":["GET"]}}],"collection":[{"href":"https:\/\/wp.kristdemokraterna.se\/varmland\/wp-json\/wp\/v2\/posts"}],"about":[{"href":"https:\/\/wp.kristdemokraterna.se\/varmland\/wp-json\/wp\/v2\/types\/post"}],"author":[{"embeddable":true,"href":"https:\/\/wp.kristdemokraterna.se\/varmland\/wp-json\/wp\/v2\/users\/444"}],"replies":[{"embeddable":true,"href":"https:\/\/wp.kristdemokraterna.se\/varmland\/wp-json\/wp\/v2\/comments?post=861"}],"version-history":[{"count":3,"href":"https:\/\/wp.kristdemokraterna.se\/varmland\/wp-json\/wp\/v2\/posts\/861\/revisions"}],"predecessor-version":[{"id":892,"href":"https:\/\/wp.kristdemokraterna.se\/varmland\/wp-json\/wp\/v2\/posts\/861\/revisions\/892"}],"wp:attachment":[{"href":"https:\/\/wp.kristdemokraterna.se\/varmland\/wp-json\/wp\/v2\/media?parent=861"}],"wp:term":[{"taxonomy":"category","embeddable":true,"href":"https:\/\/wp.kristdemokraterna.se\/varmland\/wp-json\/wp\/v2\/categories?post=861"},{"taxonomy":"post_tag","embeddable":true,"href":"https:\/\/wp.kristdemokraterna.se\/varmland\/wp-json\/wp\/v2\/tags?post=861"}],"curies":[{"name":"wp","href":"https:\/\/api.w.org\/{rel}","templated":true}]}}