{"id":1891,"date":"2000-02-21T21:37:00","date_gmt":"2000-02-21T20:37:00","guid":{"rendered":"http:\/\/localhost:4901\/?p=1891"},"modified":"2013-12-06T22:41:12","modified_gmt":"2013-12-06T21:41:12","slug":"ung-och-stridbar-riksdagsman-besoker-varnamo","status":"publish","type":"post","link":"https:\/\/wp.kristdemokraterna.se\/varnamo\/2000\/02\/21\/ung-och-stridbar-riksdagsman-besoker-varnamo\/","title":{"rendered":"Ung och stridbar riksdagsman bes\u00f6ker V\u00e4rnamo"},"content":{"rendered":"<p>Efter diverse uppm\u00e4rksammade turer i valefterdyningarna 1998 befann sig pl\u00f6tsligt v\u00e4stg\u00f6tasonen, 32-\u00e5ringen och <abbr title=\"Kristdemokratiska Ungdomsf\u00f6rbundet\">KDU<\/abbr>:s senaste f\u00f6re detta ordf\u00f6rande, Magnus Jacobsson, sittande i Riksdagens v\u00e4stmanlandsb\u00e4nk. P\u00e5 fredag bes\u00f6ker han Finnvedens gymnasium och Kristdemokraternas \u00e5rsm\u00f6te i V\u00e4rnamo.<\/p>\n<p><!--more-->Fredagen den 25 februari klockan 19.00 samlas Kristdemokraterna V\u00e4rnamo till \u00e5rsm\u00f6te i restaurang \u00c5kanten, V\u00e4rnamo. F\u00f6r den musikaliska underh\u00e5llningen svarar Jonas Gallneby, Oscar M\u00e5rtensson och Simon Eriksson, en brutalt tajt popgrupp med r\u00f6tterna i bygden och hj\u00e4rtat i KDU. De tre killarna b\u00f6rjade spela tillsammans p\u00e5 G\u00e4rdeskolans estetprogram i Gislaved. Kv\u00e4llen till \u00e4ra spelar de opluggat och om m\u00f6jligt \u00e4nnu sv\u00e4ngigare \u00e4n vanligt&#8230;<\/p>\n<p>\u00c5rsm\u00f6tet inneh\u00e5ller f\u00f6rutom detta sedvanliga \u00e5rsm\u00f6tesf\u00f6rhandlingar, servering och tal av en av Riksdagens yngre ledam\u00f6ter \u2013 kristdemokraten Magnus Jacobsson. Engagerat och stridbart har han under sin tid som ordf\u00f6rande i ungdomsf\u00f6rbundet och numera riksdagsman drivit fr\u00e5gor som:<\/p>\n<ul>\n<li>Nej till svenskt medlemskap i EU.<\/li>\n<li>Ja till svenskt deltagande i EMU.<\/li>\n<li><a title=\"M\u00e4nnen m\u00e5ste b\u00f6rja diskutera sitt ansvar f\u00f6r j\u00e4mst\u00e4lldheten\" href=\"http:\/\/wp.kristdemokraterna.se\/varnamo\/2000\/02\/21\/mannen-maste-borja-diskutera-sitt-ansvar-for-jamstalldheten\/\">M\u00e4nnen m\u00e5ste b\u00f6rja ta sitt ansvar f\u00f6r j\u00e4mst\u00e4lldheten<\/a>.<\/li>\n<li>Det politiskt obundna n\u00e4tverket f\u00f6r m\u00e4n, MAN, som han startade upp under sin tid som ordf\u00f6rande i KDU.<\/li>\n<li>Kristdemokraterna m\u00e5ste ta b\u00e4ttre vara p\u00e5 sin tradition som arbetarparti.<\/li>\n<li>Ungdomars vilja att engagera sig i samh\u00e4llet, och bristande delaktighet i detta, m\u00e5ste tas p\u00e5 mycket st\u00f6rre allvar.<\/li>\n<\/ul>\n<p>\u2013 <q title=\"Magnus Jacobsson, kristdemokratisk riksdagsman\">Jag \u00e4r v\u00e4l inte helt som andra riksdagsm\u00e4n<\/q>, sm\u00e5ler Magnus Jacobsson d\u00e4r han sitter i Riksdagens plenisal, med guldringen glimmande i \u00f6rat. L\u00e4s hur han presenterar sig sj\u00e4lv i Kristdemokraternas interna <abbr title=\"Bulletin Board Service\">bbs<\/abbr> (elektroniska anslagstavla) <a title=\"L\u00e4nk till Magnus Jacobssons egen presentation av sig sj\u00e4lv\" href=\"#mj\">nedan<\/a>. Men l\u00e4s med glimten i \u00f6gat!<\/p>\n<hr \/>\n<h1>Fredagen den 2000-02-25&#8230;<\/h1>\n<dl>\n<dd><em>&#8230;Klockan 10.05<\/em> anl\u00e4nder Magnus Jacobsson till V\u00e4rnamo. D\u00e4refter finns han p\u00e5 Finnvedens Gymnasium.<\/dd>\n<dd><em>&#8230;Klockan 19.00<\/em> medverkar Magnus Jacobsson vid Kristdemokraternas \u00e5rsm\u00f6te p\u00e5 restaurang \u00c5kanten, V\u00e4rnamo.<\/dd>\n<\/dl>\n<p>V\u00e4lkommen!<\/p>\n<hr \/>\n<h1 id=\"mj\">Hej, mitt namn \u00e4r Magnus Jacobsson<\/h1>\n<p>Jag sitter i riksdagen f\u00f6r Kristdemokraterna och jobbar d\u00e4r med arbetsmarknads- och transportpolitiska fr\u00e5gor.<\/p>\n<p>Till detta kommer att jag \u00e4r ensamst\u00e5ende trebarnsfar. Vilket g\u00f6r att jag inte har n\u00e5gra fritidsproblem. F\u00f6rutom politik s\u00e5 gillar jag att studera. Hittills har jag l\u00e4st: Historia, Ekonomisk historia, Internationella relationer och Arabkunskap p\u00e5 G\u00f6teborgs universitet. F\u00f6r tillf\u00e4llet f\u00f6rs\u00f6ker jag att rensa bort n\u00e5gra resttentor s\u00e5 att jag slipper fr\u00e5gor huruvida mina po\u00e4ng \u00e4r godk\u00e4nda eller inte den dan d\u00e5 jag blir kristdemokraternas f\u00f6rsta statsminister. <abbr title=\"en smiley i 'ascii art'\">\ud83d\ude42<\/abbr><\/p>\n<p>N\u00e4r det g\u00e4ller politiska intresseomr\u00e5den s\u00e5 gillar jag internationell-, arbetsmarknads- och socialpolitik. R\u00e4ttvisa och solidaritet \u00e4r viktiga begrepp f\u00f6r mig. Samtidigt som valfrihet inom barnomsorg, skola mm \u00e4r mina st\u00e4ndiga k\u00e4pph\u00e4star i den offentliga debatten.<\/p>\n<p>Jag tror p\u00e5 individens utveckling inom kollektivet. Vilket g\u00f6r att jag bek\u00e4mpar kollektivismen och individualismen. Med denna beskrivning s\u00e5 f\u00f6rst\u00e5r alla att jag f\u00f6respr\u00e5kar personalismen.<\/p>\n<p>Jag uppskattar ofullkomlighets tanken d\u00e5 den f\u00f6rklarar varf\u00f6r alla andra g\u00f6r misstag, \u00e4ven om denna tanke givetvis inte g\u00e4ller mig. <abbr title=\"en smiley i 'ascii art'\">\ud83d\ude42<\/abbr> Ytterligare s\u00e5 anser jag att Sverige skall uppgradera st\u00f6det f\u00f6r de grundl\u00e4ggande m\u00e4nskliga r\u00e4ttigheterna: r\u00e4tten till liv, religionsfrihet, yttrandefrihet och samvetsfrihet. F\u00f6r mig \u00e4r det sj\u00e4lvklart att alla har ett lika och okr\u00e4nkbart m\u00e4nniskov\u00e4rde oavsett \u00e5lder, k\u00f6n eller hudf\u00e4rg.<\/p>\n","protected":false},"excerpt":{"rendered":"<p>Efter diverse uppm\u00e4rksammade turer i valefterdyningarna 1998 befann sig pl\u00f6tsligt v\u00e4stg\u00f6tasonen, 32-\u00e5ringen och KDU:s senaste f\u00f6re detta ordf\u00f6rande, Magnus Jacobsson, sittande i Riksdagens v\u00e4stmanlandsb\u00e4nk. P\u00e5 fredag bes\u00f6ker han Finnvedens gymnasium och Kristdemokraternas \u00e5rsm\u00f6te i V\u00e4rnamo.<\/p>\n","protected":false},"author":412,"featured_media":9638,"comment_status":"open","ping_status":"open","sticky":false,"template":"","format":"standard","meta":{"_acf_changed":false,"footnotes":""},"categories":[11],"tags":[34,239,217,360,353,297,198,135,355,78,208,336,181,279,46,33,101,145],"class_list":["post-1891","post","type-post","status-publish","format-standard","hentry","category-nyheter","tag-barnomsorg","tag-delaktighet","tag-emu","tag-engagemang","tag-finnvedens-gymnasium","tag-frihet","tag-jamstalldhet","tag-kdu","tag-magnus-jacobsson","tag-manniskovarde","tag-manskliga-rattigheter","tag-ofullkomlighetstanken","tag-personalism","tag-rattvisa","tag-riksdagsledamot","tag-skola","tag-solidaritet","tag-valfrihet"],"acf":[],"yoast_head":"<!-- This site is optimized with the Yoast SEO plugin v27.4 - https:\/\/yoast.com\/product\/yoast-seo-wordpress\/ -->\n<title>Ung och stridbar riksdagsman bes\u00f6ker V\u00e4rnamo - KRISTDEMOKRATERNA V\u00c4RNAMO<\/title>\n<meta name=\"robots\" content=\"index, follow, max-snippet:-1, max-image-preview:large, max-video-preview:-1\" \/>\n<link rel=\"canonical\" href=\"https:\/\/wp.kristdemokraterna.se\/varnamo\/2000\/02\/21\/ung-och-stridbar-riksdagsman-besoker-varnamo\/\" \/>\n<meta property=\"og:locale\" content=\"sv_SE\" \/>\n<meta property=\"og:type\" content=\"article\" \/>\n<meta property=\"og:title\" content=\"Ung och stridbar riksdagsman bes\u00f6ker V\u00e4rnamo - KRISTDEMOKRATERNA V\u00c4RNAMO\" \/>\n<meta property=\"og:description\" content=\"Efter diverse uppm\u00e4rksammade turer i valefterdyningarna 1998 befann sig pl\u00f6tsligt v\u00e4stg\u00f6tasonen, 32-\u00e5ringen och KDU:s senaste f\u00f6re detta ordf\u00f6rande, Magnus Jacobsson, sittande i Riksdagens v\u00e4stmanlandsb\u00e4nk. P\u00e5 fredag bes\u00f6ker han Finnvedens gymnasium och Kristdemokraternas \u00e5rsm\u00f6te i V\u00e4rnamo.\" \/>\n<meta property=\"og:url\" content=\"https:\/\/wp.kristdemokraterna.se\/varnamo\/2000\/02\/21\/ung-och-stridbar-riksdagsman-besoker-varnamo\/\" \/>\n<meta property=\"og:site_name\" content=\"KRISTDEMOKRATERNA V\u00c4RNAMO\" \/>\n<meta property=\"article:publisher\" content=\"https:\/\/www.facebook.com\/KDVarnamo\/\" \/>\n<meta property=\"article:published_time\" content=\"2000-02-21T20:37:00+00:00\" \/>\n<meta property=\"article:modified_time\" content=\"2013-12-06T21:41:12+00:00\" \/>\n<meta property=\"og:image\" content=\"https:\/\/wp.kristdemokraterna.se\/varnamo\/files\/2022\/08\/va\u2560ernamo-sida-bla-300dpi.png\" \/>\n\t<meta property=\"og:image:width\" content=\"1485\" \/>\n\t<meta property=\"og:image:height\" content=\"681\" \/>\n\t<meta property=\"og:image:type\" content=\"image\/png\" \/>\n<meta name=\"author\" content=\"Kristdemokraterna V\u00e4rnamo\" \/>\n<meta name=\"twitter:card\" content=\"summary_large_image\" \/>\n<meta name=\"twitter:creator\" content=\"@KDVarnamo\" \/>\n<meta name=\"twitter:site\" content=\"@KDVarnamo\" \/>\n<meta name=\"twitter:label1\" content=\"Skriven av\" \/>\n\t<meta name=\"twitter:data1\" content=\"Kristdemokraterna V\u00e4rnamo\" \/>\n\t<meta name=\"twitter:label2\" content=\"Ber\u00e4knad l\u00e4stid\" \/>\n\t<meta name=\"twitter:data2\" content=\"3 minuter\" \/>\n<script type=\"application\/ld+json\" class=\"yoast-schema-graph\">{\"@context\":\"https:\\\/\\\/schema.org\",\"@graph\":[{\"@type\":\"Article\",\"@id\":\"https:\\\/\\\/wp.kristdemokraterna.se\\\/varnamo\\\/2000\\\/02\\\/21\\\/ung-och-stridbar-riksdagsman-besoker-varnamo\\\/#article\",\"isPartOf\":{\"@id\":\"https:\\\/\\\/wp.kristdemokraterna.se\\\/varnamo\\\/2000\\\/02\\\/21\\\/ung-och-stridbar-riksdagsman-besoker-varnamo\\\/\"},\"author\":{\"name\":\"Kristdemokraterna V\u00e4rnamo\",\"@id\":\"https:\\\/\\\/wp.kristdemokraterna.se\\\/varnamo\\\/#\\\/schema\\\/person\\\/4e339ab04d613699e4dfe80a994e01d4\"},\"headline\":\"Ung och stridbar riksdagsman bes\u00f6ker V\u00e4rnamo\",\"datePublished\":\"2000-02-21T20:37:00+00:00\",\"dateModified\":\"2013-12-06T21:41:12+00:00\",\"mainEntityOfPage\":{\"@id\":\"https:\\\/\\\/wp.kristdemokraterna.se\\\/varnamo\\\/2000\\\/02\\\/21\\\/ung-och-stridbar-riksdagsman-besoker-varnamo\\\/\"},\"wordCount\":593,\"commentCount\":0,\"publisher\":{\"@id\":\"https:\\\/\\\/wp.kristdemokraterna.se\\\/varnamo\\\/#organization\"},\"image\":{\"@id\":\"https:\\\/\\\/wp.kristdemokraterna.se\\\/varnamo\\\/2000\\\/02\\\/21\\\/ung-och-stridbar-riksdagsman-besoker-varnamo\\\/#primaryimage\"},\"thumbnailUrl\":\"https:\\\/\\\/wp.kristdemokraterna.se\\\/varnamo\\\/files\\\/2022\\\/08\\\/kd-logo-blue.png\",\"keywords\":[\"barnomsorg\",\"delaktighet\",\"EMU\",\"engagemang\",\"Finnvedens gymnasium\",\"frihet\",\"j\u00e4mst\u00e4lldhet\",\"KDU\",\"Magnus Jacobsson\",\"m\u00e4nniskov\u00e4rde\",\"m\u00e4nskliga r\u00e4ttigheter\",\"ofullkomlighetstanken\",\"personalism\",\"r\u00e4ttvisa\",\"riksdagsledamot\",\"skola\",\"solidaritet\",\"valfrihet\"],\"articleSection\":[\"Nyheter\"],\"inLanguage\":\"sv-SE\"},{\"@type\":\"WebPage\",\"@id\":\"https:\\\/\\\/wp.kristdemokraterna.se\\\/varnamo\\\/2000\\\/02\\\/21\\\/ung-och-stridbar-riksdagsman-besoker-varnamo\\\/\",\"url\":\"https:\\\/\\\/wp.kristdemokraterna.se\\\/varnamo\\\/2000\\\/02\\\/21\\\/ung-och-stridbar-riksdagsman-besoker-varnamo\\\/\",\"name\":\"Ung och stridbar riksdagsman bes\u00f6ker V\u00e4rnamo - KRISTDEMOKRATERNA V\u00c4RNAMO\",\"isPartOf\":{\"@id\":\"https:\\\/\\\/wp.kristdemokraterna.se\\\/varnamo\\\/#website\"},\"primaryImageOfPage\":{\"@id\":\"https:\\\/\\\/wp.kristdemokraterna.se\\\/varnamo\\\/2000\\\/02\\\/21\\\/ung-och-stridbar-riksdagsman-besoker-varnamo\\\/#primaryimage\"},\"image\":{\"@id\":\"https:\\\/\\\/wp.kristdemokraterna.se\\\/varnamo\\\/2000\\\/02\\\/21\\\/ung-och-stridbar-riksdagsman-besoker-varnamo\\\/#primaryimage\"},\"thumbnailUrl\":\"https:\\\/\\\/wp.kristdemokraterna.se\\\/varnamo\\\/files\\\/2022\\\/08\\\/kd-logo-blue.png\",\"datePublished\":\"2000-02-21T20:37:00+00:00\",\"dateModified\":\"2013-12-06T21:41:12+00:00\",\"breadcrumb\":{\"@id\":\"https:\\\/\\\/wp.kristdemokraterna.se\\\/varnamo\\\/2000\\\/02\\\/21\\\/ung-och-stridbar-riksdagsman-besoker-varnamo\\\/#breadcrumb\"},\"inLanguage\":\"sv-SE\",\"potentialAction\":[{\"@type\":\"ReadAction\",\"target\":[\"https:\\\/\\\/wp.kristdemokraterna.se\\\/varnamo\\\/2000\\\/02\\\/21\\\/ung-och-stridbar-riksdagsman-besoker-varnamo\\\/\"]}]},{\"@type\":\"ImageObject\",\"inLanguage\":\"sv-SE\",\"@id\":\"https:\\\/\\\/wp.kristdemokraterna.se\\\/varnamo\\\/2000\\\/02\\\/21\\\/ung-och-stridbar-riksdagsman-besoker-varnamo\\\/#primaryimage\",\"url\":\"https:\\\/\\\/wp.kristdemokraterna.se\\\/varnamo\\\/files\\\/2022\\\/08\\\/kd-logo-blue.png\",\"contentUrl\":\"https:\\\/\\\/wp.kristdemokraterna.se\\\/varnamo\\\/files\\\/2022\\\/08\\\/kd-logo-blue.png\",\"width\":2000,\"height\":2000,\"caption\":\"Kristdemokraternas logotyp\"},{\"@type\":\"BreadcrumbList\",\"@id\":\"https:\\\/\\\/wp.kristdemokraterna.se\\\/varnamo\\\/2000\\\/02\\\/21\\\/ung-och-stridbar-riksdagsman-besoker-varnamo\\\/#breadcrumb\",\"itemListElement\":[{\"@type\":\"ListItem\",\"position\":1,\"name\":\"Hem\",\"item\":\"https:\\\/\\\/wp.kristdemokraterna.se\\\/varnamo\\\/\"},{\"@type\":\"ListItem\",\"position\":2,\"name\":\"Ung och stridbar riksdagsman bes\u00f6ker V\u00e4rnamo\"}]},{\"@type\":\"WebSite\",\"@id\":\"https:\\\/\\\/wp.kristdemokraterna.se\\\/varnamo\\\/#website\",\"url\":\"https:\\\/\\\/wp.kristdemokraterna.se\\\/varnamo\\\/\",\"name\":\"KRISTDEMOKRATERNA V\u00c4RNAMO\",\"description\":\"Med hj\u00e4rta f\u00f6r V\u00e4rnamo\",\"publisher\":{\"@id\":\"https:\\\/\\\/wp.kristdemokraterna.se\\\/varnamo\\\/#organization\"},\"inLanguage\":\"sv-SE\"},{\"@type\":\"Organization\",\"@id\":\"https:\\\/\\\/wp.kristdemokraterna.se\\\/varnamo\\\/#organization\",\"name\":\"Kristdemokraterna V\u00e4rnamo\",\"url\":\"https:\\\/\\\/wp.kristdemokraterna.se\\\/varnamo\\\/\",\"logo\":{\"@type\":\"ImageObject\",\"inLanguage\":\"sv-SE\",\"@id\":\"https:\\\/\\\/wp.kristdemokraterna.se\\\/varnamo\\\/#\\\/schema\\\/logo\\\/image\\\/\",\"url\":\"https:\\\/\\\/wp.kristdemokraterna.se\\\/varnamo\\\/files\\\/2022\\\/08\\\/va\u2560ernamo-sida-bla-300dpi.png\",\"contentUrl\":\"https:\\\/\\\/wp.kristdemokraterna.se\\\/varnamo\\\/files\\\/2022\\\/08\\\/va\u2560ernamo-sida-bla-300dpi.png\",\"width\":1485,\"height\":681,\"caption\":\"Kristdemokraterna V\u00e4rnamo\"},\"image\":{\"@id\":\"https:\\\/\\\/wp.kristdemokraterna.se\\\/varnamo\\\/#\\\/schema\\\/logo\\\/image\\\/\"},\"sameAs\":[\"https:\\\/\\\/www.facebook.com\\\/KDVarnamo\\\/\",\"https:\\\/\\\/x.com\\\/KDVarnamo\",\"https:\\\/\\\/www.instagram.com\\\/\",\"https:\\\/\\\/www.youtube.com\\\/user\\\/studiokd\\\/videos\"]},{\"@type\":\"Person\",\"@id\":\"https:\\\/\\\/wp.kristdemokraterna.se\\\/varnamo\\\/#\\\/schema\\\/person\\\/4e339ab04d613699e4dfe80a994e01d4\",\"name\":\"Kristdemokraterna V\u00e4rnamo\",\"image\":{\"@type\":\"ImageObject\",\"inLanguage\":\"sv-SE\",\"@id\":\"https:\\\/\\\/secure.gravatar.com\\\/avatar\\\/c122e48c7723992af51eb155eeaa93db3c1fa324e3fc6ec45dd712c812809b5b?s=96&r=g\",\"url\":\"https:\\\/\\\/secure.gravatar.com\\\/avatar\\\/c122e48c7723992af51eb155eeaa93db3c1fa324e3fc6ec45dd712c812809b5b?s=96&r=g\",\"contentUrl\":\"https:\\\/\\\/secure.gravatar.com\\\/avatar\\\/c122e48c7723992af51eb155eeaa93db3c1fa324e3fc6ec45dd712c812809b5b?s=96&r=g\",\"caption\":\"Kristdemokraterna V\u00e4rnamo\"},\"description\":\"Familjens r\u00f6st\",\"sameAs\":[\"http:\\\/\\\/www.varnamo.kristdemokraterna.se\"],\"url\":\"https:\\\/\\\/wp.kristdemokraterna.se\\\/varnamo\\\/author\\\/varnamo\\\/\"}]}<\/script>\n<!-- \/ Yoast SEO plugin. -->","yoast_head_json":{"title":"Ung och stridbar riksdagsman bes\u00f6ker V\u00e4rnamo - KRISTDEMOKRATERNA V\u00c4RNAMO","robots":{"index":"index","follow":"follow","max-snippet":"max-snippet:-1","max-image-preview":"max-image-preview:large","max-video-preview":"max-video-preview:-1"},"canonical":"https:\/\/wp.kristdemokraterna.se\/varnamo\/2000\/02\/21\/ung-och-stridbar-riksdagsman-besoker-varnamo\/","og_locale":"sv_SE","og_type":"article","og_title":"Ung och stridbar riksdagsman bes\u00f6ker V\u00e4rnamo - KRISTDEMOKRATERNA V\u00c4RNAMO","og_description":"Efter diverse uppm\u00e4rksammade turer i valefterdyningarna 1998 befann sig pl\u00f6tsligt v\u00e4stg\u00f6tasonen, 32-\u00e5ringen och KDU:s senaste f\u00f6re detta ordf\u00f6rande, Magnus Jacobsson, sittande i Riksdagens v\u00e4stmanlandsb\u00e4nk. P\u00e5 fredag bes\u00f6ker han Finnvedens gymnasium och Kristdemokraternas \u00e5rsm\u00f6te i V\u00e4rnamo.","og_url":"https:\/\/wp.kristdemokraterna.se\/varnamo\/2000\/02\/21\/ung-och-stridbar-riksdagsman-besoker-varnamo\/","og_site_name":"KRISTDEMOKRATERNA V\u00c4RNAMO","article_publisher":"https:\/\/www.facebook.com\/KDVarnamo\/","article_published_time":"2000-02-21T20:37:00+00:00","article_modified_time":"2013-12-06T21:41:12+00:00","og_image":[{"width":1485,"height":681,"url":"https:\/\/wp.kristdemokraterna.se\/varnamo\/files\/2022\/08\/va\u2560ernamo-sida-bla-300dpi.png","type":"image\/png"}],"author":"Kristdemokraterna V\u00e4rnamo","twitter_card":"summary_large_image","twitter_creator":"@KDVarnamo","twitter_site":"@KDVarnamo","twitter_misc":{"Skriven av":"Kristdemokraterna V\u00e4rnamo","Ber\u00e4knad l\u00e4stid":"3 minuter"},"schema":{"@context":"https:\/\/schema.org","@graph":[{"@type":"Article","@id":"https:\/\/wp.kristdemokraterna.se\/varnamo\/2000\/02\/21\/ung-och-stridbar-riksdagsman-besoker-varnamo\/#article","isPartOf":{"@id":"https:\/\/wp.kristdemokraterna.se\/varnamo\/2000\/02\/21\/ung-och-stridbar-riksdagsman-besoker-varnamo\/"},"author":{"name":"Kristdemokraterna V\u00e4rnamo","@id":"https:\/\/wp.kristdemokraterna.se\/varnamo\/#\/schema\/person\/4e339ab04d613699e4dfe80a994e01d4"},"headline":"Ung och stridbar riksdagsman bes\u00f6ker V\u00e4rnamo","datePublished":"2000-02-21T20:37:00+00:00","dateModified":"2013-12-06T21:41:12+00:00","mainEntityOfPage":{"@id":"https:\/\/wp.kristdemokraterna.se\/varnamo\/2000\/02\/21\/ung-och-stridbar-riksdagsman-besoker-varnamo\/"},"wordCount":593,"commentCount":0,"publisher":{"@id":"https:\/\/wp.kristdemokraterna.se\/varnamo\/#organization"},"image":{"@id":"https:\/\/wp.kristdemokraterna.se\/varnamo\/2000\/02\/21\/ung-och-stridbar-riksdagsman-besoker-varnamo\/#primaryimage"},"thumbnailUrl":"https:\/\/wp.kristdemokraterna.se\/varnamo\/files\/2022\/08\/kd-logo-blue.png","keywords":["barnomsorg","delaktighet","EMU","engagemang","Finnvedens gymnasium","frihet","j\u00e4mst\u00e4lldhet","KDU","Magnus Jacobsson","m\u00e4nniskov\u00e4rde","m\u00e4nskliga r\u00e4ttigheter","ofullkomlighetstanken","personalism","r\u00e4ttvisa","riksdagsledamot","skola","solidaritet","valfrihet"],"articleSection":["Nyheter"],"inLanguage":"sv-SE"},{"@type":"WebPage","@id":"https:\/\/wp.kristdemokraterna.se\/varnamo\/2000\/02\/21\/ung-och-stridbar-riksdagsman-besoker-varnamo\/","url":"https:\/\/wp.kristdemokraterna.se\/varnamo\/2000\/02\/21\/ung-och-stridbar-riksdagsman-besoker-varnamo\/","name":"Ung och stridbar riksdagsman bes\u00f6ker V\u00e4rnamo - KRISTDEMOKRATERNA V\u00c4RNAMO","isPartOf":{"@id":"https:\/\/wp.kristdemokraterna.se\/varnamo\/#website"},"primaryImageOfPage":{"@id":"https:\/\/wp.kristdemokraterna.se\/varnamo\/2000\/02\/21\/ung-och-stridbar-riksdagsman-besoker-varnamo\/#primaryimage"},"image":{"@id":"https:\/\/wp.kristdemokraterna.se\/varnamo\/2000\/02\/21\/ung-och-stridbar-riksdagsman-besoker-varnamo\/#primaryimage"},"thumbnailUrl":"https:\/\/wp.kristdemokraterna.se\/varnamo\/files\/2022\/08\/kd-logo-blue.png","datePublished":"2000-02-21T20:37:00+00:00","dateModified":"2013-12-06T21:41:12+00:00","breadcrumb":{"@id":"https:\/\/wp.kristdemokraterna.se\/varnamo\/2000\/02\/21\/ung-och-stridbar-riksdagsman-besoker-varnamo\/#breadcrumb"},"inLanguage":"sv-SE","potentialAction":[{"@type":"ReadAction","target":["https:\/\/wp.kristdemokraterna.se\/varnamo\/2000\/02\/21\/ung-och-stridbar-riksdagsman-besoker-varnamo\/"]}]},{"@type":"ImageObject","inLanguage":"sv-SE","@id":"https:\/\/wp.kristdemokraterna.se\/varnamo\/2000\/02\/21\/ung-och-stridbar-riksdagsman-besoker-varnamo\/#primaryimage","url":"https:\/\/wp.kristdemokraterna.se\/varnamo\/files\/2022\/08\/kd-logo-blue.png","contentUrl":"https:\/\/wp.kristdemokraterna.se\/varnamo\/files\/2022\/08\/kd-logo-blue.png","width":2000,"height":2000,"caption":"Kristdemokraternas logotyp"},{"@type":"BreadcrumbList","@id":"https:\/\/wp.kristdemokraterna.se\/varnamo\/2000\/02\/21\/ung-och-stridbar-riksdagsman-besoker-varnamo\/#breadcrumb","itemListElement":[{"@type":"ListItem","position":1,"name":"Hem","item":"https:\/\/wp.kristdemokraterna.se\/varnamo\/"},{"@type":"ListItem","position":2,"name":"Ung och stridbar riksdagsman bes\u00f6ker V\u00e4rnamo"}]},{"@type":"WebSite","@id":"https:\/\/wp.kristdemokraterna.se\/varnamo\/#website","url":"https:\/\/wp.kristdemokraterna.se\/varnamo\/","name":"KRISTDEMOKRATERNA V\u00c4RNAMO","description":"Med hj\u00e4rta f\u00f6r V\u00e4rnamo","publisher":{"@id":"https:\/\/wp.kristdemokraterna.se\/varnamo\/#organization"},"inLanguage":"sv-SE"},{"@type":"Organization","@id":"https:\/\/wp.kristdemokraterna.se\/varnamo\/#organization","name":"Kristdemokraterna V\u00e4rnamo","url":"https:\/\/wp.kristdemokraterna.se\/varnamo\/","logo":{"@type":"ImageObject","inLanguage":"sv-SE","@id":"https:\/\/wp.kristdemokraterna.se\/varnamo\/#\/schema\/logo\/image\/","url":"https:\/\/wp.kristdemokraterna.se\/varnamo\/files\/2022\/08\/va\u2560ernamo-sida-bla-300dpi.png","contentUrl":"https:\/\/wp.kristdemokraterna.se\/varnamo\/files\/2022\/08\/va\u2560ernamo-sida-bla-300dpi.png","width":1485,"height":681,"caption":"Kristdemokraterna V\u00e4rnamo"},"image":{"@id":"https:\/\/wp.kristdemokraterna.se\/varnamo\/#\/schema\/logo\/image\/"},"sameAs":["https:\/\/www.facebook.com\/KDVarnamo\/","https:\/\/x.com\/KDVarnamo","https:\/\/www.instagram.com\/","https:\/\/www.youtube.com\/user\/studiokd\/videos"]},{"@type":"Person","@id":"https:\/\/wp.kristdemokraterna.se\/varnamo\/#\/schema\/person\/4e339ab04d613699e4dfe80a994e01d4","name":"Kristdemokraterna V\u00e4rnamo","image":{"@type":"ImageObject","inLanguage":"sv-SE","@id":"https:\/\/secure.gravatar.com\/avatar\/c122e48c7723992af51eb155eeaa93db3c1fa324e3fc6ec45dd712c812809b5b?s=96&r=g","url":"https:\/\/secure.gravatar.com\/avatar\/c122e48c7723992af51eb155eeaa93db3c1fa324e3fc6ec45dd712c812809b5b?s=96&r=g","contentUrl":"https:\/\/secure.gravatar.com\/avatar\/c122e48c7723992af51eb155eeaa93db3c1fa324e3fc6ec45dd712c812809b5b?s=96&r=g","caption":"Kristdemokraterna V\u00e4rnamo"},"description":"Familjens r\u00f6st","sameAs":["http:\/\/www.varnamo.kristdemokraterna.se"],"url":"https:\/\/wp.kristdemokraterna.se\/varnamo\/author\/varnamo\/"}]}},"_links":{"self":[{"href":"https:\/\/wp.kristdemokraterna.se\/varnamo\/wp-json\/wp\/v2\/posts\/1891","targetHints":{"allow":["GET"]}}],"collection":[{"href":"https:\/\/wp.kristdemokraterna.se\/varnamo\/wp-json\/wp\/v2\/posts"}],"about":[{"href":"https:\/\/wp.kristdemokraterna.se\/varnamo\/wp-json\/wp\/v2\/types\/post"}],"author":[{"embeddable":true,"href":"https:\/\/wp.kristdemokraterna.se\/varnamo\/wp-json\/wp\/v2\/users\/412"}],"replies":[{"embeddable":true,"href":"https:\/\/wp.kristdemokraterna.se\/varnamo\/wp-json\/wp\/v2\/comments?post=1891"}],"version-history":[{"count":6,"href":"https:\/\/wp.kristdemokraterna.se\/varnamo\/wp-json\/wp\/v2\/posts\/1891\/revisions"}],"predecessor-version":[{"id":4373,"href":"https:\/\/wp.kristdemokraterna.se\/varnamo\/wp-json\/wp\/v2\/posts\/1891\/revisions\/4373"}],"wp:featuredmedia":[{"embeddable":true,"href":"https:\/\/wp.kristdemokraterna.se\/varnamo\/wp-json\/wp\/v2\/media\/9638"}],"wp:attachment":[{"href":"https:\/\/wp.kristdemokraterna.se\/varnamo\/wp-json\/wp\/v2\/media?parent=1891"}],"wp:term":[{"taxonomy":"category","embeddable":true,"href":"https:\/\/wp.kristdemokraterna.se\/varnamo\/wp-json\/wp\/v2\/categories?post=1891"},{"taxonomy":"post_tag","embeddable":true,"href":"https:\/\/wp.kristdemokraterna.se\/varnamo\/wp-json\/wp\/v2\/tags?post=1891"}],"curies":[{"name":"wp","href":"https:\/\/api.w.org\/{rel}","templated":true}]}}