{"id":1899,"date":"2001-09-15T21:37:00","date_gmt":"2001-09-15T19:37:00","guid":{"rendered":"http:\/\/localhost:4901\/?p=1898"},"modified":"2014-08-14T14:10:14","modified_gmt":"2014-08-14T12:10:14","slug":"ett-ar-kvar-till-valet","status":"publish","type":"post","link":"https:\/\/wp.kristdemokraterna.se\/varnamo\/2001\/09\/15\/ett-ar-kvar-till-valet\/","title":{"rendered":"Ett \u00e5r kvar till valet"},"content":{"rendered":"<p>Idag sparkade Kristdemokraterna V\u00e4rnamo ig\u00e5ng valr\u00f6relsen p\u00e5 allvar. F\u00f6r att uppm\u00e4rksamma stadsvandrarna p\u00e5 att det bara \u00e4r ett \u00e5r kvar till ordinarie val till riksdag, landstings- och kommunfullm\u00e4ktige genomf\u00f6rde man en manifestation i l\u00e4nets st\u00e4der, bland annat V\u00e4rnamo.<\/p>\n<p><!--more-->Dagen b\u00f6rjade med flygbladsutdelning och lottf\u00f6rs\u00e4ljning p\u00e5 Bruno Mathsons plats i V\u00e4rnamo. Eftersom det var L\u00e5ngl\u00f6rdag och vackert v\u00e4der var centrum fullt av k\u00f6pglada m\u00e4nniskor. Musikk\u00e5ren Lyran och Drillflickorna marscherade, vilket gav en festlig inramning till det kristdemokratiska uppm\u00e4rksammandet av att det nu bara \u00e4r ett \u00e5r kvar till n\u00e4sta val, fr\u00e5nsett valet till kyrkofullm\u00e4ktige som ju \u00e4ger rum imorgon.<\/p>\n<p>Den l\u00e4nsomfattande manifestationen fortsatte p\u00e5 Hoppets torg i J\u00f6nk\u00f6ping, d\u00e4r partiordf\u00f6rande Alf Svensson talade. D\u00e4r fanns \u00e4ven fika och m\u00f6jlighet att skjuta m\u00e5l p\u00e5 HV71:s m\u00e5lvakt. Vid manifestationen p\u00e5 Hoppets torg sl\u00e4ppte Kristdemokraterna \u00e4ven en m\u00e4ngd ballonger efter att distriktets ordf\u00f6rande, riksdagsledamoten Maria Larsson, hade talat och hedrat offren vid World Trade Center, New York City, med en tyst minut.<\/p>\n<p>Efter aktiviteterna p\u00e5 Hoppets torg fortsatte j\u00f6nk\u00f6pingsdistriktets kristdemokrater med en kr\u00e4ftskiva d\u00e4r partiordf\u00f6rande Alf Svensson och Kristdemokraternas gruppledare i Riksdagen, G\u00f6ran H\u00e4gglund, drog upp riktlinjerna inf\u00f6r \u00e5ret som \u00e5terst\u00e5r fram till valet 2002. De som deltog vid kr\u00e4ftskivan fick \u00e4ven chansen att gissa valresultatet n\u00e4sta \u00e5r och st\u00e4mma in i alls\u00e5ng ledd av de kristdemokratiska kommunalr\u00e5den i J\u00f6nk\u00f6pings l\u00e4n \u2013 i sanning ett unikt \u00f6gonblick i v\u00e4rldshistorien.<\/p>\n","protected":false},"excerpt":{"rendered":"<p>Idag sparkade Kristdemokraterna V\u00e4rnamo ig\u00e5ng valr\u00f6relsen p\u00e5 allvar. F\u00f6r att uppm\u00e4rksamma stadsvandrarna p\u00e5 att det bara \u00e4r ett \u00e5r kvar till ordinarie val till riksdag, landstings- och kommunfullm\u00e4ktige genomf\u00f6rde man en manifestation i l\u00e4nets st\u00e4der, bland annat V\u00e4rnamo.<\/p>\n","protected":false},"author":412,"featured_media":9638,"comment_status":"closed","ping_status":"closed","sticky":false,"template":"","format":"standard","meta":{"_acf_changed":false,"footnotes":""},"categories":[11],"tags":[243,117,168,48,566,122,63,46,62],"class_list":["post-1899","post","type-post","status-publish","format-standard","hentry","category-nyheter","tag-alf-svensson","tag-goran-hagglund","tag-gruppledare","tag-kommunfullmaktige","tag-kraftskiva","tag-landstingsfullmaktige","tag-riksdagen","tag-riksdagsledamot","tag-valrorelse"],"acf":[],"yoast_head":"<!-- This site is optimized with the Yoast SEO plugin v27.4 - https:\/\/yoast.com\/product\/yoast-seo-wordpress\/ -->\n<title>Ett \u00e5r kvar till valet - KRISTDEMOKRATERNA V\u00c4RNAMO<\/title>\n<meta name=\"robots\" content=\"index, follow, max-snippet:-1, max-image-preview:large, max-video-preview:-1\" \/>\n<link rel=\"canonical\" href=\"https:\/\/wp.kristdemokraterna.se\/varnamo\/2001\/09\/15\/ett-ar-kvar-till-valet\/\" \/>\n<meta property=\"og:locale\" content=\"sv_SE\" \/>\n<meta property=\"og:type\" content=\"article\" \/>\n<meta property=\"og:title\" content=\"Ett \u00e5r kvar till valet - KRISTDEMOKRATERNA V\u00c4RNAMO\" \/>\n<meta property=\"og:description\" content=\"Idag sparkade Kristdemokraterna V\u00e4rnamo ig\u00e5ng valr\u00f6relsen p\u00e5 allvar. F\u00f6r att uppm\u00e4rksamma stadsvandrarna p\u00e5 att det bara \u00e4r ett \u00e5r kvar till ordinarie val till riksdag, landstings- och kommunfullm\u00e4ktige genomf\u00f6rde man en manifestation i l\u00e4nets st\u00e4der, bland annat V\u00e4rnamo.\" \/>\n<meta property=\"og:url\" content=\"https:\/\/wp.kristdemokraterna.se\/varnamo\/2001\/09\/15\/ett-ar-kvar-till-valet\/\" \/>\n<meta property=\"og:site_name\" content=\"KRISTDEMOKRATERNA V\u00c4RNAMO\" \/>\n<meta property=\"article:publisher\" content=\"https:\/\/www.facebook.com\/KDVarnamo\/\" \/>\n<meta property=\"article:published_time\" content=\"2001-09-15T19:37:00+00:00\" \/>\n<meta property=\"article:modified_time\" content=\"2014-08-14T12:10:14+00:00\" \/>\n<meta property=\"og:image\" content=\"https:\/\/wp.kristdemokraterna.se\/varnamo\/files\/2022\/08\/va\u2560ernamo-sida-bla-300dpi.png\" \/>\n\t<meta property=\"og:image:width\" content=\"1485\" \/>\n\t<meta property=\"og:image:height\" content=\"681\" \/>\n\t<meta property=\"og:image:type\" content=\"image\/png\" \/>\n<meta name=\"author\" content=\"Kristdemokraterna V\u00e4rnamo\" \/>\n<meta name=\"twitter:card\" content=\"summary_large_image\" \/>\n<meta name=\"twitter:creator\" content=\"@KDVarnamo\" \/>\n<meta name=\"twitter:site\" content=\"@KDVarnamo\" \/>\n<meta name=\"twitter:label1\" content=\"Skriven av\" \/>\n\t<meta name=\"twitter:data1\" content=\"Kristdemokraterna V\u00e4rnamo\" \/>\n\t<meta name=\"twitter:label2\" content=\"Ber\u00e4knad l\u00e4stid\" \/>\n\t<meta name=\"twitter:data2\" content=\"1 minut\" \/>\n<script type=\"application\/ld+json\" class=\"yoast-schema-graph\">{\"@context\":\"https:\\\/\\\/schema.org\",\"@graph\":[{\"@type\":\"Article\",\"@id\":\"https:\\\/\\\/wp.kristdemokraterna.se\\\/varnamo\\\/2001\\\/09\\\/15\\\/ett-ar-kvar-till-valet\\\/#article\",\"isPartOf\":{\"@id\":\"https:\\\/\\\/wp.kristdemokraterna.se\\\/varnamo\\\/2001\\\/09\\\/15\\\/ett-ar-kvar-till-valet\\\/\"},\"author\":{\"name\":\"Kristdemokraterna V\u00e4rnamo\",\"@id\":\"https:\\\/\\\/wp.kristdemokraterna.se\\\/varnamo\\\/#\\\/schema\\\/person\\\/4e339ab04d613699e4dfe80a994e01d4\"},\"headline\":\"Ett \u00e5r kvar till valet\",\"datePublished\":\"2001-09-15T19:37:00+00:00\",\"dateModified\":\"2014-08-14T12:10:14+00:00\",\"mainEntityOfPage\":{\"@id\":\"https:\\\/\\\/wp.kristdemokraterna.se\\\/varnamo\\\/2001\\\/09\\\/15\\\/ett-ar-kvar-till-valet\\\/\"},\"wordCount\":283,\"publisher\":{\"@id\":\"https:\\\/\\\/wp.kristdemokraterna.se\\\/varnamo\\\/#organization\"},\"image\":{\"@id\":\"https:\\\/\\\/wp.kristdemokraterna.se\\\/varnamo\\\/2001\\\/09\\\/15\\\/ett-ar-kvar-till-valet\\\/#primaryimage\"},\"thumbnailUrl\":\"https:\\\/\\\/wp.kristdemokraterna.se\\\/varnamo\\\/files\\\/2022\\\/08\\\/kd-logo-blue.png\",\"keywords\":[\"Alf Svensson\",\"G\u00f6ran H\u00e4gglund\",\"gruppledare\",\"kommunfullm\u00e4ktige\",\"kr\u00e4ftskiva\",\"landstingsfullm\u00e4ktige\",\"riksdagen\",\"riksdagsledamot\",\"valr\u00f6relse\"],\"articleSection\":[\"Nyheter\"],\"inLanguage\":\"sv-SE\"},{\"@type\":\"WebPage\",\"@id\":\"https:\\\/\\\/wp.kristdemokraterna.se\\\/varnamo\\\/2001\\\/09\\\/15\\\/ett-ar-kvar-till-valet\\\/\",\"url\":\"https:\\\/\\\/wp.kristdemokraterna.se\\\/varnamo\\\/2001\\\/09\\\/15\\\/ett-ar-kvar-till-valet\\\/\",\"name\":\"Ett \u00e5r kvar till valet - KRISTDEMOKRATERNA V\u00c4RNAMO\",\"isPartOf\":{\"@id\":\"https:\\\/\\\/wp.kristdemokraterna.se\\\/varnamo\\\/#website\"},\"primaryImageOfPage\":{\"@id\":\"https:\\\/\\\/wp.kristdemokraterna.se\\\/varnamo\\\/2001\\\/09\\\/15\\\/ett-ar-kvar-till-valet\\\/#primaryimage\"},\"image\":{\"@id\":\"https:\\\/\\\/wp.kristdemokraterna.se\\\/varnamo\\\/2001\\\/09\\\/15\\\/ett-ar-kvar-till-valet\\\/#primaryimage\"},\"thumbnailUrl\":\"https:\\\/\\\/wp.kristdemokraterna.se\\\/varnamo\\\/files\\\/2022\\\/08\\\/kd-logo-blue.png\",\"datePublished\":\"2001-09-15T19:37:00+00:00\",\"dateModified\":\"2014-08-14T12:10:14+00:00\",\"breadcrumb\":{\"@id\":\"https:\\\/\\\/wp.kristdemokraterna.se\\\/varnamo\\\/2001\\\/09\\\/15\\\/ett-ar-kvar-till-valet\\\/#breadcrumb\"},\"inLanguage\":\"sv-SE\",\"potentialAction\":[{\"@type\":\"ReadAction\",\"target\":[\"https:\\\/\\\/wp.kristdemokraterna.se\\\/varnamo\\\/2001\\\/09\\\/15\\\/ett-ar-kvar-till-valet\\\/\"]}]},{\"@type\":\"ImageObject\",\"inLanguage\":\"sv-SE\",\"@id\":\"https:\\\/\\\/wp.kristdemokraterna.se\\\/varnamo\\\/2001\\\/09\\\/15\\\/ett-ar-kvar-till-valet\\\/#primaryimage\",\"url\":\"https:\\\/\\\/wp.kristdemokraterna.se\\\/varnamo\\\/files\\\/2022\\\/08\\\/kd-logo-blue.png\",\"contentUrl\":\"https:\\\/\\\/wp.kristdemokraterna.se\\\/varnamo\\\/files\\\/2022\\\/08\\\/kd-logo-blue.png\",\"width\":2000,\"height\":2000,\"caption\":\"Kristdemokraternas logotyp\"},{\"@type\":\"BreadcrumbList\",\"@id\":\"https:\\\/\\\/wp.kristdemokraterna.se\\\/varnamo\\\/2001\\\/09\\\/15\\\/ett-ar-kvar-till-valet\\\/#breadcrumb\",\"itemListElement\":[{\"@type\":\"ListItem\",\"position\":1,\"name\":\"Hem\",\"item\":\"https:\\\/\\\/wp.kristdemokraterna.se\\\/varnamo\\\/\"},{\"@type\":\"ListItem\",\"position\":2,\"name\":\"Ett \u00e5r kvar till valet\"}]},{\"@type\":\"WebSite\",\"@id\":\"https:\\\/\\\/wp.kristdemokraterna.se\\\/varnamo\\\/#website\",\"url\":\"https:\\\/\\\/wp.kristdemokraterna.se\\\/varnamo\\\/\",\"name\":\"KRISTDEMOKRATERNA V\u00c4RNAMO\",\"description\":\"Med hj\u00e4rta f\u00f6r V\u00e4rnamo\",\"publisher\":{\"@id\":\"https:\\\/\\\/wp.kristdemokraterna.se\\\/varnamo\\\/#organization\"},\"inLanguage\":\"sv-SE\"},{\"@type\":\"Organization\",\"@id\":\"https:\\\/\\\/wp.kristdemokraterna.se\\\/varnamo\\\/#organization\",\"name\":\"Kristdemokraterna V\u00e4rnamo\",\"url\":\"https:\\\/\\\/wp.kristdemokraterna.se\\\/varnamo\\\/\",\"logo\":{\"@type\":\"ImageObject\",\"inLanguage\":\"sv-SE\",\"@id\":\"https:\\\/\\\/wp.kristdemokraterna.se\\\/varnamo\\\/#\\\/schema\\\/logo\\\/image\\\/\",\"url\":\"https:\\\/\\\/wp.kristdemokraterna.se\\\/varnamo\\\/files\\\/2022\\\/08\\\/va\u2560ernamo-sida-bla-300dpi.png\",\"contentUrl\":\"https:\\\/\\\/wp.kristdemokraterna.se\\\/varnamo\\\/files\\\/2022\\\/08\\\/va\u2560ernamo-sida-bla-300dpi.png\",\"width\":1485,\"height\":681,\"caption\":\"Kristdemokraterna V\u00e4rnamo\"},\"image\":{\"@id\":\"https:\\\/\\\/wp.kristdemokraterna.se\\\/varnamo\\\/#\\\/schema\\\/logo\\\/image\\\/\"},\"sameAs\":[\"https:\\\/\\\/www.facebook.com\\\/KDVarnamo\\\/\",\"https:\\\/\\\/x.com\\\/KDVarnamo\",\"https:\\\/\\\/www.instagram.com\\\/\",\"https:\\\/\\\/www.youtube.com\\\/user\\\/studiokd\\\/videos\"]},{\"@type\":\"Person\",\"@id\":\"https:\\\/\\\/wp.kristdemokraterna.se\\\/varnamo\\\/#\\\/schema\\\/person\\\/4e339ab04d613699e4dfe80a994e01d4\",\"name\":\"Kristdemokraterna V\u00e4rnamo\",\"image\":{\"@type\":\"ImageObject\",\"inLanguage\":\"sv-SE\",\"@id\":\"https:\\\/\\\/secure.gravatar.com\\\/avatar\\\/c122e48c7723992af51eb155eeaa93db3c1fa324e3fc6ec45dd712c812809b5b?s=96&r=g\",\"url\":\"https:\\\/\\\/secure.gravatar.com\\\/avatar\\\/c122e48c7723992af51eb155eeaa93db3c1fa324e3fc6ec45dd712c812809b5b?s=96&r=g\",\"contentUrl\":\"https:\\\/\\\/secure.gravatar.com\\\/avatar\\\/c122e48c7723992af51eb155eeaa93db3c1fa324e3fc6ec45dd712c812809b5b?s=96&r=g\",\"caption\":\"Kristdemokraterna V\u00e4rnamo\"},\"description\":\"Familjens r\u00f6st\",\"sameAs\":[\"http:\\\/\\\/www.varnamo.kristdemokraterna.se\"],\"url\":\"https:\\\/\\\/wp.kristdemokraterna.se\\\/varnamo\\\/author\\\/varnamo\\\/\"}]}<\/script>\n<!-- \/ Yoast SEO plugin. -->","yoast_head_json":{"title":"Ett \u00e5r kvar till valet - KRISTDEMOKRATERNA V\u00c4RNAMO","robots":{"index":"index","follow":"follow","max-snippet":"max-snippet:-1","max-image-preview":"max-image-preview:large","max-video-preview":"max-video-preview:-1"},"canonical":"https:\/\/wp.kristdemokraterna.se\/varnamo\/2001\/09\/15\/ett-ar-kvar-till-valet\/","og_locale":"sv_SE","og_type":"article","og_title":"Ett \u00e5r kvar till valet - KRISTDEMOKRATERNA V\u00c4RNAMO","og_description":"Idag sparkade Kristdemokraterna V\u00e4rnamo ig\u00e5ng valr\u00f6relsen p\u00e5 allvar. F\u00f6r att uppm\u00e4rksamma stadsvandrarna p\u00e5 att det bara \u00e4r ett \u00e5r kvar till ordinarie val till riksdag, landstings- och kommunfullm\u00e4ktige genomf\u00f6rde man en manifestation i l\u00e4nets st\u00e4der, bland annat V\u00e4rnamo.","og_url":"https:\/\/wp.kristdemokraterna.se\/varnamo\/2001\/09\/15\/ett-ar-kvar-till-valet\/","og_site_name":"KRISTDEMOKRATERNA V\u00c4RNAMO","article_publisher":"https:\/\/www.facebook.com\/KDVarnamo\/","article_published_time":"2001-09-15T19:37:00+00:00","article_modified_time":"2014-08-14T12:10:14+00:00","og_image":[{"width":1485,"height":681,"url":"https:\/\/wp.kristdemokraterna.se\/varnamo\/files\/2022\/08\/va\u2560ernamo-sida-bla-300dpi.png","type":"image\/png"}],"author":"Kristdemokraterna V\u00e4rnamo","twitter_card":"summary_large_image","twitter_creator":"@KDVarnamo","twitter_site":"@KDVarnamo","twitter_misc":{"Skriven av":"Kristdemokraterna V\u00e4rnamo","Ber\u00e4knad l\u00e4stid":"1 minut"},"schema":{"@context":"https:\/\/schema.org","@graph":[{"@type":"Article","@id":"https:\/\/wp.kristdemokraterna.se\/varnamo\/2001\/09\/15\/ett-ar-kvar-till-valet\/#article","isPartOf":{"@id":"https:\/\/wp.kristdemokraterna.se\/varnamo\/2001\/09\/15\/ett-ar-kvar-till-valet\/"},"author":{"name":"Kristdemokraterna V\u00e4rnamo","@id":"https:\/\/wp.kristdemokraterna.se\/varnamo\/#\/schema\/person\/4e339ab04d613699e4dfe80a994e01d4"},"headline":"Ett \u00e5r kvar till valet","datePublished":"2001-09-15T19:37:00+00:00","dateModified":"2014-08-14T12:10:14+00:00","mainEntityOfPage":{"@id":"https:\/\/wp.kristdemokraterna.se\/varnamo\/2001\/09\/15\/ett-ar-kvar-till-valet\/"},"wordCount":283,"publisher":{"@id":"https:\/\/wp.kristdemokraterna.se\/varnamo\/#organization"},"image":{"@id":"https:\/\/wp.kristdemokraterna.se\/varnamo\/2001\/09\/15\/ett-ar-kvar-till-valet\/#primaryimage"},"thumbnailUrl":"https:\/\/wp.kristdemokraterna.se\/varnamo\/files\/2022\/08\/kd-logo-blue.png","keywords":["Alf Svensson","G\u00f6ran H\u00e4gglund","gruppledare","kommunfullm\u00e4ktige","kr\u00e4ftskiva","landstingsfullm\u00e4ktige","riksdagen","riksdagsledamot","valr\u00f6relse"],"articleSection":["Nyheter"],"inLanguage":"sv-SE"},{"@type":"WebPage","@id":"https:\/\/wp.kristdemokraterna.se\/varnamo\/2001\/09\/15\/ett-ar-kvar-till-valet\/","url":"https:\/\/wp.kristdemokraterna.se\/varnamo\/2001\/09\/15\/ett-ar-kvar-till-valet\/","name":"Ett \u00e5r kvar till valet - KRISTDEMOKRATERNA V\u00c4RNAMO","isPartOf":{"@id":"https:\/\/wp.kristdemokraterna.se\/varnamo\/#website"},"primaryImageOfPage":{"@id":"https:\/\/wp.kristdemokraterna.se\/varnamo\/2001\/09\/15\/ett-ar-kvar-till-valet\/#primaryimage"},"image":{"@id":"https:\/\/wp.kristdemokraterna.se\/varnamo\/2001\/09\/15\/ett-ar-kvar-till-valet\/#primaryimage"},"thumbnailUrl":"https:\/\/wp.kristdemokraterna.se\/varnamo\/files\/2022\/08\/kd-logo-blue.png","datePublished":"2001-09-15T19:37:00+00:00","dateModified":"2014-08-14T12:10:14+00:00","breadcrumb":{"@id":"https:\/\/wp.kristdemokraterna.se\/varnamo\/2001\/09\/15\/ett-ar-kvar-till-valet\/#breadcrumb"},"inLanguage":"sv-SE","potentialAction":[{"@type":"ReadAction","target":["https:\/\/wp.kristdemokraterna.se\/varnamo\/2001\/09\/15\/ett-ar-kvar-till-valet\/"]}]},{"@type":"ImageObject","inLanguage":"sv-SE","@id":"https:\/\/wp.kristdemokraterna.se\/varnamo\/2001\/09\/15\/ett-ar-kvar-till-valet\/#primaryimage","url":"https:\/\/wp.kristdemokraterna.se\/varnamo\/files\/2022\/08\/kd-logo-blue.png","contentUrl":"https:\/\/wp.kristdemokraterna.se\/varnamo\/files\/2022\/08\/kd-logo-blue.png","width":2000,"height":2000,"caption":"Kristdemokraternas logotyp"},{"@type":"BreadcrumbList","@id":"https:\/\/wp.kristdemokraterna.se\/varnamo\/2001\/09\/15\/ett-ar-kvar-till-valet\/#breadcrumb","itemListElement":[{"@type":"ListItem","position":1,"name":"Hem","item":"https:\/\/wp.kristdemokraterna.se\/varnamo\/"},{"@type":"ListItem","position":2,"name":"Ett \u00e5r kvar till valet"}]},{"@type":"WebSite","@id":"https:\/\/wp.kristdemokraterna.se\/varnamo\/#website","url":"https:\/\/wp.kristdemokraterna.se\/varnamo\/","name":"KRISTDEMOKRATERNA V\u00c4RNAMO","description":"Med hj\u00e4rta f\u00f6r V\u00e4rnamo","publisher":{"@id":"https:\/\/wp.kristdemokraterna.se\/varnamo\/#organization"},"inLanguage":"sv-SE"},{"@type":"Organization","@id":"https:\/\/wp.kristdemokraterna.se\/varnamo\/#organization","name":"Kristdemokraterna V\u00e4rnamo","url":"https:\/\/wp.kristdemokraterna.se\/varnamo\/","logo":{"@type":"ImageObject","inLanguage":"sv-SE","@id":"https:\/\/wp.kristdemokraterna.se\/varnamo\/#\/schema\/logo\/image\/","url":"https:\/\/wp.kristdemokraterna.se\/varnamo\/files\/2022\/08\/va\u2560ernamo-sida-bla-300dpi.png","contentUrl":"https:\/\/wp.kristdemokraterna.se\/varnamo\/files\/2022\/08\/va\u2560ernamo-sida-bla-300dpi.png","width":1485,"height":681,"caption":"Kristdemokraterna V\u00e4rnamo"},"image":{"@id":"https:\/\/wp.kristdemokraterna.se\/varnamo\/#\/schema\/logo\/image\/"},"sameAs":["https:\/\/www.facebook.com\/KDVarnamo\/","https:\/\/x.com\/KDVarnamo","https:\/\/www.instagram.com\/","https:\/\/www.youtube.com\/user\/studiokd\/videos"]},{"@type":"Person","@id":"https:\/\/wp.kristdemokraterna.se\/varnamo\/#\/schema\/person\/4e339ab04d613699e4dfe80a994e01d4","name":"Kristdemokraterna V\u00e4rnamo","image":{"@type":"ImageObject","inLanguage":"sv-SE","@id":"https:\/\/secure.gravatar.com\/avatar\/c122e48c7723992af51eb155eeaa93db3c1fa324e3fc6ec45dd712c812809b5b?s=96&r=g","url":"https:\/\/secure.gravatar.com\/avatar\/c122e48c7723992af51eb155eeaa93db3c1fa324e3fc6ec45dd712c812809b5b?s=96&r=g","contentUrl":"https:\/\/secure.gravatar.com\/avatar\/c122e48c7723992af51eb155eeaa93db3c1fa324e3fc6ec45dd712c812809b5b?s=96&r=g","caption":"Kristdemokraterna V\u00e4rnamo"},"description":"Familjens r\u00f6st","sameAs":["http:\/\/www.varnamo.kristdemokraterna.se"],"url":"https:\/\/wp.kristdemokraterna.se\/varnamo\/author\/varnamo\/"}]}},"_links":{"self":[{"href":"https:\/\/wp.kristdemokraterna.se\/varnamo\/wp-json\/wp\/v2\/posts\/1899","targetHints":{"allow":["GET"]}}],"collection":[{"href":"https:\/\/wp.kristdemokraterna.se\/varnamo\/wp-json\/wp\/v2\/posts"}],"about":[{"href":"https:\/\/wp.kristdemokraterna.se\/varnamo\/wp-json\/wp\/v2\/types\/post"}],"author":[{"embeddable":true,"href":"https:\/\/wp.kristdemokraterna.se\/varnamo\/wp-json\/wp\/v2\/users\/412"}],"replies":[{"embeddable":true,"href":"https:\/\/wp.kristdemokraterna.se\/varnamo\/wp-json\/wp\/v2\/comments?post=1899"}],"version-history":[{"count":3,"href":"https:\/\/wp.kristdemokraterna.se\/varnamo\/wp-json\/wp\/v2\/posts\/1899\/revisions"}],"predecessor-version":[{"id":3551,"href":"https:\/\/wp.kristdemokraterna.se\/varnamo\/wp-json\/wp\/v2\/posts\/1899\/revisions\/3551"}],"wp:featuredmedia":[{"embeddable":true,"href":"https:\/\/wp.kristdemokraterna.se\/varnamo\/wp-json\/wp\/v2\/media\/9638"}],"wp:attachment":[{"href":"https:\/\/wp.kristdemokraterna.se\/varnamo\/wp-json\/wp\/v2\/media?parent=1899"}],"wp:term":[{"taxonomy":"category","embeddable":true,"href":"https:\/\/wp.kristdemokraterna.se\/varnamo\/wp-json\/wp\/v2\/categories?post=1899"},{"taxonomy":"post_tag","embeddable":true,"href":"https:\/\/wp.kristdemokraterna.se\/varnamo\/wp-json\/wp\/v2\/tags?post=1899"}],"curies":[{"name":"wp","href":"https:\/\/api.w.org\/{rel}","templated":true}]}}