{"id":1902,"date":"2002-02-22T21:37:00","date_gmt":"2002-02-22T20:37:00","guid":{"rendered":"http:\/\/localhost:4901\/?p=1901"},"modified":"2015-07-12T21:00:16","modified_gmt":"2015-07-12T19:00:16","slug":"riksdagsvittring-for-fjordevik","status":"publish","type":"post","link":"https:\/\/wp.kristdemokraterna.se\/varnamo\/2002\/02\/22\/riksdagsvittring-for-fjordevik\/","title":{"rendered":"Riksdagsvittring f\u00f6r Fjordevik"},"content":{"rendered":"<p><q title=\"Arnold Carlsson, Kristdemokraterna V\u00e4rnamo\">Det \u00e4r briljant att av de sex f\u00f6rsta namnen p\u00e5 Kristdemokraternas riksdagslista kommer h\u00e4lften fr\u00e5n Gnosj\u00f6regionen!<\/q> kommenterade Arnold Carlzon resultatatet av j\u00f6nk\u00f6pingsdistriktets nomineringsst\u00e4mma. P\u00e5 fj\u00e4rde plats, direkt efter de nuvarande riksdagsledam\u00f6terna fr\u00e5n l\u00e4net, Alf Svensson, G\u00f6ran H\u00e4gglund och Maria Larsson, m\u00e4rks en ung IT-f\u00f6retagare fr\u00e5n Tran\u00e5s \u2013 Johan Broman, 26 \u00e5r.<\/p>\n<p><!--more-->Kristdemokraternas j\u00f6nk\u00f6pingsdistrikt\u00a0h\u00f6ll sin nomineringsst\u00e4mma inf\u00f6r valen till Riksdagen och landstingsfullm\u00e4ktige\u00a0p\u00e5 S\u00f6dra V\u00e4tterbygdens folkh\u00f6gskola i J\u00f6nk\u00f6ping\u00a0under fredagskv\u00e4llen. Vid st\u00e4mman fastst\u00e4lldes riksdagsvalsedeln,\u00a0som har Christer Fjordevik\u00a0fr\u00e5n V\u00e4rnamo p\u00e5 sj\u00e4tte plats. <q title=\"Citat: Arnold Carlzon\">Den\u00a0spekulativt lagde inser att vid ett framg\u00e5ngsrikt val f\u00f6r Kristdemokraterna\u00a0och en borgerlig valseger kommer troligen Alf Svensson, G\u00f6ran H\u00e4gglund\u00a0och Maria Larsson att \u00e5terfinnas i Regeringen. D\u00e5 blir Christer\u00a0Fjordevik riksdagsledamot!<\/q> s\u00e4ger Arnold Carlzon, ordf\u00f6rande\u00a0f\u00f6r Kristdemokraterna V\u00e4rnamo och ledamot i nomineringskommitt\u00e9n,\u00a0med ett n\u00f6jt leende.<\/p>\n<p><q title=\"Citat: Arnold Carlzon\">Nomineringskommitt\u00e9n har m\u00e5lmedvetet satsat p\u00e5 att f\u00e5 med unga kandidater p\u00e5 valsedlarna<\/q>, forts\u00e4tter Carlzon. <q title=\"Citat: Arnold Carlzon\">P\u00e5 riksdagslistan \u00e4r t ex fyra av kandidaterna under 30 \u00e5r. Snitt\u00e5ldern p\u00e5 listorna har s\u00e4nkts rej\u00e4lt. M\u00e5ls\u00e4ttningen i valet \u00e4r att var fj\u00e4rde r\u00f6st i l\u00e4net ska vara en r\u00f6st p\u00e5 Kristdemokraterna, vilket ger nya mandat i b\u00e5de riksdag och landsting.<\/q><\/p>\n<p>Riksdagslistan toppas naturligvis av partiordf\u00f6randen Alf Svensson fr\u00e5n Gr\u00e4nna och forts\u00e4tter med G\u00f6ran H\u00e4gglund, Bankeryd, Maria Larsson, Gnosj\u00f6, Johan Broman, Tran\u00e5s, Lise-Lotte Jonasson, Hestra och Christer Fjordevik, V\u00e4rnamo.<\/p>\n<p>Landstingsvalsedlarna f\u00f6r V\u00e4rnamo\/Vaggeryd toppas av Stefan Thors\u00e9n, V\u00e4rnamo, Marianne Andersson, Skillingaryd, Arnold Carlzon, V\u00e4rnamo, Monica Dahlgren, V\u00e4rnamo och Onny Ryd\u00e9n, Vaggeryd.<\/p>\n<h1>Presentation av toppkandidaterna p\u00e5 riksdagslistan<\/h1>\n<dl>\n<dt>1. Alf Svensson, Gr\u00e4nna.<\/dt>\n<dd>F\u00f6dd 1938, partiledare, riksdagsledamot sedan 1991.<br \/>\n<em>e-post:<\/em> <a title=\"Skicka e-post till Alf Svensson\" href=\"mailto:alf.svensson@kristdemokraterna.se\">alf.svensson@kristdemokraterna.se<\/a><\/dd>\n<dt>2. G\u00f6ran H\u00e4gglund, Bankeryd.<\/dt>\n<dd>43 \u00e5r och gruppledare i riksdagen, riksdagsledamot sedan 1991. Idrottsintresserad med Degerfors IF som favoritlag i fotboll, HV 71 i ishockey. Musikaliskt blir det mycket jazz blandat med lika delar rock och opera.<br \/>\n<em>e-post:<\/em> <a title=\"Skicka e-post till G\u00f6ran H\u00e4gglund\" href=\"mailto:goran.hagglund@kristdemokraterna.se\">goran.hagglund@kristdemokraterna.se<\/a><\/dd>\n<dt>3. Maria Larsson, Gnosj\u00f6.<\/dt>\n<dd>Av den klassiska \u00e5rg\u00e5ngen 1956. \u00d6vergav l\u00e4rarjobbet f\u00f6r att 1998 bli riksdagsledamot. Har jobbat med arbetsmarknads- och utbildningsfr\u00e5gor i riksdagen. Livet f\u00e5r guldkant av samvaro med familj och v\u00e4nner, ett teaterbes\u00f6k, en jazzkonsert, en god bok och en l\u00e4cker kaka till kaffet! Samlar p\u00e5 gnosj\u00f6anda som jag ocks\u00e5 f\u00f6rs\u00f6ker dela ut.<br \/>\n<em>e-post:<\/em> <a title=\"Skicka e-post till Maria Larsson\" href=\"mailto:maria.larsson@kristdemokraterna.se\">maria.larsson@kristdemokraterna.se<\/a><\/dd>\n<dt>4. Johan Broman, Tran\u00e5s.<\/dt>\n<dd>26 \u00e5r och egen f\u00f6retagare inom it och telefoni. Ledamot i kommunfullm\u00e4ktige i Tran\u00e5s sedan 1998 och ordf\u00f6rande i kultur- och fritidsn\u00e4mnden. Musik \u00e4r ett stort fritidsintresse, sjunger bl. a i k\u00f6r. Samlar p\u00e5 namnbrickor som man f\u00e5r vid konferenser och liknande samlingar. Missar inte ett avsnitt av Rederiet och syr sina egna gardiner.<br \/>\n<em>e-post:<\/em> <a title=\"Skicka e-post till Johan Broman\" href=\"mailto:johan.broman@kristdemokraterna.se\">johan.broman@kristdemokraterna.se<\/a><\/dd>\n<dt>5. Lise-Lotte Jonasson, Hestra.<\/dt>\n<dd>46 \u00e5r och arbetar som utvecklingsledare i Gislaveds kommun. Tog v\u00e5ren 2001 en Fil.magexamen i ledarskap och organisation. \u00c4r ledamot i landstingsfullm\u00e4ktige och kommunfullm\u00e4ktige. Promenerar g\u00e4rna i skogen p\u00e5 fritiden.<br \/>\n<em>e-post:<\/em> <a title=\"Skicka e-post till Lise-Lotte Jonasson\" href=\"mailto:lise-lotte.jonasson@kristdemokraterna.se\">lise-lotte.jonasson@kristdemokraterna.se<\/a><\/dd>\n<dt>6. Christer Fjordevik, V\u00e4rnamo.<\/dt>\n<dd>F\u00f6dd 1945, pr\u00e4st i Svenska kyrkan i V\u00e4rnamo, teologie doktor och forskare inom diakonik. Sedan 1989 ordf\u00f6rande f\u00f6r Barn- och Utbildningsn\u00e4mnden i V\u00e4rnamo kommun. \u00c4r just nu s\u00e4rskilt intresserad av tjeckiska f\u00f6rfattare, som jag tycker odlar en s\u00e4rskild humor, inte minst n\u00e4r de driver med det gamla kommunistiska systemet. Brukar s\u00e4ga att jag \u00e4r intresserad av tr\u00e4dg\u00e5rd, men det v\u00e5gar jag inte i \u00e5r, eftersom jag varken har hunnit med mitt tr\u00e4dg\u00e5rdsland eller v\u00e4xthus.<br \/>\n<em>e-post:<\/em> <a title=\"Skicka e-post till Christer Fjordevik\" href=\"mailto:christer.fjordevik@kristdemokraterna.se\">christer.fjordevik@kristdemokraterna.se<\/a><\/dd>\n<\/dl>\n","protected":false},"excerpt":{"rendered":"<p>Det \u00e4r briljant att av de sex f\u00f6rsta namnen p\u00e5 Kristdemokraternas riksdagslista kommer h\u00e4lften fr\u00e5n Gnosj\u00f6regionen! kommenterade Arnold Carlzon resultatatet av j\u00f6nk\u00f6pingsdistriktets nomineringsst\u00e4mma. P\u00e5 fj\u00e4rde plats, direkt efter de nuvarande riksdagsledam\u00f6terna fr\u00e5n l\u00e4net, Alf Svensson, G\u00f6ran H\u00e4gglund och Maria Larsson, m\u00e4rks en ung IT-f\u00f6retagare fr\u00e5n Tran\u00e5s \u2013 Johan Broman, 26 \u00e5r.<\/p>\n","protected":false},"author":412,"featured_media":3784,"comment_status":"closed","ping_status":"closed","sticky":false,"template":"","format":"standard","meta":{"_acf_changed":false,"footnotes":""},"categories":[11],"tags":[243,22,24,117,350,70,325,68,153,351,417,205,352,63,46,266,62,212],"class_list":["post-1902","post","type-post","status-publish","format-standard","hentry","category-nyheter","tag-alf-svensson","tag-arnold-carlzon","tag-christer-fjordevik","tag-goran-hagglund","tag-johan-broman","tag-landstinget","tag-lise-lotte-jonasson","tag-maria-larsson","tag-marianne-andersson","tag-monica-dahlgren","tag-nomineringar","tag-nomineringsstamma","tag-onny-ryden","tag-riksdagen","tag-riksdagsledamot","tag-stefan-thorsen","tag-valrorelse","tag-valsedlar"],"acf":[],"yoast_head":"<!-- This site is optimized with the Yoast SEO plugin v27.4 - https:\/\/yoast.com\/product\/yoast-seo-wordpress\/ -->\n<title>Riksdagsvittring f\u00f6r Fjordevik - KRISTDEMOKRATERNA V\u00c4RNAMO<\/title>\n<meta name=\"robots\" content=\"index, follow, max-snippet:-1, max-image-preview:large, max-video-preview:-1\" \/>\n<link rel=\"canonical\" href=\"https:\/\/wp.kristdemokraterna.se\/varnamo\/2002\/02\/22\/riksdagsvittring-for-fjordevik\/\" \/>\n<meta property=\"og:locale\" content=\"sv_SE\" \/>\n<meta property=\"og:type\" content=\"article\" \/>\n<meta property=\"og:title\" content=\"Riksdagsvittring f\u00f6r Fjordevik - KRISTDEMOKRATERNA V\u00c4RNAMO\" \/>\n<meta property=\"og:description\" content=\"Det \u00e4r briljant att av de sex f\u00f6rsta namnen p\u00e5 Kristdemokraternas riksdagslista kommer h\u00e4lften fr\u00e5n Gnosj\u00f6regionen! kommenterade Arnold Carlzon resultatatet av j\u00f6nk\u00f6pingsdistriktets nomineringsst\u00e4mma. P\u00e5 fj\u00e4rde plats, direkt efter de nuvarande riksdagsledam\u00f6terna fr\u00e5n l\u00e4net, Alf Svensson, G\u00f6ran H\u00e4gglund och Maria Larsson, m\u00e4rks en ung IT-f\u00f6retagare fr\u00e5n Tran\u00e5s \u2013 Johan Broman, 26 \u00e5r.\" \/>\n<meta property=\"og:url\" content=\"https:\/\/wp.kristdemokraterna.se\/varnamo\/2002\/02\/22\/riksdagsvittring-for-fjordevik\/\" \/>\n<meta property=\"og:site_name\" content=\"KRISTDEMOKRATERNA V\u00c4RNAMO\" \/>\n<meta property=\"article:publisher\" content=\"https:\/\/www.facebook.com\/KDVarnamo\/\" \/>\n<meta property=\"article:published_time\" content=\"2002-02-22T20:37:00+00:00\" \/>\n<meta property=\"article:modified_time\" content=\"2015-07-12T19:00:16+00:00\" \/>\n<meta property=\"og:image\" content=\"https:\/\/wp.kristdemokraterna.se\/varnamo\/files\/2013\/11\/cf.jpg\" \/>\n\t<meta property=\"og:image:width\" content=\"115\" \/>\n\t<meta property=\"og:image:height\" content=\"145\" \/>\n\t<meta property=\"og:image:type\" content=\"image\/jpeg\" \/>\n<meta name=\"author\" content=\"Kristdemokraterna V\u00e4rnamo\" \/>\n<meta name=\"twitter:card\" content=\"summary_large_image\" \/>\n<meta name=\"twitter:creator\" content=\"@KDVarnamo\" \/>\n<meta name=\"twitter:site\" content=\"@KDVarnamo\" \/>\n<meta name=\"twitter:label1\" content=\"Skriven av\" \/>\n\t<meta name=\"twitter:data1\" content=\"Kristdemokraterna V\u00e4rnamo\" \/>\n\t<meta name=\"twitter:label2\" content=\"Ber\u00e4knad l\u00e4stid\" \/>\n\t<meta name=\"twitter:data2\" content=\"3 minuter\" \/>\n<script type=\"application\/ld+json\" class=\"yoast-schema-graph\">{\"@context\":\"https:\\\/\\\/schema.org\",\"@graph\":[{\"@type\":\"Article\",\"@id\":\"https:\\\/\\\/wp.kristdemokraterna.se\\\/varnamo\\\/2002\\\/02\\\/22\\\/riksdagsvittring-for-fjordevik\\\/#article\",\"isPartOf\":{\"@id\":\"https:\\\/\\\/wp.kristdemokraterna.se\\\/varnamo\\\/2002\\\/02\\\/22\\\/riksdagsvittring-for-fjordevik\\\/\"},\"author\":{\"name\":\"Kristdemokraterna V\u00e4rnamo\",\"@id\":\"https:\\\/\\\/wp.kristdemokraterna.se\\\/varnamo\\\/#\\\/schema\\\/person\\\/4e339ab04d613699e4dfe80a994e01d4\"},\"headline\":\"Riksdagsvittring f\u00f6r Fjordevik\",\"datePublished\":\"2002-02-22T20:37:00+00:00\",\"dateModified\":\"2015-07-12T19:00:16+00:00\",\"mainEntityOfPage\":{\"@id\":\"https:\\\/\\\/wp.kristdemokraterna.se\\\/varnamo\\\/2002\\\/02\\\/22\\\/riksdagsvittring-for-fjordevik\\\/\"},\"wordCount\":645,\"publisher\":{\"@id\":\"https:\\\/\\\/wp.kristdemokraterna.se\\\/varnamo\\\/#organization\"},\"image\":{\"@id\":\"https:\\\/\\\/wp.kristdemokraterna.se\\\/varnamo\\\/2002\\\/02\\\/22\\\/riksdagsvittring-for-fjordevik\\\/#primaryimage\"},\"thumbnailUrl\":\"https:\\\/\\\/wp.kristdemokraterna.se\\\/varnamo\\\/files\\\/2013\\\/11\\\/cf.jpg\",\"keywords\":[\"Alf Svensson\",\"Arnold Carlzon\",\"Christer Fjordevik\",\"G\u00f6ran H\u00e4gglund\",\"Johan Broman\",\"landstinget\",\"Lise-Lotte Jonasson\",\"Maria Larsson\",\"Marianne Andersson\",\"Monica Dahlgren\",\"nomineringar\",\"nomineringsst\u00e4mma\",\"Onny Ryd\u00e9n\",\"riksdagen\",\"riksdagsledamot\",\"Stefan Thors\u00e9n\",\"valr\u00f6relse\",\"valsedlar\"],\"articleSection\":[\"Nyheter\"],\"inLanguage\":\"sv-SE\"},{\"@type\":\"WebPage\",\"@id\":\"https:\\\/\\\/wp.kristdemokraterna.se\\\/varnamo\\\/2002\\\/02\\\/22\\\/riksdagsvittring-for-fjordevik\\\/\",\"url\":\"https:\\\/\\\/wp.kristdemokraterna.se\\\/varnamo\\\/2002\\\/02\\\/22\\\/riksdagsvittring-for-fjordevik\\\/\",\"name\":\"Riksdagsvittring f\u00f6r Fjordevik - KRISTDEMOKRATERNA V\u00c4RNAMO\",\"isPartOf\":{\"@id\":\"https:\\\/\\\/wp.kristdemokraterna.se\\\/varnamo\\\/#website\"},\"primaryImageOfPage\":{\"@id\":\"https:\\\/\\\/wp.kristdemokraterna.se\\\/varnamo\\\/2002\\\/02\\\/22\\\/riksdagsvittring-for-fjordevik\\\/#primaryimage\"},\"image\":{\"@id\":\"https:\\\/\\\/wp.kristdemokraterna.se\\\/varnamo\\\/2002\\\/02\\\/22\\\/riksdagsvittring-for-fjordevik\\\/#primaryimage\"},\"thumbnailUrl\":\"https:\\\/\\\/wp.kristdemokraterna.se\\\/varnamo\\\/files\\\/2013\\\/11\\\/cf.jpg\",\"datePublished\":\"2002-02-22T20:37:00+00:00\",\"dateModified\":\"2015-07-12T19:00:16+00:00\",\"breadcrumb\":{\"@id\":\"https:\\\/\\\/wp.kristdemokraterna.se\\\/varnamo\\\/2002\\\/02\\\/22\\\/riksdagsvittring-for-fjordevik\\\/#breadcrumb\"},\"inLanguage\":\"sv-SE\",\"potentialAction\":[{\"@type\":\"ReadAction\",\"target\":[\"https:\\\/\\\/wp.kristdemokraterna.se\\\/varnamo\\\/2002\\\/02\\\/22\\\/riksdagsvittring-for-fjordevik\\\/\"]}]},{\"@type\":\"ImageObject\",\"inLanguage\":\"sv-SE\",\"@id\":\"https:\\\/\\\/wp.kristdemokraterna.se\\\/varnamo\\\/2002\\\/02\\\/22\\\/riksdagsvittring-for-fjordevik\\\/#primaryimage\",\"url\":\"https:\\\/\\\/wp.kristdemokraterna.se\\\/varnamo\\\/files\\\/2013\\\/11\\\/cf.jpg\",\"contentUrl\":\"https:\\\/\\\/wp.kristdemokraterna.se\\\/varnamo\\\/files\\\/2013\\\/11\\\/cf.jpg\",\"width\":115,\"height\":145,\"caption\":\"Christer Fjordevik, Kristdemokraterna V\u00e4rnamo.\"},{\"@type\":\"BreadcrumbList\",\"@id\":\"https:\\\/\\\/wp.kristdemokraterna.se\\\/varnamo\\\/2002\\\/02\\\/22\\\/riksdagsvittring-for-fjordevik\\\/#breadcrumb\",\"itemListElement\":[{\"@type\":\"ListItem\",\"position\":1,\"name\":\"Hem\",\"item\":\"https:\\\/\\\/wp.kristdemokraterna.se\\\/varnamo\\\/\"},{\"@type\":\"ListItem\",\"position\":2,\"name\":\"Riksdagsvittring f\u00f6r Fjordevik\"}]},{\"@type\":\"WebSite\",\"@id\":\"https:\\\/\\\/wp.kristdemokraterna.se\\\/varnamo\\\/#website\",\"url\":\"https:\\\/\\\/wp.kristdemokraterna.se\\\/varnamo\\\/\",\"name\":\"KRISTDEMOKRATERNA V\u00c4RNAMO\",\"description\":\"Med hj\u00e4rta f\u00f6r V\u00e4rnamo\",\"publisher\":{\"@id\":\"https:\\\/\\\/wp.kristdemokraterna.se\\\/varnamo\\\/#organization\"},\"inLanguage\":\"sv-SE\"},{\"@type\":\"Organization\",\"@id\":\"https:\\\/\\\/wp.kristdemokraterna.se\\\/varnamo\\\/#organization\",\"name\":\"Kristdemokraterna V\u00e4rnamo\",\"url\":\"https:\\\/\\\/wp.kristdemokraterna.se\\\/varnamo\\\/\",\"logo\":{\"@type\":\"ImageObject\",\"inLanguage\":\"sv-SE\",\"@id\":\"https:\\\/\\\/wp.kristdemokraterna.se\\\/varnamo\\\/#\\\/schema\\\/logo\\\/image\\\/\",\"url\":\"https:\\\/\\\/wp.kristdemokraterna.se\\\/varnamo\\\/files\\\/2022\\\/08\\\/va\u2560ernamo-sida-bla-300dpi.png\",\"contentUrl\":\"https:\\\/\\\/wp.kristdemokraterna.se\\\/varnamo\\\/files\\\/2022\\\/08\\\/va\u2560ernamo-sida-bla-300dpi.png\",\"width\":1485,\"height\":681,\"caption\":\"Kristdemokraterna V\u00e4rnamo\"},\"image\":{\"@id\":\"https:\\\/\\\/wp.kristdemokraterna.se\\\/varnamo\\\/#\\\/schema\\\/logo\\\/image\\\/\"},\"sameAs\":[\"https:\\\/\\\/www.facebook.com\\\/KDVarnamo\\\/\",\"https:\\\/\\\/x.com\\\/KDVarnamo\",\"https:\\\/\\\/www.instagram.com\\\/\",\"https:\\\/\\\/www.youtube.com\\\/user\\\/studiokd\\\/videos\"]},{\"@type\":\"Person\",\"@id\":\"https:\\\/\\\/wp.kristdemokraterna.se\\\/varnamo\\\/#\\\/schema\\\/person\\\/4e339ab04d613699e4dfe80a994e01d4\",\"name\":\"Kristdemokraterna V\u00e4rnamo\",\"image\":{\"@type\":\"ImageObject\",\"inLanguage\":\"sv-SE\",\"@id\":\"https:\\\/\\\/secure.gravatar.com\\\/avatar\\\/c122e48c7723992af51eb155eeaa93db3c1fa324e3fc6ec45dd712c812809b5b?s=96&r=g\",\"url\":\"https:\\\/\\\/secure.gravatar.com\\\/avatar\\\/c122e48c7723992af51eb155eeaa93db3c1fa324e3fc6ec45dd712c812809b5b?s=96&r=g\",\"contentUrl\":\"https:\\\/\\\/secure.gravatar.com\\\/avatar\\\/c122e48c7723992af51eb155eeaa93db3c1fa324e3fc6ec45dd712c812809b5b?s=96&r=g\",\"caption\":\"Kristdemokraterna V\u00e4rnamo\"},\"description\":\"Familjens r\u00f6st\",\"sameAs\":[\"http:\\\/\\\/www.varnamo.kristdemokraterna.se\"],\"url\":\"https:\\\/\\\/wp.kristdemokraterna.se\\\/varnamo\\\/author\\\/varnamo\\\/\"}]}<\/script>\n<!-- \/ Yoast SEO plugin. -->","yoast_head_json":{"title":"Riksdagsvittring f\u00f6r Fjordevik - KRISTDEMOKRATERNA V\u00c4RNAMO","robots":{"index":"index","follow":"follow","max-snippet":"max-snippet:-1","max-image-preview":"max-image-preview:large","max-video-preview":"max-video-preview:-1"},"canonical":"https:\/\/wp.kristdemokraterna.se\/varnamo\/2002\/02\/22\/riksdagsvittring-for-fjordevik\/","og_locale":"sv_SE","og_type":"article","og_title":"Riksdagsvittring f\u00f6r Fjordevik - KRISTDEMOKRATERNA V\u00c4RNAMO","og_description":"Det \u00e4r briljant att av de sex f\u00f6rsta namnen p\u00e5 Kristdemokraternas riksdagslista kommer h\u00e4lften fr\u00e5n Gnosj\u00f6regionen! kommenterade Arnold Carlzon resultatatet av j\u00f6nk\u00f6pingsdistriktets nomineringsst\u00e4mma. P\u00e5 fj\u00e4rde plats, direkt efter de nuvarande riksdagsledam\u00f6terna fr\u00e5n l\u00e4net, Alf Svensson, G\u00f6ran H\u00e4gglund och Maria Larsson, m\u00e4rks en ung IT-f\u00f6retagare fr\u00e5n Tran\u00e5s \u2013 Johan Broman, 26 \u00e5r.","og_url":"https:\/\/wp.kristdemokraterna.se\/varnamo\/2002\/02\/22\/riksdagsvittring-for-fjordevik\/","og_site_name":"KRISTDEMOKRATERNA V\u00c4RNAMO","article_publisher":"https:\/\/www.facebook.com\/KDVarnamo\/","article_published_time":"2002-02-22T20:37:00+00:00","article_modified_time":"2015-07-12T19:00:16+00:00","og_image":[{"width":115,"height":145,"url":"https:\/\/wp.kristdemokraterna.se\/varnamo\/files\/2013\/11\/cf.jpg","type":"image\/jpeg"}],"author":"Kristdemokraterna V\u00e4rnamo","twitter_card":"summary_large_image","twitter_creator":"@KDVarnamo","twitter_site":"@KDVarnamo","twitter_misc":{"Skriven av":"Kristdemokraterna V\u00e4rnamo","Ber\u00e4knad l\u00e4stid":"3 minuter"},"schema":{"@context":"https:\/\/schema.org","@graph":[{"@type":"Article","@id":"https:\/\/wp.kristdemokraterna.se\/varnamo\/2002\/02\/22\/riksdagsvittring-for-fjordevik\/#article","isPartOf":{"@id":"https:\/\/wp.kristdemokraterna.se\/varnamo\/2002\/02\/22\/riksdagsvittring-for-fjordevik\/"},"author":{"name":"Kristdemokraterna V\u00e4rnamo","@id":"https:\/\/wp.kristdemokraterna.se\/varnamo\/#\/schema\/person\/4e339ab04d613699e4dfe80a994e01d4"},"headline":"Riksdagsvittring f\u00f6r Fjordevik","datePublished":"2002-02-22T20:37:00+00:00","dateModified":"2015-07-12T19:00:16+00:00","mainEntityOfPage":{"@id":"https:\/\/wp.kristdemokraterna.se\/varnamo\/2002\/02\/22\/riksdagsvittring-for-fjordevik\/"},"wordCount":645,"publisher":{"@id":"https:\/\/wp.kristdemokraterna.se\/varnamo\/#organization"},"image":{"@id":"https:\/\/wp.kristdemokraterna.se\/varnamo\/2002\/02\/22\/riksdagsvittring-for-fjordevik\/#primaryimage"},"thumbnailUrl":"https:\/\/wp.kristdemokraterna.se\/varnamo\/files\/2013\/11\/cf.jpg","keywords":["Alf Svensson","Arnold Carlzon","Christer Fjordevik","G\u00f6ran H\u00e4gglund","Johan Broman","landstinget","Lise-Lotte Jonasson","Maria Larsson","Marianne Andersson","Monica Dahlgren","nomineringar","nomineringsst\u00e4mma","Onny Ryd\u00e9n","riksdagen","riksdagsledamot","Stefan Thors\u00e9n","valr\u00f6relse","valsedlar"],"articleSection":["Nyheter"],"inLanguage":"sv-SE"},{"@type":"WebPage","@id":"https:\/\/wp.kristdemokraterna.se\/varnamo\/2002\/02\/22\/riksdagsvittring-for-fjordevik\/","url":"https:\/\/wp.kristdemokraterna.se\/varnamo\/2002\/02\/22\/riksdagsvittring-for-fjordevik\/","name":"Riksdagsvittring f\u00f6r Fjordevik - KRISTDEMOKRATERNA V\u00c4RNAMO","isPartOf":{"@id":"https:\/\/wp.kristdemokraterna.se\/varnamo\/#website"},"primaryImageOfPage":{"@id":"https:\/\/wp.kristdemokraterna.se\/varnamo\/2002\/02\/22\/riksdagsvittring-for-fjordevik\/#primaryimage"},"image":{"@id":"https:\/\/wp.kristdemokraterna.se\/varnamo\/2002\/02\/22\/riksdagsvittring-for-fjordevik\/#primaryimage"},"thumbnailUrl":"https:\/\/wp.kristdemokraterna.se\/varnamo\/files\/2013\/11\/cf.jpg","datePublished":"2002-02-22T20:37:00+00:00","dateModified":"2015-07-12T19:00:16+00:00","breadcrumb":{"@id":"https:\/\/wp.kristdemokraterna.se\/varnamo\/2002\/02\/22\/riksdagsvittring-for-fjordevik\/#breadcrumb"},"inLanguage":"sv-SE","potentialAction":[{"@type":"ReadAction","target":["https:\/\/wp.kristdemokraterna.se\/varnamo\/2002\/02\/22\/riksdagsvittring-for-fjordevik\/"]}]},{"@type":"ImageObject","inLanguage":"sv-SE","@id":"https:\/\/wp.kristdemokraterna.se\/varnamo\/2002\/02\/22\/riksdagsvittring-for-fjordevik\/#primaryimage","url":"https:\/\/wp.kristdemokraterna.se\/varnamo\/files\/2013\/11\/cf.jpg","contentUrl":"https:\/\/wp.kristdemokraterna.se\/varnamo\/files\/2013\/11\/cf.jpg","width":115,"height":145,"caption":"Christer Fjordevik, Kristdemokraterna V\u00e4rnamo."},{"@type":"BreadcrumbList","@id":"https:\/\/wp.kristdemokraterna.se\/varnamo\/2002\/02\/22\/riksdagsvittring-for-fjordevik\/#breadcrumb","itemListElement":[{"@type":"ListItem","position":1,"name":"Hem","item":"https:\/\/wp.kristdemokraterna.se\/varnamo\/"},{"@type":"ListItem","position":2,"name":"Riksdagsvittring f\u00f6r Fjordevik"}]},{"@type":"WebSite","@id":"https:\/\/wp.kristdemokraterna.se\/varnamo\/#website","url":"https:\/\/wp.kristdemokraterna.se\/varnamo\/","name":"KRISTDEMOKRATERNA V\u00c4RNAMO","description":"Med hj\u00e4rta f\u00f6r V\u00e4rnamo","publisher":{"@id":"https:\/\/wp.kristdemokraterna.se\/varnamo\/#organization"},"inLanguage":"sv-SE"},{"@type":"Organization","@id":"https:\/\/wp.kristdemokraterna.se\/varnamo\/#organization","name":"Kristdemokraterna V\u00e4rnamo","url":"https:\/\/wp.kristdemokraterna.se\/varnamo\/","logo":{"@type":"ImageObject","inLanguage":"sv-SE","@id":"https:\/\/wp.kristdemokraterna.se\/varnamo\/#\/schema\/logo\/image\/","url":"https:\/\/wp.kristdemokraterna.se\/varnamo\/files\/2022\/08\/va\u2560ernamo-sida-bla-300dpi.png","contentUrl":"https:\/\/wp.kristdemokraterna.se\/varnamo\/files\/2022\/08\/va\u2560ernamo-sida-bla-300dpi.png","width":1485,"height":681,"caption":"Kristdemokraterna V\u00e4rnamo"},"image":{"@id":"https:\/\/wp.kristdemokraterna.se\/varnamo\/#\/schema\/logo\/image\/"},"sameAs":["https:\/\/www.facebook.com\/KDVarnamo\/","https:\/\/x.com\/KDVarnamo","https:\/\/www.instagram.com\/","https:\/\/www.youtube.com\/user\/studiokd\/videos"]},{"@type":"Person","@id":"https:\/\/wp.kristdemokraterna.se\/varnamo\/#\/schema\/person\/4e339ab04d613699e4dfe80a994e01d4","name":"Kristdemokraterna V\u00e4rnamo","image":{"@type":"ImageObject","inLanguage":"sv-SE","@id":"https:\/\/secure.gravatar.com\/avatar\/c122e48c7723992af51eb155eeaa93db3c1fa324e3fc6ec45dd712c812809b5b?s=96&r=g","url":"https:\/\/secure.gravatar.com\/avatar\/c122e48c7723992af51eb155eeaa93db3c1fa324e3fc6ec45dd712c812809b5b?s=96&r=g","contentUrl":"https:\/\/secure.gravatar.com\/avatar\/c122e48c7723992af51eb155eeaa93db3c1fa324e3fc6ec45dd712c812809b5b?s=96&r=g","caption":"Kristdemokraterna V\u00e4rnamo"},"description":"Familjens r\u00f6st","sameAs":["http:\/\/www.varnamo.kristdemokraterna.se"],"url":"https:\/\/wp.kristdemokraterna.se\/varnamo\/author\/varnamo\/"}]}},"_links":{"self":[{"href":"https:\/\/wp.kristdemokraterna.se\/varnamo\/wp-json\/wp\/v2\/posts\/1902","targetHints":{"allow":["GET"]}}],"collection":[{"href":"https:\/\/wp.kristdemokraterna.se\/varnamo\/wp-json\/wp\/v2\/posts"}],"about":[{"href":"https:\/\/wp.kristdemokraterna.se\/varnamo\/wp-json\/wp\/v2\/types\/post"}],"author":[{"embeddable":true,"href":"https:\/\/wp.kristdemokraterna.se\/varnamo\/wp-json\/wp\/v2\/users\/412"}],"replies":[{"embeddable":true,"href":"https:\/\/wp.kristdemokraterna.se\/varnamo\/wp-json\/wp\/v2\/comments?post=1902"}],"version-history":[{"count":5,"href":"https:\/\/wp.kristdemokraterna.se\/varnamo\/wp-json\/wp\/v2\/posts\/1902\/revisions"}],"predecessor-version":[{"id":6876,"href":"https:\/\/wp.kristdemokraterna.se\/varnamo\/wp-json\/wp\/v2\/posts\/1902\/revisions\/6876"}],"wp:featuredmedia":[{"embeddable":true,"href":"https:\/\/wp.kristdemokraterna.se\/varnamo\/wp-json\/wp\/v2\/media\/3784"}],"wp:attachment":[{"href":"https:\/\/wp.kristdemokraterna.se\/varnamo\/wp-json\/wp\/v2\/media?parent=1902"}],"wp:term":[{"taxonomy":"category","embeddable":true,"href":"https:\/\/wp.kristdemokraterna.se\/varnamo\/wp-json\/wp\/v2\/categories?post=1902"},{"taxonomy":"post_tag","embeddable":true,"href":"https:\/\/wp.kristdemokraterna.se\/varnamo\/wp-json\/wp\/v2\/tags?post=1902"}],"curies":[{"name":"wp","href":"https:\/\/api.w.org\/{rel}","templated":true}]}}