{"id":1907,"date":"2002-04-29T21:37:00","date_gmt":"2002-04-29T19:37:00","guid":{"rendered":"http:\/\/localhost:4901\/?p=1906"},"modified":"2013-10-22T13:24:13","modified_gmt":"2013-10-22T11:24:13","slug":"kristdemokraterna-tredje-storsta-parti","status":"publish","type":"post","link":"https:\/\/wp.kristdemokraterna.se\/varnamo\/2002\/04\/29\/kristdemokraterna-tredje-storsta-parti\/","title":{"rendered":"Kristdemokraterna tredje st\u00f6rsta parti"},"content":{"rendered":"<p>Med 21 % av r\u00f6sterna blev Kristdemokraterna tredje st\u00f6rsta parti p\u00e5 Finnvedens gymnasium \u2013 V\u00e4rnamos gymnasieskola. I Ungt val 2002, v\u00e4rldens st\u00f6rsta internetval som arrangerades av Aftonbladet med flera, kom Kristdemokraterna endast en halv procentenhet efter Socialdemokraterna. Detta \u00e4r ett b\u00e4ttre resultat \u00e4n partiet har f\u00e5tt n\u00e5gonsin i V\u00e4rnamo kommun.<\/p>\n<p><!--more-->I skolvalet, som lockade 30 % av v\u00e4rnamoeleverna till de virtuella valurnorna, fick Kristdemokraterna h\u00f6ga placeringar i hela l\u00e4net. I Gnosj\u00f6regionen s\u00e5g det ut s\u00e5h\u00e4r: Gnosj\u00f6 kunskapscentrum ungdomsgymnasiet, Gnosj\u00f6 (25,6 %), Fenix kunskapscentrum gymnasiet omr\u00e5de 1, Vaggeryd (23 %) och Gislaveds gymnasium, Gislaved (14,5 %). Kristdemokraternas l\u00e4nsgenomsnitt blev 15,8 % (tredje st\u00f6rsta parti) och riksgenomsnittet blev 5,9 % (sj\u00e4tte st\u00f6rsta parti).<\/p>\n<table class=\"tabell\" style=\"border: 1px ridge grey;margin: 0;padding: 4\">\n<tbody>\n<tr class=\"forklaring\" valign=\"bottom\">\n<td>Skola<\/td>\n<td>v<\/td>\n<td>s<\/td>\n<td>mp<\/td>\n<td>kd<\/td>\n<td>c<\/td>\n<td>fp<\/td>\n<td>m<\/td>\n<td>sd<\/td>\n<td>kpml (r)<\/td>\n<td>\u00f6vr<\/td>\n<td>vald<\/td>\n<td>blank<\/td>\n<\/tr>\n<tr valign=\"bottom\">\n<td>Finnvedens gymnasium, V\u00e4rnamo<\/td>\n<td>11<\/td>\n<td>21,5<\/td>\n<td>9,1<\/td>\n<td>21<\/td>\n<td>5,7<\/td>\n<td>2,5<\/td>\n<td>24,6<\/td>\n<td>2,3<\/td>\n<td>0,3<\/td>\n<td>2<\/td>\n<td>30<\/td>\n<td>12,2<\/td>\n<\/tr>\n<\/tbody>\n<\/table>\n<p style=\"text-align: right\">(Tabellen \u00e4r h\u00e4mtad fr\u00e5n Aftonbladets webbplats)<\/p>\n","protected":false},"excerpt":{"rendered":"<p>Med 21 % av r\u00f6sterna blev Kristdemokraterna tredje st\u00f6rsta parti p\u00e5 Finnvedens gymnasium \u2013 V\u00e4rnamos gymnasieskola. I Ungt val 2002, v\u00e4rldens st\u00f6rsta internetval som arrangerades av Aftonbladet med flera, kom Kristdemokraterna endast en halv procentenhet efter Socialdemokraterna. Detta \u00e4r ett b\u00e4ttre resultat \u00e4n partiet har f\u00e5tt n\u00e5gonsin i V\u00e4rnamo kommun.<\/p>\n","protected":false},"author":412,"featured_media":9638,"comment_status":"open","ping_status":"open","sticky":false,"template":"","format":"standard","meta":{"_acf_changed":false,"footnotes":""},"categories":[11],"tags":[353,354,62],"class_list":["post-1907","post","type-post","status-publish","format-standard","hentry","category-nyheter","tag-finnvedens-gymnasium","tag-ungt-val","tag-valrorelse"],"acf":[],"yoast_head":"<!-- This site is optimized with the Yoast SEO plugin v27.4 - https:\/\/yoast.com\/product\/yoast-seo-wordpress\/ -->\n<title>Kristdemokraterna tredje st\u00f6rsta parti - KRISTDEMOKRATERNA V\u00c4RNAMO<\/title>\n<meta name=\"robots\" content=\"index, follow, max-snippet:-1, max-image-preview:large, max-video-preview:-1\" \/>\n<link rel=\"canonical\" href=\"https:\/\/wp.kristdemokraterna.se\/varnamo\/2002\/04\/29\/kristdemokraterna-tredje-storsta-parti\/\" \/>\n<meta property=\"og:locale\" content=\"sv_SE\" \/>\n<meta property=\"og:type\" content=\"article\" \/>\n<meta property=\"og:title\" content=\"Kristdemokraterna tredje st\u00f6rsta parti - KRISTDEMOKRATERNA V\u00c4RNAMO\" \/>\n<meta property=\"og:description\" content=\"Med 21 % av r\u00f6sterna blev Kristdemokraterna tredje st\u00f6rsta parti p\u00e5 Finnvedens gymnasium \u2013 V\u00e4rnamos gymnasieskola. I Ungt val 2002, v\u00e4rldens st\u00f6rsta internetval som arrangerades av Aftonbladet med flera, kom Kristdemokraterna endast en halv procentenhet efter Socialdemokraterna. Detta \u00e4r ett b\u00e4ttre resultat \u00e4n partiet har f\u00e5tt n\u00e5gonsin i V\u00e4rnamo kommun.\" \/>\n<meta property=\"og:url\" content=\"https:\/\/wp.kristdemokraterna.se\/varnamo\/2002\/04\/29\/kristdemokraterna-tredje-storsta-parti\/\" \/>\n<meta property=\"og:site_name\" content=\"KRISTDEMOKRATERNA V\u00c4RNAMO\" \/>\n<meta property=\"article:publisher\" content=\"https:\/\/www.facebook.com\/KDVarnamo\/\" \/>\n<meta property=\"article:published_time\" content=\"2002-04-29T19:37:00+00:00\" \/>\n<meta property=\"article:modified_time\" content=\"2013-10-22T11:24:13+00:00\" \/>\n<meta property=\"og:image\" content=\"https:\/\/wp.kristdemokraterna.se\/varnamo\/files\/2022\/08\/va\u2560ernamo-sida-bla-300dpi.png\" \/>\n\t<meta property=\"og:image:width\" content=\"1485\" \/>\n\t<meta property=\"og:image:height\" content=\"681\" \/>\n\t<meta property=\"og:image:type\" content=\"image\/png\" \/>\n<meta name=\"author\" content=\"Kristdemokraterna V\u00e4rnamo\" \/>\n<meta name=\"twitter:card\" content=\"summary_large_image\" \/>\n<meta name=\"twitter:creator\" content=\"@KDVarnamo\" \/>\n<meta name=\"twitter:site\" content=\"@KDVarnamo\" \/>\n<meta name=\"twitter:label1\" content=\"Skriven av\" \/>\n\t<meta name=\"twitter:data1\" content=\"Kristdemokraterna V\u00e4rnamo\" \/>\n\t<meta name=\"twitter:label2\" content=\"Ber\u00e4knad l\u00e4stid\" \/>\n\t<meta name=\"twitter:data2\" content=\"1 minut\" \/>\n<script type=\"application\/ld+json\" class=\"yoast-schema-graph\">{\"@context\":\"https:\\\/\\\/schema.org\",\"@graph\":[{\"@type\":\"Article\",\"@id\":\"https:\\\/\\\/wp.kristdemokraterna.se\\\/varnamo\\\/2002\\\/04\\\/29\\\/kristdemokraterna-tredje-storsta-parti\\\/#article\",\"isPartOf\":{\"@id\":\"https:\\\/\\\/wp.kristdemokraterna.se\\\/varnamo\\\/2002\\\/04\\\/29\\\/kristdemokraterna-tredje-storsta-parti\\\/\"},\"author\":{\"name\":\"Kristdemokraterna V\u00e4rnamo\",\"@id\":\"https:\\\/\\\/wp.kristdemokraterna.se\\\/varnamo\\\/#\\\/schema\\\/person\\\/4e339ab04d613699e4dfe80a994e01d4\"},\"headline\":\"Kristdemokraterna tredje st\u00f6rsta parti\",\"datePublished\":\"2002-04-29T19:37:00+00:00\",\"dateModified\":\"2013-10-22T11:24:13+00:00\",\"mainEntityOfPage\":{\"@id\":\"https:\\\/\\\/wp.kristdemokraterna.se\\\/varnamo\\\/2002\\\/04\\\/29\\\/kristdemokraterna-tredje-storsta-parti\\\/\"},\"wordCount\":146,\"commentCount\":0,\"publisher\":{\"@id\":\"https:\\\/\\\/wp.kristdemokraterna.se\\\/varnamo\\\/#organization\"},\"image\":{\"@id\":\"https:\\\/\\\/wp.kristdemokraterna.se\\\/varnamo\\\/2002\\\/04\\\/29\\\/kristdemokraterna-tredje-storsta-parti\\\/#primaryimage\"},\"thumbnailUrl\":\"https:\\\/\\\/wp.kristdemokraterna.se\\\/varnamo\\\/files\\\/2022\\\/08\\\/kd-logo-blue.png\",\"keywords\":[\"Finnvedens gymnasium\",\"Ungt val\",\"valr\u00f6relse\"],\"articleSection\":[\"Nyheter\"],\"inLanguage\":\"sv-SE\"},{\"@type\":\"WebPage\",\"@id\":\"https:\\\/\\\/wp.kristdemokraterna.se\\\/varnamo\\\/2002\\\/04\\\/29\\\/kristdemokraterna-tredje-storsta-parti\\\/\",\"url\":\"https:\\\/\\\/wp.kristdemokraterna.se\\\/varnamo\\\/2002\\\/04\\\/29\\\/kristdemokraterna-tredje-storsta-parti\\\/\",\"name\":\"Kristdemokraterna tredje st\u00f6rsta parti - KRISTDEMOKRATERNA V\u00c4RNAMO\",\"isPartOf\":{\"@id\":\"https:\\\/\\\/wp.kristdemokraterna.se\\\/varnamo\\\/#website\"},\"primaryImageOfPage\":{\"@id\":\"https:\\\/\\\/wp.kristdemokraterna.se\\\/varnamo\\\/2002\\\/04\\\/29\\\/kristdemokraterna-tredje-storsta-parti\\\/#primaryimage\"},\"image\":{\"@id\":\"https:\\\/\\\/wp.kristdemokraterna.se\\\/varnamo\\\/2002\\\/04\\\/29\\\/kristdemokraterna-tredje-storsta-parti\\\/#primaryimage\"},\"thumbnailUrl\":\"https:\\\/\\\/wp.kristdemokraterna.se\\\/varnamo\\\/files\\\/2022\\\/08\\\/kd-logo-blue.png\",\"datePublished\":\"2002-04-29T19:37:00+00:00\",\"dateModified\":\"2013-10-22T11:24:13+00:00\",\"breadcrumb\":{\"@id\":\"https:\\\/\\\/wp.kristdemokraterna.se\\\/varnamo\\\/2002\\\/04\\\/29\\\/kristdemokraterna-tredje-storsta-parti\\\/#breadcrumb\"},\"inLanguage\":\"sv-SE\",\"potentialAction\":[{\"@type\":\"ReadAction\",\"target\":[\"https:\\\/\\\/wp.kristdemokraterna.se\\\/varnamo\\\/2002\\\/04\\\/29\\\/kristdemokraterna-tredje-storsta-parti\\\/\"]}]},{\"@type\":\"ImageObject\",\"inLanguage\":\"sv-SE\",\"@id\":\"https:\\\/\\\/wp.kristdemokraterna.se\\\/varnamo\\\/2002\\\/04\\\/29\\\/kristdemokraterna-tredje-storsta-parti\\\/#primaryimage\",\"url\":\"https:\\\/\\\/wp.kristdemokraterna.se\\\/varnamo\\\/files\\\/2022\\\/08\\\/kd-logo-blue.png\",\"contentUrl\":\"https:\\\/\\\/wp.kristdemokraterna.se\\\/varnamo\\\/files\\\/2022\\\/08\\\/kd-logo-blue.png\",\"width\":2000,\"height\":2000,\"caption\":\"Kristdemokraternas logotyp\"},{\"@type\":\"BreadcrumbList\",\"@id\":\"https:\\\/\\\/wp.kristdemokraterna.se\\\/varnamo\\\/2002\\\/04\\\/29\\\/kristdemokraterna-tredje-storsta-parti\\\/#breadcrumb\",\"itemListElement\":[{\"@type\":\"ListItem\",\"position\":1,\"name\":\"Hem\",\"item\":\"https:\\\/\\\/wp.kristdemokraterna.se\\\/varnamo\\\/\"},{\"@type\":\"ListItem\",\"position\":2,\"name\":\"Kristdemokraterna tredje st\u00f6rsta parti\"}]},{\"@type\":\"WebSite\",\"@id\":\"https:\\\/\\\/wp.kristdemokraterna.se\\\/varnamo\\\/#website\",\"url\":\"https:\\\/\\\/wp.kristdemokraterna.se\\\/varnamo\\\/\",\"name\":\"KRISTDEMOKRATERNA V\u00c4RNAMO\",\"description\":\"Med hj\u00e4rta f\u00f6r V\u00e4rnamo\",\"publisher\":{\"@id\":\"https:\\\/\\\/wp.kristdemokraterna.se\\\/varnamo\\\/#organization\"},\"inLanguage\":\"sv-SE\"},{\"@type\":\"Organization\",\"@id\":\"https:\\\/\\\/wp.kristdemokraterna.se\\\/varnamo\\\/#organization\",\"name\":\"Kristdemokraterna V\u00e4rnamo\",\"url\":\"https:\\\/\\\/wp.kristdemokraterna.se\\\/varnamo\\\/\",\"logo\":{\"@type\":\"ImageObject\",\"inLanguage\":\"sv-SE\",\"@id\":\"https:\\\/\\\/wp.kristdemokraterna.se\\\/varnamo\\\/#\\\/schema\\\/logo\\\/image\\\/\",\"url\":\"https:\\\/\\\/wp.kristdemokraterna.se\\\/varnamo\\\/files\\\/2022\\\/08\\\/va\u2560ernamo-sida-bla-300dpi.png\",\"contentUrl\":\"https:\\\/\\\/wp.kristdemokraterna.se\\\/varnamo\\\/files\\\/2022\\\/08\\\/va\u2560ernamo-sida-bla-300dpi.png\",\"width\":1485,\"height\":681,\"caption\":\"Kristdemokraterna V\u00e4rnamo\"},\"image\":{\"@id\":\"https:\\\/\\\/wp.kristdemokraterna.se\\\/varnamo\\\/#\\\/schema\\\/logo\\\/image\\\/\"},\"sameAs\":[\"https:\\\/\\\/www.facebook.com\\\/KDVarnamo\\\/\",\"https:\\\/\\\/x.com\\\/KDVarnamo\",\"https:\\\/\\\/www.instagram.com\\\/\",\"https:\\\/\\\/www.youtube.com\\\/user\\\/studiokd\\\/videos\"]},{\"@type\":\"Person\",\"@id\":\"https:\\\/\\\/wp.kristdemokraterna.se\\\/varnamo\\\/#\\\/schema\\\/person\\\/4e339ab04d613699e4dfe80a994e01d4\",\"name\":\"Kristdemokraterna V\u00e4rnamo\",\"image\":{\"@type\":\"ImageObject\",\"inLanguage\":\"sv-SE\",\"@id\":\"https:\\\/\\\/secure.gravatar.com\\\/avatar\\\/c122e48c7723992af51eb155eeaa93db3c1fa324e3fc6ec45dd712c812809b5b?s=96&r=g\",\"url\":\"https:\\\/\\\/secure.gravatar.com\\\/avatar\\\/c122e48c7723992af51eb155eeaa93db3c1fa324e3fc6ec45dd712c812809b5b?s=96&r=g\",\"contentUrl\":\"https:\\\/\\\/secure.gravatar.com\\\/avatar\\\/c122e48c7723992af51eb155eeaa93db3c1fa324e3fc6ec45dd712c812809b5b?s=96&r=g\",\"caption\":\"Kristdemokraterna V\u00e4rnamo\"},\"description\":\"Familjens r\u00f6st\",\"sameAs\":[\"http:\\\/\\\/www.varnamo.kristdemokraterna.se\"],\"url\":\"https:\\\/\\\/wp.kristdemokraterna.se\\\/varnamo\\\/author\\\/varnamo\\\/\"}]}<\/script>\n<!-- \/ Yoast SEO plugin. -->","yoast_head_json":{"title":"Kristdemokraterna tredje st\u00f6rsta parti - KRISTDEMOKRATERNA V\u00c4RNAMO","robots":{"index":"index","follow":"follow","max-snippet":"max-snippet:-1","max-image-preview":"max-image-preview:large","max-video-preview":"max-video-preview:-1"},"canonical":"https:\/\/wp.kristdemokraterna.se\/varnamo\/2002\/04\/29\/kristdemokraterna-tredje-storsta-parti\/","og_locale":"sv_SE","og_type":"article","og_title":"Kristdemokraterna tredje st\u00f6rsta parti - KRISTDEMOKRATERNA V\u00c4RNAMO","og_description":"Med 21 % av r\u00f6sterna blev Kristdemokraterna tredje st\u00f6rsta parti p\u00e5 Finnvedens gymnasium \u2013 V\u00e4rnamos gymnasieskola. I Ungt val 2002, v\u00e4rldens st\u00f6rsta internetval som arrangerades av Aftonbladet med flera, kom Kristdemokraterna endast en halv procentenhet efter Socialdemokraterna. Detta \u00e4r ett b\u00e4ttre resultat \u00e4n partiet har f\u00e5tt n\u00e5gonsin i V\u00e4rnamo kommun.","og_url":"https:\/\/wp.kristdemokraterna.se\/varnamo\/2002\/04\/29\/kristdemokraterna-tredje-storsta-parti\/","og_site_name":"KRISTDEMOKRATERNA V\u00c4RNAMO","article_publisher":"https:\/\/www.facebook.com\/KDVarnamo\/","article_published_time":"2002-04-29T19:37:00+00:00","article_modified_time":"2013-10-22T11:24:13+00:00","og_image":[{"width":1485,"height":681,"url":"https:\/\/wp.kristdemokraterna.se\/varnamo\/files\/2022\/08\/va\u2560ernamo-sida-bla-300dpi.png","type":"image\/png"}],"author":"Kristdemokraterna V\u00e4rnamo","twitter_card":"summary_large_image","twitter_creator":"@KDVarnamo","twitter_site":"@KDVarnamo","twitter_misc":{"Skriven av":"Kristdemokraterna V\u00e4rnamo","Ber\u00e4knad l\u00e4stid":"1 minut"},"schema":{"@context":"https:\/\/schema.org","@graph":[{"@type":"Article","@id":"https:\/\/wp.kristdemokraterna.se\/varnamo\/2002\/04\/29\/kristdemokraterna-tredje-storsta-parti\/#article","isPartOf":{"@id":"https:\/\/wp.kristdemokraterna.se\/varnamo\/2002\/04\/29\/kristdemokraterna-tredje-storsta-parti\/"},"author":{"name":"Kristdemokraterna V\u00e4rnamo","@id":"https:\/\/wp.kristdemokraterna.se\/varnamo\/#\/schema\/person\/4e339ab04d613699e4dfe80a994e01d4"},"headline":"Kristdemokraterna tredje st\u00f6rsta parti","datePublished":"2002-04-29T19:37:00+00:00","dateModified":"2013-10-22T11:24:13+00:00","mainEntityOfPage":{"@id":"https:\/\/wp.kristdemokraterna.se\/varnamo\/2002\/04\/29\/kristdemokraterna-tredje-storsta-parti\/"},"wordCount":146,"commentCount":0,"publisher":{"@id":"https:\/\/wp.kristdemokraterna.se\/varnamo\/#organization"},"image":{"@id":"https:\/\/wp.kristdemokraterna.se\/varnamo\/2002\/04\/29\/kristdemokraterna-tredje-storsta-parti\/#primaryimage"},"thumbnailUrl":"https:\/\/wp.kristdemokraterna.se\/varnamo\/files\/2022\/08\/kd-logo-blue.png","keywords":["Finnvedens gymnasium","Ungt val","valr\u00f6relse"],"articleSection":["Nyheter"],"inLanguage":"sv-SE"},{"@type":"WebPage","@id":"https:\/\/wp.kristdemokraterna.se\/varnamo\/2002\/04\/29\/kristdemokraterna-tredje-storsta-parti\/","url":"https:\/\/wp.kristdemokraterna.se\/varnamo\/2002\/04\/29\/kristdemokraterna-tredje-storsta-parti\/","name":"Kristdemokraterna tredje st\u00f6rsta parti - KRISTDEMOKRATERNA V\u00c4RNAMO","isPartOf":{"@id":"https:\/\/wp.kristdemokraterna.se\/varnamo\/#website"},"primaryImageOfPage":{"@id":"https:\/\/wp.kristdemokraterna.se\/varnamo\/2002\/04\/29\/kristdemokraterna-tredje-storsta-parti\/#primaryimage"},"image":{"@id":"https:\/\/wp.kristdemokraterna.se\/varnamo\/2002\/04\/29\/kristdemokraterna-tredje-storsta-parti\/#primaryimage"},"thumbnailUrl":"https:\/\/wp.kristdemokraterna.se\/varnamo\/files\/2022\/08\/kd-logo-blue.png","datePublished":"2002-04-29T19:37:00+00:00","dateModified":"2013-10-22T11:24:13+00:00","breadcrumb":{"@id":"https:\/\/wp.kristdemokraterna.se\/varnamo\/2002\/04\/29\/kristdemokraterna-tredje-storsta-parti\/#breadcrumb"},"inLanguage":"sv-SE","potentialAction":[{"@type":"ReadAction","target":["https:\/\/wp.kristdemokraterna.se\/varnamo\/2002\/04\/29\/kristdemokraterna-tredje-storsta-parti\/"]}]},{"@type":"ImageObject","inLanguage":"sv-SE","@id":"https:\/\/wp.kristdemokraterna.se\/varnamo\/2002\/04\/29\/kristdemokraterna-tredje-storsta-parti\/#primaryimage","url":"https:\/\/wp.kristdemokraterna.se\/varnamo\/files\/2022\/08\/kd-logo-blue.png","contentUrl":"https:\/\/wp.kristdemokraterna.se\/varnamo\/files\/2022\/08\/kd-logo-blue.png","width":2000,"height":2000,"caption":"Kristdemokraternas logotyp"},{"@type":"BreadcrumbList","@id":"https:\/\/wp.kristdemokraterna.se\/varnamo\/2002\/04\/29\/kristdemokraterna-tredje-storsta-parti\/#breadcrumb","itemListElement":[{"@type":"ListItem","position":1,"name":"Hem","item":"https:\/\/wp.kristdemokraterna.se\/varnamo\/"},{"@type":"ListItem","position":2,"name":"Kristdemokraterna tredje st\u00f6rsta parti"}]},{"@type":"WebSite","@id":"https:\/\/wp.kristdemokraterna.se\/varnamo\/#website","url":"https:\/\/wp.kristdemokraterna.se\/varnamo\/","name":"KRISTDEMOKRATERNA V\u00c4RNAMO","description":"Med hj\u00e4rta f\u00f6r V\u00e4rnamo","publisher":{"@id":"https:\/\/wp.kristdemokraterna.se\/varnamo\/#organization"},"inLanguage":"sv-SE"},{"@type":"Organization","@id":"https:\/\/wp.kristdemokraterna.se\/varnamo\/#organization","name":"Kristdemokraterna V\u00e4rnamo","url":"https:\/\/wp.kristdemokraterna.se\/varnamo\/","logo":{"@type":"ImageObject","inLanguage":"sv-SE","@id":"https:\/\/wp.kristdemokraterna.se\/varnamo\/#\/schema\/logo\/image\/","url":"https:\/\/wp.kristdemokraterna.se\/varnamo\/files\/2022\/08\/va\u2560ernamo-sida-bla-300dpi.png","contentUrl":"https:\/\/wp.kristdemokraterna.se\/varnamo\/files\/2022\/08\/va\u2560ernamo-sida-bla-300dpi.png","width":1485,"height":681,"caption":"Kristdemokraterna V\u00e4rnamo"},"image":{"@id":"https:\/\/wp.kristdemokraterna.se\/varnamo\/#\/schema\/logo\/image\/"},"sameAs":["https:\/\/www.facebook.com\/KDVarnamo\/","https:\/\/x.com\/KDVarnamo","https:\/\/www.instagram.com\/","https:\/\/www.youtube.com\/user\/studiokd\/videos"]},{"@type":"Person","@id":"https:\/\/wp.kristdemokraterna.se\/varnamo\/#\/schema\/person\/4e339ab04d613699e4dfe80a994e01d4","name":"Kristdemokraterna V\u00e4rnamo","image":{"@type":"ImageObject","inLanguage":"sv-SE","@id":"https:\/\/secure.gravatar.com\/avatar\/c122e48c7723992af51eb155eeaa93db3c1fa324e3fc6ec45dd712c812809b5b?s=96&r=g","url":"https:\/\/secure.gravatar.com\/avatar\/c122e48c7723992af51eb155eeaa93db3c1fa324e3fc6ec45dd712c812809b5b?s=96&r=g","contentUrl":"https:\/\/secure.gravatar.com\/avatar\/c122e48c7723992af51eb155eeaa93db3c1fa324e3fc6ec45dd712c812809b5b?s=96&r=g","caption":"Kristdemokraterna V\u00e4rnamo"},"description":"Familjens r\u00f6st","sameAs":["http:\/\/www.varnamo.kristdemokraterna.se"],"url":"https:\/\/wp.kristdemokraterna.se\/varnamo\/author\/varnamo\/"}]}},"_links":{"self":[{"href":"https:\/\/wp.kristdemokraterna.se\/varnamo\/wp-json\/wp\/v2\/posts\/1907","targetHints":{"allow":["GET"]}}],"collection":[{"href":"https:\/\/wp.kristdemokraterna.se\/varnamo\/wp-json\/wp\/v2\/posts"}],"about":[{"href":"https:\/\/wp.kristdemokraterna.se\/varnamo\/wp-json\/wp\/v2\/types\/post"}],"author":[{"embeddable":true,"href":"https:\/\/wp.kristdemokraterna.se\/varnamo\/wp-json\/wp\/v2\/users\/412"}],"replies":[{"embeddable":true,"href":"https:\/\/wp.kristdemokraterna.se\/varnamo\/wp-json\/wp\/v2\/comments?post=1907"}],"version-history":[{"count":2,"href":"https:\/\/wp.kristdemokraterna.se\/varnamo\/wp-json\/wp\/v2\/posts\/1907\/revisions"}],"predecessor-version":[{"id":3080,"href":"https:\/\/wp.kristdemokraterna.se\/varnamo\/wp-json\/wp\/v2\/posts\/1907\/revisions\/3080"}],"wp:featuredmedia":[{"embeddable":true,"href":"https:\/\/wp.kristdemokraterna.se\/varnamo\/wp-json\/wp\/v2\/media\/9638"}],"wp:attachment":[{"href":"https:\/\/wp.kristdemokraterna.se\/varnamo\/wp-json\/wp\/v2\/media?parent=1907"}],"wp:term":[{"taxonomy":"category","embeddable":true,"href":"https:\/\/wp.kristdemokraterna.se\/varnamo\/wp-json\/wp\/v2\/categories?post=1907"},{"taxonomy":"post_tag","embeddable":true,"href":"https:\/\/wp.kristdemokraterna.se\/varnamo\/wp-json\/wp\/v2\/tags?post=1907"}],"curies":[{"name":"wp","href":"https:\/\/api.w.org\/{rel}","templated":true}]}}