{"id":1911,"date":"2002-08-07T21:37:00","date_gmt":"2002-08-07T19:37:00","guid":{"rendered":"http:\/\/localhost:4901\/?p=1910"},"modified":"2015-07-12T20:38:28","modified_gmt":"2015-07-12T18:38:28","slug":"kristdemokraternas-valstuga-forst","status":"publish","type":"post","link":"https:\/\/wp.kristdemokraterna.se\/varnamo\/2002\/08\/07\/kristdemokraternas-valstuga-forst\/","title":{"rendered":"Kristdemokraternas valstuga f\u00f6rst"},"content":{"rendered":"<div style=\"width: 410px\" class=\"wp-caption alignnone\"><a href=\"http:\/\/wp.kristdemokraterna.se\/varnamo\/files\/2010\/08\/valstuga2002.jpg\"><img loading=\"lazy\" decoding=\"async\" title=\"valstuga2002\" src=\"http:\/\/wp.kristdemokraterna.se\/varnamo\/files\/2010\/08\/valstuga2002.jpg\" alt=\"Per-\u00c5ke Eriksson och Egon Rubensson framf\u00f6r Kristdemokraternas valstuga p\u00e5 Flanaden i V\u00e4rnamo. (Foto: Be-Pe Foto, V\u00e4rnamo)\" width=\"400\" height=\"300\" \/><\/a><p class=\"wp-caption-text\">Per-\u00c5ke Eriksson och Egon Rubensson framf\u00f6r Kristdemokraternas valstuga p\u00e5 Flanaden i V\u00e4rnamo. (Foto: Be-Pe Foto, V\u00e4rnamo)<\/p><\/div>\n<p>P\u00e5 bara tv\u00e5 dagar sm\u00e4llde Egon Rubensson och hans medhj\u00e4lpare upp Kristdemokraternas valstuga p\u00e5 Flanaden i V\u00e4rnamo. <q title=\"Per-\u00c5ke Eriksson\">Vi har n\u00e4stan f\u00e5tt det b\u00e4sta l\u00e4get i staden<\/q>, s\u00e4ger Kristdemokraternas valledare i V\u00e4rnamo, Per-\u00c5ke Eriksson, med ett n\u00f6jt leende.<\/p>\n<p><!--more-->Valstugan har f\u00e5tt ett mycket strategiskt l\u00e4ge utmed Storgatsbacken, det centrala g\u00e5ngstr\u00e5ket i V\u00e4rnamo. Tillsammans med de andra partiernas valstugor kommer Flanaden att utg\u00f6ra V\u00e4rnamos politiska torg under n\u00e5gra veckor fram till valet den 15 september.<\/p>\n<p><q title=\"Per-\u00c5ke Eriksson\">Jag \u00e4r mycket n\u00f6jd med l\u00e4get<\/q>, s\u00e4ger Per-\u00c5ke Eriksson och forts\u00e4tter med att konstatera att det \u00e4r sk\u00f6nt att ha valstugan uppe redan. Det \u00e4r m\u00e5nga andra aktiviteter som en valledare har att koordinera under en valr\u00f6relse.<\/p>\n<p>Ledare f\u00f6r bygget har Egon Rubensson varit, men han har haft god hj\u00e4lp av Per-\u00c5ke Eriksson och ytterligare 3-4 medarbetare. Stugan anl\u00e4nde till V\u00e4rnamo i form av ett j\u00e4ttelikt plockepinn, men med gemensamma krafter har de lyckats bygga ihop det till en estetiskt tilltalande knuttimrad friggebod med veranda.<\/p>\n<p>Stugan kommer att lottas ut, till ett lottpris av 100 kronor. Lottf\u00f6rs\u00e4ljningen p\u00e5g\u00e5r under hela valr\u00f6relsen och dragningen sker vid en fest f\u00f6r hela familjen l\u00f6rdagen den 14 september, dagen f\u00f6re valdagen.<\/p>\n<p>Valstugan kommer att vara bemannad vardagar klockan 16.00-18.00 och l\u00f6rdagar klockan 10.00-14.00 fr\u00e5n den 19 augusti till den 14 september. Valdagen, den 15 september, h\u00e5ller valstugan \u00f6ppet hela dagen.<\/p>\n<p>I v\u00e4ntan p\u00e5 att valstugan ska \u00f6ppna den 19 augusti kan man naturligtvis m\u00f6ta Kristdemokraterna i Storgatsbacken som vanligt varje l\u00f6rdag. Kristdemokraterna \u00e4r troligen det parti som syns mest ute \u00e4ven mellan val\u00e5ren i och med att man tar vara p\u00e5 l\u00f6rdagar och marknadsdagar under sommarhalv\u00e5ret f\u00f6r att s\u00e4lja lotter och ibland bjuda p\u00e5 kaffe under arbetsnamnet &#8221;Kristdemokraterna lyssnar p\u00e5 dig&#8221;. Och \u00e4ven om inte valstugan \u00e4r \u00f6ppen s\u00e5 \u00e4r alltid hemsidan det!<\/p>\n<p>[<a title=\"L\u00e4nk till Kristdemokraternas hemsida i V\u00e4rnamo\" href=\"www.varnamo.kristdemokraterna.se\">www.varnamo.kristdemokraterna.se<\/a>]<\/p>\n","protected":false},"excerpt":{"rendered":"<p>P\u00e5 bara tv\u00e5 dagar sm\u00e4llde Egon Rubensson och hans medhj\u00e4lpare upp Kristdemokraternas valstuga p\u00e5 Flanaden i V\u00e4rnamo. Vi har n\u00e4stan f\u00e5tt det b\u00e4sta l\u00e4get i staden, s\u00e4ger Kristdemokraternas valledare i V\u00e4rnamo, Per-\u00c5ke Eriksson, med ett n\u00f6jt leende.<\/p>\n","protected":false},"author":412,"featured_media":9638,"comment_status":"closed","ping_status":"closed","sticky":false,"template":"","format":"standard","meta":{"_acf_changed":false,"footnotes":""},"categories":[11],"tags":[332,148,62],"class_list":["post-1911","post","type-post","status-publish","format-standard","hentry","category-nyheter","tag-egon-rubensson","tag-per-ake-eriksson","tag-valrorelse"],"acf":[],"yoast_head":"<!-- This site is optimized with the Yoast SEO plugin v27.4 - https:\/\/yoast.com\/product\/yoast-seo-wordpress\/ -->\n<title>Kristdemokraternas valstuga f\u00f6rst - KRISTDEMOKRATERNA V\u00c4RNAMO<\/title>\n<meta name=\"robots\" content=\"index, follow, max-snippet:-1, max-image-preview:large, max-video-preview:-1\" \/>\n<link rel=\"canonical\" href=\"https:\/\/wp.kristdemokraterna.se\/varnamo\/2002\/08\/07\/kristdemokraternas-valstuga-forst\/\" \/>\n<meta property=\"og:locale\" content=\"sv_SE\" \/>\n<meta property=\"og:type\" content=\"article\" \/>\n<meta property=\"og:title\" content=\"Kristdemokraternas valstuga f\u00f6rst - KRISTDEMOKRATERNA V\u00c4RNAMO\" \/>\n<meta property=\"og:description\" content=\"P\u00e5 bara tv\u00e5 dagar sm\u00e4llde Egon Rubensson och hans medhj\u00e4lpare upp Kristdemokraternas valstuga p\u00e5 Flanaden i V\u00e4rnamo. Vi har n\u00e4stan f\u00e5tt det b\u00e4sta l\u00e4get i staden, s\u00e4ger Kristdemokraternas valledare i V\u00e4rnamo, Per-\u00c5ke Eriksson, med ett n\u00f6jt leende.\" \/>\n<meta property=\"og:url\" content=\"https:\/\/wp.kristdemokraterna.se\/varnamo\/2002\/08\/07\/kristdemokraternas-valstuga-forst\/\" \/>\n<meta property=\"og:site_name\" content=\"KRISTDEMOKRATERNA V\u00c4RNAMO\" \/>\n<meta property=\"article:publisher\" content=\"https:\/\/www.facebook.com\/KDVarnamo\/\" \/>\n<meta property=\"article:published_time\" content=\"2002-08-07T19:37:00+00:00\" \/>\n<meta property=\"article:modified_time\" content=\"2015-07-12T18:38:28+00:00\" \/>\n<meta property=\"og:image\" content=\"http:\/\/wp.kristdemokraterna.se\/varnamo\/files\/2010\/08\/valstuga2002.jpg\" \/>\n<meta name=\"author\" content=\"Kristdemokraterna V\u00e4rnamo\" \/>\n<meta name=\"twitter:card\" content=\"summary_large_image\" \/>\n<meta name=\"twitter:creator\" content=\"@KDVarnamo\" \/>\n<meta name=\"twitter:site\" content=\"@KDVarnamo\" \/>\n<meta name=\"twitter:label1\" content=\"Skriven av\" \/>\n\t<meta name=\"twitter:data1\" content=\"Kristdemokraterna V\u00e4rnamo\" \/>\n\t<meta name=\"twitter:label2\" content=\"Ber\u00e4knad l\u00e4stid\" \/>\n\t<meta name=\"twitter:data2\" content=\"2 minuter\" \/>\n<script type=\"application\/ld+json\" class=\"yoast-schema-graph\">{\"@context\":\"https:\\\/\\\/schema.org\",\"@graph\":[{\"@type\":\"Article\",\"@id\":\"https:\\\/\\\/wp.kristdemokraterna.se\\\/varnamo\\\/2002\\\/08\\\/07\\\/kristdemokraternas-valstuga-forst\\\/#article\",\"isPartOf\":{\"@id\":\"https:\\\/\\\/wp.kristdemokraterna.se\\\/varnamo\\\/2002\\\/08\\\/07\\\/kristdemokraternas-valstuga-forst\\\/\"},\"author\":{\"name\":\"Kristdemokraterna V\u00e4rnamo\",\"@id\":\"https:\\\/\\\/wp.kristdemokraterna.se\\\/varnamo\\\/#\\\/schema\\\/person\\\/4e339ab04d613699e4dfe80a994e01d4\"},\"headline\":\"Kristdemokraternas valstuga f\u00f6rst\",\"datePublished\":\"2002-08-07T19:37:00+00:00\",\"dateModified\":\"2015-07-12T18:38:28+00:00\",\"mainEntityOfPage\":{\"@id\":\"https:\\\/\\\/wp.kristdemokraterna.se\\\/varnamo\\\/2002\\\/08\\\/07\\\/kristdemokraternas-valstuga-forst\\\/\"},\"wordCount\":371,\"publisher\":{\"@id\":\"https:\\\/\\\/wp.kristdemokraterna.se\\\/varnamo\\\/#organization\"},\"image\":{\"@id\":\"https:\\\/\\\/wp.kristdemokraterna.se\\\/varnamo\\\/2002\\\/08\\\/07\\\/kristdemokraternas-valstuga-forst\\\/#primaryimage\"},\"thumbnailUrl\":\"https:\\\/\\\/wp.kristdemokraterna.se\\\/varnamo\\\/files\\\/2022\\\/08\\\/kd-logo-blue.png\",\"keywords\":[\"Egon Rubensson\",\"Per-\u00c5ke Eriksson\",\"valr\u00f6relse\"],\"articleSection\":[\"Nyheter\"],\"inLanguage\":\"sv-SE\"},{\"@type\":\"WebPage\",\"@id\":\"https:\\\/\\\/wp.kristdemokraterna.se\\\/varnamo\\\/2002\\\/08\\\/07\\\/kristdemokraternas-valstuga-forst\\\/\",\"url\":\"https:\\\/\\\/wp.kristdemokraterna.se\\\/varnamo\\\/2002\\\/08\\\/07\\\/kristdemokraternas-valstuga-forst\\\/\",\"name\":\"Kristdemokraternas valstuga f\u00f6rst - KRISTDEMOKRATERNA V\u00c4RNAMO\",\"isPartOf\":{\"@id\":\"https:\\\/\\\/wp.kristdemokraterna.se\\\/varnamo\\\/#website\"},\"primaryImageOfPage\":{\"@id\":\"https:\\\/\\\/wp.kristdemokraterna.se\\\/varnamo\\\/2002\\\/08\\\/07\\\/kristdemokraternas-valstuga-forst\\\/#primaryimage\"},\"image\":{\"@id\":\"https:\\\/\\\/wp.kristdemokraterna.se\\\/varnamo\\\/2002\\\/08\\\/07\\\/kristdemokraternas-valstuga-forst\\\/#primaryimage\"},\"thumbnailUrl\":\"https:\\\/\\\/wp.kristdemokraterna.se\\\/varnamo\\\/files\\\/2022\\\/08\\\/kd-logo-blue.png\",\"datePublished\":\"2002-08-07T19:37:00+00:00\",\"dateModified\":\"2015-07-12T18:38:28+00:00\",\"breadcrumb\":{\"@id\":\"https:\\\/\\\/wp.kristdemokraterna.se\\\/varnamo\\\/2002\\\/08\\\/07\\\/kristdemokraternas-valstuga-forst\\\/#breadcrumb\"},\"inLanguage\":\"sv-SE\",\"potentialAction\":[{\"@type\":\"ReadAction\",\"target\":[\"https:\\\/\\\/wp.kristdemokraterna.se\\\/varnamo\\\/2002\\\/08\\\/07\\\/kristdemokraternas-valstuga-forst\\\/\"]}]},{\"@type\":\"ImageObject\",\"inLanguage\":\"sv-SE\",\"@id\":\"https:\\\/\\\/wp.kristdemokraterna.se\\\/varnamo\\\/2002\\\/08\\\/07\\\/kristdemokraternas-valstuga-forst\\\/#primaryimage\",\"url\":\"https:\\\/\\\/wp.kristdemokraterna.se\\\/varnamo\\\/files\\\/2022\\\/08\\\/kd-logo-blue.png\",\"contentUrl\":\"https:\\\/\\\/wp.kristdemokraterna.se\\\/varnamo\\\/files\\\/2022\\\/08\\\/kd-logo-blue.png\",\"width\":2000,\"height\":2000,\"caption\":\"Kristdemokraternas logotyp\"},{\"@type\":\"BreadcrumbList\",\"@id\":\"https:\\\/\\\/wp.kristdemokraterna.se\\\/varnamo\\\/2002\\\/08\\\/07\\\/kristdemokraternas-valstuga-forst\\\/#breadcrumb\",\"itemListElement\":[{\"@type\":\"ListItem\",\"position\":1,\"name\":\"Hem\",\"item\":\"https:\\\/\\\/wp.kristdemokraterna.se\\\/varnamo\\\/\"},{\"@type\":\"ListItem\",\"position\":2,\"name\":\"Kristdemokraternas valstuga f\u00f6rst\"}]},{\"@type\":\"WebSite\",\"@id\":\"https:\\\/\\\/wp.kristdemokraterna.se\\\/varnamo\\\/#website\",\"url\":\"https:\\\/\\\/wp.kristdemokraterna.se\\\/varnamo\\\/\",\"name\":\"KRISTDEMOKRATERNA V\u00c4RNAMO\",\"description\":\"Med hj\u00e4rta f\u00f6r V\u00e4rnamo\",\"publisher\":{\"@id\":\"https:\\\/\\\/wp.kristdemokraterna.se\\\/varnamo\\\/#organization\"},\"inLanguage\":\"sv-SE\"},{\"@type\":\"Organization\",\"@id\":\"https:\\\/\\\/wp.kristdemokraterna.se\\\/varnamo\\\/#organization\",\"name\":\"Kristdemokraterna V\u00e4rnamo\",\"url\":\"https:\\\/\\\/wp.kristdemokraterna.se\\\/varnamo\\\/\",\"logo\":{\"@type\":\"ImageObject\",\"inLanguage\":\"sv-SE\",\"@id\":\"https:\\\/\\\/wp.kristdemokraterna.se\\\/varnamo\\\/#\\\/schema\\\/logo\\\/image\\\/\",\"url\":\"https:\\\/\\\/wp.kristdemokraterna.se\\\/varnamo\\\/files\\\/2022\\\/08\\\/va\u2560ernamo-sida-bla-300dpi.png\",\"contentUrl\":\"https:\\\/\\\/wp.kristdemokraterna.se\\\/varnamo\\\/files\\\/2022\\\/08\\\/va\u2560ernamo-sida-bla-300dpi.png\",\"width\":1485,\"height\":681,\"caption\":\"Kristdemokraterna V\u00e4rnamo\"},\"image\":{\"@id\":\"https:\\\/\\\/wp.kristdemokraterna.se\\\/varnamo\\\/#\\\/schema\\\/logo\\\/image\\\/\"},\"sameAs\":[\"https:\\\/\\\/www.facebook.com\\\/KDVarnamo\\\/\",\"https:\\\/\\\/x.com\\\/KDVarnamo\",\"https:\\\/\\\/www.instagram.com\\\/\",\"https:\\\/\\\/www.youtube.com\\\/user\\\/studiokd\\\/videos\"]},{\"@type\":\"Person\",\"@id\":\"https:\\\/\\\/wp.kristdemokraterna.se\\\/varnamo\\\/#\\\/schema\\\/person\\\/4e339ab04d613699e4dfe80a994e01d4\",\"name\":\"Kristdemokraterna V\u00e4rnamo\",\"image\":{\"@type\":\"ImageObject\",\"inLanguage\":\"sv-SE\",\"@id\":\"https:\\\/\\\/secure.gravatar.com\\\/avatar\\\/c122e48c7723992af51eb155eeaa93db3c1fa324e3fc6ec45dd712c812809b5b?s=96&r=g\",\"url\":\"https:\\\/\\\/secure.gravatar.com\\\/avatar\\\/c122e48c7723992af51eb155eeaa93db3c1fa324e3fc6ec45dd712c812809b5b?s=96&r=g\",\"contentUrl\":\"https:\\\/\\\/secure.gravatar.com\\\/avatar\\\/c122e48c7723992af51eb155eeaa93db3c1fa324e3fc6ec45dd712c812809b5b?s=96&r=g\",\"caption\":\"Kristdemokraterna V\u00e4rnamo\"},\"description\":\"Familjens r\u00f6st\",\"sameAs\":[\"http:\\\/\\\/www.varnamo.kristdemokraterna.se\"],\"url\":\"https:\\\/\\\/wp.kristdemokraterna.se\\\/varnamo\\\/author\\\/varnamo\\\/\"}]}<\/script>\n<!-- \/ Yoast SEO plugin. -->","yoast_head_json":{"title":"Kristdemokraternas valstuga f\u00f6rst - KRISTDEMOKRATERNA V\u00c4RNAMO","robots":{"index":"index","follow":"follow","max-snippet":"max-snippet:-1","max-image-preview":"max-image-preview:large","max-video-preview":"max-video-preview:-1"},"canonical":"https:\/\/wp.kristdemokraterna.se\/varnamo\/2002\/08\/07\/kristdemokraternas-valstuga-forst\/","og_locale":"sv_SE","og_type":"article","og_title":"Kristdemokraternas valstuga f\u00f6rst - KRISTDEMOKRATERNA V\u00c4RNAMO","og_description":"P\u00e5 bara tv\u00e5 dagar sm\u00e4llde Egon Rubensson och hans medhj\u00e4lpare upp Kristdemokraternas valstuga p\u00e5 Flanaden i V\u00e4rnamo. Vi har n\u00e4stan f\u00e5tt det b\u00e4sta l\u00e4get i staden, s\u00e4ger Kristdemokraternas valledare i V\u00e4rnamo, Per-\u00c5ke Eriksson, med ett n\u00f6jt leende.","og_url":"https:\/\/wp.kristdemokraterna.se\/varnamo\/2002\/08\/07\/kristdemokraternas-valstuga-forst\/","og_site_name":"KRISTDEMOKRATERNA V\u00c4RNAMO","article_publisher":"https:\/\/www.facebook.com\/KDVarnamo\/","article_published_time":"2002-08-07T19:37:00+00:00","article_modified_time":"2015-07-12T18:38:28+00:00","og_image":[{"url":"http:\/\/wp.kristdemokraterna.se\/varnamo\/files\/2010\/08\/valstuga2002.jpg","type":"","width":"","height":""}],"author":"Kristdemokraterna V\u00e4rnamo","twitter_card":"summary_large_image","twitter_creator":"@KDVarnamo","twitter_site":"@KDVarnamo","twitter_misc":{"Skriven av":"Kristdemokraterna V\u00e4rnamo","Ber\u00e4knad l\u00e4stid":"2 minuter"},"schema":{"@context":"https:\/\/schema.org","@graph":[{"@type":"Article","@id":"https:\/\/wp.kristdemokraterna.se\/varnamo\/2002\/08\/07\/kristdemokraternas-valstuga-forst\/#article","isPartOf":{"@id":"https:\/\/wp.kristdemokraterna.se\/varnamo\/2002\/08\/07\/kristdemokraternas-valstuga-forst\/"},"author":{"name":"Kristdemokraterna V\u00e4rnamo","@id":"https:\/\/wp.kristdemokraterna.se\/varnamo\/#\/schema\/person\/4e339ab04d613699e4dfe80a994e01d4"},"headline":"Kristdemokraternas valstuga f\u00f6rst","datePublished":"2002-08-07T19:37:00+00:00","dateModified":"2015-07-12T18:38:28+00:00","mainEntityOfPage":{"@id":"https:\/\/wp.kristdemokraterna.se\/varnamo\/2002\/08\/07\/kristdemokraternas-valstuga-forst\/"},"wordCount":371,"publisher":{"@id":"https:\/\/wp.kristdemokraterna.se\/varnamo\/#organization"},"image":{"@id":"https:\/\/wp.kristdemokraterna.se\/varnamo\/2002\/08\/07\/kristdemokraternas-valstuga-forst\/#primaryimage"},"thumbnailUrl":"https:\/\/wp.kristdemokraterna.se\/varnamo\/files\/2022\/08\/kd-logo-blue.png","keywords":["Egon Rubensson","Per-\u00c5ke Eriksson","valr\u00f6relse"],"articleSection":["Nyheter"],"inLanguage":"sv-SE"},{"@type":"WebPage","@id":"https:\/\/wp.kristdemokraterna.se\/varnamo\/2002\/08\/07\/kristdemokraternas-valstuga-forst\/","url":"https:\/\/wp.kristdemokraterna.se\/varnamo\/2002\/08\/07\/kristdemokraternas-valstuga-forst\/","name":"Kristdemokraternas valstuga f\u00f6rst - KRISTDEMOKRATERNA V\u00c4RNAMO","isPartOf":{"@id":"https:\/\/wp.kristdemokraterna.se\/varnamo\/#website"},"primaryImageOfPage":{"@id":"https:\/\/wp.kristdemokraterna.se\/varnamo\/2002\/08\/07\/kristdemokraternas-valstuga-forst\/#primaryimage"},"image":{"@id":"https:\/\/wp.kristdemokraterna.se\/varnamo\/2002\/08\/07\/kristdemokraternas-valstuga-forst\/#primaryimage"},"thumbnailUrl":"https:\/\/wp.kristdemokraterna.se\/varnamo\/files\/2022\/08\/kd-logo-blue.png","datePublished":"2002-08-07T19:37:00+00:00","dateModified":"2015-07-12T18:38:28+00:00","breadcrumb":{"@id":"https:\/\/wp.kristdemokraterna.se\/varnamo\/2002\/08\/07\/kristdemokraternas-valstuga-forst\/#breadcrumb"},"inLanguage":"sv-SE","potentialAction":[{"@type":"ReadAction","target":["https:\/\/wp.kristdemokraterna.se\/varnamo\/2002\/08\/07\/kristdemokraternas-valstuga-forst\/"]}]},{"@type":"ImageObject","inLanguage":"sv-SE","@id":"https:\/\/wp.kristdemokraterna.se\/varnamo\/2002\/08\/07\/kristdemokraternas-valstuga-forst\/#primaryimage","url":"https:\/\/wp.kristdemokraterna.se\/varnamo\/files\/2022\/08\/kd-logo-blue.png","contentUrl":"https:\/\/wp.kristdemokraterna.se\/varnamo\/files\/2022\/08\/kd-logo-blue.png","width":2000,"height":2000,"caption":"Kristdemokraternas logotyp"},{"@type":"BreadcrumbList","@id":"https:\/\/wp.kristdemokraterna.se\/varnamo\/2002\/08\/07\/kristdemokraternas-valstuga-forst\/#breadcrumb","itemListElement":[{"@type":"ListItem","position":1,"name":"Hem","item":"https:\/\/wp.kristdemokraterna.se\/varnamo\/"},{"@type":"ListItem","position":2,"name":"Kristdemokraternas valstuga f\u00f6rst"}]},{"@type":"WebSite","@id":"https:\/\/wp.kristdemokraterna.se\/varnamo\/#website","url":"https:\/\/wp.kristdemokraterna.se\/varnamo\/","name":"KRISTDEMOKRATERNA V\u00c4RNAMO","description":"Med hj\u00e4rta f\u00f6r V\u00e4rnamo","publisher":{"@id":"https:\/\/wp.kristdemokraterna.se\/varnamo\/#organization"},"inLanguage":"sv-SE"},{"@type":"Organization","@id":"https:\/\/wp.kristdemokraterna.se\/varnamo\/#organization","name":"Kristdemokraterna V\u00e4rnamo","url":"https:\/\/wp.kristdemokraterna.se\/varnamo\/","logo":{"@type":"ImageObject","inLanguage":"sv-SE","@id":"https:\/\/wp.kristdemokraterna.se\/varnamo\/#\/schema\/logo\/image\/","url":"https:\/\/wp.kristdemokraterna.se\/varnamo\/files\/2022\/08\/va\u2560ernamo-sida-bla-300dpi.png","contentUrl":"https:\/\/wp.kristdemokraterna.se\/varnamo\/files\/2022\/08\/va\u2560ernamo-sida-bla-300dpi.png","width":1485,"height":681,"caption":"Kristdemokraterna V\u00e4rnamo"},"image":{"@id":"https:\/\/wp.kristdemokraterna.se\/varnamo\/#\/schema\/logo\/image\/"},"sameAs":["https:\/\/www.facebook.com\/KDVarnamo\/","https:\/\/x.com\/KDVarnamo","https:\/\/www.instagram.com\/","https:\/\/www.youtube.com\/user\/studiokd\/videos"]},{"@type":"Person","@id":"https:\/\/wp.kristdemokraterna.se\/varnamo\/#\/schema\/person\/4e339ab04d613699e4dfe80a994e01d4","name":"Kristdemokraterna V\u00e4rnamo","image":{"@type":"ImageObject","inLanguage":"sv-SE","@id":"https:\/\/secure.gravatar.com\/avatar\/c122e48c7723992af51eb155eeaa93db3c1fa324e3fc6ec45dd712c812809b5b?s=96&r=g","url":"https:\/\/secure.gravatar.com\/avatar\/c122e48c7723992af51eb155eeaa93db3c1fa324e3fc6ec45dd712c812809b5b?s=96&r=g","contentUrl":"https:\/\/secure.gravatar.com\/avatar\/c122e48c7723992af51eb155eeaa93db3c1fa324e3fc6ec45dd712c812809b5b?s=96&r=g","caption":"Kristdemokraterna V\u00e4rnamo"},"description":"Familjens r\u00f6st","sameAs":["http:\/\/www.varnamo.kristdemokraterna.se"],"url":"https:\/\/wp.kristdemokraterna.se\/varnamo\/author\/varnamo\/"}]}},"_links":{"self":[{"href":"https:\/\/wp.kristdemokraterna.se\/varnamo\/wp-json\/wp\/v2\/posts\/1911","targetHints":{"allow":["GET"]}}],"collection":[{"href":"https:\/\/wp.kristdemokraterna.se\/varnamo\/wp-json\/wp\/v2\/posts"}],"about":[{"href":"https:\/\/wp.kristdemokraterna.se\/varnamo\/wp-json\/wp\/v2\/types\/post"}],"author":[{"embeddable":true,"href":"https:\/\/wp.kristdemokraterna.se\/varnamo\/wp-json\/wp\/v2\/users\/412"}],"replies":[{"embeddable":true,"href":"https:\/\/wp.kristdemokraterna.se\/varnamo\/wp-json\/wp\/v2\/comments?post=1911"}],"version-history":[{"count":5,"href":"https:\/\/wp.kristdemokraterna.se\/varnamo\/wp-json\/wp\/v2\/posts\/1911\/revisions"}],"predecessor-version":[{"id":6857,"href":"https:\/\/wp.kristdemokraterna.se\/varnamo\/wp-json\/wp\/v2\/posts\/1911\/revisions\/6857"}],"wp:featuredmedia":[{"embeddable":true,"href":"https:\/\/wp.kristdemokraterna.se\/varnamo\/wp-json\/wp\/v2\/media\/9638"}],"wp:attachment":[{"href":"https:\/\/wp.kristdemokraterna.se\/varnamo\/wp-json\/wp\/v2\/media?parent=1911"}],"wp:term":[{"taxonomy":"category","embeddable":true,"href":"https:\/\/wp.kristdemokraterna.se\/varnamo\/wp-json\/wp\/v2\/categories?post=1911"},{"taxonomy":"post_tag","embeddable":true,"href":"https:\/\/wp.kristdemokraterna.se\/varnamo\/wp-json\/wp\/v2\/tags?post=1911"}],"curies":[{"name":"wp","href":"https:\/\/api.w.org\/{rel}","templated":true}]}}