{"id":1912,"date":"2002-08-12T21:37:00","date_gmt":"2002-08-12T19:37:00","guid":{"rendered":"http:\/\/localhost:4901\/?p=1911"},"modified":"2015-07-12T20:39:16","modified_gmt":"2015-07-12T18:39:16","slug":"kandidatexamen-med-kraftskiva","status":"publish","type":"post","link":"https:\/\/wp.kristdemokraterna.se\/varnamo\/2002\/08\/12\/kandidatexamen-med-kraftskiva\/","title":{"rendered":"Kandidatexamen med kr\u00e4ftskiva"},"content":{"rendered":"<div style=\"width: 410px\" class=\"wp-caption alignnone\"><a href=\"http:\/\/wp.kristdemokraterna.se\/varnamo\/files\/2010\/08\/kraftskiva2002.jpg\"><img loading=\"lazy\" decoding=\"async\" title=\"kraftskiva2002\" src=\"http:\/\/wp.kristdemokraterna.se\/varnamo\/files\/2010\/08\/kraftskiva2002.jpg\" alt=\"Koncentrerade kristdemokrater ger sig i kast med flodens delikatesser, kr\u00e4ftorna \u2013 eller \u00e4r det en djuplodande ideologisk fr\u00e5gest\u00e4llning... (Foto:H\u00e5kan Johansson)\" width=\"400\" height=\"300\" \/><\/a><p class=\"wp-caption-text\">Koncentrerade kristdemokrater ger sig i kast med flodens delikatesser, kr\u00e4ftorna \u2013 eller \u00e4r det en djuplodande ideologisk fr\u00e5gest\u00e4llning&#8230; (Foto:H\u00e5kan Johansson)<\/p><\/div>\n<p>Alla blev godk\u00e4nda, kunde Christer Fjordevik n\u00f6jt konstatera vid avslutningen p\u00e5 V\u00e4rnamo Kristdemokraters kandidatutbildning. D\u00e4refter kunde de nyutexaminerade kommunfullm\u00e4ktigeaspiranterna kasta sig \u00f6ver de r\u00f6dskimrande l\u00e4ckerheterna fr\u00e5n flodens botten \u2013 kr\u00e4ftdags!<\/p>\n<p><!--more--><\/p>\n<p>Under v\u00e5ren har Krist\u00addemokraterna V\u00e4rnamo genomf\u00f6rt en utbildning i tre steg f\u00f6r alla sina kandidater i kommunfullm\u00e4ktigevalet. M\u00e5ndagen den 12 augusti kunde l\u00e4raren Christer Fjordevik, ordf\u00f6rande i barn- och utbildning\u00adsn\u00e4mnden och gruppledare f\u00f6r Kristdemokraterna i V\u00e4rnamo kommun\u00adfullm\u00e4ktige, genomf\u00f6ra en examination under uppsluppna former. Det var inte utan stolthet i blicken som han godk\u00e4nde samtliga kandidater som g\u00e5tt kursen.<\/p>\n<p>Bland de mer eller mindre seri\u00f6sa fr\u00e5gorna skulle kandidaterna motivera varf\u00f6r v\u00e5r n\u00e4ste statsminister ska heta Alf Svensson. En annan utmaning var att komma fram till en kristdemokratisk inst\u00e4llning till fr\u00e5gan om att alla invandrare f\u00f6r att kunna erh\u00e5lla svenskt medborgarskap ska \u00e4ta kr\u00e4ftor och d\u00e4rmed kunna delta i det svenska umg\u00e4ngeslivet, i den h\u00e4ndelse fr\u00e5gan skulle v\u00e4ckas. Debattlusten- och gl\u00e4djen var stor kring borden, vilket b\u00e5dar gott f\u00f6r den kommande mandatperioden.<\/p>\n<p>I samband med kr\u00e4ftskivan antog de samlade kristdemokraterna ett <a title=\"S\u00e5 h\u00e4r har vi lyckats i V\u00e4rnamo\" href=\"http:\/\/wp.kristdemokraterna.se\/varnamo\/2002\/08\/12\/sa-har-har-vi-lyckats-i-varnamo\/\">uttalande<\/a>, d\u00e4r man summerade resultatet av de senaste fyra \u00e5ren i v\u00e4rnamopolitiken. I uttalandet g\u00e5r Kristdemokraterna igenom valmanifestet fr\u00e5n 1998 \u00e5rs val och konstaterar att man lyckats f\u00e5 geh\u00f6r f\u00f6r mer \u00e4n 60% av de fr\u00e5gor de gick till val p\u00e5 och att ytterligare n\u00e5gra fr\u00e5gor \u00e4r p\u00e5 v\u00e4g upp p\u00e5 dagordningen.<\/p>\n<h1>Premi\u00e4r f\u00f6r valstugan p\u00e5 webben<\/h1>\n<p>Efter att ha varit f\u00f6rst ut med att s\u00e4tta upp sin <a title=\"L\u00e4nk till H\u00e4r i V\u00e4rnamo nr 11 2002\" href=\"http:\/\/wp.kristdemokraterna.se\/varnamo\/2002\/08\/07\/kristdemokraternas-valstuga-forst\/\">Valstuga<\/a> i V\u00e4rnamo lanserar nu Kristdemokraterna V\u00e4rnamo sin <a href=\"http:\/\/wp.kristdemokraterna.se\/varnamo\/val\/val-2002\/\" target=\"_blank\">valwebb<\/a>. Valwebben kan liknas vid en valstuga som alltid \u00e4r \u00f6ppen. D\u00e4r finns Kristdemokraternas <a title=\"Kristdemokraternas valplattform i v\u00e4rnamovalet 2002\" href=\"http:\/\/wp.kristdemokraterna.se\/varnamo\/files\/2010\/08\/valplattform.pdf\" target=\"_blank\">valplattform<\/a>, <a title=\"Kristemokraternas valmanifest i v\u00e4rnamovalet 2002\" href=\"http:\/\/wp.kristdemokraterna.se\/varnamo\/files\/2010\/08\/valmanifest.pdf\" target=\"_blank\">valmanifest<\/a> och andra dokument. D\u00e4r finns \u00e4ven presentationer av de kristdemokrater som kandiderar i valet till V\u00e4rnamo kommunfullm\u00e4ktige, valinformation p\u00e5 n\u00e5gra vanliga invandrarspr\u00e5k och m\u00e4ngder av anv\u00e4ndbara l\u00e4nkar.<\/p>\n<h1>Valaffischer utan politiska floskler<\/h1>\n<p><q title=\"PG Lundberg\">Det \u00e4r viktigt att komma bort ifr\u00e5n det politiska floskeltr\u00e4sket. Vi betraktar mottagaren som en vuxen m\u00e4nniska, kapabel att fatta beslut om sitt eget liv.<\/q> Det sa PG Lundberg, informationchef, n\u00e4r partiets valbudskap presenterades i Stockholm p\u00e5 tisdagen.<\/p>\n<p>\u00c5rets valkampanj \u00e4r en forts\u00e4ttning p\u00e5 det arbete som startade 1996 i samband med Kristdemokraternas namnbyte och ny logotyp och fortsatte under valkampanjen 1998.<\/p>\n<p>I arbetet har det varit viktigt att komma bort ifr\u00e5n det politiska floskeltr\u00e4sket. Vi vill betrakta mottagaren som en vuxen m\u00e4nniska, kapabel att fatta egna beslut om sitt eget liv. Valkampanjen grundar sig i principprogrammet, den praktiska politiken och v\u00e5rt valmanifest, men ocks\u00e5 i de varum\u00e4rkesegenskaper som s\u00e4ger att Kristdemokraterna \u00e4r omt\u00e4nksamt, hederligt, lyssnar p\u00e5 vanligt folk och st\u00e5r p\u00e5 den svages sida.<\/p>\n<p>Valkampanjen kr\u00e4ver ocks\u00e5 n\u00e5got av mottagarna. Det \u00e4r att stanna till, reflektera och t\u00e4nka efter om Sverige ser ut som han\/hon vill. Om svaret \u00e4r ja p\u00e5 valmaterialets fr\u00e5gor, ja d\u00e5 ska man r\u00f6sta som man alltid har gjort. Svara man nej p\u00e5 fr\u00e5gorna, s\u00e5 erbjuder Kristdemokraterna kraftfulla och konkreta alternativ f\u00f6r att g\u00f6ra ett b\u00e4ttre Sverige m\u00f6jligt. Ett Sverige som ger st\u00f6rre frihet f\u00f6r m\u00e4nniskan och mer utrymme f\u00f6r kreativitet och utveckling.<\/p>\n<p>Kristdemokraterna g\u00f6r en s\u00e4rskild satsning p\u00e5 invandrare och affischerar p\u00e5 \u00e5tta spr\u00e5k p\u00e5 1 400 utomhusplatser runt om i landet. Valfoldrar har tagits fram p\u00e5 nio spr\u00e5k, varav ett \u00e4r samiska. Hemsidan rymmer information p\u00e5 tolv spr\u00e5k och man ger s\u00e4rskilt st\u00f6d till invandrarsatsningar runt om i landet.<\/p>\n<p><a title=\"Kristdemokraternas hemsida\" href=\"http:\/\/www.kristdemokraterna.se\" target=\"_blank\">Hemsidan<\/a> har dessutom handikappanpassats och \u00e4r s\u00e4rskilt v\u00e4l fungerande f\u00f6r synskadade. Synskadade f\u00e5r ocks\u00e5 ett utskick med v\u00e5rt valmanifest och de som vill f\u00e5r en CD-skiva med v\u00e5rt principprogram. Vi har ocks\u00e5 producerat en enkel skrift med l\u00e4ttl\u00e4st text f\u00f6r s\u00e5dana som har sv\u00e5rt att ta till sig stora textmassor.<\/p>\n<hr \/>\n<h1>Webbtips<\/h1>\n<p>[<a title=\"S\u00e5 h\u00e4r har vi lyckats i V\u00e4rnamo\" href=\"http:\/\/wp.kristdemokraterna.se\/varnamo\/2002\/08\/12\/sa-har-har-vi-lyckats-i-varnamo\/\">L\u00e4s uttalandet fr\u00e5n kr\u00e4ftskivan<\/a>]<\/p>\n<p>[<a title=\"L\u00e4nk till H\u00e4r i V\u00e4rnamo nr 11 2002\" href=\"http:\/\/wp.kristdemokraterna.se\/varnamo\/val\/val-2002\/\">Titta p\u00e5 v\u00e5r valstuga<\/a>]<\/p>\n<p>[<a title=\"Kristdemokraternas hemsida\" href=\"http:\/\/www.kristdemokraterna.se\" target=\"_blank\">Bes\u00f6k Kristdemokraternas hemsida<\/a>]<\/p>\n<p><img loading=\"lazy\" decoding=\"async\" class=\"objekt_vanster\" src=\"http:\/\/wp.kristdemokraterna.se\/varnamo\/files\/2010\/08\/pdficon.gif\" alt=\"pdf, Adobe\" width=\"32\" height=\"32\" \/>[<a title=\"Titta p\u00e5 Kristdemokraternas valaffischer\" href=\"http:\/\/wp.kristdemokraterna.se\/varnamo\/files\/2010\/08\/budskapsaffischer.pdf\" target=\"_blank\">Titta\u00a0p\u00e5 Kristdemokraternas valaffischer<\/a>]<\/p>\n<p><img loading=\"lazy\" decoding=\"async\" class=\"objekt_vanster\" src=\"http:\/\/wp.kristdemokraterna.se\/varnamo\/files\/2010\/08\/pdficon.gif\" alt=\"pdf, Adobe\" width=\"32\" height=\"32\" \/>[<a title=\"Titta p\u00e5 Kristdemokraternas Riksdagskandidataffischer\" href=\"http:\/\/wp.kristdemokraterna.se\/varnamo\/files\/2010\/08\/kandidataffischer.pdf\">Titta<\/a>\u00a0<a title=\"Titta p\u00e5 Kristdemokraternas Riksdagskandidataffischer\" href=\"http:\/\/wp.kristdemokraterna.se\/varnamo\/files\/2010\/08\/kandidataffischer.pdf\" target=\"_blank\">p\u00e5 Kristdemokraternas Riksdagskandidataffischer<\/a>]<\/p>\n","protected":false},"excerpt":{"rendered":"<p>Alla blev godk\u00e4nda, kunde Christer Fjordevik n\u00f6jt konstatera vid avslutningen p\u00e5 V\u00e4rnamo Kristdemokraters kandidatutbildning. D\u00e4refter kunde de nyutexaminerade kommunfullm\u00e4ktigeaspiranterna kasta sig \u00f6ver de r\u00f6dskimrande l\u00e4ckerheterna fr\u00e5n flodens botten \u2013 kr\u00e4ftdags!<\/p>\n","protected":false},"author":412,"featured_media":9638,"comment_status":"closed","ping_status":"closed","sticky":false,"template":"","format":"standard","meta":{"_acf_changed":false,"footnotes":""},"categories":[11],"tags":[24,297,168,48,566,288,35,209,158,62],"class_list":["post-1912","post","type-post","status-publish","format-standard","hentry","category-nyheter","tag-christer-fjordevik","tag-frihet","tag-gruppledare","tag-kommunfullmaktige","tag-kraftskiva","tag-principprogram","tag-utbildning","tag-utveckling","tag-valmanifest","tag-valrorelse"],"acf":[],"yoast_head":"<!-- This site is optimized with the Yoast SEO plugin v27.4 - https:\/\/yoast.com\/product\/yoast-seo-wordpress\/ -->\n<title>Kandidatexamen med kr\u00e4ftskiva - KRISTDEMOKRATERNA V\u00c4RNAMO<\/title>\n<meta name=\"robots\" content=\"index, follow, max-snippet:-1, max-image-preview:large, max-video-preview:-1\" \/>\n<link rel=\"canonical\" href=\"https:\/\/wp.kristdemokraterna.se\/varnamo\/2002\/08\/12\/kandidatexamen-med-kraftskiva\/\" \/>\n<meta property=\"og:locale\" content=\"sv_SE\" \/>\n<meta property=\"og:type\" content=\"article\" \/>\n<meta property=\"og:title\" content=\"Kandidatexamen med kr\u00e4ftskiva - KRISTDEMOKRATERNA V\u00c4RNAMO\" \/>\n<meta property=\"og:description\" content=\"Alla blev godk\u00e4nda, kunde Christer Fjordevik n\u00f6jt konstatera vid avslutningen p\u00e5 V\u00e4rnamo Kristdemokraters kandidatutbildning. D\u00e4refter kunde de nyutexaminerade kommunfullm\u00e4ktigeaspiranterna kasta sig \u00f6ver de r\u00f6dskimrande l\u00e4ckerheterna fr\u00e5n flodens botten \u2013 kr\u00e4ftdags!\" \/>\n<meta property=\"og:url\" content=\"https:\/\/wp.kristdemokraterna.se\/varnamo\/2002\/08\/12\/kandidatexamen-med-kraftskiva\/\" \/>\n<meta property=\"og:site_name\" content=\"KRISTDEMOKRATERNA V\u00c4RNAMO\" \/>\n<meta property=\"article:publisher\" content=\"https:\/\/www.facebook.com\/KDVarnamo\/\" \/>\n<meta property=\"article:published_time\" content=\"2002-08-12T19:37:00+00:00\" \/>\n<meta property=\"article:modified_time\" content=\"2015-07-12T18:39:16+00:00\" \/>\n<meta property=\"og:image\" content=\"http:\/\/wp.kristdemokraterna.se\/varnamo\/files\/2010\/08\/kraftskiva2002.jpg\" \/>\n<meta name=\"author\" content=\"Kristdemokraterna V\u00e4rnamo\" \/>\n<meta name=\"twitter:card\" content=\"summary_large_image\" \/>\n<meta name=\"twitter:creator\" content=\"@KDVarnamo\" \/>\n<meta name=\"twitter:site\" content=\"@KDVarnamo\" \/>\n<meta name=\"twitter:label1\" content=\"Skriven av\" \/>\n\t<meta name=\"twitter:data1\" content=\"Kristdemokraterna V\u00e4rnamo\" \/>\n\t<meta name=\"twitter:label2\" content=\"Ber\u00e4knad l\u00e4stid\" \/>\n\t<meta name=\"twitter:data2\" content=\"4 minuter\" \/>\n<script type=\"application\/ld+json\" class=\"yoast-schema-graph\">{\"@context\":\"https:\\\/\\\/schema.org\",\"@graph\":[{\"@type\":\"Article\",\"@id\":\"https:\\\/\\\/wp.kristdemokraterna.se\\\/varnamo\\\/2002\\\/08\\\/12\\\/kandidatexamen-med-kraftskiva\\\/#article\",\"isPartOf\":{\"@id\":\"https:\\\/\\\/wp.kristdemokraterna.se\\\/varnamo\\\/2002\\\/08\\\/12\\\/kandidatexamen-med-kraftskiva\\\/\"},\"author\":{\"name\":\"Kristdemokraterna V\u00e4rnamo\",\"@id\":\"https:\\\/\\\/wp.kristdemokraterna.se\\\/varnamo\\\/#\\\/schema\\\/person\\\/4e339ab04d613699e4dfe80a994e01d4\"},\"headline\":\"Kandidatexamen med kr\u00e4ftskiva\",\"datePublished\":\"2002-08-12T19:37:00+00:00\",\"dateModified\":\"2015-07-12T18:39:16+00:00\",\"mainEntityOfPage\":{\"@id\":\"https:\\\/\\\/wp.kristdemokraterna.se\\\/varnamo\\\/2002\\\/08\\\/12\\\/kandidatexamen-med-kraftskiva\\\/\"},\"wordCount\":757,\"publisher\":{\"@id\":\"https:\\\/\\\/wp.kristdemokraterna.se\\\/varnamo\\\/#organization\"},\"image\":{\"@id\":\"https:\\\/\\\/wp.kristdemokraterna.se\\\/varnamo\\\/2002\\\/08\\\/12\\\/kandidatexamen-med-kraftskiva\\\/#primaryimage\"},\"thumbnailUrl\":\"https:\\\/\\\/wp.kristdemokraterna.se\\\/varnamo\\\/files\\\/2022\\\/08\\\/kd-logo-blue.png\",\"keywords\":[\"Christer Fjordevik\",\"frihet\",\"gruppledare\",\"kommunfullm\u00e4ktige\",\"kr\u00e4ftskiva\",\"principprogram\",\"utbildning\",\"utveckling\",\"valmanifest\",\"valr\u00f6relse\"],\"articleSection\":[\"Nyheter\"],\"inLanguage\":\"sv-SE\"},{\"@type\":\"WebPage\",\"@id\":\"https:\\\/\\\/wp.kristdemokraterna.se\\\/varnamo\\\/2002\\\/08\\\/12\\\/kandidatexamen-med-kraftskiva\\\/\",\"url\":\"https:\\\/\\\/wp.kristdemokraterna.se\\\/varnamo\\\/2002\\\/08\\\/12\\\/kandidatexamen-med-kraftskiva\\\/\",\"name\":\"Kandidatexamen med kr\u00e4ftskiva - KRISTDEMOKRATERNA V\u00c4RNAMO\",\"isPartOf\":{\"@id\":\"https:\\\/\\\/wp.kristdemokraterna.se\\\/varnamo\\\/#website\"},\"primaryImageOfPage\":{\"@id\":\"https:\\\/\\\/wp.kristdemokraterna.se\\\/varnamo\\\/2002\\\/08\\\/12\\\/kandidatexamen-med-kraftskiva\\\/#primaryimage\"},\"image\":{\"@id\":\"https:\\\/\\\/wp.kristdemokraterna.se\\\/varnamo\\\/2002\\\/08\\\/12\\\/kandidatexamen-med-kraftskiva\\\/#primaryimage\"},\"thumbnailUrl\":\"https:\\\/\\\/wp.kristdemokraterna.se\\\/varnamo\\\/files\\\/2022\\\/08\\\/kd-logo-blue.png\",\"datePublished\":\"2002-08-12T19:37:00+00:00\",\"dateModified\":\"2015-07-12T18:39:16+00:00\",\"breadcrumb\":{\"@id\":\"https:\\\/\\\/wp.kristdemokraterna.se\\\/varnamo\\\/2002\\\/08\\\/12\\\/kandidatexamen-med-kraftskiva\\\/#breadcrumb\"},\"inLanguage\":\"sv-SE\",\"potentialAction\":[{\"@type\":\"ReadAction\",\"target\":[\"https:\\\/\\\/wp.kristdemokraterna.se\\\/varnamo\\\/2002\\\/08\\\/12\\\/kandidatexamen-med-kraftskiva\\\/\"]}]},{\"@type\":\"ImageObject\",\"inLanguage\":\"sv-SE\",\"@id\":\"https:\\\/\\\/wp.kristdemokraterna.se\\\/varnamo\\\/2002\\\/08\\\/12\\\/kandidatexamen-med-kraftskiva\\\/#primaryimage\",\"url\":\"https:\\\/\\\/wp.kristdemokraterna.se\\\/varnamo\\\/files\\\/2022\\\/08\\\/kd-logo-blue.png\",\"contentUrl\":\"https:\\\/\\\/wp.kristdemokraterna.se\\\/varnamo\\\/files\\\/2022\\\/08\\\/kd-logo-blue.png\",\"width\":2000,\"height\":2000,\"caption\":\"Kristdemokraternas logotyp\"},{\"@type\":\"BreadcrumbList\",\"@id\":\"https:\\\/\\\/wp.kristdemokraterna.se\\\/varnamo\\\/2002\\\/08\\\/12\\\/kandidatexamen-med-kraftskiva\\\/#breadcrumb\",\"itemListElement\":[{\"@type\":\"ListItem\",\"position\":1,\"name\":\"Hem\",\"item\":\"https:\\\/\\\/wp.kristdemokraterna.se\\\/varnamo\\\/\"},{\"@type\":\"ListItem\",\"position\":2,\"name\":\"Kandidatexamen med kr\u00e4ftskiva\"}]},{\"@type\":\"WebSite\",\"@id\":\"https:\\\/\\\/wp.kristdemokraterna.se\\\/varnamo\\\/#website\",\"url\":\"https:\\\/\\\/wp.kristdemokraterna.se\\\/varnamo\\\/\",\"name\":\"KRISTDEMOKRATERNA V\u00c4RNAMO\",\"description\":\"Med hj\u00e4rta f\u00f6r V\u00e4rnamo\",\"publisher\":{\"@id\":\"https:\\\/\\\/wp.kristdemokraterna.se\\\/varnamo\\\/#organization\"},\"inLanguage\":\"sv-SE\"},{\"@type\":\"Organization\",\"@id\":\"https:\\\/\\\/wp.kristdemokraterna.se\\\/varnamo\\\/#organization\",\"name\":\"Kristdemokraterna V\u00e4rnamo\",\"url\":\"https:\\\/\\\/wp.kristdemokraterna.se\\\/varnamo\\\/\",\"logo\":{\"@type\":\"ImageObject\",\"inLanguage\":\"sv-SE\",\"@id\":\"https:\\\/\\\/wp.kristdemokraterna.se\\\/varnamo\\\/#\\\/schema\\\/logo\\\/image\\\/\",\"url\":\"https:\\\/\\\/wp.kristdemokraterna.se\\\/varnamo\\\/files\\\/2022\\\/08\\\/va\u2560ernamo-sida-bla-300dpi.png\",\"contentUrl\":\"https:\\\/\\\/wp.kristdemokraterna.se\\\/varnamo\\\/files\\\/2022\\\/08\\\/va\u2560ernamo-sida-bla-300dpi.png\",\"width\":1485,\"height\":681,\"caption\":\"Kristdemokraterna V\u00e4rnamo\"},\"image\":{\"@id\":\"https:\\\/\\\/wp.kristdemokraterna.se\\\/varnamo\\\/#\\\/schema\\\/logo\\\/image\\\/\"},\"sameAs\":[\"https:\\\/\\\/www.facebook.com\\\/KDVarnamo\\\/\",\"https:\\\/\\\/x.com\\\/KDVarnamo\",\"https:\\\/\\\/www.instagram.com\\\/\",\"https:\\\/\\\/www.youtube.com\\\/user\\\/studiokd\\\/videos\"]},{\"@type\":\"Person\",\"@id\":\"https:\\\/\\\/wp.kristdemokraterna.se\\\/varnamo\\\/#\\\/schema\\\/person\\\/4e339ab04d613699e4dfe80a994e01d4\",\"name\":\"Kristdemokraterna V\u00e4rnamo\",\"image\":{\"@type\":\"ImageObject\",\"inLanguage\":\"sv-SE\",\"@id\":\"https:\\\/\\\/secure.gravatar.com\\\/avatar\\\/c122e48c7723992af51eb155eeaa93db3c1fa324e3fc6ec45dd712c812809b5b?s=96&r=g\",\"url\":\"https:\\\/\\\/secure.gravatar.com\\\/avatar\\\/c122e48c7723992af51eb155eeaa93db3c1fa324e3fc6ec45dd712c812809b5b?s=96&r=g\",\"contentUrl\":\"https:\\\/\\\/secure.gravatar.com\\\/avatar\\\/c122e48c7723992af51eb155eeaa93db3c1fa324e3fc6ec45dd712c812809b5b?s=96&r=g\",\"caption\":\"Kristdemokraterna V\u00e4rnamo\"},\"description\":\"Familjens r\u00f6st\",\"sameAs\":[\"http:\\\/\\\/www.varnamo.kristdemokraterna.se\"],\"url\":\"https:\\\/\\\/wp.kristdemokraterna.se\\\/varnamo\\\/author\\\/varnamo\\\/\"}]}<\/script>\n<!-- \/ Yoast SEO plugin. -->","yoast_head_json":{"title":"Kandidatexamen med kr\u00e4ftskiva - KRISTDEMOKRATERNA V\u00c4RNAMO","robots":{"index":"index","follow":"follow","max-snippet":"max-snippet:-1","max-image-preview":"max-image-preview:large","max-video-preview":"max-video-preview:-1"},"canonical":"https:\/\/wp.kristdemokraterna.se\/varnamo\/2002\/08\/12\/kandidatexamen-med-kraftskiva\/","og_locale":"sv_SE","og_type":"article","og_title":"Kandidatexamen med kr\u00e4ftskiva - KRISTDEMOKRATERNA V\u00c4RNAMO","og_description":"Alla blev godk\u00e4nda, kunde Christer Fjordevik n\u00f6jt konstatera vid avslutningen p\u00e5 V\u00e4rnamo Kristdemokraters kandidatutbildning. D\u00e4refter kunde de nyutexaminerade kommunfullm\u00e4ktigeaspiranterna kasta sig \u00f6ver de r\u00f6dskimrande l\u00e4ckerheterna fr\u00e5n flodens botten \u2013 kr\u00e4ftdags!","og_url":"https:\/\/wp.kristdemokraterna.se\/varnamo\/2002\/08\/12\/kandidatexamen-med-kraftskiva\/","og_site_name":"KRISTDEMOKRATERNA V\u00c4RNAMO","article_publisher":"https:\/\/www.facebook.com\/KDVarnamo\/","article_published_time":"2002-08-12T19:37:00+00:00","article_modified_time":"2015-07-12T18:39:16+00:00","og_image":[{"url":"http:\/\/wp.kristdemokraterna.se\/varnamo\/files\/2010\/08\/kraftskiva2002.jpg","type":"","width":"","height":""}],"author":"Kristdemokraterna V\u00e4rnamo","twitter_card":"summary_large_image","twitter_creator":"@KDVarnamo","twitter_site":"@KDVarnamo","twitter_misc":{"Skriven av":"Kristdemokraterna V\u00e4rnamo","Ber\u00e4knad l\u00e4stid":"4 minuter"},"schema":{"@context":"https:\/\/schema.org","@graph":[{"@type":"Article","@id":"https:\/\/wp.kristdemokraterna.se\/varnamo\/2002\/08\/12\/kandidatexamen-med-kraftskiva\/#article","isPartOf":{"@id":"https:\/\/wp.kristdemokraterna.se\/varnamo\/2002\/08\/12\/kandidatexamen-med-kraftskiva\/"},"author":{"name":"Kristdemokraterna V\u00e4rnamo","@id":"https:\/\/wp.kristdemokraterna.se\/varnamo\/#\/schema\/person\/4e339ab04d613699e4dfe80a994e01d4"},"headline":"Kandidatexamen med kr\u00e4ftskiva","datePublished":"2002-08-12T19:37:00+00:00","dateModified":"2015-07-12T18:39:16+00:00","mainEntityOfPage":{"@id":"https:\/\/wp.kristdemokraterna.se\/varnamo\/2002\/08\/12\/kandidatexamen-med-kraftskiva\/"},"wordCount":757,"publisher":{"@id":"https:\/\/wp.kristdemokraterna.se\/varnamo\/#organization"},"image":{"@id":"https:\/\/wp.kristdemokraterna.se\/varnamo\/2002\/08\/12\/kandidatexamen-med-kraftskiva\/#primaryimage"},"thumbnailUrl":"https:\/\/wp.kristdemokraterna.se\/varnamo\/files\/2022\/08\/kd-logo-blue.png","keywords":["Christer Fjordevik","frihet","gruppledare","kommunfullm\u00e4ktige","kr\u00e4ftskiva","principprogram","utbildning","utveckling","valmanifest","valr\u00f6relse"],"articleSection":["Nyheter"],"inLanguage":"sv-SE"},{"@type":"WebPage","@id":"https:\/\/wp.kristdemokraterna.se\/varnamo\/2002\/08\/12\/kandidatexamen-med-kraftskiva\/","url":"https:\/\/wp.kristdemokraterna.se\/varnamo\/2002\/08\/12\/kandidatexamen-med-kraftskiva\/","name":"Kandidatexamen med kr\u00e4ftskiva - KRISTDEMOKRATERNA V\u00c4RNAMO","isPartOf":{"@id":"https:\/\/wp.kristdemokraterna.se\/varnamo\/#website"},"primaryImageOfPage":{"@id":"https:\/\/wp.kristdemokraterna.se\/varnamo\/2002\/08\/12\/kandidatexamen-med-kraftskiva\/#primaryimage"},"image":{"@id":"https:\/\/wp.kristdemokraterna.se\/varnamo\/2002\/08\/12\/kandidatexamen-med-kraftskiva\/#primaryimage"},"thumbnailUrl":"https:\/\/wp.kristdemokraterna.se\/varnamo\/files\/2022\/08\/kd-logo-blue.png","datePublished":"2002-08-12T19:37:00+00:00","dateModified":"2015-07-12T18:39:16+00:00","breadcrumb":{"@id":"https:\/\/wp.kristdemokraterna.se\/varnamo\/2002\/08\/12\/kandidatexamen-med-kraftskiva\/#breadcrumb"},"inLanguage":"sv-SE","potentialAction":[{"@type":"ReadAction","target":["https:\/\/wp.kristdemokraterna.se\/varnamo\/2002\/08\/12\/kandidatexamen-med-kraftskiva\/"]}]},{"@type":"ImageObject","inLanguage":"sv-SE","@id":"https:\/\/wp.kristdemokraterna.se\/varnamo\/2002\/08\/12\/kandidatexamen-med-kraftskiva\/#primaryimage","url":"https:\/\/wp.kristdemokraterna.se\/varnamo\/files\/2022\/08\/kd-logo-blue.png","contentUrl":"https:\/\/wp.kristdemokraterna.se\/varnamo\/files\/2022\/08\/kd-logo-blue.png","width":2000,"height":2000,"caption":"Kristdemokraternas logotyp"},{"@type":"BreadcrumbList","@id":"https:\/\/wp.kristdemokraterna.se\/varnamo\/2002\/08\/12\/kandidatexamen-med-kraftskiva\/#breadcrumb","itemListElement":[{"@type":"ListItem","position":1,"name":"Hem","item":"https:\/\/wp.kristdemokraterna.se\/varnamo\/"},{"@type":"ListItem","position":2,"name":"Kandidatexamen med kr\u00e4ftskiva"}]},{"@type":"WebSite","@id":"https:\/\/wp.kristdemokraterna.se\/varnamo\/#website","url":"https:\/\/wp.kristdemokraterna.se\/varnamo\/","name":"KRISTDEMOKRATERNA V\u00c4RNAMO","description":"Med hj\u00e4rta f\u00f6r V\u00e4rnamo","publisher":{"@id":"https:\/\/wp.kristdemokraterna.se\/varnamo\/#organization"},"inLanguage":"sv-SE"},{"@type":"Organization","@id":"https:\/\/wp.kristdemokraterna.se\/varnamo\/#organization","name":"Kristdemokraterna V\u00e4rnamo","url":"https:\/\/wp.kristdemokraterna.se\/varnamo\/","logo":{"@type":"ImageObject","inLanguage":"sv-SE","@id":"https:\/\/wp.kristdemokraterna.se\/varnamo\/#\/schema\/logo\/image\/","url":"https:\/\/wp.kristdemokraterna.se\/varnamo\/files\/2022\/08\/va\u2560ernamo-sida-bla-300dpi.png","contentUrl":"https:\/\/wp.kristdemokraterna.se\/varnamo\/files\/2022\/08\/va\u2560ernamo-sida-bla-300dpi.png","width":1485,"height":681,"caption":"Kristdemokraterna V\u00e4rnamo"},"image":{"@id":"https:\/\/wp.kristdemokraterna.se\/varnamo\/#\/schema\/logo\/image\/"},"sameAs":["https:\/\/www.facebook.com\/KDVarnamo\/","https:\/\/x.com\/KDVarnamo","https:\/\/www.instagram.com\/","https:\/\/www.youtube.com\/user\/studiokd\/videos"]},{"@type":"Person","@id":"https:\/\/wp.kristdemokraterna.se\/varnamo\/#\/schema\/person\/4e339ab04d613699e4dfe80a994e01d4","name":"Kristdemokraterna V\u00e4rnamo","image":{"@type":"ImageObject","inLanguage":"sv-SE","@id":"https:\/\/secure.gravatar.com\/avatar\/c122e48c7723992af51eb155eeaa93db3c1fa324e3fc6ec45dd712c812809b5b?s=96&r=g","url":"https:\/\/secure.gravatar.com\/avatar\/c122e48c7723992af51eb155eeaa93db3c1fa324e3fc6ec45dd712c812809b5b?s=96&r=g","contentUrl":"https:\/\/secure.gravatar.com\/avatar\/c122e48c7723992af51eb155eeaa93db3c1fa324e3fc6ec45dd712c812809b5b?s=96&r=g","caption":"Kristdemokraterna V\u00e4rnamo"},"description":"Familjens r\u00f6st","sameAs":["http:\/\/www.varnamo.kristdemokraterna.se"],"url":"https:\/\/wp.kristdemokraterna.se\/varnamo\/author\/varnamo\/"}]}},"_links":{"self":[{"href":"https:\/\/wp.kristdemokraterna.se\/varnamo\/wp-json\/wp\/v2\/posts\/1912","targetHints":{"allow":["GET"]}}],"collection":[{"href":"https:\/\/wp.kristdemokraterna.se\/varnamo\/wp-json\/wp\/v2\/posts"}],"about":[{"href":"https:\/\/wp.kristdemokraterna.se\/varnamo\/wp-json\/wp\/v2\/types\/post"}],"author":[{"embeddable":true,"href":"https:\/\/wp.kristdemokraterna.se\/varnamo\/wp-json\/wp\/v2\/users\/412"}],"replies":[{"embeddable":true,"href":"https:\/\/wp.kristdemokraterna.se\/varnamo\/wp-json\/wp\/v2\/comments?post=1912"}],"version-history":[{"count":12,"href":"https:\/\/wp.kristdemokraterna.se\/varnamo\/wp-json\/wp\/v2\/posts\/1912\/revisions"}],"predecessor-version":[{"id":6858,"href":"https:\/\/wp.kristdemokraterna.se\/varnamo\/wp-json\/wp\/v2\/posts\/1912\/revisions\/6858"}],"wp:featuredmedia":[{"embeddable":true,"href":"https:\/\/wp.kristdemokraterna.se\/varnamo\/wp-json\/wp\/v2\/media\/9638"}],"wp:attachment":[{"href":"https:\/\/wp.kristdemokraterna.se\/varnamo\/wp-json\/wp\/v2\/media?parent=1912"}],"wp:term":[{"taxonomy":"category","embeddable":true,"href":"https:\/\/wp.kristdemokraterna.se\/varnamo\/wp-json\/wp\/v2\/categories?post=1912"},{"taxonomy":"post_tag","embeddable":true,"href":"https:\/\/wp.kristdemokraterna.se\/varnamo\/wp-json\/wp\/v2\/tags?post=1912"}],"curies":[{"name":"wp","href":"https:\/\/api.w.org\/{rel}","templated":true}]}}