{"id":1914,"date":"2002-09-03T21:37:00","date_gmt":"2002-09-03T19:37:00","guid":{"rendered":"http:\/\/localhost:4901\/?p=1913"},"modified":"2015-07-12T20:13:27","modified_gmt":"2015-07-12T18:13:27","slug":"stefan-christer-tycker-att-det-ar-hog-tid-for-manniskan","status":"publish","type":"post","link":"https:\/\/wp.kristdemokraterna.se\/varnamo\/2002\/09\/03\/stefan-christer-tycker-att-det-ar-hog-tid-for-manniskan\/","title":{"rendered":"Stefan &amp; Christer tycker att det \u00e4r h\u00f6g tid f\u00f6r m\u00e4nniskan"},"content":{"rendered":"<p>De vill skapa trygghet och valfrihet. De vill forma ett samh\u00e4lle med m\u00e4nskliga m\u00e5tt. S\u00e5 presenterades Stefan &amp; Christer (Thors\u00e9n &amp; Fjordevik) n\u00e4r de skulle tala utanf\u00f6r Kristdemokraternas valstuga p\u00e5 Flanaden i V\u00e4rnamo i l\u00f6rdags.<\/p>\n<p><!--more-->L\u00f6rdagen\u00a0den 31 augusti var det L\u00e5ngl\u00f6rdag i V\u00e4rnamo city. En l\u00f6rdag\u00a0mitt under brinnande valr\u00f6relse m\u00e5ste naturligtvis de politiska\u00a0partierna finnas med. Allts\u00e5 hade alla valstugor, och Folkpartiets valbyr\u00e5,\u00a0\u00f6ppet, med ett varierande utbud av aktiviteter.<\/p>\n<p>Utanf\u00f6r Kristdemokraternas valstuga var det full aktivitet. Man delade ut ballonger till barnen och s\u00e5lde glass f\u00f6r brinnande i livet. Glassen, Alfs Polka Supreme, \u00e4r en kristdemokratiskt vit, svalkande och \u00e4kta vaniljglass effektfullt dekorerad med en polkagrisst\u00e5ng och den introducerades vid <a title=\"Lilla julafton n\u00e4r Alf kom till V\u00e4rnamo\" href=\"http:\/\/wp.kristdemokraterna.se\/varnamo\/2002\/08\/24\/lilla-julafton-nar-alf-kom-till-varnamo\/\">Alf Svenssons bes\u00f6k i V\u00e4rnamo<\/a> l\u00f6rdagen innan.<\/p>\n<p>F\u00f6rutom kommunalr\u00e5dskandidaten Christer Fjordevik och toppnamnet p\u00e5 landstingsvalsedeln Stefan Thors\u00e9n presenterade kristdemokraterna sina \u00f6vriga kandidater i kommunfullm\u00e4ktigevalet. Bland annat talade Margareta Lindahl, andranamn p\u00e5 v\u00e4rnamolistan, engagerat om en av sina hj\u00e4rtefr\u00e5gor \u2013 <a title=\"\u00d6ka satsningen p\u00e5 rehabiliterings\u00e5tg\u00e4rder\" href=\"http:\/\/wp.kristdemokraterna.se\/varnamo\/2002\/08\/31\/vad-vantar-regeringen-pa\/\">\u00f6ka satsningen p\u00e5 rehabiliterings\u00e5tg\u00e4rder<\/a>.<\/p>\n<div style=\"width: 80px\" class=\"wp-caption alignnone\"><a href=\"http:\/\/wp.kristdemokraterna.se\/varnamo\/files\/2010\/08\/st.gif\"><img loading=\"lazy\" decoding=\"async\" title=\"st\" src=\"http:\/\/wp.kristdemokraterna.se\/varnamo\/files\/2010\/08\/st.gif\" alt=\"Stefan Thors\u00e9n, Kristdemokratisk landstingskandidat.\" width=\"70\" height=\"100\" \/><\/a><p class=\"wp-caption-text\">Stefan Thors\u00e9n, Kristdemokratisk landstingskandidat.<\/p><\/div>\n<div style=\"width: 110px\" class=\"wp-caption alignnone\"><a href=\"http:\/\/wp.kristdemokraterna.se\/varnamo\/files\/2010\/08\/christer_fjordevik.jpg\"><img loading=\"lazy\" decoding=\"async\" title=\"christer_fjordevik\" src=\"http:\/\/wp.kristdemokraterna.se\/varnamo\/files\/2010\/08\/christer_fjordevik.jpg\" alt=\"Christer Fjordevik, Kristdemokraternas kommunalr\u00e5dskandidat. (Foto: Fotograf M\u00e4ster Olof)\" width=\"100\" height=\"100\" \/><\/a><p class=\"wp-caption-text\">Christer Fjordevik, Kristdemokraternas kommunalr\u00e5dskandidat. (Foto: Fotograf M\u00e4ster Olof)<\/p><\/div>\n<p>L\u00e4s Margareta Lindahls uttalande om rehabilitering i [<a title=\"Vad v\u00e4ntar regeringen p\u00e5?\" href=\"http:\/\/wp.kristdemokraterna.se\/varnamo\/2002\/08\/31\/vad-vantar-regeringen-pa\/\">Vad v\u00e4ntar regeringen p\u00e5?<\/a>]<\/p>\n<p>L\u00e4s om [<a title=\"Lilla julafton n\u00e4r Alf kom till V\u00e4rnamo\" href=\"http:\/\/wp.kristdemokraterna.se\/varnamo\/2002\/08\/24\/lilla-julafton-nar-alf-kom-till-varnamo\/\">Alf Svenssons bes\u00f6k i V\u00e4rnamo<\/a>]<\/p>\n","protected":false},"excerpt":{"rendered":"<p>De vill skapa trygghet och valfrihet. De vill forma ett samh\u00e4lle med m\u00e4nskliga m\u00e5tt. S\u00e5 presenterades Stefan &amp; Christer (Thors\u00e9n &amp; Fjordevik) n\u00e4r de skulle tala utanf\u00f6r Kristdemokraternas valstuga p\u00e5 Flanaden i V\u00e4rnamo i l\u00f6rdags.<\/p>\n","protected":false},"author":412,"featured_media":9638,"comment_status":"closed","ping_status":"closed","sticky":false,"template":"","format":"standard","meta":{"_acf_changed":false,"footnotes":""},"categories":[11],"tags":[243,24,48,70,110,266,277,62],"class_list":["post-1914","post","type-post","status-publish","format-standard","hentry","category-nyheter","tag-alf-svensson","tag-christer-fjordevik","tag-kommunfullmaktige","tag-landstinget","tag-margareta-lindahl","tag-stefan-thorsen","tag-trygghet-och-valfrihet","tag-valrorelse"],"acf":[],"yoast_head":"<!-- This site is optimized with the Yoast SEO plugin v27.4 - https:\/\/yoast.com\/product\/yoast-seo-wordpress\/ -->\n<title>Stefan &amp; Christer tycker att det \u00e4r h\u00f6g tid f\u00f6r m\u00e4nniskan - KRISTDEMOKRATERNA V\u00c4RNAMO<\/title>\n<meta name=\"robots\" content=\"index, follow, max-snippet:-1, max-image-preview:large, max-video-preview:-1\" \/>\n<link rel=\"canonical\" href=\"https:\/\/wp.kristdemokraterna.se\/varnamo\/2002\/09\/03\/stefan-christer-tycker-att-det-ar-hog-tid-for-manniskan\/\" \/>\n<meta property=\"og:locale\" content=\"sv_SE\" \/>\n<meta property=\"og:type\" content=\"article\" \/>\n<meta property=\"og:title\" content=\"Stefan &amp; Christer tycker att det \u00e4r h\u00f6g tid f\u00f6r m\u00e4nniskan - KRISTDEMOKRATERNA V\u00c4RNAMO\" \/>\n<meta property=\"og:description\" content=\"De vill skapa trygghet och valfrihet. De vill forma ett samh\u00e4lle med m\u00e4nskliga m\u00e5tt. S\u00e5 presenterades Stefan &amp; Christer (Thors\u00e9n &amp; Fjordevik) n\u00e4r de skulle tala utanf\u00f6r Kristdemokraternas valstuga p\u00e5 Flanaden i V\u00e4rnamo i l\u00f6rdags.\" \/>\n<meta property=\"og:url\" content=\"https:\/\/wp.kristdemokraterna.se\/varnamo\/2002\/09\/03\/stefan-christer-tycker-att-det-ar-hog-tid-for-manniskan\/\" \/>\n<meta property=\"og:site_name\" content=\"KRISTDEMOKRATERNA V\u00c4RNAMO\" \/>\n<meta property=\"article:publisher\" content=\"https:\/\/www.facebook.com\/KDVarnamo\/\" \/>\n<meta property=\"article:published_time\" content=\"2002-09-03T19:37:00+00:00\" \/>\n<meta property=\"article:modified_time\" content=\"2015-07-12T18:13:27+00:00\" \/>\n<meta property=\"og:image\" content=\"http:\/\/wp.kristdemokraterna.se\/varnamo\/files\/2010\/08\/st.gif\" \/>\n<meta name=\"author\" content=\"Kristdemokraterna V\u00e4rnamo\" \/>\n<meta name=\"twitter:card\" content=\"summary_large_image\" \/>\n<meta name=\"twitter:creator\" content=\"@KDVarnamo\" \/>\n<meta name=\"twitter:site\" content=\"@KDVarnamo\" \/>\n<meta name=\"twitter:label1\" content=\"Skriven av\" \/>\n\t<meta name=\"twitter:data1\" content=\"Kristdemokraterna V\u00e4rnamo\" \/>\n\t<meta name=\"twitter:label2\" content=\"Ber\u00e4knad l\u00e4stid\" \/>\n\t<meta name=\"twitter:data2\" content=\"1 minut\" \/>\n<script type=\"application\/ld+json\" class=\"yoast-schema-graph\">{\"@context\":\"https:\\\/\\\/schema.org\",\"@graph\":[{\"@type\":\"Article\",\"@id\":\"https:\\\/\\\/wp.kristdemokraterna.se\\\/varnamo\\\/2002\\\/09\\\/03\\\/stefan-christer-tycker-att-det-ar-hog-tid-for-manniskan\\\/#article\",\"isPartOf\":{\"@id\":\"https:\\\/\\\/wp.kristdemokraterna.se\\\/varnamo\\\/2002\\\/09\\\/03\\\/stefan-christer-tycker-att-det-ar-hog-tid-for-manniskan\\\/\"},\"author\":{\"name\":\"Kristdemokraterna V\u00e4rnamo\",\"@id\":\"https:\\\/\\\/wp.kristdemokraterna.se\\\/varnamo\\\/#\\\/schema\\\/person\\\/4e339ab04d613699e4dfe80a994e01d4\"},\"headline\":\"Stefan &amp; Christer tycker att det \u00e4r h\u00f6g tid f\u00f6r m\u00e4nniskan\",\"datePublished\":\"2002-09-03T19:37:00+00:00\",\"dateModified\":\"2015-07-12T18:13:27+00:00\",\"mainEntityOfPage\":{\"@id\":\"https:\\\/\\\/wp.kristdemokraterna.se\\\/varnamo\\\/2002\\\/09\\\/03\\\/stefan-christer-tycker-att-det-ar-hog-tid-for-manniskan\\\/\"},\"wordCount\":249,\"publisher\":{\"@id\":\"https:\\\/\\\/wp.kristdemokraterna.se\\\/varnamo\\\/#organization\"},\"image\":{\"@id\":\"https:\\\/\\\/wp.kristdemokraterna.se\\\/varnamo\\\/2002\\\/09\\\/03\\\/stefan-christer-tycker-att-det-ar-hog-tid-for-manniskan\\\/#primaryimage\"},\"thumbnailUrl\":\"https:\\\/\\\/wp.kristdemokraterna.se\\\/varnamo\\\/files\\\/2022\\\/08\\\/kd-logo-blue.png\",\"keywords\":[\"Alf Svensson\",\"Christer Fjordevik\",\"kommunfullm\u00e4ktige\",\"landstinget\",\"Margareta Lindahl\",\"Stefan Thors\u00e9n\",\"trygghet och valfrihet\",\"valr\u00f6relse\"],\"articleSection\":[\"Nyheter\"],\"inLanguage\":\"sv-SE\"},{\"@type\":\"WebPage\",\"@id\":\"https:\\\/\\\/wp.kristdemokraterna.se\\\/varnamo\\\/2002\\\/09\\\/03\\\/stefan-christer-tycker-att-det-ar-hog-tid-for-manniskan\\\/\",\"url\":\"https:\\\/\\\/wp.kristdemokraterna.se\\\/varnamo\\\/2002\\\/09\\\/03\\\/stefan-christer-tycker-att-det-ar-hog-tid-for-manniskan\\\/\",\"name\":\"Stefan &amp; Christer tycker att det \u00e4r h\u00f6g tid f\u00f6r m\u00e4nniskan - KRISTDEMOKRATERNA V\u00c4RNAMO\",\"isPartOf\":{\"@id\":\"https:\\\/\\\/wp.kristdemokraterna.se\\\/varnamo\\\/#website\"},\"primaryImageOfPage\":{\"@id\":\"https:\\\/\\\/wp.kristdemokraterna.se\\\/varnamo\\\/2002\\\/09\\\/03\\\/stefan-christer-tycker-att-det-ar-hog-tid-for-manniskan\\\/#primaryimage\"},\"image\":{\"@id\":\"https:\\\/\\\/wp.kristdemokraterna.se\\\/varnamo\\\/2002\\\/09\\\/03\\\/stefan-christer-tycker-att-det-ar-hog-tid-for-manniskan\\\/#primaryimage\"},\"thumbnailUrl\":\"https:\\\/\\\/wp.kristdemokraterna.se\\\/varnamo\\\/files\\\/2022\\\/08\\\/kd-logo-blue.png\",\"datePublished\":\"2002-09-03T19:37:00+00:00\",\"dateModified\":\"2015-07-12T18:13:27+00:00\",\"breadcrumb\":{\"@id\":\"https:\\\/\\\/wp.kristdemokraterna.se\\\/varnamo\\\/2002\\\/09\\\/03\\\/stefan-christer-tycker-att-det-ar-hog-tid-for-manniskan\\\/#breadcrumb\"},\"inLanguage\":\"sv-SE\",\"potentialAction\":[{\"@type\":\"ReadAction\",\"target\":[\"https:\\\/\\\/wp.kristdemokraterna.se\\\/varnamo\\\/2002\\\/09\\\/03\\\/stefan-christer-tycker-att-det-ar-hog-tid-for-manniskan\\\/\"]}]},{\"@type\":\"ImageObject\",\"inLanguage\":\"sv-SE\",\"@id\":\"https:\\\/\\\/wp.kristdemokraterna.se\\\/varnamo\\\/2002\\\/09\\\/03\\\/stefan-christer-tycker-att-det-ar-hog-tid-for-manniskan\\\/#primaryimage\",\"url\":\"https:\\\/\\\/wp.kristdemokraterna.se\\\/varnamo\\\/files\\\/2022\\\/08\\\/kd-logo-blue.png\",\"contentUrl\":\"https:\\\/\\\/wp.kristdemokraterna.se\\\/varnamo\\\/files\\\/2022\\\/08\\\/kd-logo-blue.png\",\"width\":2000,\"height\":2000,\"caption\":\"Kristdemokraternas logotyp\"},{\"@type\":\"BreadcrumbList\",\"@id\":\"https:\\\/\\\/wp.kristdemokraterna.se\\\/varnamo\\\/2002\\\/09\\\/03\\\/stefan-christer-tycker-att-det-ar-hog-tid-for-manniskan\\\/#breadcrumb\",\"itemListElement\":[{\"@type\":\"ListItem\",\"position\":1,\"name\":\"Hem\",\"item\":\"https:\\\/\\\/wp.kristdemokraterna.se\\\/varnamo\\\/\"},{\"@type\":\"ListItem\",\"position\":2,\"name\":\"Stefan &amp; Christer tycker att det \u00e4r h\u00f6g tid f\u00f6r m\u00e4nniskan\"}]},{\"@type\":\"WebSite\",\"@id\":\"https:\\\/\\\/wp.kristdemokraterna.se\\\/varnamo\\\/#website\",\"url\":\"https:\\\/\\\/wp.kristdemokraterna.se\\\/varnamo\\\/\",\"name\":\"KRISTDEMOKRATERNA V\u00c4RNAMO\",\"description\":\"Med hj\u00e4rta f\u00f6r V\u00e4rnamo\",\"publisher\":{\"@id\":\"https:\\\/\\\/wp.kristdemokraterna.se\\\/varnamo\\\/#organization\"},\"inLanguage\":\"sv-SE\"},{\"@type\":\"Organization\",\"@id\":\"https:\\\/\\\/wp.kristdemokraterna.se\\\/varnamo\\\/#organization\",\"name\":\"Kristdemokraterna V\u00e4rnamo\",\"url\":\"https:\\\/\\\/wp.kristdemokraterna.se\\\/varnamo\\\/\",\"logo\":{\"@type\":\"ImageObject\",\"inLanguage\":\"sv-SE\",\"@id\":\"https:\\\/\\\/wp.kristdemokraterna.se\\\/varnamo\\\/#\\\/schema\\\/logo\\\/image\\\/\",\"url\":\"https:\\\/\\\/wp.kristdemokraterna.se\\\/varnamo\\\/files\\\/2022\\\/08\\\/va\u2560ernamo-sida-bla-300dpi.png\",\"contentUrl\":\"https:\\\/\\\/wp.kristdemokraterna.se\\\/varnamo\\\/files\\\/2022\\\/08\\\/va\u2560ernamo-sida-bla-300dpi.png\",\"width\":1485,\"height\":681,\"caption\":\"Kristdemokraterna V\u00e4rnamo\"},\"image\":{\"@id\":\"https:\\\/\\\/wp.kristdemokraterna.se\\\/varnamo\\\/#\\\/schema\\\/logo\\\/image\\\/\"},\"sameAs\":[\"https:\\\/\\\/www.facebook.com\\\/KDVarnamo\\\/\",\"https:\\\/\\\/x.com\\\/KDVarnamo\",\"https:\\\/\\\/www.instagram.com\\\/\",\"https:\\\/\\\/www.youtube.com\\\/user\\\/studiokd\\\/videos\"]},{\"@type\":\"Person\",\"@id\":\"https:\\\/\\\/wp.kristdemokraterna.se\\\/varnamo\\\/#\\\/schema\\\/person\\\/4e339ab04d613699e4dfe80a994e01d4\",\"name\":\"Kristdemokraterna V\u00e4rnamo\",\"image\":{\"@type\":\"ImageObject\",\"inLanguage\":\"sv-SE\",\"@id\":\"https:\\\/\\\/secure.gravatar.com\\\/avatar\\\/c122e48c7723992af51eb155eeaa93db3c1fa324e3fc6ec45dd712c812809b5b?s=96&r=g\",\"url\":\"https:\\\/\\\/secure.gravatar.com\\\/avatar\\\/c122e48c7723992af51eb155eeaa93db3c1fa324e3fc6ec45dd712c812809b5b?s=96&r=g\",\"contentUrl\":\"https:\\\/\\\/secure.gravatar.com\\\/avatar\\\/c122e48c7723992af51eb155eeaa93db3c1fa324e3fc6ec45dd712c812809b5b?s=96&r=g\",\"caption\":\"Kristdemokraterna V\u00e4rnamo\"},\"description\":\"Familjens r\u00f6st\",\"sameAs\":[\"http:\\\/\\\/www.varnamo.kristdemokraterna.se\"],\"url\":\"https:\\\/\\\/wp.kristdemokraterna.se\\\/varnamo\\\/author\\\/varnamo\\\/\"}]}<\/script>\n<!-- \/ Yoast SEO plugin. -->","yoast_head_json":{"title":"Stefan &amp; Christer tycker att det \u00e4r h\u00f6g tid f\u00f6r m\u00e4nniskan - KRISTDEMOKRATERNA V\u00c4RNAMO","robots":{"index":"index","follow":"follow","max-snippet":"max-snippet:-1","max-image-preview":"max-image-preview:large","max-video-preview":"max-video-preview:-1"},"canonical":"https:\/\/wp.kristdemokraterna.se\/varnamo\/2002\/09\/03\/stefan-christer-tycker-att-det-ar-hog-tid-for-manniskan\/","og_locale":"sv_SE","og_type":"article","og_title":"Stefan &amp; Christer tycker att det \u00e4r h\u00f6g tid f\u00f6r m\u00e4nniskan - KRISTDEMOKRATERNA V\u00c4RNAMO","og_description":"De vill skapa trygghet och valfrihet. De vill forma ett samh\u00e4lle med m\u00e4nskliga m\u00e5tt. S\u00e5 presenterades Stefan &amp; Christer (Thors\u00e9n &amp; Fjordevik) n\u00e4r de skulle tala utanf\u00f6r Kristdemokraternas valstuga p\u00e5 Flanaden i V\u00e4rnamo i l\u00f6rdags.","og_url":"https:\/\/wp.kristdemokraterna.se\/varnamo\/2002\/09\/03\/stefan-christer-tycker-att-det-ar-hog-tid-for-manniskan\/","og_site_name":"KRISTDEMOKRATERNA V\u00c4RNAMO","article_publisher":"https:\/\/www.facebook.com\/KDVarnamo\/","article_published_time":"2002-09-03T19:37:00+00:00","article_modified_time":"2015-07-12T18:13:27+00:00","og_image":[{"url":"http:\/\/wp.kristdemokraterna.se\/varnamo\/files\/2010\/08\/st.gif","type":"","width":"","height":""}],"author":"Kristdemokraterna V\u00e4rnamo","twitter_card":"summary_large_image","twitter_creator":"@KDVarnamo","twitter_site":"@KDVarnamo","twitter_misc":{"Skriven av":"Kristdemokraterna V\u00e4rnamo","Ber\u00e4knad l\u00e4stid":"1 minut"},"schema":{"@context":"https:\/\/schema.org","@graph":[{"@type":"Article","@id":"https:\/\/wp.kristdemokraterna.se\/varnamo\/2002\/09\/03\/stefan-christer-tycker-att-det-ar-hog-tid-for-manniskan\/#article","isPartOf":{"@id":"https:\/\/wp.kristdemokraterna.se\/varnamo\/2002\/09\/03\/stefan-christer-tycker-att-det-ar-hog-tid-for-manniskan\/"},"author":{"name":"Kristdemokraterna V\u00e4rnamo","@id":"https:\/\/wp.kristdemokraterna.se\/varnamo\/#\/schema\/person\/4e339ab04d613699e4dfe80a994e01d4"},"headline":"Stefan &amp; Christer tycker att det \u00e4r h\u00f6g tid f\u00f6r m\u00e4nniskan","datePublished":"2002-09-03T19:37:00+00:00","dateModified":"2015-07-12T18:13:27+00:00","mainEntityOfPage":{"@id":"https:\/\/wp.kristdemokraterna.se\/varnamo\/2002\/09\/03\/stefan-christer-tycker-att-det-ar-hog-tid-for-manniskan\/"},"wordCount":249,"publisher":{"@id":"https:\/\/wp.kristdemokraterna.se\/varnamo\/#organization"},"image":{"@id":"https:\/\/wp.kristdemokraterna.se\/varnamo\/2002\/09\/03\/stefan-christer-tycker-att-det-ar-hog-tid-for-manniskan\/#primaryimage"},"thumbnailUrl":"https:\/\/wp.kristdemokraterna.se\/varnamo\/files\/2022\/08\/kd-logo-blue.png","keywords":["Alf Svensson","Christer Fjordevik","kommunfullm\u00e4ktige","landstinget","Margareta Lindahl","Stefan Thors\u00e9n","trygghet och valfrihet","valr\u00f6relse"],"articleSection":["Nyheter"],"inLanguage":"sv-SE"},{"@type":"WebPage","@id":"https:\/\/wp.kristdemokraterna.se\/varnamo\/2002\/09\/03\/stefan-christer-tycker-att-det-ar-hog-tid-for-manniskan\/","url":"https:\/\/wp.kristdemokraterna.se\/varnamo\/2002\/09\/03\/stefan-christer-tycker-att-det-ar-hog-tid-for-manniskan\/","name":"Stefan &amp; Christer tycker att det \u00e4r h\u00f6g tid f\u00f6r m\u00e4nniskan - KRISTDEMOKRATERNA V\u00c4RNAMO","isPartOf":{"@id":"https:\/\/wp.kristdemokraterna.se\/varnamo\/#website"},"primaryImageOfPage":{"@id":"https:\/\/wp.kristdemokraterna.se\/varnamo\/2002\/09\/03\/stefan-christer-tycker-att-det-ar-hog-tid-for-manniskan\/#primaryimage"},"image":{"@id":"https:\/\/wp.kristdemokraterna.se\/varnamo\/2002\/09\/03\/stefan-christer-tycker-att-det-ar-hog-tid-for-manniskan\/#primaryimage"},"thumbnailUrl":"https:\/\/wp.kristdemokraterna.se\/varnamo\/files\/2022\/08\/kd-logo-blue.png","datePublished":"2002-09-03T19:37:00+00:00","dateModified":"2015-07-12T18:13:27+00:00","breadcrumb":{"@id":"https:\/\/wp.kristdemokraterna.se\/varnamo\/2002\/09\/03\/stefan-christer-tycker-att-det-ar-hog-tid-for-manniskan\/#breadcrumb"},"inLanguage":"sv-SE","potentialAction":[{"@type":"ReadAction","target":["https:\/\/wp.kristdemokraterna.se\/varnamo\/2002\/09\/03\/stefan-christer-tycker-att-det-ar-hog-tid-for-manniskan\/"]}]},{"@type":"ImageObject","inLanguage":"sv-SE","@id":"https:\/\/wp.kristdemokraterna.se\/varnamo\/2002\/09\/03\/stefan-christer-tycker-att-det-ar-hog-tid-for-manniskan\/#primaryimage","url":"https:\/\/wp.kristdemokraterna.se\/varnamo\/files\/2022\/08\/kd-logo-blue.png","contentUrl":"https:\/\/wp.kristdemokraterna.se\/varnamo\/files\/2022\/08\/kd-logo-blue.png","width":2000,"height":2000,"caption":"Kristdemokraternas logotyp"},{"@type":"BreadcrumbList","@id":"https:\/\/wp.kristdemokraterna.se\/varnamo\/2002\/09\/03\/stefan-christer-tycker-att-det-ar-hog-tid-for-manniskan\/#breadcrumb","itemListElement":[{"@type":"ListItem","position":1,"name":"Hem","item":"https:\/\/wp.kristdemokraterna.se\/varnamo\/"},{"@type":"ListItem","position":2,"name":"Stefan &amp; Christer tycker att det \u00e4r h\u00f6g tid f\u00f6r m\u00e4nniskan"}]},{"@type":"WebSite","@id":"https:\/\/wp.kristdemokraterna.se\/varnamo\/#website","url":"https:\/\/wp.kristdemokraterna.se\/varnamo\/","name":"KRISTDEMOKRATERNA V\u00c4RNAMO","description":"Med hj\u00e4rta f\u00f6r V\u00e4rnamo","publisher":{"@id":"https:\/\/wp.kristdemokraterna.se\/varnamo\/#organization"},"inLanguage":"sv-SE"},{"@type":"Organization","@id":"https:\/\/wp.kristdemokraterna.se\/varnamo\/#organization","name":"Kristdemokraterna V\u00e4rnamo","url":"https:\/\/wp.kristdemokraterna.se\/varnamo\/","logo":{"@type":"ImageObject","inLanguage":"sv-SE","@id":"https:\/\/wp.kristdemokraterna.se\/varnamo\/#\/schema\/logo\/image\/","url":"https:\/\/wp.kristdemokraterna.se\/varnamo\/files\/2022\/08\/va\u2560ernamo-sida-bla-300dpi.png","contentUrl":"https:\/\/wp.kristdemokraterna.se\/varnamo\/files\/2022\/08\/va\u2560ernamo-sida-bla-300dpi.png","width":1485,"height":681,"caption":"Kristdemokraterna V\u00e4rnamo"},"image":{"@id":"https:\/\/wp.kristdemokraterna.se\/varnamo\/#\/schema\/logo\/image\/"},"sameAs":["https:\/\/www.facebook.com\/KDVarnamo\/","https:\/\/x.com\/KDVarnamo","https:\/\/www.instagram.com\/","https:\/\/www.youtube.com\/user\/studiokd\/videos"]},{"@type":"Person","@id":"https:\/\/wp.kristdemokraterna.se\/varnamo\/#\/schema\/person\/4e339ab04d613699e4dfe80a994e01d4","name":"Kristdemokraterna V\u00e4rnamo","image":{"@type":"ImageObject","inLanguage":"sv-SE","@id":"https:\/\/secure.gravatar.com\/avatar\/c122e48c7723992af51eb155eeaa93db3c1fa324e3fc6ec45dd712c812809b5b?s=96&r=g","url":"https:\/\/secure.gravatar.com\/avatar\/c122e48c7723992af51eb155eeaa93db3c1fa324e3fc6ec45dd712c812809b5b?s=96&r=g","contentUrl":"https:\/\/secure.gravatar.com\/avatar\/c122e48c7723992af51eb155eeaa93db3c1fa324e3fc6ec45dd712c812809b5b?s=96&r=g","caption":"Kristdemokraterna V\u00e4rnamo"},"description":"Familjens r\u00f6st","sameAs":["http:\/\/www.varnamo.kristdemokraterna.se"],"url":"https:\/\/wp.kristdemokraterna.se\/varnamo\/author\/varnamo\/"}]}},"_links":{"self":[{"href":"https:\/\/wp.kristdemokraterna.se\/varnamo\/wp-json\/wp\/v2\/posts\/1914","targetHints":{"allow":["GET"]}}],"collection":[{"href":"https:\/\/wp.kristdemokraterna.se\/varnamo\/wp-json\/wp\/v2\/posts"}],"about":[{"href":"https:\/\/wp.kristdemokraterna.se\/varnamo\/wp-json\/wp\/v2\/types\/post"}],"author":[{"embeddable":true,"href":"https:\/\/wp.kristdemokraterna.se\/varnamo\/wp-json\/wp\/v2\/users\/412"}],"replies":[{"embeddable":true,"href":"https:\/\/wp.kristdemokraterna.se\/varnamo\/wp-json\/wp\/v2\/comments?post=1914"}],"version-history":[{"count":5,"href":"https:\/\/wp.kristdemokraterna.se\/varnamo\/wp-json\/wp\/v2\/posts\/1914\/revisions"}],"predecessor-version":[{"id":6844,"href":"https:\/\/wp.kristdemokraterna.se\/varnamo\/wp-json\/wp\/v2\/posts\/1914\/revisions\/6844"}],"wp:featuredmedia":[{"embeddable":true,"href":"https:\/\/wp.kristdemokraterna.se\/varnamo\/wp-json\/wp\/v2\/media\/9638"}],"wp:attachment":[{"href":"https:\/\/wp.kristdemokraterna.se\/varnamo\/wp-json\/wp\/v2\/media?parent=1914"}],"wp:term":[{"taxonomy":"category","embeddable":true,"href":"https:\/\/wp.kristdemokraterna.se\/varnamo\/wp-json\/wp\/v2\/categories?post=1914"},{"taxonomy":"post_tag","embeddable":true,"href":"https:\/\/wp.kristdemokraterna.se\/varnamo\/wp-json\/wp\/v2\/tags?post=1914"}],"curies":[{"name":"wp","href":"https:\/\/api.w.org\/{rel}","templated":true}]}}