{"id":1915,"date":"2002-09-06T21:37:00","date_gmt":"2002-09-06T19:37:00","guid":{"rendered":"http:\/\/localhost:4901\/?p=1914"},"modified":"2015-07-12T20:08:37","modified_gmt":"2015-07-12T18:08:37","slug":"seniorforbundet-ar-ute-och-cyklar","status":"publish","type":"post","link":"https:\/\/wp.kristdemokraterna.se\/varnamo\/2002\/09\/06\/seniorforbundet-ar-ute-och-cyklar\/","title":{"rendered":"Seniorf\u00f6rbundet \u00e4r ute och cyklar"},"content":{"rendered":"<div id=\"attachment_3081\" style=\"width: 330px\" class=\"wp-caption alignnone\"><a href=\"http:\/\/wp.kristdemokraterna.se\/varnamo\/files\/2010\/08\/gunnarerland.gif\"><img loading=\"lazy\" decoding=\"async\" aria-describedby=\"caption-attachment-3081\" class=\"wp-image-3081 size-full\" title=\"gunnarerland\" src=\"http:\/\/wp.kristdemokraterna.se\/varnamo\/files\/2010\/08\/gunnarerland.gif\" alt=\"Gunnar Siljehult och Erland Skager\u00f6 cyklar iv\u00e4g fr\u00e5n R\u00e5dhusparken i J\u00f6nk\u00f6ping.\" width=\"320\" height=\"292\" \/><\/a><p id=\"caption-attachment-3081\" class=\"wp-caption-text\">Gunnar Siljehult och Erland Skager\u00f6 cyklar iv\u00e4g fr\u00e5n R\u00e5dhusparken i J\u00f6nk\u00f6ping.<\/p><\/div>\n<p>De \u00e4r inte bara ute och cyklar \u2013 de vill f\u00f6r\u00e4ndra samh\u00e4llet ocks\u00e5. Gunnar Siljehult och Erland Skager\u00f6, kristdemokratiska seniorf\u00f6rbundare i landstingspolitiken, har cyklat f\u00f6r ett friskare l\u00e4n under en veckas tid. Idag klockan 17.00 anl\u00e4nde de till Kristdemokraternas valstuga p\u00e5 Flanaden i V\u00e4rnamo, som var m\u00e5let f\u00f6r deras en vecka och 26 mil l\u00e5nga cykeltur.<\/p>\n<p><!--more-->Det var i R\u00e5dhuhsparken i J\u00f6nk\u00f6ping klockan 10.00 i m\u00e5ndags som kommunalr\u00e5det Acko Ankarberg Johansson sk\u00f6t startskottet p\u00e5 Seniorf\u00f6rbundets cykelturn\u00e9 i l\u00e4net. Gunnar Siljehult och Erland Skager\u00f6 startade d\u00e5 sin cykeltur f\u00f6r att sl\u00e5 ett slag f\u00f6r folkh\u00e4lsan och milj\u00f6n, samt \u00f6verl\u00e4mna en budkavle i varje kommun man bes\u00f6ker.<\/p>\n<p>I budkavlen st\u00e5r det bland annat att: <q title=\"Gunnar Siljehult och Erland Skager\u00f6\">Det \u00e4r en skamfl\u00e4ck p\u00e5 v\u00e5rt lands sociala trygghet att m\u00e5nga pension\u00e4rer tvingas leva p\u00e5 mycket l\u00e5ga pensioner. H\u00f6j pensionerna med b\u00f6rjan p\u00e5 de som har det s\u00e4mst!<\/q><\/p>\n<p>I V\u00e4rnamo hade den lokala arbetsgruppen inom Seniorf\u00f6rbundet arrangerat ett storslaget mottagande av de tv\u00e5 cyklisterna. G\u00e5gatan fylldes av m\u00e4nniskor som ville lyssna till Gunnar Siljehult och Erland Skager\u00f6. Under ett vitt och bl\u00e5tt partyt\u00e4lt serverades ostkaka till alla som ville ha.<\/p>\n","protected":false},"excerpt":{"rendered":"<p>De \u00e4r inte bara ute och cyklar \u2013 de vill f\u00f6r\u00e4ndra samh\u00e4llet ocks\u00e5. Gunnar Siljehult och Erland Skager\u00f6, kristdemokratiska seniorf\u00f6rbundare i landstingspolitiken, har cyklat f\u00f6r ett friskare l\u00e4n under en veckas tid. Idag klockan 17.00 anl\u00e4nde de till Kristdemokraternas valstuga p\u00e5 Flanaden i V\u00e4rnamo, som var m\u00e5let f\u00f6r deras en vecka och 26 mil l\u00e5nga <a class=\"read-more-link\" href=\"https:\/\/wp.kristdemokraterna.se\/varnamo\/2002\/09\/06\/seniorforbundet-ar-ute-och-cyklar\/\">Read More<\/a><\/p>\n","protected":false},"author":412,"featured_media":9638,"comment_status":"closed","ping_status":"closed","sticky":false,"template":"","format":"standard","meta":{"_acf_changed":false,"footnotes":""},"categories":[11],"tags":[105,154,70,39,99,176,62],"class_list":["post-1915","post","type-post","status-publish","format-standard","hentry","category-nyheter","tag-acko-ankarberg-johansson","tag-folkhalsa","tag-landstinget","tag-miljo","tag-pension","tag-seniorforbundet","tag-valrorelse"],"acf":[],"yoast_head":"<!-- This site is optimized with the Yoast SEO plugin v27.4 - https:\/\/yoast.com\/product\/yoast-seo-wordpress\/ -->\n<title>Seniorf\u00f6rbundet \u00e4r ute och cyklar - KRISTDEMOKRATERNA V\u00c4RNAMO<\/title>\n<meta name=\"robots\" content=\"index, follow, max-snippet:-1, max-image-preview:large, max-video-preview:-1\" \/>\n<link rel=\"canonical\" href=\"https:\/\/wp.kristdemokraterna.se\/varnamo\/2002\/09\/06\/seniorforbundet-ar-ute-och-cyklar\/\" \/>\n<meta property=\"og:locale\" content=\"sv_SE\" \/>\n<meta property=\"og:type\" content=\"article\" \/>\n<meta property=\"og:title\" content=\"Seniorf\u00f6rbundet \u00e4r ute och cyklar - KRISTDEMOKRATERNA V\u00c4RNAMO\" \/>\n<meta property=\"og:description\" content=\"De \u00e4r inte bara ute och cyklar \u2013 de vill f\u00f6r\u00e4ndra samh\u00e4llet ocks\u00e5. Gunnar Siljehult och Erland Skager\u00f6, kristdemokratiska seniorf\u00f6rbundare i landstingspolitiken, har cyklat f\u00f6r ett friskare l\u00e4n under en veckas tid. Idag klockan 17.00 anl\u00e4nde de till Kristdemokraternas valstuga p\u00e5 Flanaden i V\u00e4rnamo, som var m\u00e5let f\u00f6r deras en vecka och 26 mil l\u00e5nga Read More\" \/>\n<meta property=\"og:url\" content=\"https:\/\/wp.kristdemokraterna.se\/varnamo\/2002\/09\/06\/seniorforbundet-ar-ute-och-cyklar\/\" \/>\n<meta property=\"og:site_name\" content=\"KRISTDEMOKRATERNA V\u00c4RNAMO\" \/>\n<meta property=\"article:publisher\" content=\"https:\/\/www.facebook.com\/KDVarnamo\/\" \/>\n<meta property=\"article:published_time\" content=\"2002-09-06T19:37:00+00:00\" \/>\n<meta property=\"article:modified_time\" content=\"2015-07-12T18:08:37+00:00\" \/>\n<meta property=\"og:image\" content=\"http:\/\/wp.kristdemokraterna.se\/varnamo\/files\/2010\/08\/gunnarerland.gif\" \/>\n<meta name=\"author\" content=\"Kristdemokraterna V\u00e4rnamo\" \/>\n<meta name=\"twitter:card\" content=\"summary_large_image\" \/>\n<meta name=\"twitter:creator\" content=\"@KDVarnamo\" \/>\n<meta name=\"twitter:site\" content=\"@KDVarnamo\" \/>\n<meta name=\"twitter:label1\" content=\"Skriven av\" \/>\n\t<meta name=\"twitter:data1\" content=\"Kristdemokraterna V\u00e4rnamo\" \/>\n\t<meta name=\"twitter:label2\" content=\"Ber\u00e4knad l\u00e4stid\" \/>\n\t<meta name=\"twitter:data2\" content=\"1 minut\" \/>\n<script type=\"application\/ld+json\" class=\"yoast-schema-graph\">{\"@context\":\"https:\\\/\\\/schema.org\",\"@graph\":[{\"@type\":\"Article\",\"@id\":\"https:\\\/\\\/wp.kristdemokraterna.se\\\/varnamo\\\/2002\\\/09\\\/06\\\/seniorforbundet-ar-ute-och-cyklar\\\/#article\",\"isPartOf\":{\"@id\":\"https:\\\/\\\/wp.kristdemokraterna.se\\\/varnamo\\\/2002\\\/09\\\/06\\\/seniorforbundet-ar-ute-och-cyklar\\\/\"},\"author\":{\"name\":\"Kristdemokraterna V\u00e4rnamo\",\"@id\":\"https:\\\/\\\/wp.kristdemokraterna.se\\\/varnamo\\\/#\\\/schema\\\/person\\\/4e339ab04d613699e4dfe80a994e01d4\"},\"headline\":\"Seniorf\u00f6rbundet \u00e4r ute och cyklar\",\"datePublished\":\"2002-09-06T19:37:00+00:00\",\"dateModified\":\"2015-07-12T18:08:37+00:00\",\"mainEntityOfPage\":{\"@id\":\"https:\\\/\\\/wp.kristdemokraterna.se\\\/varnamo\\\/2002\\\/09\\\/06\\\/seniorforbundet-ar-ute-och-cyklar\\\/\"},\"wordCount\":247,\"publisher\":{\"@id\":\"https:\\\/\\\/wp.kristdemokraterna.se\\\/varnamo\\\/#organization\"},\"image\":{\"@id\":\"https:\\\/\\\/wp.kristdemokraterna.se\\\/varnamo\\\/2002\\\/09\\\/06\\\/seniorforbundet-ar-ute-och-cyklar\\\/#primaryimage\"},\"thumbnailUrl\":\"https:\\\/\\\/wp.kristdemokraterna.se\\\/varnamo\\\/files\\\/2022\\\/08\\\/kd-logo-blue.png\",\"keywords\":[\"Acko Ankarberg Johansson\",\"folkh\u00e4lsa\",\"landstinget\",\"milj\u00f6\",\"pension\",\"seniorf\u00f6rbundet\",\"valr\u00f6relse\"],\"articleSection\":[\"Nyheter\"],\"inLanguage\":\"sv-SE\"},{\"@type\":\"WebPage\",\"@id\":\"https:\\\/\\\/wp.kristdemokraterna.se\\\/varnamo\\\/2002\\\/09\\\/06\\\/seniorforbundet-ar-ute-och-cyklar\\\/\",\"url\":\"https:\\\/\\\/wp.kristdemokraterna.se\\\/varnamo\\\/2002\\\/09\\\/06\\\/seniorforbundet-ar-ute-och-cyklar\\\/\",\"name\":\"Seniorf\u00f6rbundet \u00e4r ute och cyklar - KRISTDEMOKRATERNA V\u00c4RNAMO\",\"isPartOf\":{\"@id\":\"https:\\\/\\\/wp.kristdemokraterna.se\\\/varnamo\\\/#website\"},\"primaryImageOfPage\":{\"@id\":\"https:\\\/\\\/wp.kristdemokraterna.se\\\/varnamo\\\/2002\\\/09\\\/06\\\/seniorforbundet-ar-ute-och-cyklar\\\/#primaryimage\"},\"image\":{\"@id\":\"https:\\\/\\\/wp.kristdemokraterna.se\\\/varnamo\\\/2002\\\/09\\\/06\\\/seniorforbundet-ar-ute-och-cyklar\\\/#primaryimage\"},\"thumbnailUrl\":\"https:\\\/\\\/wp.kristdemokraterna.se\\\/varnamo\\\/files\\\/2022\\\/08\\\/kd-logo-blue.png\",\"datePublished\":\"2002-09-06T19:37:00+00:00\",\"dateModified\":\"2015-07-12T18:08:37+00:00\",\"breadcrumb\":{\"@id\":\"https:\\\/\\\/wp.kristdemokraterna.se\\\/varnamo\\\/2002\\\/09\\\/06\\\/seniorforbundet-ar-ute-och-cyklar\\\/#breadcrumb\"},\"inLanguage\":\"sv-SE\",\"potentialAction\":[{\"@type\":\"ReadAction\",\"target\":[\"https:\\\/\\\/wp.kristdemokraterna.se\\\/varnamo\\\/2002\\\/09\\\/06\\\/seniorforbundet-ar-ute-och-cyklar\\\/\"]}]},{\"@type\":\"ImageObject\",\"inLanguage\":\"sv-SE\",\"@id\":\"https:\\\/\\\/wp.kristdemokraterna.se\\\/varnamo\\\/2002\\\/09\\\/06\\\/seniorforbundet-ar-ute-och-cyklar\\\/#primaryimage\",\"url\":\"https:\\\/\\\/wp.kristdemokraterna.se\\\/varnamo\\\/files\\\/2022\\\/08\\\/kd-logo-blue.png\",\"contentUrl\":\"https:\\\/\\\/wp.kristdemokraterna.se\\\/varnamo\\\/files\\\/2022\\\/08\\\/kd-logo-blue.png\",\"width\":2000,\"height\":2000,\"caption\":\"Kristdemokraternas logotyp\"},{\"@type\":\"BreadcrumbList\",\"@id\":\"https:\\\/\\\/wp.kristdemokraterna.se\\\/varnamo\\\/2002\\\/09\\\/06\\\/seniorforbundet-ar-ute-och-cyklar\\\/#breadcrumb\",\"itemListElement\":[{\"@type\":\"ListItem\",\"position\":1,\"name\":\"Hem\",\"item\":\"https:\\\/\\\/wp.kristdemokraterna.se\\\/varnamo\\\/\"},{\"@type\":\"ListItem\",\"position\":2,\"name\":\"Seniorf\u00f6rbundet \u00e4r ute och cyklar\"}]},{\"@type\":\"WebSite\",\"@id\":\"https:\\\/\\\/wp.kristdemokraterna.se\\\/varnamo\\\/#website\",\"url\":\"https:\\\/\\\/wp.kristdemokraterna.se\\\/varnamo\\\/\",\"name\":\"KRISTDEMOKRATERNA V\u00c4RNAMO\",\"description\":\"Med hj\u00e4rta f\u00f6r V\u00e4rnamo\",\"publisher\":{\"@id\":\"https:\\\/\\\/wp.kristdemokraterna.se\\\/varnamo\\\/#organization\"},\"inLanguage\":\"sv-SE\"},{\"@type\":\"Organization\",\"@id\":\"https:\\\/\\\/wp.kristdemokraterna.se\\\/varnamo\\\/#organization\",\"name\":\"Kristdemokraterna V\u00e4rnamo\",\"url\":\"https:\\\/\\\/wp.kristdemokraterna.se\\\/varnamo\\\/\",\"logo\":{\"@type\":\"ImageObject\",\"inLanguage\":\"sv-SE\",\"@id\":\"https:\\\/\\\/wp.kristdemokraterna.se\\\/varnamo\\\/#\\\/schema\\\/logo\\\/image\\\/\",\"url\":\"https:\\\/\\\/wp.kristdemokraterna.se\\\/varnamo\\\/files\\\/2022\\\/08\\\/va\u2560ernamo-sida-bla-300dpi.png\",\"contentUrl\":\"https:\\\/\\\/wp.kristdemokraterna.se\\\/varnamo\\\/files\\\/2022\\\/08\\\/va\u2560ernamo-sida-bla-300dpi.png\",\"width\":1485,\"height\":681,\"caption\":\"Kristdemokraterna V\u00e4rnamo\"},\"image\":{\"@id\":\"https:\\\/\\\/wp.kristdemokraterna.se\\\/varnamo\\\/#\\\/schema\\\/logo\\\/image\\\/\"},\"sameAs\":[\"https:\\\/\\\/www.facebook.com\\\/KDVarnamo\\\/\",\"https:\\\/\\\/x.com\\\/KDVarnamo\",\"https:\\\/\\\/www.instagram.com\\\/\",\"https:\\\/\\\/www.youtube.com\\\/user\\\/studiokd\\\/videos\"]},{\"@type\":\"Person\",\"@id\":\"https:\\\/\\\/wp.kristdemokraterna.se\\\/varnamo\\\/#\\\/schema\\\/person\\\/4e339ab04d613699e4dfe80a994e01d4\",\"name\":\"Kristdemokraterna V\u00e4rnamo\",\"image\":{\"@type\":\"ImageObject\",\"inLanguage\":\"sv-SE\",\"@id\":\"https:\\\/\\\/secure.gravatar.com\\\/avatar\\\/c122e48c7723992af51eb155eeaa93db3c1fa324e3fc6ec45dd712c812809b5b?s=96&r=g\",\"url\":\"https:\\\/\\\/secure.gravatar.com\\\/avatar\\\/c122e48c7723992af51eb155eeaa93db3c1fa324e3fc6ec45dd712c812809b5b?s=96&r=g\",\"contentUrl\":\"https:\\\/\\\/secure.gravatar.com\\\/avatar\\\/c122e48c7723992af51eb155eeaa93db3c1fa324e3fc6ec45dd712c812809b5b?s=96&r=g\",\"caption\":\"Kristdemokraterna V\u00e4rnamo\"},\"description\":\"Familjens r\u00f6st\",\"sameAs\":[\"http:\\\/\\\/www.varnamo.kristdemokraterna.se\"],\"url\":\"https:\\\/\\\/wp.kristdemokraterna.se\\\/varnamo\\\/author\\\/varnamo\\\/\"}]}<\/script>\n<!-- \/ Yoast SEO plugin. -->","yoast_head_json":{"title":"Seniorf\u00f6rbundet \u00e4r ute och cyklar - KRISTDEMOKRATERNA V\u00c4RNAMO","robots":{"index":"index","follow":"follow","max-snippet":"max-snippet:-1","max-image-preview":"max-image-preview:large","max-video-preview":"max-video-preview:-1"},"canonical":"https:\/\/wp.kristdemokraterna.se\/varnamo\/2002\/09\/06\/seniorforbundet-ar-ute-och-cyklar\/","og_locale":"sv_SE","og_type":"article","og_title":"Seniorf\u00f6rbundet \u00e4r ute och cyklar - KRISTDEMOKRATERNA V\u00c4RNAMO","og_description":"De \u00e4r inte bara ute och cyklar \u2013 de vill f\u00f6r\u00e4ndra samh\u00e4llet ocks\u00e5. Gunnar Siljehult och Erland Skager\u00f6, kristdemokratiska seniorf\u00f6rbundare i landstingspolitiken, har cyklat f\u00f6r ett friskare l\u00e4n under en veckas tid. Idag klockan 17.00 anl\u00e4nde de till Kristdemokraternas valstuga p\u00e5 Flanaden i V\u00e4rnamo, som var m\u00e5let f\u00f6r deras en vecka och 26 mil l\u00e5nga Read More","og_url":"https:\/\/wp.kristdemokraterna.se\/varnamo\/2002\/09\/06\/seniorforbundet-ar-ute-och-cyklar\/","og_site_name":"KRISTDEMOKRATERNA V\u00c4RNAMO","article_publisher":"https:\/\/www.facebook.com\/KDVarnamo\/","article_published_time":"2002-09-06T19:37:00+00:00","article_modified_time":"2015-07-12T18:08:37+00:00","og_image":[{"url":"http:\/\/wp.kristdemokraterna.se\/varnamo\/files\/2010\/08\/gunnarerland.gif","type":"","width":"","height":""}],"author":"Kristdemokraterna V\u00e4rnamo","twitter_card":"summary_large_image","twitter_creator":"@KDVarnamo","twitter_site":"@KDVarnamo","twitter_misc":{"Skriven av":"Kristdemokraterna V\u00e4rnamo","Ber\u00e4knad l\u00e4stid":"1 minut"},"schema":{"@context":"https:\/\/schema.org","@graph":[{"@type":"Article","@id":"https:\/\/wp.kristdemokraterna.se\/varnamo\/2002\/09\/06\/seniorforbundet-ar-ute-och-cyklar\/#article","isPartOf":{"@id":"https:\/\/wp.kristdemokraterna.se\/varnamo\/2002\/09\/06\/seniorforbundet-ar-ute-och-cyklar\/"},"author":{"name":"Kristdemokraterna V\u00e4rnamo","@id":"https:\/\/wp.kristdemokraterna.se\/varnamo\/#\/schema\/person\/4e339ab04d613699e4dfe80a994e01d4"},"headline":"Seniorf\u00f6rbundet \u00e4r ute och cyklar","datePublished":"2002-09-06T19:37:00+00:00","dateModified":"2015-07-12T18:08:37+00:00","mainEntityOfPage":{"@id":"https:\/\/wp.kristdemokraterna.se\/varnamo\/2002\/09\/06\/seniorforbundet-ar-ute-och-cyklar\/"},"wordCount":247,"publisher":{"@id":"https:\/\/wp.kristdemokraterna.se\/varnamo\/#organization"},"image":{"@id":"https:\/\/wp.kristdemokraterna.se\/varnamo\/2002\/09\/06\/seniorforbundet-ar-ute-och-cyklar\/#primaryimage"},"thumbnailUrl":"https:\/\/wp.kristdemokraterna.se\/varnamo\/files\/2022\/08\/kd-logo-blue.png","keywords":["Acko Ankarberg Johansson","folkh\u00e4lsa","landstinget","milj\u00f6","pension","seniorf\u00f6rbundet","valr\u00f6relse"],"articleSection":["Nyheter"],"inLanguage":"sv-SE"},{"@type":"WebPage","@id":"https:\/\/wp.kristdemokraterna.se\/varnamo\/2002\/09\/06\/seniorforbundet-ar-ute-och-cyklar\/","url":"https:\/\/wp.kristdemokraterna.se\/varnamo\/2002\/09\/06\/seniorforbundet-ar-ute-och-cyklar\/","name":"Seniorf\u00f6rbundet \u00e4r ute och cyklar - KRISTDEMOKRATERNA V\u00c4RNAMO","isPartOf":{"@id":"https:\/\/wp.kristdemokraterna.se\/varnamo\/#website"},"primaryImageOfPage":{"@id":"https:\/\/wp.kristdemokraterna.se\/varnamo\/2002\/09\/06\/seniorforbundet-ar-ute-och-cyklar\/#primaryimage"},"image":{"@id":"https:\/\/wp.kristdemokraterna.se\/varnamo\/2002\/09\/06\/seniorforbundet-ar-ute-och-cyklar\/#primaryimage"},"thumbnailUrl":"https:\/\/wp.kristdemokraterna.se\/varnamo\/files\/2022\/08\/kd-logo-blue.png","datePublished":"2002-09-06T19:37:00+00:00","dateModified":"2015-07-12T18:08:37+00:00","breadcrumb":{"@id":"https:\/\/wp.kristdemokraterna.se\/varnamo\/2002\/09\/06\/seniorforbundet-ar-ute-och-cyklar\/#breadcrumb"},"inLanguage":"sv-SE","potentialAction":[{"@type":"ReadAction","target":["https:\/\/wp.kristdemokraterna.se\/varnamo\/2002\/09\/06\/seniorforbundet-ar-ute-och-cyklar\/"]}]},{"@type":"ImageObject","inLanguage":"sv-SE","@id":"https:\/\/wp.kristdemokraterna.se\/varnamo\/2002\/09\/06\/seniorforbundet-ar-ute-och-cyklar\/#primaryimage","url":"https:\/\/wp.kristdemokraterna.se\/varnamo\/files\/2022\/08\/kd-logo-blue.png","contentUrl":"https:\/\/wp.kristdemokraterna.se\/varnamo\/files\/2022\/08\/kd-logo-blue.png","width":2000,"height":2000,"caption":"Kristdemokraternas logotyp"},{"@type":"BreadcrumbList","@id":"https:\/\/wp.kristdemokraterna.se\/varnamo\/2002\/09\/06\/seniorforbundet-ar-ute-och-cyklar\/#breadcrumb","itemListElement":[{"@type":"ListItem","position":1,"name":"Hem","item":"https:\/\/wp.kristdemokraterna.se\/varnamo\/"},{"@type":"ListItem","position":2,"name":"Seniorf\u00f6rbundet \u00e4r ute och cyklar"}]},{"@type":"WebSite","@id":"https:\/\/wp.kristdemokraterna.se\/varnamo\/#website","url":"https:\/\/wp.kristdemokraterna.se\/varnamo\/","name":"KRISTDEMOKRATERNA V\u00c4RNAMO","description":"Med hj\u00e4rta f\u00f6r V\u00e4rnamo","publisher":{"@id":"https:\/\/wp.kristdemokraterna.se\/varnamo\/#organization"},"inLanguage":"sv-SE"},{"@type":"Organization","@id":"https:\/\/wp.kristdemokraterna.se\/varnamo\/#organization","name":"Kristdemokraterna V\u00e4rnamo","url":"https:\/\/wp.kristdemokraterna.se\/varnamo\/","logo":{"@type":"ImageObject","inLanguage":"sv-SE","@id":"https:\/\/wp.kristdemokraterna.se\/varnamo\/#\/schema\/logo\/image\/","url":"https:\/\/wp.kristdemokraterna.se\/varnamo\/files\/2022\/08\/va\u2560ernamo-sida-bla-300dpi.png","contentUrl":"https:\/\/wp.kristdemokraterna.se\/varnamo\/files\/2022\/08\/va\u2560ernamo-sida-bla-300dpi.png","width":1485,"height":681,"caption":"Kristdemokraterna V\u00e4rnamo"},"image":{"@id":"https:\/\/wp.kristdemokraterna.se\/varnamo\/#\/schema\/logo\/image\/"},"sameAs":["https:\/\/www.facebook.com\/KDVarnamo\/","https:\/\/x.com\/KDVarnamo","https:\/\/www.instagram.com\/","https:\/\/www.youtube.com\/user\/studiokd\/videos"]},{"@type":"Person","@id":"https:\/\/wp.kristdemokraterna.se\/varnamo\/#\/schema\/person\/4e339ab04d613699e4dfe80a994e01d4","name":"Kristdemokraterna V\u00e4rnamo","image":{"@type":"ImageObject","inLanguage":"sv-SE","@id":"https:\/\/secure.gravatar.com\/avatar\/c122e48c7723992af51eb155eeaa93db3c1fa324e3fc6ec45dd712c812809b5b?s=96&r=g","url":"https:\/\/secure.gravatar.com\/avatar\/c122e48c7723992af51eb155eeaa93db3c1fa324e3fc6ec45dd712c812809b5b?s=96&r=g","contentUrl":"https:\/\/secure.gravatar.com\/avatar\/c122e48c7723992af51eb155eeaa93db3c1fa324e3fc6ec45dd712c812809b5b?s=96&r=g","caption":"Kristdemokraterna V\u00e4rnamo"},"description":"Familjens r\u00f6st","sameAs":["http:\/\/www.varnamo.kristdemokraterna.se"],"url":"https:\/\/wp.kristdemokraterna.se\/varnamo\/author\/varnamo\/"}]}},"_links":{"self":[{"href":"https:\/\/wp.kristdemokraterna.se\/varnamo\/wp-json\/wp\/v2\/posts\/1915","targetHints":{"allow":["GET"]}}],"collection":[{"href":"https:\/\/wp.kristdemokraterna.se\/varnamo\/wp-json\/wp\/v2\/posts"}],"about":[{"href":"https:\/\/wp.kristdemokraterna.se\/varnamo\/wp-json\/wp\/v2\/types\/post"}],"author":[{"embeddable":true,"href":"https:\/\/wp.kristdemokraterna.se\/varnamo\/wp-json\/wp\/v2\/users\/412"}],"replies":[{"embeddable":true,"href":"https:\/\/wp.kristdemokraterna.se\/varnamo\/wp-json\/wp\/v2\/comments?post=1915"}],"version-history":[{"count":6,"href":"https:\/\/wp.kristdemokraterna.se\/varnamo\/wp-json\/wp\/v2\/posts\/1915\/revisions"}],"predecessor-version":[{"id":6841,"href":"https:\/\/wp.kristdemokraterna.se\/varnamo\/wp-json\/wp\/v2\/posts\/1915\/revisions\/6841"}],"wp:featuredmedia":[{"embeddable":true,"href":"https:\/\/wp.kristdemokraterna.se\/varnamo\/wp-json\/wp\/v2\/media\/9638"}],"wp:attachment":[{"href":"https:\/\/wp.kristdemokraterna.se\/varnamo\/wp-json\/wp\/v2\/media?parent=1915"}],"wp:term":[{"taxonomy":"category","embeddable":true,"href":"https:\/\/wp.kristdemokraterna.se\/varnamo\/wp-json\/wp\/v2\/categories?post=1915"},{"taxonomy":"post_tag","embeddable":true,"href":"https:\/\/wp.kristdemokraterna.se\/varnamo\/wp-json\/wp\/v2\/tags?post=1915"}],"curies":[{"name":"wp","href":"https:\/\/api.w.org\/{rel}","templated":true}]}}