{"id":1916,"date":"2002-09-11T21:37:00","date_gmt":"2002-09-11T19:37:00","guid":{"rendered":"http:\/\/localhost:4901\/?p=1915"},"modified":"2015-07-12T20:03:54","modified_gmt":"2015-07-12T18:03:54","slug":"maria-och-carina-gjorde-valets-skiljelinjer-tydliga","status":"publish","type":"post","link":"https:\/\/wp.kristdemokraterna.se\/varnamo\/2002\/09\/11\/maria-och-carina-gjorde-valets-skiljelinjer-tydliga\/","title":{"rendered":"Maria och Carina gjorde valets skiljelinjer tydliga"},"content":{"rendered":"<p>Maria Larsson (kd), Gnosj\u00f6, och Carina H\u00e4gg (s), V\u00e4rnamo, i valr\u00f6relsens st\u00f6rsta verbala duell i V\u00e4rnamo. Onsdagen den 11 september m\u00f6ttes \u00e4ntligen v\u00e5ra lokala riksdagsledam\u00f6ter p\u00e5 Flanaden. Ett sjuttiotal \u00e5h\u00f6rare var med och lyssnade till en debatt som klargjorde valets viktigaste skiljelinjer.<\/p>\n<p><!--more--><\/p>\n<p><q title=\"Carina H\u00e4gg\">Jag \u00e4r besviken p\u00e5 att ni Kristdemokrater\u00a0har dragit er s\u00e5 l\u00e5ngt \u00e5t h\u00f6ger<\/q>, inledde Carina\u00a0H\u00e4gg debatten med att s\u00e4ga. Hon fortsatte med att tala om att kristdemokraterna\u00a0har l\u00e4mnat sin gamla position i mitten och allt mer blivit ett moralkonservativt\u00a0h\u00f6gerparti. Tydligen hade hon inget intressant eller positivt att s\u00e4ga\u00a0om sitt eget parti, f\u00f6r det anv\u00e4nde hon inte den tilldelade inledningstiden\u00a0till\u2026<\/p>\n<div style=\"width: 410px\" class=\"wp-caption alignnone\"><a href=\"http:\/\/wp.kristdemokraterna.se\/varnamo\/files\/2010\/08\/11_9_maria.jpg\"><img loading=\"lazy\" decoding=\"async\" title=\"11_9_maria\" src=\"http:\/\/wp.kristdemokraterna.se\/varnamo\/files\/2010\/08\/11_9_maria.jpg\" alt=\"Maria Larsson kontrade raskt. (Foto: H\u00e5kan Johansson)\" width=\"400\" height=\"300\" \/><\/a><p class=\"wp-caption-text\">Maria Larsson kontrade raskt. (Foto: H\u00e5kan Johansson)<\/p><\/div>\n<p><q title=\"Maria Larsson\">Kristdemokraterna \u00e4r inget h\u00f6gerparti,\u00a0vi \u00e4r ett kristdemokratiskt parti<\/q>, kontrade Maria Larsson raskt.\u00a0Hur skulle det kunna vara h\u00f6ger att s\u00e4tta m\u00e4nniskan i centrum,\u00a0skapa mer tid f\u00f6r m\u00e4nskliga relationer och ge f\u00f6ruts\u00e4ttningar\u00a0f\u00f6r ett solidariskt samh\u00e4lle? fr\u00e5gade hon vidare. \u00c5tta\u00a0\u00e5r med socialdemokratiskt styre, d\u00e4remot, har gjort barn psykiskt\u00a0sjuka, h\u00e4vdade hon sedan.<\/p>\n<p>L\u00e4s mer fr\u00e5n Maria Larssons tal om att <a title=\"75 procent vill ha en annan politik \u00e4n Perssons!\" href=\"http:\/\/wp.kristdemokraterna.se\/varnamo\/2002\/09\/11\/75-procent-vill-ha-en-annan-politik-an-perssons\/\">S-politik\u00a0g\u00f6r barn sjuka<\/a>, fr\u00e5n valdebatten i V\u00e4rnamo.<\/p>\n<div id=\"attachment_3041\" style=\"width: 410px\" class=\"wp-caption alignnone\"><a href=\"http:\/\/wp.kristdemokraterna.se\/varnamo\/files\/2002\/09\/11_9_maria_carina.jpg\"><img loading=\"lazy\" decoding=\"async\" aria-describedby=\"caption-attachment-3041\" class=\"wp-image-3041 size-full\" title=\"11_9_maria\" src=\"http:\/\/wp.kristdemokraterna.se\/varnamo\/files\/2002\/09\/11_9_maria_carina.jpg\" alt=\"Maria Larsson (KD) och Carina H\u00e4gg (S) debatterade p\u00e5 Flanaden i V\u00e4rnamo. (Foto: H\u00e5kan Johansson)\" width=\"400\" height=\"300\" srcset=\"https:\/\/wp.kristdemokraterna.se\/varnamo\/files\/2002\/09\/11_9_maria_carina.jpg 400w, https:\/\/wp.kristdemokraterna.se\/varnamo\/files\/2002\/09\/11_9_maria_carina-300x225.jpg 300w, https:\/\/wp.kristdemokraterna.se\/varnamo\/files\/2002\/09\/11_9_maria_carina-149x112.jpg 149w\" sizes=\"auto, (max-width: 400px) 100vw, 400px\" \/><\/a><p id=\"caption-attachment-3041\" class=\"wp-caption-text\">Maria Larsson (KD) och Carina H\u00e4gg (S) debatterade p\u00e5 Flanaden i V\u00e4rnamo. (Foto: H\u00e5kan Johansson)<\/p><\/div>\n<p>Debatten fortsatte och den stora skiljelinjen i svensk politik idag blev\u00a0allt tydligare. Antingen s\u00e5 forts\u00e4tter vi i de gamla politiska\u00a0partiernas sp\u00e5r och utg\u00e5r ifr\u00e5n att det viktigaste i samh\u00e4llet\u00a0\u00e4r materiella resurser och pengav\u00e4rdet. Eller s\u00e5 sl\u00e5r\u00a0vi in p\u00e5 en ny v\u00e4g, kristdemokratins v\u00e4g, som menar att m\u00e4nniskan\u00a0och m\u00e4nniskov\u00e4rdet \u00e4r det centrala.<\/p>\n<div style=\"width: 410px\" class=\"wp-caption alignnone\"><a href=\"http:\/\/wp.kristdemokraterna.se\/varnamo\/files\/2010\/08\/11_9_folk.jpg\"><img loading=\"lazy\" decoding=\"async\" title=\"11_9_folk\" src=\"http:\/\/wp.kristdemokraterna.se\/varnamo\/files\/2010\/08\/11_9_folk.jpg\" alt=\"Ett sjuttiotal \u00e5h\u00f6rare hade samlats p\u00e5 Flanaden i V\u00e4rnamo. (Foto: H\u00e5kan Johansson)\" width=\"400\" height=\"300\" \/><\/a><p class=\"wp-caption-text\">Ett sjuttiotal \u00e5h\u00f6rare hade samlats p\u00e5 Flanaden i V\u00e4rnamo. (Foto: H\u00e5kan Johansson)<\/p><\/div>\n<p>Ett sjuttiotal \u00e5h\u00f6rare hade samlats p\u00e5 Flanaden i V\u00e4rnamo\u00a0denna soliga september-eftermiddag. Debattens v\u00e5gor gick stundtals h\u00f6ga,\u00a0men det blev \u00e4ven tid f\u00f6r publikens fr\u00e5gor till de b\u00e5da\u00a0riksdags-ledam\u00f6terna. Trots det verbala duellerandet var man r\u00f6rande\u00a0ense om att avs\u00e4tta en stund f\u00f6r att h\u00f6gtidligh\u00e5lla \u00e5rsdagen\u00a0av de fruktansv\u00e4rda attackerna mot USA f\u00f6rra \u00e5ret.<\/p>\n<div style=\"width: 410px\" class=\"wp-caption alignnone\"><a href=\"http:\/\/wp.kristdemokraterna.se\/varnamo\/files\/2010\/08\/11_9_carina.jpg\"><img loading=\"lazy\" decoding=\"async\" title=\"11_9_carina\" src=\"http:\/\/wp.kristdemokraterna.se\/varnamo\/files\/2010\/08\/11_9_carina.jpg\" alt=\"Carina H\u00e4gg inledde debatten. (Foto: H\u00e5kan Johansson)\" width=\"400\" height=\"300\" \/><\/a><p class=\"wp-caption-text\">Carina H\u00e4gg inledde debatten. (Foto: H\u00e5kan Johansson)<\/p><\/div>\n","protected":false},"excerpt":{"rendered":"<p>Maria Larsson (kd), Gnosj\u00f6, och Carina H\u00e4gg (s), V\u00e4rnamo, i valr\u00f6relsens st\u00f6rsta verbala duell i V\u00e4rnamo. Onsdagen den 11 september m\u00f6ttes \u00e4ntligen v\u00e5ra lokala riksdagsledam\u00f6ter p\u00e5 Flanaden. Ett sjuttiotal \u00e5h\u00f6rare var med och lyssnade till en debatt som klargjorde valets viktigaste skiljelinjer.<\/p>\n","protected":false},"author":412,"featured_media":3041,"comment_status":"closed","ping_status":"closed","sticky":false,"template":"","format":"standard","meta":{"_acf_changed":false,"footnotes":""},"categories":[11],"tags":[180,78,68,101,62],"class_list":["post-1916","post","type-post","status-publish","format-standard","hentry","category-nyheter","tag-kristdemokrati","tag-manniskovarde","tag-maria-larsson","tag-solidaritet","tag-valrorelse"],"acf":[],"yoast_head":"<!-- This site is optimized with the Yoast SEO plugin v27.4 - https:\/\/yoast.com\/product\/yoast-seo-wordpress\/ -->\n<title>Maria och Carina gjorde valets skiljelinjer tydliga - KRISTDEMOKRATERNA V\u00c4RNAMO<\/title>\n<meta name=\"robots\" content=\"index, follow, max-snippet:-1, max-image-preview:large, max-video-preview:-1\" \/>\n<link rel=\"canonical\" href=\"https:\/\/wp.kristdemokraterna.se\/varnamo\/2002\/09\/11\/maria-och-carina-gjorde-valets-skiljelinjer-tydliga\/\" \/>\n<meta property=\"og:locale\" content=\"sv_SE\" \/>\n<meta property=\"og:type\" content=\"article\" \/>\n<meta property=\"og:title\" content=\"Maria och Carina gjorde valets skiljelinjer tydliga - KRISTDEMOKRATERNA V\u00c4RNAMO\" \/>\n<meta property=\"og:description\" content=\"Maria Larsson (kd), Gnosj\u00f6, och Carina H\u00e4gg (s), V\u00e4rnamo, i valr\u00f6relsens st\u00f6rsta verbala duell i V\u00e4rnamo. Onsdagen den 11 september m\u00f6ttes \u00e4ntligen v\u00e5ra lokala riksdagsledam\u00f6ter p\u00e5 Flanaden. Ett sjuttiotal \u00e5h\u00f6rare var med och lyssnade till en debatt som klargjorde valets viktigaste skiljelinjer.\" \/>\n<meta property=\"og:url\" content=\"https:\/\/wp.kristdemokraterna.se\/varnamo\/2002\/09\/11\/maria-och-carina-gjorde-valets-skiljelinjer-tydliga\/\" \/>\n<meta property=\"og:site_name\" content=\"KRISTDEMOKRATERNA V\u00c4RNAMO\" \/>\n<meta property=\"article:publisher\" content=\"https:\/\/www.facebook.com\/KDVarnamo\/\" \/>\n<meta property=\"article:published_time\" content=\"2002-09-11T19:37:00+00:00\" \/>\n<meta property=\"article:modified_time\" content=\"2015-07-12T18:03:54+00:00\" \/>\n<meta property=\"og:image\" content=\"https:\/\/wp.kristdemokraterna.se\/varnamo\/files\/2002\/09\/11_9_maria_carina.jpg\" \/>\n\t<meta property=\"og:image:width\" content=\"400\" \/>\n\t<meta property=\"og:image:height\" content=\"300\" \/>\n\t<meta property=\"og:image:type\" content=\"image\/jpeg\" \/>\n<meta name=\"author\" content=\"Kristdemokraterna V\u00e4rnamo\" \/>\n<meta name=\"twitter:card\" content=\"summary_large_image\" \/>\n<meta name=\"twitter:creator\" content=\"@KDVarnamo\" \/>\n<meta name=\"twitter:site\" content=\"@KDVarnamo\" \/>\n<meta name=\"twitter:label1\" content=\"Skriven av\" \/>\n\t<meta name=\"twitter:data1\" content=\"Kristdemokraterna V\u00e4rnamo\" \/>\n\t<meta name=\"twitter:label2\" content=\"Ber\u00e4knad l\u00e4stid\" \/>\n\t<meta name=\"twitter:data2\" content=\"2 minuter\" \/>\n<script type=\"application\/ld+json\" class=\"yoast-schema-graph\">{\"@context\":\"https:\\\/\\\/schema.org\",\"@graph\":[{\"@type\":\"Article\",\"@id\":\"https:\\\/\\\/wp.kristdemokraterna.se\\\/varnamo\\\/2002\\\/09\\\/11\\\/maria-och-carina-gjorde-valets-skiljelinjer-tydliga\\\/#article\",\"isPartOf\":{\"@id\":\"https:\\\/\\\/wp.kristdemokraterna.se\\\/varnamo\\\/2002\\\/09\\\/11\\\/maria-och-carina-gjorde-valets-skiljelinjer-tydliga\\\/\"},\"author\":{\"name\":\"Kristdemokraterna V\u00e4rnamo\",\"@id\":\"https:\\\/\\\/wp.kristdemokraterna.se\\\/varnamo\\\/#\\\/schema\\\/person\\\/4e339ab04d613699e4dfe80a994e01d4\"},\"headline\":\"Maria och Carina gjorde valets skiljelinjer tydliga\",\"datePublished\":\"2002-09-11T19:37:00+00:00\",\"dateModified\":\"2015-07-12T18:03:54+00:00\",\"mainEntityOfPage\":{\"@id\":\"https:\\\/\\\/wp.kristdemokraterna.se\\\/varnamo\\\/2002\\\/09\\\/11\\\/maria-och-carina-gjorde-valets-skiljelinjer-tydliga\\\/\"},\"wordCount\":431,\"publisher\":{\"@id\":\"https:\\\/\\\/wp.kristdemokraterna.se\\\/varnamo\\\/#organization\"},\"image\":{\"@id\":\"https:\\\/\\\/wp.kristdemokraterna.se\\\/varnamo\\\/2002\\\/09\\\/11\\\/maria-och-carina-gjorde-valets-skiljelinjer-tydliga\\\/#primaryimage\"},\"thumbnailUrl\":\"https:\\\/\\\/wp.kristdemokraterna.se\\\/varnamo\\\/files\\\/2002\\\/09\\\/11_9_maria_carina.jpg\",\"keywords\":[\"kristdemokrati\",\"m\u00e4nniskov\u00e4rde\",\"Maria Larsson\",\"solidaritet\",\"valr\u00f6relse\"],\"articleSection\":[\"Nyheter\"],\"inLanguage\":\"sv-SE\"},{\"@type\":\"WebPage\",\"@id\":\"https:\\\/\\\/wp.kristdemokraterna.se\\\/varnamo\\\/2002\\\/09\\\/11\\\/maria-och-carina-gjorde-valets-skiljelinjer-tydliga\\\/\",\"url\":\"https:\\\/\\\/wp.kristdemokraterna.se\\\/varnamo\\\/2002\\\/09\\\/11\\\/maria-och-carina-gjorde-valets-skiljelinjer-tydliga\\\/\",\"name\":\"Maria och Carina gjorde valets skiljelinjer tydliga - KRISTDEMOKRATERNA V\u00c4RNAMO\",\"isPartOf\":{\"@id\":\"https:\\\/\\\/wp.kristdemokraterna.se\\\/varnamo\\\/#website\"},\"primaryImageOfPage\":{\"@id\":\"https:\\\/\\\/wp.kristdemokraterna.se\\\/varnamo\\\/2002\\\/09\\\/11\\\/maria-och-carina-gjorde-valets-skiljelinjer-tydliga\\\/#primaryimage\"},\"image\":{\"@id\":\"https:\\\/\\\/wp.kristdemokraterna.se\\\/varnamo\\\/2002\\\/09\\\/11\\\/maria-och-carina-gjorde-valets-skiljelinjer-tydliga\\\/#primaryimage\"},\"thumbnailUrl\":\"https:\\\/\\\/wp.kristdemokraterna.se\\\/varnamo\\\/files\\\/2002\\\/09\\\/11_9_maria_carina.jpg\",\"datePublished\":\"2002-09-11T19:37:00+00:00\",\"dateModified\":\"2015-07-12T18:03:54+00:00\",\"breadcrumb\":{\"@id\":\"https:\\\/\\\/wp.kristdemokraterna.se\\\/varnamo\\\/2002\\\/09\\\/11\\\/maria-och-carina-gjorde-valets-skiljelinjer-tydliga\\\/#breadcrumb\"},\"inLanguage\":\"sv-SE\",\"potentialAction\":[{\"@type\":\"ReadAction\",\"target\":[\"https:\\\/\\\/wp.kristdemokraterna.se\\\/varnamo\\\/2002\\\/09\\\/11\\\/maria-och-carina-gjorde-valets-skiljelinjer-tydliga\\\/\"]}]},{\"@type\":\"ImageObject\",\"inLanguage\":\"sv-SE\",\"@id\":\"https:\\\/\\\/wp.kristdemokraterna.se\\\/varnamo\\\/2002\\\/09\\\/11\\\/maria-och-carina-gjorde-valets-skiljelinjer-tydliga\\\/#primaryimage\",\"url\":\"https:\\\/\\\/wp.kristdemokraterna.se\\\/varnamo\\\/files\\\/2002\\\/09\\\/11_9_maria_carina.jpg\",\"contentUrl\":\"https:\\\/\\\/wp.kristdemokraterna.se\\\/varnamo\\\/files\\\/2002\\\/09\\\/11_9_maria_carina.jpg\",\"width\":400,\"height\":300},{\"@type\":\"BreadcrumbList\",\"@id\":\"https:\\\/\\\/wp.kristdemokraterna.se\\\/varnamo\\\/2002\\\/09\\\/11\\\/maria-och-carina-gjorde-valets-skiljelinjer-tydliga\\\/#breadcrumb\",\"itemListElement\":[{\"@type\":\"ListItem\",\"position\":1,\"name\":\"Hem\",\"item\":\"https:\\\/\\\/wp.kristdemokraterna.se\\\/varnamo\\\/\"},{\"@type\":\"ListItem\",\"position\":2,\"name\":\"Maria och Carina gjorde valets skiljelinjer tydliga\"}]},{\"@type\":\"WebSite\",\"@id\":\"https:\\\/\\\/wp.kristdemokraterna.se\\\/varnamo\\\/#website\",\"url\":\"https:\\\/\\\/wp.kristdemokraterna.se\\\/varnamo\\\/\",\"name\":\"KRISTDEMOKRATERNA V\u00c4RNAMO\",\"description\":\"Med hj\u00e4rta f\u00f6r V\u00e4rnamo\",\"publisher\":{\"@id\":\"https:\\\/\\\/wp.kristdemokraterna.se\\\/varnamo\\\/#organization\"},\"inLanguage\":\"sv-SE\"},{\"@type\":\"Organization\",\"@id\":\"https:\\\/\\\/wp.kristdemokraterna.se\\\/varnamo\\\/#organization\",\"name\":\"Kristdemokraterna V\u00e4rnamo\",\"url\":\"https:\\\/\\\/wp.kristdemokraterna.se\\\/varnamo\\\/\",\"logo\":{\"@type\":\"ImageObject\",\"inLanguage\":\"sv-SE\",\"@id\":\"https:\\\/\\\/wp.kristdemokraterna.se\\\/varnamo\\\/#\\\/schema\\\/logo\\\/image\\\/\",\"url\":\"https:\\\/\\\/wp.kristdemokraterna.se\\\/varnamo\\\/files\\\/2022\\\/08\\\/va\u2560ernamo-sida-bla-300dpi.png\",\"contentUrl\":\"https:\\\/\\\/wp.kristdemokraterna.se\\\/varnamo\\\/files\\\/2022\\\/08\\\/va\u2560ernamo-sida-bla-300dpi.png\",\"width\":1485,\"height\":681,\"caption\":\"Kristdemokraterna V\u00e4rnamo\"},\"image\":{\"@id\":\"https:\\\/\\\/wp.kristdemokraterna.se\\\/varnamo\\\/#\\\/schema\\\/logo\\\/image\\\/\"},\"sameAs\":[\"https:\\\/\\\/www.facebook.com\\\/KDVarnamo\\\/\",\"https:\\\/\\\/x.com\\\/KDVarnamo\",\"https:\\\/\\\/www.instagram.com\\\/\",\"https:\\\/\\\/www.youtube.com\\\/user\\\/studiokd\\\/videos\"]},{\"@type\":\"Person\",\"@id\":\"https:\\\/\\\/wp.kristdemokraterna.se\\\/varnamo\\\/#\\\/schema\\\/person\\\/4e339ab04d613699e4dfe80a994e01d4\",\"name\":\"Kristdemokraterna V\u00e4rnamo\",\"image\":{\"@type\":\"ImageObject\",\"inLanguage\":\"sv-SE\",\"@id\":\"https:\\\/\\\/secure.gravatar.com\\\/avatar\\\/c122e48c7723992af51eb155eeaa93db3c1fa324e3fc6ec45dd712c812809b5b?s=96&r=g\",\"url\":\"https:\\\/\\\/secure.gravatar.com\\\/avatar\\\/c122e48c7723992af51eb155eeaa93db3c1fa324e3fc6ec45dd712c812809b5b?s=96&r=g\",\"contentUrl\":\"https:\\\/\\\/secure.gravatar.com\\\/avatar\\\/c122e48c7723992af51eb155eeaa93db3c1fa324e3fc6ec45dd712c812809b5b?s=96&r=g\",\"caption\":\"Kristdemokraterna V\u00e4rnamo\"},\"description\":\"Familjens r\u00f6st\",\"sameAs\":[\"http:\\\/\\\/www.varnamo.kristdemokraterna.se\"],\"url\":\"https:\\\/\\\/wp.kristdemokraterna.se\\\/varnamo\\\/author\\\/varnamo\\\/\"}]}<\/script>\n<!-- \/ Yoast SEO plugin. -->","yoast_head_json":{"title":"Maria och Carina gjorde valets skiljelinjer tydliga - KRISTDEMOKRATERNA V\u00c4RNAMO","robots":{"index":"index","follow":"follow","max-snippet":"max-snippet:-1","max-image-preview":"max-image-preview:large","max-video-preview":"max-video-preview:-1"},"canonical":"https:\/\/wp.kristdemokraterna.se\/varnamo\/2002\/09\/11\/maria-och-carina-gjorde-valets-skiljelinjer-tydliga\/","og_locale":"sv_SE","og_type":"article","og_title":"Maria och Carina gjorde valets skiljelinjer tydliga - KRISTDEMOKRATERNA V\u00c4RNAMO","og_description":"Maria Larsson (kd), Gnosj\u00f6, och Carina H\u00e4gg (s), V\u00e4rnamo, i valr\u00f6relsens st\u00f6rsta verbala duell i V\u00e4rnamo. Onsdagen den 11 september m\u00f6ttes \u00e4ntligen v\u00e5ra lokala riksdagsledam\u00f6ter p\u00e5 Flanaden. Ett sjuttiotal \u00e5h\u00f6rare var med och lyssnade till en debatt som klargjorde valets viktigaste skiljelinjer.","og_url":"https:\/\/wp.kristdemokraterna.se\/varnamo\/2002\/09\/11\/maria-och-carina-gjorde-valets-skiljelinjer-tydliga\/","og_site_name":"KRISTDEMOKRATERNA V\u00c4RNAMO","article_publisher":"https:\/\/www.facebook.com\/KDVarnamo\/","article_published_time":"2002-09-11T19:37:00+00:00","article_modified_time":"2015-07-12T18:03:54+00:00","og_image":[{"width":400,"height":300,"url":"https:\/\/wp.kristdemokraterna.se\/varnamo\/files\/2002\/09\/11_9_maria_carina.jpg","type":"image\/jpeg"}],"author":"Kristdemokraterna V\u00e4rnamo","twitter_card":"summary_large_image","twitter_creator":"@KDVarnamo","twitter_site":"@KDVarnamo","twitter_misc":{"Skriven av":"Kristdemokraterna V\u00e4rnamo","Ber\u00e4knad l\u00e4stid":"2 minuter"},"schema":{"@context":"https:\/\/schema.org","@graph":[{"@type":"Article","@id":"https:\/\/wp.kristdemokraterna.se\/varnamo\/2002\/09\/11\/maria-och-carina-gjorde-valets-skiljelinjer-tydliga\/#article","isPartOf":{"@id":"https:\/\/wp.kristdemokraterna.se\/varnamo\/2002\/09\/11\/maria-och-carina-gjorde-valets-skiljelinjer-tydliga\/"},"author":{"name":"Kristdemokraterna V\u00e4rnamo","@id":"https:\/\/wp.kristdemokraterna.se\/varnamo\/#\/schema\/person\/4e339ab04d613699e4dfe80a994e01d4"},"headline":"Maria och Carina gjorde valets skiljelinjer tydliga","datePublished":"2002-09-11T19:37:00+00:00","dateModified":"2015-07-12T18:03:54+00:00","mainEntityOfPage":{"@id":"https:\/\/wp.kristdemokraterna.se\/varnamo\/2002\/09\/11\/maria-och-carina-gjorde-valets-skiljelinjer-tydliga\/"},"wordCount":431,"publisher":{"@id":"https:\/\/wp.kristdemokraterna.se\/varnamo\/#organization"},"image":{"@id":"https:\/\/wp.kristdemokraterna.se\/varnamo\/2002\/09\/11\/maria-och-carina-gjorde-valets-skiljelinjer-tydliga\/#primaryimage"},"thumbnailUrl":"https:\/\/wp.kristdemokraterna.se\/varnamo\/files\/2002\/09\/11_9_maria_carina.jpg","keywords":["kristdemokrati","m\u00e4nniskov\u00e4rde","Maria Larsson","solidaritet","valr\u00f6relse"],"articleSection":["Nyheter"],"inLanguage":"sv-SE"},{"@type":"WebPage","@id":"https:\/\/wp.kristdemokraterna.se\/varnamo\/2002\/09\/11\/maria-och-carina-gjorde-valets-skiljelinjer-tydliga\/","url":"https:\/\/wp.kristdemokraterna.se\/varnamo\/2002\/09\/11\/maria-och-carina-gjorde-valets-skiljelinjer-tydliga\/","name":"Maria och Carina gjorde valets skiljelinjer tydliga - KRISTDEMOKRATERNA V\u00c4RNAMO","isPartOf":{"@id":"https:\/\/wp.kristdemokraterna.se\/varnamo\/#website"},"primaryImageOfPage":{"@id":"https:\/\/wp.kristdemokraterna.se\/varnamo\/2002\/09\/11\/maria-och-carina-gjorde-valets-skiljelinjer-tydliga\/#primaryimage"},"image":{"@id":"https:\/\/wp.kristdemokraterna.se\/varnamo\/2002\/09\/11\/maria-och-carina-gjorde-valets-skiljelinjer-tydliga\/#primaryimage"},"thumbnailUrl":"https:\/\/wp.kristdemokraterna.se\/varnamo\/files\/2002\/09\/11_9_maria_carina.jpg","datePublished":"2002-09-11T19:37:00+00:00","dateModified":"2015-07-12T18:03:54+00:00","breadcrumb":{"@id":"https:\/\/wp.kristdemokraterna.se\/varnamo\/2002\/09\/11\/maria-och-carina-gjorde-valets-skiljelinjer-tydliga\/#breadcrumb"},"inLanguage":"sv-SE","potentialAction":[{"@type":"ReadAction","target":["https:\/\/wp.kristdemokraterna.se\/varnamo\/2002\/09\/11\/maria-och-carina-gjorde-valets-skiljelinjer-tydliga\/"]}]},{"@type":"ImageObject","inLanguage":"sv-SE","@id":"https:\/\/wp.kristdemokraterna.se\/varnamo\/2002\/09\/11\/maria-och-carina-gjorde-valets-skiljelinjer-tydliga\/#primaryimage","url":"https:\/\/wp.kristdemokraterna.se\/varnamo\/files\/2002\/09\/11_9_maria_carina.jpg","contentUrl":"https:\/\/wp.kristdemokraterna.se\/varnamo\/files\/2002\/09\/11_9_maria_carina.jpg","width":400,"height":300},{"@type":"BreadcrumbList","@id":"https:\/\/wp.kristdemokraterna.se\/varnamo\/2002\/09\/11\/maria-och-carina-gjorde-valets-skiljelinjer-tydliga\/#breadcrumb","itemListElement":[{"@type":"ListItem","position":1,"name":"Hem","item":"https:\/\/wp.kristdemokraterna.se\/varnamo\/"},{"@type":"ListItem","position":2,"name":"Maria och Carina gjorde valets skiljelinjer tydliga"}]},{"@type":"WebSite","@id":"https:\/\/wp.kristdemokraterna.se\/varnamo\/#website","url":"https:\/\/wp.kristdemokraterna.se\/varnamo\/","name":"KRISTDEMOKRATERNA V\u00c4RNAMO","description":"Med hj\u00e4rta f\u00f6r V\u00e4rnamo","publisher":{"@id":"https:\/\/wp.kristdemokraterna.se\/varnamo\/#organization"},"inLanguage":"sv-SE"},{"@type":"Organization","@id":"https:\/\/wp.kristdemokraterna.se\/varnamo\/#organization","name":"Kristdemokraterna V\u00e4rnamo","url":"https:\/\/wp.kristdemokraterna.se\/varnamo\/","logo":{"@type":"ImageObject","inLanguage":"sv-SE","@id":"https:\/\/wp.kristdemokraterna.se\/varnamo\/#\/schema\/logo\/image\/","url":"https:\/\/wp.kristdemokraterna.se\/varnamo\/files\/2022\/08\/va\u2560ernamo-sida-bla-300dpi.png","contentUrl":"https:\/\/wp.kristdemokraterna.se\/varnamo\/files\/2022\/08\/va\u2560ernamo-sida-bla-300dpi.png","width":1485,"height":681,"caption":"Kristdemokraterna V\u00e4rnamo"},"image":{"@id":"https:\/\/wp.kristdemokraterna.se\/varnamo\/#\/schema\/logo\/image\/"},"sameAs":["https:\/\/www.facebook.com\/KDVarnamo\/","https:\/\/x.com\/KDVarnamo","https:\/\/www.instagram.com\/","https:\/\/www.youtube.com\/user\/studiokd\/videos"]},{"@type":"Person","@id":"https:\/\/wp.kristdemokraterna.se\/varnamo\/#\/schema\/person\/4e339ab04d613699e4dfe80a994e01d4","name":"Kristdemokraterna V\u00e4rnamo","image":{"@type":"ImageObject","inLanguage":"sv-SE","@id":"https:\/\/secure.gravatar.com\/avatar\/c122e48c7723992af51eb155eeaa93db3c1fa324e3fc6ec45dd712c812809b5b?s=96&r=g","url":"https:\/\/secure.gravatar.com\/avatar\/c122e48c7723992af51eb155eeaa93db3c1fa324e3fc6ec45dd712c812809b5b?s=96&r=g","contentUrl":"https:\/\/secure.gravatar.com\/avatar\/c122e48c7723992af51eb155eeaa93db3c1fa324e3fc6ec45dd712c812809b5b?s=96&r=g","caption":"Kristdemokraterna V\u00e4rnamo"},"description":"Familjens r\u00f6st","sameAs":["http:\/\/www.varnamo.kristdemokraterna.se"],"url":"https:\/\/wp.kristdemokraterna.se\/varnamo\/author\/varnamo\/"}]}},"_links":{"self":[{"href":"https:\/\/wp.kristdemokraterna.se\/varnamo\/wp-json\/wp\/v2\/posts\/1916","targetHints":{"allow":["GET"]}}],"collection":[{"href":"https:\/\/wp.kristdemokraterna.se\/varnamo\/wp-json\/wp\/v2\/posts"}],"about":[{"href":"https:\/\/wp.kristdemokraterna.se\/varnamo\/wp-json\/wp\/v2\/types\/post"}],"author":[{"embeddable":true,"href":"https:\/\/wp.kristdemokraterna.se\/varnamo\/wp-json\/wp\/v2\/users\/412"}],"replies":[{"embeddable":true,"href":"https:\/\/wp.kristdemokraterna.se\/varnamo\/wp-json\/wp\/v2\/comments?post=1916"}],"version-history":[{"count":7,"href":"https:\/\/wp.kristdemokraterna.se\/varnamo\/wp-json\/wp\/v2\/posts\/1916\/revisions"}],"predecessor-version":[{"id":6835,"href":"https:\/\/wp.kristdemokraterna.se\/varnamo\/wp-json\/wp\/v2\/posts\/1916\/revisions\/6835"}],"wp:featuredmedia":[{"embeddable":true,"href":"https:\/\/wp.kristdemokraterna.se\/varnamo\/wp-json\/wp\/v2\/media\/3041"}],"wp:attachment":[{"href":"https:\/\/wp.kristdemokraterna.se\/varnamo\/wp-json\/wp\/v2\/media?parent=1916"}],"wp:term":[{"taxonomy":"category","embeddable":true,"href":"https:\/\/wp.kristdemokraterna.se\/varnamo\/wp-json\/wp\/v2\/categories?post=1916"},{"taxonomy":"post_tag","embeddable":true,"href":"https:\/\/wp.kristdemokraterna.se\/varnamo\/wp-json\/wp\/v2\/tags?post=1916"}],"curies":[{"name":"wp","href":"https:\/\/api.w.org\/{rel}","templated":true}]}}