{"id":1917,"date":"2002-09-21T21:37:00","date_gmt":"2002-09-21T19:37:00","guid":{"rendered":"http:\/\/localhost:4901\/?p=1916"},"modified":"2015-07-12T19:51:31","modified_gmt":"2015-07-12T17:51:31","slug":"kristdemokraterna-i-varnamo-kommunfullmaktige-2003-2006","status":"publish","type":"post","link":"https:\/\/wp.kristdemokraterna.se\/varnamo\/2002\/09\/21\/kristdemokraterna-i-varnamo-kommunfullmaktige-2003-2006\/","title":{"rendered":"Kristdemokraterna i V\u00e4rnamo kommunfullm\u00e4ktige 2003-2006"},"content":{"rendered":"<div style=\"width: 377px\" class=\"wp-caption alignnone\"><a href=\"http:\/\/wp.kristdemokraterna.se\/varnamo\/files\/2010\/08\/alla.jpg\"><img loading=\"lazy\" decoding=\"async\" title=\"alla\" src=\"http:\/\/wp.kristdemokraterna.se\/varnamo\/files\/2010\/08\/alla.jpg\" alt=\"Kristdemokraternas kandidater i kommunfullm\u00e4ktigevalet 2002. (Foto: Fotograf M\u00e4ster Olof)\" width=\"367\" height=\"261\" \/><\/a><p class=\"wp-caption-text\">Kristdemokraternas kandidater i kommunfullm\u00e4ktigevalet 2002. (Foto: Fotograf M\u00e4ster Olof)<\/p><\/div>\n<p>Med of\u00f6r\u00e4ndrad andel r\u00f6ster sedan 1998 \u00e5rs\u00a0val tappade Kristdemokraterna ett mandat i V\u00e4rnamo kommunfullm\u00e4ktige.\u00a0D\u00e4rmed kommer den kristdemokratiska fullm\u00e4ktigegruppen att best\u00e5\u00a0av sju personer, varav fyra m\u00e4n och tre kvinnor, fyra i \u00e5ldern\u00a037-50 och tre i \u00e5ldern 51-64. Nykomlingen Stig Claesson och Gunnar Crona\u00a0var de enda kristdemokraterna som lyckades bryta listordningen.<\/p>\n<p><!--more-->Efter\u00a0den rafflande valnatten, den 15 september, stod det klart att Kristdemokraterna\u00a0var endast 19 r\u00f6ster ifr\u00e5n att f\u00e5 beh\u00e5lla sina \u00e5tta\u00a0mandat i V\u00e4rnamo kommunfullm\u00e4ktige. M\u00e5nga var de tummar som\u00a0h\u00f6lls f\u00f6r att onsdagens r\u00e4kning av postr\u00f6ster skulle ge\u00a0det efterl\u00e4ngtade tillskottet av dessa r\u00f6ster. S\u00e5 blev inte\u00a0fallet, utan Kristdemokraterna fick se sitt mandatantal reduceras till sju,\u00a0trots att man procentuellt h\u00e5llit st\u00e4llningarna sedan valet 1998.<\/p>\n<p>Detta visar att partiet har en stadig v\u00e4ljarbas i V\u00e4rnamo kommun och inte \u00e4r beroende av &#8221;alfeffekter&#8221; och mediavindar. Trots att Folkpartiet, Centerpartiet och Socialdemokraterna gick starkt fram\u00e5t har Kristdemokraterna allts\u00e5 beh\u00e5llit sitt v\u00e4ljarst\u00f6d, vilket visar att v\u00e4ljarna har uppskattat den politik Kristdemokraterna har f\u00f6rt i V\u00e4rnamo kommun under den g\u00e5ngna mandatperioden.<\/p>\n<p>Under l\u00f6rdagen den 21 september kunde valmyndigheten presentera mandatf\u00f6rdelningen i V\u00e4rnamo kommunfullm\u00e4ktige. F\u00f6r Kristdemokraternas del utf\u00f6ll den som f\u00f6ljer:<\/p>\n<h1>V\u00e4rnamo centralort<\/h1>\n<h2>Valda<\/h2>\n<ol>\n<li>Christer Fjordevik, 56<\/li>\n<li>Gunnar Crona, 52<\/li>\n<li>Margareta Lindahl, 55<\/li>\n<li>Kerstin Sneath, 40<\/li>\n<\/ol>\n<h2>Ers\u00e4ttare<\/h2>\n<ol>\n<li>Ibrahim Candemir, 40<\/li>\n<li>H\u00e5kan Johansson, 41<\/li>\n<\/ol>\n<h1>V\u00e4rnamo \u00f6vriga orter<\/h1>\n<h2>Valda<\/h2>\n<ol>\n<li>Stig Claesson, 50<\/li>\n<li>Leif B\u00e4ckrud, 37<\/li>\n<li>Anita M\u00e5rtensson, 48<\/li>\n<\/ol>\n<h2>Ers\u00e4ttare<\/h2>\n<ol>\n<li>Per-Gunnar Dahlgren, 60<\/li>\n<li>Frida Colv\u00e5s, 32<\/li>\n<\/ol>\n<p>I kryssningsligan vann som v\u00e4ntat Kristdemokraternas kommunalr\u00e5dskandidat Christer Fjordevik med 233 kryss, med Gunnar Crona (149 kryss) som god tv\u00e5a. Nykomlingen Stig Claesson klarade prestationen att kryssa sig f\u00f6rbi partiets turordning p\u00e5 listan, detta med 123 kryss, vilket \u00e4ven Gunnar Crona klarade. L\u00e4s mer om valresultatet till V\u00e4rnamo kommunfullm\u00e4ktige p\u00e5 valmyndighetens hemsida:<\/p>\n<p>[<a title=\"Resultat i kommufullm\u00e4ktigevalet, V\u00e4rnamo kommun\" href=\"http:\/\/www.val.se\/val\/val_02\/slutresultat\/06K\/0683\/0683.html\" target=\"_blank\">Resultat i kommufullm\u00e4ktigevalet, V\u00e4rnamo kommun<\/a>]<\/p>\n","protected":false},"excerpt":{"rendered":"<p>Med of\u00f6r\u00e4ndrad andel r\u00f6ster sedan 1998 \u00e5rs\u00a0val tappade Kristdemokraterna ett mandat i V\u00e4rnamo kommunfullm\u00e4ktige.\u00a0D\u00e4rmed kommer den kristdemokratiska fullm\u00e4ktigegruppen att best\u00e5\u00a0av sju personer, varav fyra m\u00e4n och tre kvinnor, fyra i \u00e5ldern\u00a037-50 och tre i \u00e5ldern 51-64. Nykomlingen Stig Claesson och Gunnar Crona\u00a0var de enda kristdemokraterna som lyckades bryta listordningen.<\/p>\n","protected":false},"author":412,"featured_media":9638,"comment_status":"closed","ping_status":"closed","sticky":false,"template":"","format":"standard","meta":{"_acf_changed":false,"footnotes":""},"categories":[11],"tags":[163,24,347,25,23,88,237,48,90,110,112,65,62],"class_list":["post-1917","post","type-post","status-publish","format-standard","hentry","category-nyheter","tag-anita-martensson","tag-christer-fjordevik","tag-frida-colvas","tag-gunnar-crona","tag-hakan-johansson","tag-ibrahim-candemir","tag-kerstin-sneath","tag-kommunfullmaktige","tag-leif-backrud","tag-margareta-lindahl","tag-per-gunnar-dahlgren","tag-stig-claesson","tag-valrorelse"],"acf":[],"yoast_head":"<!-- This site is optimized with the Yoast SEO plugin v27.4 - https:\/\/yoast.com\/product\/yoast-seo-wordpress\/ -->\n<title>Kristdemokraterna i V\u00e4rnamo kommunfullm\u00e4ktige 2003-2006 - KRISTDEMOKRATERNA V\u00c4RNAMO<\/title>\n<meta name=\"robots\" content=\"index, follow, max-snippet:-1, max-image-preview:large, max-video-preview:-1\" \/>\n<link rel=\"canonical\" href=\"https:\/\/wp.kristdemokraterna.se\/varnamo\/2002\/09\/21\/kristdemokraterna-i-varnamo-kommunfullmaktige-2003-2006\/\" \/>\n<meta property=\"og:locale\" content=\"sv_SE\" \/>\n<meta property=\"og:type\" content=\"article\" \/>\n<meta property=\"og:title\" content=\"Kristdemokraterna i V\u00e4rnamo kommunfullm\u00e4ktige 2003-2006 - KRISTDEMOKRATERNA V\u00c4RNAMO\" \/>\n<meta property=\"og:description\" content=\"Med of\u00f6r\u00e4ndrad andel r\u00f6ster sedan 1998 \u00e5rs\u00a0val tappade Kristdemokraterna ett mandat i V\u00e4rnamo kommunfullm\u00e4ktige.\u00a0D\u00e4rmed kommer den kristdemokratiska fullm\u00e4ktigegruppen att best\u00e5\u00a0av sju personer, varav fyra m\u00e4n och tre kvinnor, fyra i \u00e5ldern\u00a037-50 och tre i \u00e5ldern 51-64. Nykomlingen Stig Claesson och Gunnar Crona\u00a0var de enda kristdemokraterna som lyckades bryta listordningen.\" \/>\n<meta property=\"og:url\" content=\"https:\/\/wp.kristdemokraterna.se\/varnamo\/2002\/09\/21\/kristdemokraterna-i-varnamo-kommunfullmaktige-2003-2006\/\" \/>\n<meta property=\"og:site_name\" content=\"KRISTDEMOKRATERNA V\u00c4RNAMO\" \/>\n<meta property=\"article:publisher\" content=\"https:\/\/www.facebook.com\/KDVarnamo\/\" \/>\n<meta property=\"article:published_time\" content=\"2002-09-21T19:37:00+00:00\" \/>\n<meta property=\"article:modified_time\" content=\"2015-07-12T17:51:31+00:00\" \/>\n<meta property=\"og:image\" content=\"http:\/\/wp.kristdemokraterna.se\/varnamo\/files\/2010\/08\/alla.jpg\" \/>\n<meta name=\"author\" content=\"Kristdemokraterna V\u00e4rnamo\" \/>\n<meta name=\"twitter:card\" content=\"summary_large_image\" \/>\n<meta name=\"twitter:creator\" content=\"@KDVarnamo\" \/>\n<meta name=\"twitter:site\" content=\"@KDVarnamo\" \/>\n<meta name=\"twitter:label1\" content=\"Skriven av\" \/>\n\t<meta name=\"twitter:data1\" content=\"Kristdemokraterna V\u00e4rnamo\" \/>\n\t<meta name=\"twitter:label2\" content=\"Ber\u00e4knad l\u00e4stid\" \/>\n\t<meta name=\"twitter:data2\" content=\"2 minuter\" \/>\n<script type=\"application\/ld+json\" class=\"yoast-schema-graph\">{\"@context\":\"https:\\\/\\\/schema.org\",\"@graph\":[{\"@type\":\"Article\",\"@id\":\"https:\\\/\\\/wp.kristdemokraterna.se\\\/varnamo\\\/2002\\\/09\\\/21\\\/kristdemokraterna-i-varnamo-kommunfullmaktige-2003-2006\\\/#article\",\"isPartOf\":{\"@id\":\"https:\\\/\\\/wp.kristdemokraterna.se\\\/varnamo\\\/2002\\\/09\\\/21\\\/kristdemokraterna-i-varnamo-kommunfullmaktige-2003-2006\\\/\"},\"author\":{\"name\":\"Kristdemokraterna V\u00e4rnamo\",\"@id\":\"https:\\\/\\\/wp.kristdemokraterna.se\\\/varnamo\\\/#\\\/schema\\\/person\\\/4e339ab04d613699e4dfe80a994e01d4\"},\"headline\":\"Kristdemokraterna i V\u00e4rnamo kommunfullm\u00e4ktige 2003-2006\",\"datePublished\":\"2002-09-21T19:37:00+00:00\",\"dateModified\":\"2015-07-12T17:51:31+00:00\",\"mainEntityOfPage\":{\"@id\":\"https:\\\/\\\/wp.kristdemokraterna.se\\\/varnamo\\\/2002\\\/09\\\/21\\\/kristdemokraterna-i-varnamo-kommunfullmaktige-2003-2006\\\/\"},\"wordCount\":352,\"publisher\":{\"@id\":\"https:\\\/\\\/wp.kristdemokraterna.se\\\/varnamo\\\/#organization\"},\"image\":{\"@id\":\"https:\\\/\\\/wp.kristdemokraterna.se\\\/varnamo\\\/2002\\\/09\\\/21\\\/kristdemokraterna-i-varnamo-kommunfullmaktige-2003-2006\\\/#primaryimage\"},\"thumbnailUrl\":\"https:\\\/\\\/wp.kristdemokraterna.se\\\/varnamo\\\/files\\\/2022\\\/08\\\/kd-logo-blue.png\",\"keywords\":[\"Anita M\u00e5rtensson\",\"Christer Fjordevik\",\"Frida Colv\u00e5s\",\"Gunnar Crona\",\"H\u00e5kan Johansson\",\"Ibrahim Candemir\",\"Kerstin Sneath\",\"kommunfullm\u00e4ktige\",\"Leif B\u00e4ckrud\",\"Margareta Lindahl\",\"Per-Gunnar Dahlgren\",\"Stig Claesson\",\"valr\u00f6relse\"],\"articleSection\":[\"Nyheter\"],\"inLanguage\":\"sv-SE\"},{\"@type\":\"WebPage\",\"@id\":\"https:\\\/\\\/wp.kristdemokraterna.se\\\/varnamo\\\/2002\\\/09\\\/21\\\/kristdemokraterna-i-varnamo-kommunfullmaktige-2003-2006\\\/\",\"url\":\"https:\\\/\\\/wp.kristdemokraterna.se\\\/varnamo\\\/2002\\\/09\\\/21\\\/kristdemokraterna-i-varnamo-kommunfullmaktige-2003-2006\\\/\",\"name\":\"Kristdemokraterna i V\u00e4rnamo kommunfullm\u00e4ktige 2003-2006 - KRISTDEMOKRATERNA V\u00c4RNAMO\",\"isPartOf\":{\"@id\":\"https:\\\/\\\/wp.kristdemokraterna.se\\\/varnamo\\\/#website\"},\"primaryImageOfPage\":{\"@id\":\"https:\\\/\\\/wp.kristdemokraterna.se\\\/varnamo\\\/2002\\\/09\\\/21\\\/kristdemokraterna-i-varnamo-kommunfullmaktige-2003-2006\\\/#primaryimage\"},\"image\":{\"@id\":\"https:\\\/\\\/wp.kristdemokraterna.se\\\/varnamo\\\/2002\\\/09\\\/21\\\/kristdemokraterna-i-varnamo-kommunfullmaktige-2003-2006\\\/#primaryimage\"},\"thumbnailUrl\":\"https:\\\/\\\/wp.kristdemokraterna.se\\\/varnamo\\\/files\\\/2022\\\/08\\\/kd-logo-blue.png\",\"datePublished\":\"2002-09-21T19:37:00+00:00\",\"dateModified\":\"2015-07-12T17:51:31+00:00\",\"breadcrumb\":{\"@id\":\"https:\\\/\\\/wp.kristdemokraterna.se\\\/varnamo\\\/2002\\\/09\\\/21\\\/kristdemokraterna-i-varnamo-kommunfullmaktige-2003-2006\\\/#breadcrumb\"},\"inLanguage\":\"sv-SE\",\"potentialAction\":[{\"@type\":\"ReadAction\",\"target\":[\"https:\\\/\\\/wp.kristdemokraterna.se\\\/varnamo\\\/2002\\\/09\\\/21\\\/kristdemokraterna-i-varnamo-kommunfullmaktige-2003-2006\\\/\"]}]},{\"@type\":\"ImageObject\",\"inLanguage\":\"sv-SE\",\"@id\":\"https:\\\/\\\/wp.kristdemokraterna.se\\\/varnamo\\\/2002\\\/09\\\/21\\\/kristdemokraterna-i-varnamo-kommunfullmaktige-2003-2006\\\/#primaryimage\",\"url\":\"https:\\\/\\\/wp.kristdemokraterna.se\\\/varnamo\\\/files\\\/2022\\\/08\\\/kd-logo-blue.png\",\"contentUrl\":\"https:\\\/\\\/wp.kristdemokraterna.se\\\/varnamo\\\/files\\\/2022\\\/08\\\/kd-logo-blue.png\",\"width\":2000,\"height\":2000,\"caption\":\"Kristdemokraternas logotyp\"},{\"@type\":\"BreadcrumbList\",\"@id\":\"https:\\\/\\\/wp.kristdemokraterna.se\\\/varnamo\\\/2002\\\/09\\\/21\\\/kristdemokraterna-i-varnamo-kommunfullmaktige-2003-2006\\\/#breadcrumb\",\"itemListElement\":[{\"@type\":\"ListItem\",\"position\":1,\"name\":\"Hem\",\"item\":\"https:\\\/\\\/wp.kristdemokraterna.se\\\/varnamo\\\/\"},{\"@type\":\"ListItem\",\"position\":2,\"name\":\"Kristdemokraterna i V\u00e4rnamo kommunfullm\u00e4ktige 2003-2006\"}]},{\"@type\":\"WebSite\",\"@id\":\"https:\\\/\\\/wp.kristdemokraterna.se\\\/varnamo\\\/#website\",\"url\":\"https:\\\/\\\/wp.kristdemokraterna.se\\\/varnamo\\\/\",\"name\":\"KRISTDEMOKRATERNA V\u00c4RNAMO\",\"description\":\"Med hj\u00e4rta f\u00f6r V\u00e4rnamo\",\"publisher\":{\"@id\":\"https:\\\/\\\/wp.kristdemokraterna.se\\\/varnamo\\\/#organization\"},\"inLanguage\":\"sv-SE\"},{\"@type\":\"Organization\",\"@id\":\"https:\\\/\\\/wp.kristdemokraterna.se\\\/varnamo\\\/#organization\",\"name\":\"Kristdemokraterna V\u00e4rnamo\",\"url\":\"https:\\\/\\\/wp.kristdemokraterna.se\\\/varnamo\\\/\",\"logo\":{\"@type\":\"ImageObject\",\"inLanguage\":\"sv-SE\",\"@id\":\"https:\\\/\\\/wp.kristdemokraterna.se\\\/varnamo\\\/#\\\/schema\\\/logo\\\/image\\\/\",\"url\":\"https:\\\/\\\/wp.kristdemokraterna.se\\\/varnamo\\\/files\\\/2022\\\/08\\\/va\u2560ernamo-sida-bla-300dpi.png\",\"contentUrl\":\"https:\\\/\\\/wp.kristdemokraterna.se\\\/varnamo\\\/files\\\/2022\\\/08\\\/va\u2560ernamo-sida-bla-300dpi.png\",\"width\":1485,\"height\":681,\"caption\":\"Kristdemokraterna V\u00e4rnamo\"},\"image\":{\"@id\":\"https:\\\/\\\/wp.kristdemokraterna.se\\\/varnamo\\\/#\\\/schema\\\/logo\\\/image\\\/\"},\"sameAs\":[\"https:\\\/\\\/www.facebook.com\\\/KDVarnamo\\\/\",\"https:\\\/\\\/x.com\\\/KDVarnamo\",\"https:\\\/\\\/www.instagram.com\\\/\",\"https:\\\/\\\/www.youtube.com\\\/user\\\/studiokd\\\/videos\"]},{\"@type\":\"Person\",\"@id\":\"https:\\\/\\\/wp.kristdemokraterna.se\\\/varnamo\\\/#\\\/schema\\\/person\\\/4e339ab04d613699e4dfe80a994e01d4\",\"name\":\"Kristdemokraterna V\u00e4rnamo\",\"image\":{\"@type\":\"ImageObject\",\"inLanguage\":\"sv-SE\",\"@id\":\"https:\\\/\\\/secure.gravatar.com\\\/avatar\\\/c122e48c7723992af51eb155eeaa93db3c1fa324e3fc6ec45dd712c812809b5b?s=96&r=g\",\"url\":\"https:\\\/\\\/secure.gravatar.com\\\/avatar\\\/c122e48c7723992af51eb155eeaa93db3c1fa324e3fc6ec45dd712c812809b5b?s=96&r=g\",\"contentUrl\":\"https:\\\/\\\/secure.gravatar.com\\\/avatar\\\/c122e48c7723992af51eb155eeaa93db3c1fa324e3fc6ec45dd712c812809b5b?s=96&r=g\",\"caption\":\"Kristdemokraterna V\u00e4rnamo\"},\"description\":\"Familjens r\u00f6st\",\"sameAs\":[\"http:\\\/\\\/www.varnamo.kristdemokraterna.se\"],\"url\":\"https:\\\/\\\/wp.kristdemokraterna.se\\\/varnamo\\\/author\\\/varnamo\\\/\"}]}<\/script>\n<!-- \/ Yoast SEO plugin. -->","yoast_head_json":{"title":"Kristdemokraterna i V\u00e4rnamo kommunfullm\u00e4ktige 2003-2006 - KRISTDEMOKRATERNA V\u00c4RNAMO","robots":{"index":"index","follow":"follow","max-snippet":"max-snippet:-1","max-image-preview":"max-image-preview:large","max-video-preview":"max-video-preview:-1"},"canonical":"https:\/\/wp.kristdemokraterna.se\/varnamo\/2002\/09\/21\/kristdemokraterna-i-varnamo-kommunfullmaktige-2003-2006\/","og_locale":"sv_SE","og_type":"article","og_title":"Kristdemokraterna i V\u00e4rnamo kommunfullm\u00e4ktige 2003-2006 - KRISTDEMOKRATERNA V\u00c4RNAMO","og_description":"Med of\u00f6r\u00e4ndrad andel r\u00f6ster sedan 1998 \u00e5rs\u00a0val tappade Kristdemokraterna ett mandat i V\u00e4rnamo kommunfullm\u00e4ktige.\u00a0D\u00e4rmed kommer den kristdemokratiska fullm\u00e4ktigegruppen att best\u00e5\u00a0av sju personer, varav fyra m\u00e4n och tre kvinnor, fyra i \u00e5ldern\u00a037-50 och tre i \u00e5ldern 51-64. Nykomlingen Stig Claesson och Gunnar Crona\u00a0var de enda kristdemokraterna som lyckades bryta listordningen.","og_url":"https:\/\/wp.kristdemokraterna.se\/varnamo\/2002\/09\/21\/kristdemokraterna-i-varnamo-kommunfullmaktige-2003-2006\/","og_site_name":"KRISTDEMOKRATERNA V\u00c4RNAMO","article_publisher":"https:\/\/www.facebook.com\/KDVarnamo\/","article_published_time":"2002-09-21T19:37:00+00:00","article_modified_time":"2015-07-12T17:51:31+00:00","og_image":[{"url":"http:\/\/wp.kristdemokraterna.se\/varnamo\/files\/2010\/08\/alla.jpg","type":"","width":"","height":""}],"author":"Kristdemokraterna V\u00e4rnamo","twitter_card":"summary_large_image","twitter_creator":"@KDVarnamo","twitter_site":"@KDVarnamo","twitter_misc":{"Skriven av":"Kristdemokraterna V\u00e4rnamo","Ber\u00e4knad l\u00e4stid":"2 minuter"},"schema":{"@context":"https:\/\/schema.org","@graph":[{"@type":"Article","@id":"https:\/\/wp.kristdemokraterna.se\/varnamo\/2002\/09\/21\/kristdemokraterna-i-varnamo-kommunfullmaktige-2003-2006\/#article","isPartOf":{"@id":"https:\/\/wp.kristdemokraterna.se\/varnamo\/2002\/09\/21\/kristdemokraterna-i-varnamo-kommunfullmaktige-2003-2006\/"},"author":{"name":"Kristdemokraterna V\u00e4rnamo","@id":"https:\/\/wp.kristdemokraterna.se\/varnamo\/#\/schema\/person\/4e339ab04d613699e4dfe80a994e01d4"},"headline":"Kristdemokraterna i V\u00e4rnamo kommunfullm\u00e4ktige 2003-2006","datePublished":"2002-09-21T19:37:00+00:00","dateModified":"2015-07-12T17:51:31+00:00","mainEntityOfPage":{"@id":"https:\/\/wp.kristdemokraterna.se\/varnamo\/2002\/09\/21\/kristdemokraterna-i-varnamo-kommunfullmaktige-2003-2006\/"},"wordCount":352,"publisher":{"@id":"https:\/\/wp.kristdemokraterna.se\/varnamo\/#organization"},"image":{"@id":"https:\/\/wp.kristdemokraterna.se\/varnamo\/2002\/09\/21\/kristdemokraterna-i-varnamo-kommunfullmaktige-2003-2006\/#primaryimage"},"thumbnailUrl":"https:\/\/wp.kristdemokraterna.se\/varnamo\/files\/2022\/08\/kd-logo-blue.png","keywords":["Anita M\u00e5rtensson","Christer Fjordevik","Frida Colv\u00e5s","Gunnar Crona","H\u00e5kan Johansson","Ibrahim Candemir","Kerstin Sneath","kommunfullm\u00e4ktige","Leif B\u00e4ckrud","Margareta Lindahl","Per-Gunnar Dahlgren","Stig Claesson","valr\u00f6relse"],"articleSection":["Nyheter"],"inLanguage":"sv-SE"},{"@type":"WebPage","@id":"https:\/\/wp.kristdemokraterna.se\/varnamo\/2002\/09\/21\/kristdemokraterna-i-varnamo-kommunfullmaktige-2003-2006\/","url":"https:\/\/wp.kristdemokraterna.se\/varnamo\/2002\/09\/21\/kristdemokraterna-i-varnamo-kommunfullmaktige-2003-2006\/","name":"Kristdemokraterna i V\u00e4rnamo kommunfullm\u00e4ktige 2003-2006 - KRISTDEMOKRATERNA V\u00c4RNAMO","isPartOf":{"@id":"https:\/\/wp.kristdemokraterna.se\/varnamo\/#website"},"primaryImageOfPage":{"@id":"https:\/\/wp.kristdemokraterna.se\/varnamo\/2002\/09\/21\/kristdemokraterna-i-varnamo-kommunfullmaktige-2003-2006\/#primaryimage"},"image":{"@id":"https:\/\/wp.kristdemokraterna.se\/varnamo\/2002\/09\/21\/kristdemokraterna-i-varnamo-kommunfullmaktige-2003-2006\/#primaryimage"},"thumbnailUrl":"https:\/\/wp.kristdemokraterna.se\/varnamo\/files\/2022\/08\/kd-logo-blue.png","datePublished":"2002-09-21T19:37:00+00:00","dateModified":"2015-07-12T17:51:31+00:00","breadcrumb":{"@id":"https:\/\/wp.kristdemokraterna.se\/varnamo\/2002\/09\/21\/kristdemokraterna-i-varnamo-kommunfullmaktige-2003-2006\/#breadcrumb"},"inLanguage":"sv-SE","potentialAction":[{"@type":"ReadAction","target":["https:\/\/wp.kristdemokraterna.se\/varnamo\/2002\/09\/21\/kristdemokraterna-i-varnamo-kommunfullmaktige-2003-2006\/"]}]},{"@type":"ImageObject","inLanguage":"sv-SE","@id":"https:\/\/wp.kristdemokraterna.se\/varnamo\/2002\/09\/21\/kristdemokraterna-i-varnamo-kommunfullmaktige-2003-2006\/#primaryimage","url":"https:\/\/wp.kristdemokraterna.se\/varnamo\/files\/2022\/08\/kd-logo-blue.png","contentUrl":"https:\/\/wp.kristdemokraterna.se\/varnamo\/files\/2022\/08\/kd-logo-blue.png","width":2000,"height":2000,"caption":"Kristdemokraternas logotyp"},{"@type":"BreadcrumbList","@id":"https:\/\/wp.kristdemokraterna.se\/varnamo\/2002\/09\/21\/kristdemokraterna-i-varnamo-kommunfullmaktige-2003-2006\/#breadcrumb","itemListElement":[{"@type":"ListItem","position":1,"name":"Hem","item":"https:\/\/wp.kristdemokraterna.se\/varnamo\/"},{"@type":"ListItem","position":2,"name":"Kristdemokraterna i V\u00e4rnamo kommunfullm\u00e4ktige 2003-2006"}]},{"@type":"WebSite","@id":"https:\/\/wp.kristdemokraterna.se\/varnamo\/#website","url":"https:\/\/wp.kristdemokraterna.se\/varnamo\/","name":"KRISTDEMOKRATERNA V\u00c4RNAMO","description":"Med hj\u00e4rta f\u00f6r V\u00e4rnamo","publisher":{"@id":"https:\/\/wp.kristdemokraterna.se\/varnamo\/#organization"},"inLanguage":"sv-SE"},{"@type":"Organization","@id":"https:\/\/wp.kristdemokraterna.se\/varnamo\/#organization","name":"Kristdemokraterna V\u00e4rnamo","url":"https:\/\/wp.kristdemokraterna.se\/varnamo\/","logo":{"@type":"ImageObject","inLanguage":"sv-SE","@id":"https:\/\/wp.kristdemokraterna.se\/varnamo\/#\/schema\/logo\/image\/","url":"https:\/\/wp.kristdemokraterna.se\/varnamo\/files\/2022\/08\/va\u2560ernamo-sida-bla-300dpi.png","contentUrl":"https:\/\/wp.kristdemokraterna.se\/varnamo\/files\/2022\/08\/va\u2560ernamo-sida-bla-300dpi.png","width":1485,"height":681,"caption":"Kristdemokraterna V\u00e4rnamo"},"image":{"@id":"https:\/\/wp.kristdemokraterna.se\/varnamo\/#\/schema\/logo\/image\/"},"sameAs":["https:\/\/www.facebook.com\/KDVarnamo\/","https:\/\/x.com\/KDVarnamo","https:\/\/www.instagram.com\/","https:\/\/www.youtube.com\/user\/studiokd\/videos"]},{"@type":"Person","@id":"https:\/\/wp.kristdemokraterna.se\/varnamo\/#\/schema\/person\/4e339ab04d613699e4dfe80a994e01d4","name":"Kristdemokraterna V\u00e4rnamo","image":{"@type":"ImageObject","inLanguage":"sv-SE","@id":"https:\/\/secure.gravatar.com\/avatar\/c122e48c7723992af51eb155eeaa93db3c1fa324e3fc6ec45dd712c812809b5b?s=96&r=g","url":"https:\/\/secure.gravatar.com\/avatar\/c122e48c7723992af51eb155eeaa93db3c1fa324e3fc6ec45dd712c812809b5b?s=96&r=g","contentUrl":"https:\/\/secure.gravatar.com\/avatar\/c122e48c7723992af51eb155eeaa93db3c1fa324e3fc6ec45dd712c812809b5b?s=96&r=g","caption":"Kristdemokraterna V\u00e4rnamo"},"description":"Familjens r\u00f6st","sameAs":["http:\/\/www.varnamo.kristdemokraterna.se"],"url":"https:\/\/wp.kristdemokraterna.se\/varnamo\/author\/varnamo\/"}]}},"_links":{"self":[{"href":"https:\/\/wp.kristdemokraterna.se\/varnamo\/wp-json\/wp\/v2\/posts\/1917","targetHints":{"allow":["GET"]}}],"collection":[{"href":"https:\/\/wp.kristdemokraterna.se\/varnamo\/wp-json\/wp\/v2\/posts"}],"about":[{"href":"https:\/\/wp.kristdemokraterna.se\/varnamo\/wp-json\/wp\/v2\/types\/post"}],"author":[{"embeddable":true,"href":"https:\/\/wp.kristdemokraterna.se\/varnamo\/wp-json\/wp\/v2\/users\/412"}],"replies":[{"embeddable":true,"href":"https:\/\/wp.kristdemokraterna.se\/varnamo\/wp-json\/wp\/v2\/comments?post=1917"}],"version-history":[{"count":8,"href":"https:\/\/wp.kristdemokraterna.se\/varnamo\/wp-json\/wp\/v2\/posts\/1917\/revisions"}],"predecessor-version":[{"id":6828,"href":"https:\/\/wp.kristdemokraterna.se\/varnamo\/wp-json\/wp\/v2\/posts\/1917\/revisions\/6828"}],"wp:featuredmedia":[{"embeddable":true,"href":"https:\/\/wp.kristdemokraterna.se\/varnamo\/wp-json\/wp\/v2\/media\/9638"}],"wp:attachment":[{"href":"https:\/\/wp.kristdemokraterna.se\/varnamo\/wp-json\/wp\/v2\/media?parent=1917"}],"wp:term":[{"taxonomy":"category","embeddable":true,"href":"https:\/\/wp.kristdemokraterna.se\/varnamo\/wp-json\/wp\/v2\/categories?post=1917"},{"taxonomy":"post_tag","embeddable":true,"href":"https:\/\/wp.kristdemokraterna.se\/varnamo\/wp-json\/wp\/v2\/tags?post=1917"}],"curies":[{"name":"wp","href":"https:\/\/api.w.org\/{rel}","templated":true}]}}