{"id":1920,"date":"2003-02-15T21:37:00","date_gmt":"2003-02-15T20:37:00","guid":{"rendered":"http:\/\/localhost:4901\/?p=1920"},"modified":"2015-07-15T13:07:43","modified_gmt":"2015-07-15T11:07:43","slug":"kristdemokraterna-nast-storsta-borgerliga-parti","status":"publish","type":"post","link":"https:\/\/wp.kristdemokraterna.se\/varnamo\/2003\/02\/15\/kristdemokraterna-nast-storsta-borgerliga-parti\/","title":{"rendered":"Kristdemokraterna \u2013 n\u00e4st st\u00f6rsta borgerliga parti"},"content":{"rendered":"<div style=\"width: 170px\" class=\"wp-caption alignnone\"><a href=\"http:\/\/wp.kristdemokraterna.se\/varnamo\/files\/2010\/08\/maria_larsson.jpg\"><img loading=\"lazy\" decoding=\"async\" title=\"maria_larsson\" src=\"http:\/\/wp.kristdemokraterna.se\/varnamo\/files\/2010\/08\/maria_larsson.jpg\" alt=\"Maria Larsson. (Foto: Kristdemokraterna)\" width=\"160\" height=\"239\" \/><\/a><p class=\"wp-caption-text\">Maria Larsson. (Foto: Kristdemokraterna)<\/p><\/div>\n<p>F\u00f6r att \u00e5teruppr\u00e4tta demokratin beh\u00f6vs regeringsskifte, d\u00e4r maktfullkomlighet skjuts \u00e5t sidan f\u00f6r\u00a0att levandeg\u00f6ra en demokrati d\u00e4r m\u00e5nga r\u00f6ster f\u00e5r komma till tals, sade riksdagsledamot Maria Larsson (kd) fr\u00e5n Gnosj\u00f6 p\u00e5 fredagkv\u00e4llen. Vid sitt \u00e5rsm\u00f6te kunde Kristdemokraterna V\u00e4rnamo \u00e4ven konstatera att man numera \u00e4r n\u00e4st st\u00f6rsta borgerliga parti och att en kristdemokrat f\u00f6r f\u00f6rsta g\u00e5ngen har en kommunalr\u00e5dspost i V\u00e4rnamo kommun.<\/p>\n<p><!--more-->Kristdemokraterna\u00a0i V\u00e4rnamo kommun h\u00f6ll \u00e5rsm\u00f6te i fredags kv\u00e4ll, den\u00a014 februari 2003. Eftersom det var Alla hj\u00e4rtans dag passade man naturligt\u00a0nog p\u00e5 tillf\u00e4llet att dela ut sitt \u00e5rliga Vitsippspris. <a title=\"Vitsippspriset 2003 till Anita M\u00e5rtensson, K\u00e4rda\" href=\"http:\/\/wp.kristdemokraterna.se\/varnamo\/2003\/02\/15\/vitsippspriset-2003-till-anita-martensson-karda\/\">Priset tilldelades i \u00e5r Anita M\u00e5rtensson<\/a>, K\u00e4rda, f\u00f6r sitt\u00a0engagemang i arbetet med projekt Grannar &amp; V\u00e4nner p\u00e5 Mossleomr\u00e5det. D\u00e4refter intog rikdagsledamot Maria Larsson, Gnosj\u00f6, kommunfullm\u00e4ktigesalens talarstol och h\u00f6ll ett engagerat <a title=\"Maria Larssons pressmeddelande\" href=\"http:\/\/wp.kristdemokraterna.se\/varnamo\/2003\/02\/15\/maktfullkomlig-regering-valjer-bort-demokratin\/\">tal<\/a>, d\u00e4r hon kritiserade statsr\u00e5det Gunnar Lund som ytterligare ett exempel p\u00e5 den maktfullkomlighet som pr\u00e4glar socialdemokratiska statsr\u00e5d.<\/p>\n<p>Efter kaffe, sm\u00f6rg\u00e5st\u00e5rta och kakhj\u00e4rtan vidtog \u00e5rsm\u00f6tesf\u00f6rhandlingar.\u00a0\u00c5rsm\u00f6tet leddes av Arnold\u00a0Carlzon (ordf\u00f6rande f\u00f6r Kristdemokraterna V\u00e4rnamo), med\u00a0Margareta Lindahl som\u00a0sekreterare. I <a title=\"L\u00e4nk till Verksamhetsber\u00e4ttelse f\u00f6r Kristdemokraterna i V\u00e4rnamo kommun, verksamhets\u00e5ret 2001\" href=\"#1\">verksamhetsber\u00e4ttelsen<\/a>\u00a0kan noteras att arbetet \u00e5r 2002 pr\u00e4glades av valet, d\u00e4r Kristdemokraterna\u00a0lyckades h\u00e5lla st\u00e4llningarna, trots valvinden f\u00f6r \u00f6vrigt,\u00a0och numera \u00e4r n\u00e4st st\u00f6rsta borgerliga parti och dessutom att\u00a0en kristdemokrat f\u00f6r f\u00f6rsta g\u00e5ngen har en kommunalr\u00e5dspost\u00a0i V\u00e4rnamo kommun. Man har haft m\u00e5nga bes\u00f6k, bland annat av\u00a0EU-parlamentarikern Anders Wijkman och partiordf\u00f6rande Alf Svensson,\u00a0och Kristdemokraterna har m\u00f6tt v\u00e4rnamoborna p\u00e5 gator och torg\u00a0varje l\u00f6rdag. Under \u00e5ret har partiet bytt lokal och vid \u00e5rsskiftet\u00a0hade man 333 medlemmar.<\/p>\n<p>Efter fyra \u00e5r i styrelsen avtackades Per-Gunnar\u00a0Dahlgren, som eftertr\u00e4ddes av Lars-\u00c5ke Egerbo. D\u00e4rmed\u00a0best\u00e5r styrelsen av Gunnar\u00a0Crona (vice ordf\u00f6rande), Ann-Christin Lindberg, Peter Johnsson, H\u00e5kan\u00a0Johansson, Gunnel Youngstr\u00f6m, Lars-\u00c5ke Egerbo, Arnold Carlzon\u00a0(ordf\u00f6rande), Christer\u00a0Fjordevik, Per-\u00c5ke Eriksson, Ingeborg Lindgren, Samuel Sunesson\u00a0och Ann-Britt Englund (kass\u00f6r). Ers\u00e4ttare i styrelsen \u00e4r Gunwor\u00a0Swerlander, Ibrahim Candemir, Stefan Thors\u00e9n, Karin Rylander, Rodhe\u00a0Lindahl, Margareta Lindahl (sekreterare, nyval), \u00c5ke Bengtsson, Leif\u00a0B\u00e4ckrud, Kent Sundell, Egon Rubensson, Lena Freij (fyllnadsval), Xhilda\u00a0Bushati (fyllnadsval). Revisorer \u00e4r Donald Crona och Lennart Swerlander,\u00a0med Gunnel Crona och Leif Westman som ers\u00e4ttare. Dessutom valdes Per-\u00c5ke\u00a0Eriksson till valledare och ett stort antal andra funktion\u00e4rer.<\/p>\n<p>\u00c5rets riksting i G\u00e4vle kommer att behandla motioner, vilket sker\u00a0vartannat \u00e5r. \u00c5rsm\u00f6tet med Kristdemokraterna V\u00e4rnamo\u00a0berslutade att \u00f6verl\u00e4mna tv\u00e5 motioner fr\u00e5n avdelningen.\u00a0I motionen <a title=\"Motion: Slopa f\u00f6rslaget om andra karensdag\" href=\"#3\">Slopa\u00a0f\u00f6rslaget om andra karensdag<\/a> f\u00f6resl\u00e5r avdelningsordf\u00f6rande\u00a0Arnold Carlzon och ombudsman Mia Frisk att rikstinget ska besluta att Kristdemokraterna\u00a0ska slopa kravet om en andra karensdag. Detta f\u00f6r att &#8221;sjukn\u00e4rvaron&#8221;\u00a0\u00f6kar och att de som drabbas h\u00e5rdast av f\u00f6rslaget \u00e4r kvinnor\u00a0i offentlig sektor med l\u00e5g l\u00f6n. Samma duo har \u00e4ven skrivit\u00a0motionen <a title=\"otion: S\u00e4nk \u00e5ldern f\u00f6r r\u00f6str\u00e4tt till 16 \u00e5r\" href=\"#4\">S\u00e4nk\u00a0\u00e5ldern f\u00f6r r\u00f6str\u00e4tt till 16 \u00e5r<\/a>. I den menar de att en s\u00e4nkning av \u00a0r\u00f6str\u00e4tts\u00e5ldern kan ha potential att bidra till ett \u00f6kat valdeltagande och en demokratisk nyrekrytering \u00e4ven i Sverige och f\u00f6resl\u00e5r d\u00e4rf\u00f6r att rikstinget\u00a0beslutar att Kristdemokraterna ska verka f\u00f6r s\u00e4nkt r\u00f6str\u00e4tts\u00e5lder\u00a0i kommunala val.<\/p>\n<hr \/>\n<h1>L\u00e4s mer fr\u00e5n \u00e5rsm\u00f6tet<\/h1>\n<p>[<a title=\"Maktfullkomlig regering v\u00e4ljer bort demokratin\" href=\"http:\/\/wp.kristdemokraterna.se\/varnamo\/2003\/02\/15\/maktfullkomlig-regering-valjer-bort-demokratin\/\">Maria\u00a0Larssons (kd) pressmeddelande<\/a>]<br \/>\n[<a title=\"L\u00e4nk till Verksamhetsber\u00e4ttelse f\u00f6r Kristdemokraterna i V\u00e4rnamo kommun, verksamhets\u00e5ret 2001\" href=\"#1\">Verksamhetsber\u00e4ttelse\u00a0f\u00f6r Kristdemokraterna i V\u00e4rnamo kommun, verksamhets\u00e5ret<br \/>\n2002<\/a>]<br \/>\n[<a title=\"L\u00e4nk till Verksamhetsber\u00e4ttelse 2002 f\u00f6r Kristdemokraternas fullm\u00e4ktigegrupp   i V\u00e4rnamo\" href=\"#2\">Verksamhetsber\u00e4ttelse 2002 f\u00f6r Kristdemokraternas\u00a0fullm\u00e4ktigegrupp i V\u00e4rnamo<\/a>]<br \/>\n[<a title=\"Motion: Slopa f\u00f6rslaget om andra karensdag\" href=\"#3\">Motion:\u00a0Slopa f\u00f6rslaget om andra karensdag<\/a>]<br \/>\n[<a title=\"otion: S\u00e4nk \u00e5ldern f\u00f6r r\u00f6str\u00e4tt till 16 \u00e5r\" href=\"#4\">Motion: S\u00e4nk \u00e5ldern f\u00f6r r\u00f6str\u00e4tt\u00a0till 16 \u00e5r<\/a>]<\/p>\n<hr \/>\n<h2 id=\"1\">Verksamhetsber\u00e4ttelse f\u00f6r Kristdemokraterna i V\u00e4rnamo\u00a0kommun, verksamhets\u00e5ret 2002<\/h2>\n<p>\u00c5r 2002 har, f\u00f6r Kristdemokraterna i V\u00e4rnamo,\u00a0framf\u00f6rallt pr\u00e4glats av att det varit val\u00e5r. Ett val\u00e5r\u00a0som f\u00f6r V\u00e4rnamo kommuns Kristdemokrater innebar att vi bef\u00e4ste\u00a0och st\u00e4rkte v\u00e5r redan starka st\u00e4llning i kommunen. Valet innebar\u00a0att vi tack vare m\u00e5nga starka insatser fr\u00e5n m\u00e5nga medlemmar,\u00a0numer, r\u00f6stm\u00e4ssigt, \u00e4r n\u00e4st st\u00f6rsta borgerliga parti\u00a0i V\u00e4rnamo kommun.<\/p>\n<p>N\u00e4r alla r\u00f6ster var r\u00e4knade kunde man konstatera att vi f\u00e5tt\u00a0exakt lika m\u00e5nga r\u00f6ster som f\u00f6reg\u00e5ende val, dvs 2936.\u00a0Ett mycket bra resultat, med tanke p\u00e5 hur valvindarna bl\u00e5ste i\u00a0\u00f6vriga landet. Procentsiffran, 15,3%, \u00e4r ocks\u00e5 densamma, som\u00a0f\u00f6reg\u00e5ende val. Trots detta s\u00e5 tappade vi ett mandat i fullm\u00e4ktigef\u00f6rsamlingen,\u00a0men i kraft av n\u00e4st st\u00f6rsta borgerliga parti kunde vi f\u00f6r f\u00f6rsta\u00a0g\u00e5ngen i partiets historia tills\u00e4tta posten som 1:e vice ordf\u00f6rande\u00a0i Kommunstyrelsen, tillika Kommunalr\u00e5d. Platsen innehas av Christer\u00a0Fjordevik, som efter m\u00e5nga \u00e5r som ordf\u00f6rande f\u00f6r Barn-\u00a0och utbildningsn\u00e4mnden, nu allts\u00e5 tar partiets plats i den politiska\u00a0kommunledningen. Ut\u00f6ver detta s\u00e5 har vi under mandatperioden tv\u00e5\u00a0s.k. tunga ordf\u00f6randeposter, n\u00e4mligen i Omsorgsn\u00e4mnden och\u00a0Medborgar- och integrationsn\u00e4mnden. F\u00f6r \u00f6vrigt har vi representation\u00a0i samtliga styrelser och n\u00e4mnder. Det mycket goda valresultatet beror\u00a0till stor del p\u00e5 ett m\u00e5lmedvetet och l\u00e5ngsiktigt arbete\u00a0fr\u00e5n lokalavdelningens sida, samt den otroligt stora insats som gjordes\u00a0av m\u00e5nga medlemmar under valr\u00f6relsens slutspurt.<\/p>\n<p>Redan i &#8221;Lilla valr\u00f6relsen&#8221;, i april-maj, tog Kristdemokraterna\u00a0initiativet, dels genom ett bes\u00f6k av EU-parlamentarikern Anders Wijkman,\u00a0men ocks\u00e5 genom att vi fr\u00e5n och med denna tidpunkt och \u00e4nda\u00a0fram till valdagen fanns ute &#8221;p\u00e5 stan&#8221; varje l\u00f6rdag och\u00a0m\u00f6tte V\u00e4rnamoborna. Vid flera av dessa tillf\u00e4llen har vi ocks\u00e5\u00a0bjudit p\u00e5 kaffe och vid ett tillf\u00e4lle kaffe och v\u00e5fflor.<\/p>\n<p>Under sj\u00e4lva valr\u00f6relsen hade vi som vanligt en Valstuga, med f\u00f6r\u00a0\u00e5ret ny placering, som visade sig vara mycket lyckad. D\u00e4rifr\u00e5n\u00a0utgick samtliga v\u00e5ra aktiviteter i V\u00e4rnamo City. \u00d6vriga orter\u00a0i kommunen har ocks\u00e5 p\u00e5 ett helt annat s\u00e4tt \u00e4n tidigare\u00a0val\u00e5r, uppm\u00e4rksammats genom bl.a. flygbladsutdelning och andra\u00a0aktiviteter. Under valr\u00f6relsens s.k. slutspurt hade vi bes\u00f6k av\u00a0ett stort antal riks- och l\u00e4nspolitiker, som tillsammans med v\u00e5ra\u00a0lokala kandidater f\u00f6rmedlade partiets politik p\u00e5 ett mycket f\u00f6rtj\u00e4nstfullt\u00a0s\u00e4tt.<\/p>\n<p>\u00c4ven i \u00e5rets valr\u00f6relse v\u00e4ckte vi stor uppm\u00e4rksamhet\u00a0genom att v\u00e5r partiledare Alf Svensson gjorde ett bes\u00f6k i V\u00e4rnamo.\u00a0Partiledarens bes\u00f6k bes\u00f6k inramades av en m\u00e4ngd olika aktiviteter,\u00a0s\u00e5som flygbladutdelning, glassf\u00f6rs\u00e4ljning och musikunderh\u00e5llning\u00a0av &#8221;Kalle &amp; Nicke&#8221;. Bland andra bes\u00f6k kan n\u00e4mnas riksdagsledamot\u00a0Mats Odell, Vallentuna, landstingsr\u00e5d Stig Nyman, Vallentuna riksdagsledamot\u00a0Ragnwi Marcelind, riksdagsledamot G\u00f6ran H\u00e4gglund, Bankeryd, riksdagsledamot\u00a0Maria Larsson, Gnosj\u00f6, landstingsr\u00e5d Lisbeth Rydefj\u00e4rd J\u00f6nk\u00f6ping\u00a0samt riksdagskandidat Lise-Lott Jonasson, Hestra. Maria Larsson var i V\u00e4rnamo\u00a0vid flera tillf\u00e4llen under valr\u00f6relsen, bl.a. sista fredagen innan\u00a0valr\u00f6relsen d\u00e5 vi hade &#8221;natt\u00f6ppet&#8221; i valstugan och\u00a0bj\u00f6d nattvandrare p\u00e5 grillad korv med br\u00f6d. Vid ett annat\u00a0tillf\u00e4lle hade vi inbjudit Maria Larsson till en debatt med Carina H\u00e4gg,\u00a0d\u00e4r skillnaderna mellan Kristdemokraternas framtidspolitik och Socialdemokraternas\u00a0of\u00f6r\u00e4nderlighet blev v\u00e4ldigt tydliga. V\u00e5ra lokala kommun-\u00a0och landstingspolitiker, med v\u00e5ra toppkandidater Christer Fjordevik\u00a0och Stefan Thors\u00e9n i spetsen, deltog flitigt i alla slags aktiviteter,\u00a0b\u00e5de vid valstugan i V\u00e4rnamo och vid flygbladsutdelning i Bredaryd,\u00a0Forsheda, Bor och Rydaholm.<\/p>\n<p>En mycket lyckad annonskampanj genomf\u00f6rdes, som med all s\u00e4kerhet\u00a0hade stor betydelse f\u00f6r valutg\u00e5ngen. Annonskampanjen planerades\u00a0p\u00e5 ett f\u00f6rtj\u00e4nstfullt s\u00e4tt av H\u00e5kan Johansson,\u00a0som ocks\u00e5 under valr\u00f6relsens mest hektiska skede p\u00e5 ett str\u00e5lande\u00a0s\u00e4tt h\u00f6ll v\u00e5r hemsida uppdaterad fr\u00e5n dag till dag.\u00a0V\u00e5r avdelning hyrde ocks\u00e5, genom riksorganisationen, under valr\u00f6relsen,\u00a0en &#8221;valbuss&#8221;, tillsammans med Gnosj\u00f6avdelningen. Denna anv\u00e4ndes\u00a0flitigt under hela valr\u00f6relsen, fr\u00e4mst av riksdagsledamot Maria\u00a0Larsson.<\/p>\n<p>Under \u00e5ret har vi ocks\u00e5 bytt &#8221;partilokal&#8221;. Efter att\u00a0ha h\u00e5llit till i en k\u00e4llarlokal p\u00e5 V\u00e4xj\u00f6v\u00e4gen,\u00a0sedan slutet p\u00e5 60-talet, tyckte styrelsen att det var dags att flytta\u00a0till fr\u00e4schare och mer \u00e4ndam\u00e5lenliga lokaler. Vi finns nu\u00a0centralt i stan, ovanp\u00e5 Th\u00f6rns, med adress Storgatan 29.\u00a02002 \u00e5rs Vitsippspris tilldelades den Internationella f\u00f6reningen\u00a0vid Finnvedens Gymnasium, bl.a. f\u00f6r dess arbete med att \u00f6ka f\u00f6rst\u00e5elsen\u00a0f\u00f6r kulturella olikheter, och d\u00e4rmed bidra till en \u00f6kad integration\u00a0i det svenska samh\u00e4llet.<\/p>\n<p>Attack heter dansgruppen som intog Kristdemokraternas hj\u00e4rtan vid \u00e5rsm\u00f6tet,\u00a0som h\u00f6lls i Arken Caf\u00e9 &amp; Konferens fredagen den 25 februari.\u00a0De v\u00e4l\u00f6vade tjejerna fr\u00e5n Kulturskolan framf\u00f6rde ett\u00a0par dansnummer med s\u00e5dan kraft, fart och precision att det 40-tal kristdemokrater\u00a0som samlats sm\u00e4lte av f\u00f6rtjusning. Mellan dansnumren fick Kristdemokraternas\u00a0partisekreterare Sven-Gunnar Persson chansen att st\u00e4lla regeringspartiet\u00a0till svars f\u00f6r samh\u00e4llets brister. I sitt tal framh\u00f6ll han\u00a0att socialdemokraterna har innehaft regeringsmakten i \u00e5tta \u00e5r.\u00a0Under denna tid har tydliga f\u00f6rs\u00e4mringar skett inom omr\u00e5den\u00a0som \u00e4r viktiga f\u00f6r medborgarna. Socialdemokraterna m\u00e5ste tvingas\u00a0ta ansvar f\u00f6r sin faktiska politik.<\/p>\n<p>Styrelsen har under \u00e5ret haft sex protokollf\u00f6rda sammantr\u00e4den.\u00a0Ett flertal olika arbetsgrupper har p\u00e5 ett f\u00f6rtj\u00e4nstfullt\u00a0s\u00e4tt bidragit till att arbetet flutit bra. Valledare har varit Per-\u00c5ke\u00a0Eriksson, som s\u00e4rskilt under valr\u00f6relsens slutspurt fick dra ett\u00a0tungt lass. F\u00f6rutom ovan redovisade aktiviteter hade vi ocks\u00e5 i\u00a0\u00e5r v\u00e5r sedvanliga adventsfest fredagen f\u00f6re f\u00f6rsta advent.\u00a0Auktionen leddes, p\u00e5 ett alldeles utomordentligt trevligt s\u00e4tt,\u00a0av Stefan Thors\u00e9n. Festkommitt\u00e9n, under Karin Rylanders ledning,\u00a0hade lagt ner ett mycket stort arbete inf\u00f6r auktionen.<\/p>\n<p>Fullm\u00e4ktigegruppens arbete redovisas i en s\u00e4rskild verksamhetsber\u00e4ttelse.\u00a0Ekonomin har under \u00e5ret, pga de stora satsningarna under valr\u00f6relsen\u00a0varit n\u00e5got anstr\u00e4ngd, med en stram budget under 2003, s\u00e5\u00a0kommer vi att klara en viss eftersl\u00e4pning fr\u00e5n 2002. Utgifterna\u00a0har varit strax \u00f6ver 400.000 f\u00f6r 2002. Detaljer redovisas i s\u00e4rskild ekonomisk redog\u00f6relse.<\/p>\n<p>Medlemsantalet den 31 december 2002 var 333 st. Tillsammans \u00e4r vi starka\u00a0och alla beh\u00f6vs f\u00f6r att v\u00e5r politik ska f\u00e5 \u00e4nnu\u00a0st\u00f6rre genomslag och d\u00e4rmed ocks\u00e5 i \u00e4nnu h\u00f6gre grad\u00a0pr\u00e4gla V\u00e4rnamo kommun.<\/p>\n<p>P\u00e5 styrelsens uppdrag<\/p>\n<p>V\u00e4rnamo den 14 februari 2003<\/p>\n<p style=\"text-align: right\"><em>Arnold Carlzon<\/em><br \/>\nordf\u00f6rande<\/p>\n<hr \/>\n<h2 id=\"2\">Verksamhetsber\u00e4ttelse 2002 f\u00f6r Kristdemokraternas fullm\u00e4ktigegrupp<br \/>\ni V\u00e4rnamo<\/h2>\n<p>Under mandatperioden 1998-2002 representerades Kristdemokraterna\u00a0av \u00e5tta fullm\u00e4ktige, n\u00e4mligen Christer\u00a0Fjordevik (gruppledare), Ann-Britt\u00a0Deiver (vice gruppledare), Gunnar\u00a0Crona, Bengt\u00a0Sandolf, Gunnel\u00a0Youngstr\u00f6m, Leif\u00a0B\u00e4ckrud, Berit\u00a0H\u00f6glund och Arnold\u00a0Carlzon.<\/p>\n<p>Med mandatperiodens utg\u00e5ng aviserade Ann-Britt Deiver, Gunnel Youngstr\u00f6m\u00a0och Bengt Sandolf att de ville ta en paus fr\u00e5n politiken. Ett stort\u00a0och varmt tack till dem f\u00f6r goda insatser och uth\u00e5llighet under\u00a0l\u00e5nga och ibland tr\u00f6ttande sena fullm\u00e4ktigesammantr\u00e4den\u00a0och ett v\u00e4lkomna tillbaka!<\/p>\n<p>Vid 2002 \u00e5rs kommunval erh\u00f6ll vi i stort sett samma r\u00f6stetal\u00a0som vid 1998 \u00e5rs val men f\u00f6rlorade \u00e4nd\u00e5 ett mandat p\u00e5\u00a0grund av valkretsmatematiken. Under mandatperioden 2003-2006 representeras\u00a0vi av f\u00f6ljande sju fullm\u00e4ktige, Christer Fjordevik, Gunnar Crona,\u00a0Margareta\u00a0Lindahl, Kerstin\u00a0Sneath, Stig\u00a0Claesson, Anita\u00a0M\u00e5rtensson och Leif B\u00e4ckrud. De nya ledam\u00f6terna tilltr\u00e4dde\u00a0med novembersammantr\u00e4det, \u00e5rets l\u00e4ngsta, fr\u00e5n morgon\u00a0till sen kv\u00e4ll, d\u00e5 budgeten f\u00f6r 2003 bland annat spikades.<\/p>\n<p>Inf\u00f6r varje kommunfullm\u00e4ktige har vi p\u00e5 tisdagarna kl. 18.30\u00a0samlats, f\u00f6rst enskilt i partigruppen och sedan hela borgerliga gruppen.\u00a0Den f\u00f6rsta m\u00e5ndagen i varje m\u00e5nad, juli m\u00e5nad undantagen,\u00a0har gruppen samlats med \u00f6vriga f\u00f6rtroendevalda kristdemokrater i\u00a0kommunen f\u00f6r att diskutera och ta gemensamma st\u00e4llningstaganden\u00a0i politiken.<\/p>\n<p>V\u00e5ra ledam\u00f6ter har under \u00e5ret varit aktiva i debatten. Christer\u00a0Fjordevik har, i egenskap av ordf\u00f6rande i Barn- och utbildningsn\u00e4mnden,\u00a0f\u00e5tt besvara \u00e5tta interpellationer och tre fr\u00e5gor. Arnold\u00a0Carlzon har, i egenskap av ordf\u00f6rande i Fritidsn\u00e4mnden, f\u00e5tt\u00a0besvara tv\u00e5 interpellationer.<\/p>\n<p>Bengt Sandolf har\u00a0l\u00e4mnat tre motioner \u0097 <a title=\"L\u00e4nk till motion om Best\u00e4llningstrafiken i V\u00e4rnamo \u00e4ven p\u00e5 l\u00f6rdagar och s\u00f6ndagar\" href=\"http:\/\/wp.kristdemokraterna.se\/varnamo\/2002\/02\/28\/motion-om-bestallningstrafiken-i-varnamo\/\">Best\u00e4llningstrafiken\u00a0i V\u00e4rnamo \u00e4ven p\u00e5 l\u00f6rdagar och s\u00f6ndagar<\/a>, \u0097\u00a0S\u00e4kerhetspolicy f\u00f6r kommunens IT-verksamhet \u0097 och Motion ang\u00e5ende\u00a0behandling av motioner.<\/p>\n<p>Ibrahim Candemir har\u00a0motionerat om \u0097 <a title=\"L\u00e4nk till motion om St\u00f6rre festlokal i V\u00e4rnamo\" href=\"http:\/\/wp.kristdemokraterna.se\/varnamo\/2002\/03\/27\/motion-om-storre-festlokal-i-varnamo\/\">St\u00f6rre festlokal i V\u00e4rnamo<\/a>.<\/p>\n<p>Margareta Lindahl\u00a0l\u00e4mnade i decemberm\u00f6tet en motion \u0097 <a title=\"L\u00e4nk till motion om Aktiv fritid f\u00f6r personer med funktionshinder\" href=\"http:\/\/wp.kristdemokraterna.se\/varnamo\/2002\/12\/12\/motion-om-aktiv-fritid-for-personer-med-funktionshinder\/\">Aktiv\u00a0fritid f\u00f6r personer med funktionshinder<\/a>.<\/p>\n<p>Christer Fjordevik\u00a0har ocks\u00e5 framst\u00e4llt en fr\u00e5ga till d\u00e5varande kommunalr\u00e5det\u00a0Torbj\u00f6rn Egerhag i anledning av att nyf\u00f6retagandet i v\u00e5r region\u00a0\u00e4r s\u00e5 l\u00e5gt.<\/p>\n<p>Att 2002 var ett val\u00e5r pr\u00e4glade naturligtvis b\u00e5de debatten\u00a0och motionsfloran i fullm\u00e4ktige liksom angel\u00e4genheten fr\u00e5n\u00a0oppositionen att interpellera och st\u00e4lla fr\u00e5gor. Vi som kristdemokrater\u00a0har ing\u00e5tt i den styrande majoriteten med b\u00e5de flera ordf\u00f6randeposter\u00a0respektive vice ordf\u00f6randeposter. Det \u00e4r positivt att v\u00e5rt\u00a0parti nu \u00e4r s\u00e5 etablerat i lommunpolitiken och d\u00e4rf\u00f6r\u00a0en kraft att r\u00e4kna med. Vi ser fram emot 2003 med tillf\u00f6rsikt och\u00a0gl\u00e4ds \u00f6ver de m\u00e5nga nya som nu representerar Kristdemokraterna\u00a0i V\u00e4rnamo kommunfullm\u00e4ktige.<\/p>\n<p>F\u00f6r Kristdemokraternas fullm\u00e4ktigegrupp<\/p>\n<p style=\"text-align: right\"><em>Christer Fjordevik<\/em><\/p>\n<hr \/>\n<p>Till Kristdemokraternas riksting<br \/>\nMOTION<\/p>\n<h2 id=\"3\">Slopa f\u00f6rslaget om andra karensdag<\/h2>\n<p>Sjukn\u00e4rvaron p\u00e5 arbetsplatserna \u00f6kar och antalet &#8221;sjukn\u00e4rvarande&#8221;\u00a0p\u00e5 jobbet har f\u00f6rdubblats j\u00e4mf\u00f6rt med f\u00f6r fem \u00e5r\u00a0sedan. L\u00e4rare \u00e4r de som oftast jobbar fast de \u00e4r sjuka, men\u00a0\u00e4ven inom v\u00e5rdyrkena jobbar man trots att man \u00e4r sjuk. Dessa\u00a0grupper \u00e5terfinns inom offentlig sektor och det \u00e4r just inom denna\u00a0sektor som antalet sjukskrivningar \u00e4r fortsatt mycket h\u00f6ga. Kan\u00a0det finnas ett samband?<\/p>\n<p>Enligt en unders\u00f6kning p\u00e5 Aftonbladets hemsida uppgav n\u00e4stan\u00a042 procent av 33 000 l\u00e4sare att de gick till jobbet fast de var sjuka\u00a0p\u00e5 grund av att de beh\u00f6vde pengarna. Man har helt enkelt inte r\u00e5d\u00a0med en karensdag och d\u00e5 f\u00f6resl\u00e5r vi kristdemokrater att man\u00a0b\u00f6r inf\u00f6ra en till!<\/p>\n<p>En undersk\u00f6terska tj\u00e4nar ca 16 000 kronor\/m\u00e5nad och det beh\u00f6vs\u00a0inga stora matematiska kunskaper f\u00f6r att inse att en karensdag sl\u00e5r\u00a0h\u00e5rt. 800 kronor \u00e4r mycket pengar om man lever p\u00e5 marginalen.\u00a0Tv\u00e5 karensdagar kan vara en &#8221;katastrof&#8221; och f\u00f6rst\u00f6ra\u00a0ekonomin en bra tid fram\u00f6ver om man \u00e4r l\u00e5gavl\u00f6nad och\u00a0om man dessutom \u00e4r ensamst\u00e5ende med barn blir situationen \u00e4nnu\u00a0tuffare.<\/p>\n<p>Vi anser inte att en andra karensdag st\u00e4mmer \u00f6verens med kristdemokratins\u00a0solidaritetsprincip. Argumentet om att &#8221;vi som s\u00e4llan \u00e4r sjuka\u00a0f\u00e5r ta en st\u00f6rre b\u00f6rda f\u00f6r att f\u00e5 mer pengar till\u00a0v\u00e5rd och omsorg&#8221; h\u00e5ller inte n\u00e4r man ser vilka som drabbas\u00a0h\u00e5rdast av en andra karensdag \u0096 kvinnor i offentlig sektor med\u00a0l\u00e5g l\u00f6n. Det m\u00e5ste finnas andra prioriteringar att g\u00f6ra\u00a0i budgeten f\u00f6r att f\u00e5 mer pengar till v\u00e5rd och omsorg.<\/p>\n<p>Med anledning av ovanst\u00e5ende yrkar vi<\/p>\n<table>\n<tbody>\n<tr>\n<td width=\"10%\"><em>att<\/em><\/td>\n<td>rikstinget\u00a0beslutar om att slopa kravet om en andra karensdag.<\/td>\n<\/tr>\n<\/tbody>\n<\/table>\n<p style=\"text-align: right\"><em>Arnold Carlzon, V\u00e4rnamo och Mia Frisk, Tenhult<\/em><\/p>\n<hr \/>\n<p>Till Kristdemokraternas Riksting<br \/>\nMOTION<\/p>\n<h2 id=\"4\">S\u00e4nk \u00e5ldern f\u00f6r r\u00f6str\u00e4tt till 16 \u00e5r<\/h2>\n<p>Ett av de nationella m\u00e5len f\u00f6r den statliga ungdomspolitiken \u00e4r\u00a0att ungdomar ska ha verklig m\u00f6jlighet till inflytande och delaktighet.\u00a0Att r\u00f6sta \u00e4r en viktig del i den demokratiska processen, som ger\u00a0inflytande och delaktighet.<\/p>\n<p>1974 s\u00e4nktes r\u00f6str\u00e4tts\u00e5ldern till 18 \u00e5r. Som sk\u00e4l\u00a0f\u00f6r att s\u00e4nka \u00e5ldersgr\u00e4nsen till 18 \u00e5r framh\u00f6lls\u00a0hels att samh\u00e4llsutvecklingen f\u00f6rt med sig att ungdomen i allm\u00e4nhet\u00a0hade st\u00f6rre insikter i politiska fr\u00e5gor \u00e4n tidigare, dels\u00a0att en s\u00e4nkning i sig borde kunna medverka till ett \u00f6kat intresse\u00a0f\u00f6r den represtentativa demokratin. Samma sak kan s\u00e4gas i dag om\u00a0v\u00e5ra 16-\u00e5ringar.<\/p>\n<p>Under 1990-talet har mandatperioderna f\u00f6rl\u00e4ngts fr\u00e5n tre\u00a0till fyra \u00e5r, vilket har medf\u00f6rt att den faktiska genomsnitts\u00e5ldern\u00a0f\u00f6r f\u00f6rstag\u00e5ngsv\u00e4ljare h\u00f6jts. Detta \u00e4r en begr\u00e4nsning\u00a0i det demokratiska inflytandet.<\/p>\n<p>I Tyskland har fem delstater s\u00e4nkt \u00e5ldern f\u00f6r r\u00f6str\u00e4tt\u00a0till 16 \u00e5r i de kommunala valen. Det g\u00e4ller enbart den aktiva r\u00f6str\u00e4tten,\u00a0inte valbarheten. I delstaten Niedersachsen har 16-\u00e5ringar f\u00e5tt\u00a0r\u00f6sta f\u00f6r andra g\u00e5ngen i kommunalvalet. Ungdomsstyrelsen har\u00a0studerat valresultatet och d\u00e4r bekr\u00e4ftas resultatet fr\u00e5n f\u00f6rra\u00a0valet; gruppen 16-18 \u00e5r har ett st\u00f6rre valdeltagande \u00e4n andra\u00a0\u00e5ldersgrupper \u00e4nda upp till 45 \u00e5r. Detta medan v\u00e4ljarna\u00a0mellan 18 och 25 \u00e5r har mycket l\u00e5ga siffror f\u00f6r valdeltagande.<\/p>\n<p>Inga av de risker som n\u00e4mns i den svenska debatten om s\u00e4nkt r\u00f6str\u00e4tts\u00e5lder\u00a0f\u00e5r st\u00f6d fr\u00e5n erfarenheterna i Tyskland. Ungdomsstyrelsens\u00a0studier visar att unga r\u00f6star som vuxna varf\u00f6r ungdomspopulistiska\u00a0eller extrema partier inte gynnas. Inte heller upplevs \u00e5tskillnaden\u00a0mellan r\u00f6str\u00e4tts- och myndighets\u00e5lder som problematisk.<\/p>\n<p>En s\u00e4nkning av r\u00f6str\u00e4tts\u00e5ldern kan ha potential att\u00a0bidra till ett \u00f6kat valdeltagande och en demokratisk nyrekrytering \u00e4ven\u00a0i Sverige.<\/p>\n<p>Med h\u00e4nvisning till ovanst\u00e5ende yrkar vi<\/p>\n<table>\n<tbody>\n<tr>\n<td width=\"10%\"><em>att<\/em><\/td>\n<td>rikstinget beslutar att Kristdemokraterna ska verka f\u00f6r\u00a0s\u00e4nkt r\u00f6str\u00e4tts\u00e5lder i kommunala val.<\/td>\n<\/tr>\n<\/tbody>\n<\/table>\n<p style=\"text-align: right\"><em>Mia Frisk, Tenhult och Arnold Carlzon, V\u00e4rnamo<\/em><\/p>\n","protected":false},"excerpt":{"rendered":"<p>F\u00f6r att \u00e5teruppr\u00e4tta demokratin beh\u00f6vs regeringsskifte, d\u00e4r maktfullkomlighet skjuts \u00e5t sidan f\u00f6r\u00a0att levandeg\u00f6ra en demokrati d\u00e4r m\u00e5nga r\u00f6ster f\u00e5r komma till tals, sade riksdagsledamot Maria Larsson (kd) fr\u00e5n Gnosj\u00f6 p\u00e5 fredagkv\u00e4llen. Vid sitt \u00e5rsm\u00f6te kunde Kristdemokraterna V\u00e4rnamo \u00e4ven konstatera att man numera \u00e4r n\u00e4st st\u00f6rsta borgerliga parti och att en kristdemokrat f\u00f6r f\u00f6rsta g\u00e5ngen har <a class=\"read-more-link\" href=\"https:\/\/wp.kristdemokraterna.se\/varnamo\/2003\/02\/15\/kristdemokraterna-nast-storsta-borgerliga-parti\/\">Read More<\/a><\/p>\n","protected":false},"author":412,"featured_media":9638,"comment_status":"closed","ping_status":"closed","sticky":false,"template":"","format":"standard","meta":{"_acf_changed":false,"footnotes":""},"categories":[15],"tags":[378,330,243,365,163,383,269,268,22,250,389,53,49,24,239,172,125,332,204,51,358,245,117,25,384,86,333,23,88,264,119,248,114,331,237,294,298,111,90,385,91,141,152,325,110,68,81,124,97,261,159,386,388,148,112,92,309,46,127,334,55,356,188,166,266,65,312,387,390,62,255,89],"class_list":["post-1920","post","type-post","status-publish","format-standard","hentry","category-arsmote","tag-adventsauktion","tag-ake-bengtsson","tag-alf-svensson","tag-anders-wijkman","tag-anita-martensson","tag-ann-britt-englund","tag-ann-kristin-lindberg","tag-annbritt-deiver","tag-arnold-carlzon","tag-bengt-sandolf","tag-berit-hoglund","tag-bor","tag-bredaryd","tag-christer-fjordevik","tag-delaktighet","tag-demokrati","tag-donald-crona","tag-egon-rubensson","tag-europaparlamentet","tag-forsheda","tag-fraga","tag-fullmaktigegrupp","tag-goran-hagglund","tag-gunnar-crona","tag-gunnel-crona","tag-gunnel-youngstrom","tag-gunwor-swerlander","tag-hakan-johansson","tag-ibrahim-candemir","tag-inflytande","tag-ingeborg-lindgren","tag-interpellation","tag-karin-rylander","tag-kent-sundell","tag-kerstin-sneath","tag-kommunalrad","tag-larare","tag-lars-ake-egerbo","tag-leif-backrud","tag-leif-westman","tag-lena-freij","tag-lennart-swerlander","tag-lisbeth-rydefjard","tag-lise-lotte-jonasson","tag-margareta-lindahl","tag-maria-larsson","tag-mats-odell","tag-mia-frisk","tag-motion","tag-omsorg","tag-partiledarbesok","tag-partilokal","tag-partisekreterare","tag-per-ake-eriksson","tag-per-gunnar-dahlgren","tag-peter-johnsson","tag-ragnwi-marcelind","tag-riksdagsledamot","tag-riksting","tag-rodhe-lindahl","tag-rydaholm","tag-samuel-sunesson","tag-sjukskrivning","tag-sjukvard","tag-stefan-thorsen","tag-stig-claesson","tag-stig-nyman","tag-sven-gunnar-persson","tag-ungdomar","tag-valrorelse","tag-verksamhetsberattelse","tag-xhilda-bushati"],"acf":[],"yoast_head":"<!-- This site is optimized with the Yoast SEO plugin v27.4 - https:\/\/yoast.com\/product\/yoast-seo-wordpress\/ -->\n<title>Kristdemokraterna \u2013 n\u00e4st st\u00f6rsta borgerliga parti - KRISTDEMOKRATERNA V\u00c4RNAMO<\/title>\n<meta name=\"robots\" content=\"index, follow, max-snippet:-1, max-image-preview:large, max-video-preview:-1\" \/>\n<link rel=\"canonical\" href=\"https:\/\/wp.kristdemokraterna.se\/varnamo\/2003\/02\/15\/kristdemokraterna-nast-storsta-borgerliga-parti\/\" \/>\n<meta property=\"og:locale\" content=\"sv_SE\" \/>\n<meta property=\"og:type\" content=\"article\" \/>\n<meta property=\"og:title\" content=\"Kristdemokraterna \u2013 n\u00e4st st\u00f6rsta borgerliga parti - KRISTDEMOKRATERNA V\u00c4RNAMO\" \/>\n<meta property=\"og:description\" content=\"F\u00f6r att \u00e5teruppr\u00e4tta demokratin beh\u00f6vs regeringsskifte, d\u00e4r maktfullkomlighet skjuts \u00e5t sidan f\u00f6r\u00a0att levandeg\u00f6ra en demokrati d\u00e4r m\u00e5nga r\u00f6ster f\u00e5r komma till tals, sade riksdagsledamot Maria Larsson (kd) fr\u00e5n Gnosj\u00f6 p\u00e5 fredagkv\u00e4llen. Vid sitt \u00e5rsm\u00f6te kunde Kristdemokraterna V\u00e4rnamo \u00e4ven konstatera att man numera \u00e4r n\u00e4st st\u00f6rsta borgerliga parti och att en kristdemokrat f\u00f6r f\u00f6rsta g\u00e5ngen har Read More\" \/>\n<meta property=\"og:url\" content=\"https:\/\/wp.kristdemokraterna.se\/varnamo\/2003\/02\/15\/kristdemokraterna-nast-storsta-borgerliga-parti\/\" \/>\n<meta property=\"og:site_name\" content=\"KRISTDEMOKRATERNA V\u00c4RNAMO\" \/>\n<meta property=\"article:publisher\" content=\"https:\/\/www.facebook.com\/KDVarnamo\/\" \/>\n<meta property=\"article:published_time\" content=\"2003-02-15T20:37:00+00:00\" \/>\n<meta property=\"article:modified_time\" content=\"2015-07-15T11:07:43+00:00\" \/>\n<meta property=\"og:image\" content=\"http:\/\/wp.kristdemokraterna.se\/varnamo\/files\/2010\/08\/maria_larsson.jpg\" \/>\n<meta name=\"author\" content=\"Kristdemokraterna V\u00e4rnamo\" \/>\n<meta name=\"twitter:card\" content=\"summary_large_image\" \/>\n<meta name=\"twitter:creator\" content=\"@KDVarnamo\" \/>\n<meta name=\"twitter:site\" content=\"@KDVarnamo\" \/>\n<meta name=\"twitter:label1\" content=\"Skriven av\" \/>\n\t<meta name=\"twitter:data1\" content=\"Kristdemokraterna V\u00e4rnamo\" \/>\n\t<meta name=\"twitter:label2\" content=\"Ber\u00e4knad l\u00e4stid\" \/>\n\t<meta name=\"twitter:data2\" content=\"15 minuter\" \/>\n<script type=\"application\/ld+json\" class=\"yoast-schema-graph\">{\"@context\":\"https:\\\/\\\/schema.org\",\"@graph\":[{\"@type\":\"Article\",\"@id\":\"https:\\\/\\\/wp.kristdemokraterna.se\\\/varnamo\\\/2003\\\/02\\\/15\\\/kristdemokraterna-nast-storsta-borgerliga-parti\\\/#article\",\"isPartOf\":{\"@id\":\"https:\\\/\\\/wp.kristdemokraterna.se\\\/varnamo\\\/2003\\\/02\\\/15\\\/kristdemokraterna-nast-storsta-borgerliga-parti\\\/\"},\"author\":{\"name\":\"Kristdemokraterna V\u00e4rnamo\",\"@id\":\"https:\\\/\\\/wp.kristdemokraterna.se\\\/varnamo\\\/#\\\/schema\\\/person\\\/4e339ab04d613699e4dfe80a994e01d4\"},\"headline\":\"Kristdemokraterna \u2013 n\u00e4st st\u00f6rsta borgerliga parti\",\"datePublished\":\"2003-02-15T20:37:00+00:00\",\"dateModified\":\"2015-07-15T11:07:43+00:00\",\"mainEntityOfPage\":{\"@id\":\"https:\\\/\\\/wp.kristdemokraterna.se\\\/varnamo\\\/2003\\\/02\\\/15\\\/kristdemokraterna-nast-storsta-borgerliga-parti\\\/\"},\"wordCount\":2965,\"publisher\":{\"@id\":\"https:\\\/\\\/wp.kristdemokraterna.se\\\/varnamo\\\/#organization\"},\"image\":{\"@id\":\"https:\\\/\\\/wp.kristdemokraterna.se\\\/varnamo\\\/2003\\\/02\\\/15\\\/kristdemokraterna-nast-storsta-borgerliga-parti\\\/#primaryimage\"},\"thumbnailUrl\":\"https:\\\/\\\/wp.kristdemokraterna.se\\\/varnamo\\\/files\\\/2022\\\/08\\\/kd-logo-blue.png\",\"keywords\":[\"adventsauktion\",\"\u00c5ke Bengtsson\",\"Alf Svensson\",\"Anders Wijkman\",\"Anita M\u00e5rtensson\",\"Ann-Britt Englund\",\"Ann-Kristin Lindberg\",\"Annbritt Deiver\",\"Arnold Carlzon\",\"Bengt Sandolf\",\"Berit H\u00f6glund\",\"Bor\",\"Bredaryd\",\"Christer Fjordevik\",\"delaktighet\",\"demokrati\",\"Donald Crona\",\"Egon Rubensson\",\"Europaparlamentet\",\"Forsheda\",\"fr\u00e5ga\",\"fullm\u00e4ktigegrupp\",\"G\u00f6ran H\u00e4gglund\",\"Gunnar Crona\",\"Gunnel Crona\",\"Gunnel Youngstr\u00f6m\",\"Gunwor Swerlander\",\"H\u00e5kan Johansson\",\"Ibrahim Candemir\",\"inflytande\",\"Ingeborg Lindgren\",\"interpellation\",\"Karin Rylander\",\"Kent Sundell\",\"Kerstin Sneath\",\"kommunalr\u00e5d\",\"l\u00e4rare\",\"Lars-\u00c5ke Egerbo\",\"Leif B\u00e4ckrud\",\"Leif Westman\",\"Lena Freij\",\"Lennart Swerlander\",\"Lisbeth Rydefj\u00e4rd\",\"Lise-Lotte Jonasson\",\"Margareta Lindahl\",\"Maria Larsson\",\"Mats Odell\",\"Mia Frisk\",\"motion\",\"omsorg\",\"partiledarbes\u00f6k\",\"partilokal\",\"partisekreterare\",\"Per-\u00c5ke Eriksson\",\"Per-Gunnar Dahlgren\",\"Peter Johnsson\",\"Ragnwi Marcelind\",\"riksdagsledamot\",\"riksting\",\"Rodhe Lindahl\",\"Rydaholm\",\"Samuel Sunesson\",\"sjukskrivning\",\"sjukv\u00e5rd\",\"Stefan Thors\u00e9n\",\"Stig Claesson\",\"Stig Nyman\",\"Sven-Gunnar Persson\",\"ungdomar\",\"valr\u00f6relse\",\"verksamhetsber\u00e4ttelse\",\"Xhilda Bushati\"],\"articleSection\":[\"\u00c5rsm\u00f6te\"],\"inLanguage\":\"sv-SE\"},{\"@type\":\"WebPage\",\"@id\":\"https:\\\/\\\/wp.kristdemokraterna.se\\\/varnamo\\\/2003\\\/02\\\/15\\\/kristdemokraterna-nast-storsta-borgerliga-parti\\\/\",\"url\":\"https:\\\/\\\/wp.kristdemokraterna.se\\\/varnamo\\\/2003\\\/02\\\/15\\\/kristdemokraterna-nast-storsta-borgerliga-parti\\\/\",\"name\":\"Kristdemokraterna \u2013 n\u00e4st st\u00f6rsta borgerliga parti - KRISTDEMOKRATERNA V\u00c4RNAMO\",\"isPartOf\":{\"@id\":\"https:\\\/\\\/wp.kristdemokraterna.se\\\/varnamo\\\/#website\"},\"primaryImageOfPage\":{\"@id\":\"https:\\\/\\\/wp.kristdemokraterna.se\\\/varnamo\\\/2003\\\/02\\\/15\\\/kristdemokraterna-nast-storsta-borgerliga-parti\\\/#primaryimage\"},\"image\":{\"@id\":\"https:\\\/\\\/wp.kristdemokraterna.se\\\/varnamo\\\/2003\\\/02\\\/15\\\/kristdemokraterna-nast-storsta-borgerliga-parti\\\/#primaryimage\"},\"thumbnailUrl\":\"https:\\\/\\\/wp.kristdemokraterna.se\\\/varnamo\\\/files\\\/2022\\\/08\\\/kd-logo-blue.png\",\"datePublished\":\"2003-02-15T20:37:00+00:00\",\"dateModified\":\"2015-07-15T11:07:43+00:00\",\"breadcrumb\":{\"@id\":\"https:\\\/\\\/wp.kristdemokraterna.se\\\/varnamo\\\/2003\\\/02\\\/15\\\/kristdemokraterna-nast-storsta-borgerliga-parti\\\/#breadcrumb\"},\"inLanguage\":\"sv-SE\",\"potentialAction\":[{\"@type\":\"ReadAction\",\"target\":[\"https:\\\/\\\/wp.kristdemokraterna.se\\\/varnamo\\\/2003\\\/02\\\/15\\\/kristdemokraterna-nast-storsta-borgerliga-parti\\\/\"]}]},{\"@type\":\"ImageObject\",\"inLanguage\":\"sv-SE\",\"@id\":\"https:\\\/\\\/wp.kristdemokraterna.se\\\/varnamo\\\/2003\\\/02\\\/15\\\/kristdemokraterna-nast-storsta-borgerliga-parti\\\/#primaryimage\",\"url\":\"https:\\\/\\\/wp.kristdemokraterna.se\\\/varnamo\\\/files\\\/2022\\\/08\\\/kd-logo-blue.png\",\"contentUrl\":\"https:\\\/\\\/wp.kristdemokraterna.se\\\/varnamo\\\/files\\\/2022\\\/08\\\/kd-logo-blue.png\",\"width\":2000,\"height\":2000,\"caption\":\"Kristdemokraternas logotyp\"},{\"@type\":\"BreadcrumbList\",\"@id\":\"https:\\\/\\\/wp.kristdemokraterna.se\\\/varnamo\\\/2003\\\/02\\\/15\\\/kristdemokraterna-nast-storsta-borgerliga-parti\\\/#breadcrumb\",\"itemListElement\":[{\"@type\":\"ListItem\",\"position\":1,\"name\":\"Hem\",\"item\":\"https:\\\/\\\/wp.kristdemokraterna.se\\\/varnamo\\\/\"},{\"@type\":\"ListItem\",\"position\":2,\"name\":\"Kristdemokraterna \u2013 n\u00e4st st\u00f6rsta borgerliga parti\"}]},{\"@type\":\"WebSite\",\"@id\":\"https:\\\/\\\/wp.kristdemokraterna.se\\\/varnamo\\\/#website\",\"url\":\"https:\\\/\\\/wp.kristdemokraterna.se\\\/varnamo\\\/\",\"name\":\"KRISTDEMOKRATERNA V\u00c4RNAMO\",\"description\":\"Med hj\u00e4rta f\u00f6r V\u00e4rnamo\",\"publisher\":{\"@id\":\"https:\\\/\\\/wp.kristdemokraterna.se\\\/varnamo\\\/#organization\"},\"inLanguage\":\"sv-SE\"},{\"@type\":\"Organization\",\"@id\":\"https:\\\/\\\/wp.kristdemokraterna.se\\\/varnamo\\\/#organization\",\"name\":\"Kristdemokraterna V\u00e4rnamo\",\"url\":\"https:\\\/\\\/wp.kristdemokraterna.se\\\/varnamo\\\/\",\"logo\":{\"@type\":\"ImageObject\",\"inLanguage\":\"sv-SE\",\"@id\":\"https:\\\/\\\/wp.kristdemokraterna.se\\\/varnamo\\\/#\\\/schema\\\/logo\\\/image\\\/\",\"url\":\"https:\\\/\\\/wp.kristdemokraterna.se\\\/varnamo\\\/files\\\/2022\\\/08\\\/va\u2560ernamo-sida-bla-300dpi.png\",\"contentUrl\":\"https:\\\/\\\/wp.kristdemokraterna.se\\\/varnamo\\\/files\\\/2022\\\/08\\\/va\u2560ernamo-sida-bla-300dpi.png\",\"width\":1485,\"height\":681,\"caption\":\"Kristdemokraterna V\u00e4rnamo\"},\"image\":{\"@id\":\"https:\\\/\\\/wp.kristdemokraterna.se\\\/varnamo\\\/#\\\/schema\\\/logo\\\/image\\\/\"},\"sameAs\":[\"https:\\\/\\\/www.facebook.com\\\/KDVarnamo\\\/\",\"https:\\\/\\\/x.com\\\/KDVarnamo\",\"https:\\\/\\\/www.instagram.com\\\/\",\"https:\\\/\\\/www.youtube.com\\\/user\\\/studiokd\\\/videos\"]},{\"@type\":\"Person\",\"@id\":\"https:\\\/\\\/wp.kristdemokraterna.se\\\/varnamo\\\/#\\\/schema\\\/person\\\/4e339ab04d613699e4dfe80a994e01d4\",\"name\":\"Kristdemokraterna V\u00e4rnamo\",\"image\":{\"@type\":\"ImageObject\",\"inLanguage\":\"sv-SE\",\"@id\":\"https:\\\/\\\/secure.gravatar.com\\\/avatar\\\/c122e48c7723992af51eb155eeaa93db3c1fa324e3fc6ec45dd712c812809b5b?s=96&r=g\",\"url\":\"https:\\\/\\\/secure.gravatar.com\\\/avatar\\\/c122e48c7723992af51eb155eeaa93db3c1fa324e3fc6ec45dd712c812809b5b?s=96&r=g\",\"contentUrl\":\"https:\\\/\\\/secure.gravatar.com\\\/avatar\\\/c122e48c7723992af51eb155eeaa93db3c1fa324e3fc6ec45dd712c812809b5b?s=96&r=g\",\"caption\":\"Kristdemokraterna V\u00e4rnamo\"},\"description\":\"Familjens r\u00f6st\",\"sameAs\":[\"http:\\\/\\\/www.varnamo.kristdemokraterna.se\"],\"url\":\"https:\\\/\\\/wp.kristdemokraterna.se\\\/varnamo\\\/author\\\/varnamo\\\/\"}]}<\/script>\n<!-- \/ Yoast SEO plugin. -->","yoast_head_json":{"title":"Kristdemokraterna \u2013 n\u00e4st st\u00f6rsta borgerliga parti - KRISTDEMOKRATERNA V\u00c4RNAMO","robots":{"index":"index","follow":"follow","max-snippet":"max-snippet:-1","max-image-preview":"max-image-preview:large","max-video-preview":"max-video-preview:-1"},"canonical":"https:\/\/wp.kristdemokraterna.se\/varnamo\/2003\/02\/15\/kristdemokraterna-nast-storsta-borgerliga-parti\/","og_locale":"sv_SE","og_type":"article","og_title":"Kristdemokraterna \u2013 n\u00e4st st\u00f6rsta borgerliga parti - KRISTDEMOKRATERNA V\u00c4RNAMO","og_description":"F\u00f6r att \u00e5teruppr\u00e4tta demokratin beh\u00f6vs regeringsskifte, d\u00e4r maktfullkomlighet skjuts \u00e5t sidan f\u00f6r\u00a0att levandeg\u00f6ra en demokrati d\u00e4r m\u00e5nga r\u00f6ster f\u00e5r komma till tals, sade riksdagsledamot Maria Larsson (kd) fr\u00e5n Gnosj\u00f6 p\u00e5 fredagkv\u00e4llen. Vid sitt \u00e5rsm\u00f6te kunde Kristdemokraterna V\u00e4rnamo \u00e4ven konstatera att man numera \u00e4r n\u00e4st st\u00f6rsta borgerliga parti och att en kristdemokrat f\u00f6r f\u00f6rsta g\u00e5ngen har Read More","og_url":"https:\/\/wp.kristdemokraterna.se\/varnamo\/2003\/02\/15\/kristdemokraterna-nast-storsta-borgerliga-parti\/","og_site_name":"KRISTDEMOKRATERNA V\u00c4RNAMO","article_publisher":"https:\/\/www.facebook.com\/KDVarnamo\/","article_published_time":"2003-02-15T20:37:00+00:00","article_modified_time":"2015-07-15T11:07:43+00:00","og_image":[{"url":"http:\/\/wp.kristdemokraterna.se\/varnamo\/files\/2010\/08\/maria_larsson.jpg","type":"","width":"","height":""}],"author":"Kristdemokraterna V\u00e4rnamo","twitter_card":"summary_large_image","twitter_creator":"@KDVarnamo","twitter_site":"@KDVarnamo","twitter_misc":{"Skriven av":"Kristdemokraterna V\u00e4rnamo","Ber\u00e4knad l\u00e4stid":"15 minuter"},"schema":{"@context":"https:\/\/schema.org","@graph":[{"@type":"Article","@id":"https:\/\/wp.kristdemokraterna.se\/varnamo\/2003\/02\/15\/kristdemokraterna-nast-storsta-borgerliga-parti\/#article","isPartOf":{"@id":"https:\/\/wp.kristdemokraterna.se\/varnamo\/2003\/02\/15\/kristdemokraterna-nast-storsta-borgerliga-parti\/"},"author":{"name":"Kristdemokraterna V\u00e4rnamo","@id":"https:\/\/wp.kristdemokraterna.se\/varnamo\/#\/schema\/person\/4e339ab04d613699e4dfe80a994e01d4"},"headline":"Kristdemokraterna \u2013 n\u00e4st st\u00f6rsta borgerliga parti","datePublished":"2003-02-15T20:37:00+00:00","dateModified":"2015-07-15T11:07:43+00:00","mainEntityOfPage":{"@id":"https:\/\/wp.kristdemokraterna.se\/varnamo\/2003\/02\/15\/kristdemokraterna-nast-storsta-borgerliga-parti\/"},"wordCount":2965,"publisher":{"@id":"https:\/\/wp.kristdemokraterna.se\/varnamo\/#organization"},"image":{"@id":"https:\/\/wp.kristdemokraterna.se\/varnamo\/2003\/02\/15\/kristdemokraterna-nast-storsta-borgerliga-parti\/#primaryimage"},"thumbnailUrl":"https:\/\/wp.kristdemokraterna.se\/varnamo\/files\/2022\/08\/kd-logo-blue.png","keywords":["adventsauktion","\u00c5ke Bengtsson","Alf Svensson","Anders Wijkman","Anita M\u00e5rtensson","Ann-Britt Englund","Ann-Kristin Lindberg","Annbritt Deiver","Arnold Carlzon","Bengt Sandolf","Berit H\u00f6glund","Bor","Bredaryd","Christer Fjordevik","delaktighet","demokrati","Donald Crona","Egon Rubensson","Europaparlamentet","Forsheda","fr\u00e5ga","fullm\u00e4ktigegrupp","G\u00f6ran H\u00e4gglund","Gunnar Crona","Gunnel Crona","Gunnel Youngstr\u00f6m","Gunwor Swerlander","H\u00e5kan Johansson","Ibrahim Candemir","inflytande","Ingeborg Lindgren","interpellation","Karin Rylander","Kent Sundell","Kerstin Sneath","kommunalr\u00e5d","l\u00e4rare","Lars-\u00c5ke Egerbo","Leif B\u00e4ckrud","Leif Westman","Lena Freij","Lennart Swerlander","Lisbeth Rydefj\u00e4rd","Lise-Lotte Jonasson","Margareta Lindahl","Maria Larsson","Mats Odell","Mia Frisk","motion","omsorg","partiledarbes\u00f6k","partilokal","partisekreterare","Per-\u00c5ke Eriksson","Per-Gunnar Dahlgren","Peter Johnsson","Ragnwi Marcelind","riksdagsledamot","riksting","Rodhe Lindahl","Rydaholm","Samuel Sunesson","sjukskrivning","sjukv\u00e5rd","Stefan Thors\u00e9n","Stig Claesson","Stig Nyman","Sven-Gunnar Persson","ungdomar","valr\u00f6relse","verksamhetsber\u00e4ttelse","Xhilda Bushati"],"articleSection":["\u00c5rsm\u00f6te"],"inLanguage":"sv-SE"},{"@type":"WebPage","@id":"https:\/\/wp.kristdemokraterna.se\/varnamo\/2003\/02\/15\/kristdemokraterna-nast-storsta-borgerliga-parti\/","url":"https:\/\/wp.kristdemokraterna.se\/varnamo\/2003\/02\/15\/kristdemokraterna-nast-storsta-borgerliga-parti\/","name":"Kristdemokraterna \u2013 n\u00e4st st\u00f6rsta borgerliga parti - KRISTDEMOKRATERNA V\u00c4RNAMO","isPartOf":{"@id":"https:\/\/wp.kristdemokraterna.se\/varnamo\/#website"},"primaryImageOfPage":{"@id":"https:\/\/wp.kristdemokraterna.se\/varnamo\/2003\/02\/15\/kristdemokraterna-nast-storsta-borgerliga-parti\/#primaryimage"},"image":{"@id":"https:\/\/wp.kristdemokraterna.se\/varnamo\/2003\/02\/15\/kristdemokraterna-nast-storsta-borgerliga-parti\/#primaryimage"},"thumbnailUrl":"https:\/\/wp.kristdemokraterna.se\/varnamo\/files\/2022\/08\/kd-logo-blue.png","datePublished":"2003-02-15T20:37:00+00:00","dateModified":"2015-07-15T11:07:43+00:00","breadcrumb":{"@id":"https:\/\/wp.kristdemokraterna.se\/varnamo\/2003\/02\/15\/kristdemokraterna-nast-storsta-borgerliga-parti\/#breadcrumb"},"inLanguage":"sv-SE","potentialAction":[{"@type":"ReadAction","target":["https:\/\/wp.kristdemokraterna.se\/varnamo\/2003\/02\/15\/kristdemokraterna-nast-storsta-borgerliga-parti\/"]}]},{"@type":"ImageObject","inLanguage":"sv-SE","@id":"https:\/\/wp.kristdemokraterna.se\/varnamo\/2003\/02\/15\/kristdemokraterna-nast-storsta-borgerliga-parti\/#primaryimage","url":"https:\/\/wp.kristdemokraterna.se\/varnamo\/files\/2022\/08\/kd-logo-blue.png","contentUrl":"https:\/\/wp.kristdemokraterna.se\/varnamo\/files\/2022\/08\/kd-logo-blue.png","width":2000,"height":2000,"caption":"Kristdemokraternas logotyp"},{"@type":"BreadcrumbList","@id":"https:\/\/wp.kristdemokraterna.se\/varnamo\/2003\/02\/15\/kristdemokraterna-nast-storsta-borgerliga-parti\/#breadcrumb","itemListElement":[{"@type":"ListItem","position":1,"name":"Hem","item":"https:\/\/wp.kristdemokraterna.se\/varnamo\/"},{"@type":"ListItem","position":2,"name":"Kristdemokraterna \u2013 n\u00e4st st\u00f6rsta borgerliga parti"}]},{"@type":"WebSite","@id":"https:\/\/wp.kristdemokraterna.se\/varnamo\/#website","url":"https:\/\/wp.kristdemokraterna.se\/varnamo\/","name":"KRISTDEMOKRATERNA V\u00c4RNAMO","description":"Med hj\u00e4rta f\u00f6r V\u00e4rnamo","publisher":{"@id":"https:\/\/wp.kristdemokraterna.se\/varnamo\/#organization"},"inLanguage":"sv-SE"},{"@type":"Organization","@id":"https:\/\/wp.kristdemokraterna.se\/varnamo\/#organization","name":"Kristdemokraterna V\u00e4rnamo","url":"https:\/\/wp.kristdemokraterna.se\/varnamo\/","logo":{"@type":"ImageObject","inLanguage":"sv-SE","@id":"https:\/\/wp.kristdemokraterna.se\/varnamo\/#\/schema\/logo\/image\/","url":"https:\/\/wp.kristdemokraterna.se\/varnamo\/files\/2022\/08\/va\u2560ernamo-sida-bla-300dpi.png","contentUrl":"https:\/\/wp.kristdemokraterna.se\/varnamo\/files\/2022\/08\/va\u2560ernamo-sida-bla-300dpi.png","width":1485,"height":681,"caption":"Kristdemokraterna V\u00e4rnamo"},"image":{"@id":"https:\/\/wp.kristdemokraterna.se\/varnamo\/#\/schema\/logo\/image\/"},"sameAs":["https:\/\/www.facebook.com\/KDVarnamo\/","https:\/\/x.com\/KDVarnamo","https:\/\/www.instagram.com\/","https:\/\/www.youtube.com\/user\/studiokd\/videos"]},{"@type":"Person","@id":"https:\/\/wp.kristdemokraterna.se\/varnamo\/#\/schema\/person\/4e339ab04d613699e4dfe80a994e01d4","name":"Kristdemokraterna V\u00e4rnamo","image":{"@type":"ImageObject","inLanguage":"sv-SE","@id":"https:\/\/secure.gravatar.com\/avatar\/c122e48c7723992af51eb155eeaa93db3c1fa324e3fc6ec45dd712c812809b5b?s=96&r=g","url":"https:\/\/secure.gravatar.com\/avatar\/c122e48c7723992af51eb155eeaa93db3c1fa324e3fc6ec45dd712c812809b5b?s=96&r=g","contentUrl":"https:\/\/secure.gravatar.com\/avatar\/c122e48c7723992af51eb155eeaa93db3c1fa324e3fc6ec45dd712c812809b5b?s=96&r=g","caption":"Kristdemokraterna V\u00e4rnamo"},"description":"Familjens r\u00f6st","sameAs":["http:\/\/www.varnamo.kristdemokraterna.se"],"url":"https:\/\/wp.kristdemokraterna.se\/varnamo\/author\/varnamo\/"}]}},"_links":{"self":[{"href":"https:\/\/wp.kristdemokraterna.se\/varnamo\/wp-json\/wp\/v2\/posts\/1920","targetHints":{"allow":["GET"]}}],"collection":[{"href":"https:\/\/wp.kristdemokraterna.se\/varnamo\/wp-json\/wp\/v2\/posts"}],"about":[{"href":"https:\/\/wp.kristdemokraterna.se\/varnamo\/wp-json\/wp\/v2\/types\/post"}],"author":[{"embeddable":true,"href":"https:\/\/wp.kristdemokraterna.se\/varnamo\/wp-json\/wp\/v2\/users\/412"}],"replies":[{"embeddable":true,"href":"https:\/\/wp.kristdemokraterna.se\/varnamo\/wp-json\/wp\/v2\/comments?post=1920"}],"version-history":[{"count":14,"href":"https:\/\/wp.kristdemokraterna.se\/varnamo\/wp-json\/wp\/v2\/posts\/1920\/revisions"}],"predecessor-version":[{"id":6961,"href":"https:\/\/wp.kristdemokraterna.se\/varnamo\/wp-json\/wp\/v2\/posts\/1920\/revisions\/6961"}],"wp:featuredmedia":[{"embeddable":true,"href":"https:\/\/wp.kristdemokraterna.se\/varnamo\/wp-json\/wp\/v2\/media\/9638"}],"wp:attachment":[{"href":"https:\/\/wp.kristdemokraterna.se\/varnamo\/wp-json\/wp\/v2\/media?parent=1920"}],"wp:term":[{"taxonomy":"category","embeddable":true,"href":"https:\/\/wp.kristdemokraterna.se\/varnamo\/wp-json\/wp\/v2\/categories?post=1920"},{"taxonomy":"post_tag","embeddable":true,"href":"https:\/\/wp.kristdemokraterna.se\/varnamo\/wp-json\/wp\/v2\/tags?post=1920"}],"curies":[{"name":"wp","href":"https:\/\/api.w.org\/{rel}","templated":true}]}}