{"id":1921,"date":"2003-09-10T21:37:00","date_gmt":"2003-09-10T19:37:00","guid":{"rendered":"http:\/\/localhost:4901\/?p=1921"},"modified":"2015-07-12T19:35:48","modified_gmt":"2015-07-12T17:35:48","slug":"kampanjgeneralen-i-varnamo","status":"publish","type":"post","link":"https:\/\/wp.kristdemokraterna.se\/varnamo\/2003\/09\/10\/kampanjgeneralen-i-varnamo\/","title":{"rendered":"Kampanjgeneralen i V\u00e4rnamo"},"content":{"rendered":"<div style=\"width: 263px\" class=\"wp-caption alignnone\"><a href=\"http:\/\/wp.kristdemokraterna.se\/varnamo\/files\/2010\/08\/goran_hagglund.jpg\"><img loading=\"lazy\" decoding=\"async\" title=\"goran_hagglund1\" src=\"http:\/\/wp.kristdemokraterna.se\/varnamo\/files\/2010\/08\/goran_hagglund.jpg\" alt=\"G\u00f6ran H\u00e4gglund, Kristdemokraternas 2:e vice ordf\u00f6rande\" width=\"253\" height=\"250\" \/><\/a><p class=\"wp-caption-text\">G\u00f6ran H\u00e4gglund, Kristdemokraternas 2:e vice ordf\u00f6rande<\/p><\/div>\n<p>Valkampanjen inf\u00f6r folkomr\u00f6stningen om euron nu p\u00e5 s\u00f6ndag\u00a0den 14 september g\u00e5r in p\u00e5 sitt upplopp. I V\u00e4rnamo har Ja-partierna\u00a0(Kristdemokraterna, Moderaterna, Folkpartiet liberalerna och Socialdemokraterna)\u00a0valt att driva kampanjarbetet tillsammans. Sedan den 18 augusti st\u00e5r\u00a0valstugan uppst\u00e4lld p\u00e5 Flanaden och bemannas varje eftermiddag\u00a0av n\u00e5gon fr\u00e5n varje parti. N\u00e4stan varje dag kommer det \u00e4ven\u00a0en grupp fr\u00e5n Ja till euron-kampanjen, som administreras av Stiftelsen\u00a0Sverige i Europa \u0096 den gemensamma kampanjorganisationen f\u00f6r ett\u00a0Ja i folkomr\u00f6stningen.<\/p>\n<p><!--more-->Den lokala kampanjen har varit intensiv. Bland annat utmanade Ja-sidans Torbj\u00f6rn\u00a0Egerhag (c), Sveriges meste och b\u00e4ste tillv\u00e4xtpolitiker, Nej-sidans\u00a0Carl-Henrik Leijonhjelm (mp) p\u00e5 en debatt i l\u00f6rdags (den 6 september).\u00a0Ytterligare ett antal debatter har h\u00e5llits p\u00e5 s\u00e5v\u00e4l\u00a0skolor som i andra lokaler.<\/p>\n<p>Dagens bes\u00f6k av Kristdemokraternas kampanjgeneral, 2:e vice ordf\u00f6rande\u00a0G\u00f6ran H\u00e4gglund var Kristdemokraternas speciella bidrag till den\u00a0gemensamma kampanjen. G\u00f6ran bes\u00f6kte Ja-stugan p\u00e5 Flanaden\u00a0f\u00f6r att presentera Kristdemokraternas vision om ett enat och starkt Europa,\u00a0d\u00e4r den gemensamma valutan euro \u00e4r en b\u00e4rande del.<\/p>\n<p>G\u00f6ran H\u00e4gglund \u00e4r placeringsr\u00e5dgivare och bosatt i Bankeryd. Han har varit ledamot i Kristdemokraternas partistyrelse under m\u00e5nga \u00e5r och vid \u00e5rets riksting valdes han till partiets 2:e vice ordf\u00f6rande. Som kampanjgeneral \u00e4r han ansvarig f\u00f6r Kristdemokraternas kampanjarbete f\u00f6r ett tydligt Ja i folkomr\u00f6stningen om euron den 14 september.<\/p>\n<p>I Riksdagen har han suttit sedan 1991. D\u00e4r var han gruppledare f\u00f6r Kristdemokraterna fram tills f\u00f6rra valet. I G\u00f6ran H\u00e4gglunds arbetsschema ing\u00e5r att vara Ordf\u00f6rande i bostadsutskottet, Ledamot i valberedningen, Suppleant i riksbanksfullm\u00e4ktige och ledamot i f\u00f6rtroender\u00e5det.<\/p>\n<p>I sitt <a title=\"Vad det egentligen handlar om\" href=\"http:\/\/wp.kristdemokraterna.se\/varnamo\/2003\/09\/10\/vad-det-egentligen-handlar-om\/\">tal<\/a> framh\u00f6ll\u00a0G\u00f6ran H\u00e4gglund att <q title=\"G\u00f6ran H\u00e4gglund\">Sveriges\u00a0v\u00e4lst\u00e5nd och v\u00e4lf\u00e4rd \u00e4r byggd p\u00e5 rika naturresurser,\u00a0uppfinningsrikedom och idogt arbete. Men ocks\u00e5 p\u00e5 \u00f6ppenhet,<br \/>\nsamarbete och handel.<\/q> Han betonade att eurov\u00e4gen \u00e4r den naturliga\u00a0forts\u00e4ttningen p\u00e5 den v\u00e4g som hittills har lett till utveckling\u00a0och v\u00e4lf\u00e4rd f\u00f6r Sverige.<\/p>\n","protected":false},"excerpt":{"rendered":"<p>Valkampanjen inf\u00f6r folkomr\u00f6stningen om euron nu p\u00e5 s\u00f6ndag\u00a0den 14 september g\u00e5r in p\u00e5 sitt upplopp. I V\u00e4rnamo har Ja-partierna\u00a0(Kristdemokraterna, Moderaterna, Folkpartiet liberalerna och Socialdemokraterna)\u00a0valt att driva kampanjarbetet tillsammans. Sedan den 18 augusti st\u00e5r\u00a0valstugan uppst\u00e4lld p\u00e5 Flanaden och bemannas varje eftermiddag\u00a0av n\u00e5gon fr\u00e5n varje parti. N\u00e4stan varje dag kommer det \u00e4ven\u00a0en grupp fr\u00e5n Ja till euron-kampanjen, <a class=\"read-more-link\" href=\"https:\/\/wp.kristdemokraterna.se\/varnamo\/2003\/09\/10\/kampanjgeneralen-i-varnamo\/\">Read More<\/a><\/p>\n","protected":false},"author":412,"featured_media":9638,"comment_status":"closed","ping_status":"closed","sticky":false,"template":"","format":"standard","meta":{"_acf_changed":false,"footnotes":""},"categories":[11],"tags":[218,223,117,286,211,280,209,247,62,221],"class_list":["post-1921","post","type-post","status-publish","format-standard","hentry","category-nyheter","tag-euro","tag-folkomrostning","tag-goran-hagglund","tag-handel","tag-medborgarnas-europa","tag-samarbete","tag-utveckling","tag-valfard","tag-valrorelse","tag-valstand"],"acf":[],"yoast_head":"<!-- This site is optimized with the Yoast SEO plugin v27.4 - https:\/\/yoast.com\/product\/yoast-seo-wordpress\/ -->\n<title>Kampanjgeneralen i V\u00e4rnamo - KRISTDEMOKRATERNA V\u00c4RNAMO<\/title>\n<meta name=\"robots\" content=\"index, follow, max-snippet:-1, max-image-preview:large, max-video-preview:-1\" \/>\n<link rel=\"canonical\" href=\"https:\/\/wp.kristdemokraterna.se\/varnamo\/2003\/09\/10\/kampanjgeneralen-i-varnamo\/\" \/>\n<meta property=\"og:locale\" content=\"sv_SE\" \/>\n<meta property=\"og:type\" content=\"article\" \/>\n<meta property=\"og:title\" content=\"Kampanjgeneralen i V\u00e4rnamo - KRISTDEMOKRATERNA V\u00c4RNAMO\" \/>\n<meta property=\"og:description\" content=\"Valkampanjen inf\u00f6r folkomr\u00f6stningen om euron nu p\u00e5 s\u00f6ndag\u00a0den 14 september g\u00e5r in p\u00e5 sitt upplopp. I V\u00e4rnamo har Ja-partierna\u00a0(Kristdemokraterna, Moderaterna, Folkpartiet liberalerna och Socialdemokraterna)\u00a0valt att driva kampanjarbetet tillsammans. Sedan den 18 augusti st\u00e5r\u00a0valstugan uppst\u00e4lld p\u00e5 Flanaden och bemannas varje eftermiddag\u00a0av n\u00e5gon fr\u00e5n varje parti. N\u00e4stan varje dag kommer det \u00e4ven\u00a0en grupp fr\u00e5n Ja till euron-kampanjen, Read More\" \/>\n<meta property=\"og:url\" content=\"https:\/\/wp.kristdemokraterna.se\/varnamo\/2003\/09\/10\/kampanjgeneralen-i-varnamo\/\" \/>\n<meta property=\"og:site_name\" content=\"KRISTDEMOKRATERNA V\u00c4RNAMO\" \/>\n<meta property=\"article:publisher\" content=\"https:\/\/www.facebook.com\/KDVarnamo\/\" \/>\n<meta property=\"article:published_time\" content=\"2003-09-10T19:37:00+00:00\" \/>\n<meta property=\"article:modified_time\" content=\"2015-07-12T17:35:48+00:00\" \/>\n<meta property=\"og:image\" content=\"http:\/\/wp.kristdemokraterna.se\/varnamo\/files\/2010\/08\/goran_hagglund.jpg\" \/>\n<meta name=\"author\" content=\"Kristdemokraterna V\u00e4rnamo\" \/>\n<meta name=\"twitter:card\" content=\"summary_large_image\" \/>\n<meta name=\"twitter:creator\" content=\"@KDVarnamo\" \/>\n<meta name=\"twitter:site\" content=\"@KDVarnamo\" \/>\n<meta name=\"twitter:label1\" content=\"Skriven av\" \/>\n\t<meta name=\"twitter:data1\" content=\"Kristdemokraterna V\u00e4rnamo\" \/>\n\t<meta name=\"twitter:label2\" content=\"Ber\u00e4knad l\u00e4stid\" \/>\n\t<meta name=\"twitter:data2\" content=\"2 minuter\" \/>\n<script type=\"application\/ld+json\" class=\"yoast-schema-graph\">{\"@context\":\"https:\\\/\\\/schema.org\",\"@graph\":[{\"@type\":\"Article\",\"@id\":\"https:\\\/\\\/wp.kristdemokraterna.se\\\/varnamo\\\/2003\\\/09\\\/10\\\/kampanjgeneralen-i-varnamo\\\/#article\",\"isPartOf\":{\"@id\":\"https:\\\/\\\/wp.kristdemokraterna.se\\\/varnamo\\\/2003\\\/09\\\/10\\\/kampanjgeneralen-i-varnamo\\\/\"},\"author\":{\"name\":\"Kristdemokraterna V\u00e4rnamo\",\"@id\":\"https:\\\/\\\/wp.kristdemokraterna.se\\\/varnamo\\\/#\\\/schema\\\/person\\\/4e339ab04d613699e4dfe80a994e01d4\"},\"headline\":\"Kampanjgeneralen i V\u00e4rnamo\",\"datePublished\":\"2003-09-10T19:37:00+00:00\",\"dateModified\":\"2015-07-12T17:35:48+00:00\",\"mainEntityOfPage\":{\"@id\":\"https:\\\/\\\/wp.kristdemokraterna.se\\\/varnamo\\\/2003\\\/09\\\/10\\\/kampanjgeneralen-i-varnamo\\\/\"},\"wordCount\":369,\"publisher\":{\"@id\":\"https:\\\/\\\/wp.kristdemokraterna.se\\\/varnamo\\\/#organization\"},\"image\":{\"@id\":\"https:\\\/\\\/wp.kristdemokraterna.se\\\/varnamo\\\/2003\\\/09\\\/10\\\/kampanjgeneralen-i-varnamo\\\/#primaryimage\"},\"thumbnailUrl\":\"https:\\\/\\\/wp.kristdemokraterna.se\\\/varnamo\\\/files\\\/2022\\\/08\\\/kd-logo-blue.png\",\"keywords\":[\"euro\",\"folkomr\u00f6stning\",\"G\u00f6ran H\u00e4gglund\",\"handel\",\"medborgarnas Europa\",\"samarbete\",\"utveckling\",\"v\u00e4lf\u00e4rd\",\"valr\u00f6relse\",\"v\u00e4lst\u00e5nd\"],\"articleSection\":[\"Nyheter\"],\"inLanguage\":\"sv-SE\"},{\"@type\":\"WebPage\",\"@id\":\"https:\\\/\\\/wp.kristdemokraterna.se\\\/varnamo\\\/2003\\\/09\\\/10\\\/kampanjgeneralen-i-varnamo\\\/\",\"url\":\"https:\\\/\\\/wp.kristdemokraterna.se\\\/varnamo\\\/2003\\\/09\\\/10\\\/kampanjgeneralen-i-varnamo\\\/\",\"name\":\"Kampanjgeneralen i V\u00e4rnamo - KRISTDEMOKRATERNA V\u00c4RNAMO\",\"isPartOf\":{\"@id\":\"https:\\\/\\\/wp.kristdemokraterna.se\\\/varnamo\\\/#website\"},\"primaryImageOfPage\":{\"@id\":\"https:\\\/\\\/wp.kristdemokraterna.se\\\/varnamo\\\/2003\\\/09\\\/10\\\/kampanjgeneralen-i-varnamo\\\/#primaryimage\"},\"image\":{\"@id\":\"https:\\\/\\\/wp.kristdemokraterna.se\\\/varnamo\\\/2003\\\/09\\\/10\\\/kampanjgeneralen-i-varnamo\\\/#primaryimage\"},\"thumbnailUrl\":\"https:\\\/\\\/wp.kristdemokraterna.se\\\/varnamo\\\/files\\\/2022\\\/08\\\/kd-logo-blue.png\",\"datePublished\":\"2003-09-10T19:37:00+00:00\",\"dateModified\":\"2015-07-12T17:35:48+00:00\",\"breadcrumb\":{\"@id\":\"https:\\\/\\\/wp.kristdemokraterna.se\\\/varnamo\\\/2003\\\/09\\\/10\\\/kampanjgeneralen-i-varnamo\\\/#breadcrumb\"},\"inLanguage\":\"sv-SE\",\"potentialAction\":[{\"@type\":\"ReadAction\",\"target\":[\"https:\\\/\\\/wp.kristdemokraterna.se\\\/varnamo\\\/2003\\\/09\\\/10\\\/kampanjgeneralen-i-varnamo\\\/\"]}]},{\"@type\":\"ImageObject\",\"inLanguage\":\"sv-SE\",\"@id\":\"https:\\\/\\\/wp.kristdemokraterna.se\\\/varnamo\\\/2003\\\/09\\\/10\\\/kampanjgeneralen-i-varnamo\\\/#primaryimage\",\"url\":\"https:\\\/\\\/wp.kristdemokraterna.se\\\/varnamo\\\/files\\\/2022\\\/08\\\/kd-logo-blue.png\",\"contentUrl\":\"https:\\\/\\\/wp.kristdemokraterna.se\\\/varnamo\\\/files\\\/2022\\\/08\\\/kd-logo-blue.png\",\"width\":2000,\"height\":2000,\"caption\":\"Kristdemokraternas logotyp\"},{\"@type\":\"BreadcrumbList\",\"@id\":\"https:\\\/\\\/wp.kristdemokraterna.se\\\/varnamo\\\/2003\\\/09\\\/10\\\/kampanjgeneralen-i-varnamo\\\/#breadcrumb\",\"itemListElement\":[{\"@type\":\"ListItem\",\"position\":1,\"name\":\"Hem\",\"item\":\"https:\\\/\\\/wp.kristdemokraterna.se\\\/varnamo\\\/\"},{\"@type\":\"ListItem\",\"position\":2,\"name\":\"Kampanjgeneralen i V\u00e4rnamo\"}]},{\"@type\":\"WebSite\",\"@id\":\"https:\\\/\\\/wp.kristdemokraterna.se\\\/varnamo\\\/#website\",\"url\":\"https:\\\/\\\/wp.kristdemokraterna.se\\\/varnamo\\\/\",\"name\":\"KRISTDEMOKRATERNA V\u00c4RNAMO\",\"description\":\"Med hj\u00e4rta f\u00f6r V\u00e4rnamo\",\"publisher\":{\"@id\":\"https:\\\/\\\/wp.kristdemokraterna.se\\\/varnamo\\\/#organization\"},\"inLanguage\":\"sv-SE\"},{\"@type\":\"Organization\",\"@id\":\"https:\\\/\\\/wp.kristdemokraterna.se\\\/varnamo\\\/#organization\",\"name\":\"Kristdemokraterna V\u00e4rnamo\",\"url\":\"https:\\\/\\\/wp.kristdemokraterna.se\\\/varnamo\\\/\",\"logo\":{\"@type\":\"ImageObject\",\"inLanguage\":\"sv-SE\",\"@id\":\"https:\\\/\\\/wp.kristdemokraterna.se\\\/varnamo\\\/#\\\/schema\\\/logo\\\/image\\\/\",\"url\":\"https:\\\/\\\/wp.kristdemokraterna.se\\\/varnamo\\\/files\\\/2022\\\/08\\\/va\u2560ernamo-sida-bla-300dpi.png\",\"contentUrl\":\"https:\\\/\\\/wp.kristdemokraterna.se\\\/varnamo\\\/files\\\/2022\\\/08\\\/va\u2560ernamo-sida-bla-300dpi.png\",\"width\":1485,\"height\":681,\"caption\":\"Kristdemokraterna V\u00e4rnamo\"},\"image\":{\"@id\":\"https:\\\/\\\/wp.kristdemokraterna.se\\\/varnamo\\\/#\\\/schema\\\/logo\\\/image\\\/\"},\"sameAs\":[\"https:\\\/\\\/www.facebook.com\\\/KDVarnamo\\\/\",\"https:\\\/\\\/x.com\\\/KDVarnamo\",\"https:\\\/\\\/www.instagram.com\\\/\",\"https:\\\/\\\/www.youtube.com\\\/user\\\/studiokd\\\/videos\"]},{\"@type\":\"Person\",\"@id\":\"https:\\\/\\\/wp.kristdemokraterna.se\\\/varnamo\\\/#\\\/schema\\\/person\\\/4e339ab04d613699e4dfe80a994e01d4\",\"name\":\"Kristdemokraterna V\u00e4rnamo\",\"image\":{\"@type\":\"ImageObject\",\"inLanguage\":\"sv-SE\",\"@id\":\"https:\\\/\\\/secure.gravatar.com\\\/avatar\\\/c122e48c7723992af51eb155eeaa93db3c1fa324e3fc6ec45dd712c812809b5b?s=96&r=g\",\"url\":\"https:\\\/\\\/secure.gravatar.com\\\/avatar\\\/c122e48c7723992af51eb155eeaa93db3c1fa324e3fc6ec45dd712c812809b5b?s=96&r=g\",\"contentUrl\":\"https:\\\/\\\/secure.gravatar.com\\\/avatar\\\/c122e48c7723992af51eb155eeaa93db3c1fa324e3fc6ec45dd712c812809b5b?s=96&r=g\",\"caption\":\"Kristdemokraterna V\u00e4rnamo\"},\"description\":\"Familjens r\u00f6st\",\"sameAs\":[\"http:\\\/\\\/www.varnamo.kristdemokraterna.se\"],\"url\":\"https:\\\/\\\/wp.kristdemokraterna.se\\\/varnamo\\\/author\\\/varnamo\\\/\"}]}<\/script>\n<!-- \/ Yoast SEO plugin. -->","yoast_head_json":{"title":"Kampanjgeneralen i V\u00e4rnamo - KRISTDEMOKRATERNA V\u00c4RNAMO","robots":{"index":"index","follow":"follow","max-snippet":"max-snippet:-1","max-image-preview":"max-image-preview:large","max-video-preview":"max-video-preview:-1"},"canonical":"https:\/\/wp.kristdemokraterna.se\/varnamo\/2003\/09\/10\/kampanjgeneralen-i-varnamo\/","og_locale":"sv_SE","og_type":"article","og_title":"Kampanjgeneralen i V\u00e4rnamo - KRISTDEMOKRATERNA V\u00c4RNAMO","og_description":"Valkampanjen inf\u00f6r folkomr\u00f6stningen om euron nu p\u00e5 s\u00f6ndag\u00a0den 14 september g\u00e5r in p\u00e5 sitt upplopp. I V\u00e4rnamo har Ja-partierna\u00a0(Kristdemokraterna, Moderaterna, Folkpartiet liberalerna och Socialdemokraterna)\u00a0valt att driva kampanjarbetet tillsammans. Sedan den 18 augusti st\u00e5r\u00a0valstugan uppst\u00e4lld p\u00e5 Flanaden och bemannas varje eftermiddag\u00a0av n\u00e5gon fr\u00e5n varje parti. N\u00e4stan varje dag kommer det \u00e4ven\u00a0en grupp fr\u00e5n Ja till euron-kampanjen, Read More","og_url":"https:\/\/wp.kristdemokraterna.se\/varnamo\/2003\/09\/10\/kampanjgeneralen-i-varnamo\/","og_site_name":"KRISTDEMOKRATERNA V\u00c4RNAMO","article_publisher":"https:\/\/www.facebook.com\/KDVarnamo\/","article_published_time":"2003-09-10T19:37:00+00:00","article_modified_time":"2015-07-12T17:35:48+00:00","og_image":[{"url":"http:\/\/wp.kristdemokraterna.se\/varnamo\/files\/2010\/08\/goran_hagglund.jpg","type":"","width":"","height":""}],"author":"Kristdemokraterna V\u00e4rnamo","twitter_card":"summary_large_image","twitter_creator":"@KDVarnamo","twitter_site":"@KDVarnamo","twitter_misc":{"Skriven av":"Kristdemokraterna V\u00e4rnamo","Ber\u00e4knad l\u00e4stid":"2 minuter"},"schema":{"@context":"https:\/\/schema.org","@graph":[{"@type":"Article","@id":"https:\/\/wp.kristdemokraterna.se\/varnamo\/2003\/09\/10\/kampanjgeneralen-i-varnamo\/#article","isPartOf":{"@id":"https:\/\/wp.kristdemokraterna.se\/varnamo\/2003\/09\/10\/kampanjgeneralen-i-varnamo\/"},"author":{"name":"Kristdemokraterna V\u00e4rnamo","@id":"https:\/\/wp.kristdemokraterna.se\/varnamo\/#\/schema\/person\/4e339ab04d613699e4dfe80a994e01d4"},"headline":"Kampanjgeneralen i V\u00e4rnamo","datePublished":"2003-09-10T19:37:00+00:00","dateModified":"2015-07-12T17:35:48+00:00","mainEntityOfPage":{"@id":"https:\/\/wp.kristdemokraterna.se\/varnamo\/2003\/09\/10\/kampanjgeneralen-i-varnamo\/"},"wordCount":369,"publisher":{"@id":"https:\/\/wp.kristdemokraterna.se\/varnamo\/#organization"},"image":{"@id":"https:\/\/wp.kristdemokraterna.se\/varnamo\/2003\/09\/10\/kampanjgeneralen-i-varnamo\/#primaryimage"},"thumbnailUrl":"https:\/\/wp.kristdemokraterna.se\/varnamo\/files\/2022\/08\/kd-logo-blue.png","keywords":["euro","folkomr\u00f6stning","G\u00f6ran H\u00e4gglund","handel","medborgarnas Europa","samarbete","utveckling","v\u00e4lf\u00e4rd","valr\u00f6relse","v\u00e4lst\u00e5nd"],"articleSection":["Nyheter"],"inLanguage":"sv-SE"},{"@type":"WebPage","@id":"https:\/\/wp.kristdemokraterna.se\/varnamo\/2003\/09\/10\/kampanjgeneralen-i-varnamo\/","url":"https:\/\/wp.kristdemokraterna.se\/varnamo\/2003\/09\/10\/kampanjgeneralen-i-varnamo\/","name":"Kampanjgeneralen i V\u00e4rnamo - KRISTDEMOKRATERNA V\u00c4RNAMO","isPartOf":{"@id":"https:\/\/wp.kristdemokraterna.se\/varnamo\/#website"},"primaryImageOfPage":{"@id":"https:\/\/wp.kristdemokraterna.se\/varnamo\/2003\/09\/10\/kampanjgeneralen-i-varnamo\/#primaryimage"},"image":{"@id":"https:\/\/wp.kristdemokraterna.se\/varnamo\/2003\/09\/10\/kampanjgeneralen-i-varnamo\/#primaryimage"},"thumbnailUrl":"https:\/\/wp.kristdemokraterna.se\/varnamo\/files\/2022\/08\/kd-logo-blue.png","datePublished":"2003-09-10T19:37:00+00:00","dateModified":"2015-07-12T17:35:48+00:00","breadcrumb":{"@id":"https:\/\/wp.kristdemokraterna.se\/varnamo\/2003\/09\/10\/kampanjgeneralen-i-varnamo\/#breadcrumb"},"inLanguage":"sv-SE","potentialAction":[{"@type":"ReadAction","target":["https:\/\/wp.kristdemokraterna.se\/varnamo\/2003\/09\/10\/kampanjgeneralen-i-varnamo\/"]}]},{"@type":"ImageObject","inLanguage":"sv-SE","@id":"https:\/\/wp.kristdemokraterna.se\/varnamo\/2003\/09\/10\/kampanjgeneralen-i-varnamo\/#primaryimage","url":"https:\/\/wp.kristdemokraterna.se\/varnamo\/files\/2022\/08\/kd-logo-blue.png","contentUrl":"https:\/\/wp.kristdemokraterna.se\/varnamo\/files\/2022\/08\/kd-logo-blue.png","width":2000,"height":2000,"caption":"Kristdemokraternas logotyp"},{"@type":"BreadcrumbList","@id":"https:\/\/wp.kristdemokraterna.se\/varnamo\/2003\/09\/10\/kampanjgeneralen-i-varnamo\/#breadcrumb","itemListElement":[{"@type":"ListItem","position":1,"name":"Hem","item":"https:\/\/wp.kristdemokraterna.se\/varnamo\/"},{"@type":"ListItem","position":2,"name":"Kampanjgeneralen i V\u00e4rnamo"}]},{"@type":"WebSite","@id":"https:\/\/wp.kristdemokraterna.se\/varnamo\/#website","url":"https:\/\/wp.kristdemokraterna.se\/varnamo\/","name":"KRISTDEMOKRATERNA V\u00c4RNAMO","description":"Med hj\u00e4rta f\u00f6r V\u00e4rnamo","publisher":{"@id":"https:\/\/wp.kristdemokraterna.se\/varnamo\/#organization"},"inLanguage":"sv-SE"},{"@type":"Organization","@id":"https:\/\/wp.kristdemokraterna.se\/varnamo\/#organization","name":"Kristdemokraterna V\u00e4rnamo","url":"https:\/\/wp.kristdemokraterna.se\/varnamo\/","logo":{"@type":"ImageObject","inLanguage":"sv-SE","@id":"https:\/\/wp.kristdemokraterna.se\/varnamo\/#\/schema\/logo\/image\/","url":"https:\/\/wp.kristdemokraterna.se\/varnamo\/files\/2022\/08\/va\u2560ernamo-sida-bla-300dpi.png","contentUrl":"https:\/\/wp.kristdemokraterna.se\/varnamo\/files\/2022\/08\/va\u2560ernamo-sida-bla-300dpi.png","width":1485,"height":681,"caption":"Kristdemokraterna V\u00e4rnamo"},"image":{"@id":"https:\/\/wp.kristdemokraterna.se\/varnamo\/#\/schema\/logo\/image\/"},"sameAs":["https:\/\/www.facebook.com\/KDVarnamo\/","https:\/\/x.com\/KDVarnamo","https:\/\/www.instagram.com\/","https:\/\/www.youtube.com\/user\/studiokd\/videos"]},{"@type":"Person","@id":"https:\/\/wp.kristdemokraterna.se\/varnamo\/#\/schema\/person\/4e339ab04d613699e4dfe80a994e01d4","name":"Kristdemokraterna V\u00e4rnamo","image":{"@type":"ImageObject","inLanguage":"sv-SE","@id":"https:\/\/secure.gravatar.com\/avatar\/c122e48c7723992af51eb155eeaa93db3c1fa324e3fc6ec45dd712c812809b5b?s=96&r=g","url":"https:\/\/secure.gravatar.com\/avatar\/c122e48c7723992af51eb155eeaa93db3c1fa324e3fc6ec45dd712c812809b5b?s=96&r=g","contentUrl":"https:\/\/secure.gravatar.com\/avatar\/c122e48c7723992af51eb155eeaa93db3c1fa324e3fc6ec45dd712c812809b5b?s=96&r=g","caption":"Kristdemokraterna V\u00e4rnamo"},"description":"Familjens r\u00f6st","sameAs":["http:\/\/www.varnamo.kristdemokraterna.se"],"url":"https:\/\/wp.kristdemokraterna.se\/varnamo\/author\/varnamo\/"}]}},"_links":{"self":[{"href":"https:\/\/wp.kristdemokraterna.se\/varnamo\/wp-json\/wp\/v2\/posts\/1921","targetHints":{"allow":["GET"]}}],"collection":[{"href":"https:\/\/wp.kristdemokraterna.se\/varnamo\/wp-json\/wp\/v2\/posts"}],"about":[{"href":"https:\/\/wp.kristdemokraterna.se\/varnamo\/wp-json\/wp\/v2\/types\/post"}],"author":[{"embeddable":true,"href":"https:\/\/wp.kristdemokraterna.se\/varnamo\/wp-json\/wp\/v2\/users\/412"}],"replies":[{"embeddable":true,"href":"https:\/\/wp.kristdemokraterna.se\/varnamo\/wp-json\/wp\/v2\/comments?post=1921"}],"version-history":[{"count":8,"href":"https:\/\/wp.kristdemokraterna.se\/varnamo\/wp-json\/wp\/v2\/posts\/1921\/revisions"}],"predecessor-version":[{"id":6817,"href":"https:\/\/wp.kristdemokraterna.se\/varnamo\/wp-json\/wp\/v2\/posts\/1921\/revisions\/6817"}],"wp:featuredmedia":[{"embeddable":true,"href":"https:\/\/wp.kristdemokraterna.se\/varnamo\/wp-json\/wp\/v2\/media\/9638"}],"wp:attachment":[{"href":"https:\/\/wp.kristdemokraterna.se\/varnamo\/wp-json\/wp\/v2\/media?parent=1921"}],"wp:term":[{"taxonomy":"category","embeddable":true,"href":"https:\/\/wp.kristdemokraterna.se\/varnamo\/wp-json\/wp\/v2\/categories?post=1921"},{"taxonomy":"post_tag","embeddable":true,"href":"https:\/\/wp.kristdemokraterna.se\/varnamo\/wp-json\/wp\/v2\/tags?post=1921"}],"curies":[{"name":"wp","href":"https:\/\/api.w.org\/{rel}","templated":true}]}}