{"id":1929,"date":"2004-06-04T20:37:00","date_gmt":"2004-06-04T18:37:00","guid":{"rendered":"http:\/\/localhost:4901\/?p=1929"},"modified":"2015-07-12T18:54:00","modified_gmt":"2015-07-12T16:54:00","slug":"sveriges-farskaste-partiledare-i-varnamo","status":"publish","type":"post","link":"https:\/\/wp.kristdemokraterna.se\/varnamo\/2004\/06\/04\/sveriges-farskaste-partiledare-i-varnamo\/","title":{"rendered":"Sveriges f\u00e4rskaste partiledare i V\u00e4rnamo"},"content":{"rendered":"<div style=\"width: 263px\" class=\"wp-caption alignnone\"><a href=\"http:\/\/wp.kristdemokraterna.se\/varnamo\/files\/2010\/08\/goran_hagglund.jpg\"><img loading=\"lazy\" decoding=\"async\" title=\"goran_hagglund\" src=\"http:\/\/wp.kristdemokraterna.se\/varnamo\/files\/2010\/08\/goran_hagglund.jpg\" alt=\"G\u00f6ran H\u00e4gglund. (Foto: Kristdemokraterna)\" width=\"253\" height=\"250\" \/><\/a><p class=\"wp-caption-text\">G\u00f6ran H\u00e4gglund. (Foto: Kristdemokraterna)<\/p><\/div>\n<p>Kristdemokraternas partiledare har p\u00e5 senare \u00e5r haft som en god vana att bes\u00f6ka V\u00e4rnamo under varje valkampanj. Denna tradition kommer tydligen \u00e4ven den nyvalde partiordf\u00f6randen G\u00f6ran H\u00e4gglund att uppr\u00e4tth\u00e5lla. Idag bes\u00f6kte han n\u00e4mligen Kristdemokraternas valt\u00e4lt p\u00e5\u00a0Flanaden\u00a0i V\u00e4rnamo, hans f\u00f6rsta v\u00e4rnamobes\u00f6k som partiledare f\u00f6r Kristdemokraterna.<\/p>\n<p><!--more-->Nu har \u00e4ntligen valtemperaturen b\u00f6rjat stiga \u00e4ven i V\u00e4rnamo. Efter att Kristdemokraterna har \u00e4gt Storgatsbacken varje onsdag, fredag och l\u00f6rdag i en m\u00e5nads tid har \u00e4ntligen de andra partierna b\u00f6rjat krypa fram. Precis lagom till v\u00e4rnamovalr\u00f6relsens enda partiledarbes\u00f6k \u2013 G\u00f6ran H\u00e4gglunds f\u00f6rsta v\u00e4rnamobes\u00f6k som Kristdemokraternas partiordf\u00f6rande.<\/p>\n<p>Lagom till eftermiddagsrusningen hade ett antal intresserade \u00e5h\u00f6rare, och kampanjande moderater, tagit sig tid att lyssna till Sveriges f\u00e4rskaste partiledare, G\u00f6ran H\u00e4gglund (kd). H\u00e4gglund talade bland annat om hur Kristdemokraterna vill forma ett m\u00e4nskligare Europa och vikten av att g\u00e5 och r\u00f6sta den 13 juni, framf\u00f6r allt att ge Sverige en stark r\u00f6st i Europa \u2013 en kristdemokratisk r\u00f6st. I sitt <a title=\"\u00c5terinf\u00f6r inf\u00f6rselkvoter f\u00f6r alkohol\" href=\"http:\/\/wp.kristdemokraterna.se\/varnamo\/2013\/11\/09\/aterinfor-inforselkvoter-for-alkohol\/\">tal<\/a> framh\u00f6ll han att de tidigare svenska inf\u00f6rselkvoterna f\u00f6r alkohol m\u00e5ste \u00e5terinf\u00f6ras och att alkoholskatten m\u00e5ste h\u00f6jas f\u00f6r att r\u00e4dda folkh\u00e4lsan i Sverige.<\/p>\n<p>Vid sitt bes\u00f6k bj\u00f6d G\u00f6ran H\u00e4gglund \u00e4ven p\u00e5 kaffe och lyssnade p\u00e5 v\u00e4rnamobornas fr\u00e5gor. P\u00e5 sitt sedvanligt f\u00e4rska, kunniga och humoristiska s\u00e4tt gav han en rej\u00e4l genomg\u00e5ng av vad Kristdemokraterna vill \u00e5stadkomma i europapolitiken.<\/p>\n","protected":false},"excerpt":{"rendered":"<p>Kristdemokraternas partiledare har p\u00e5 senare \u00e5r haft som en god vana att bes\u00f6ka V\u00e4rnamo under varje valkampanj. Denna tradition kommer tydligen \u00e4ven den nyvalde partiordf\u00f6randen G\u00f6ran H\u00e4gglund att uppr\u00e4tth\u00e5lla. Idag bes\u00f6kte han n\u00e4mligen Kristdemokraternas valt\u00e4lt p\u00e5\u00a0Flanaden\u00a0i V\u00e4rnamo, hans f\u00f6rsta v\u00e4rnamobes\u00f6k som partiledare f\u00f6r Kristdemokraterna.<\/p>\n","protected":false},"author":412,"featured_media":9638,"comment_status":"closed","ping_status":"closed","sticky":false,"template":"","format":"standard","meta":{"_acf_changed":false,"footnotes":""},"categories":[11],"tags":[184,204,154,117,397,211,159,346,62],"class_list":["post-1929","post","type-post","status-publish","format-standard","hentry","category-nyheter","tag-alkohol","tag-europaparlamentet","tag-folkhalsa","tag-goran-hagglund","tag-manskligare-europa","tag-medborgarnas-europa","tag-partiledarbesok","tag-skatter","tag-valrorelse"],"acf":[],"yoast_head":"<!-- This site is optimized with the Yoast SEO plugin v27.4 - https:\/\/yoast.com\/product\/yoast-seo-wordpress\/ -->\n<title>Sveriges f\u00e4rskaste partiledare i V\u00e4rnamo - KRISTDEMOKRATERNA V\u00c4RNAMO<\/title>\n<meta name=\"robots\" content=\"index, follow, max-snippet:-1, max-image-preview:large, max-video-preview:-1\" \/>\n<link rel=\"canonical\" href=\"https:\/\/wp.kristdemokraterna.se\/varnamo\/2004\/06\/04\/sveriges-farskaste-partiledare-i-varnamo\/\" \/>\n<meta property=\"og:locale\" content=\"sv_SE\" \/>\n<meta property=\"og:type\" content=\"article\" \/>\n<meta property=\"og:title\" content=\"Sveriges f\u00e4rskaste partiledare i V\u00e4rnamo - KRISTDEMOKRATERNA V\u00c4RNAMO\" \/>\n<meta property=\"og:description\" content=\"Kristdemokraternas partiledare har p\u00e5 senare \u00e5r haft som en god vana att bes\u00f6ka V\u00e4rnamo under varje valkampanj. Denna tradition kommer tydligen \u00e4ven den nyvalde partiordf\u00f6randen G\u00f6ran H\u00e4gglund att uppr\u00e4tth\u00e5lla. Idag bes\u00f6kte han n\u00e4mligen Kristdemokraternas valt\u00e4lt p\u00e5\u00a0Flanaden\u00a0i V\u00e4rnamo, hans f\u00f6rsta v\u00e4rnamobes\u00f6k som partiledare f\u00f6r Kristdemokraterna.\" \/>\n<meta property=\"og:url\" content=\"https:\/\/wp.kristdemokraterna.se\/varnamo\/2004\/06\/04\/sveriges-farskaste-partiledare-i-varnamo\/\" \/>\n<meta property=\"og:site_name\" content=\"KRISTDEMOKRATERNA V\u00c4RNAMO\" \/>\n<meta property=\"article:publisher\" content=\"https:\/\/www.facebook.com\/KDVarnamo\/\" \/>\n<meta property=\"article:published_time\" content=\"2004-06-04T18:37:00+00:00\" \/>\n<meta property=\"article:modified_time\" content=\"2015-07-12T16:54:00+00:00\" \/>\n<meta property=\"og:image\" content=\"http:\/\/wp.kristdemokraterna.se\/varnamo\/files\/2010\/08\/goran_hagglund.jpg\" \/>\n<meta name=\"author\" content=\"Kristdemokraterna V\u00e4rnamo\" \/>\n<meta name=\"twitter:card\" content=\"summary_large_image\" \/>\n<meta name=\"twitter:creator\" content=\"@KDVarnamo\" \/>\n<meta name=\"twitter:site\" content=\"@KDVarnamo\" \/>\n<meta name=\"twitter:label1\" content=\"Skriven av\" \/>\n\t<meta name=\"twitter:data1\" content=\"Kristdemokraterna V\u00e4rnamo\" \/>\n\t<meta name=\"twitter:label2\" content=\"Ber\u00e4knad l\u00e4stid\" \/>\n\t<meta name=\"twitter:data2\" content=\"1 minut\" \/>\n<script type=\"application\/ld+json\" class=\"yoast-schema-graph\">{\"@context\":\"https:\\\/\\\/schema.org\",\"@graph\":[{\"@type\":\"Article\",\"@id\":\"https:\\\/\\\/wp.kristdemokraterna.se\\\/varnamo\\\/2004\\\/06\\\/04\\\/sveriges-farskaste-partiledare-i-varnamo\\\/#article\",\"isPartOf\":{\"@id\":\"https:\\\/\\\/wp.kristdemokraterna.se\\\/varnamo\\\/2004\\\/06\\\/04\\\/sveriges-farskaste-partiledare-i-varnamo\\\/\"},\"author\":{\"name\":\"Kristdemokraterna V\u00e4rnamo\",\"@id\":\"https:\\\/\\\/wp.kristdemokraterna.se\\\/varnamo\\\/#\\\/schema\\\/person\\\/4e339ab04d613699e4dfe80a994e01d4\"},\"headline\":\"Sveriges f\u00e4rskaste partiledare i V\u00e4rnamo\",\"datePublished\":\"2004-06-04T18:37:00+00:00\",\"dateModified\":\"2015-07-12T16:54:00+00:00\",\"mainEntityOfPage\":{\"@id\":\"https:\\\/\\\/wp.kristdemokraterna.se\\\/varnamo\\\/2004\\\/06\\\/04\\\/sveriges-farskaste-partiledare-i-varnamo\\\/\"},\"wordCount\":285,\"publisher\":{\"@id\":\"https:\\\/\\\/wp.kristdemokraterna.se\\\/varnamo\\\/#organization\"},\"image\":{\"@id\":\"https:\\\/\\\/wp.kristdemokraterna.se\\\/varnamo\\\/2004\\\/06\\\/04\\\/sveriges-farskaste-partiledare-i-varnamo\\\/#primaryimage\"},\"thumbnailUrl\":\"https:\\\/\\\/wp.kristdemokraterna.se\\\/varnamo\\\/files\\\/2022\\\/08\\\/kd-logo-blue.png\",\"keywords\":[\"alkohol\",\"Europaparlamentet\",\"folkh\u00e4lsa\",\"G\u00f6ran H\u00e4gglund\",\"m\u00e4nskligare Europa\",\"medborgarnas Europa\",\"partiledarbes\u00f6k\",\"skatter\",\"valr\u00f6relse\"],\"articleSection\":[\"Nyheter\"],\"inLanguage\":\"sv-SE\"},{\"@type\":\"WebPage\",\"@id\":\"https:\\\/\\\/wp.kristdemokraterna.se\\\/varnamo\\\/2004\\\/06\\\/04\\\/sveriges-farskaste-partiledare-i-varnamo\\\/\",\"url\":\"https:\\\/\\\/wp.kristdemokraterna.se\\\/varnamo\\\/2004\\\/06\\\/04\\\/sveriges-farskaste-partiledare-i-varnamo\\\/\",\"name\":\"Sveriges f\u00e4rskaste partiledare i V\u00e4rnamo - KRISTDEMOKRATERNA V\u00c4RNAMO\",\"isPartOf\":{\"@id\":\"https:\\\/\\\/wp.kristdemokraterna.se\\\/varnamo\\\/#website\"},\"primaryImageOfPage\":{\"@id\":\"https:\\\/\\\/wp.kristdemokraterna.se\\\/varnamo\\\/2004\\\/06\\\/04\\\/sveriges-farskaste-partiledare-i-varnamo\\\/#primaryimage\"},\"image\":{\"@id\":\"https:\\\/\\\/wp.kristdemokraterna.se\\\/varnamo\\\/2004\\\/06\\\/04\\\/sveriges-farskaste-partiledare-i-varnamo\\\/#primaryimage\"},\"thumbnailUrl\":\"https:\\\/\\\/wp.kristdemokraterna.se\\\/varnamo\\\/files\\\/2022\\\/08\\\/kd-logo-blue.png\",\"datePublished\":\"2004-06-04T18:37:00+00:00\",\"dateModified\":\"2015-07-12T16:54:00+00:00\",\"breadcrumb\":{\"@id\":\"https:\\\/\\\/wp.kristdemokraterna.se\\\/varnamo\\\/2004\\\/06\\\/04\\\/sveriges-farskaste-partiledare-i-varnamo\\\/#breadcrumb\"},\"inLanguage\":\"sv-SE\",\"potentialAction\":[{\"@type\":\"ReadAction\",\"target\":[\"https:\\\/\\\/wp.kristdemokraterna.se\\\/varnamo\\\/2004\\\/06\\\/04\\\/sveriges-farskaste-partiledare-i-varnamo\\\/\"]}]},{\"@type\":\"ImageObject\",\"inLanguage\":\"sv-SE\",\"@id\":\"https:\\\/\\\/wp.kristdemokraterna.se\\\/varnamo\\\/2004\\\/06\\\/04\\\/sveriges-farskaste-partiledare-i-varnamo\\\/#primaryimage\",\"url\":\"https:\\\/\\\/wp.kristdemokraterna.se\\\/varnamo\\\/files\\\/2022\\\/08\\\/kd-logo-blue.png\",\"contentUrl\":\"https:\\\/\\\/wp.kristdemokraterna.se\\\/varnamo\\\/files\\\/2022\\\/08\\\/kd-logo-blue.png\",\"width\":2000,\"height\":2000,\"caption\":\"Kristdemokraternas logotyp\"},{\"@type\":\"BreadcrumbList\",\"@id\":\"https:\\\/\\\/wp.kristdemokraterna.se\\\/varnamo\\\/2004\\\/06\\\/04\\\/sveriges-farskaste-partiledare-i-varnamo\\\/#breadcrumb\",\"itemListElement\":[{\"@type\":\"ListItem\",\"position\":1,\"name\":\"Hem\",\"item\":\"https:\\\/\\\/wp.kristdemokraterna.se\\\/varnamo\\\/\"},{\"@type\":\"ListItem\",\"position\":2,\"name\":\"Sveriges f\u00e4rskaste partiledare i V\u00e4rnamo\"}]},{\"@type\":\"WebSite\",\"@id\":\"https:\\\/\\\/wp.kristdemokraterna.se\\\/varnamo\\\/#website\",\"url\":\"https:\\\/\\\/wp.kristdemokraterna.se\\\/varnamo\\\/\",\"name\":\"KRISTDEMOKRATERNA V\u00c4RNAMO\",\"description\":\"Med hj\u00e4rta f\u00f6r V\u00e4rnamo\",\"publisher\":{\"@id\":\"https:\\\/\\\/wp.kristdemokraterna.se\\\/varnamo\\\/#organization\"},\"inLanguage\":\"sv-SE\"},{\"@type\":\"Organization\",\"@id\":\"https:\\\/\\\/wp.kristdemokraterna.se\\\/varnamo\\\/#organization\",\"name\":\"Kristdemokraterna V\u00e4rnamo\",\"url\":\"https:\\\/\\\/wp.kristdemokraterna.se\\\/varnamo\\\/\",\"logo\":{\"@type\":\"ImageObject\",\"inLanguage\":\"sv-SE\",\"@id\":\"https:\\\/\\\/wp.kristdemokraterna.se\\\/varnamo\\\/#\\\/schema\\\/logo\\\/image\\\/\",\"url\":\"https:\\\/\\\/wp.kristdemokraterna.se\\\/varnamo\\\/files\\\/2022\\\/08\\\/va\u2560ernamo-sida-bla-300dpi.png\",\"contentUrl\":\"https:\\\/\\\/wp.kristdemokraterna.se\\\/varnamo\\\/files\\\/2022\\\/08\\\/va\u2560ernamo-sida-bla-300dpi.png\",\"width\":1485,\"height\":681,\"caption\":\"Kristdemokraterna V\u00e4rnamo\"},\"image\":{\"@id\":\"https:\\\/\\\/wp.kristdemokraterna.se\\\/varnamo\\\/#\\\/schema\\\/logo\\\/image\\\/\"},\"sameAs\":[\"https:\\\/\\\/www.facebook.com\\\/KDVarnamo\\\/\",\"https:\\\/\\\/x.com\\\/KDVarnamo\",\"https:\\\/\\\/www.instagram.com\\\/\",\"https:\\\/\\\/www.youtube.com\\\/user\\\/studiokd\\\/videos\"]},{\"@type\":\"Person\",\"@id\":\"https:\\\/\\\/wp.kristdemokraterna.se\\\/varnamo\\\/#\\\/schema\\\/person\\\/4e339ab04d613699e4dfe80a994e01d4\",\"name\":\"Kristdemokraterna V\u00e4rnamo\",\"image\":{\"@type\":\"ImageObject\",\"inLanguage\":\"sv-SE\",\"@id\":\"https:\\\/\\\/secure.gravatar.com\\\/avatar\\\/c122e48c7723992af51eb155eeaa93db3c1fa324e3fc6ec45dd712c812809b5b?s=96&r=g\",\"url\":\"https:\\\/\\\/secure.gravatar.com\\\/avatar\\\/c122e48c7723992af51eb155eeaa93db3c1fa324e3fc6ec45dd712c812809b5b?s=96&r=g\",\"contentUrl\":\"https:\\\/\\\/secure.gravatar.com\\\/avatar\\\/c122e48c7723992af51eb155eeaa93db3c1fa324e3fc6ec45dd712c812809b5b?s=96&r=g\",\"caption\":\"Kristdemokraterna V\u00e4rnamo\"},\"description\":\"Familjens r\u00f6st\",\"sameAs\":[\"http:\\\/\\\/www.varnamo.kristdemokraterna.se\"],\"url\":\"https:\\\/\\\/wp.kristdemokraterna.se\\\/varnamo\\\/author\\\/varnamo\\\/\"}]}<\/script>\n<!-- \/ Yoast SEO plugin. -->","yoast_head_json":{"title":"Sveriges f\u00e4rskaste partiledare i V\u00e4rnamo - KRISTDEMOKRATERNA V\u00c4RNAMO","robots":{"index":"index","follow":"follow","max-snippet":"max-snippet:-1","max-image-preview":"max-image-preview:large","max-video-preview":"max-video-preview:-1"},"canonical":"https:\/\/wp.kristdemokraterna.se\/varnamo\/2004\/06\/04\/sveriges-farskaste-partiledare-i-varnamo\/","og_locale":"sv_SE","og_type":"article","og_title":"Sveriges f\u00e4rskaste partiledare i V\u00e4rnamo - KRISTDEMOKRATERNA V\u00c4RNAMO","og_description":"Kristdemokraternas partiledare har p\u00e5 senare \u00e5r haft som en god vana att bes\u00f6ka V\u00e4rnamo under varje valkampanj. Denna tradition kommer tydligen \u00e4ven den nyvalde partiordf\u00f6randen G\u00f6ran H\u00e4gglund att uppr\u00e4tth\u00e5lla. Idag bes\u00f6kte han n\u00e4mligen Kristdemokraternas valt\u00e4lt p\u00e5\u00a0Flanaden\u00a0i V\u00e4rnamo, hans f\u00f6rsta v\u00e4rnamobes\u00f6k som partiledare f\u00f6r Kristdemokraterna.","og_url":"https:\/\/wp.kristdemokraterna.se\/varnamo\/2004\/06\/04\/sveriges-farskaste-partiledare-i-varnamo\/","og_site_name":"KRISTDEMOKRATERNA V\u00c4RNAMO","article_publisher":"https:\/\/www.facebook.com\/KDVarnamo\/","article_published_time":"2004-06-04T18:37:00+00:00","article_modified_time":"2015-07-12T16:54:00+00:00","og_image":[{"url":"http:\/\/wp.kristdemokraterna.se\/varnamo\/files\/2010\/08\/goran_hagglund.jpg","type":"","width":"","height":""}],"author":"Kristdemokraterna V\u00e4rnamo","twitter_card":"summary_large_image","twitter_creator":"@KDVarnamo","twitter_site":"@KDVarnamo","twitter_misc":{"Skriven av":"Kristdemokraterna V\u00e4rnamo","Ber\u00e4knad l\u00e4stid":"1 minut"},"schema":{"@context":"https:\/\/schema.org","@graph":[{"@type":"Article","@id":"https:\/\/wp.kristdemokraterna.se\/varnamo\/2004\/06\/04\/sveriges-farskaste-partiledare-i-varnamo\/#article","isPartOf":{"@id":"https:\/\/wp.kristdemokraterna.se\/varnamo\/2004\/06\/04\/sveriges-farskaste-partiledare-i-varnamo\/"},"author":{"name":"Kristdemokraterna V\u00e4rnamo","@id":"https:\/\/wp.kristdemokraterna.se\/varnamo\/#\/schema\/person\/4e339ab04d613699e4dfe80a994e01d4"},"headline":"Sveriges f\u00e4rskaste partiledare i V\u00e4rnamo","datePublished":"2004-06-04T18:37:00+00:00","dateModified":"2015-07-12T16:54:00+00:00","mainEntityOfPage":{"@id":"https:\/\/wp.kristdemokraterna.se\/varnamo\/2004\/06\/04\/sveriges-farskaste-partiledare-i-varnamo\/"},"wordCount":285,"publisher":{"@id":"https:\/\/wp.kristdemokraterna.se\/varnamo\/#organization"},"image":{"@id":"https:\/\/wp.kristdemokraterna.se\/varnamo\/2004\/06\/04\/sveriges-farskaste-partiledare-i-varnamo\/#primaryimage"},"thumbnailUrl":"https:\/\/wp.kristdemokraterna.se\/varnamo\/files\/2022\/08\/kd-logo-blue.png","keywords":["alkohol","Europaparlamentet","folkh\u00e4lsa","G\u00f6ran H\u00e4gglund","m\u00e4nskligare Europa","medborgarnas Europa","partiledarbes\u00f6k","skatter","valr\u00f6relse"],"articleSection":["Nyheter"],"inLanguage":"sv-SE"},{"@type":"WebPage","@id":"https:\/\/wp.kristdemokraterna.se\/varnamo\/2004\/06\/04\/sveriges-farskaste-partiledare-i-varnamo\/","url":"https:\/\/wp.kristdemokraterna.se\/varnamo\/2004\/06\/04\/sveriges-farskaste-partiledare-i-varnamo\/","name":"Sveriges f\u00e4rskaste partiledare i V\u00e4rnamo - KRISTDEMOKRATERNA V\u00c4RNAMO","isPartOf":{"@id":"https:\/\/wp.kristdemokraterna.se\/varnamo\/#website"},"primaryImageOfPage":{"@id":"https:\/\/wp.kristdemokraterna.se\/varnamo\/2004\/06\/04\/sveriges-farskaste-partiledare-i-varnamo\/#primaryimage"},"image":{"@id":"https:\/\/wp.kristdemokraterna.se\/varnamo\/2004\/06\/04\/sveriges-farskaste-partiledare-i-varnamo\/#primaryimage"},"thumbnailUrl":"https:\/\/wp.kristdemokraterna.se\/varnamo\/files\/2022\/08\/kd-logo-blue.png","datePublished":"2004-06-04T18:37:00+00:00","dateModified":"2015-07-12T16:54:00+00:00","breadcrumb":{"@id":"https:\/\/wp.kristdemokraterna.se\/varnamo\/2004\/06\/04\/sveriges-farskaste-partiledare-i-varnamo\/#breadcrumb"},"inLanguage":"sv-SE","potentialAction":[{"@type":"ReadAction","target":["https:\/\/wp.kristdemokraterna.se\/varnamo\/2004\/06\/04\/sveriges-farskaste-partiledare-i-varnamo\/"]}]},{"@type":"ImageObject","inLanguage":"sv-SE","@id":"https:\/\/wp.kristdemokraterna.se\/varnamo\/2004\/06\/04\/sveriges-farskaste-partiledare-i-varnamo\/#primaryimage","url":"https:\/\/wp.kristdemokraterna.se\/varnamo\/files\/2022\/08\/kd-logo-blue.png","contentUrl":"https:\/\/wp.kristdemokraterna.se\/varnamo\/files\/2022\/08\/kd-logo-blue.png","width":2000,"height":2000,"caption":"Kristdemokraternas logotyp"},{"@type":"BreadcrumbList","@id":"https:\/\/wp.kristdemokraterna.se\/varnamo\/2004\/06\/04\/sveriges-farskaste-partiledare-i-varnamo\/#breadcrumb","itemListElement":[{"@type":"ListItem","position":1,"name":"Hem","item":"https:\/\/wp.kristdemokraterna.se\/varnamo\/"},{"@type":"ListItem","position":2,"name":"Sveriges f\u00e4rskaste partiledare i V\u00e4rnamo"}]},{"@type":"WebSite","@id":"https:\/\/wp.kristdemokraterna.se\/varnamo\/#website","url":"https:\/\/wp.kristdemokraterna.se\/varnamo\/","name":"KRISTDEMOKRATERNA V\u00c4RNAMO","description":"Med hj\u00e4rta f\u00f6r V\u00e4rnamo","publisher":{"@id":"https:\/\/wp.kristdemokraterna.se\/varnamo\/#organization"},"inLanguage":"sv-SE"},{"@type":"Organization","@id":"https:\/\/wp.kristdemokraterna.se\/varnamo\/#organization","name":"Kristdemokraterna V\u00e4rnamo","url":"https:\/\/wp.kristdemokraterna.se\/varnamo\/","logo":{"@type":"ImageObject","inLanguage":"sv-SE","@id":"https:\/\/wp.kristdemokraterna.se\/varnamo\/#\/schema\/logo\/image\/","url":"https:\/\/wp.kristdemokraterna.se\/varnamo\/files\/2022\/08\/va\u2560ernamo-sida-bla-300dpi.png","contentUrl":"https:\/\/wp.kristdemokraterna.se\/varnamo\/files\/2022\/08\/va\u2560ernamo-sida-bla-300dpi.png","width":1485,"height":681,"caption":"Kristdemokraterna V\u00e4rnamo"},"image":{"@id":"https:\/\/wp.kristdemokraterna.se\/varnamo\/#\/schema\/logo\/image\/"},"sameAs":["https:\/\/www.facebook.com\/KDVarnamo\/","https:\/\/x.com\/KDVarnamo","https:\/\/www.instagram.com\/","https:\/\/www.youtube.com\/user\/studiokd\/videos"]},{"@type":"Person","@id":"https:\/\/wp.kristdemokraterna.se\/varnamo\/#\/schema\/person\/4e339ab04d613699e4dfe80a994e01d4","name":"Kristdemokraterna V\u00e4rnamo","image":{"@type":"ImageObject","inLanguage":"sv-SE","@id":"https:\/\/secure.gravatar.com\/avatar\/c122e48c7723992af51eb155eeaa93db3c1fa324e3fc6ec45dd712c812809b5b?s=96&r=g","url":"https:\/\/secure.gravatar.com\/avatar\/c122e48c7723992af51eb155eeaa93db3c1fa324e3fc6ec45dd712c812809b5b?s=96&r=g","contentUrl":"https:\/\/secure.gravatar.com\/avatar\/c122e48c7723992af51eb155eeaa93db3c1fa324e3fc6ec45dd712c812809b5b?s=96&r=g","caption":"Kristdemokraterna V\u00e4rnamo"},"description":"Familjens r\u00f6st","sameAs":["http:\/\/www.varnamo.kristdemokraterna.se"],"url":"https:\/\/wp.kristdemokraterna.se\/varnamo\/author\/varnamo\/"}]}},"_links":{"self":[{"href":"https:\/\/wp.kristdemokraterna.se\/varnamo\/wp-json\/wp\/v2\/posts\/1929","targetHints":{"allow":["GET"]}}],"collection":[{"href":"https:\/\/wp.kristdemokraterna.se\/varnamo\/wp-json\/wp\/v2\/posts"}],"about":[{"href":"https:\/\/wp.kristdemokraterna.se\/varnamo\/wp-json\/wp\/v2\/types\/post"}],"author":[{"embeddable":true,"href":"https:\/\/wp.kristdemokraterna.se\/varnamo\/wp-json\/wp\/v2\/users\/412"}],"replies":[{"embeddable":true,"href":"https:\/\/wp.kristdemokraterna.se\/varnamo\/wp-json\/wp\/v2\/comments?post=1929"}],"version-history":[{"count":5,"href":"https:\/\/wp.kristdemokraterna.se\/varnamo\/wp-json\/wp\/v2\/posts\/1929\/revisions"}],"predecessor-version":[{"id":6792,"href":"https:\/\/wp.kristdemokraterna.se\/varnamo\/wp-json\/wp\/v2\/posts\/1929\/revisions\/6792"}],"wp:featuredmedia":[{"embeddable":true,"href":"https:\/\/wp.kristdemokraterna.se\/varnamo\/wp-json\/wp\/v2\/media\/9638"}],"wp:attachment":[{"href":"https:\/\/wp.kristdemokraterna.se\/varnamo\/wp-json\/wp\/v2\/media?parent=1929"}],"wp:term":[{"taxonomy":"category","embeddable":true,"href":"https:\/\/wp.kristdemokraterna.se\/varnamo\/wp-json\/wp\/v2\/categories?post=1929"},{"taxonomy":"post_tag","embeddable":true,"href":"https:\/\/wp.kristdemokraterna.se\/varnamo\/wp-json\/wp\/v2\/tags?post=1929"}],"curies":[{"name":"wp","href":"https:\/\/api.w.org\/{rel}","templated":true}]}}