{"id":1933,"date":"2005-02-11T21:37:00","date_gmt":"2005-02-11T20:37:00","guid":{"rendered":"http:\/\/localhost:4901\/?p=1933"},"modified":"2015-07-12T15:40:19","modified_gmt":"2015-07-12T13:40:19","slug":"fler-och-fler-kristdemokrater","status":"publish","type":"post","link":"https:\/\/wp.kristdemokraterna.se\/varnamo\/2005\/02\/11\/fler-och-fler-kristdemokrater\/","title":{"rendered":"Fler och fler Kristdemokrater"},"content":{"rendered":"<div style=\"width: 310px\" class=\"wp-caption alignnone\"><a href=\"http:\/\/wp.kristdemokraterna.se\/varnamo\/files\/2010\/08\/erik_slottner.jpg\"><img loading=\"lazy\" decoding=\"async\" title=\"erik_slottner\" src=\"http:\/\/wp.kristdemokraterna.se\/varnamo\/files\/2010\/08\/erik_slottner.jpg\" alt=\"Erik Slottner - KDU:s f\u00f6rbundsordf\u00f6rande.\" width=\"300\" height=\"285\" \/><\/a><p class=\"wp-caption-text\">Erik Slottner &#8211; KDU:s f\u00f6rbundsordf\u00f6rande.<\/p><\/div>\n<p>Medlemsantalet \u00f6kar och Kristdemokraterna blev tredje st\u00f6rsta parti i EU-valet \u2013 s\u00e5 ser det ut i V\u00e4rnamo. <abbr title=\"Kristdemokratiska ungdomsf\u00f6rbundet\">KDU<\/abbr>:s f\u00f6rbundsordf\u00f6rande Erik Slottner inspirerade V\u00e4rnamos kristdemokrater ytterligare genom att tala om hur valet 2006 kan vinnas.<\/p>\n<p><!--more-->Kristdemokraterna i V\u00e4rnamo kommun h\u00f6ll \u00e5rsm\u00f6te fredagen den 11 februari. \u00c5rsm\u00f6tet, som \u00e4gde rum p\u00e5 Linnebergs \u00e4ldreboende i V\u00e4rnamo, hade bes\u00f6k av KDU:s (Kristdemokratiska ungdomsf\u00f6rbundet) f\u00f6rbundsordf\u00f6rande Erik Slottner. I sitt engagerade och inspirerande tal pekade han p\u00e5 riskerna med att det statsb\u00e4rande partiet under en l\u00e5ng f\u00f6ljd av \u00e5r v\u00e4xer samman med statsapparat, myndigheter och institutioner. G\u00f6ran Perssons utn\u00e4mning till hedersdoktor vid \u00d6rebro universitet \u00e4r bara det senaste exemplet i en l\u00e5ng rad av socialdemokratisk maktfullkomlighet. Slottner avsl\u00f6jade \u00e4ven de fem ingredienserna till ett kristdemokratiskt framg\u00e5ngsrecept i valet 2006.<\/p>\n<p>Efter Erik Slottners tal och pianomusik av H\u00e5kan Johansson var det dags f\u00f6r fika. Det 20-tal medlemmar som samlats l\u00e4t sig v\u00e4l smaka innan Arnold Carlzon, Kristdemokraternas ordf\u00f6rande i V\u00e4rnamo, inledde \u00e5rsm\u00f6tesf\u00f6rhandlingarna.<\/p>\n<p>Av <a title=\"\" href=\"#1\">\u00e5rsber\u00e4ttelsen<\/a> framg\u00e5r att 2004 var ett framg\u00e5ngsrikt \u00e5r f\u00f6r V\u00e4rnamos Kristdemokrater. Avdelningen \u00f6kade med 26 medlemmar och i EU-valet kammade man hem 15,8 % av v\u00e4rnamobornas r\u00f6ster och blev d\u00e4rmed det tredje st\u00f6rsta partiet i kommunen. 2004 \u00e5rs <a title=\"L\u00e4nk till Vitsippspriset\" href=\"http:\/\/localhost:4901\/?p=1991\">Vitsippspris<\/a> tillf\u00f6ll Tjernobylbarnens v\u00e4nner. Man arrangerade vidare ett stort etikseminarium med Stefan Einhorn. Partiet fyllde 40 \u00e5r under \u00e5ret och v\u00e4rnamoavdelningen firade f\u00f6delsedagen tillsammans med avg\u00e5ende partiordf\u00f6randen Alf Svensson. Bara n\u00e5gon vecka senare reste ett 20-tal medlemmar till Stockholm f\u00f6r att v\u00e4lja G\u00f6ran H\u00e4gglund till ny partiordf\u00f6rande. Under \u00e5ret har verksamheten fokuserats p\u00e5 familje- och seniorpolitiken.<\/p>\n<p>Partiets insatser i kommunpolitiken redovisas i en s\u00e4rskild <a title=\"L\u00e4nk till fullm\u00e4ktigegruppens verksamhetsber\u00e4ttelse f\u00f6r 2005\" href=\"#2\">verksamhetsber\u00e4ttelse<\/a>. N\u00e5gra kristdemokratiska f\u00f6rslag som behandlats under \u00e5ret \u00e4r <a title=\"L\u00e4nk till motion om funktionshindrades fritid\" href=\"http:\/\/localhost:4901\/?p=2085\">En kartl\u00e4ggning f\u00f6r att \u00f6ka tillg\u00e4ngligheten f\u00f6r personer med funktionshinder<\/a>, <a title=\"L\u00e4nk till motion om cykelbana\" href=\"http:\/\/localhost:4901\/?p=2086\">M\u00e5lning av cykelbana mitt p\u00e5 Storgatsbacken<\/a>, Behandlingen av motioner, Cykelv\u00e4g mellan Rydaholm och Kungshall och <a title=\"L\u00e4nk till motion om tj\u00e4nstegaranti\" href=\"http:\/\/localhost:4901\/?p=2088\">Tj\u00e4nstegaranti och kundorientering genom delaktighet och samverkan<\/a>.<\/p>\n<p>Vid \u00e5rsm\u00f6tet valdes Arnold\u00a0Carlzon till ordf\u00f6rande och Gunnar Crona till vice ordf\u00f6rande. Ny i styrelsen \u00e4r Kerstin Sneath, som ocks\u00e5 valdes till kass\u00f6r. Till styrelseledam\u00f6ter f\u00f6r tv\u00e5 \u00e5r valdes Gunnar Crona (vice ordf\u00f6rande), Ann-Christin Lindberg, Peter Johnsson, H\u00e5kan Johansson, Gunnel Youngstr\u00f6m och Lars-\u00c5ke Egerbo. Arnold Carlzon, Christer Fjordevik, Per-\u00c5ke Eriksson, Ingeborg Lindgren, Margareta Lindahl (sekreterare) och Kerstin Sneath \u00e4r valda till \u00e5r 2006. Gunwor Swerlander, Ibrahim\u00a0Candemir, Stefan Thors\u00e9n, Karin Rylander, Rodhe Lindahl och Samuel Sunesson valdes till ers\u00e4ttare, medan \u00c5ke Bengtsson, Leif B\u00e4ckrud, Kent Sundell, Egon Rubensson, Lena Freij och Xhilda Bushati har ett \u00e5r kvar p\u00e5\u00a0sina mandatperioder. N\u00e4sta \u00e5r \u00e4r det val igen, vilket beh\u00f6ver f\u00f6rberedas av en nominieringskommitt\u00e9. \u00c5rsm\u00f6tet gav styrelsen i uppdrag att ta fram en s\u00e5dan. F\u00f6rutom dessa valde \u00e5rsm\u00f6tet ett stort antal\u00a0andra funktion\u00e4rer till olika uppdrag i organisationen.<\/p>\n<p>Att alkoholkonsumtionen \u00f6kar s\u00e5 kraftigt \u00e4r en k\u00e4lla till oro. D\u00e4rf\u00f6r antog \u00e5rsm\u00f6tet ett <a title=\"Omtanke om Folkh\u00e4lsan eller (S)ystembolagets f\u00f6rs\u00e4ljningsstatistik?\" href=\"http:\/\/wp.kristdemokraterna.se\/varnamo\/2005\/02\/11\/omtanke-om-folkhalsan-eller-systembolagets-forsaljningsstatistik\/\">uttalande<\/a> d\u00e4r man kr\u00e4ver minskade inf\u00f6rselkvoter av alkohol och ett stopp av Socialdemokraternas vanvettiga alkoholskattes\u00e4nkningspolitik. \u00c5rsm\u00f6tet avslutades med en parentation \u00f6ver de medlemmar som avlidit\u00a0under \u00e5ret, ledd av Christer\u00a0Fjordevik.<\/p>\n<hr \/>\n<h1>L\u00e4s mer fr\u00e5n \u00e5rsm\u00f6tet<\/h1>\n<p>[<a title=\"Omtanke om Folkh\u00e4lsan eller (S)ystembolagets f\u00f6rs\u00e4ljningsstatistik?\" href=\"http:\/\/wp.kristdemokraterna.se\/varnamo\/2005\/02\/11\/omtanke-om-folkhalsan-eller-systembolagets-forsaljningsstatistik\/\">\u00c5rsm\u00f6tets\u00a0uttalande om den vanvettiga socialdemokratiska alkoholpolitiken <\/a>]<\/p>\n<p>[<a title=\"L\u00e4nk till Verksamhetsber\u00e4ttelse f\u00f6r Kristdemokraterna i V\u00e4rnamo kommun, verksamhets\u00e5ret 2004\" href=\"#1\">Verksamhetsber\u00e4ttelse\u00a0f\u00f6r Kristdemokraterna i V\u00e4rnamo kommun, verksamhets\u00e5ret<br \/>\n2004<\/a>]<\/p>\n<p>[<a title=\"L\u00e4nk till Verksamhetsber\u00e4ttelse 2004 f\u00f6r Kristdemokraternas fullm\u00e4ktigegrupp   i V\u00e4rnamo\" href=\"#2\">Verksamhetsber\u00e4ttelse 2004 f\u00f6r Kristdemokraternas<br \/>\nfullm\u00e4ktigegrupp i V\u00e4rnamo<\/a>]<\/p>\n<hr \/>\n<h2 id=\"1\">Verksamhetsber\u00e4ttelse f\u00f6r Kristdemokraterna i V\u00e4rnamo kommun, verksamhets\u00e5ret 2004<\/h2>\n<p>Verksamhets\u00e5ret 2004, var det \u00e5r som Kristdemokraterna bytte partiledare. Alf Svensson valde att avg\u00e5 och G\u00f6ran H\u00e4gglund valdes, den 3 april, till ny partiledare f\u00f6r Kristdemokraterna. F\u00f6r lokalavdelningen i V\u00e4rnamo kommun, innebar valet till Europaparlamentet, mycket arbete, men ocks\u00e5 stor framg\u00e5ng.<\/p>\n<p>F\u00f6r tredje \u00e5ret i rad, har vi bedrivit valr\u00f6relse. \u00c5r 2004 var det, den 13 juni, val till Europaparlamentet. Ett val d\u00e4r medborgarna i V\u00e4rnamo kommun valde Kristdemokraterna i s\u00e5 h\u00f6g utstr\u00e4ckning att vi blev tredje st\u00f6rsta parti, med 15,8 % av r\u00f6sterna! Detta tack vare ett intensivt arbete av m\u00e5nga medlemmar. Under valr\u00f6relsen hade vi bes\u00f6k av bl.a. Helena Halldorf Romero, Stefan Attefall och Lisbeth Rydefj\u00e4rd. Inf\u00f6r valet hade vi ocks\u00e5 en studiecirkel, som leddes av Christer Fjordevik.<\/p>\n<p>\u00c5rsm\u00f6tet hade vi i Arken den 2 februari, med bes\u00f6k av tredje vice talman, Helena H\u00f6ij, fr\u00e5n Stockholm.<\/p>\n<p>\u00c5rets Vitsippspris tilldelades, Tjernobylbarnens V\u00e4nner, i Bredaryd, f\u00f6r <q title=\"Ur motiveringen till 2004 \u00e5rs Vitsippspris\">ett osj\u00e4lviskt och uppoffrande internationellt solidaritetsarbete<\/q>.<\/p>\n<p>Den 8 mars gjorde vi en riktig storsatsning, d\u00e5 vi hade tv\u00e5 v\u00e4lbes\u00f6kta samlingar, med Stefan Einhorn som en mycket uppskattad f\u00f6rel\u00e4sare. Cirka 300 personer, f\u00f6rdelat p\u00e5 tv\u00e5 samlingar, bes\u00f6kte f\u00f6rel\u00e4sningarna. N\u00e5gra veckor senare, den 29 mars, hade vi, gemensamt med Seniorf\u00f6rbundet, en lokal 40-\u00e5rsfest, d\u00e4r Alf Svensson gjorde ett av sina sista framtr\u00e4dande som partiledare.<\/p>\n<p>Till Kristdemokraternas extra Riksting, den 3 april, d\u00e4r val av ny Partiledare stod p\u00e5 dagordningen, gick fyra bussar fr\u00e5n J\u00f6nk\u00f6pings l\u00e4n. Fr\u00e5n V\u00e4rnamo kommun deltog ett 20-tal medlemmar.<\/p>\n<p>Under tv\u00e5 veckor i april bedrevs en speciell familjekampanj, d\u00e4r vi p\u00e5 olika s\u00e4tt spred kunskap om partiets nya familjepolitiska program, bl a genom flygbladsutdelning.<\/p>\n<p>Under h\u00f6sten genomf\u00f6rde partiet i hela landet, en s\u00e5 kallad lyssnarkampanj d\u00e4r vuxna och ungdomar fick ge sin syn p\u00e5 hur en bra \u00e4ldrepolitik, utformas f\u00f6r framtiden. I V\u00e4rnamo anordnade vi ett s\u00e5dant lyssnarm\u00f6te, den 3 november, d\u00e4r Kristdemokraternas 1:e vice partiledare Maria Larsson, Gnosj\u00f6, deltog som moderator och diskussionsledare. En studiecirkel p\u00e5 temat <q title=\"Studiecirkelns namn\">Det naturliga \u00e5ldrandet<\/q> leddes av Margareta Lindahl. Margareta Lindahl hade ocks\u00e5 skrivit manus till studiecirkeln.<\/p>\n<p>Distriktets H\u00f6stst\u00e4mma arrangerades av V\u00e4rnamoavdelningen den 20 nov. Talare var Kristdemokraternas 2:e vice partiledare, Mats Odell T\u00e4by.<\/p>\n<p>Styrelsen har under \u00e5ret haft 6 protokollf\u00f6rda sammantr\u00e4den. Avdelningens ekonomi redovisas i den ekonomiska redog\u00f6relsen, och fullm\u00e4ktigegruppens arbete i deras s\u00e4rskilda <a title=\"L\u00e4nk till Fullm\u00e4ktigegruppens verksamhetsber\u00e4ttelse 2004\" href=\"#2\">verksamhetsber\u00e4ttelse<\/a>. Under december m\u00e5nad gjordes en extra satsning p\u00e5 medlemsv\u00e4rvning. Margareta Lindahl, Ibrahim Candemir, och Gunnar Crona v\u00e4rvade tillsammans 23 nya medlemmar, och V\u00e4rnamoavdelningen vann d\u00e4rmed den medlemsv\u00e4rvningst\u00e4vling som partidistriktet utlyst. Medlemsantalet var vid \u00e5rsskiftet 364 medlemmar, en \u00f6kning med 26 stycken sedan f\u00f6rra \u00e5rsskiftet.<\/p>\n<p>P\u00e5 styrelsens uppdrag<\/p>\n<p style=\"text-align: right\"><em>Arnold Carlzon<\/em><br \/>\nordf\u00f6rande<\/p>\n<hr \/>\n<h2 id=\"2\">Rapport fr\u00e5n Kristdemokraternas fullm\u00e4ktigegrupp<\/h2>\n<p>Kristdemokraternas fullm\u00e4ktigegrupp har under 2004 best\u00e5tt av f\u00f6ljande ordinarie ledam\u00f6ter: Christer Fjordevik, Gunnar Crona, Margareta Lindahl, Kerstin Sneath, Stig Claesson, Anita M\u00e5rtensson och Leif B\u00e4ckrud. Ers\u00e4ttare som tj\u00e4nstgjort under \u00e5ret \u00e4r f\u00f6ljande: Ibrahim Candemir, Per-Gunnar Dahlgren, Arnold Carlzon och H\u00e5kan Johansson.<\/p>\n<p>Varje nytt fullm\u00e4ktige\u00e5r inleds med en andakt. S\u00e5 \u00e4ven i januari 2004. Kristdemokraterna har inf\u00f6rt traditionen och ocks\u00e5 sett till att h\u00e5lla din vid liv, dvs kalla pr\u00e4st eller pastor att leda andakten. Detta blev tydligen f\u00f6r mycket f\u00f6r Svante Olsson (v) som interpellerade fullm\u00e4ktiges ordf\u00f6rande Bo Zaar (m) ang\u00e5ende andakten i vilken han inte deltog. Svante Olsson(v) menade att andakt inte h\u00f6r hemma i politiska sammanhang.<\/p>\n<p>Lars-\u00c5ke Egerbo har i egenskap av ordf\u00f6rande i omsorgsn\u00e4mnden varit inkallad ett flertal tillf\u00e4llen till fullm\u00e4ktige f\u00f6r att besvara interpellationer och fr\u00e5gor. Den 29 januari fick Lars-\u00c5ke svara p\u00e5 tv\u00e5 interpellationer, dels en av Eva Pettersson (fp) ang\u00e5ende revidering av det handikappolitiska programmet och dels av Carina Svensson (mp) ang\u00e5ende psykv\u00e5rden. Lars-\u00c5ke fick ocks\u00e5 svara p\u00e5 en fr\u00e5ga fr\u00e5n Karl-Magnus Svensson (fp) ang\u00e5ende utv\u00e4rdering av omr\u00e5deschefernas funktion inom \u00e4ldreomsorgen.<\/p>\n<p>Margareta Lindahl fick sin motion bifallen, ocks\u00e5 i januarifullm\u00e4ktige, d\u00e4r hon f\u00f6reslagit en kartl\u00e4ggning bland kommunens samtliga fritidsverksamheter f\u00f6r att f\u00e5 belyst m\u00f6jligheter och eventuella hinder att \u00f6ka tillg\u00e4ngligheten f\u00f6r personer med funktionshinder.<\/p>\n<p>I februarim\u00f6tet interpellerades Lars-\u00c5ke Egerbo \u00e5terigen, denna g\u00e5ng av Ronny Kr\u00f6nvall (s) ang\u00e5ende personliga ombud. Gunnar Crona och Christer Fjordevik l\u00e4mnade in en motion om naturgas i V\u00e4rnamo.<\/p>\n<p>I marsm\u00f6tet st\u00e4llde Ulla Grad\u00e9en (s) en fr\u00e5ga till Lars-\u00c5ke Egerbo ang\u00e5ende psykiatrin.<\/p>\n<p>I aprilm\u00f6tet behandlades Ibrahim Candemirs motion om m\u00e5lning av cykelbana mitt p\u00e5 Storgatsbacken. Motionen avslogs men Ibrahim fick \u00e4nd\u00e5 med ett till\u00e4gg att motionens intentioner ska beaktas vid ombyggnad av Storgatsbacken. Efter Frida Colv\u00e5s, som avsagt sig sitt uppdrag som ers\u00e4ttare i medborgarn\u00e4mnden, valdes Mario Mikulic.<\/p>\n<p>I septemberm\u00f6tet interpelleras Lars-\u00c5ke Egerbo av Svante Olsson (v) som vill veta varf\u00f6r omsorgsn\u00e4mnden har beg\u00e4rt extraanslag eller till\u00e4ggsbudgetering. Bengt Sandolfs motion fr\u00e5n 2002-10-31 som g\u00e4llde behandlingen av motioner avslogs med h\u00e4nvisning till riktlinjerna i kommunallagen redan finns.<\/p>\n<p>Vid oktoberm\u00f6tet, som drog ut p\u00e5 tiden, f\u00f6resl\u00e5r Christer Fjordevik att kf:s presidium diskuterar fr\u00e5gan hur och p\u00e5 vilket s\u00e4tt sammantr\u00e4destiden kan begr\u00e4nsas till f\u00f6rslagsvis kl. 22.00.<\/p>\n<p>I det stora budgetfullm\u00e4ktige i november l\u00e4mnar Leif B\u00e4ckrud en motion om Cykelv\u00e4g mellan Rydaholm och Kungshall.<\/p>\n<p>Slutligen i december l\u00e4mnar Margareta Lindahl en motion om Tj\u00e4nstegaranti och kundorientering genom delaktighet och samverkan.<\/p>\n<p>F\u00f6rutom svar p\u00e5 interpellationer och fr\u00e5gor, avl\u00e4mnade motioner, har kristdemokrater varit aktiva i fullm\u00e4ktigedebatten i olika fr\u00e5gor. Inf\u00f6r varje fullm\u00e4ktige har vi haft f\u00f6rberedande m\u00f6te p\u00e5 tisdagen i samma vecka tillsammans med v\u00e5ra \u00f6vriga kolleger i majoriteten. Dessutom tr\u00e4ffas den f\u00f6rsta m\u00e5ndagen i varje m\u00e5nad med n\u00e5gra undantag tillsammans med n\u00e4mndledam\u00f6terna f\u00f6r att st\u00e4mma av och diskutera kristdemokratisk politik.<\/p>\n<p>F\u00f6r kristdemokratiska fullm\u00e4ktigegruppen<\/p>\n<p style=\"text-align: right\"><em>Christer Fjordevik<\/em><br \/>\ngruppledare<\/p>\n","protected":false},"excerpt":{"rendered":"<p>Medlemsantalet \u00f6kar och Kristdemokraterna blev tredje st\u00f6rsta parti i EU-valet \u2013 s\u00e5 ser det ut i V\u00e4rnamo. KDU:s f\u00f6rbundsordf\u00f6rande Erik Slottner inspirerade V\u00e4rnamos kristdemokrater ytterligare genom att tala om hur valet 2006 kan vinnas.<\/p>\n","protected":false},"author":412,"featured_media":9638,"comment_status":"closed","ping_status":"closed","sticky":false,"template":"","format":"standard","meta":{"_acf_changed":false,"footnotes":""},"categories":[15],"tags":[330,32,243,163,269,22,250,24,239,332,262,335,240,204,37,358,347,245,315,117,25,86,333,23,207,357,88,119,248,114,135,331,237,48,111,90,91,152,110,68,85,81,249,159,148,112,92,151,46,127,334,356,67,266,65,259,234,62,255,89],"class_list":["post-1933","post","type-post","status-publish","format-standard","hentry","category-arsmote","tag-ake-bengtsson","tag-aldre","tag-alf-svensson","tag-anita-martensson","tag-ann-kristin-lindberg","tag-arnold-carlzon","tag-bengt-sandolf","tag-christer-fjordevik","tag-delaktighet","tag-egon-rubensson","tag-ekonomi","tag-erik-slottner","tag-etik","tag-europaparlamentet","tag-familj","tag-fraga","tag-frida-colvas","tag-fullmaktigegrupp","tag-funktionshinder","tag-goran-hagglund","tag-gunnar-crona","tag-gunnel-youngstrom","tag-gunwor-swerlander","tag-hakan-johansson","tag-helena-halldorf-romero","tag-helena-hoij","tag-ibrahim-candemir","tag-ingeborg-lindgren","tag-interpellation","tag-karin-rylander","tag-kdu","tag-kent-sundell","tag-kerstin-sneath","tag-kommunfullmaktige","tag-lars-ake-egerbo","tag-leif-backrud","tag-lena-freij","tag-lisbeth-rydefjard","tag-margareta-lindahl","tag-maria-larsson","tag-mario-mikulic","tag-mats-odell","tag-naturgas","tag-partiledarbesok","tag-per-ake-eriksson","tag-per-gunnar-dahlgren","tag-peter-johnsson","tag-psykiatri","tag-riksdagsledamot","tag-riksting","tag-rodhe-lindahl","tag-samuel-sunesson","tag-stefan-attefall","tag-stefan-thorsen","tag-stig-claesson","tag-tillganglighet","tag-tjanstegaranti","tag-valrorelse","tag-verksamhetsberattelse","tag-xhilda-bushati"],"acf":[],"yoast_head":"<!-- This site is optimized with the Yoast SEO plugin v27.4 - https:\/\/yoast.com\/product\/yoast-seo-wordpress\/ -->\n<title>Fler och fler Kristdemokrater - KRISTDEMOKRATERNA V\u00c4RNAMO<\/title>\n<meta name=\"robots\" content=\"index, follow, max-snippet:-1, max-image-preview:large, max-video-preview:-1\" \/>\n<link rel=\"canonical\" href=\"https:\/\/wp.kristdemokraterna.se\/varnamo\/2005\/02\/11\/fler-och-fler-kristdemokrater\/\" \/>\n<meta property=\"og:locale\" content=\"sv_SE\" \/>\n<meta property=\"og:type\" content=\"article\" \/>\n<meta property=\"og:title\" content=\"Fler och fler Kristdemokrater - KRISTDEMOKRATERNA V\u00c4RNAMO\" \/>\n<meta property=\"og:description\" content=\"Medlemsantalet \u00f6kar och Kristdemokraterna blev tredje st\u00f6rsta parti i EU-valet \u2013 s\u00e5 ser det ut i V\u00e4rnamo. KDU:s f\u00f6rbundsordf\u00f6rande Erik Slottner inspirerade V\u00e4rnamos kristdemokrater ytterligare genom att tala om hur valet 2006 kan vinnas.\" \/>\n<meta property=\"og:url\" content=\"https:\/\/wp.kristdemokraterna.se\/varnamo\/2005\/02\/11\/fler-och-fler-kristdemokrater\/\" \/>\n<meta property=\"og:site_name\" content=\"KRISTDEMOKRATERNA V\u00c4RNAMO\" \/>\n<meta property=\"article:publisher\" content=\"https:\/\/www.facebook.com\/KDVarnamo\/\" \/>\n<meta property=\"article:published_time\" content=\"2005-02-11T20:37:00+00:00\" \/>\n<meta property=\"article:modified_time\" content=\"2015-07-12T13:40:19+00:00\" \/>\n<meta property=\"og:image\" content=\"http:\/\/wp.kristdemokraterna.se\/varnamo\/files\/2010\/08\/erik_slottner.jpg\" \/>\n<meta name=\"author\" content=\"Kristdemokraterna V\u00e4rnamo\" \/>\n<meta name=\"twitter:card\" content=\"summary_large_image\" \/>\n<meta name=\"twitter:creator\" content=\"@KDVarnamo\" \/>\n<meta name=\"twitter:site\" content=\"@KDVarnamo\" \/>\n<meta name=\"twitter:label1\" content=\"Skriven av\" \/>\n\t<meta name=\"twitter:data1\" content=\"Kristdemokraterna V\u00e4rnamo\" \/>\n\t<meta name=\"twitter:label2\" content=\"Ber\u00e4knad l\u00e4stid\" \/>\n\t<meta name=\"twitter:data2\" content=\"8 minuter\" \/>\n<script type=\"application\/ld+json\" class=\"yoast-schema-graph\">{\"@context\":\"https:\\\/\\\/schema.org\",\"@graph\":[{\"@type\":\"Article\",\"@id\":\"https:\\\/\\\/wp.kristdemokraterna.se\\\/varnamo\\\/2005\\\/02\\\/11\\\/fler-och-fler-kristdemokrater\\\/#article\",\"isPartOf\":{\"@id\":\"https:\\\/\\\/wp.kristdemokraterna.se\\\/varnamo\\\/2005\\\/02\\\/11\\\/fler-och-fler-kristdemokrater\\\/\"},\"author\":{\"name\":\"Kristdemokraterna V\u00e4rnamo\",\"@id\":\"https:\\\/\\\/wp.kristdemokraterna.se\\\/varnamo\\\/#\\\/schema\\\/person\\\/4e339ab04d613699e4dfe80a994e01d4\"},\"headline\":\"Fler och fler Kristdemokrater\",\"datePublished\":\"2005-02-11T20:37:00+00:00\",\"dateModified\":\"2015-07-12T13:40:19+00:00\",\"mainEntityOfPage\":{\"@id\":\"https:\\\/\\\/wp.kristdemokraterna.se\\\/varnamo\\\/2005\\\/02\\\/11\\\/fler-och-fler-kristdemokrater\\\/\"},\"wordCount\":1684,\"publisher\":{\"@id\":\"https:\\\/\\\/wp.kristdemokraterna.se\\\/varnamo\\\/#organization\"},\"image\":{\"@id\":\"https:\\\/\\\/wp.kristdemokraterna.se\\\/varnamo\\\/2005\\\/02\\\/11\\\/fler-och-fler-kristdemokrater\\\/#primaryimage\"},\"thumbnailUrl\":\"https:\\\/\\\/wp.kristdemokraterna.se\\\/varnamo\\\/files\\\/2022\\\/08\\\/kd-logo-blue.png\",\"keywords\":[\"\u00c5ke Bengtsson\",\"\u00e4ldre\",\"Alf Svensson\",\"Anita M\u00e5rtensson\",\"Ann-Kristin Lindberg\",\"Arnold Carlzon\",\"Bengt Sandolf\",\"Christer Fjordevik\",\"delaktighet\",\"Egon Rubensson\",\"ekonomi\",\"Erik Slottner\",\"etik\",\"Europaparlamentet\",\"familj\",\"fr\u00e5ga\",\"Frida Colv\u00e5s\",\"fullm\u00e4ktigegrupp\",\"funktionshinder\",\"G\u00f6ran H\u00e4gglund\",\"Gunnar Crona\",\"Gunnel Youngstr\u00f6m\",\"Gunwor Swerlander\",\"H\u00e5kan Johansson\",\"Helena Halldorf-Romero\",\"Helena H\u00f6ij\",\"Ibrahim Candemir\",\"Ingeborg Lindgren\",\"interpellation\",\"Karin Rylander\",\"KDU\",\"Kent Sundell\",\"Kerstin Sneath\",\"kommunfullm\u00e4ktige\",\"Lars-\u00c5ke Egerbo\",\"Leif B\u00e4ckrud\",\"Lena Freij\",\"Lisbeth Rydefj\u00e4rd\",\"Margareta Lindahl\",\"Maria Larsson\",\"Mario Mikulic\",\"Mats Odell\",\"naturgas\",\"partiledarbes\u00f6k\",\"Per-\u00c5ke Eriksson\",\"Per-Gunnar Dahlgren\",\"Peter Johnsson\",\"psykiatri\",\"riksdagsledamot\",\"riksting\",\"Rodhe Lindahl\",\"Samuel Sunesson\",\"Stefan Attefall\",\"Stefan Thors\u00e9n\",\"Stig Claesson\",\"tillg\u00e4nglighet\",\"tj\u00e4nstegaranti\",\"valr\u00f6relse\",\"verksamhetsber\u00e4ttelse\",\"Xhilda Bushati\"],\"articleSection\":[\"\u00c5rsm\u00f6te\"],\"inLanguage\":\"sv-SE\"},{\"@type\":\"WebPage\",\"@id\":\"https:\\\/\\\/wp.kristdemokraterna.se\\\/varnamo\\\/2005\\\/02\\\/11\\\/fler-och-fler-kristdemokrater\\\/\",\"url\":\"https:\\\/\\\/wp.kristdemokraterna.se\\\/varnamo\\\/2005\\\/02\\\/11\\\/fler-och-fler-kristdemokrater\\\/\",\"name\":\"Fler och fler Kristdemokrater - KRISTDEMOKRATERNA V\u00c4RNAMO\",\"isPartOf\":{\"@id\":\"https:\\\/\\\/wp.kristdemokraterna.se\\\/varnamo\\\/#website\"},\"primaryImageOfPage\":{\"@id\":\"https:\\\/\\\/wp.kristdemokraterna.se\\\/varnamo\\\/2005\\\/02\\\/11\\\/fler-och-fler-kristdemokrater\\\/#primaryimage\"},\"image\":{\"@id\":\"https:\\\/\\\/wp.kristdemokraterna.se\\\/varnamo\\\/2005\\\/02\\\/11\\\/fler-och-fler-kristdemokrater\\\/#primaryimage\"},\"thumbnailUrl\":\"https:\\\/\\\/wp.kristdemokraterna.se\\\/varnamo\\\/files\\\/2022\\\/08\\\/kd-logo-blue.png\",\"datePublished\":\"2005-02-11T20:37:00+00:00\",\"dateModified\":\"2015-07-12T13:40:19+00:00\",\"breadcrumb\":{\"@id\":\"https:\\\/\\\/wp.kristdemokraterna.se\\\/varnamo\\\/2005\\\/02\\\/11\\\/fler-och-fler-kristdemokrater\\\/#breadcrumb\"},\"inLanguage\":\"sv-SE\",\"potentialAction\":[{\"@type\":\"ReadAction\",\"target\":[\"https:\\\/\\\/wp.kristdemokraterna.se\\\/varnamo\\\/2005\\\/02\\\/11\\\/fler-och-fler-kristdemokrater\\\/\"]}]},{\"@type\":\"ImageObject\",\"inLanguage\":\"sv-SE\",\"@id\":\"https:\\\/\\\/wp.kristdemokraterna.se\\\/varnamo\\\/2005\\\/02\\\/11\\\/fler-och-fler-kristdemokrater\\\/#primaryimage\",\"url\":\"https:\\\/\\\/wp.kristdemokraterna.se\\\/varnamo\\\/files\\\/2022\\\/08\\\/kd-logo-blue.png\",\"contentUrl\":\"https:\\\/\\\/wp.kristdemokraterna.se\\\/varnamo\\\/files\\\/2022\\\/08\\\/kd-logo-blue.png\",\"width\":2000,\"height\":2000,\"caption\":\"Kristdemokraternas logotyp\"},{\"@type\":\"BreadcrumbList\",\"@id\":\"https:\\\/\\\/wp.kristdemokraterna.se\\\/varnamo\\\/2005\\\/02\\\/11\\\/fler-och-fler-kristdemokrater\\\/#breadcrumb\",\"itemListElement\":[{\"@type\":\"ListItem\",\"position\":1,\"name\":\"Hem\",\"item\":\"https:\\\/\\\/wp.kristdemokraterna.se\\\/varnamo\\\/\"},{\"@type\":\"ListItem\",\"position\":2,\"name\":\"Fler och fler Kristdemokrater\"}]},{\"@type\":\"WebSite\",\"@id\":\"https:\\\/\\\/wp.kristdemokraterna.se\\\/varnamo\\\/#website\",\"url\":\"https:\\\/\\\/wp.kristdemokraterna.se\\\/varnamo\\\/\",\"name\":\"KRISTDEMOKRATERNA V\u00c4RNAMO\",\"description\":\"Med hj\u00e4rta f\u00f6r V\u00e4rnamo\",\"publisher\":{\"@id\":\"https:\\\/\\\/wp.kristdemokraterna.se\\\/varnamo\\\/#organization\"},\"inLanguage\":\"sv-SE\"},{\"@type\":\"Organization\",\"@id\":\"https:\\\/\\\/wp.kristdemokraterna.se\\\/varnamo\\\/#organization\",\"name\":\"Kristdemokraterna V\u00e4rnamo\",\"url\":\"https:\\\/\\\/wp.kristdemokraterna.se\\\/varnamo\\\/\",\"logo\":{\"@type\":\"ImageObject\",\"inLanguage\":\"sv-SE\",\"@id\":\"https:\\\/\\\/wp.kristdemokraterna.se\\\/varnamo\\\/#\\\/schema\\\/logo\\\/image\\\/\",\"url\":\"https:\\\/\\\/wp.kristdemokraterna.se\\\/varnamo\\\/files\\\/2022\\\/08\\\/va\u2560ernamo-sida-bla-300dpi.png\",\"contentUrl\":\"https:\\\/\\\/wp.kristdemokraterna.se\\\/varnamo\\\/files\\\/2022\\\/08\\\/va\u2560ernamo-sida-bla-300dpi.png\",\"width\":1485,\"height\":681,\"caption\":\"Kristdemokraterna V\u00e4rnamo\"},\"image\":{\"@id\":\"https:\\\/\\\/wp.kristdemokraterna.se\\\/varnamo\\\/#\\\/schema\\\/logo\\\/image\\\/\"},\"sameAs\":[\"https:\\\/\\\/www.facebook.com\\\/KDVarnamo\\\/\",\"https:\\\/\\\/x.com\\\/KDVarnamo\",\"https:\\\/\\\/www.instagram.com\\\/\",\"https:\\\/\\\/www.youtube.com\\\/user\\\/studiokd\\\/videos\"]},{\"@type\":\"Person\",\"@id\":\"https:\\\/\\\/wp.kristdemokraterna.se\\\/varnamo\\\/#\\\/schema\\\/person\\\/4e339ab04d613699e4dfe80a994e01d4\",\"name\":\"Kristdemokraterna V\u00e4rnamo\",\"image\":{\"@type\":\"ImageObject\",\"inLanguage\":\"sv-SE\",\"@id\":\"https:\\\/\\\/secure.gravatar.com\\\/avatar\\\/c122e48c7723992af51eb155eeaa93db3c1fa324e3fc6ec45dd712c812809b5b?s=96&r=g\",\"url\":\"https:\\\/\\\/secure.gravatar.com\\\/avatar\\\/c122e48c7723992af51eb155eeaa93db3c1fa324e3fc6ec45dd712c812809b5b?s=96&r=g\",\"contentUrl\":\"https:\\\/\\\/secure.gravatar.com\\\/avatar\\\/c122e48c7723992af51eb155eeaa93db3c1fa324e3fc6ec45dd712c812809b5b?s=96&r=g\",\"caption\":\"Kristdemokraterna V\u00e4rnamo\"},\"description\":\"Familjens r\u00f6st\",\"sameAs\":[\"http:\\\/\\\/www.varnamo.kristdemokraterna.se\"],\"url\":\"https:\\\/\\\/wp.kristdemokraterna.se\\\/varnamo\\\/author\\\/varnamo\\\/\"}]}<\/script>\n<!-- \/ Yoast SEO plugin. -->","yoast_head_json":{"title":"Fler och fler Kristdemokrater - KRISTDEMOKRATERNA V\u00c4RNAMO","robots":{"index":"index","follow":"follow","max-snippet":"max-snippet:-1","max-image-preview":"max-image-preview:large","max-video-preview":"max-video-preview:-1"},"canonical":"https:\/\/wp.kristdemokraterna.se\/varnamo\/2005\/02\/11\/fler-och-fler-kristdemokrater\/","og_locale":"sv_SE","og_type":"article","og_title":"Fler och fler Kristdemokrater - KRISTDEMOKRATERNA V\u00c4RNAMO","og_description":"Medlemsantalet \u00f6kar och Kristdemokraterna blev tredje st\u00f6rsta parti i EU-valet \u2013 s\u00e5 ser det ut i V\u00e4rnamo. KDU:s f\u00f6rbundsordf\u00f6rande Erik Slottner inspirerade V\u00e4rnamos kristdemokrater ytterligare genom att tala om hur valet 2006 kan vinnas.","og_url":"https:\/\/wp.kristdemokraterna.se\/varnamo\/2005\/02\/11\/fler-och-fler-kristdemokrater\/","og_site_name":"KRISTDEMOKRATERNA V\u00c4RNAMO","article_publisher":"https:\/\/www.facebook.com\/KDVarnamo\/","article_published_time":"2005-02-11T20:37:00+00:00","article_modified_time":"2015-07-12T13:40:19+00:00","og_image":[{"url":"http:\/\/wp.kristdemokraterna.se\/varnamo\/files\/2010\/08\/erik_slottner.jpg","type":"","width":"","height":""}],"author":"Kristdemokraterna V\u00e4rnamo","twitter_card":"summary_large_image","twitter_creator":"@KDVarnamo","twitter_site":"@KDVarnamo","twitter_misc":{"Skriven av":"Kristdemokraterna V\u00e4rnamo","Ber\u00e4knad l\u00e4stid":"8 minuter"},"schema":{"@context":"https:\/\/schema.org","@graph":[{"@type":"Article","@id":"https:\/\/wp.kristdemokraterna.se\/varnamo\/2005\/02\/11\/fler-och-fler-kristdemokrater\/#article","isPartOf":{"@id":"https:\/\/wp.kristdemokraterna.se\/varnamo\/2005\/02\/11\/fler-och-fler-kristdemokrater\/"},"author":{"name":"Kristdemokraterna V\u00e4rnamo","@id":"https:\/\/wp.kristdemokraterna.se\/varnamo\/#\/schema\/person\/4e339ab04d613699e4dfe80a994e01d4"},"headline":"Fler och fler Kristdemokrater","datePublished":"2005-02-11T20:37:00+00:00","dateModified":"2015-07-12T13:40:19+00:00","mainEntityOfPage":{"@id":"https:\/\/wp.kristdemokraterna.se\/varnamo\/2005\/02\/11\/fler-och-fler-kristdemokrater\/"},"wordCount":1684,"publisher":{"@id":"https:\/\/wp.kristdemokraterna.se\/varnamo\/#organization"},"image":{"@id":"https:\/\/wp.kristdemokraterna.se\/varnamo\/2005\/02\/11\/fler-och-fler-kristdemokrater\/#primaryimage"},"thumbnailUrl":"https:\/\/wp.kristdemokraterna.se\/varnamo\/files\/2022\/08\/kd-logo-blue.png","keywords":["\u00c5ke Bengtsson","\u00e4ldre","Alf Svensson","Anita M\u00e5rtensson","Ann-Kristin Lindberg","Arnold Carlzon","Bengt Sandolf","Christer Fjordevik","delaktighet","Egon Rubensson","ekonomi","Erik Slottner","etik","Europaparlamentet","familj","fr\u00e5ga","Frida Colv\u00e5s","fullm\u00e4ktigegrupp","funktionshinder","G\u00f6ran H\u00e4gglund","Gunnar Crona","Gunnel Youngstr\u00f6m","Gunwor Swerlander","H\u00e5kan Johansson","Helena Halldorf-Romero","Helena H\u00f6ij","Ibrahim Candemir","Ingeborg Lindgren","interpellation","Karin Rylander","KDU","Kent Sundell","Kerstin Sneath","kommunfullm\u00e4ktige","Lars-\u00c5ke Egerbo","Leif B\u00e4ckrud","Lena Freij","Lisbeth Rydefj\u00e4rd","Margareta Lindahl","Maria Larsson","Mario Mikulic","Mats Odell","naturgas","partiledarbes\u00f6k","Per-\u00c5ke Eriksson","Per-Gunnar Dahlgren","Peter Johnsson","psykiatri","riksdagsledamot","riksting","Rodhe Lindahl","Samuel Sunesson","Stefan Attefall","Stefan Thors\u00e9n","Stig Claesson","tillg\u00e4nglighet","tj\u00e4nstegaranti","valr\u00f6relse","verksamhetsber\u00e4ttelse","Xhilda Bushati"],"articleSection":["\u00c5rsm\u00f6te"],"inLanguage":"sv-SE"},{"@type":"WebPage","@id":"https:\/\/wp.kristdemokraterna.se\/varnamo\/2005\/02\/11\/fler-och-fler-kristdemokrater\/","url":"https:\/\/wp.kristdemokraterna.se\/varnamo\/2005\/02\/11\/fler-och-fler-kristdemokrater\/","name":"Fler och fler Kristdemokrater - KRISTDEMOKRATERNA V\u00c4RNAMO","isPartOf":{"@id":"https:\/\/wp.kristdemokraterna.se\/varnamo\/#website"},"primaryImageOfPage":{"@id":"https:\/\/wp.kristdemokraterna.se\/varnamo\/2005\/02\/11\/fler-och-fler-kristdemokrater\/#primaryimage"},"image":{"@id":"https:\/\/wp.kristdemokraterna.se\/varnamo\/2005\/02\/11\/fler-och-fler-kristdemokrater\/#primaryimage"},"thumbnailUrl":"https:\/\/wp.kristdemokraterna.se\/varnamo\/files\/2022\/08\/kd-logo-blue.png","datePublished":"2005-02-11T20:37:00+00:00","dateModified":"2015-07-12T13:40:19+00:00","breadcrumb":{"@id":"https:\/\/wp.kristdemokraterna.se\/varnamo\/2005\/02\/11\/fler-och-fler-kristdemokrater\/#breadcrumb"},"inLanguage":"sv-SE","potentialAction":[{"@type":"ReadAction","target":["https:\/\/wp.kristdemokraterna.se\/varnamo\/2005\/02\/11\/fler-och-fler-kristdemokrater\/"]}]},{"@type":"ImageObject","inLanguage":"sv-SE","@id":"https:\/\/wp.kristdemokraterna.se\/varnamo\/2005\/02\/11\/fler-och-fler-kristdemokrater\/#primaryimage","url":"https:\/\/wp.kristdemokraterna.se\/varnamo\/files\/2022\/08\/kd-logo-blue.png","contentUrl":"https:\/\/wp.kristdemokraterna.se\/varnamo\/files\/2022\/08\/kd-logo-blue.png","width":2000,"height":2000,"caption":"Kristdemokraternas logotyp"},{"@type":"BreadcrumbList","@id":"https:\/\/wp.kristdemokraterna.se\/varnamo\/2005\/02\/11\/fler-och-fler-kristdemokrater\/#breadcrumb","itemListElement":[{"@type":"ListItem","position":1,"name":"Hem","item":"https:\/\/wp.kristdemokraterna.se\/varnamo\/"},{"@type":"ListItem","position":2,"name":"Fler och fler Kristdemokrater"}]},{"@type":"WebSite","@id":"https:\/\/wp.kristdemokraterna.se\/varnamo\/#website","url":"https:\/\/wp.kristdemokraterna.se\/varnamo\/","name":"KRISTDEMOKRATERNA V\u00c4RNAMO","description":"Med hj\u00e4rta f\u00f6r V\u00e4rnamo","publisher":{"@id":"https:\/\/wp.kristdemokraterna.se\/varnamo\/#organization"},"inLanguage":"sv-SE"},{"@type":"Organization","@id":"https:\/\/wp.kristdemokraterna.se\/varnamo\/#organization","name":"Kristdemokraterna V\u00e4rnamo","url":"https:\/\/wp.kristdemokraterna.se\/varnamo\/","logo":{"@type":"ImageObject","inLanguage":"sv-SE","@id":"https:\/\/wp.kristdemokraterna.se\/varnamo\/#\/schema\/logo\/image\/","url":"https:\/\/wp.kristdemokraterna.se\/varnamo\/files\/2022\/08\/va\u2560ernamo-sida-bla-300dpi.png","contentUrl":"https:\/\/wp.kristdemokraterna.se\/varnamo\/files\/2022\/08\/va\u2560ernamo-sida-bla-300dpi.png","width":1485,"height":681,"caption":"Kristdemokraterna V\u00e4rnamo"},"image":{"@id":"https:\/\/wp.kristdemokraterna.se\/varnamo\/#\/schema\/logo\/image\/"},"sameAs":["https:\/\/www.facebook.com\/KDVarnamo\/","https:\/\/x.com\/KDVarnamo","https:\/\/www.instagram.com\/","https:\/\/www.youtube.com\/user\/studiokd\/videos"]},{"@type":"Person","@id":"https:\/\/wp.kristdemokraterna.se\/varnamo\/#\/schema\/person\/4e339ab04d613699e4dfe80a994e01d4","name":"Kristdemokraterna V\u00e4rnamo","image":{"@type":"ImageObject","inLanguage":"sv-SE","@id":"https:\/\/secure.gravatar.com\/avatar\/c122e48c7723992af51eb155eeaa93db3c1fa324e3fc6ec45dd712c812809b5b?s=96&r=g","url":"https:\/\/secure.gravatar.com\/avatar\/c122e48c7723992af51eb155eeaa93db3c1fa324e3fc6ec45dd712c812809b5b?s=96&r=g","contentUrl":"https:\/\/secure.gravatar.com\/avatar\/c122e48c7723992af51eb155eeaa93db3c1fa324e3fc6ec45dd712c812809b5b?s=96&r=g","caption":"Kristdemokraterna V\u00e4rnamo"},"description":"Familjens r\u00f6st","sameAs":["http:\/\/www.varnamo.kristdemokraterna.se"],"url":"https:\/\/wp.kristdemokraterna.se\/varnamo\/author\/varnamo\/"}]}},"_links":{"self":[{"href":"https:\/\/wp.kristdemokraterna.se\/varnamo\/wp-json\/wp\/v2\/posts\/1933","targetHints":{"allow":["GET"]}}],"collection":[{"href":"https:\/\/wp.kristdemokraterna.se\/varnamo\/wp-json\/wp\/v2\/posts"}],"about":[{"href":"https:\/\/wp.kristdemokraterna.se\/varnamo\/wp-json\/wp\/v2\/types\/post"}],"author":[{"embeddable":true,"href":"https:\/\/wp.kristdemokraterna.se\/varnamo\/wp-json\/wp\/v2\/users\/412"}],"replies":[{"embeddable":true,"href":"https:\/\/wp.kristdemokraterna.se\/varnamo\/wp-json\/wp\/v2\/comments?post=1933"}],"version-history":[{"count":5,"href":"https:\/\/wp.kristdemokraterna.se\/varnamo\/wp-json\/wp\/v2\/posts\/1933\/revisions"}],"predecessor-version":[{"id":6779,"href":"https:\/\/wp.kristdemokraterna.se\/varnamo\/wp-json\/wp\/v2\/posts\/1933\/revisions\/6779"}],"wp:featuredmedia":[{"embeddable":true,"href":"https:\/\/wp.kristdemokraterna.se\/varnamo\/wp-json\/wp\/v2\/media\/9638"}],"wp:attachment":[{"href":"https:\/\/wp.kristdemokraterna.se\/varnamo\/wp-json\/wp\/v2\/media?parent=1933"}],"wp:term":[{"taxonomy":"category","embeddable":true,"href":"https:\/\/wp.kristdemokraterna.se\/varnamo\/wp-json\/wp\/v2\/categories?post=1933"},{"taxonomy":"post_tag","embeddable":true,"href":"https:\/\/wp.kristdemokraterna.se\/varnamo\/wp-json\/wp\/v2\/tags?post=1933"}],"curies":[{"name":"wp","href":"https:\/\/api.w.org\/{rel}","templated":true}]}}