{"id":1941,"date":"2006-03-13T21:38:00","date_gmt":"2006-03-13T20:38:00","guid":{"rendered":"http:\/\/localhost:4901\/?p=1941"},"modified":"2015-07-12T15:07:41","modified_gmt":"2015-07-12T13:07:41","slug":"christer-stig-och-leif-kristdemokraternas-toppnamn-2006","status":"publish","type":"post","link":"https:\/\/wp.kristdemokraterna.se\/varnamo\/2006\/03\/13\/christer-stig-och-leif-kristdemokraternas-toppnamn-2006\/","title":{"rendered":"Christer, Stig och Leif \u2013 Kristdemokraternas toppnamn 2006"},"content":{"rendered":"<div style=\"width: 410px\" class=\"wp-caption alignnone\"><a href=\"http:\/\/wp.kristdemokraterna.se\/varnamo\/files\/2010\/08\/nominering_monica_lena_christer_margareta.jpg\"><img loading=\"lazy\" decoding=\"async\" style=\"color: #333333;font-style: normal\" title=\"nominering_monica_lena_christer_margareta\" src=\"http:\/\/wp.kristdemokraterna.se\/varnamo\/files\/2010\/08\/nominering_monica_lena_christer_margareta.jpg\" alt=\"Monica Johnsson, Lena Freij, Christer Fjordevik och Margareta Lindahl. (Foto: H\u00e5kan Johansson)\" width=\"400\" height=\"300\" \/><\/a><p class=\"wp-caption-text\">Monica Johnsson, Lena Freij, Christer Fjordevik och Margareta Lindahl. (Foto: H\u00e5kan Johansson)<\/p><\/div>\n<p>Christer Fjordevik, Margareta Lindahl, Gunnar Crona, Kerstin Sneath, Leif B\u00e4ckrud, Stig Claesson och Camilla Rinaldo Miller. S\u00e5 kommer den kristdemokratiska kommunfullm\u00e4ktige-gruppen att se ut efter \u00e5rets val, med 2002 \u00e5rs valresultat.<\/p>\n<p><!--more-->Vid Kristdemokraternas\u00a0nomineringsst\u00e4mma inf\u00f6r 2006 \u00e5rs val till V\u00e4rnamo kommunfullm\u00e4ktige\u00a0valde man att g\u00e5 ut med tre listor i valet, en lista f\u00f6r V\u00e4rnamo stad och tv\u00e5 listor f\u00f6r resten av kommunen uppdelad i \u00f6ster och v\u00e4ster. Nomineringsst\u00e4mman h\u00f6lls p\u00e5 Forsg\u00e5rden i Forsheda, dit ett 20-tal kristdemokrater hade tagit sig f\u00f6r att utse kandidater i kommunfullm\u00e4ktigevalet och lyssna till kommunalr\u00e5det Christer Fjordeviks <a title=\"Visioner f\u00f6r ett kristdemokratiskt V\u00e4rnamo\" href=\"http:\/\/wp.kristdemokraterna.se\/varnamo\/2006\/03\/13\/visioner-for-ett-kristdemokratiskt-varnamo\/\">visioner f\u00f6r ett kristdemokratiskt V\u00e4rnamo<\/a>.<\/p>\n<p>Nomineringskommitt\u00e9ns f\u00f6rslag till valsedlar i 2006 \u00e5rs val till V\u00e4rnamo kommunfullm\u00e4ktige inneh\u00f6ll inga stora f\u00f6r\u00e4ndringar bland toppkandidaterna. Nytt var att Lena Freij fr\u00e5n Bor och Camilla Rinaldo Miller fr\u00e5n Bredaryd tog plats i toppen. <q title=\"Nomineringskommitten\">Det \u00e4r alltid dumt att \u00e4ndra ett vinnande lag<\/q>, var nomineringskommitt\u00e9ns motivering till de m\u00e5ttliga f\u00f6r\u00e4ndringarna. Dock har det tillkommit en hel del nya kandidatnamn under mandatperioden, vilket avspeglas i valsedlarnas \u00e5lders- och k\u00f6nsf\u00f6rdelning. Av Kristdemokraternas 57 kandidater \u00e4r 25 kvinnor (44 %), sex har invandrarbakgrund (11 %), sju \u00e4r yngre \u00e4n 30 \u00e5r (12 %) och sex seniorer (11 %). Efter ett antal justeringar av nomineringskommitt\u00e9ns f\u00f6rslag antog st\u00e4mman de tre <a title=\"L\u00e4nk till Kristdemokraternas valsedlar i 2002 \u00e5rs val till V\u00e4rnamo kommunfullm\u00e4ktige\" href=\"#valsedlar\">valsedlarna<\/a>. Dessa toppas av Christer Fjordevik, Stig Claesson och Leif B\u00e4ckrud.<\/p>\n<hr \/>\n<h1 id=\"valsedlar\">Kristdemokraternas valsedlar i 2006 \u00e5rs val till V\u00e4rnamo kommunfullm\u00e4ktige<\/h1>\n<h2>V\u00e4rnamo<\/h2>\n<div style=\"width: 310px\" class=\"wp-caption alignnone\"><a href=\"http:\/\/wp.kristdemokraterna.se\/varnamo\/files\/2010\/08\/nominering_kerstin_gunnar_margareta_christer.jpg\"><img loading=\"lazy\" decoding=\"async\" title=\"nominering_kerstin_gunnar_margareta_christer\" src=\"http:\/\/wp.kristdemokraterna.se\/varnamo\/files\/2010\/08\/nominering_kerstin_gunnar_margareta_christer.jpg\" alt=\"Kerstin Sneath, Gunnar Crona, Margareta Lindahl och Christer Fjordevik. (Foto: H\u00e5kan Johansson)\" width=\"300\" height=\"400\" \/><\/a><p class=\"wp-caption-text\">Kerstin Sneath, Gunnar Crona, Margareta Lindahl och Christer Fjordevik. (Foto: H\u00e5kan Johansson)<\/p><\/div>\n<ol>\n<li>Christer Fjordevik, Kommunalr\u00e5d<\/li>\n<li>Margareta Lindahl, Distriktsk\u00f6terska<\/li>\n<li>Gunnar Crona, Skolchef<\/li>\n<li>Kerstin Sneath, Ekonom<\/li>\n<li>Arnold Carlzon, L\u00e4rare<\/li>\n<li>Ibrahim Candemir, L\u00f6nesupport<\/li>\n<li>H\u00e5kan Johansson, L\u00e4rare<\/li>\n<li>Xhilda Bushati, Kemist<\/li>\n<li>Helen Gustavsson, Sjuksk\u00f6terska<\/li>\n<li>Peter Johnson, Begravningsentrepren\u00f6r<\/li>\n<li>Sanja Mikulic<\/li>\n<li>Jonatan Egerbo, Ungdomsledare<\/li>\n<li>Samira Hansen, Fritidsledare<\/li>\n<li>Robert Tedenby, Behandlingsassistent<\/li>\n<li>Mirjana Danjski, Metallarbetare<\/li>\n<li>Patrik Ekvall, F\u00f6retagare<\/li>\n<li>Gunnel Youngstr\u00f6m, S\u00e4ljare<\/li>\n<li>Alf Svensson, S\u00e4ljare<\/li>\n<li>Eva-Karin Westman<\/li>\n<li>Donald Crona, Kronofogde<\/li>\n<li>Evanjeline Eriksson, Studerande<\/li>\n<li>Anders Magnusson, Sk\u00f6tare<\/li>\n<li>Kerstin T\u00e5gerud, Sjuksk\u00f6terska<\/li>\n<li>Herrmy Nenkert Pettersson, Senior<\/li>\n<li>Cenni Frick, Senior<\/li>\n<li>Anita M\u00e5rtensson, Utbildningskonsulent<\/li>\n<li>Lars-Evert Jonsson, Pastor<\/li>\n<\/ol>\n<h2>\u00d6ster<\/h2>\n<div style=\"width: 410px\" class=\"wp-caption alignnone\"><a href=\"http:\/\/wp.kristdemokraterna.se\/varnamo\/files\/2010\/08\/nominering_lena_lars-ake.jpg\"><img loading=\"lazy\" decoding=\"async\" title=\"nominering_lena_lars-ake\" src=\"http:\/\/wp.kristdemokraterna.se\/varnamo\/files\/2010\/08\/nominering_lena_lars-ake.jpg\" alt=\"Lena Freij och Lars-\u00c5ke Egerbo. (Foto: H\u00e5kan Johansson)\" width=\"400\" height=\"300\" \/><\/a><p class=\"wp-caption-text\">Lena Freij och Lars-\u00c5ke Egerbo. (Foto: H\u00e5kan Johansson)<\/p><\/div>\n<ol>\n<li>Leif B\u00e4ckrud, Konstrukt\u00f6r, Rydaholm<\/li>\n<li>Lena Freij, Kokerska, Bor<\/li>\n<li>Lars-\u00c5ke Egerbo, Pastor, V\u00e4rnamo<\/li>\n<li>Margareta Svensson, L\u00e4rare, Bor<\/li>\n<li>Bo Bengtsson, Lantbrukare, T\u00e5nn\u00f6<\/li>\n<li>Susanne Karlsson, Industriarbetare, Horda<\/li>\n<li>Monica Johnsson, Sjuksk\u00f6terska, Rydaholm<\/li>\n<li>J\u00f6rgen Andreasson, Musikl\u00e4rare, Bor<\/li>\n<li>Ann-Britt Karlsson, Undersk\u00f6terska, Horda<\/li>\n<li>Ingvar Sandolf, Rydaholm<\/li>\n<li>Birgitta Nyberg, Barnmorska, Rydaholm<\/li>\n<li>Kjell Johansson, Fastighetssk\u00f6tare, T\u00e5nn\u00f6<\/li>\n<li>Frida Colv\u00e5s, Skaftarp, Bor<\/li>\n<li>Bertil Pettersson, Senior, Horda<\/li>\n<li>Lars-Uno Lindev\u00e4rn, Lantbrukare, Nederby<\/li>\n<li>Leif Andersson, Kyrkoherde, V\u00e4rnamo<\/li>\n<\/ol>\n<h2>V\u00e4ster<\/h2>\n<div style=\"width: 410px\" class=\"wp-caption alignnone\"><a href=\"http:\/\/wp.kristdemokraterna.se\/varnamo\/files\/2010\/08\/nominering_arnold_per-gunnar.jpg\"><img loading=\"lazy\" decoding=\"async\" title=\"nominering_arnold_per-gunnar\" src=\"http:\/\/wp.kristdemokraterna.se\/varnamo\/files\/2010\/08\/nominering_arnold_per-gunnar.jpg\" alt=\"Arnold Carlzon och Per-Gunnar Dahlgren. (Foto: H\u00e5kan Johansson)\" width=\"400\" height=\"300\" \/><\/a><p class=\"wp-caption-text\">Arnold Carlzon och Per-Gunnar Dahlgren. (Foto: H\u00e5kan Johansson)<\/p><\/div>\n<ol>\n<li>Stig Claesson, F\u00f6retagare, V\u00e4rnamo<\/li>\n<li>Camilla Rinaldo-Miller, Fris\u00f6r, Bredaryd<\/li>\n<li>Per-Gunnar Dahlgren, Pastor, Forsheda<\/li>\n<li>Camilla Lundberg, Forsheda<\/li>\n<li>Kjell Ericsson, Bilskrotare, Forsheda<\/li>\n<li>Hanna Ericsson, Musikl\u00e4rare, K\u00e4rda<\/li>\n<li>Per-\u00c5ke Eriksson, Ingenj\u00f6r, V\u00e4rnamo<\/li>\n<li>Kerstin Karlsson, V\u00e5rdarinna, H\u00e5nger<\/li>\n<li>Bertil Isaksson, Banktj\u00e4nsteman, Bredaryd<\/li>\n<li>Runa Bj\u00f6rkering, Senior, Lanna<\/li>\n<li>Ingemar Jennersj\u00f6, Musikl\u00e4rare, K\u00e4rda<\/li>\n<li>Bengt Sandolf, Banktj\u00e4nsteman, Bredaryd<\/li>\n<li>John-Erik Johansson, Senior, K\u00e4rda<\/li>\n<\/ol>\n<p>Anm\u00e4rkning: Nomineringsst\u00e4mman gav lokalavdelningsstyrelsen i uppdrag att komplettera listan f\u00f6r v\u00e4stra kommundelen med ytterligare n\u00e5got eller n\u00e5gra namn.<\/p>\n","protected":false},"excerpt":{"rendered":"<p>Christer Fjordevik, Margareta Lindahl, Gunnar Crona, Kerstin Sneath, Leif B\u00e4ckrud, Stig Claesson och Camilla Rinaldo Miller. S\u00e5 kommer den kristdemokratiska kommunfullm\u00e4ktige-gruppen att se ut efter \u00e5rets val, med 2002 \u00e5rs valresultat.<\/p>\n","protected":false},"author":412,"featured_media":9638,"comment_status":"closed","ping_status":"closed","sticky":false,"template":"","format":"standard","meta":{"_acf_changed":false,"footnotes":""},"categories":[11],"tags":[22,21,24,51,25,237,48,111,90,91,110,95,417,205,112,65,62,212],"class_list":["post-1941","post","type-post","status-publish","format-standard","hentry","category-nyheter","tag-arnold-carlzon","tag-camilla-rinaldo-miller","tag-christer-fjordevik","tag-forsheda","tag-gunnar-crona","tag-kerstin-sneath","tag-kommunfullmaktige","tag-lars-ake-egerbo","tag-leif-backrud","tag-lena-freij","tag-margareta-lindahl","tag-monica-johnsson","tag-nomineringar","tag-nomineringsstamma","tag-per-gunnar-dahlgren","tag-stig-claesson","tag-valrorelse","tag-valsedlar"],"acf":[],"yoast_head":"<!-- This site is optimized with the Yoast SEO plugin v27.4 - https:\/\/yoast.com\/product\/yoast-seo-wordpress\/ -->\n<title>Christer, Stig och Leif \u2013 Kristdemokraternas toppnamn 2006 - KRISTDEMOKRATERNA V\u00c4RNAMO<\/title>\n<meta name=\"robots\" content=\"index, follow, max-snippet:-1, max-image-preview:large, max-video-preview:-1\" \/>\n<link rel=\"canonical\" href=\"https:\/\/wp.kristdemokraterna.se\/varnamo\/2006\/03\/13\/christer-stig-och-leif-kristdemokraternas-toppnamn-2006\/\" \/>\n<meta property=\"og:locale\" content=\"sv_SE\" \/>\n<meta property=\"og:type\" content=\"article\" \/>\n<meta property=\"og:title\" content=\"Christer, Stig och Leif \u2013 Kristdemokraternas toppnamn 2006 - KRISTDEMOKRATERNA V\u00c4RNAMO\" \/>\n<meta property=\"og:description\" content=\"Christer Fjordevik, Margareta Lindahl, Gunnar Crona, Kerstin Sneath, Leif B\u00e4ckrud, Stig Claesson och Camilla Rinaldo Miller. S\u00e5 kommer den kristdemokratiska kommunfullm\u00e4ktige-gruppen att se ut efter \u00e5rets val, med 2002 \u00e5rs valresultat.\" \/>\n<meta property=\"og:url\" content=\"https:\/\/wp.kristdemokraterna.se\/varnamo\/2006\/03\/13\/christer-stig-och-leif-kristdemokraternas-toppnamn-2006\/\" \/>\n<meta property=\"og:site_name\" content=\"KRISTDEMOKRATERNA V\u00c4RNAMO\" \/>\n<meta property=\"article:publisher\" content=\"https:\/\/www.facebook.com\/KDVarnamo\/\" \/>\n<meta property=\"article:published_time\" content=\"2006-03-13T20:38:00+00:00\" \/>\n<meta property=\"article:modified_time\" content=\"2015-07-12T13:07:41+00:00\" \/>\n<meta property=\"og:image\" content=\"http:\/\/wp.kristdemokraterna.se\/varnamo\/files\/2010\/08\/nominering_monica_lena_christer_margareta.jpg\" \/>\n<meta name=\"author\" content=\"Kristdemokraterna V\u00e4rnamo\" \/>\n<meta name=\"twitter:card\" content=\"summary_large_image\" \/>\n<meta name=\"twitter:creator\" content=\"@KDVarnamo\" \/>\n<meta name=\"twitter:site\" content=\"@KDVarnamo\" \/>\n<meta name=\"twitter:label1\" content=\"Skriven av\" \/>\n\t<meta name=\"twitter:data1\" content=\"Kristdemokraterna V\u00e4rnamo\" \/>\n\t<meta name=\"twitter:label2\" content=\"Ber\u00e4knad l\u00e4stid\" \/>\n\t<meta name=\"twitter:data2\" content=\"3 minuter\" \/>\n<script type=\"application\/ld+json\" class=\"yoast-schema-graph\">{\"@context\":\"https:\\\/\\\/schema.org\",\"@graph\":[{\"@type\":\"Article\",\"@id\":\"https:\\\/\\\/wp.kristdemokraterna.se\\\/varnamo\\\/2006\\\/03\\\/13\\\/christer-stig-och-leif-kristdemokraternas-toppnamn-2006\\\/#article\",\"isPartOf\":{\"@id\":\"https:\\\/\\\/wp.kristdemokraterna.se\\\/varnamo\\\/2006\\\/03\\\/13\\\/christer-stig-och-leif-kristdemokraternas-toppnamn-2006\\\/\"},\"author\":{\"name\":\"Kristdemokraterna V\u00e4rnamo\",\"@id\":\"https:\\\/\\\/wp.kristdemokraterna.se\\\/varnamo\\\/#\\\/schema\\\/person\\\/4e339ab04d613699e4dfe80a994e01d4\"},\"headline\":\"Christer, Stig och Leif \u2013 Kristdemokraternas toppnamn 2006\",\"datePublished\":\"2006-03-13T20:38:00+00:00\",\"dateModified\":\"2015-07-12T13:07:41+00:00\",\"mainEntityOfPage\":{\"@id\":\"https:\\\/\\\/wp.kristdemokraterna.se\\\/varnamo\\\/2006\\\/03\\\/13\\\/christer-stig-och-leif-kristdemokraternas-toppnamn-2006\\\/\"},\"wordCount\":593,\"publisher\":{\"@id\":\"https:\\\/\\\/wp.kristdemokraterna.se\\\/varnamo\\\/#organization\"},\"image\":{\"@id\":\"https:\\\/\\\/wp.kristdemokraterna.se\\\/varnamo\\\/2006\\\/03\\\/13\\\/christer-stig-och-leif-kristdemokraternas-toppnamn-2006\\\/#primaryimage\"},\"thumbnailUrl\":\"https:\\\/\\\/wp.kristdemokraterna.se\\\/varnamo\\\/files\\\/2022\\\/08\\\/kd-logo-blue.png\",\"keywords\":[\"Arnold Carlzon\",\"Camilla Rinaldo Miller\",\"Christer Fjordevik\",\"Forsheda\",\"Gunnar Crona\",\"Kerstin Sneath\",\"kommunfullm\u00e4ktige\",\"Lars-\u00c5ke Egerbo\",\"Leif B\u00e4ckrud\",\"Lena Freij\",\"Margareta Lindahl\",\"Monica Johnsson\",\"nomineringar\",\"nomineringsst\u00e4mma\",\"Per-Gunnar Dahlgren\",\"Stig Claesson\",\"valr\u00f6relse\",\"valsedlar\"],\"articleSection\":[\"Nyheter\"],\"inLanguage\":\"sv-SE\"},{\"@type\":\"WebPage\",\"@id\":\"https:\\\/\\\/wp.kristdemokraterna.se\\\/varnamo\\\/2006\\\/03\\\/13\\\/christer-stig-och-leif-kristdemokraternas-toppnamn-2006\\\/\",\"url\":\"https:\\\/\\\/wp.kristdemokraterna.se\\\/varnamo\\\/2006\\\/03\\\/13\\\/christer-stig-och-leif-kristdemokraternas-toppnamn-2006\\\/\",\"name\":\"Christer, Stig och Leif \u2013 Kristdemokraternas toppnamn 2006 - KRISTDEMOKRATERNA V\u00c4RNAMO\",\"isPartOf\":{\"@id\":\"https:\\\/\\\/wp.kristdemokraterna.se\\\/varnamo\\\/#website\"},\"primaryImageOfPage\":{\"@id\":\"https:\\\/\\\/wp.kristdemokraterna.se\\\/varnamo\\\/2006\\\/03\\\/13\\\/christer-stig-och-leif-kristdemokraternas-toppnamn-2006\\\/#primaryimage\"},\"image\":{\"@id\":\"https:\\\/\\\/wp.kristdemokraterna.se\\\/varnamo\\\/2006\\\/03\\\/13\\\/christer-stig-och-leif-kristdemokraternas-toppnamn-2006\\\/#primaryimage\"},\"thumbnailUrl\":\"https:\\\/\\\/wp.kristdemokraterna.se\\\/varnamo\\\/files\\\/2022\\\/08\\\/kd-logo-blue.png\",\"datePublished\":\"2006-03-13T20:38:00+00:00\",\"dateModified\":\"2015-07-12T13:07:41+00:00\",\"breadcrumb\":{\"@id\":\"https:\\\/\\\/wp.kristdemokraterna.se\\\/varnamo\\\/2006\\\/03\\\/13\\\/christer-stig-och-leif-kristdemokraternas-toppnamn-2006\\\/#breadcrumb\"},\"inLanguage\":\"sv-SE\",\"potentialAction\":[{\"@type\":\"ReadAction\",\"target\":[\"https:\\\/\\\/wp.kristdemokraterna.se\\\/varnamo\\\/2006\\\/03\\\/13\\\/christer-stig-och-leif-kristdemokraternas-toppnamn-2006\\\/\"]}]},{\"@type\":\"ImageObject\",\"inLanguage\":\"sv-SE\",\"@id\":\"https:\\\/\\\/wp.kristdemokraterna.se\\\/varnamo\\\/2006\\\/03\\\/13\\\/christer-stig-och-leif-kristdemokraternas-toppnamn-2006\\\/#primaryimage\",\"url\":\"https:\\\/\\\/wp.kristdemokraterna.se\\\/varnamo\\\/files\\\/2022\\\/08\\\/kd-logo-blue.png\",\"contentUrl\":\"https:\\\/\\\/wp.kristdemokraterna.se\\\/varnamo\\\/files\\\/2022\\\/08\\\/kd-logo-blue.png\",\"width\":2000,\"height\":2000,\"caption\":\"Kristdemokraternas logotyp\"},{\"@type\":\"BreadcrumbList\",\"@id\":\"https:\\\/\\\/wp.kristdemokraterna.se\\\/varnamo\\\/2006\\\/03\\\/13\\\/christer-stig-och-leif-kristdemokraternas-toppnamn-2006\\\/#breadcrumb\",\"itemListElement\":[{\"@type\":\"ListItem\",\"position\":1,\"name\":\"Hem\",\"item\":\"https:\\\/\\\/wp.kristdemokraterna.se\\\/varnamo\\\/\"},{\"@type\":\"ListItem\",\"position\":2,\"name\":\"Christer, Stig och Leif \u2013 Kristdemokraternas toppnamn 2006\"}]},{\"@type\":\"WebSite\",\"@id\":\"https:\\\/\\\/wp.kristdemokraterna.se\\\/varnamo\\\/#website\",\"url\":\"https:\\\/\\\/wp.kristdemokraterna.se\\\/varnamo\\\/\",\"name\":\"KRISTDEMOKRATERNA V\u00c4RNAMO\",\"description\":\"Med hj\u00e4rta f\u00f6r V\u00e4rnamo\",\"publisher\":{\"@id\":\"https:\\\/\\\/wp.kristdemokraterna.se\\\/varnamo\\\/#organization\"},\"inLanguage\":\"sv-SE\"},{\"@type\":\"Organization\",\"@id\":\"https:\\\/\\\/wp.kristdemokraterna.se\\\/varnamo\\\/#organization\",\"name\":\"Kristdemokraterna V\u00e4rnamo\",\"url\":\"https:\\\/\\\/wp.kristdemokraterna.se\\\/varnamo\\\/\",\"logo\":{\"@type\":\"ImageObject\",\"inLanguage\":\"sv-SE\",\"@id\":\"https:\\\/\\\/wp.kristdemokraterna.se\\\/varnamo\\\/#\\\/schema\\\/logo\\\/image\\\/\",\"url\":\"https:\\\/\\\/wp.kristdemokraterna.se\\\/varnamo\\\/files\\\/2022\\\/08\\\/va\u2560ernamo-sida-bla-300dpi.png\",\"contentUrl\":\"https:\\\/\\\/wp.kristdemokraterna.se\\\/varnamo\\\/files\\\/2022\\\/08\\\/va\u2560ernamo-sida-bla-300dpi.png\",\"width\":1485,\"height\":681,\"caption\":\"Kristdemokraterna V\u00e4rnamo\"},\"image\":{\"@id\":\"https:\\\/\\\/wp.kristdemokraterna.se\\\/varnamo\\\/#\\\/schema\\\/logo\\\/image\\\/\"},\"sameAs\":[\"https:\\\/\\\/www.facebook.com\\\/KDVarnamo\\\/\",\"https:\\\/\\\/x.com\\\/KDVarnamo\",\"https:\\\/\\\/www.instagram.com\\\/\",\"https:\\\/\\\/www.youtube.com\\\/user\\\/studiokd\\\/videos\"]},{\"@type\":\"Person\",\"@id\":\"https:\\\/\\\/wp.kristdemokraterna.se\\\/varnamo\\\/#\\\/schema\\\/person\\\/4e339ab04d613699e4dfe80a994e01d4\",\"name\":\"Kristdemokraterna V\u00e4rnamo\",\"image\":{\"@type\":\"ImageObject\",\"inLanguage\":\"sv-SE\",\"@id\":\"https:\\\/\\\/secure.gravatar.com\\\/avatar\\\/c122e48c7723992af51eb155eeaa93db3c1fa324e3fc6ec45dd712c812809b5b?s=96&r=g\",\"url\":\"https:\\\/\\\/secure.gravatar.com\\\/avatar\\\/c122e48c7723992af51eb155eeaa93db3c1fa324e3fc6ec45dd712c812809b5b?s=96&r=g\",\"contentUrl\":\"https:\\\/\\\/secure.gravatar.com\\\/avatar\\\/c122e48c7723992af51eb155eeaa93db3c1fa324e3fc6ec45dd712c812809b5b?s=96&r=g\",\"caption\":\"Kristdemokraterna V\u00e4rnamo\"},\"description\":\"Familjens r\u00f6st\",\"sameAs\":[\"http:\\\/\\\/www.varnamo.kristdemokraterna.se\"],\"url\":\"https:\\\/\\\/wp.kristdemokraterna.se\\\/varnamo\\\/author\\\/varnamo\\\/\"}]}<\/script>\n<!-- \/ Yoast SEO plugin. -->","yoast_head_json":{"title":"Christer, Stig och Leif \u2013 Kristdemokraternas toppnamn 2006 - KRISTDEMOKRATERNA V\u00c4RNAMO","robots":{"index":"index","follow":"follow","max-snippet":"max-snippet:-1","max-image-preview":"max-image-preview:large","max-video-preview":"max-video-preview:-1"},"canonical":"https:\/\/wp.kristdemokraterna.se\/varnamo\/2006\/03\/13\/christer-stig-och-leif-kristdemokraternas-toppnamn-2006\/","og_locale":"sv_SE","og_type":"article","og_title":"Christer, Stig och Leif \u2013 Kristdemokraternas toppnamn 2006 - KRISTDEMOKRATERNA V\u00c4RNAMO","og_description":"Christer Fjordevik, Margareta Lindahl, Gunnar Crona, Kerstin Sneath, Leif B\u00e4ckrud, Stig Claesson och Camilla Rinaldo Miller. S\u00e5 kommer den kristdemokratiska kommunfullm\u00e4ktige-gruppen att se ut efter \u00e5rets val, med 2002 \u00e5rs valresultat.","og_url":"https:\/\/wp.kristdemokraterna.se\/varnamo\/2006\/03\/13\/christer-stig-och-leif-kristdemokraternas-toppnamn-2006\/","og_site_name":"KRISTDEMOKRATERNA V\u00c4RNAMO","article_publisher":"https:\/\/www.facebook.com\/KDVarnamo\/","article_published_time":"2006-03-13T20:38:00+00:00","article_modified_time":"2015-07-12T13:07:41+00:00","og_image":[{"url":"http:\/\/wp.kristdemokraterna.se\/varnamo\/files\/2010\/08\/nominering_monica_lena_christer_margareta.jpg","type":"","width":"","height":""}],"author":"Kristdemokraterna V\u00e4rnamo","twitter_card":"summary_large_image","twitter_creator":"@KDVarnamo","twitter_site":"@KDVarnamo","twitter_misc":{"Skriven av":"Kristdemokraterna V\u00e4rnamo","Ber\u00e4knad l\u00e4stid":"3 minuter"},"schema":{"@context":"https:\/\/schema.org","@graph":[{"@type":"Article","@id":"https:\/\/wp.kristdemokraterna.se\/varnamo\/2006\/03\/13\/christer-stig-och-leif-kristdemokraternas-toppnamn-2006\/#article","isPartOf":{"@id":"https:\/\/wp.kristdemokraterna.se\/varnamo\/2006\/03\/13\/christer-stig-och-leif-kristdemokraternas-toppnamn-2006\/"},"author":{"name":"Kristdemokraterna V\u00e4rnamo","@id":"https:\/\/wp.kristdemokraterna.se\/varnamo\/#\/schema\/person\/4e339ab04d613699e4dfe80a994e01d4"},"headline":"Christer, Stig och Leif \u2013 Kristdemokraternas toppnamn 2006","datePublished":"2006-03-13T20:38:00+00:00","dateModified":"2015-07-12T13:07:41+00:00","mainEntityOfPage":{"@id":"https:\/\/wp.kristdemokraterna.se\/varnamo\/2006\/03\/13\/christer-stig-och-leif-kristdemokraternas-toppnamn-2006\/"},"wordCount":593,"publisher":{"@id":"https:\/\/wp.kristdemokraterna.se\/varnamo\/#organization"},"image":{"@id":"https:\/\/wp.kristdemokraterna.se\/varnamo\/2006\/03\/13\/christer-stig-och-leif-kristdemokraternas-toppnamn-2006\/#primaryimage"},"thumbnailUrl":"https:\/\/wp.kristdemokraterna.se\/varnamo\/files\/2022\/08\/kd-logo-blue.png","keywords":["Arnold Carlzon","Camilla Rinaldo Miller","Christer Fjordevik","Forsheda","Gunnar Crona","Kerstin Sneath","kommunfullm\u00e4ktige","Lars-\u00c5ke Egerbo","Leif B\u00e4ckrud","Lena Freij","Margareta Lindahl","Monica Johnsson","nomineringar","nomineringsst\u00e4mma","Per-Gunnar Dahlgren","Stig Claesson","valr\u00f6relse","valsedlar"],"articleSection":["Nyheter"],"inLanguage":"sv-SE"},{"@type":"WebPage","@id":"https:\/\/wp.kristdemokraterna.se\/varnamo\/2006\/03\/13\/christer-stig-och-leif-kristdemokraternas-toppnamn-2006\/","url":"https:\/\/wp.kristdemokraterna.se\/varnamo\/2006\/03\/13\/christer-stig-och-leif-kristdemokraternas-toppnamn-2006\/","name":"Christer, Stig och Leif \u2013 Kristdemokraternas toppnamn 2006 - KRISTDEMOKRATERNA V\u00c4RNAMO","isPartOf":{"@id":"https:\/\/wp.kristdemokraterna.se\/varnamo\/#website"},"primaryImageOfPage":{"@id":"https:\/\/wp.kristdemokraterna.se\/varnamo\/2006\/03\/13\/christer-stig-och-leif-kristdemokraternas-toppnamn-2006\/#primaryimage"},"image":{"@id":"https:\/\/wp.kristdemokraterna.se\/varnamo\/2006\/03\/13\/christer-stig-och-leif-kristdemokraternas-toppnamn-2006\/#primaryimage"},"thumbnailUrl":"https:\/\/wp.kristdemokraterna.se\/varnamo\/files\/2022\/08\/kd-logo-blue.png","datePublished":"2006-03-13T20:38:00+00:00","dateModified":"2015-07-12T13:07:41+00:00","breadcrumb":{"@id":"https:\/\/wp.kristdemokraterna.se\/varnamo\/2006\/03\/13\/christer-stig-och-leif-kristdemokraternas-toppnamn-2006\/#breadcrumb"},"inLanguage":"sv-SE","potentialAction":[{"@type":"ReadAction","target":["https:\/\/wp.kristdemokraterna.se\/varnamo\/2006\/03\/13\/christer-stig-och-leif-kristdemokraternas-toppnamn-2006\/"]}]},{"@type":"ImageObject","inLanguage":"sv-SE","@id":"https:\/\/wp.kristdemokraterna.se\/varnamo\/2006\/03\/13\/christer-stig-och-leif-kristdemokraternas-toppnamn-2006\/#primaryimage","url":"https:\/\/wp.kristdemokraterna.se\/varnamo\/files\/2022\/08\/kd-logo-blue.png","contentUrl":"https:\/\/wp.kristdemokraterna.se\/varnamo\/files\/2022\/08\/kd-logo-blue.png","width":2000,"height":2000,"caption":"Kristdemokraternas logotyp"},{"@type":"BreadcrumbList","@id":"https:\/\/wp.kristdemokraterna.se\/varnamo\/2006\/03\/13\/christer-stig-och-leif-kristdemokraternas-toppnamn-2006\/#breadcrumb","itemListElement":[{"@type":"ListItem","position":1,"name":"Hem","item":"https:\/\/wp.kristdemokraterna.se\/varnamo\/"},{"@type":"ListItem","position":2,"name":"Christer, Stig och Leif \u2013 Kristdemokraternas toppnamn 2006"}]},{"@type":"WebSite","@id":"https:\/\/wp.kristdemokraterna.se\/varnamo\/#website","url":"https:\/\/wp.kristdemokraterna.se\/varnamo\/","name":"KRISTDEMOKRATERNA V\u00c4RNAMO","description":"Med hj\u00e4rta f\u00f6r V\u00e4rnamo","publisher":{"@id":"https:\/\/wp.kristdemokraterna.se\/varnamo\/#organization"},"inLanguage":"sv-SE"},{"@type":"Organization","@id":"https:\/\/wp.kristdemokraterna.se\/varnamo\/#organization","name":"Kristdemokraterna V\u00e4rnamo","url":"https:\/\/wp.kristdemokraterna.se\/varnamo\/","logo":{"@type":"ImageObject","inLanguage":"sv-SE","@id":"https:\/\/wp.kristdemokraterna.se\/varnamo\/#\/schema\/logo\/image\/","url":"https:\/\/wp.kristdemokraterna.se\/varnamo\/files\/2022\/08\/va\u2560ernamo-sida-bla-300dpi.png","contentUrl":"https:\/\/wp.kristdemokraterna.se\/varnamo\/files\/2022\/08\/va\u2560ernamo-sida-bla-300dpi.png","width":1485,"height":681,"caption":"Kristdemokraterna V\u00e4rnamo"},"image":{"@id":"https:\/\/wp.kristdemokraterna.se\/varnamo\/#\/schema\/logo\/image\/"},"sameAs":["https:\/\/www.facebook.com\/KDVarnamo\/","https:\/\/x.com\/KDVarnamo","https:\/\/www.instagram.com\/","https:\/\/www.youtube.com\/user\/studiokd\/videos"]},{"@type":"Person","@id":"https:\/\/wp.kristdemokraterna.se\/varnamo\/#\/schema\/person\/4e339ab04d613699e4dfe80a994e01d4","name":"Kristdemokraterna V\u00e4rnamo","image":{"@type":"ImageObject","inLanguage":"sv-SE","@id":"https:\/\/secure.gravatar.com\/avatar\/c122e48c7723992af51eb155eeaa93db3c1fa324e3fc6ec45dd712c812809b5b?s=96&r=g","url":"https:\/\/secure.gravatar.com\/avatar\/c122e48c7723992af51eb155eeaa93db3c1fa324e3fc6ec45dd712c812809b5b?s=96&r=g","contentUrl":"https:\/\/secure.gravatar.com\/avatar\/c122e48c7723992af51eb155eeaa93db3c1fa324e3fc6ec45dd712c812809b5b?s=96&r=g","caption":"Kristdemokraterna V\u00e4rnamo"},"description":"Familjens r\u00f6st","sameAs":["http:\/\/www.varnamo.kristdemokraterna.se"],"url":"https:\/\/wp.kristdemokraterna.se\/varnamo\/author\/varnamo\/"}]}},"_links":{"self":[{"href":"https:\/\/wp.kristdemokraterna.se\/varnamo\/wp-json\/wp\/v2\/posts\/1941","targetHints":{"allow":["GET"]}}],"collection":[{"href":"https:\/\/wp.kristdemokraterna.se\/varnamo\/wp-json\/wp\/v2\/posts"}],"about":[{"href":"https:\/\/wp.kristdemokraterna.se\/varnamo\/wp-json\/wp\/v2\/types\/post"}],"author":[{"embeddable":true,"href":"https:\/\/wp.kristdemokraterna.se\/varnamo\/wp-json\/wp\/v2\/users\/412"}],"replies":[{"embeddable":true,"href":"https:\/\/wp.kristdemokraterna.se\/varnamo\/wp-json\/wp\/v2\/comments?post=1941"}],"version-history":[{"count":11,"href":"https:\/\/wp.kristdemokraterna.se\/varnamo\/wp-json\/wp\/v2\/posts\/1941\/revisions"}],"predecessor-version":[{"id":6768,"href":"https:\/\/wp.kristdemokraterna.se\/varnamo\/wp-json\/wp\/v2\/posts\/1941\/revisions\/6768"}],"wp:featuredmedia":[{"embeddable":true,"href":"https:\/\/wp.kristdemokraterna.se\/varnamo\/wp-json\/wp\/v2\/media\/9638"}],"wp:attachment":[{"href":"https:\/\/wp.kristdemokraterna.se\/varnamo\/wp-json\/wp\/v2\/media?parent=1941"}],"wp:term":[{"taxonomy":"category","embeddable":true,"href":"https:\/\/wp.kristdemokraterna.se\/varnamo\/wp-json\/wp\/v2\/categories?post=1941"},{"taxonomy":"post_tag","embeddable":true,"href":"https:\/\/wp.kristdemokraterna.se\/varnamo\/wp-json\/wp\/v2\/tags?post=1941"}],"curies":[{"name":"wp","href":"https:\/\/api.w.org\/{rel}","templated":true}]}}