{"id":1943,"date":"2006-06-15T21:38:00","date_gmt":"2006-06-15T19:38:00","guid":{"rendered":"http:\/\/localhost:4901\/?p=1943"},"modified":"2015-07-12T15:04:18","modified_gmt":"2015-07-12T13:04:18","slug":"en-budget-for-solidaritet","status":"publish","type":"post","link":"https:\/\/wp.kristdemokraterna.se\/varnamo\/2006\/06\/15\/en-budget-for-solidaritet\/","title":{"rendered":"En budget f\u00f6r solidaritet"},"content":{"rendered":"<p>F\u00f6r f\u00f6rsta g\u00e5ngen antog V\u00e4rnamo kommunfullm\u00e4ktige n\u00e4sta \u00e5rs budget redan i juni. Som inledning till budgetdebatten presenterade Kristdemokraternas kommunalr\u00e5d Christer Fjordevik Kristdemokraternas vision med budgeten.<\/p>\n<p><!--more-->Herr ordf\u00f6rande!<\/p>\n<p><em>V\u00e4rnamo \u2013 den m\u00e4nskliga tillv\u00e4xtkommunen! H\u00e4r f\u00f6rverkligar du dina dr\u00f6mmar, skapar, upplever, \u00e4r delaktig och tar ansvar!<\/em><\/p>\n<p>Visionen f\u00f6r V\u00e4rnamo kommun f\u00f6rtj\u00e4nar att upprepas inte bara en g\u00e5ng utan ofta. En budget \u00e4r mer \u00e4n bara ekonomi. Budgeten ska spegla visionen, vad vi vill, v\u00e5ra m\u00e5l och hur vi m\u00f6ter den framtid som vi \u00e4nnu inte vet s\u00e5 mycket om. Det jag vill s\u00e4ga \u00e4r, att budgeten st\u00e5r f\u00f6r s\u00e5 mycket mer \u00e4n bara ekonomi. Den \u00e4r ett uttryck f\u00f6r v\u00e5r gemensamma ambition att utveckla V\u00e4rnamo som en attraktiv kommun med god kvalit\u00e9 i skola och omsorg och andra kommunala tj\u00e4nster. Den \u00e4r ett uttryck f\u00f6r hur vi vill m\u00f6ta de framtida utmaningar vi st\u00e5r inf\u00f6r.<\/p>\n<p>I \u00e5r tar vi budgeten f\u00f6r f\u00f6rsta g\u00e5ngen i V\u00e4rnamo kommuns historia redan i juni. Ambitionen \u00e4r en f\u00f6r\u00e4ndring av budgetarbetet i syfte att f\u00e5 in det mer l\u00e5ngsiktiga perspektivet som har formulerats i alliansen f\u00f6r V\u00e4rnamos ledningsdeklaration. D\u00e4r talas om en uth\u00e5llighet, ekonomisk s\u00e5v\u00e4l som social och ekologisk. Med det l\u00e5ngsiktiga perspektivet menas att vi har en tradition att f\u00f6rvalta, att bygga vidare p\u00e5, vi har dagens kommuninv\u00e5nare \u2013 dom som lever och bor i V\u00e4rnamo kommun idag, deras behov att tillgodose \u2013 och vi har framtida kommuninv\u00e5nare, kommande generationer att ta h\u00e4nsyn till. Det handlar med andra ord om en generationssolidaritet, att p\u00e5 ett ansvarsfullt s\u00e4tt bygga f\u00f6r framtiden med h\u00e4nsyn till den nu levande generationen och till vad den tidigare generationen har byggt upp. Och grunden f\u00f6r en s\u00e5dan generationssolidaritet \u00e4r en sund och god ekonomi. \u00c5rets budgetarbete har d\u00e4rf\u00f6r k\u00e4nnetecknats mer \u00e4n tidigare av en djupg\u00e5ende omv\u00e4rldsanalys. Det \u00e4r ett s\u00e4tt att arbeta p\u00e5 som blir allt viktigare med tanke p\u00e5 den egoistiska och individualiserade kultur vi lever i. Det kortsiktiga perspektivet dominerar. Ett annat sk\u00e4l till n\u00f6dv\u00e4ndigheten av en omv\u00e4rldsanalys att vi lever inte p\u00e5 en isolerad \u00f6, utan \u00e4r beroende av vad som h\u00e4nder runt omkring oss, inte bara i Sverige, inte ens bara i Europa utan de facto i hela v\u00e4rlden. Det \u00e4r f\u00f6ljden av globaliseringen. Omv\u00e4rldsanalysen ger vi handen att vi har att m\u00f6ta sv\u00e5ra och stora utmaningar inom ekonomin s\u00e5v\u00e4l som sociala och ekologiska. Att ha med det perspektivet redan idag \u00e4r att t\u00e4nka l\u00e5ngsiktigt. En sund och god ekonomi k\u00e4nnetecknas av att framtida generationer inte satts i skuldf\u00e4llan av innevarande generation. F\u00f6rvaltarskapsprincipen brukar vi kristdemokrater tala om som en grundl\u00e4ggande h\u00e5llning att m\u00f6ta framtiden.<\/p>\n<p>Den ekonomiska utmaningen \u00e4r att f\u00e5 en effektiv, rationell och l\u00e5ngsiktigt h\u00e5llbar ekonomi med de pengar som st\u00e5r till f\u00f6rfogande och samtidigt l\u00f6sa det uppdrag vi har, att ge omsorg, erbjuda v\u00e5ra barn en bra skola och s\u00e5 vidare. Vi kan knappast h\u00f6ja skatten mer. Kanske det till och med \u00e4r s\u00e5 att omv\u00e4rlden i framtiden tvingar oss att s\u00e4nka skatten. Genom rationaliseringar, effektiviseringar kan vi skapa utrymme f\u00f6r det. Vi kristdemokrater ser skatten som ett instrument f\u00f6r att solidariskt betala den generella v\u00e4lf\u00e4rden, att se till att s\u00e4kra alla m\u00e4nniskors lika och unika v\u00e4rde och v\u00e4rdighet. Samtidigt har vi som f\u00f6rtroendevalda ett ansvar att f\u00f6rvalta skattepengarna r\u00e4tt, att se till att skattebetalarna f\u00e5r ut s\u00e5 mycket som det \u00f6ver huvud taget \u00e4r m\u00f6jligt av varje inbetalad skattekrona.<\/p>\n<p>Den sociala utmaningen ser vi fr\u00e4mst att m\u00f6ta den demografiska f\u00f6r\u00e4ndring vi st\u00e5r inf\u00f6r. Det \u00e4r ett av sk\u00e4len till att vi kristdemokrater har lagt en motion om \u00c4ldreh\u00e4lsocentral. Vi tror n\u00e4mligen att det f\u00f6rebyggande arbetet f\u00f6r \u00e4ldres h\u00e4lsa blir allt n\u00f6dv\u00e4ndigare. Vi f\u00f6rst\u00e4rker Omsorgsn\u00e4mnden budget med en generell ram\u00f6kning f\u00f6r att bland annat kunna m\u00f6ta den f\u00f6r\u00e4ndrade \u00e5ldersstrukturen, 4 milj 2007, 7 milj 2008 och 8 milj 2009.<\/p>\n<p>Vi ser ocks\u00e5 fr\u00e5gan om integration eller inkludering som en allt viktigare fr\u00e5ga. P\u00e5 m\u00e5nga h\u00e5ll i landet \u00e4r den utveckling som vi idag kan se en tickande bomb. I v\u00e5r kommun f\u00e5r de flesta nysvenskar arbete men vi har \u00e4nd\u00e5 valt att l\u00e4gga extra pengar p\u00e5 integration. De integrations- och inkluderingsprojekt som p\u00e5g\u00e5r \u00e4r viktiga. Inte minst Integration och F\u00f6retagande \u00e4r ett exempel p\u00e5 ett bra s\u00e4tt att arbeta p\u00e5 f\u00f6r att tillvarata v\u00e5ra nysvenskars b\u00e5de kompetens och f\u00f6rm\u00e5ga.<\/p>\n<p>Ocks\u00e5 Medborgarn\u00e4mnden ger vi en generell ram\u00f6kning med 2, 3 respektive 4 milj kr under perioden. Medborgarn\u00e4mnden har en klar inriktning mot att minska beroendet av f\u00f6rs\u00f6rjningsst\u00f6d. Det bakomliggande sk\u00e4let \u00e4r f\u00f6rst\u00e5s att det handlar om v\u00e4rdighet f\u00f6r m\u00e4nniskor. Ju mindre bidragsberoende v\u00e5ra medborgare blir desto mer kan sj\u00e4lvk\u00e4nslan, sj\u00e4lvf\u00f6rtroendet och tron p\u00e5 sin egen f\u00f6rm\u00e5ga \u00f6ka.<\/p>\n<p>P\u00e5 investeringssidan g\u00f6r vi stora satsningar. Apladalsskolan kommer ig\u00e5ng 2007. F\u00f6rskoleutbyggnaden forts\u00e4tter. Vi g\u00f6r en stor satsning p\u00e5 Badanl\u00e4ggningen till alla v\u00e5ra kommunmedborgares b\u00e4sta. Vi bygger f\u00e4rdigt S\u00e4rskolans om- och tillbyggnad p\u00e5 Figy och startar en efterl\u00e4ngtad om- och tillbyggnad av Kulturens hus p\u00e5 Figy.<\/p>\n<p>Investeringsniv\u00e5n ligger egentligen lite f\u00f6r h\u00f6gt men det \u00e4r en f\u00f6ljd av att vi \u00f6kar befolkningsm\u00e4ssigt.<\/p>\n<p>En av de st\u00f6rsta satsningarna i investeringsbudgeten, med tanke p\u00e5 vilken effekt den har, \u00e4r Bredastens utbyggnad. Det \u00e4r en satsning som betyder att trycket \u00f6kar p\u00e5 boende ocks\u00e5 \u00f6sterut, framf\u00f6r allt mot Bor. Av det sk\u00e4let vill vi ha ig\u00e5ng en utredning om bostadsomr\u00e5den i Bor.<\/p>\n<p>En liten avs\u00e4ttning kan det tyckas, men l\u00e5ngt ifr\u00e5n oviktig, \u00e4r den vi g\u00f6r i ks budget f\u00f6r k\u00f6p av en samordningstj\u00e4nst f\u00f6r milj\u00f6arbetet. Vi kristdemokrater driver fr\u00e5gan om att st\u00e4rka milj\u00f6ledningsarbetet i kommunen och att det \u00e4r ks som ska ha den uppgiften. Ute p\u00e5 f\u00f6rvaltningarna och i n\u00e4mnderna bedrivs ett omfattande och bra milj\u00f6arbete p\u00e5 m\u00e5nga h\u00e5ll. En samordning och ledning kan bli till hj\u00e4lp att utveckla det arbetet \u00e4n mer.<\/p>\n<p style=\"text-align: right\"><em>Christer Fjordevik<\/em><\/p>\n","protected":false},"excerpt":{"rendered":"<p>F\u00f6r f\u00f6rsta g\u00e5ngen antog V\u00e4rnamo kommunfullm\u00e4ktige n\u00e4sta \u00e5rs budget redan i juni. Som inledning till budgetdebatten presenterade Kristdemokraternas kommunalr\u00e5d Christer Fjordevik Kristdemokraternas vision med budgeten.<\/p>\n","protected":false},"author":412,"featured_media":3256,"comment_status":"closed","ping_status":"closed","sticky":false,"template":"","format":"standard","meta":{"_acf_changed":false,"footnotes":""},"categories":[11],"tags":[213,370,53,235,227,24,262,353,164,183,359,372,162,253,215,304,78,39,261,346,33,323,101,371,209,247,179,233],"class_list":["post-1943","post","type-post","status-publish","format-standard","hentry","category-nyheter","tag-aldrehalsocentral","tag-attraktiv","tag-bor","tag-bredasten","tag-budget","tag-christer-fjordevik","tag-ekonomi","tag-finnvedens-gymnasium","tag-foretagande","tag-forvaltarskap","tag-fritid","tag-globalisering","tag-integration","tag-kultur","tag-kvalitet","tag-mal","tag-manniskovarde","tag-miljo","tag-omsorg","tag-skatter","tag-skola","tag-social-och-ekologisk-marknadsekonomi","tag-solidaritet","tag-uthallighet","tag-utveckling","tag-valfard","tag-vardighet","tag-vision"],"acf":[],"yoast_head":"<!-- This site is optimized with the Yoast SEO plugin v27.4 - https:\/\/yoast.com\/product\/yoast-seo-wordpress\/ -->\n<title>En budget f\u00f6r solidaritet - KRISTDEMOKRATERNA V\u00c4RNAMO<\/title>\n<meta name=\"robots\" content=\"index, follow, max-snippet:-1, max-image-preview:large, max-video-preview:-1\" \/>\n<link rel=\"canonical\" href=\"https:\/\/wp.kristdemokraterna.se\/varnamo\/2006\/06\/15\/en-budget-for-solidaritet\/\" \/>\n<meta property=\"og:locale\" content=\"sv_SE\" \/>\n<meta property=\"og:type\" content=\"article\" \/>\n<meta property=\"og:title\" content=\"En budget f\u00f6r solidaritet - KRISTDEMOKRATERNA V\u00c4RNAMO\" \/>\n<meta property=\"og:description\" content=\"F\u00f6r f\u00f6rsta g\u00e5ngen antog V\u00e4rnamo kommunfullm\u00e4ktige n\u00e4sta \u00e5rs budget redan i juni. Som inledning till budgetdebatten presenterade Kristdemokraternas kommunalr\u00e5d Christer Fjordevik Kristdemokraternas vision med budgeten.\" \/>\n<meta property=\"og:url\" content=\"https:\/\/wp.kristdemokraterna.se\/varnamo\/2006\/06\/15\/en-budget-for-solidaritet\/\" \/>\n<meta property=\"og:site_name\" content=\"KRISTDEMOKRATERNA V\u00c4RNAMO\" \/>\n<meta property=\"article:publisher\" content=\"https:\/\/www.facebook.com\/KDVarnamo\/\" \/>\n<meta property=\"article:published_time\" content=\"2006-06-15T19:38:00+00:00\" \/>\n<meta property=\"article:modified_time\" content=\"2015-07-12T13:04:18+00:00\" \/>\n<meta property=\"og:image\" content=\"https:\/\/wp.kristdemokraterna.se\/varnamo\/files\/2013\/11\/christer_fjordevik.jpg\" \/>\n\t<meta property=\"og:image:width\" content=\"300\" \/>\n\t<meta property=\"og:image:height\" content=\"300\" \/>\n\t<meta property=\"og:image:type\" content=\"image\/jpeg\" \/>\n<meta name=\"author\" content=\"Kristdemokraterna V\u00e4rnamo\" \/>\n<meta name=\"twitter:card\" content=\"summary_large_image\" \/>\n<meta name=\"twitter:creator\" content=\"@KDVarnamo\" \/>\n<meta name=\"twitter:site\" content=\"@KDVarnamo\" \/>\n<meta name=\"twitter:label1\" content=\"Skriven av\" \/>\n\t<meta name=\"twitter:data1\" content=\"Kristdemokraterna V\u00e4rnamo\" \/>\n\t<meta name=\"twitter:label2\" content=\"Ber\u00e4knad l\u00e4stid\" \/>\n\t<meta name=\"twitter:data2\" content=\"6 minuter\" \/>\n<script type=\"application\/ld+json\" class=\"yoast-schema-graph\">{\"@context\":\"https:\\\/\\\/schema.org\",\"@graph\":[{\"@type\":\"Article\",\"@id\":\"https:\\\/\\\/wp.kristdemokraterna.se\\\/varnamo\\\/2006\\\/06\\\/15\\\/en-budget-for-solidaritet\\\/#article\",\"isPartOf\":{\"@id\":\"https:\\\/\\\/wp.kristdemokraterna.se\\\/varnamo\\\/2006\\\/06\\\/15\\\/en-budget-for-solidaritet\\\/\"},\"author\":{\"name\":\"Kristdemokraterna V\u00e4rnamo\",\"@id\":\"https:\\\/\\\/wp.kristdemokraterna.se\\\/varnamo\\\/#\\\/schema\\\/person\\\/4e339ab04d613699e4dfe80a994e01d4\"},\"headline\":\"En budget f\u00f6r solidaritet\",\"datePublished\":\"2006-06-15T19:38:00+00:00\",\"dateModified\":\"2015-07-12T13:04:18+00:00\",\"mainEntityOfPage\":{\"@id\":\"https:\\\/\\\/wp.kristdemokraterna.se\\\/varnamo\\\/2006\\\/06\\\/15\\\/en-budget-for-solidaritet\\\/\"},\"wordCount\":1136,\"publisher\":{\"@id\":\"https:\\\/\\\/wp.kristdemokraterna.se\\\/varnamo\\\/#organization\"},\"image\":{\"@id\":\"https:\\\/\\\/wp.kristdemokraterna.se\\\/varnamo\\\/2006\\\/06\\\/15\\\/en-budget-for-solidaritet\\\/#primaryimage\"},\"thumbnailUrl\":\"https:\\\/\\\/wp.kristdemokraterna.se\\\/varnamo\\\/files\\\/2013\\\/11\\\/christer_fjordevik.jpg\",\"keywords\":[\"\u00e4ldreh\u00e4lsocentral\",\"attraktiv\",\"Bor\",\"Bredasten\",\"budget\",\"Christer Fjordevik\",\"ekonomi\",\"Finnvedens gymnasium\",\"f\u00f6retagande\",\"f\u00f6rvaltarskap\",\"fritid\",\"globalisering\",\"integration\",\"kultur\",\"kvalitet\",\"m\u00e5l\",\"m\u00e4nniskov\u00e4rde\",\"milj\u00f6\",\"omsorg\",\"skatter\",\"skola\",\"social och ekologisk marknadsekonomi\",\"solidaritet\",\"uth\u00e5llighet\",\"utveckling\",\"v\u00e4lf\u00e4rd\",\"v\u00e4rdighet\",\"vision\"],\"articleSection\":[\"Nyheter\"],\"inLanguage\":\"sv-SE\"},{\"@type\":\"WebPage\",\"@id\":\"https:\\\/\\\/wp.kristdemokraterna.se\\\/varnamo\\\/2006\\\/06\\\/15\\\/en-budget-for-solidaritet\\\/\",\"url\":\"https:\\\/\\\/wp.kristdemokraterna.se\\\/varnamo\\\/2006\\\/06\\\/15\\\/en-budget-for-solidaritet\\\/\",\"name\":\"En budget f\u00f6r solidaritet - KRISTDEMOKRATERNA V\u00c4RNAMO\",\"isPartOf\":{\"@id\":\"https:\\\/\\\/wp.kristdemokraterna.se\\\/varnamo\\\/#website\"},\"primaryImageOfPage\":{\"@id\":\"https:\\\/\\\/wp.kristdemokraterna.se\\\/varnamo\\\/2006\\\/06\\\/15\\\/en-budget-for-solidaritet\\\/#primaryimage\"},\"image\":{\"@id\":\"https:\\\/\\\/wp.kristdemokraterna.se\\\/varnamo\\\/2006\\\/06\\\/15\\\/en-budget-for-solidaritet\\\/#primaryimage\"},\"thumbnailUrl\":\"https:\\\/\\\/wp.kristdemokraterna.se\\\/varnamo\\\/files\\\/2013\\\/11\\\/christer_fjordevik.jpg\",\"datePublished\":\"2006-06-15T19:38:00+00:00\",\"dateModified\":\"2015-07-12T13:04:18+00:00\",\"breadcrumb\":{\"@id\":\"https:\\\/\\\/wp.kristdemokraterna.se\\\/varnamo\\\/2006\\\/06\\\/15\\\/en-budget-for-solidaritet\\\/#breadcrumb\"},\"inLanguage\":\"sv-SE\",\"potentialAction\":[{\"@type\":\"ReadAction\",\"target\":[\"https:\\\/\\\/wp.kristdemokraterna.se\\\/varnamo\\\/2006\\\/06\\\/15\\\/en-budget-for-solidaritet\\\/\"]}]},{\"@type\":\"ImageObject\",\"inLanguage\":\"sv-SE\",\"@id\":\"https:\\\/\\\/wp.kristdemokraterna.se\\\/varnamo\\\/2006\\\/06\\\/15\\\/en-budget-for-solidaritet\\\/#primaryimage\",\"url\":\"https:\\\/\\\/wp.kristdemokraterna.se\\\/varnamo\\\/files\\\/2013\\\/11\\\/christer_fjordevik.jpg\",\"contentUrl\":\"https:\\\/\\\/wp.kristdemokraterna.se\\\/varnamo\\\/files\\\/2013\\\/11\\\/christer_fjordevik.jpg\",\"width\":300,\"height\":300,\"caption\":\"Christer Fjordevik, Kristdemokraterna V\u00e4rnamo. (Foto: Frida fotograf)\"},{\"@type\":\"BreadcrumbList\",\"@id\":\"https:\\\/\\\/wp.kristdemokraterna.se\\\/varnamo\\\/2006\\\/06\\\/15\\\/en-budget-for-solidaritet\\\/#breadcrumb\",\"itemListElement\":[{\"@type\":\"ListItem\",\"position\":1,\"name\":\"Hem\",\"item\":\"https:\\\/\\\/wp.kristdemokraterna.se\\\/varnamo\\\/\"},{\"@type\":\"ListItem\",\"position\":2,\"name\":\"En budget f\u00f6r solidaritet\"}]},{\"@type\":\"WebSite\",\"@id\":\"https:\\\/\\\/wp.kristdemokraterna.se\\\/varnamo\\\/#website\",\"url\":\"https:\\\/\\\/wp.kristdemokraterna.se\\\/varnamo\\\/\",\"name\":\"KRISTDEMOKRATERNA V\u00c4RNAMO\",\"description\":\"Med hj\u00e4rta f\u00f6r V\u00e4rnamo\",\"publisher\":{\"@id\":\"https:\\\/\\\/wp.kristdemokraterna.se\\\/varnamo\\\/#organization\"},\"inLanguage\":\"sv-SE\"},{\"@type\":\"Organization\",\"@id\":\"https:\\\/\\\/wp.kristdemokraterna.se\\\/varnamo\\\/#organization\",\"name\":\"Kristdemokraterna V\u00e4rnamo\",\"url\":\"https:\\\/\\\/wp.kristdemokraterna.se\\\/varnamo\\\/\",\"logo\":{\"@type\":\"ImageObject\",\"inLanguage\":\"sv-SE\",\"@id\":\"https:\\\/\\\/wp.kristdemokraterna.se\\\/varnamo\\\/#\\\/schema\\\/logo\\\/image\\\/\",\"url\":\"https:\\\/\\\/wp.kristdemokraterna.se\\\/varnamo\\\/files\\\/2022\\\/08\\\/va\u2560ernamo-sida-bla-300dpi.png\",\"contentUrl\":\"https:\\\/\\\/wp.kristdemokraterna.se\\\/varnamo\\\/files\\\/2022\\\/08\\\/va\u2560ernamo-sida-bla-300dpi.png\",\"width\":1485,\"height\":681,\"caption\":\"Kristdemokraterna V\u00e4rnamo\"},\"image\":{\"@id\":\"https:\\\/\\\/wp.kristdemokraterna.se\\\/varnamo\\\/#\\\/schema\\\/logo\\\/image\\\/\"},\"sameAs\":[\"https:\\\/\\\/www.facebook.com\\\/KDVarnamo\\\/\",\"https:\\\/\\\/x.com\\\/KDVarnamo\",\"https:\\\/\\\/www.instagram.com\\\/\",\"https:\\\/\\\/www.youtube.com\\\/user\\\/studiokd\\\/videos\"]},{\"@type\":\"Person\",\"@id\":\"https:\\\/\\\/wp.kristdemokraterna.se\\\/varnamo\\\/#\\\/schema\\\/person\\\/4e339ab04d613699e4dfe80a994e01d4\",\"name\":\"Kristdemokraterna V\u00e4rnamo\",\"image\":{\"@type\":\"ImageObject\",\"inLanguage\":\"sv-SE\",\"@id\":\"https:\\\/\\\/secure.gravatar.com\\\/avatar\\\/c122e48c7723992af51eb155eeaa93db3c1fa324e3fc6ec45dd712c812809b5b?s=96&r=g\",\"url\":\"https:\\\/\\\/secure.gravatar.com\\\/avatar\\\/c122e48c7723992af51eb155eeaa93db3c1fa324e3fc6ec45dd712c812809b5b?s=96&r=g\",\"contentUrl\":\"https:\\\/\\\/secure.gravatar.com\\\/avatar\\\/c122e48c7723992af51eb155eeaa93db3c1fa324e3fc6ec45dd712c812809b5b?s=96&r=g\",\"caption\":\"Kristdemokraterna V\u00e4rnamo\"},\"description\":\"Familjens r\u00f6st\",\"sameAs\":[\"http:\\\/\\\/www.varnamo.kristdemokraterna.se\"],\"url\":\"https:\\\/\\\/wp.kristdemokraterna.se\\\/varnamo\\\/author\\\/varnamo\\\/\"}]}<\/script>\n<!-- \/ Yoast SEO plugin. -->","yoast_head_json":{"title":"En budget f\u00f6r solidaritet - KRISTDEMOKRATERNA V\u00c4RNAMO","robots":{"index":"index","follow":"follow","max-snippet":"max-snippet:-1","max-image-preview":"max-image-preview:large","max-video-preview":"max-video-preview:-1"},"canonical":"https:\/\/wp.kristdemokraterna.se\/varnamo\/2006\/06\/15\/en-budget-for-solidaritet\/","og_locale":"sv_SE","og_type":"article","og_title":"En budget f\u00f6r solidaritet - KRISTDEMOKRATERNA V\u00c4RNAMO","og_description":"F\u00f6r f\u00f6rsta g\u00e5ngen antog V\u00e4rnamo kommunfullm\u00e4ktige n\u00e4sta \u00e5rs budget redan i juni. Som inledning till budgetdebatten presenterade Kristdemokraternas kommunalr\u00e5d Christer Fjordevik Kristdemokraternas vision med budgeten.","og_url":"https:\/\/wp.kristdemokraterna.se\/varnamo\/2006\/06\/15\/en-budget-for-solidaritet\/","og_site_name":"KRISTDEMOKRATERNA V\u00c4RNAMO","article_publisher":"https:\/\/www.facebook.com\/KDVarnamo\/","article_published_time":"2006-06-15T19:38:00+00:00","article_modified_time":"2015-07-12T13:04:18+00:00","og_image":[{"width":300,"height":300,"url":"https:\/\/wp.kristdemokraterna.se\/varnamo\/files\/2013\/11\/christer_fjordevik.jpg","type":"image\/jpeg"}],"author":"Kristdemokraterna V\u00e4rnamo","twitter_card":"summary_large_image","twitter_creator":"@KDVarnamo","twitter_site":"@KDVarnamo","twitter_misc":{"Skriven av":"Kristdemokraterna V\u00e4rnamo","Ber\u00e4knad l\u00e4stid":"6 minuter"},"schema":{"@context":"https:\/\/schema.org","@graph":[{"@type":"Article","@id":"https:\/\/wp.kristdemokraterna.se\/varnamo\/2006\/06\/15\/en-budget-for-solidaritet\/#article","isPartOf":{"@id":"https:\/\/wp.kristdemokraterna.se\/varnamo\/2006\/06\/15\/en-budget-for-solidaritet\/"},"author":{"name":"Kristdemokraterna V\u00e4rnamo","@id":"https:\/\/wp.kristdemokraterna.se\/varnamo\/#\/schema\/person\/4e339ab04d613699e4dfe80a994e01d4"},"headline":"En budget f\u00f6r solidaritet","datePublished":"2006-06-15T19:38:00+00:00","dateModified":"2015-07-12T13:04:18+00:00","mainEntityOfPage":{"@id":"https:\/\/wp.kristdemokraterna.se\/varnamo\/2006\/06\/15\/en-budget-for-solidaritet\/"},"wordCount":1136,"publisher":{"@id":"https:\/\/wp.kristdemokraterna.se\/varnamo\/#organization"},"image":{"@id":"https:\/\/wp.kristdemokraterna.se\/varnamo\/2006\/06\/15\/en-budget-for-solidaritet\/#primaryimage"},"thumbnailUrl":"https:\/\/wp.kristdemokraterna.se\/varnamo\/files\/2013\/11\/christer_fjordevik.jpg","keywords":["\u00e4ldreh\u00e4lsocentral","attraktiv","Bor","Bredasten","budget","Christer Fjordevik","ekonomi","Finnvedens gymnasium","f\u00f6retagande","f\u00f6rvaltarskap","fritid","globalisering","integration","kultur","kvalitet","m\u00e5l","m\u00e4nniskov\u00e4rde","milj\u00f6","omsorg","skatter","skola","social och ekologisk marknadsekonomi","solidaritet","uth\u00e5llighet","utveckling","v\u00e4lf\u00e4rd","v\u00e4rdighet","vision"],"articleSection":["Nyheter"],"inLanguage":"sv-SE"},{"@type":"WebPage","@id":"https:\/\/wp.kristdemokraterna.se\/varnamo\/2006\/06\/15\/en-budget-for-solidaritet\/","url":"https:\/\/wp.kristdemokraterna.se\/varnamo\/2006\/06\/15\/en-budget-for-solidaritet\/","name":"En budget f\u00f6r solidaritet - KRISTDEMOKRATERNA V\u00c4RNAMO","isPartOf":{"@id":"https:\/\/wp.kristdemokraterna.se\/varnamo\/#website"},"primaryImageOfPage":{"@id":"https:\/\/wp.kristdemokraterna.se\/varnamo\/2006\/06\/15\/en-budget-for-solidaritet\/#primaryimage"},"image":{"@id":"https:\/\/wp.kristdemokraterna.se\/varnamo\/2006\/06\/15\/en-budget-for-solidaritet\/#primaryimage"},"thumbnailUrl":"https:\/\/wp.kristdemokraterna.se\/varnamo\/files\/2013\/11\/christer_fjordevik.jpg","datePublished":"2006-06-15T19:38:00+00:00","dateModified":"2015-07-12T13:04:18+00:00","breadcrumb":{"@id":"https:\/\/wp.kristdemokraterna.se\/varnamo\/2006\/06\/15\/en-budget-for-solidaritet\/#breadcrumb"},"inLanguage":"sv-SE","potentialAction":[{"@type":"ReadAction","target":["https:\/\/wp.kristdemokraterna.se\/varnamo\/2006\/06\/15\/en-budget-for-solidaritet\/"]}]},{"@type":"ImageObject","inLanguage":"sv-SE","@id":"https:\/\/wp.kristdemokraterna.se\/varnamo\/2006\/06\/15\/en-budget-for-solidaritet\/#primaryimage","url":"https:\/\/wp.kristdemokraterna.se\/varnamo\/files\/2013\/11\/christer_fjordevik.jpg","contentUrl":"https:\/\/wp.kristdemokraterna.se\/varnamo\/files\/2013\/11\/christer_fjordevik.jpg","width":300,"height":300,"caption":"Christer Fjordevik, Kristdemokraterna V\u00e4rnamo. (Foto: Frida fotograf)"},{"@type":"BreadcrumbList","@id":"https:\/\/wp.kristdemokraterna.se\/varnamo\/2006\/06\/15\/en-budget-for-solidaritet\/#breadcrumb","itemListElement":[{"@type":"ListItem","position":1,"name":"Hem","item":"https:\/\/wp.kristdemokraterna.se\/varnamo\/"},{"@type":"ListItem","position":2,"name":"En budget f\u00f6r solidaritet"}]},{"@type":"WebSite","@id":"https:\/\/wp.kristdemokraterna.se\/varnamo\/#website","url":"https:\/\/wp.kristdemokraterna.se\/varnamo\/","name":"KRISTDEMOKRATERNA V\u00c4RNAMO","description":"Med hj\u00e4rta f\u00f6r V\u00e4rnamo","publisher":{"@id":"https:\/\/wp.kristdemokraterna.se\/varnamo\/#organization"},"inLanguage":"sv-SE"},{"@type":"Organization","@id":"https:\/\/wp.kristdemokraterna.se\/varnamo\/#organization","name":"Kristdemokraterna V\u00e4rnamo","url":"https:\/\/wp.kristdemokraterna.se\/varnamo\/","logo":{"@type":"ImageObject","inLanguage":"sv-SE","@id":"https:\/\/wp.kristdemokraterna.se\/varnamo\/#\/schema\/logo\/image\/","url":"https:\/\/wp.kristdemokraterna.se\/varnamo\/files\/2022\/08\/va\u2560ernamo-sida-bla-300dpi.png","contentUrl":"https:\/\/wp.kristdemokraterna.se\/varnamo\/files\/2022\/08\/va\u2560ernamo-sida-bla-300dpi.png","width":1485,"height":681,"caption":"Kristdemokraterna V\u00e4rnamo"},"image":{"@id":"https:\/\/wp.kristdemokraterna.se\/varnamo\/#\/schema\/logo\/image\/"},"sameAs":["https:\/\/www.facebook.com\/KDVarnamo\/","https:\/\/x.com\/KDVarnamo","https:\/\/www.instagram.com\/","https:\/\/www.youtube.com\/user\/studiokd\/videos"]},{"@type":"Person","@id":"https:\/\/wp.kristdemokraterna.se\/varnamo\/#\/schema\/person\/4e339ab04d613699e4dfe80a994e01d4","name":"Kristdemokraterna V\u00e4rnamo","image":{"@type":"ImageObject","inLanguage":"sv-SE","@id":"https:\/\/secure.gravatar.com\/avatar\/c122e48c7723992af51eb155eeaa93db3c1fa324e3fc6ec45dd712c812809b5b?s=96&r=g","url":"https:\/\/secure.gravatar.com\/avatar\/c122e48c7723992af51eb155eeaa93db3c1fa324e3fc6ec45dd712c812809b5b?s=96&r=g","contentUrl":"https:\/\/secure.gravatar.com\/avatar\/c122e48c7723992af51eb155eeaa93db3c1fa324e3fc6ec45dd712c812809b5b?s=96&r=g","caption":"Kristdemokraterna V\u00e4rnamo"},"description":"Familjens r\u00f6st","sameAs":["http:\/\/www.varnamo.kristdemokraterna.se"],"url":"https:\/\/wp.kristdemokraterna.se\/varnamo\/author\/varnamo\/"}]}},"_links":{"self":[{"href":"https:\/\/wp.kristdemokraterna.se\/varnamo\/wp-json\/wp\/v2\/posts\/1943","targetHints":{"allow":["GET"]}}],"collection":[{"href":"https:\/\/wp.kristdemokraterna.se\/varnamo\/wp-json\/wp\/v2\/posts"}],"about":[{"href":"https:\/\/wp.kristdemokraterna.se\/varnamo\/wp-json\/wp\/v2\/types\/post"}],"author":[{"embeddable":true,"href":"https:\/\/wp.kristdemokraterna.se\/varnamo\/wp-json\/wp\/v2\/users\/412"}],"replies":[{"embeddable":true,"href":"https:\/\/wp.kristdemokraterna.se\/varnamo\/wp-json\/wp\/v2\/comments?post=1943"}],"version-history":[{"count":5,"href":"https:\/\/wp.kristdemokraterna.se\/varnamo\/wp-json\/wp\/v2\/posts\/1943\/revisions"}],"predecessor-version":[{"id":6765,"href":"https:\/\/wp.kristdemokraterna.se\/varnamo\/wp-json\/wp\/v2\/posts\/1943\/revisions\/6765"}],"wp:featuredmedia":[{"embeddable":true,"href":"https:\/\/wp.kristdemokraterna.se\/varnamo\/wp-json\/wp\/v2\/media\/3256"}],"wp:attachment":[{"href":"https:\/\/wp.kristdemokraterna.se\/varnamo\/wp-json\/wp\/v2\/media?parent=1943"}],"wp:term":[{"taxonomy":"category","embeddable":true,"href":"https:\/\/wp.kristdemokraterna.se\/varnamo\/wp-json\/wp\/v2\/categories?post=1943"},{"taxonomy":"post_tag","embeddable":true,"href":"https:\/\/wp.kristdemokraterna.se\/varnamo\/wp-json\/wp\/v2\/tags?post=1943"}],"curies":[{"name":"wp","href":"https:\/\/api.w.org\/{rel}","templated":true}]}}