{"id":1959,"date":"2010-03-27T21:38:00","date_gmt":"2010-03-27T20:38:00","guid":{"rendered":"http:\/\/localhost:4901\/?p=1959"},"modified":"2015-07-10T17:46:05","modified_gmt":"2015-07-10T15:46:05","slug":"vilken-valfest","status":"publish","type":"post","link":"https:\/\/wp.kristdemokraterna.se\/varnamo\/2010\/03\/27\/vilken-valfest\/","title":{"rendered":"Vilken valfest!"},"content":{"rendered":"<div style=\"width: 410px\" class=\"wp-caption alignnone\"><a href=\"http:\/\/wp.kristdemokraterna.se\/varnamo\/files\/2010\/08\/varstamma_delegationen.png\"><img loading=\"lazy\" decoding=\"async\" title=\"varstamma_delegationen\" src=\"http:\/\/wp.kristdemokraterna.se\/varnamo\/files\/2010\/08\/varstamma_delegationen.png\" alt=\"St\u00e4mmodelegationen fr\u00e5n V\u00e4rnamo.\" width=\"400\" height=\"300\" \/><\/a><p class=\"wp-caption-text\">St\u00e4mmodelegationen fr\u00e5n V\u00e4rnamo.<\/p><\/div>\n<p>Ett tryggt l\u00e4n fullt av skaparkraft och en landstingspolitik f\u00f6r ett m\u00e4nskligare liv \u00e4r vad Kristdemokraterna i J\u00f6nk\u00f6pings l\u00e4n vill f\u00f6rverkliga. Det beslutade man vid dagens distriktsst\u00e4mma i Huskvarna Folkets Park, d\u00e5 \u00e4ven Arnold Carlzon, Bor, valdes till 1:e vice distriktsordf\u00f6rande. St\u00e4mman avslutades med att Alliansens fyra partiledare lovade s\u00e4nkt skatt f\u00f6r pension\u00e4rerna.<\/p>\n<p><!--more-->Distriktsst\u00e4mman i \u00e5r var samtidigt valupptakt f\u00f6r Alliansen i J\u00f6nk\u00f6pings l\u00e4n. F\u00f6r f\u00f6rsta g\u00e5ngen n\u00e5gonsin h\u00f6ll de fyra allianspartierna st\u00e4mma samtidigt. Extra festligt blev det naturligtvis av att alla fyra partiledarna var med vid finalen.<\/p>\n<p>Dagen b\u00f6rjade med att partierna h\u00f6ll sina egna st\u00e4mmor i skilda lokaler i Huskvarna Folkets park. Kristdemokraterna valde Irene Oskarsson, Aneby, till distriktsordf\u00f6rande och Arnold Carlzon, Bor, och Mia Frisk, Tenhult, till 1:e respektive 2:e distriktsordf\u00f6rande.<\/p>\n<p>St\u00e4mman antog ett landstingspolitiskt valmanifest <em>&#8221;F\u00f6r ett m\u00e4nskligare liv&#8221; <\/em>. I det lovar man bland annat att:<\/p>\n<ul>\n<li>landstinget ska skriva ut kultur p\u00e5 recept<\/li>\n<li>utveckla v\u00e5rdcentralerna till h\u00e4lsocentraler<\/li>\n<li>landstinget ska vara v\u00e4rldsledande i patients\u00e4kerhet<\/li>\n<li>inf\u00f6ra en skolkulturgaranti<\/li>\n<li>landstingsskatten ska vara of\u00f6r\u00e4ndrad.<\/li>\n<\/ul>\n<p>Vidare antog Kristdemokraterna ett regionalt valmanifest &#8211; <em>&#8221;Ett tryggt l\u00e4n fullt av skaparkraft&#8221; <\/em>, med f\u00f6rslag om n\u00e4ringslivsutveckling, h\u00f6gskolesatsningar, h\u00f6ghastighetst\u00e5g och att Kristdemokraterna ska vara drivande i bildandet av en regionkommun som \u00e4r st\u00f6rre \u00e4n J\u00f6nk\u00f6pings l\u00e4n.<\/p>\n<p>Finalen p\u00e5 st\u00e4mmodagen blev en folkfest i Alliansens tecken. N\u00e4rmare 1000 deltagare fr\u00e5n samtliga allianspartier jublade n\u00e4r de fyra partiledarna \u00e4ntrade scenen och Annie Johansson (C), V\u00e4rnamo intervjuade dem. Kristdemokraternas partiledare, G\u00f6ran H\u00e4gglund, levererade dagens utspel fr\u00e5n regeringen:<\/p>\n<p>&#8211; Nu \u00e4r det dags f\u00f6r <a title=\"Regeringens f\u00f6rslag om s\u00e4nkt skatt f\u00f6r pension\u00e4rer\" href=\"http:\/\/wp.kristdemokraterna.se\/varnamo\/files\/2010\/08\/en_tredje_skattesankning_for_sveriges_pensionarer.pdf\" target=\"_blank\">en tredje skattes\u00e4nkning f\u00f6r pension\u00e4rerna under mandatperioden<\/a>. Denna g\u00e5ng med 5 miljarder. Tillsammans med de b\u00e5da tidigare s\u00e4nkningarna ger det pension\u00e4rerna 10,5 miljarder mer i pl\u00e5nboken och mest till kvinnor och de med l\u00e4gst pension.<\/p>\n<p>De fyra partiledarna var entusiastiska n\u00e4r de ber\u00e4ttade om alla f\u00f6rb\u00e4ttringar de hunnit genomf\u00f6ra under de senaste 3,5 \u00e5ren och \u00e4nnu mer taggade n\u00e4r de beskrev hur mycket som \u00e5terst\u00e5r att g\u00f6ra och hur viktigt det d\u00e4rf\u00f6r \u00e4r att beh\u00e5lla regeringsmakten efter valet. Sk\u00e4mthum\u00f6ret var p\u00e5 topp och de levererade one-liners p\u00e5 l\u00f6pande band, som G\u00f6ran H\u00e4gglund:<\/p>\n<p>&#8211; Vi i Alliansen ska tala mycket om v\u00e5r politik och v\u00e5ra f\u00f6rslag &#8211; det vinner vi p\u00e5. Vi ska uppmuntra oppositionen att tala mycket om sin politik och sina f\u00f6rslag &#8211; det vinner vi ocks\u00e5 p\u00e5!<\/p>\n<p>&#8211; F\u00f6re valet 2006 talade vi mycket om att det beh\u00f6vs ett maktskifte d\u00e5 och d\u00e5. Nu \u00e4r jag inte lika s\u00e4ker p\u00e5 det l\u00e4ngre!<\/p>\n<div style=\"width: 410px\" class=\"wp-caption alignnone\"><a href=\"http:\/\/wp.kristdemokraterna.se\/varnamo\/files\/2010\/08\/varstamma_fredrik_reinfeldt_maud_olofsson_jan_bjorklund_goran_hagglund.png\"><img loading=\"lazy\" decoding=\"async\" title=\"varstamma_fredrik_reinfeldt_maud_olofsson_jan_bjorklund_goran_hagglund\" src=\"http:\/\/wp.kristdemokraterna.se\/varnamo\/files\/2010\/08\/varstamma_fredrik_reinfeldt_maud_olofsson_jan_bjorklund_goran_hagglund.png\" alt=\"Alliansens fyra partiledare: redrik Reinfeldt (M), Maud Olofsson (C), Jan Bj\u00f6rklund (FP) och G\u00f6ran H\u00e4gglund (KD). (Foto: H\u00e5kan Johansson)\" width=\"400\" height=\"300\" \/><\/a><p class=\"wp-caption-text\">Alliansens fyra partiledare: redrik Reinfeldt (M), Maud Olofsson (C), Jan Bj\u00f6rklund (FP) och G\u00f6ran H\u00e4gglund (KD). (Foto: H\u00e5kan Johansson)<\/p><\/div>\n<h1>L\u00e4s mer<\/h1>\n<p>[<a title=\"Regeringens f\u00f6rslag om s\u00e4nkt skatt f\u00f6r pension\u00e4rer\" href=\"http:\/\/wp.kristdemokraterna.se\/varnamo\/files\/2010\/08\/en_tredje_skattesankning_for_sveriges_pensionarer.pdf\" target=\"_blank\">Regeringens f\u00f6rslag om s\u00e4nkt skatt f\u00f6r pension\u00e4rer<\/a>]<\/p>\n","protected":false},"excerpt":{"rendered":"<p>Ett tryggt l\u00e4n fullt av skaparkraft och en landstingspolitik f\u00f6r ett m\u00e4nskligare liv \u00e4r vad Kristdemokraterna i J\u00f6nk\u00f6pings l\u00e4n vill f\u00f6rverkliga. Det beslutade man vid dagens distriktsst\u00e4mma i Huskvarna Folkets Park, d\u00e5 \u00e4ven Arnold Carlzon, Bor, valdes till 1:e vice distriktsordf\u00f6rande. St\u00e4mman avslutades med att Alliansens fyra partiledare lovade s\u00e4nkt skatt f\u00f6r pension\u00e4rerna.<\/p>\n","protected":false},"author":412,"featured_media":9638,"comment_status":"closed","ping_status":"closed","sticky":false,"template":"","format":"standard","meta":{"_acf_changed":false,"footnotes":""},"categories":[11],"tags":[32,149,22,364,117,226,106,74,165,107,124,36,159,346,158,62],"class_list":["post-1959","post","type-post","status-publish","format-standard","hentry","category-nyheter","tag-aldre","tag-alliansen","tag-arnold-carlzon","tag-distriktsstamma","tag-goran-hagglund","tag-hogskola","tag-infrastruktur","tag-irene-oskarsson","tag-kvinnor","tag-manskligare-sverige","tag-mia-frisk","tag-naringliv","tag-partiledarbesok","tag-skatter","tag-valmanifest","tag-valrorelse"],"acf":[],"yoast_head":"<!-- This site is optimized with the Yoast SEO plugin v27.4 - https:\/\/yoast.com\/product\/yoast-seo-wordpress\/ -->\n<title>Vilken valfest! - KRISTDEMOKRATERNA V\u00c4RNAMO<\/title>\n<meta name=\"robots\" content=\"index, follow, max-snippet:-1, max-image-preview:large, max-video-preview:-1\" \/>\n<link rel=\"canonical\" href=\"https:\/\/wp.kristdemokraterna.se\/varnamo\/2010\/03\/27\/vilken-valfest\/\" \/>\n<meta property=\"og:locale\" content=\"sv_SE\" \/>\n<meta property=\"og:type\" content=\"article\" \/>\n<meta property=\"og:title\" content=\"Vilken valfest! - KRISTDEMOKRATERNA V\u00c4RNAMO\" \/>\n<meta property=\"og:description\" content=\"Ett tryggt l\u00e4n fullt av skaparkraft och en landstingspolitik f\u00f6r ett m\u00e4nskligare liv \u00e4r vad Kristdemokraterna i J\u00f6nk\u00f6pings l\u00e4n vill f\u00f6rverkliga. Det beslutade man vid dagens distriktsst\u00e4mma i Huskvarna Folkets Park, d\u00e5 \u00e4ven Arnold Carlzon, Bor, valdes till 1:e vice distriktsordf\u00f6rande. St\u00e4mman avslutades med att Alliansens fyra partiledare lovade s\u00e4nkt skatt f\u00f6r pension\u00e4rerna.\" \/>\n<meta property=\"og:url\" content=\"https:\/\/wp.kristdemokraterna.se\/varnamo\/2010\/03\/27\/vilken-valfest\/\" \/>\n<meta property=\"og:site_name\" content=\"KRISTDEMOKRATERNA V\u00c4RNAMO\" \/>\n<meta property=\"article:publisher\" content=\"https:\/\/www.facebook.com\/KDVarnamo\/\" \/>\n<meta property=\"article:published_time\" content=\"2010-03-27T20:38:00+00:00\" \/>\n<meta property=\"article:modified_time\" content=\"2015-07-10T15:46:05+00:00\" \/>\n<meta property=\"og:image\" content=\"http:\/\/wp.kristdemokraterna.se\/varnamo\/files\/2010\/08\/varstamma_delegationen.png\" \/>\n<meta name=\"author\" content=\"Kristdemokraterna V\u00e4rnamo\" \/>\n<meta name=\"twitter:card\" content=\"summary_large_image\" \/>\n<meta name=\"twitter:creator\" content=\"@KDVarnamo\" \/>\n<meta name=\"twitter:site\" content=\"@KDVarnamo\" \/>\n<meta name=\"twitter:label1\" content=\"Skriven av\" \/>\n\t<meta name=\"twitter:data1\" content=\"Kristdemokraterna V\u00e4rnamo\" \/>\n\t<meta name=\"twitter:label2\" content=\"Ber\u00e4knad l\u00e4stid\" \/>\n\t<meta name=\"twitter:data2\" content=\"3 minuter\" \/>\n<script type=\"application\/ld+json\" class=\"yoast-schema-graph\">{\"@context\":\"https:\\\/\\\/schema.org\",\"@graph\":[{\"@type\":\"Article\",\"@id\":\"https:\\\/\\\/wp.kristdemokraterna.se\\\/varnamo\\\/2010\\\/03\\\/27\\\/vilken-valfest\\\/#article\",\"isPartOf\":{\"@id\":\"https:\\\/\\\/wp.kristdemokraterna.se\\\/varnamo\\\/2010\\\/03\\\/27\\\/vilken-valfest\\\/\"},\"author\":{\"name\":\"Kristdemokraterna V\u00e4rnamo\",\"@id\":\"https:\\\/\\\/wp.kristdemokraterna.se\\\/varnamo\\\/#\\\/schema\\\/person\\\/4e339ab04d613699e4dfe80a994e01d4\"},\"headline\":\"Vilken valfest!\",\"datePublished\":\"2010-03-27T20:38:00+00:00\",\"dateModified\":\"2015-07-10T15:46:05+00:00\",\"mainEntityOfPage\":{\"@id\":\"https:\\\/\\\/wp.kristdemokraterna.se\\\/varnamo\\\/2010\\\/03\\\/27\\\/vilken-valfest\\\/\"},\"wordCount\":541,\"publisher\":{\"@id\":\"https:\\\/\\\/wp.kristdemokraterna.se\\\/varnamo\\\/#organization\"},\"image\":{\"@id\":\"https:\\\/\\\/wp.kristdemokraterna.se\\\/varnamo\\\/2010\\\/03\\\/27\\\/vilken-valfest\\\/#primaryimage\"},\"thumbnailUrl\":\"https:\\\/\\\/wp.kristdemokraterna.se\\\/varnamo\\\/files\\\/2022\\\/08\\\/kd-logo-blue.png\",\"keywords\":[\"\u00e4ldre\",\"Alliansen\",\"Arnold Carlzon\",\"distriktsst\u00e4mma\",\"G\u00f6ran H\u00e4gglund\",\"h\u00f6gskola\",\"infrastruktur\",\"Irene Oskarsson\",\"kvinnor\",\"m\u00e4nskligare Sverige\",\"Mia Frisk\",\"n\u00e4ringsliv\",\"partiledarbes\u00f6k\",\"skatter\",\"valmanifest\",\"valr\u00f6relse\"],\"articleSection\":[\"Nyheter\"],\"inLanguage\":\"sv-SE\"},{\"@type\":\"WebPage\",\"@id\":\"https:\\\/\\\/wp.kristdemokraterna.se\\\/varnamo\\\/2010\\\/03\\\/27\\\/vilken-valfest\\\/\",\"url\":\"https:\\\/\\\/wp.kristdemokraterna.se\\\/varnamo\\\/2010\\\/03\\\/27\\\/vilken-valfest\\\/\",\"name\":\"Vilken valfest! - KRISTDEMOKRATERNA V\u00c4RNAMO\",\"isPartOf\":{\"@id\":\"https:\\\/\\\/wp.kristdemokraterna.se\\\/varnamo\\\/#website\"},\"primaryImageOfPage\":{\"@id\":\"https:\\\/\\\/wp.kristdemokraterna.se\\\/varnamo\\\/2010\\\/03\\\/27\\\/vilken-valfest\\\/#primaryimage\"},\"image\":{\"@id\":\"https:\\\/\\\/wp.kristdemokraterna.se\\\/varnamo\\\/2010\\\/03\\\/27\\\/vilken-valfest\\\/#primaryimage\"},\"thumbnailUrl\":\"https:\\\/\\\/wp.kristdemokraterna.se\\\/varnamo\\\/files\\\/2022\\\/08\\\/kd-logo-blue.png\",\"datePublished\":\"2010-03-27T20:38:00+00:00\",\"dateModified\":\"2015-07-10T15:46:05+00:00\",\"breadcrumb\":{\"@id\":\"https:\\\/\\\/wp.kristdemokraterna.se\\\/varnamo\\\/2010\\\/03\\\/27\\\/vilken-valfest\\\/#breadcrumb\"},\"inLanguage\":\"sv-SE\",\"potentialAction\":[{\"@type\":\"ReadAction\",\"target\":[\"https:\\\/\\\/wp.kristdemokraterna.se\\\/varnamo\\\/2010\\\/03\\\/27\\\/vilken-valfest\\\/\"]}]},{\"@type\":\"ImageObject\",\"inLanguage\":\"sv-SE\",\"@id\":\"https:\\\/\\\/wp.kristdemokraterna.se\\\/varnamo\\\/2010\\\/03\\\/27\\\/vilken-valfest\\\/#primaryimage\",\"url\":\"https:\\\/\\\/wp.kristdemokraterna.se\\\/varnamo\\\/files\\\/2022\\\/08\\\/kd-logo-blue.png\",\"contentUrl\":\"https:\\\/\\\/wp.kristdemokraterna.se\\\/varnamo\\\/files\\\/2022\\\/08\\\/kd-logo-blue.png\",\"width\":2000,\"height\":2000,\"caption\":\"Kristdemokraternas logotyp\"},{\"@type\":\"BreadcrumbList\",\"@id\":\"https:\\\/\\\/wp.kristdemokraterna.se\\\/varnamo\\\/2010\\\/03\\\/27\\\/vilken-valfest\\\/#breadcrumb\",\"itemListElement\":[{\"@type\":\"ListItem\",\"position\":1,\"name\":\"Hem\",\"item\":\"https:\\\/\\\/wp.kristdemokraterna.se\\\/varnamo\\\/\"},{\"@type\":\"ListItem\",\"position\":2,\"name\":\"Vilken valfest!\"}]},{\"@type\":\"WebSite\",\"@id\":\"https:\\\/\\\/wp.kristdemokraterna.se\\\/varnamo\\\/#website\",\"url\":\"https:\\\/\\\/wp.kristdemokraterna.se\\\/varnamo\\\/\",\"name\":\"KRISTDEMOKRATERNA V\u00c4RNAMO\",\"description\":\"Med hj\u00e4rta f\u00f6r V\u00e4rnamo\",\"publisher\":{\"@id\":\"https:\\\/\\\/wp.kristdemokraterna.se\\\/varnamo\\\/#organization\"},\"inLanguage\":\"sv-SE\"},{\"@type\":\"Organization\",\"@id\":\"https:\\\/\\\/wp.kristdemokraterna.se\\\/varnamo\\\/#organization\",\"name\":\"Kristdemokraterna V\u00e4rnamo\",\"url\":\"https:\\\/\\\/wp.kristdemokraterna.se\\\/varnamo\\\/\",\"logo\":{\"@type\":\"ImageObject\",\"inLanguage\":\"sv-SE\",\"@id\":\"https:\\\/\\\/wp.kristdemokraterna.se\\\/varnamo\\\/#\\\/schema\\\/logo\\\/image\\\/\",\"url\":\"https:\\\/\\\/wp.kristdemokraterna.se\\\/varnamo\\\/files\\\/2022\\\/08\\\/va\u2560ernamo-sida-bla-300dpi.png\",\"contentUrl\":\"https:\\\/\\\/wp.kristdemokraterna.se\\\/varnamo\\\/files\\\/2022\\\/08\\\/va\u2560ernamo-sida-bla-300dpi.png\",\"width\":1485,\"height\":681,\"caption\":\"Kristdemokraterna V\u00e4rnamo\"},\"image\":{\"@id\":\"https:\\\/\\\/wp.kristdemokraterna.se\\\/varnamo\\\/#\\\/schema\\\/logo\\\/image\\\/\"},\"sameAs\":[\"https:\\\/\\\/www.facebook.com\\\/KDVarnamo\\\/\",\"https:\\\/\\\/x.com\\\/KDVarnamo\",\"https:\\\/\\\/www.instagram.com\\\/\",\"https:\\\/\\\/www.youtube.com\\\/user\\\/studiokd\\\/videos\"]},{\"@type\":\"Person\",\"@id\":\"https:\\\/\\\/wp.kristdemokraterna.se\\\/varnamo\\\/#\\\/schema\\\/person\\\/4e339ab04d613699e4dfe80a994e01d4\",\"name\":\"Kristdemokraterna V\u00e4rnamo\",\"image\":{\"@type\":\"ImageObject\",\"inLanguage\":\"sv-SE\",\"@id\":\"https:\\\/\\\/secure.gravatar.com\\\/avatar\\\/c122e48c7723992af51eb155eeaa93db3c1fa324e3fc6ec45dd712c812809b5b?s=96&r=g\",\"url\":\"https:\\\/\\\/secure.gravatar.com\\\/avatar\\\/c122e48c7723992af51eb155eeaa93db3c1fa324e3fc6ec45dd712c812809b5b?s=96&r=g\",\"contentUrl\":\"https:\\\/\\\/secure.gravatar.com\\\/avatar\\\/c122e48c7723992af51eb155eeaa93db3c1fa324e3fc6ec45dd712c812809b5b?s=96&r=g\",\"caption\":\"Kristdemokraterna V\u00e4rnamo\"},\"description\":\"Familjens r\u00f6st\",\"sameAs\":[\"http:\\\/\\\/www.varnamo.kristdemokraterna.se\"],\"url\":\"https:\\\/\\\/wp.kristdemokraterna.se\\\/varnamo\\\/author\\\/varnamo\\\/\"}]}<\/script>\n<!-- \/ Yoast SEO plugin. -->","yoast_head_json":{"title":"Vilken valfest! - KRISTDEMOKRATERNA V\u00c4RNAMO","robots":{"index":"index","follow":"follow","max-snippet":"max-snippet:-1","max-image-preview":"max-image-preview:large","max-video-preview":"max-video-preview:-1"},"canonical":"https:\/\/wp.kristdemokraterna.se\/varnamo\/2010\/03\/27\/vilken-valfest\/","og_locale":"sv_SE","og_type":"article","og_title":"Vilken valfest! - KRISTDEMOKRATERNA V\u00c4RNAMO","og_description":"Ett tryggt l\u00e4n fullt av skaparkraft och en landstingspolitik f\u00f6r ett m\u00e4nskligare liv \u00e4r vad Kristdemokraterna i J\u00f6nk\u00f6pings l\u00e4n vill f\u00f6rverkliga. Det beslutade man vid dagens distriktsst\u00e4mma i Huskvarna Folkets Park, d\u00e5 \u00e4ven Arnold Carlzon, Bor, valdes till 1:e vice distriktsordf\u00f6rande. St\u00e4mman avslutades med att Alliansens fyra partiledare lovade s\u00e4nkt skatt f\u00f6r pension\u00e4rerna.","og_url":"https:\/\/wp.kristdemokraterna.se\/varnamo\/2010\/03\/27\/vilken-valfest\/","og_site_name":"KRISTDEMOKRATERNA V\u00c4RNAMO","article_publisher":"https:\/\/www.facebook.com\/KDVarnamo\/","article_published_time":"2010-03-27T20:38:00+00:00","article_modified_time":"2015-07-10T15:46:05+00:00","og_image":[{"url":"http:\/\/wp.kristdemokraterna.se\/varnamo\/files\/2010\/08\/varstamma_delegationen.png","type":"","width":"","height":""}],"author":"Kristdemokraterna V\u00e4rnamo","twitter_card":"summary_large_image","twitter_creator":"@KDVarnamo","twitter_site":"@KDVarnamo","twitter_misc":{"Skriven av":"Kristdemokraterna V\u00e4rnamo","Ber\u00e4knad l\u00e4stid":"3 minuter"},"schema":{"@context":"https:\/\/schema.org","@graph":[{"@type":"Article","@id":"https:\/\/wp.kristdemokraterna.se\/varnamo\/2010\/03\/27\/vilken-valfest\/#article","isPartOf":{"@id":"https:\/\/wp.kristdemokraterna.se\/varnamo\/2010\/03\/27\/vilken-valfest\/"},"author":{"name":"Kristdemokraterna V\u00e4rnamo","@id":"https:\/\/wp.kristdemokraterna.se\/varnamo\/#\/schema\/person\/4e339ab04d613699e4dfe80a994e01d4"},"headline":"Vilken valfest!","datePublished":"2010-03-27T20:38:00+00:00","dateModified":"2015-07-10T15:46:05+00:00","mainEntityOfPage":{"@id":"https:\/\/wp.kristdemokraterna.se\/varnamo\/2010\/03\/27\/vilken-valfest\/"},"wordCount":541,"publisher":{"@id":"https:\/\/wp.kristdemokraterna.se\/varnamo\/#organization"},"image":{"@id":"https:\/\/wp.kristdemokraterna.se\/varnamo\/2010\/03\/27\/vilken-valfest\/#primaryimage"},"thumbnailUrl":"https:\/\/wp.kristdemokraterna.se\/varnamo\/files\/2022\/08\/kd-logo-blue.png","keywords":["\u00e4ldre","Alliansen","Arnold Carlzon","distriktsst\u00e4mma","G\u00f6ran H\u00e4gglund","h\u00f6gskola","infrastruktur","Irene Oskarsson","kvinnor","m\u00e4nskligare Sverige","Mia Frisk","n\u00e4ringsliv","partiledarbes\u00f6k","skatter","valmanifest","valr\u00f6relse"],"articleSection":["Nyheter"],"inLanguage":"sv-SE"},{"@type":"WebPage","@id":"https:\/\/wp.kristdemokraterna.se\/varnamo\/2010\/03\/27\/vilken-valfest\/","url":"https:\/\/wp.kristdemokraterna.se\/varnamo\/2010\/03\/27\/vilken-valfest\/","name":"Vilken valfest! - KRISTDEMOKRATERNA V\u00c4RNAMO","isPartOf":{"@id":"https:\/\/wp.kristdemokraterna.se\/varnamo\/#website"},"primaryImageOfPage":{"@id":"https:\/\/wp.kristdemokraterna.se\/varnamo\/2010\/03\/27\/vilken-valfest\/#primaryimage"},"image":{"@id":"https:\/\/wp.kristdemokraterna.se\/varnamo\/2010\/03\/27\/vilken-valfest\/#primaryimage"},"thumbnailUrl":"https:\/\/wp.kristdemokraterna.se\/varnamo\/files\/2022\/08\/kd-logo-blue.png","datePublished":"2010-03-27T20:38:00+00:00","dateModified":"2015-07-10T15:46:05+00:00","breadcrumb":{"@id":"https:\/\/wp.kristdemokraterna.se\/varnamo\/2010\/03\/27\/vilken-valfest\/#breadcrumb"},"inLanguage":"sv-SE","potentialAction":[{"@type":"ReadAction","target":["https:\/\/wp.kristdemokraterna.se\/varnamo\/2010\/03\/27\/vilken-valfest\/"]}]},{"@type":"ImageObject","inLanguage":"sv-SE","@id":"https:\/\/wp.kristdemokraterna.se\/varnamo\/2010\/03\/27\/vilken-valfest\/#primaryimage","url":"https:\/\/wp.kristdemokraterna.se\/varnamo\/files\/2022\/08\/kd-logo-blue.png","contentUrl":"https:\/\/wp.kristdemokraterna.se\/varnamo\/files\/2022\/08\/kd-logo-blue.png","width":2000,"height":2000,"caption":"Kristdemokraternas logotyp"},{"@type":"BreadcrumbList","@id":"https:\/\/wp.kristdemokraterna.se\/varnamo\/2010\/03\/27\/vilken-valfest\/#breadcrumb","itemListElement":[{"@type":"ListItem","position":1,"name":"Hem","item":"https:\/\/wp.kristdemokraterna.se\/varnamo\/"},{"@type":"ListItem","position":2,"name":"Vilken valfest!"}]},{"@type":"WebSite","@id":"https:\/\/wp.kristdemokraterna.se\/varnamo\/#website","url":"https:\/\/wp.kristdemokraterna.se\/varnamo\/","name":"KRISTDEMOKRATERNA V\u00c4RNAMO","description":"Med hj\u00e4rta f\u00f6r V\u00e4rnamo","publisher":{"@id":"https:\/\/wp.kristdemokraterna.se\/varnamo\/#organization"},"inLanguage":"sv-SE"},{"@type":"Organization","@id":"https:\/\/wp.kristdemokraterna.se\/varnamo\/#organization","name":"Kristdemokraterna V\u00e4rnamo","url":"https:\/\/wp.kristdemokraterna.se\/varnamo\/","logo":{"@type":"ImageObject","inLanguage":"sv-SE","@id":"https:\/\/wp.kristdemokraterna.se\/varnamo\/#\/schema\/logo\/image\/","url":"https:\/\/wp.kristdemokraterna.se\/varnamo\/files\/2022\/08\/va\u2560ernamo-sida-bla-300dpi.png","contentUrl":"https:\/\/wp.kristdemokraterna.se\/varnamo\/files\/2022\/08\/va\u2560ernamo-sida-bla-300dpi.png","width":1485,"height":681,"caption":"Kristdemokraterna V\u00e4rnamo"},"image":{"@id":"https:\/\/wp.kristdemokraterna.se\/varnamo\/#\/schema\/logo\/image\/"},"sameAs":["https:\/\/www.facebook.com\/KDVarnamo\/","https:\/\/x.com\/KDVarnamo","https:\/\/www.instagram.com\/","https:\/\/www.youtube.com\/user\/studiokd\/videos"]},{"@type":"Person","@id":"https:\/\/wp.kristdemokraterna.se\/varnamo\/#\/schema\/person\/4e339ab04d613699e4dfe80a994e01d4","name":"Kristdemokraterna V\u00e4rnamo","image":{"@type":"ImageObject","inLanguage":"sv-SE","@id":"https:\/\/secure.gravatar.com\/avatar\/c122e48c7723992af51eb155eeaa93db3c1fa324e3fc6ec45dd712c812809b5b?s=96&r=g","url":"https:\/\/secure.gravatar.com\/avatar\/c122e48c7723992af51eb155eeaa93db3c1fa324e3fc6ec45dd712c812809b5b?s=96&r=g","contentUrl":"https:\/\/secure.gravatar.com\/avatar\/c122e48c7723992af51eb155eeaa93db3c1fa324e3fc6ec45dd712c812809b5b?s=96&r=g","caption":"Kristdemokraterna V\u00e4rnamo"},"description":"Familjens r\u00f6st","sameAs":["http:\/\/www.varnamo.kristdemokraterna.se"],"url":"https:\/\/wp.kristdemokraterna.se\/varnamo\/author\/varnamo\/"}]}},"_links":{"self":[{"href":"https:\/\/wp.kristdemokraterna.se\/varnamo\/wp-json\/wp\/v2\/posts\/1959","targetHints":{"allow":["GET"]}}],"collection":[{"href":"https:\/\/wp.kristdemokraterna.se\/varnamo\/wp-json\/wp\/v2\/posts"}],"about":[{"href":"https:\/\/wp.kristdemokraterna.se\/varnamo\/wp-json\/wp\/v2\/types\/post"}],"author":[{"embeddable":true,"href":"https:\/\/wp.kristdemokraterna.se\/varnamo\/wp-json\/wp\/v2\/users\/412"}],"replies":[{"embeddable":true,"href":"https:\/\/wp.kristdemokraterna.se\/varnamo\/wp-json\/wp\/v2\/comments?post=1959"}],"version-history":[{"count":6,"href":"https:\/\/wp.kristdemokraterna.se\/varnamo\/wp-json\/wp\/v2\/posts\/1959\/revisions"}],"predecessor-version":[{"id":6699,"href":"https:\/\/wp.kristdemokraterna.se\/varnamo\/wp-json\/wp\/v2\/posts\/1959\/revisions\/6699"}],"wp:featuredmedia":[{"embeddable":true,"href":"https:\/\/wp.kristdemokraterna.se\/varnamo\/wp-json\/wp\/v2\/media\/9638"}],"wp:attachment":[{"href":"https:\/\/wp.kristdemokraterna.se\/varnamo\/wp-json\/wp\/v2\/media?parent=1959"}],"wp:term":[{"taxonomy":"category","embeddable":true,"href":"https:\/\/wp.kristdemokraterna.se\/varnamo\/wp-json\/wp\/v2\/categories?post=1959"},{"taxonomy":"post_tag","embeddable":true,"href":"https:\/\/wp.kristdemokraterna.se\/varnamo\/wp-json\/wp\/v2\/tags?post=1959"}],"curies":[{"name":"wp","href":"https:\/\/api.w.org\/{rel}","templated":true}]}}