{"id":1962,"date":"2010-05-08T21:38:00","date_gmt":"2010-05-08T19:38:00","guid":{"rendered":"http:\/\/localhost:4901\/?p=1962"},"modified":"2015-07-10T17:42:18","modified_gmt":"2015-07-10T15:42:18","slug":"stig-claesson-inspirerade-pa-alliansdagen","status":"publish","type":"post","link":"https:\/\/wp.kristdemokraterna.se\/varnamo\/2010\/05\/08\/stig-claesson-inspirerade-pa-alliansdagen\/","title":{"rendered":"Stig Claesson inspirerade p\u00e5 Alliansdagen"},"content":{"rendered":"<div style=\"width: 410px\" class=\"wp-caption alignnone\"><a href=\"http:\/\/wp.kristdemokraterna.se\/varnamo\/files\/2010\/08\/20100508_Alliansdagen1.png\"><img loading=\"lazy\" decoding=\"async\" title=\"20100508_Alliansdagen1\" src=\"http:\/\/wp.kristdemokraterna.se\/varnamo\/files\/2010\/08\/20100508_Alliansdagen1.png\" alt=\"Kristdemokraterna engagerade sig under Alliansdagen i V\u00e4rnamo. (Foto: H\u00e5kan Johansson)\" width=\"400\" height=\"300\" \/><\/a><p class=\"wp-caption-text\">Kristdemokraterna engagerade sig under Alliansdagen i V\u00e4rnamo. (Foto: H\u00e5kan Johansson)<\/p><\/div>\n<p>Det var f\u00f6rslaget om en tredje sjukl\u00f6nevecka som fick det att rinna \u00f6ver. D\u00e5 startade vi Gnosj\u00f6upproret. Fr\u00e5n b\u00f6rjan var vi f\u00e4rre \u00e4n vi \u00e4r i detta rummet, men p\u00e5 bara ett par \u00e5r hade vi f\u00f6r\u00e4ndrat synen p\u00e5 sm\u00e5f\u00f6retagande hos de stora kolosserna. Det sade Stig Claesson (KD) n\u00e4r han inspirerade ett 20-tal kristdemokratiska kandidater i h\u00f6stens val p\u00e5 restaurang Napoli i V\u00e4rnamo.<\/p>\n<p><!--more--><\/p>\n<p>L\u00f6rdagen den 8 maj firades Alliansdagen i hela landet. I ett regnigt V\u00e4rnamo fick Alliansen draghj\u00e4lp av Riksdagsledamot Annie Johansson (C). Politiker fr\u00e5n alla allianspartier hj\u00e4lptes \u00e5t att dela ut flygblad och tidningar och samtala med v\u00e4rnamoborna om visionerna f\u00f6r Gummifabriken och hur vi kan hantera ungdomsarbetsl\u00f6sheten.<\/p>\n<p>Efter det gick Kristdemokraterna till restaurang Napoli f\u00f6r gemensam lunch och inspiration inf\u00f6r valet. Tillsammans med H\u00e5kan Johansson gick de igenom partiets valfr\u00e5gor \u2013 familjen \u00e4r viktigast f\u00f6r partiet och att \u00e4ntligen f\u00e5 till st\u00e5nd en familjecentral i V\u00e4rnamo har h\u00f6gsta prioritet. Det \u00e4r \u00e4ven viktigt att f\u00f6rverkliga id\u00e9n om en \u00e4ldreh\u00e4lsocentral och att f\u00e5 igenom en h\u00f6jning av v\u00e5rdnadsbidraget.<\/p>\n<p>Riksdagskandidat, egenf\u00f6retagare och fotbollsentusiast Stig Claesson, V\u00e4rnamo, ledamot i Kristdemokraternas partistyrelse och i styrelsen f\u00f6r Svenskt n\u00e4ringsliv, avslutade samlingen med ett inspirerande anf\u00f6rande om hur han kom in i politiken och hur man g\u00f6r f\u00f6r att f\u00e5 igenom det man vill genomf\u00f6ra.<\/p>\n<p>\u2013 Best\u00e4m dig f\u00f6r en fr\u00e5ga, driv den i tid och otid, se till att synas i media och g\u00f6r dina utspel vid strategiska tillf\u00e4llen. S\u00e5 lyckades vi i Gnosj\u00f6upproret f\u00f6r\u00e4ndra hur Socialdemokraterna och Svenskt n\u00e4ringsliv ser p\u00e5 sm\u00e5f\u00f6retagande. Idag \u00e4r vi sm\u00e5f\u00f6retagare en viktig grupp och nu kommer de stora till oss och fr\u00e5gar om r\u00e5d. En liten samling kan utf\u00f6ra stord\u00e5d \u2013 bara man best\u00e4mmer sig och satsar helhj\u00e4rtat!<\/p>\n<div style=\"width: 300px\" class=\"wp-caption alignnone\"><a href=\"http:\/\/wp.kristdemokraterna.se\/varnamo\/files\/2010\/08\/20100508_StigClaessonInspirerar.png\"><img loading=\"lazy\" decoding=\"async\" title=\"20100508_StigClaessonInspirerar\" src=\"http:\/\/wp.kristdemokraterna.se\/varnamo\/files\/2010\/08\/20100508_StigClaessonInspirerar.png\" alt=\"Stig Claesson (KD) inspirerade v\u00e4rnamos kristdemokrater inf\u00f6r valet i h\u00f6st. (Foto: H\u00e5kan Johansson)\" width=\"290\" height=\"400\" \/><\/a><p class=\"wp-caption-text\">Stig Claesson (KD) inspirerade v\u00e4rnamos kristdemokrater inf\u00f6r valet i h\u00f6st. (Foto: H\u00e5kan Johansson)<\/p><\/div>\n<div style=\"width: 410px\" class=\"wp-caption alignnone\"><a href=\"http:\/\/wp.kristdemokraterna.se\/varnamo\/files\/2010\/08\/20100508_Alliansdagen2.png\"><img loading=\"lazy\" decoding=\"async\" title=\"20100508_Alliansdagen2\" src=\"http:\/\/wp.kristdemokraterna.se\/varnamo\/files\/2010\/08\/20100508_Alliansdagen2.png\" alt=\"V\u00e4rnamos allianspolitiker samtalade med v\u00e4rnamoborna om visionerna f\u00f6r Gummifabriken och hur vi kan hantera ungdomsarbetsl\u00f6sheten. (Foto: H\u00e5kan Johansson)\" width=\"400\" height=\"300\" \/><\/a><p class=\"wp-caption-text\">V\u00e4rnamos allianspolitiker samtalade med v\u00e4rnamoborna om visionerna f\u00f6r Gummifabriken och hur vi kan hantera ungdomsarbetsl\u00f6sheten. (Foto: H\u00e5kan Johansson)<\/p><\/div>\n","protected":false},"excerpt":{"rendered":"<p>Det var f\u00f6rslaget om en tredje sjukl\u00f6nevecka som fick det att rinna \u00f6ver. D\u00e5 startade vi Gnosj\u00f6upproret. Fr\u00e5n b\u00f6rjan var vi f\u00e4rre \u00e4n vi \u00e4r i detta rummet, men p\u00e5 bara ett par \u00e5r hade vi f\u00f6r\u00e4ndrat synen p\u00e5 sm\u00e5f\u00f6retagande hos de stora kolosserna. Det sade Stig Claesson (KD) n\u00e4r han inspirerade ett 20-tal kristdemokratiska <a class=\"read-more-link\" href=\"https:\/\/wp.kristdemokraterna.se\/varnamo\/2010\/05\/08\/stig-claesson-inspirerade-pa-alliansdagen\/\">Read More<\/a><\/p>\n","protected":false},"author":412,"featured_media":9638,"comment_status":"closed","ping_status":"closed","sticky":false,"template":"","format":"standard","meta":{"_acf_changed":false,"footnotes":""},"categories":[11],"tags":[213,149,37,69,164,109,23,60,36,63,65,62,121],"class_list":["post-1962","post","type-post","status-publish","format-standard","hentry","category-nyheter","tag-aldrehalsocentral","tag-alliansen","tag-familj","tag-familjecentral","tag-foretagande","tag-gummifabriken","tag-hakan-johansson","tag-kampanj","tag-naringliv","tag-riksdagen","tag-stig-claesson","tag-valrorelse","tag-vardnadsbidrag"],"acf":[],"yoast_head":"<!-- This site is optimized with the Yoast SEO plugin v27.4 - https:\/\/yoast.com\/product\/yoast-seo-wordpress\/ -->\n<title>Stig Claesson inspirerade p\u00e5 Alliansdagen - KRISTDEMOKRATERNA V\u00c4RNAMO<\/title>\n<meta name=\"robots\" content=\"index, follow, max-snippet:-1, max-image-preview:large, max-video-preview:-1\" \/>\n<link rel=\"canonical\" href=\"https:\/\/wp.kristdemokraterna.se\/varnamo\/2010\/05\/08\/stig-claesson-inspirerade-pa-alliansdagen\/\" \/>\n<meta property=\"og:locale\" content=\"sv_SE\" \/>\n<meta property=\"og:type\" content=\"article\" \/>\n<meta property=\"og:title\" content=\"Stig Claesson inspirerade p\u00e5 Alliansdagen - KRISTDEMOKRATERNA V\u00c4RNAMO\" \/>\n<meta property=\"og:description\" content=\"Det var f\u00f6rslaget om en tredje sjukl\u00f6nevecka som fick det att rinna \u00f6ver. D\u00e5 startade vi Gnosj\u00f6upproret. Fr\u00e5n b\u00f6rjan var vi f\u00e4rre \u00e4n vi \u00e4r i detta rummet, men p\u00e5 bara ett par \u00e5r hade vi f\u00f6r\u00e4ndrat synen p\u00e5 sm\u00e5f\u00f6retagande hos de stora kolosserna. Det sade Stig Claesson (KD) n\u00e4r han inspirerade ett 20-tal kristdemokratiska Read More\" \/>\n<meta property=\"og:url\" content=\"https:\/\/wp.kristdemokraterna.se\/varnamo\/2010\/05\/08\/stig-claesson-inspirerade-pa-alliansdagen\/\" \/>\n<meta property=\"og:site_name\" content=\"KRISTDEMOKRATERNA V\u00c4RNAMO\" \/>\n<meta property=\"article:publisher\" content=\"https:\/\/www.facebook.com\/KDVarnamo\/\" \/>\n<meta property=\"article:published_time\" content=\"2010-05-08T19:38:00+00:00\" \/>\n<meta property=\"article:modified_time\" content=\"2015-07-10T15:42:18+00:00\" \/>\n<meta property=\"og:image\" content=\"http:\/\/wp.kristdemokraterna.se\/varnamo\/files\/2010\/08\/20100508_Alliansdagen1.png\" \/>\n<meta name=\"author\" content=\"Kristdemokraterna V\u00e4rnamo\" \/>\n<meta name=\"twitter:card\" content=\"summary_large_image\" \/>\n<meta name=\"twitter:creator\" content=\"@KDVarnamo\" \/>\n<meta name=\"twitter:site\" content=\"@KDVarnamo\" \/>\n<meta name=\"twitter:label1\" content=\"Skriven av\" \/>\n\t<meta name=\"twitter:data1\" content=\"Kristdemokraterna V\u00e4rnamo\" \/>\n\t<meta name=\"twitter:label2\" content=\"Ber\u00e4knad l\u00e4stid\" \/>\n\t<meta name=\"twitter:data2\" content=\"2 minuter\" \/>\n<script type=\"application\/ld+json\" class=\"yoast-schema-graph\">{\"@context\":\"https:\\\/\\\/schema.org\",\"@graph\":[{\"@type\":\"Article\",\"@id\":\"https:\\\/\\\/wp.kristdemokraterna.se\\\/varnamo\\\/2010\\\/05\\\/08\\\/stig-claesson-inspirerade-pa-alliansdagen\\\/#article\",\"isPartOf\":{\"@id\":\"https:\\\/\\\/wp.kristdemokraterna.se\\\/varnamo\\\/2010\\\/05\\\/08\\\/stig-claesson-inspirerade-pa-alliansdagen\\\/\"},\"author\":{\"name\":\"Kristdemokraterna V\u00e4rnamo\",\"@id\":\"https:\\\/\\\/wp.kristdemokraterna.se\\\/varnamo\\\/#\\\/schema\\\/person\\\/4e339ab04d613699e4dfe80a994e01d4\"},\"headline\":\"Stig Claesson inspirerade p\u00e5 Alliansdagen\",\"datePublished\":\"2010-05-08T19:38:00+00:00\",\"dateModified\":\"2015-07-10T15:42:18+00:00\",\"mainEntityOfPage\":{\"@id\":\"https:\\\/\\\/wp.kristdemokraterna.se\\\/varnamo\\\/2010\\\/05\\\/08\\\/stig-claesson-inspirerade-pa-alliansdagen\\\/\"},\"wordCount\":416,\"publisher\":{\"@id\":\"https:\\\/\\\/wp.kristdemokraterna.se\\\/varnamo\\\/#organization\"},\"image\":{\"@id\":\"https:\\\/\\\/wp.kristdemokraterna.se\\\/varnamo\\\/2010\\\/05\\\/08\\\/stig-claesson-inspirerade-pa-alliansdagen\\\/#primaryimage\"},\"thumbnailUrl\":\"https:\\\/\\\/wp.kristdemokraterna.se\\\/varnamo\\\/files\\\/2022\\\/08\\\/kd-logo-blue.png\",\"keywords\":[\"\u00e4ldreh\u00e4lsocentral\",\"Alliansen\",\"familj\",\"familjecentral\",\"f\u00f6retagande\",\"Gummifabriken\",\"H\u00e5kan Johansson\",\"kampanj\",\"n\u00e4ringsliv\",\"riksdagen\",\"Stig Claesson\",\"valr\u00f6relse\",\"v\u00e5rdnadsbidrag\"],\"articleSection\":[\"Nyheter\"],\"inLanguage\":\"sv-SE\"},{\"@type\":\"WebPage\",\"@id\":\"https:\\\/\\\/wp.kristdemokraterna.se\\\/varnamo\\\/2010\\\/05\\\/08\\\/stig-claesson-inspirerade-pa-alliansdagen\\\/\",\"url\":\"https:\\\/\\\/wp.kristdemokraterna.se\\\/varnamo\\\/2010\\\/05\\\/08\\\/stig-claesson-inspirerade-pa-alliansdagen\\\/\",\"name\":\"Stig Claesson inspirerade p\u00e5 Alliansdagen - KRISTDEMOKRATERNA V\u00c4RNAMO\",\"isPartOf\":{\"@id\":\"https:\\\/\\\/wp.kristdemokraterna.se\\\/varnamo\\\/#website\"},\"primaryImageOfPage\":{\"@id\":\"https:\\\/\\\/wp.kristdemokraterna.se\\\/varnamo\\\/2010\\\/05\\\/08\\\/stig-claesson-inspirerade-pa-alliansdagen\\\/#primaryimage\"},\"image\":{\"@id\":\"https:\\\/\\\/wp.kristdemokraterna.se\\\/varnamo\\\/2010\\\/05\\\/08\\\/stig-claesson-inspirerade-pa-alliansdagen\\\/#primaryimage\"},\"thumbnailUrl\":\"https:\\\/\\\/wp.kristdemokraterna.se\\\/varnamo\\\/files\\\/2022\\\/08\\\/kd-logo-blue.png\",\"datePublished\":\"2010-05-08T19:38:00+00:00\",\"dateModified\":\"2015-07-10T15:42:18+00:00\",\"breadcrumb\":{\"@id\":\"https:\\\/\\\/wp.kristdemokraterna.se\\\/varnamo\\\/2010\\\/05\\\/08\\\/stig-claesson-inspirerade-pa-alliansdagen\\\/#breadcrumb\"},\"inLanguage\":\"sv-SE\",\"potentialAction\":[{\"@type\":\"ReadAction\",\"target\":[\"https:\\\/\\\/wp.kristdemokraterna.se\\\/varnamo\\\/2010\\\/05\\\/08\\\/stig-claesson-inspirerade-pa-alliansdagen\\\/\"]}]},{\"@type\":\"ImageObject\",\"inLanguage\":\"sv-SE\",\"@id\":\"https:\\\/\\\/wp.kristdemokraterna.se\\\/varnamo\\\/2010\\\/05\\\/08\\\/stig-claesson-inspirerade-pa-alliansdagen\\\/#primaryimage\",\"url\":\"https:\\\/\\\/wp.kristdemokraterna.se\\\/varnamo\\\/files\\\/2022\\\/08\\\/kd-logo-blue.png\",\"contentUrl\":\"https:\\\/\\\/wp.kristdemokraterna.se\\\/varnamo\\\/files\\\/2022\\\/08\\\/kd-logo-blue.png\",\"width\":2000,\"height\":2000,\"caption\":\"Kristdemokraternas logotyp\"},{\"@type\":\"BreadcrumbList\",\"@id\":\"https:\\\/\\\/wp.kristdemokraterna.se\\\/varnamo\\\/2010\\\/05\\\/08\\\/stig-claesson-inspirerade-pa-alliansdagen\\\/#breadcrumb\",\"itemListElement\":[{\"@type\":\"ListItem\",\"position\":1,\"name\":\"Hem\",\"item\":\"https:\\\/\\\/wp.kristdemokraterna.se\\\/varnamo\\\/\"},{\"@type\":\"ListItem\",\"position\":2,\"name\":\"Stig Claesson inspirerade p\u00e5 Alliansdagen\"}]},{\"@type\":\"WebSite\",\"@id\":\"https:\\\/\\\/wp.kristdemokraterna.se\\\/varnamo\\\/#website\",\"url\":\"https:\\\/\\\/wp.kristdemokraterna.se\\\/varnamo\\\/\",\"name\":\"KRISTDEMOKRATERNA V\u00c4RNAMO\",\"description\":\"Med hj\u00e4rta f\u00f6r V\u00e4rnamo\",\"publisher\":{\"@id\":\"https:\\\/\\\/wp.kristdemokraterna.se\\\/varnamo\\\/#organization\"},\"inLanguage\":\"sv-SE\"},{\"@type\":\"Organization\",\"@id\":\"https:\\\/\\\/wp.kristdemokraterna.se\\\/varnamo\\\/#organization\",\"name\":\"Kristdemokraterna V\u00e4rnamo\",\"url\":\"https:\\\/\\\/wp.kristdemokraterna.se\\\/varnamo\\\/\",\"logo\":{\"@type\":\"ImageObject\",\"inLanguage\":\"sv-SE\",\"@id\":\"https:\\\/\\\/wp.kristdemokraterna.se\\\/varnamo\\\/#\\\/schema\\\/logo\\\/image\\\/\",\"url\":\"https:\\\/\\\/wp.kristdemokraterna.se\\\/varnamo\\\/files\\\/2022\\\/08\\\/va\u2560ernamo-sida-bla-300dpi.png\",\"contentUrl\":\"https:\\\/\\\/wp.kristdemokraterna.se\\\/varnamo\\\/files\\\/2022\\\/08\\\/va\u2560ernamo-sida-bla-300dpi.png\",\"width\":1485,\"height\":681,\"caption\":\"Kristdemokraterna V\u00e4rnamo\"},\"image\":{\"@id\":\"https:\\\/\\\/wp.kristdemokraterna.se\\\/varnamo\\\/#\\\/schema\\\/logo\\\/image\\\/\"},\"sameAs\":[\"https:\\\/\\\/www.facebook.com\\\/KDVarnamo\\\/\",\"https:\\\/\\\/x.com\\\/KDVarnamo\",\"https:\\\/\\\/www.instagram.com\\\/\",\"https:\\\/\\\/www.youtube.com\\\/user\\\/studiokd\\\/videos\"]},{\"@type\":\"Person\",\"@id\":\"https:\\\/\\\/wp.kristdemokraterna.se\\\/varnamo\\\/#\\\/schema\\\/person\\\/4e339ab04d613699e4dfe80a994e01d4\",\"name\":\"Kristdemokraterna V\u00e4rnamo\",\"image\":{\"@type\":\"ImageObject\",\"inLanguage\":\"sv-SE\",\"@id\":\"https:\\\/\\\/secure.gravatar.com\\\/avatar\\\/c122e48c7723992af51eb155eeaa93db3c1fa324e3fc6ec45dd712c812809b5b?s=96&r=g\",\"url\":\"https:\\\/\\\/secure.gravatar.com\\\/avatar\\\/c122e48c7723992af51eb155eeaa93db3c1fa324e3fc6ec45dd712c812809b5b?s=96&r=g\",\"contentUrl\":\"https:\\\/\\\/secure.gravatar.com\\\/avatar\\\/c122e48c7723992af51eb155eeaa93db3c1fa324e3fc6ec45dd712c812809b5b?s=96&r=g\",\"caption\":\"Kristdemokraterna V\u00e4rnamo\"},\"description\":\"Familjens r\u00f6st\",\"sameAs\":[\"http:\\\/\\\/www.varnamo.kristdemokraterna.se\"],\"url\":\"https:\\\/\\\/wp.kristdemokraterna.se\\\/varnamo\\\/author\\\/varnamo\\\/\"}]}<\/script>\n<!-- \/ Yoast SEO plugin. -->","yoast_head_json":{"title":"Stig Claesson inspirerade p\u00e5 Alliansdagen - KRISTDEMOKRATERNA V\u00c4RNAMO","robots":{"index":"index","follow":"follow","max-snippet":"max-snippet:-1","max-image-preview":"max-image-preview:large","max-video-preview":"max-video-preview:-1"},"canonical":"https:\/\/wp.kristdemokraterna.se\/varnamo\/2010\/05\/08\/stig-claesson-inspirerade-pa-alliansdagen\/","og_locale":"sv_SE","og_type":"article","og_title":"Stig Claesson inspirerade p\u00e5 Alliansdagen - KRISTDEMOKRATERNA V\u00c4RNAMO","og_description":"Det var f\u00f6rslaget om en tredje sjukl\u00f6nevecka som fick det att rinna \u00f6ver. D\u00e5 startade vi Gnosj\u00f6upproret. Fr\u00e5n b\u00f6rjan var vi f\u00e4rre \u00e4n vi \u00e4r i detta rummet, men p\u00e5 bara ett par \u00e5r hade vi f\u00f6r\u00e4ndrat synen p\u00e5 sm\u00e5f\u00f6retagande hos de stora kolosserna. Det sade Stig Claesson (KD) n\u00e4r han inspirerade ett 20-tal kristdemokratiska Read More","og_url":"https:\/\/wp.kristdemokraterna.se\/varnamo\/2010\/05\/08\/stig-claesson-inspirerade-pa-alliansdagen\/","og_site_name":"KRISTDEMOKRATERNA V\u00c4RNAMO","article_publisher":"https:\/\/www.facebook.com\/KDVarnamo\/","article_published_time":"2010-05-08T19:38:00+00:00","article_modified_time":"2015-07-10T15:42:18+00:00","og_image":[{"url":"http:\/\/wp.kristdemokraterna.se\/varnamo\/files\/2010\/08\/20100508_Alliansdagen1.png","type":"","width":"","height":""}],"author":"Kristdemokraterna V\u00e4rnamo","twitter_card":"summary_large_image","twitter_creator":"@KDVarnamo","twitter_site":"@KDVarnamo","twitter_misc":{"Skriven av":"Kristdemokraterna V\u00e4rnamo","Ber\u00e4knad l\u00e4stid":"2 minuter"},"schema":{"@context":"https:\/\/schema.org","@graph":[{"@type":"Article","@id":"https:\/\/wp.kristdemokraterna.se\/varnamo\/2010\/05\/08\/stig-claesson-inspirerade-pa-alliansdagen\/#article","isPartOf":{"@id":"https:\/\/wp.kristdemokraterna.se\/varnamo\/2010\/05\/08\/stig-claesson-inspirerade-pa-alliansdagen\/"},"author":{"name":"Kristdemokraterna V\u00e4rnamo","@id":"https:\/\/wp.kristdemokraterna.se\/varnamo\/#\/schema\/person\/4e339ab04d613699e4dfe80a994e01d4"},"headline":"Stig Claesson inspirerade p\u00e5 Alliansdagen","datePublished":"2010-05-08T19:38:00+00:00","dateModified":"2015-07-10T15:42:18+00:00","mainEntityOfPage":{"@id":"https:\/\/wp.kristdemokraterna.se\/varnamo\/2010\/05\/08\/stig-claesson-inspirerade-pa-alliansdagen\/"},"wordCount":416,"publisher":{"@id":"https:\/\/wp.kristdemokraterna.se\/varnamo\/#organization"},"image":{"@id":"https:\/\/wp.kristdemokraterna.se\/varnamo\/2010\/05\/08\/stig-claesson-inspirerade-pa-alliansdagen\/#primaryimage"},"thumbnailUrl":"https:\/\/wp.kristdemokraterna.se\/varnamo\/files\/2022\/08\/kd-logo-blue.png","keywords":["\u00e4ldreh\u00e4lsocentral","Alliansen","familj","familjecentral","f\u00f6retagande","Gummifabriken","H\u00e5kan Johansson","kampanj","n\u00e4ringsliv","riksdagen","Stig Claesson","valr\u00f6relse","v\u00e5rdnadsbidrag"],"articleSection":["Nyheter"],"inLanguage":"sv-SE"},{"@type":"WebPage","@id":"https:\/\/wp.kristdemokraterna.se\/varnamo\/2010\/05\/08\/stig-claesson-inspirerade-pa-alliansdagen\/","url":"https:\/\/wp.kristdemokraterna.se\/varnamo\/2010\/05\/08\/stig-claesson-inspirerade-pa-alliansdagen\/","name":"Stig Claesson inspirerade p\u00e5 Alliansdagen - KRISTDEMOKRATERNA V\u00c4RNAMO","isPartOf":{"@id":"https:\/\/wp.kristdemokraterna.se\/varnamo\/#website"},"primaryImageOfPage":{"@id":"https:\/\/wp.kristdemokraterna.se\/varnamo\/2010\/05\/08\/stig-claesson-inspirerade-pa-alliansdagen\/#primaryimage"},"image":{"@id":"https:\/\/wp.kristdemokraterna.se\/varnamo\/2010\/05\/08\/stig-claesson-inspirerade-pa-alliansdagen\/#primaryimage"},"thumbnailUrl":"https:\/\/wp.kristdemokraterna.se\/varnamo\/files\/2022\/08\/kd-logo-blue.png","datePublished":"2010-05-08T19:38:00+00:00","dateModified":"2015-07-10T15:42:18+00:00","breadcrumb":{"@id":"https:\/\/wp.kristdemokraterna.se\/varnamo\/2010\/05\/08\/stig-claesson-inspirerade-pa-alliansdagen\/#breadcrumb"},"inLanguage":"sv-SE","potentialAction":[{"@type":"ReadAction","target":["https:\/\/wp.kristdemokraterna.se\/varnamo\/2010\/05\/08\/stig-claesson-inspirerade-pa-alliansdagen\/"]}]},{"@type":"ImageObject","inLanguage":"sv-SE","@id":"https:\/\/wp.kristdemokraterna.se\/varnamo\/2010\/05\/08\/stig-claesson-inspirerade-pa-alliansdagen\/#primaryimage","url":"https:\/\/wp.kristdemokraterna.se\/varnamo\/files\/2022\/08\/kd-logo-blue.png","contentUrl":"https:\/\/wp.kristdemokraterna.se\/varnamo\/files\/2022\/08\/kd-logo-blue.png","width":2000,"height":2000,"caption":"Kristdemokraternas logotyp"},{"@type":"BreadcrumbList","@id":"https:\/\/wp.kristdemokraterna.se\/varnamo\/2010\/05\/08\/stig-claesson-inspirerade-pa-alliansdagen\/#breadcrumb","itemListElement":[{"@type":"ListItem","position":1,"name":"Hem","item":"https:\/\/wp.kristdemokraterna.se\/varnamo\/"},{"@type":"ListItem","position":2,"name":"Stig Claesson inspirerade p\u00e5 Alliansdagen"}]},{"@type":"WebSite","@id":"https:\/\/wp.kristdemokraterna.se\/varnamo\/#website","url":"https:\/\/wp.kristdemokraterna.se\/varnamo\/","name":"KRISTDEMOKRATERNA V\u00c4RNAMO","description":"Med hj\u00e4rta f\u00f6r V\u00e4rnamo","publisher":{"@id":"https:\/\/wp.kristdemokraterna.se\/varnamo\/#organization"},"inLanguage":"sv-SE"},{"@type":"Organization","@id":"https:\/\/wp.kristdemokraterna.se\/varnamo\/#organization","name":"Kristdemokraterna V\u00e4rnamo","url":"https:\/\/wp.kristdemokraterna.se\/varnamo\/","logo":{"@type":"ImageObject","inLanguage":"sv-SE","@id":"https:\/\/wp.kristdemokraterna.se\/varnamo\/#\/schema\/logo\/image\/","url":"https:\/\/wp.kristdemokraterna.se\/varnamo\/files\/2022\/08\/va\u2560ernamo-sida-bla-300dpi.png","contentUrl":"https:\/\/wp.kristdemokraterna.se\/varnamo\/files\/2022\/08\/va\u2560ernamo-sida-bla-300dpi.png","width":1485,"height":681,"caption":"Kristdemokraterna V\u00e4rnamo"},"image":{"@id":"https:\/\/wp.kristdemokraterna.se\/varnamo\/#\/schema\/logo\/image\/"},"sameAs":["https:\/\/www.facebook.com\/KDVarnamo\/","https:\/\/x.com\/KDVarnamo","https:\/\/www.instagram.com\/","https:\/\/www.youtube.com\/user\/studiokd\/videos"]},{"@type":"Person","@id":"https:\/\/wp.kristdemokraterna.se\/varnamo\/#\/schema\/person\/4e339ab04d613699e4dfe80a994e01d4","name":"Kristdemokraterna V\u00e4rnamo","image":{"@type":"ImageObject","inLanguage":"sv-SE","@id":"https:\/\/secure.gravatar.com\/avatar\/c122e48c7723992af51eb155eeaa93db3c1fa324e3fc6ec45dd712c812809b5b?s=96&r=g","url":"https:\/\/secure.gravatar.com\/avatar\/c122e48c7723992af51eb155eeaa93db3c1fa324e3fc6ec45dd712c812809b5b?s=96&r=g","contentUrl":"https:\/\/secure.gravatar.com\/avatar\/c122e48c7723992af51eb155eeaa93db3c1fa324e3fc6ec45dd712c812809b5b?s=96&r=g","caption":"Kristdemokraterna V\u00e4rnamo"},"description":"Familjens r\u00f6st","sameAs":["http:\/\/www.varnamo.kristdemokraterna.se"],"url":"https:\/\/wp.kristdemokraterna.se\/varnamo\/author\/varnamo\/"}]}},"_links":{"self":[{"href":"https:\/\/wp.kristdemokraterna.se\/varnamo\/wp-json\/wp\/v2\/posts\/1962","targetHints":{"allow":["GET"]}}],"collection":[{"href":"https:\/\/wp.kristdemokraterna.se\/varnamo\/wp-json\/wp\/v2\/posts"}],"about":[{"href":"https:\/\/wp.kristdemokraterna.se\/varnamo\/wp-json\/wp\/v2\/types\/post"}],"author":[{"embeddable":true,"href":"https:\/\/wp.kristdemokraterna.se\/varnamo\/wp-json\/wp\/v2\/users\/412"}],"replies":[{"embeddable":true,"href":"https:\/\/wp.kristdemokraterna.se\/varnamo\/wp-json\/wp\/v2\/comments?post=1962"}],"version-history":[{"count":7,"href":"https:\/\/wp.kristdemokraterna.se\/varnamo\/wp-json\/wp\/v2\/posts\/1962\/revisions"}],"predecessor-version":[{"id":6695,"href":"https:\/\/wp.kristdemokraterna.se\/varnamo\/wp-json\/wp\/v2\/posts\/1962\/revisions\/6695"}],"wp:featuredmedia":[{"embeddable":true,"href":"https:\/\/wp.kristdemokraterna.se\/varnamo\/wp-json\/wp\/v2\/media\/9638"}],"wp:attachment":[{"href":"https:\/\/wp.kristdemokraterna.se\/varnamo\/wp-json\/wp\/v2\/media?parent=1962"}],"wp:term":[{"taxonomy":"category","embeddable":true,"href":"https:\/\/wp.kristdemokraterna.se\/varnamo\/wp-json\/wp\/v2\/categories?post=1962"},{"taxonomy":"post_tag","embeddable":true,"href":"https:\/\/wp.kristdemokraterna.se\/varnamo\/wp-json\/wp\/v2\/tags?post=1962"}],"curies":[{"name":"wp","href":"https:\/\/api.w.org\/{rel}","templated":true}]}}