{"id":1994,"date":"2000-02-21T21:38:00","date_gmt":"2000-02-21T20:38:00","guid":{"rendered":"http:\/\/localhost:4901\/?p=1994"},"modified":"2013-12-06T22:40:29","modified_gmt":"2013-12-06T21:40:29","slug":"mannen-maste-borja-diskutera-sitt-ansvar-for-jamstalldheten","status":"publish","type":"post","link":"https:\/\/wp.kristdemokraterna.se\/varnamo\/2000\/02\/21\/mannen-maste-borja-diskutera-sitt-ansvar-for-jamstalldheten\/","title":{"rendered":"M\u00e4nnen m\u00e5ste b\u00f6rja diskutera sitt ansvar f\u00f6r j\u00e4mst\u00e4lldheten"},"content":{"rendered":"<p>N\u00e4r t\u00e4nker m\u00e4nnen b\u00f6rja diskutera m\u00e4nnens ansvar f\u00f6r att vi tillsammans ska skapa ett mer j\u00e4mlikt och j\u00e4mst\u00e4lldt samh\u00e4lle, undrade Magnus Jacobsson, kristdemokratisk riksdagsledamot och senaste f\u00f6re detta f\u00f6rbundsordf\u00f6rande f\u00f6r KDU, i riksdagens<br \/>\nj\u00e4mst\u00e4lldhetsdebatt i v\u00e5ras.<\/p>\n<p><!--more-->Detta \u00e4r en oerh\u00f6rt negativ situation, att fast att vi nu har diskuterat j\u00e4mst\u00e4lldhet i snart 20-30 \u00e5r, s\u00e5 \u00e4r det fortfarande en diskussion som framf\u00f6rallt f\u00f6rs bland kvinnor, om m\u00e4n. Som jag ser det m\u00e5ste vi m\u00e4n b\u00f6rja diskutera m\u00e4nnens ansvar f\u00f6r att vi tillsammans ska skapa ett mer j\u00e4mlikt och j\u00e4mst\u00e4llt samh\u00e4lle.<\/p>\n<p>N\u00e4sta steg i j\u00e4mst\u00e4lldhetsdebatten m\u00e5ste vara att vi m\u00e4n g\u00f6r dessa fr\u00e5gor till v\u00e5ra fr\u00e5gor och att vi tillsammans med kvinnorna f\u00f6rs\u00f6ker fina l\u00f6sningar p\u00e5 de problem som j\u00e4mst\u00e4lldhetsdebatten ger uttryck f\u00f6r.<\/p>\n<h1>Talet i sin helhet<\/h1>\n<p>I g\u00e5r l\u00e4ste jag i en av kv\u00e4llstidningarna om en &#8221;far&#8221; som under 8 \u00e5r hade misshandlat och torterat sin dotter. Under de senaste veckorna har de flesta media diskuterat den 22-\u00e5riga man som utnyttjat minst tio barn b\u00e5de i hemmet och p\u00e5 de daghem som han jobbade p\u00e5. Och med j\u00e4mna mellan rum diskuteras olika \u00f6vergrepp som av media uppm\u00e4rksammas.<\/p>\n<p>Gemensamt f\u00f6r alla dessa ber\u00e4ttelser \u00e4r att det \u00e4r m\u00e4n som beg\u00e5r \u00f6ver 90 procent av alla v\u00e5lds- och \u00f6vergreppsbrott. Trots detta \u00e4r det n\u00e4stan enbart kvinnor som diskuterar j\u00e4mst\u00e4lldhet.<\/p>\n<p>Detta \u00e4r en oerh\u00f6rt negativ situation, att fast att vi nu har diskuterat j\u00e4mst\u00e4lldhet i snart 20-30 \u00e5r men fortfarande \u00e4r det en diskussion som framf\u00f6rallt f\u00f6rs bland kvinnor, om m\u00e4n.<\/p>\n<p>Det h\u00e4r har gjort att j\u00e4mst\u00e4lldhet ofta bland m\u00e4n f\u00e5tt en negativ klang. M\u00e5nga yngre upplever att det enbart \u00e4r \u00e4ldre och medel\u00e5lders kvinnor som gn\u00e4ller. Och man ser inte att problemen \u00e4r reella. Det \u00e4r d\u00e4rf\u00f6r gl\u00e4djande att se att det finns flera motioner som uppm\u00e4rksammar m\u00e4nnens del och ansvar i j\u00e4mst\u00e4lldhetsdebatten.<\/p>\n<p>J\u00e4mst\u00e4lldhet f\u00e5r inte enbart vara kvinnornas samtal om m\u00e4nnens beteende, utan ska j\u00e4mst\u00e4lldheten bli en varaktig och reell framg\u00e5ng m\u00e5ste vi m\u00e4n b\u00f6rja diskutera varf\u00f6r vi beg\u00e5r de brott som vi g\u00f6r, varf\u00f6r vi anv\u00e4nder v\u00e5ld och h\u00e4rskartekniker f\u00f6r att beh\u00e5lla v\u00e5r position i samh\u00e4llet.<\/p>\n<p>Sj\u00e4lv b\u00f6rjade jag fundera p\u00e5 dessa fr\u00e5gor n\u00e4r jag som ton\u00e5ring l\u00e4rde k\u00e4nna en tjejkompis som blivit sexuellt utnyttjad av sin pappa. I processen kring polisanm\u00e4lan och bristen p\u00e5 engagemang fr\u00e5n myndigheter som borde st\u00f6ttat, s\u00e5 ins\u00e5g jag att f\u00f6rh\u00e5llandena man och kvinna l\u00e5ngt i fr\u00e5n var j\u00e4mlika och r\u00e4ttvisa.<\/p>\n<p>Vi m\u00e4n m\u00e5ste v\u00e5ga se p\u00e5 oss sj\u00e4lva, v\u00e5ra beteenden och positioner. Hur vi agerar vad det g\u00e4ller relationer mellan m\u00e4n och kvinnor, hur vi agerar i yrkeslivet och hur vi agerar i familjelivet.<\/p>\n<p>Det var bland annat ur det h\u00e4r perspektivet som jag som f\u00f6rbundsordf\u00f6rande i <abbr title=\"Kristdemokratiska Ungdomsf\u00f6rbundet\">KDU<\/abbr> tog initiativet till MAN ett opolitiskt n\u00e4tverk som f\u00f6rs\u00f6ker jobba med j\u00e4mst\u00e4lldhetsfr\u00e5gor ur ett manligt perspektiv.<\/p>\n<p>Det \u00e4r ocks\u00e5 d\u00e4rf\u00f6r som jag anser att det \u00e4r oerh\u00f6rt viktigt att sj\u00e4lvklarheter som lika l\u00f6n f\u00f6r lika arbete eller paroller som hela l\u00f6nen och halva makten m\u00e5ste bli en del av m\u00e4nnens politiska krav.<\/p>\n<p>Men det \u00e4r ocks\u00e5 viktigt att vi m\u00e4n v\u00e5gar kr\u00e4va v\u00e5r r\u00e4tt att f\u00e5 vara hemma med v\u00e5ra barn. En fungerande f\u00f6r\u00e4ldraf\u00f6rs\u00e4kring \u00e4r d\u00e4rf\u00f6r av yttersta vikt f\u00f6r att j\u00e4mst\u00e4lldhetsarbetet ska forts\u00e4tta att utvecklas.<\/p>\n<p>Det \u00e4r ocks\u00e5 utifr\u00e5n det h\u00e4r perspektivet som v\u00e5rdnadsbidrag blir s\u00e5 sj\u00e4lvklart. \u00c4ven jag som man vill ha st\u00f6rre m\u00f6jlighet att vara hemma med mina barn. Och ett utbyggt v\u00e5rdnadsbidrag skulle underl\u00e4tta f\u00f6r alla att sj\u00e4lva v\u00e4lja arbetstid och barnomsorg.<\/p>\n<p>Framf\u00f6rallt m\u00f6jligheterna f\u00f6r m\u00e4n och kvinnor att via v\u00e5rdnadsbidraget g\u00e5 ner i arbetstid, utan att man f\u00f6rdenskull g\u00f6r s\u00e5 stora ekonomiska f\u00f6rluster, tror jag kan vara bra f\u00f6r j\u00e4mst\u00e4lldheten p\u00e5 sikt.<\/p>\n<p>Men oavsett olika politiska id\u00e9er och f\u00f6rslag s\u00e5 m\u00e5ste j\u00e4mst\u00e4lldhetsdebatten i sig bli mer j\u00e4mst\u00e4lld. Var finns m\u00e4nnen? N\u00e4r t\u00e4nker m\u00e4nnen b\u00f6rja diskutera m\u00e4nnens ansvar f\u00f6r att vi tillsammans ska skapa ett mer j\u00e4mlikt och j\u00e4mst\u00e4llt samh\u00e4lle?<\/p>\n<p>Det h\u00e4r \u00e4r mina fr\u00e5gor, till mej, min generation och de individer som likt mig \u00e4r m\u00e4n. Som jag ser det, \u00e4r det dags att \u00e4ven vi m\u00e4n b\u00f6rjar diskutera vad vi har f\u00f6r ansvar kring dessa stora och viktiga fr\u00e5gor.<\/p>\n<p class=\"byline\" style=\"text-align: right\"><em>Magnus Jacobsson<\/em><br \/>\nKristdemokratisk riksdagsman f\u00f6r V\u00e4stmanlands l\u00e4n och f\u00f6re detta ordf\u00f6rande f\u00f6r <abbr title=\"Kristdemokratiska Ungdomsf\u00f6rbundet\">KDU<\/abbr><\/p>\n","protected":false},"excerpt":{"rendered":"<p>N\u00e4r t\u00e4nker m\u00e4nnen b\u00f6rja diskutera m\u00e4nnens ansvar f\u00f6r att vi tillsammans ska skapa ett mer j\u00e4mlikt och j\u00e4mst\u00e4lldt samh\u00e4lle, undrade Magnus Jacobsson, kristdemokratisk riksdagsledamot och senaste f\u00f6re detta f\u00f6rbundsordf\u00f6rande f\u00f6r KDU, i riksdagens j\u00e4mst\u00e4lldhetsdebatt i v\u00e5ras.<\/p>\n","protected":false},"author":412,"featured_media":9638,"comment_status":"open","ping_status":"open","sticky":false,"template":"","format":"standard","meta":{"_acf_changed":false,"footnotes":""},"categories":[11],"tags":[361,34,219,228,198,135,165,355,279,46,199,121],"class_list":["post-1994","post","type-post","status-publish","format-standard","hentry","category-nyheter","tag-ansvar","tag-barnomsorg","tag-brottslighet","tag-foraldraforsakring","tag-jamstalldhet","tag-kdu","tag-kvinnor","tag-magnus-jacobsson","tag-rattvisa","tag-riksdagsledamot","tag-vald","tag-vardnadsbidrag"],"acf":[],"yoast_head":"<!-- This site is optimized with the Yoast SEO plugin v27.4 - https:\/\/yoast.com\/product\/yoast-seo-wordpress\/ -->\n<title>M\u00e4nnen m\u00e5ste b\u00f6rja diskutera sitt ansvar f\u00f6r j\u00e4mst\u00e4lldheten - KRISTDEMOKRATERNA V\u00c4RNAMO<\/title>\n<meta name=\"robots\" content=\"index, follow, max-snippet:-1, max-image-preview:large, max-video-preview:-1\" \/>\n<link rel=\"canonical\" href=\"https:\/\/wp.kristdemokraterna.se\/varnamo\/2000\/02\/21\/mannen-maste-borja-diskutera-sitt-ansvar-for-jamstalldheten\/\" \/>\n<meta property=\"og:locale\" content=\"sv_SE\" \/>\n<meta property=\"og:type\" content=\"article\" \/>\n<meta property=\"og:title\" content=\"M\u00e4nnen m\u00e5ste b\u00f6rja diskutera sitt ansvar f\u00f6r j\u00e4mst\u00e4lldheten - KRISTDEMOKRATERNA V\u00c4RNAMO\" \/>\n<meta property=\"og:description\" content=\"N\u00e4r t\u00e4nker m\u00e4nnen b\u00f6rja diskutera m\u00e4nnens ansvar f\u00f6r att vi tillsammans ska skapa ett mer j\u00e4mlikt och j\u00e4mst\u00e4lldt samh\u00e4lle, undrade Magnus Jacobsson, kristdemokratisk riksdagsledamot och senaste f\u00f6re detta f\u00f6rbundsordf\u00f6rande f\u00f6r KDU, i riksdagens j\u00e4mst\u00e4lldhetsdebatt i v\u00e5ras.\" \/>\n<meta property=\"og:url\" content=\"https:\/\/wp.kristdemokraterna.se\/varnamo\/2000\/02\/21\/mannen-maste-borja-diskutera-sitt-ansvar-for-jamstalldheten\/\" \/>\n<meta property=\"og:site_name\" content=\"KRISTDEMOKRATERNA V\u00c4RNAMO\" \/>\n<meta property=\"article:publisher\" content=\"https:\/\/www.facebook.com\/KDVarnamo\/\" \/>\n<meta property=\"article:published_time\" content=\"2000-02-21T20:38:00+00:00\" \/>\n<meta property=\"article:modified_time\" content=\"2013-12-06T21:40:29+00:00\" \/>\n<meta property=\"og:image\" content=\"https:\/\/wp.kristdemokraterna.se\/varnamo\/files\/2022\/08\/va\u2560ernamo-sida-bla-300dpi.png\" \/>\n\t<meta property=\"og:image:width\" content=\"1485\" \/>\n\t<meta property=\"og:image:height\" content=\"681\" \/>\n\t<meta property=\"og:image:type\" content=\"image\/png\" \/>\n<meta name=\"author\" content=\"Kristdemokraterna V\u00e4rnamo\" \/>\n<meta name=\"twitter:card\" content=\"summary_large_image\" \/>\n<meta name=\"twitter:creator\" content=\"@KDVarnamo\" \/>\n<meta name=\"twitter:site\" content=\"@KDVarnamo\" \/>\n<meta name=\"twitter:label1\" content=\"Skriven av\" \/>\n\t<meta name=\"twitter:data1\" content=\"Kristdemokraterna V\u00e4rnamo\" \/>\n\t<meta name=\"twitter:label2\" content=\"Ber\u00e4knad l\u00e4stid\" \/>\n\t<meta name=\"twitter:data2\" content=\"5 minuter\" \/>\n<script type=\"application\/ld+json\" class=\"yoast-schema-graph\">{\"@context\":\"https:\\\/\\\/schema.org\",\"@graph\":[{\"@type\":\"Article\",\"@id\":\"https:\\\/\\\/wp.kristdemokraterna.se\\\/varnamo\\\/2000\\\/02\\\/21\\\/mannen-maste-borja-diskutera-sitt-ansvar-for-jamstalldheten\\\/#article\",\"isPartOf\":{\"@id\":\"https:\\\/\\\/wp.kristdemokraterna.se\\\/varnamo\\\/2000\\\/02\\\/21\\\/mannen-maste-borja-diskutera-sitt-ansvar-for-jamstalldheten\\\/\"},\"author\":{\"name\":\"Kristdemokraterna V\u00e4rnamo\",\"@id\":\"https:\\\/\\\/wp.kristdemokraterna.se\\\/varnamo\\\/#\\\/schema\\\/person\\\/4e339ab04d613699e4dfe80a994e01d4\"},\"headline\":\"M\u00e4nnen m\u00e5ste b\u00f6rja diskutera sitt ansvar f\u00f6r j\u00e4mst\u00e4lldheten\",\"datePublished\":\"2000-02-21T20:38:00+00:00\",\"dateModified\":\"2013-12-06T21:40:29+00:00\",\"mainEntityOfPage\":{\"@id\":\"https:\\\/\\\/wp.kristdemokraterna.se\\\/varnamo\\\/2000\\\/02\\\/21\\\/mannen-maste-borja-diskutera-sitt-ansvar-for-jamstalldheten\\\/\"},\"wordCount\":919,\"commentCount\":0,\"publisher\":{\"@id\":\"https:\\\/\\\/wp.kristdemokraterna.se\\\/varnamo\\\/#organization\"},\"image\":{\"@id\":\"https:\\\/\\\/wp.kristdemokraterna.se\\\/varnamo\\\/2000\\\/02\\\/21\\\/mannen-maste-borja-diskutera-sitt-ansvar-for-jamstalldheten\\\/#primaryimage\"},\"thumbnailUrl\":\"https:\\\/\\\/wp.kristdemokraterna.se\\\/varnamo\\\/files\\\/2022\\\/08\\\/kd-logo-blue.png\",\"keywords\":[\"ansvar\",\"barnomsorg\",\"brottslighet\",\"f\u00f6r\u00e4ldraf\u00f6rs\u00e4kring\",\"j\u00e4mst\u00e4lldhet\",\"KDU\",\"kvinnor\",\"Magnus Jacobsson\",\"r\u00e4ttvisa\",\"riksdagsledamot\",\"v\u00e5ld\",\"v\u00e5rdnadsbidrag\"],\"articleSection\":[\"Nyheter\"],\"inLanguage\":\"sv-SE\"},{\"@type\":\"WebPage\",\"@id\":\"https:\\\/\\\/wp.kristdemokraterna.se\\\/varnamo\\\/2000\\\/02\\\/21\\\/mannen-maste-borja-diskutera-sitt-ansvar-for-jamstalldheten\\\/\",\"url\":\"https:\\\/\\\/wp.kristdemokraterna.se\\\/varnamo\\\/2000\\\/02\\\/21\\\/mannen-maste-borja-diskutera-sitt-ansvar-for-jamstalldheten\\\/\",\"name\":\"M\u00e4nnen m\u00e5ste b\u00f6rja diskutera sitt ansvar f\u00f6r j\u00e4mst\u00e4lldheten - KRISTDEMOKRATERNA V\u00c4RNAMO\",\"isPartOf\":{\"@id\":\"https:\\\/\\\/wp.kristdemokraterna.se\\\/varnamo\\\/#website\"},\"primaryImageOfPage\":{\"@id\":\"https:\\\/\\\/wp.kristdemokraterna.se\\\/varnamo\\\/2000\\\/02\\\/21\\\/mannen-maste-borja-diskutera-sitt-ansvar-for-jamstalldheten\\\/#primaryimage\"},\"image\":{\"@id\":\"https:\\\/\\\/wp.kristdemokraterna.se\\\/varnamo\\\/2000\\\/02\\\/21\\\/mannen-maste-borja-diskutera-sitt-ansvar-for-jamstalldheten\\\/#primaryimage\"},\"thumbnailUrl\":\"https:\\\/\\\/wp.kristdemokraterna.se\\\/varnamo\\\/files\\\/2022\\\/08\\\/kd-logo-blue.png\",\"datePublished\":\"2000-02-21T20:38:00+00:00\",\"dateModified\":\"2013-12-06T21:40:29+00:00\",\"breadcrumb\":{\"@id\":\"https:\\\/\\\/wp.kristdemokraterna.se\\\/varnamo\\\/2000\\\/02\\\/21\\\/mannen-maste-borja-diskutera-sitt-ansvar-for-jamstalldheten\\\/#breadcrumb\"},\"inLanguage\":\"sv-SE\",\"potentialAction\":[{\"@type\":\"ReadAction\",\"target\":[\"https:\\\/\\\/wp.kristdemokraterna.se\\\/varnamo\\\/2000\\\/02\\\/21\\\/mannen-maste-borja-diskutera-sitt-ansvar-for-jamstalldheten\\\/\"]}]},{\"@type\":\"ImageObject\",\"inLanguage\":\"sv-SE\",\"@id\":\"https:\\\/\\\/wp.kristdemokraterna.se\\\/varnamo\\\/2000\\\/02\\\/21\\\/mannen-maste-borja-diskutera-sitt-ansvar-for-jamstalldheten\\\/#primaryimage\",\"url\":\"https:\\\/\\\/wp.kristdemokraterna.se\\\/varnamo\\\/files\\\/2022\\\/08\\\/kd-logo-blue.png\",\"contentUrl\":\"https:\\\/\\\/wp.kristdemokraterna.se\\\/varnamo\\\/files\\\/2022\\\/08\\\/kd-logo-blue.png\",\"width\":2000,\"height\":2000,\"caption\":\"Kristdemokraternas logotyp\"},{\"@type\":\"BreadcrumbList\",\"@id\":\"https:\\\/\\\/wp.kristdemokraterna.se\\\/varnamo\\\/2000\\\/02\\\/21\\\/mannen-maste-borja-diskutera-sitt-ansvar-for-jamstalldheten\\\/#breadcrumb\",\"itemListElement\":[{\"@type\":\"ListItem\",\"position\":1,\"name\":\"Hem\",\"item\":\"https:\\\/\\\/wp.kristdemokraterna.se\\\/varnamo\\\/\"},{\"@type\":\"ListItem\",\"position\":2,\"name\":\"M\u00e4nnen m\u00e5ste b\u00f6rja diskutera sitt ansvar f\u00f6r j\u00e4mst\u00e4lldheten\"}]},{\"@type\":\"WebSite\",\"@id\":\"https:\\\/\\\/wp.kristdemokraterna.se\\\/varnamo\\\/#website\",\"url\":\"https:\\\/\\\/wp.kristdemokraterna.se\\\/varnamo\\\/\",\"name\":\"KRISTDEMOKRATERNA V\u00c4RNAMO\",\"description\":\"Med hj\u00e4rta f\u00f6r V\u00e4rnamo\",\"publisher\":{\"@id\":\"https:\\\/\\\/wp.kristdemokraterna.se\\\/varnamo\\\/#organization\"},\"inLanguage\":\"sv-SE\"},{\"@type\":\"Organization\",\"@id\":\"https:\\\/\\\/wp.kristdemokraterna.se\\\/varnamo\\\/#organization\",\"name\":\"Kristdemokraterna V\u00e4rnamo\",\"url\":\"https:\\\/\\\/wp.kristdemokraterna.se\\\/varnamo\\\/\",\"logo\":{\"@type\":\"ImageObject\",\"inLanguage\":\"sv-SE\",\"@id\":\"https:\\\/\\\/wp.kristdemokraterna.se\\\/varnamo\\\/#\\\/schema\\\/logo\\\/image\\\/\",\"url\":\"https:\\\/\\\/wp.kristdemokraterna.se\\\/varnamo\\\/files\\\/2022\\\/08\\\/va\u2560ernamo-sida-bla-300dpi.png\",\"contentUrl\":\"https:\\\/\\\/wp.kristdemokraterna.se\\\/varnamo\\\/files\\\/2022\\\/08\\\/va\u2560ernamo-sida-bla-300dpi.png\",\"width\":1485,\"height\":681,\"caption\":\"Kristdemokraterna V\u00e4rnamo\"},\"image\":{\"@id\":\"https:\\\/\\\/wp.kristdemokraterna.se\\\/varnamo\\\/#\\\/schema\\\/logo\\\/image\\\/\"},\"sameAs\":[\"https:\\\/\\\/www.facebook.com\\\/KDVarnamo\\\/\",\"https:\\\/\\\/x.com\\\/KDVarnamo\",\"https:\\\/\\\/www.instagram.com\\\/\",\"https:\\\/\\\/www.youtube.com\\\/user\\\/studiokd\\\/videos\"]},{\"@type\":\"Person\",\"@id\":\"https:\\\/\\\/wp.kristdemokraterna.se\\\/varnamo\\\/#\\\/schema\\\/person\\\/4e339ab04d613699e4dfe80a994e01d4\",\"name\":\"Kristdemokraterna V\u00e4rnamo\",\"image\":{\"@type\":\"ImageObject\",\"inLanguage\":\"sv-SE\",\"@id\":\"https:\\\/\\\/secure.gravatar.com\\\/avatar\\\/c122e48c7723992af51eb155eeaa93db3c1fa324e3fc6ec45dd712c812809b5b?s=96&r=g\",\"url\":\"https:\\\/\\\/secure.gravatar.com\\\/avatar\\\/c122e48c7723992af51eb155eeaa93db3c1fa324e3fc6ec45dd712c812809b5b?s=96&r=g\",\"contentUrl\":\"https:\\\/\\\/secure.gravatar.com\\\/avatar\\\/c122e48c7723992af51eb155eeaa93db3c1fa324e3fc6ec45dd712c812809b5b?s=96&r=g\",\"caption\":\"Kristdemokraterna V\u00e4rnamo\"},\"description\":\"Familjens r\u00f6st\",\"sameAs\":[\"http:\\\/\\\/www.varnamo.kristdemokraterna.se\"],\"url\":\"https:\\\/\\\/wp.kristdemokraterna.se\\\/varnamo\\\/author\\\/varnamo\\\/\"}]}<\/script>\n<!-- \/ Yoast SEO plugin. -->","yoast_head_json":{"title":"M\u00e4nnen m\u00e5ste b\u00f6rja diskutera sitt ansvar f\u00f6r j\u00e4mst\u00e4lldheten - KRISTDEMOKRATERNA V\u00c4RNAMO","robots":{"index":"index","follow":"follow","max-snippet":"max-snippet:-1","max-image-preview":"max-image-preview:large","max-video-preview":"max-video-preview:-1"},"canonical":"https:\/\/wp.kristdemokraterna.se\/varnamo\/2000\/02\/21\/mannen-maste-borja-diskutera-sitt-ansvar-for-jamstalldheten\/","og_locale":"sv_SE","og_type":"article","og_title":"M\u00e4nnen m\u00e5ste b\u00f6rja diskutera sitt ansvar f\u00f6r j\u00e4mst\u00e4lldheten - KRISTDEMOKRATERNA V\u00c4RNAMO","og_description":"N\u00e4r t\u00e4nker m\u00e4nnen b\u00f6rja diskutera m\u00e4nnens ansvar f\u00f6r att vi tillsammans ska skapa ett mer j\u00e4mlikt och j\u00e4mst\u00e4lldt samh\u00e4lle, undrade Magnus Jacobsson, kristdemokratisk riksdagsledamot och senaste f\u00f6re detta f\u00f6rbundsordf\u00f6rande f\u00f6r KDU, i riksdagens j\u00e4mst\u00e4lldhetsdebatt i v\u00e5ras.","og_url":"https:\/\/wp.kristdemokraterna.se\/varnamo\/2000\/02\/21\/mannen-maste-borja-diskutera-sitt-ansvar-for-jamstalldheten\/","og_site_name":"KRISTDEMOKRATERNA V\u00c4RNAMO","article_publisher":"https:\/\/www.facebook.com\/KDVarnamo\/","article_published_time":"2000-02-21T20:38:00+00:00","article_modified_time":"2013-12-06T21:40:29+00:00","og_image":[{"width":1485,"height":681,"url":"https:\/\/wp.kristdemokraterna.se\/varnamo\/files\/2022\/08\/va\u2560ernamo-sida-bla-300dpi.png","type":"image\/png"}],"author":"Kristdemokraterna V\u00e4rnamo","twitter_card":"summary_large_image","twitter_creator":"@KDVarnamo","twitter_site":"@KDVarnamo","twitter_misc":{"Skriven av":"Kristdemokraterna V\u00e4rnamo","Ber\u00e4knad l\u00e4stid":"5 minuter"},"schema":{"@context":"https:\/\/schema.org","@graph":[{"@type":"Article","@id":"https:\/\/wp.kristdemokraterna.se\/varnamo\/2000\/02\/21\/mannen-maste-borja-diskutera-sitt-ansvar-for-jamstalldheten\/#article","isPartOf":{"@id":"https:\/\/wp.kristdemokraterna.se\/varnamo\/2000\/02\/21\/mannen-maste-borja-diskutera-sitt-ansvar-for-jamstalldheten\/"},"author":{"name":"Kristdemokraterna V\u00e4rnamo","@id":"https:\/\/wp.kristdemokraterna.se\/varnamo\/#\/schema\/person\/4e339ab04d613699e4dfe80a994e01d4"},"headline":"M\u00e4nnen m\u00e5ste b\u00f6rja diskutera sitt ansvar f\u00f6r j\u00e4mst\u00e4lldheten","datePublished":"2000-02-21T20:38:00+00:00","dateModified":"2013-12-06T21:40:29+00:00","mainEntityOfPage":{"@id":"https:\/\/wp.kristdemokraterna.se\/varnamo\/2000\/02\/21\/mannen-maste-borja-diskutera-sitt-ansvar-for-jamstalldheten\/"},"wordCount":919,"commentCount":0,"publisher":{"@id":"https:\/\/wp.kristdemokraterna.se\/varnamo\/#organization"},"image":{"@id":"https:\/\/wp.kristdemokraterna.se\/varnamo\/2000\/02\/21\/mannen-maste-borja-diskutera-sitt-ansvar-for-jamstalldheten\/#primaryimage"},"thumbnailUrl":"https:\/\/wp.kristdemokraterna.se\/varnamo\/files\/2022\/08\/kd-logo-blue.png","keywords":["ansvar","barnomsorg","brottslighet","f\u00f6r\u00e4ldraf\u00f6rs\u00e4kring","j\u00e4mst\u00e4lldhet","KDU","kvinnor","Magnus Jacobsson","r\u00e4ttvisa","riksdagsledamot","v\u00e5ld","v\u00e5rdnadsbidrag"],"articleSection":["Nyheter"],"inLanguage":"sv-SE"},{"@type":"WebPage","@id":"https:\/\/wp.kristdemokraterna.se\/varnamo\/2000\/02\/21\/mannen-maste-borja-diskutera-sitt-ansvar-for-jamstalldheten\/","url":"https:\/\/wp.kristdemokraterna.se\/varnamo\/2000\/02\/21\/mannen-maste-borja-diskutera-sitt-ansvar-for-jamstalldheten\/","name":"M\u00e4nnen m\u00e5ste b\u00f6rja diskutera sitt ansvar f\u00f6r j\u00e4mst\u00e4lldheten - KRISTDEMOKRATERNA V\u00c4RNAMO","isPartOf":{"@id":"https:\/\/wp.kristdemokraterna.se\/varnamo\/#website"},"primaryImageOfPage":{"@id":"https:\/\/wp.kristdemokraterna.se\/varnamo\/2000\/02\/21\/mannen-maste-borja-diskutera-sitt-ansvar-for-jamstalldheten\/#primaryimage"},"image":{"@id":"https:\/\/wp.kristdemokraterna.se\/varnamo\/2000\/02\/21\/mannen-maste-borja-diskutera-sitt-ansvar-for-jamstalldheten\/#primaryimage"},"thumbnailUrl":"https:\/\/wp.kristdemokraterna.se\/varnamo\/files\/2022\/08\/kd-logo-blue.png","datePublished":"2000-02-21T20:38:00+00:00","dateModified":"2013-12-06T21:40:29+00:00","breadcrumb":{"@id":"https:\/\/wp.kristdemokraterna.se\/varnamo\/2000\/02\/21\/mannen-maste-borja-diskutera-sitt-ansvar-for-jamstalldheten\/#breadcrumb"},"inLanguage":"sv-SE","potentialAction":[{"@type":"ReadAction","target":["https:\/\/wp.kristdemokraterna.se\/varnamo\/2000\/02\/21\/mannen-maste-borja-diskutera-sitt-ansvar-for-jamstalldheten\/"]}]},{"@type":"ImageObject","inLanguage":"sv-SE","@id":"https:\/\/wp.kristdemokraterna.se\/varnamo\/2000\/02\/21\/mannen-maste-borja-diskutera-sitt-ansvar-for-jamstalldheten\/#primaryimage","url":"https:\/\/wp.kristdemokraterna.se\/varnamo\/files\/2022\/08\/kd-logo-blue.png","contentUrl":"https:\/\/wp.kristdemokraterna.se\/varnamo\/files\/2022\/08\/kd-logo-blue.png","width":2000,"height":2000,"caption":"Kristdemokraternas logotyp"},{"@type":"BreadcrumbList","@id":"https:\/\/wp.kristdemokraterna.se\/varnamo\/2000\/02\/21\/mannen-maste-borja-diskutera-sitt-ansvar-for-jamstalldheten\/#breadcrumb","itemListElement":[{"@type":"ListItem","position":1,"name":"Hem","item":"https:\/\/wp.kristdemokraterna.se\/varnamo\/"},{"@type":"ListItem","position":2,"name":"M\u00e4nnen m\u00e5ste b\u00f6rja diskutera sitt ansvar f\u00f6r j\u00e4mst\u00e4lldheten"}]},{"@type":"WebSite","@id":"https:\/\/wp.kristdemokraterna.se\/varnamo\/#website","url":"https:\/\/wp.kristdemokraterna.se\/varnamo\/","name":"KRISTDEMOKRATERNA V\u00c4RNAMO","description":"Med hj\u00e4rta f\u00f6r V\u00e4rnamo","publisher":{"@id":"https:\/\/wp.kristdemokraterna.se\/varnamo\/#organization"},"inLanguage":"sv-SE"},{"@type":"Organization","@id":"https:\/\/wp.kristdemokraterna.se\/varnamo\/#organization","name":"Kristdemokraterna V\u00e4rnamo","url":"https:\/\/wp.kristdemokraterna.se\/varnamo\/","logo":{"@type":"ImageObject","inLanguage":"sv-SE","@id":"https:\/\/wp.kristdemokraterna.se\/varnamo\/#\/schema\/logo\/image\/","url":"https:\/\/wp.kristdemokraterna.se\/varnamo\/files\/2022\/08\/va\u2560ernamo-sida-bla-300dpi.png","contentUrl":"https:\/\/wp.kristdemokraterna.se\/varnamo\/files\/2022\/08\/va\u2560ernamo-sida-bla-300dpi.png","width":1485,"height":681,"caption":"Kristdemokraterna V\u00e4rnamo"},"image":{"@id":"https:\/\/wp.kristdemokraterna.se\/varnamo\/#\/schema\/logo\/image\/"},"sameAs":["https:\/\/www.facebook.com\/KDVarnamo\/","https:\/\/x.com\/KDVarnamo","https:\/\/www.instagram.com\/","https:\/\/www.youtube.com\/user\/studiokd\/videos"]},{"@type":"Person","@id":"https:\/\/wp.kristdemokraterna.se\/varnamo\/#\/schema\/person\/4e339ab04d613699e4dfe80a994e01d4","name":"Kristdemokraterna V\u00e4rnamo","image":{"@type":"ImageObject","inLanguage":"sv-SE","@id":"https:\/\/secure.gravatar.com\/avatar\/c122e48c7723992af51eb155eeaa93db3c1fa324e3fc6ec45dd712c812809b5b?s=96&r=g","url":"https:\/\/secure.gravatar.com\/avatar\/c122e48c7723992af51eb155eeaa93db3c1fa324e3fc6ec45dd712c812809b5b?s=96&r=g","contentUrl":"https:\/\/secure.gravatar.com\/avatar\/c122e48c7723992af51eb155eeaa93db3c1fa324e3fc6ec45dd712c812809b5b?s=96&r=g","caption":"Kristdemokraterna V\u00e4rnamo"},"description":"Familjens r\u00f6st","sameAs":["http:\/\/www.varnamo.kristdemokraterna.se"],"url":"https:\/\/wp.kristdemokraterna.se\/varnamo\/author\/varnamo\/"}]}},"_links":{"self":[{"href":"https:\/\/wp.kristdemokraterna.se\/varnamo\/wp-json\/wp\/v2\/posts\/1994","targetHints":{"allow":["GET"]}}],"collection":[{"href":"https:\/\/wp.kristdemokraterna.se\/varnamo\/wp-json\/wp\/v2\/posts"}],"about":[{"href":"https:\/\/wp.kristdemokraterna.se\/varnamo\/wp-json\/wp\/v2\/types\/post"}],"author":[{"embeddable":true,"href":"https:\/\/wp.kristdemokraterna.se\/varnamo\/wp-json\/wp\/v2\/users\/412"}],"replies":[{"embeddable":true,"href":"https:\/\/wp.kristdemokraterna.se\/varnamo\/wp-json\/wp\/v2\/comments?post=1994"}],"version-history":[{"count":5,"href":"https:\/\/wp.kristdemokraterna.se\/varnamo\/wp-json\/wp\/v2\/posts\/1994\/revisions"}],"predecessor-version":[{"id":4372,"href":"https:\/\/wp.kristdemokraterna.se\/varnamo\/wp-json\/wp\/v2\/posts\/1994\/revisions\/4372"}],"wp:featuredmedia":[{"embeddable":true,"href":"https:\/\/wp.kristdemokraterna.se\/varnamo\/wp-json\/wp\/v2\/media\/9638"}],"wp:attachment":[{"href":"https:\/\/wp.kristdemokraterna.se\/varnamo\/wp-json\/wp\/v2\/media?parent=1994"}],"wp:term":[{"taxonomy":"category","embeddable":true,"href":"https:\/\/wp.kristdemokraterna.se\/varnamo\/wp-json\/wp\/v2\/categories?post=1994"},{"taxonomy":"post_tag","embeddable":true,"href":"https:\/\/wp.kristdemokraterna.se\/varnamo\/wp-json\/wp\/v2\/tags?post=1994"}],"curies":[{"name":"wp","href":"https:\/\/api.w.org\/{rel}","templated":true}]}}