{"id":2006,"date":"2002-08-12T21:38:00","date_gmt":"2002-08-12T19:38:00","guid":{"rendered":"http:\/\/localhost:4901\/?p=2006"},"modified":"2015-07-12T20:27:22","modified_gmt":"2015-07-12T18:27:22","slug":"sa-har-har-vi-lyckats-i-varnamo","status":"publish","type":"post","link":"https:\/\/wp.kristdemokraterna.se\/varnamo\/2002\/08\/12\/sa-har-har-vi-lyckats-i-varnamo\/","title":{"rendered":"S\u00e5 h\u00e4r har vi lyckats i V\u00e4rnamo"},"content":{"rendered":"<p>Kristdemokraternas kommunfullm\u00e4ktigekandidater har under v\u00e5ren genomg\u00e5tt en utbildning i kristdemokratisk politik med principprogrammet som kursbok. <a title=\"Kandidatexamen med kr\u00e4ftskiva\" href=\"http:\/\/wp.kristdemokraterna.se\/varnamo\/2002\/08\/12\/kandidatexamen-med-kraftskiva\/\">Avslutning p\u00e5 utbildningen<\/a> h\u00f6lls under muntra former p\u00e5 m\u00e5ndagskv\u00e4llen den 12 augusti i Arken i V\u00e4rnamo. I samband med avslutningen gjordes ocks\u00e5 en tillbakablick p\u00e5 arbetet under den g\u00e5ngna mandatperioden. De kristdemokratiska fullm\u00e4ktigekandidaterna antog f\u00f6ljande uttalande:<\/p>\n<p><!--more--><\/p>\n<h1><span style=\"color: #000000\">S\u00e5 h\u00e4r har vi lyckats i V\u00e4rnamo<\/span><\/h1>\n<p>Under den g\u00e5ngna mandatperioden har vi f\u00e5tt geh\u00f6r f\u00f6r f\u00f6ljande punkter fr\u00e5n v\u00e5rt valmanifest -98:<\/p>\n<ul>\n<li>kvalitetsarbetet har utvecklats starkt i b\u00e5de f\u00f6rskola och skola<\/li>\n<li>alla skolor prioriterar arbetet med normer och v\u00e4rden i syfte att skapa en trygg och harmonisk l\u00e4randemilj\u00f6<\/li>\n<li>viss frititidsg\u00e5rdsverksamhet sker i Rydaholm<\/li>\n<li>skolh\u00e4lsov\u00e5rden har under perioden f\u00f6rst\u00e4rkts med en halv tj\u00e4nst och kommer ytterligare att f\u00f6rst\u00e4rkas<\/li>\n<li>i syfte att \u00f6ka integrationen mellan invandrare och svenskar har bl a ett musikprojekt startat p\u00e5 R\u00f6rstorpsskolan<\/li>\n<li>Fj\u00e4rrv\u00e4rmen\u00e4tet forts\u00e4tter att byggas ut<\/li>\n<li>V\u00e4rnamo stad forts\u00e4tter att utvecklas som ett handels- och kulturcentrum<\/li>\n<li>Ritningar finns f\u00e4rdiga f\u00f6r att utveckla parkmij\u00f6n utmed Lagan<\/li>\n<li>Vr\u00e5ens centrum har rustats upp och ser nu betydligt trevligare ut<\/li>\n<li>Finnvedsbost\u00e4der har byggt bost\u00e4der i Bredaryd<\/li>\n<\/ul>\n<p>Vi har d\u00e4remot \u00e4nnu inte f\u00e5tt geh\u00f6r f\u00f6r:<\/p>\n<ul>\n<li>kommunalt v\u00e5rdnadsbidrag (den statliga lagstiftningen hindrar)<\/li>\n<li>F-9-skola i Rydaholm<\/li>\n<li>att milj\u00f6certifiera V\u00e4rnamo kommun<\/li>\n<li>att inr\u00e4tta ett dagcenter f\u00f6r demenssjuka<\/li>\n<li>att planera f\u00f6r en ekoby<\/li>\n<li>att rusta upp kyrktorget<\/li>\n<\/ul>\n<p>Att vi inte f\u00e5tt geh\u00f6r f\u00f6r ovanst\u00e5ende punkter inneb\u00e4r dock inte att vi gett upp. Vi kristdemokrater kommer mycket aktivt forts\u00e4tta arbeta f\u00f6r en social och ekologisk samh\u00e4llsgemenskap. V\u00e5rt m\u00e5l \u00e4r att skapa f\u00f6ruts\u00e4ttningar f\u00f6r en positiv utveckling av hela V\u00e4rnamo kommun d\u00e4r trygghet, m\u00e4nniskov\u00e4rde, ansvarsfullt f\u00f6rvaltarskap, m\u00e5ngfald och valfrihet visar v\u00e4gen in i framtiden.<\/p>\n<p style=\"text-align: right\"><em>Kristdemokraterna V\u00e4rnamo<\/em><\/p>\n<hr \/>\n<p><strong>Publicerad:<\/strong><br \/>\n<em>2002-08-14:<\/em> Onsdagstidningen<\/p>\n","protected":false},"excerpt":{"rendered":"<p>Kristdemokraternas kommunfullm\u00e4ktigekandidater har under v\u00e5ren genomg\u00e5tt en utbildning i kristdemokratisk politik med principprogrammet som kursbok. Avslutning p\u00e5 utbildningen h\u00f6lls under muntra former p\u00e5 m\u00e5ndagskv\u00e4llen den 12 augusti i Arken i V\u00e4rnamo. I samband med avslutningen gjordes ocks\u00e5 en tillbakablick p\u00e5 arbetet under den g\u00e5ngna mandatperioden. De kristdemokratiska fullm\u00e4ktigekandidaterna antog f\u00f6ljande uttalande:<\/p>\n","protected":false},"author":412,"featured_media":9638,"comment_status":"closed","ping_status":"closed","sticky":false,"template":"","format":"standard","meta":{"_acf_changed":false,"footnotes":""},"categories":[12],"tags":[34,49,343,564,344,128,339,183,340,173,341,286,162,566,253,215,342,345,78,39,290,288,55,33,323,177,100,209,145,62,194,121],"class_list":["post-2006","post","type-post","status-publish","format-standard","hentry","category-debatt","tag-barnomsorg","tag-bredaryd","tag-dagcenter","tag-demens","tag-ekoby","tag-finnvedsbostader","tag-fjarrvarme","tag-forvaltarskap","tag-fritidsgard","tag-gemenskap","tag-halsovard","tag-handel","tag-integration","tag-kraftskiva","tag-kultur","tag-kvalitet","tag-lagan","tag-mangfald","tag-manniskovarde","tag-miljo","tag-normer","tag-principprogram","tag-rydaholm","tag-skola","tag-social-och-ekologisk-marknadsekonomi","tag-trygghet","tag-uttalande","tag-utveckling","tag-valfrihet","tag-valrorelse","tag-varden","tag-vardnadsbidrag"],"acf":[],"yoast_head":"<!-- This site is optimized with the Yoast SEO plugin v27.4 - https:\/\/yoast.com\/product\/yoast-seo-wordpress\/ -->\n<title>S\u00e5 h\u00e4r har vi lyckats i V\u00e4rnamo - KRISTDEMOKRATERNA V\u00c4RNAMO<\/title>\n<meta name=\"robots\" content=\"index, follow, max-snippet:-1, max-image-preview:large, max-video-preview:-1\" \/>\n<link rel=\"canonical\" href=\"https:\/\/wp.kristdemokraterna.se\/varnamo\/2002\/08\/12\/sa-har-har-vi-lyckats-i-varnamo\/\" \/>\n<meta property=\"og:locale\" content=\"sv_SE\" \/>\n<meta property=\"og:type\" content=\"article\" \/>\n<meta property=\"og:title\" content=\"S\u00e5 h\u00e4r har vi lyckats i V\u00e4rnamo - KRISTDEMOKRATERNA V\u00c4RNAMO\" \/>\n<meta property=\"og:description\" content=\"Kristdemokraternas kommunfullm\u00e4ktigekandidater har under v\u00e5ren genomg\u00e5tt en utbildning i kristdemokratisk politik med principprogrammet som kursbok. Avslutning p\u00e5 utbildningen h\u00f6lls under muntra former p\u00e5 m\u00e5ndagskv\u00e4llen den 12 augusti i Arken i V\u00e4rnamo. I samband med avslutningen gjordes ocks\u00e5 en tillbakablick p\u00e5 arbetet under den g\u00e5ngna mandatperioden. De kristdemokratiska fullm\u00e4ktigekandidaterna antog f\u00f6ljande uttalande:\" \/>\n<meta property=\"og:url\" content=\"https:\/\/wp.kristdemokraterna.se\/varnamo\/2002\/08\/12\/sa-har-har-vi-lyckats-i-varnamo\/\" \/>\n<meta property=\"og:site_name\" content=\"KRISTDEMOKRATERNA V\u00c4RNAMO\" \/>\n<meta property=\"article:publisher\" content=\"https:\/\/www.facebook.com\/KDVarnamo\/\" \/>\n<meta property=\"article:published_time\" content=\"2002-08-12T19:38:00+00:00\" \/>\n<meta property=\"article:modified_time\" content=\"2015-07-12T18:27:22+00:00\" \/>\n<meta property=\"og:image\" content=\"https:\/\/wp.kristdemokraterna.se\/varnamo\/files\/2022\/08\/va\u2560ernamo-sida-bla-300dpi.png\" \/>\n\t<meta property=\"og:image:width\" content=\"1485\" \/>\n\t<meta property=\"og:image:height\" content=\"681\" \/>\n\t<meta property=\"og:image:type\" content=\"image\/png\" \/>\n<meta name=\"author\" content=\"Kristdemokraterna V\u00e4rnamo\" \/>\n<meta name=\"twitter:card\" content=\"summary_large_image\" \/>\n<meta name=\"twitter:creator\" content=\"@KDVarnamo\" \/>\n<meta name=\"twitter:site\" content=\"@KDVarnamo\" \/>\n<meta name=\"twitter:label1\" content=\"Skriven av\" \/>\n\t<meta name=\"twitter:data1\" content=\"Kristdemokraterna V\u00e4rnamo\" \/>\n\t<meta name=\"twitter:label2\" content=\"Ber\u00e4knad l\u00e4stid\" \/>\n\t<meta name=\"twitter:data2\" content=\"2 minuter\" \/>\n<script type=\"application\/ld+json\" class=\"yoast-schema-graph\">{\"@context\":\"https:\\\/\\\/schema.org\",\"@graph\":[{\"@type\":\"Article\",\"@id\":\"https:\\\/\\\/wp.kristdemokraterna.se\\\/varnamo\\\/2002\\\/08\\\/12\\\/sa-har-har-vi-lyckats-i-varnamo\\\/#article\",\"isPartOf\":{\"@id\":\"https:\\\/\\\/wp.kristdemokraterna.se\\\/varnamo\\\/2002\\\/08\\\/12\\\/sa-har-har-vi-lyckats-i-varnamo\\\/\"},\"author\":{\"name\":\"Kristdemokraterna V\u00e4rnamo\",\"@id\":\"https:\\\/\\\/wp.kristdemokraterna.se\\\/varnamo\\\/#\\\/schema\\\/person\\\/4e339ab04d613699e4dfe80a994e01d4\"},\"headline\":\"S\u00e5 h\u00e4r har vi lyckats i V\u00e4rnamo\",\"datePublished\":\"2002-08-12T19:38:00+00:00\",\"dateModified\":\"2015-07-12T18:27:22+00:00\",\"mainEntityOfPage\":{\"@id\":\"https:\\\/\\\/wp.kristdemokraterna.se\\\/varnamo\\\/2002\\\/08\\\/12\\\/sa-har-har-vi-lyckats-i-varnamo\\\/\"},\"wordCount\":357,\"publisher\":{\"@id\":\"https:\\\/\\\/wp.kristdemokraterna.se\\\/varnamo\\\/#organization\"},\"image\":{\"@id\":\"https:\\\/\\\/wp.kristdemokraterna.se\\\/varnamo\\\/2002\\\/08\\\/12\\\/sa-har-har-vi-lyckats-i-varnamo\\\/#primaryimage\"},\"thumbnailUrl\":\"https:\\\/\\\/wp.kristdemokraterna.se\\\/varnamo\\\/files\\\/2022\\\/08\\\/kd-logo-blue.png\",\"keywords\":[\"barnomsorg\",\"Bredaryd\",\"dagcenter\",\"demens\",\"ekoby\",\"Finnvedsbost\u00e4der\",\"fj\u00e4rrv\u00e4rme\",\"f\u00f6rvaltarskap\",\"fritidsg\u00e5rd\",\"gemenskap\",\"h\u00e4lsov\u00e5rd\",\"handel\",\"integration\",\"kr\u00e4ftskiva\",\"kultur\",\"kvalitet\",\"Lagan\",\"m\u00e5ngfald\",\"m\u00e4nniskov\u00e4rde\",\"milj\u00f6\",\"normer\",\"principprogram\",\"Rydaholm\",\"skola\",\"social och ekologisk marknadsekonomi\",\"trygghet\",\"uttalande\",\"utveckling\",\"valfrihet\",\"valr\u00f6relse\",\"v\u00e4rden\",\"v\u00e5rdnadsbidrag\"],\"articleSection\":[\"Debatt\"],\"inLanguage\":\"sv-SE\"},{\"@type\":\"WebPage\",\"@id\":\"https:\\\/\\\/wp.kristdemokraterna.se\\\/varnamo\\\/2002\\\/08\\\/12\\\/sa-har-har-vi-lyckats-i-varnamo\\\/\",\"url\":\"https:\\\/\\\/wp.kristdemokraterna.se\\\/varnamo\\\/2002\\\/08\\\/12\\\/sa-har-har-vi-lyckats-i-varnamo\\\/\",\"name\":\"S\u00e5 h\u00e4r har vi lyckats i V\u00e4rnamo - KRISTDEMOKRATERNA V\u00c4RNAMO\",\"isPartOf\":{\"@id\":\"https:\\\/\\\/wp.kristdemokraterna.se\\\/varnamo\\\/#website\"},\"primaryImageOfPage\":{\"@id\":\"https:\\\/\\\/wp.kristdemokraterna.se\\\/varnamo\\\/2002\\\/08\\\/12\\\/sa-har-har-vi-lyckats-i-varnamo\\\/#primaryimage\"},\"image\":{\"@id\":\"https:\\\/\\\/wp.kristdemokraterna.se\\\/varnamo\\\/2002\\\/08\\\/12\\\/sa-har-har-vi-lyckats-i-varnamo\\\/#primaryimage\"},\"thumbnailUrl\":\"https:\\\/\\\/wp.kristdemokraterna.se\\\/varnamo\\\/files\\\/2022\\\/08\\\/kd-logo-blue.png\",\"datePublished\":\"2002-08-12T19:38:00+00:00\",\"dateModified\":\"2015-07-12T18:27:22+00:00\",\"breadcrumb\":{\"@id\":\"https:\\\/\\\/wp.kristdemokraterna.se\\\/varnamo\\\/2002\\\/08\\\/12\\\/sa-har-har-vi-lyckats-i-varnamo\\\/#breadcrumb\"},\"inLanguage\":\"sv-SE\",\"potentialAction\":[{\"@type\":\"ReadAction\",\"target\":[\"https:\\\/\\\/wp.kristdemokraterna.se\\\/varnamo\\\/2002\\\/08\\\/12\\\/sa-har-har-vi-lyckats-i-varnamo\\\/\"]}]},{\"@type\":\"ImageObject\",\"inLanguage\":\"sv-SE\",\"@id\":\"https:\\\/\\\/wp.kristdemokraterna.se\\\/varnamo\\\/2002\\\/08\\\/12\\\/sa-har-har-vi-lyckats-i-varnamo\\\/#primaryimage\",\"url\":\"https:\\\/\\\/wp.kristdemokraterna.se\\\/varnamo\\\/files\\\/2022\\\/08\\\/kd-logo-blue.png\",\"contentUrl\":\"https:\\\/\\\/wp.kristdemokraterna.se\\\/varnamo\\\/files\\\/2022\\\/08\\\/kd-logo-blue.png\",\"width\":2000,\"height\":2000,\"caption\":\"Kristdemokraternas logotyp\"},{\"@type\":\"BreadcrumbList\",\"@id\":\"https:\\\/\\\/wp.kristdemokraterna.se\\\/varnamo\\\/2002\\\/08\\\/12\\\/sa-har-har-vi-lyckats-i-varnamo\\\/#breadcrumb\",\"itemListElement\":[{\"@type\":\"ListItem\",\"position\":1,\"name\":\"Hem\",\"item\":\"https:\\\/\\\/wp.kristdemokraterna.se\\\/varnamo\\\/\"},{\"@type\":\"ListItem\",\"position\":2,\"name\":\"S\u00e5 h\u00e4r har vi lyckats i V\u00e4rnamo\"}]},{\"@type\":\"WebSite\",\"@id\":\"https:\\\/\\\/wp.kristdemokraterna.se\\\/varnamo\\\/#website\",\"url\":\"https:\\\/\\\/wp.kristdemokraterna.se\\\/varnamo\\\/\",\"name\":\"KRISTDEMOKRATERNA V\u00c4RNAMO\",\"description\":\"Med hj\u00e4rta f\u00f6r V\u00e4rnamo\",\"publisher\":{\"@id\":\"https:\\\/\\\/wp.kristdemokraterna.se\\\/varnamo\\\/#organization\"},\"inLanguage\":\"sv-SE\"},{\"@type\":\"Organization\",\"@id\":\"https:\\\/\\\/wp.kristdemokraterna.se\\\/varnamo\\\/#organization\",\"name\":\"Kristdemokraterna V\u00e4rnamo\",\"url\":\"https:\\\/\\\/wp.kristdemokraterna.se\\\/varnamo\\\/\",\"logo\":{\"@type\":\"ImageObject\",\"inLanguage\":\"sv-SE\",\"@id\":\"https:\\\/\\\/wp.kristdemokraterna.se\\\/varnamo\\\/#\\\/schema\\\/logo\\\/image\\\/\",\"url\":\"https:\\\/\\\/wp.kristdemokraterna.se\\\/varnamo\\\/files\\\/2022\\\/08\\\/va\u2560ernamo-sida-bla-300dpi.png\",\"contentUrl\":\"https:\\\/\\\/wp.kristdemokraterna.se\\\/varnamo\\\/files\\\/2022\\\/08\\\/va\u2560ernamo-sida-bla-300dpi.png\",\"width\":1485,\"height\":681,\"caption\":\"Kristdemokraterna V\u00e4rnamo\"},\"image\":{\"@id\":\"https:\\\/\\\/wp.kristdemokraterna.se\\\/varnamo\\\/#\\\/schema\\\/logo\\\/image\\\/\"},\"sameAs\":[\"https:\\\/\\\/www.facebook.com\\\/KDVarnamo\\\/\",\"https:\\\/\\\/x.com\\\/KDVarnamo\",\"https:\\\/\\\/www.instagram.com\\\/\",\"https:\\\/\\\/www.youtube.com\\\/user\\\/studiokd\\\/videos\"]},{\"@type\":\"Person\",\"@id\":\"https:\\\/\\\/wp.kristdemokraterna.se\\\/varnamo\\\/#\\\/schema\\\/person\\\/4e339ab04d613699e4dfe80a994e01d4\",\"name\":\"Kristdemokraterna V\u00e4rnamo\",\"image\":{\"@type\":\"ImageObject\",\"inLanguage\":\"sv-SE\",\"@id\":\"https:\\\/\\\/secure.gravatar.com\\\/avatar\\\/c122e48c7723992af51eb155eeaa93db3c1fa324e3fc6ec45dd712c812809b5b?s=96&r=g\",\"url\":\"https:\\\/\\\/secure.gravatar.com\\\/avatar\\\/c122e48c7723992af51eb155eeaa93db3c1fa324e3fc6ec45dd712c812809b5b?s=96&r=g\",\"contentUrl\":\"https:\\\/\\\/secure.gravatar.com\\\/avatar\\\/c122e48c7723992af51eb155eeaa93db3c1fa324e3fc6ec45dd712c812809b5b?s=96&r=g\",\"caption\":\"Kristdemokraterna V\u00e4rnamo\"},\"description\":\"Familjens r\u00f6st\",\"sameAs\":[\"http:\\\/\\\/www.varnamo.kristdemokraterna.se\"],\"url\":\"https:\\\/\\\/wp.kristdemokraterna.se\\\/varnamo\\\/author\\\/varnamo\\\/\"}]}<\/script>\n<!-- \/ Yoast SEO plugin. -->","yoast_head_json":{"title":"S\u00e5 h\u00e4r har vi lyckats i V\u00e4rnamo - KRISTDEMOKRATERNA V\u00c4RNAMO","robots":{"index":"index","follow":"follow","max-snippet":"max-snippet:-1","max-image-preview":"max-image-preview:large","max-video-preview":"max-video-preview:-1"},"canonical":"https:\/\/wp.kristdemokraterna.se\/varnamo\/2002\/08\/12\/sa-har-har-vi-lyckats-i-varnamo\/","og_locale":"sv_SE","og_type":"article","og_title":"S\u00e5 h\u00e4r har vi lyckats i V\u00e4rnamo - KRISTDEMOKRATERNA V\u00c4RNAMO","og_description":"Kristdemokraternas kommunfullm\u00e4ktigekandidater har under v\u00e5ren genomg\u00e5tt en utbildning i kristdemokratisk politik med principprogrammet som kursbok. Avslutning p\u00e5 utbildningen h\u00f6lls under muntra former p\u00e5 m\u00e5ndagskv\u00e4llen den 12 augusti i Arken i V\u00e4rnamo. I samband med avslutningen gjordes ocks\u00e5 en tillbakablick p\u00e5 arbetet under den g\u00e5ngna mandatperioden. De kristdemokratiska fullm\u00e4ktigekandidaterna antog f\u00f6ljande uttalande:","og_url":"https:\/\/wp.kristdemokraterna.se\/varnamo\/2002\/08\/12\/sa-har-har-vi-lyckats-i-varnamo\/","og_site_name":"KRISTDEMOKRATERNA V\u00c4RNAMO","article_publisher":"https:\/\/www.facebook.com\/KDVarnamo\/","article_published_time":"2002-08-12T19:38:00+00:00","article_modified_time":"2015-07-12T18:27:22+00:00","og_image":[{"width":1485,"height":681,"url":"https:\/\/wp.kristdemokraterna.se\/varnamo\/files\/2022\/08\/va\u2560ernamo-sida-bla-300dpi.png","type":"image\/png"}],"author":"Kristdemokraterna V\u00e4rnamo","twitter_card":"summary_large_image","twitter_creator":"@KDVarnamo","twitter_site":"@KDVarnamo","twitter_misc":{"Skriven av":"Kristdemokraterna V\u00e4rnamo","Ber\u00e4knad l\u00e4stid":"2 minuter"},"schema":{"@context":"https:\/\/schema.org","@graph":[{"@type":"Article","@id":"https:\/\/wp.kristdemokraterna.se\/varnamo\/2002\/08\/12\/sa-har-har-vi-lyckats-i-varnamo\/#article","isPartOf":{"@id":"https:\/\/wp.kristdemokraterna.se\/varnamo\/2002\/08\/12\/sa-har-har-vi-lyckats-i-varnamo\/"},"author":{"name":"Kristdemokraterna V\u00e4rnamo","@id":"https:\/\/wp.kristdemokraterna.se\/varnamo\/#\/schema\/person\/4e339ab04d613699e4dfe80a994e01d4"},"headline":"S\u00e5 h\u00e4r har vi lyckats i V\u00e4rnamo","datePublished":"2002-08-12T19:38:00+00:00","dateModified":"2015-07-12T18:27:22+00:00","mainEntityOfPage":{"@id":"https:\/\/wp.kristdemokraterna.se\/varnamo\/2002\/08\/12\/sa-har-har-vi-lyckats-i-varnamo\/"},"wordCount":357,"publisher":{"@id":"https:\/\/wp.kristdemokraterna.se\/varnamo\/#organization"},"image":{"@id":"https:\/\/wp.kristdemokraterna.se\/varnamo\/2002\/08\/12\/sa-har-har-vi-lyckats-i-varnamo\/#primaryimage"},"thumbnailUrl":"https:\/\/wp.kristdemokraterna.se\/varnamo\/files\/2022\/08\/kd-logo-blue.png","keywords":["barnomsorg","Bredaryd","dagcenter","demens","ekoby","Finnvedsbost\u00e4der","fj\u00e4rrv\u00e4rme","f\u00f6rvaltarskap","fritidsg\u00e5rd","gemenskap","h\u00e4lsov\u00e5rd","handel","integration","kr\u00e4ftskiva","kultur","kvalitet","Lagan","m\u00e5ngfald","m\u00e4nniskov\u00e4rde","milj\u00f6","normer","principprogram","Rydaholm","skola","social och ekologisk marknadsekonomi","trygghet","uttalande","utveckling","valfrihet","valr\u00f6relse","v\u00e4rden","v\u00e5rdnadsbidrag"],"articleSection":["Debatt"],"inLanguage":"sv-SE"},{"@type":"WebPage","@id":"https:\/\/wp.kristdemokraterna.se\/varnamo\/2002\/08\/12\/sa-har-har-vi-lyckats-i-varnamo\/","url":"https:\/\/wp.kristdemokraterna.se\/varnamo\/2002\/08\/12\/sa-har-har-vi-lyckats-i-varnamo\/","name":"S\u00e5 h\u00e4r har vi lyckats i V\u00e4rnamo - KRISTDEMOKRATERNA V\u00c4RNAMO","isPartOf":{"@id":"https:\/\/wp.kristdemokraterna.se\/varnamo\/#website"},"primaryImageOfPage":{"@id":"https:\/\/wp.kristdemokraterna.se\/varnamo\/2002\/08\/12\/sa-har-har-vi-lyckats-i-varnamo\/#primaryimage"},"image":{"@id":"https:\/\/wp.kristdemokraterna.se\/varnamo\/2002\/08\/12\/sa-har-har-vi-lyckats-i-varnamo\/#primaryimage"},"thumbnailUrl":"https:\/\/wp.kristdemokraterna.se\/varnamo\/files\/2022\/08\/kd-logo-blue.png","datePublished":"2002-08-12T19:38:00+00:00","dateModified":"2015-07-12T18:27:22+00:00","breadcrumb":{"@id":"https:\/\/wp.kristdemokraterna.se\/varnamo\/2002\/08\/12\/sa-har-har-vi-lyckats-i-varnamo\/#breadcrumb"},"inLanguage":"sv-SE","potentialAction":[{"@type":"ReadAction","target":["https:\/\/wp.kristdemokraterna.se\/varnamo\/2002\/08\/12\/sa-har-har-vi-lyckats-i-varnamo\/"]}]},{"@type":"ImageObject","inLanguage":"sv-SE","@id":"https:\/\/wp.kristdemokraterna.se\/varnamo\/2002\/08\/12\/sa-har-har-vi-lyckats-i-varnamo\/#primaryimage","url":"https:\/\/wp.kristdemokraterna.se\/varnamo\/files\/2022\/08\/kd-logo-blue.png","contentUrl":"https:\/\/wp.kristdemokraterna.se\/varnamo\/files\/2022\/08\/kd-logo-blue.png","width":2000,"height":2000,"caption":"Kristdemokraternas logotyp"},{"@type":"BreadcrumbList","@id":"https:\/\/wp.kristdemokraterna.se\/varnamo\/2002\/08\/12\/sa-har-har-vi-lyckats-i-varnamo\/#breadcrumb","itemListElement":[{"@type":"ListItem","position":1,"name":"Hem","item":"https:\/\/wp.kristdemokraterna.se\/varnamo\/"},{"@type":"ListItem","position":2,"name":"S\u00e5 h\u00e4r har vi lyckats i V\u00e4rnamo"}]},{"@type":"WebSite","@id":"https:\/\/wp.kristdemokraterna.se\/varnamo\/#website","url":"https:\/\/wp.kristdemokraterna.se\/varnamo\/","name":"KRISTDEMOKRATERNA V\u00c4RNAMO","description":"Med hj\u00e4rta f\u00f6r V\u00e4rnamo","publisher":{"@id":"https:\/\/wp.kristdemokraterna.se\/varnamo\/#organization"},"inLanguage":"sv-SE"},{"@type":"Organization","@id":"https:\/\/wp.kristdemokraterna.se\/varnamo\/#organization","name":"Kristdemokraterna V\u00e4rnamo","url":"https:\/\/wp.kristdemokraterna.se\/varnamo\/","logo":{"@type":"ImageObject","inLanguage":"sv-SE","@id":"https:\/\/wp.kristdemokraterna.se\/varnamo\/#\/schema\/logo\/image\/","url":"https:\/\/wp.kristdemokraterna.se\/varnamo\/files\/2022\/08\/va\u2560ernamo-sida-bla-300dpi.png","contentUrl":"https:\/\/wp.kristdemokraterna.se\/varnamo\/files\/2022\/08\/va\u2560ernamo-sida-bla-300dpi.png","width":1485,"height":681,"caption":"Kristdemokraterna V\u00e4rnamo"},"image":{"@id":"https:\/\/wp.kristdemokraterna.se\/varnamo\/#\/schema\/logo\/image\/"},"sameAs":["https:\/\/www.facebook.com\/KDVarnamo\/","https:\/\/x.com\/KDVarnamo","https:\/\/www.instagram.com\/","https:\/\/www.youtube.com\/user\/studiokd\/videos"]},{"@type":"Person","@id":"https:\/\/wp.kristdemokraterna.se\/varnamo\/#\/schema\/person\/4e339ab04d613699e4dfe80a994e01d4","name":"Kristdemokraterna V\u00e4rnamo","image":{"@type":"ImageObject","inLanguage":"sv-SE","@id":"https:\/\/secure.gravatar.com\/avatar\/c122e48c7723992af51eb155eeaa93db3c1fa324e3fc6ec45dd712c812809b5b?s=96&r=g","url":"https:\/\/secure.gravatar.com\/avatar\/c122e48c7723992af51eb155eeaa93db3c1fa324e3fc6ec45dd712c812809b5b?s=96&r=g","contentUrl":"https:\/\/secure.gravatar.com\/avatar\/c122e48c7723992af51eb155eeaa93db3c1fa324e3fc6ec45dd712c812809b5b?s=96&r=g","caption":"Kristdemokraterna V\u00e4rnamo"},"description":"Familjens r\u00f6st","sameAs":["http:\/\/www.varnamo.kristdemokraterna.se"],"url":"https:\/\/wp.kristdemokraterna.se\/varnamo\/author\/varnamo\/"}]}},"_links":{"self":[{"href":"https:\/\/wp.kristdemokraterna.se\/varnamo\/wp-json\/wp\/v2\/posts\/2006","targetHints":{"allow":["GET"]}}],"collection":[{"href":"https:\/\/wp.kristdemokraterna.se\/varnamo\/wp-json\/wp\/v2\/posts"}],"about":[{"href":"https:\/\/wp.kristdemokraterna.se\/varnamo\/wp-json\/wp\/v2\/types\/post"}],"author":[{"embeddable":true,"href":"https:\/\/wp.kristdemokraterna.se\/varnamo\/wp-json\/wp\/v2\/users\/412"}],"replies":[{"embeddable":true,"href":"https:\/\/wp.kristdemokraterna.se\/varnamo\/wp-json\/wp\/v2\/comments?post=2006"}],"version-history":[{"count":7,"href":"https:\/\/wp.kristdemokraterna.se\/varnamo\/wp-json\/wp\/v2\/posts\/2006\/revisions"}],"predecessor-version":[{"id":6855,"href":"https:\/\/wp.kristdemokraterna.se\/varnamo\/wp-json\/wp\/v2\/posts\/2006\/revisions\/6855"}],"wp:featuredmedia":[{"embeddable":true,"href":"https:\/\/wp.kristdemokraterna.se\/varnamo\/wp-json\/wp\/v2\/media\/9638"}],"wp:attachment":[{"href":"https:\/\/wp.kristdemokraterna.se\/varnamo\/wp-json\/wp\/v2\/media?parent=2006"}],"wp:term":[{"taxonomy":"category","embeddable":true,"href":"https:\/\/wp.kristdemokraterna.se\/varnamo\/wp-json\/wp\/v2\/categories?post=2006"},{"taxonomy":"post_tag","embeddable":true,"href":"https:\/\/wp.kristdemokraterna.se\/varnamo\/wp-json\/wp\/v2\/tags?post=2006"}],"curies":[{"name":"wp","href":"https:\/\/api.w.org\/{rel}","templated":true}]}}