{"id":2008,"date":"2002-08-21T21:38:00","date_gmt":"2002-08-21T19:38:00","guid":{"rendered":"http:\/\/localhost:4901\/?p=2008"},"modified":"2015-07-12T20:24:54","modified_gmt":"2015-07-12T18:24:54","slug":"tid-for-vardighet-i-vard-och-omsorg","status":"publish","type":"post","link":"https:\/\/wp.kristdemokraterna.se\/varnamo\/2002\/08\/21\/tid-for-vardighet-i-vard-och-omsorg\/","title":{"rendered":"Tid f\u00f6r v\u00e4rdighet i v\u00e5rd och omsorg"},"content":{"rendered":"<div style=\"width: 145px\" class=\"wp-caption alignnone\"><a href=\"http:\/\/wp.kristdemokraterna.se\/varnamo\/files\/2010\/08\/lise-lotte_jonasson.jpg\"><img loading=\"lazy\" decoding=\"async\" title=\"lise-lotte_jonasson\" src=\"http:\/\/wp.kristdemokraterna.se\/varnamo\/files\/2010\/08\/lise-lotte_jonasson.jpg\" alt=\"Lise-Lotte Jonasson, \u00d6reryd, Kristdemokratisk kandidat i Riksdagsvalet\" width=\"135\" height=\"200\" \/><\/a><p class=\"wp-caption-text\">Lise-Lotte Jonasson, \u00d6reryd, Kristdemokratisk kandidat i Riksdagsvalet<\/p><\/div>\n<p>Onsdagen den 21 augusti fick Kristdemokraternas valstuga p\u00e5 Flanden i V\u00e4rnamo bes\u00f6k av Lise-Lotte Jonasson fr\u00e5n \u00d6reryd. Lise-Lotte har ett hj\u00e4rta som sl\u00e5r f\u00f6r \u00e4ldre och handikappade och hon kandiderar till en plats i Riksdagen. Under sitt bes\u00f6k talade hon om sina hj\u00e4rtefr\u00e5gor.<\/p>\n<p><!--more-->Omsorgen av de \u00e4ldre m\u00e5ste pr\u00e4glas av v\u00e4rdighet. Kvalitet i v\u00e5rd och omsorg skapas inte enbart av effektivare behandlingsmetoder och nya mediciner, utan det sker i synnerhet i m\u00f6tet mellan den som ger v\u00e5rd och den som tar emot. Finns det inte tillr\u00e4ckligt med tid saknas d\u00e4rf\u00f6r f\u00f6ruts\u00e4ttningen f\u00f6r kvalitet och v\u00e4rdighet. Valfrihet, b\u00e4ttre utnyttjande av de ekonomiska resurserna, men ocks\u00e5 mer pengar kr\u00e4vs f\u00f6r att skapa en v\u00e4rdig v\u00e5rd och omsorg.<\/p>\n<p>Det\u00a0kr\u00e4vs en trygghetsgaranti som inneb\u00e4r v\u00e5rd i r\u00e4tt tid,\u00a0v\u00e4rdigt bem\u00f6tande och en garanti f\u00f6r hj\u00e4lpmedel och boende.<\/p>\n<p>Vi kristdemokrater \u00e4r \u00f6vertygade om att nedanst\u00e5ende punkter m\u00e5ste genomf\u00f6ras:<\/p>\n<ul>\n<li>Mer tid i v\u00e5rden f\u00f6r att v\u00e5rda<\/li>\n<li>En trygghetsgaranti i v\u00e5rd och omsorg inf\u00f6rs<\/li>\n<li>Fler g\u00e4sthem f\u00f6r v\u00e5rd i livets slutskede.<\/li>\n<li>Varje \u00e4ldreboende ska ha en kontinuerlig l\u00e4karmedverkan, helst en specialist p\u00e5 \u00e4ldresjukdomar.<\/li>\n<li>Eget val inf\u00f6rs inom individuella sociala servicetj\u00e4nster s\u00e5som hemtj\u00e4nst och \u00e4ldreboende.<\/li>\n<\/ul>\n<hr \/>\n<p><em>Utg\u00e5ngspunkten f\u00f6r service, v\u00e5rd och omsorg ska vara de \u00e4ldres individuella behov. Respekt f\u00f6r de \u00e4ldres integritet och sj\u00e4lvbest\u00e4mmande m\u00e5ste genomsyra f\u00f6rh\u00e5llningss\u00e4ttet. Valfrihet ska pr\u00e4gla utformningen av det st\u00f6d som utg\u00e5r till de \u00e4ldre f\u00f6r service, v\u00e5rd och omsorg.<\/em><\/p>\n<h1>Att f\u00e5 den hj\u00e4lp man beh\u00f6ver skapar tillit<\/h1>\n<ul>\n<li>V\u00e5rdgarantier \u00e4r ett s\u00e4tt att st\u00e4rka den \u00e4ldres st\u00e4llning.<\/li>\n<li>Det ska finnas en v\u00e4rdighetsgaranti inom v\u00e5rd och omsorg som konkret anknyter till de villkor<\/li>\n<li>under vilken verksamheten bedrivs. V\u00e5rd- och v\u00e4rdighetsgarantier ska grunda sig p\u00e5 etiska prioriteringar.<\/li>\n<\/ul>\n<h1>Trygghetsgaranti i v\u00e5rden<\/h1>\n<p>En verklig v\u00e5rdgaranti handlar om mycket mer \u00e4n v\u00e4ntetider. En verklig v\u00e5rdgaranti finns f\u00f6rst den\u00a0dag d\u00e5 v\u00e5rd och omsorgen fungerar s\u00e5 v\u00e4l att m\u00e4nniskor helt kan lita p\u00e5 att<br \/>\nf\u00e5 den hj\u00e4lp dom beh\u00f6ver n\u00e4r de beh\u00f6ver den. Det skall vara mer \u00e4n en v\u00e5rdgaranti &#8211; det skulle vara en trygghetsgaranti. Det handlar om att l\u00e5ta v\u00e5rden styras av de \u00e4ldres faktiska behov, att utlova kvalitet och inneh\u00e5ll.<\/p>\n<p>Trygghetsgarantin skall inneb\u00e4ra att jag kan vara helt s\u00e4ker p\u00e5 att jag f\u00e5 den hj\u00e4lp jag beh\u00f6ver n\u00e4r jag\u00a0beh\u00f6ver den. Det skall handla om att tillsammans med v\u00e5rd och omsorgspersonal f\u00e5 sakkunnig\u00a0hj\u00e4lp att tillgodose mina behov.<\/p>\n","protected":false},"excerpt":{"rendered":"<p>Onsdagen den 21 augusti fick Kristdemokraternas valstuga p\u00e5 Flanden i V\u00e4rnamo bes\u00f6k av Lise-Lotte Jonasson fr\u00e5n \u00d6reryd. Lise-Lotte har ett hj\u00e4rta som sl\u00e5r f\u00f6r \u00e4ldre och handikappade och hon kandiderar till en plats i Riksdagen. Under sitt bes\u00f6k talade hon om sina hj\u00e4rtefr\u00e5gor.<\/p>\n","protected":false},"author":412,"featured_media":9638,"comment_status":"closed","ping_status":"closed","sticky":false,"template":"","format":"standard","meta":{"_acf_changed":false,"footnotes":""},"categories":[11],"tags":[32,40,174,240,315,327,146,215,325,261,63,177,326,145,62,241,314,179,322],"class_list":["post-2008","post","type-post","status-publish","format-standard","hentry","category-nyheter","tag-aldre","tag-aldreomsorg","tag-boende","tag-etik","tag-funktionshinder","tag-gasthem","tag-hemtjanst","tag-kvalitet","tag-lise-lotte-jonasson","tag-omsorg","tag-riksdagen","tag-trygghet","tag-trygghetsgaranti","tag-valfrihet","tag-valrorelse","tag-vard","tag-vardgaranti","tag-vardighet","tag-vardighetsgaranti"],"acf":[],"yoast_head":"<!-- This site is optimized with the Yoast SEO plugin v27.4 - https:\/\/yoast.com\/product\/yoast-seo-wordpress\/ -->\n<title>Tid f\u00f6r v\u00e4rdighet i v\u00e5rd och omsorg - KRISTDEMOKRATERNA V\u00c4RNAMO<\/title>\n<meta name=\"robots\" content=\"index, follow, max-snippet:-1, max-image-preview:large, max-video-preview:-1\" \/>\n<link rel=\"canonical\" href=\"https:\/\/wp.kristdemokraterna.se\/varnamo\/2002\/08\/21\/tid-for-vardighet-i-vard-och-omsorg\/\" \/>\n<meta property=\"og:locale\" content=\"sv_SE\" \/>\n<meta property=\"og:type\" content=\"article\" \/>\n<meta property=\"og:title\" content=\"Tid f\u00f6r v\u00e4rdighet i v\u00e5rd och omsorg - KRISTDEMOKRATERNA V\u00c4RNAMO\" \/>\n<meta property=\"og:description\" content=\"Onsdagen den 21 augusti fick Kristdemokraternas valstuga p\u00e5 Flanden i V\u00e4rnamo bes\u00f6k av Lise-Lotte Jonasson fr\u00e5n \u00d6reryd. Lise-Lotte har ett hj\u00e4rta som sl\u00e5r f\u00f6r \u00e4ldre och handikappade och hon kandiderar till en plats i Riksdagen. Under sitt bes\u00f6k talade hon om sina hj\u00e4rtefr\u00e5gor.\" \/>\n<meta property=\"og:url\" content=\"https:\/\/wp.kristdemokraterna.se\/varnamo\/2002\/08\/21\/tid-for-vardighet-i-vard-och-omsorg\/\" \/>\n<meta property=\"og:site_name\" content=\"KRISTDEMOKRATERNA V\u00c4RNAMO\" \/>\n<meta property=\"article:publisher\" content=\"https:\/\/www.facebook.com\/KDVarnamo\/\" \/>\n<meta property=\"article:published_time\" content=\"2002-08-21T19:38:00+00:00\" \/>\n<meta property=\"article:modified_time\" content=\"2015-07-12T18:24:54+00:00\" \/>\n<meta property=\"og:image\" content=\"http:\/\/wp.kristdemokraterna.se\/varnamo\/files\/2010\/08\/lise-lotte_jonasson.jpg\" \/>\n<meta name=\"author\" content=\"Kristdemokraterna V\u00e4rnamo\" \/>\n<meta name=\"twitter:card\" content=\"summary_large_image\" \/>\n<meta name=\"twitter:creator\" content=\"@KDVarnamo\" \/>\n<meta name=\"twitter:site\" content=\"@KDVarnamo\" \/>\n<meta name=\"twitter:label1\" content=\"Skriven av\" \/>\n\t<meta name=\"twitter:data1\" content=\"Kristdemokraterna V\u00e4rnamo\" \/>\n\t<meta name=\"twitter:label2\" content=\"Ber\u00e4knad l\u00e4stid\" \/>\n\t<meta name=\"twitter:data2\" content=\"2 minuter\" \/>\n<script type=\"application\/ld+json\" class=\"yoast-schema-graph\">{\"@context\":\"https:\\\/\\\/schema.org\",\"@graph\":[{\"@type\":\"Article\",\"@id\":\"https:\\\/\\\/wp.kristdemokraterna.se\\\/varnamo\\\/2002\\\/08\\\/21\\\/tid-for-vardighet-i-vard-och-omsorg\\\/#article\",\"isPartOf\":{\"@id\":\"https:\\\/\\\/wp.kristdemokraterna.se\\\/varnamo\\\/2002\\\/08\\\/21\\\/tid-for-vardighet-i-vard-och-omsorg\\\/\"},\"author\":{\"name\":\"Kristdemokraterna V\u00e4rnamo\",\"@id\":\"https:\\\/\\\/wp.kristdemokraterna.se\\\/varnamo\\\/#\\\/schema\\\/person\\\/4e339ab04d613699e4dfe80a994e01d4\"},\"headline\":\"Tid f\u00f6r v\u00e4rdighet i v\u00e5rd och omsorg\",\"datePublished\":\"2002-08-21T19:38:00+00:00\",\"dateModified\":\"2015-07-12T18:24:54+00:00\",\"mainEntityOfPage\":{\"@id\":\"https:\\\/\\\/wp.kristdemokraterna.se\\\/varnamo\\\/2002\\\/08\\\/21\\\/tid-for-vardighet-i-vard-och-omsorg\\\/\"},\"wordCount\":504,\"publisher\":{\"@id\":\"https:\\\/\\\/wp.kristdemokraterna.se\\\/varnamo\\\/#organization\"},\"image\":{\"@id\":\"https:\\\/\\\/wp.kristdemokraterna.se\\\/varnamo\\\/2002\\\/08\\\/21\\\/tid-for-vardighet-i-vard-och-omsorg\\\/#primaryimage\"},\"thumbnailUrl\":\"https:\\\/\\\/wp.kristdemokraterna.se\\\/varnamo\\\/files\\\/2022\\\/08\\\/kd-logo-blue.png\",\"keywords\":[\"\u00e4ldre\",\"\u00e4ldreomsorg\",\"boende\",\"etik\",\"funktionshinder\",\"g\u00e4sthem\",\"hemtj\u00e4nst\",\"kvalitet\",\"Lise-Lotte Jonasson\",\"omsorg\",\"riksdagen\",\"trygghet\",\"trygghetsgaranti\",\"valfrihet\",\"valr\u00f6relse\",\"v\u00e5rd\",\"v\u00e5rdgaranti\",\"v\u00e4rdighet\",\"v\u00e4rdighetsgaranti\"],\"articleSection\":[\"Nyheter\"],\"inLanguage\":\"sv-SE\"},{\"@type\":\"WebPage\",\"@id\":\"https:\\\/\\\/wp.kristdemokraterna.se\\\/varnamo\\\/2002\\\/08\\\/21\\\/tid-for-vardighet-i-vard-och-omsorg\\\/\",\"url\":\"https:\\\/\\\/wp.kristdemokraterna.se\\\/varnamo\\\/2002\\\/08\\\/21\\\/tid-for-vardighet-i-vard-och-omsorg\\\/\",\"name\":\"Tid f\u00f6r v\u00e4rdighet i v\u00e5rd och omsorg - KRISTDEMOKRATERNA V\u00c4RNAMO\",\"isPartOf\":{\"@id\":\"https:\\\/\\\/wp.kristdemokraterna.se\\\/varnamo\\\/#website\"},\"primaryImageOfPage\":{\"@id\":\"https:\\\/\\\/wp.kristdemokraterna.se\\\/varnamo\\\/2002\\\/08\\\/21\\\/tid-for-vardighet-i-vard-och-omsorg\\\/#primaryimage\"},\"image\":{\"@id\":\"https:\\\/\\\/wp.kristdemokraterna.se\\\/varnamo\\\/2002\\\/08\\\/21\\\/tid-for-vardighet-i-vard-och-omsorg\\\/#primaryimage\"},\"thumbnailUrl\":\"https:\\\/\\\/wp.kristdemokraterna.se\\\/varnamo\\\/files\\\/2022\\\/08\\\/kd-logo-blue.png\",\"datePublished\":\"2002-08-21T19:38:00+00:00\",\"dateModified\":\"2015-07-12T18:24:54+00:00\",\"breadcrumb\":{\"@id\":\"https:\\\/\\\/wp.kristdemokraterna.se\\\/varnamo\\\/2002\\\/08\\\/21\\\/tid-for-vardighet-i-vard-och-omsorg\\\/#breadcrumb\"},\"inLanguage\":\"sv-SE\",\"potentialAction\":[{\"@type\":\"ReadAction\",\"target\":[\"https:\\\/\\\/wp.kristdemokraterna.se\\\/varnamo\\\/2002\\\/08\\\/21\\\/tid-for-vardighet-i-vard-och-omsorg\\\/\"]}]},{\"@type\":\"ImageObject\",\"inLanguage\":\"sv-SE\",\"@id\":\"https:\\\/\\\/wp.kristdemokraterna.se\\\/varnamo\\\/2002\\\/08\\\/21\\\/tid-for-vardighet-i-vard-och-omsorg\\\/#primaryimage\",\"url\":\"https:\\\/\\\/wp.kristdemokraterna.se\\\/varnamo\\\/files\\\/2022\\\/08\\\/kd-logo-blue.png\",\"contentUrl\":\"https:\\\/\\\/wp.kristdemokraterna.se\\\/varnamo\\\/files\\\/2022\\\/08\\\/kd-logo-blue.png\",\"width\":2000,\"height\":2000,\"caption\":\"Kristdemokraternas logotyp\"},{\"@type\":\"BreadcrumbList\",\"@id\":\"https:\\\/\\\/wp.kristdemokraterna.se\\\/varnamo\\\/2002\\\/08\\\/21\\\/tid-for-vardighet-i-vard-och-omsorg\\\/#breadcrumb\",\"itemListElement\":[{\"@type\":\"ListItem\",\"position\":1,\"name\":\"Hem\",\"item\":\"https:\\\/\\\/wp.kristdemokraterna.se\\\/varnamo\\\/\"},{\"@type\":\"ListItem\",\"position\":2,\"name\":\"Tid f\u00f6r v\u00e4rdighet i v\u00e5rd och omsorg\"}]},{\"@type\":\"WebSite\",\"@id\":\"https:\\\/\\\/wp.kristdemokraterna.se\\\/varnamo\\\/#website\",\"url\":\"https:\\\/\\\/wp.kristdemokraterna.se\\\/varnamo\\\/\",\"name\":\"KRISTDEMOKRATERNA V\u00c4RNAMO\",\"description\":\"Med hj\u00e4rta f\u00f6r V\u00e4rnamo\",\"publisher\":{\"@id\":\"https:\\\/\\\/wp.kristdemokraterna.se\\\/varnamo\\\/#organization\"},\"inLanguage\":\"sv-SE\"},{\"@type\":\"Organization\",\"@id\":\"https:\\\/\\\/wp.kristdemokraterna.se\\\/varnamo\\\/#organization\",\"name\":\"Kristdemokraterna V\u00e4rnamo\",\"url\":\"https:\\\/\\\/wp.kristdemokraterna.se\\\/varnamo\\\/\",\"logo\":{\"@type\":\"ImageObject\",\"inLanguage\":\"sv-SE\",\"@id\":\"https:\\\/\\\/wp.kristdemokraterna.se\\\/varnamo\\\/#\\\/schema\\\/logo\\\/image\\\/\",\"url\":\"https:\\\/\\\/wp.kristdemokraterna.se\\\/varnamo\\\/files\\\/2022\\\/08\\\/va\u2560ernamo-sida-bla-300dpi.png\",\"contentUrl\":\"https:\\\/\\\/wp.kristdemokraterna.se\\\/varnamo\\\/files\\\/2022\\\/08\\\/va\u2560ernamo-sida-bla-300dpi.png\",\"width\":1485,\"height\":681,\"caption\":\"Kristdemokraterna V\u00e4rnamo\"},\"image\":{\"@id\":\"https:\\\/\\\/wp.kristdemokraterna.se\\\/varnamo\\\/#\\\/schema\\\/logo\\\/image\\\/\"},\"sameAs\":[\"https:\\\/\\\/www.facebook.com\\\/KDVarnamo\\\/\",\"https:\\\/\\\/x.com\\\/KDVarnamo\",\"https:\\\/\\\/www.instagram.com\\\/\",\"https:\\\/\\\/www.youtube.com\\\/user\\\/studiokd\\\/videos\"]},{\"@type\":\"Person\",\"@id\":\"https:\\\/\\\/wp.kristdemokraterna.se\\\/varnamo\\\/#\\\/schema\\\/person\\\/4e339ab04d613699e4dfe80a994e01d4\",\"name\":\"Kristdemokraterna V\u00e4rnamo\",\"image\":{\"@type\":\"ImageObject\",\"inLanguage\":\"sv-SE\",\"@id\":\"https:\\\/\\\/secure.gravatar.com\\\/avatar\\\/c122e48c7723992af51eb155eeaa93db3c1fa324e3fc6ec45dd712c812809b5b?s=96&r=g\",\"url\":\"https:\\\/\\\/secure.gravatar.com\\\/avatar\\\/c122e48c7723992af51eb155eeaa93db3c1fa324e3fc6ec45dd712c812809b5b?s=96&r=g\",\"contentUrl\":\"https:\\\/\\\/secure.gravatar.com\\\/avatar\\\/c122e48c7723992af51eb155eeaa93db3c1fa324e3fc6ec45dd712c812809b5b?s=96&r=g\",\"caption\":\"Kristdemokraterna V\u00e4rnamo\"},\"description\":\"Familjens r\u00f6st\",\"sameAs\":[\"http:\\\/\\\/www.varnamo.kristdemokraterna.se\"],\"url\":\"https:\\\/\\\/wp.kristdemokraterna.se\\\/varnamo\\\/author\\\/varnamo\\\/\"}]}<\/script>\n<!-- \/ Yoast SEO plugin. -->","yoast_head_json":{"title":"Tid f\u00f6r v\u00e4rdighet i v\u00e5rd och omsorg - KRISTDEMOKRATERNA V\u00c4RNAMO","robots":{"index":"index","follow":"follow","max-snippet":"max-snippet:-1","max-image-preview":"max-image-preview:large","max-video-preview":"max-video-preview:-1"},"canonical":"https:\/\/wp.kristdemokraterna.se\/varnamo\/2002\/08\/21\/tid-for-vardighet-i-vard-och-omsorg\/","og_locale":"sv_SE","og_type":"article","og_title":"Tid f\u00f6r v\u00e4rdighet i v\u00e5rd och omsorg - KRISTDEMOKRATERNA V\u00c4RNAMO","og_description":"Onsdagen den 21 augusti fick Kristdemokraternas valstuga p\u00e5 Flanden i V\u00e4rnamo bes\u00f6k av Lise-Lotte Jonasson fr\u00e5n \u00d6reryd. Lise-Lotte har ett hj\u00e4rta som sl\u00e5r f\u00f6r \u00e4ldre och handikappade och hon kandiderar till en plats i Riksdagen. Under sitt bes\u00f6k talade hon om sina hj\u00e4rtefr\u00e5gor.","og_url":"https:\/\/wp.kristdemokraterna.se\/varnamo\/2002\/08\/21\/tid-for-vardighet-i-vard-och-omsorg\/","og_site_name":"KRISTDEMOKRATERNA V\u00c4RNAMO","article_publisher":"https:\/\/www.facebook.com\/KDVarnamo\/","article_published_time":"2002-08-21T19:38:00+00:00","article_modified_time":"2015-07-12T18:24:54+00:00","og_image":[{"url":"http:\/\/wp.kristdemokraterna.se\/varnamo\/files\/2010\/08\/lise-lotte_jonasson.jpg","type":"","width":"","height":""}],"author":"Kristdemokraterna V\u00e4rnamo","twitter_card":"summary_large_image","twitter_creator":"@KDVarnamo","twitter_site":"@KDVarnamo","twitter_misc":{"Skriven av":"Kristdemokraterna V\u00e4rnamo","Ber\u00e4knad l\u00e4stid":"2 minuter"},"schema":{"@context":"https:\/\/schema.org","@graph":[{"@type":"Article","@id":"https:\/\/wp.kristdemokraterna.se\/varnamo\/2002\/08\/21\/tid-for-vardighet-i-vard-och-omsorg\/#article","isPartOf":{"@id":"https:\/\/wp.kristdemokraterna.se\/varnamo\/2002\/08\/21\/tid-for-vardighet-i-vard-och-omsorg\/"},"author":{"name":"Kristdemokraterna V\u00e4rnamo","@id":"https:\/\/wp.kristdemokraterna.se\/varnamo\/#\/schema\/person\/4e339ab04d613699e4dfe80a994e01d4"},"headline":"Tid f\u00f6r v\u00e4rdighet i v\u00e5rd och omsorg","datePublished":"2002-08-21T19:38:00+00:00","dateModified":"2015-07-12T18:24:54+00:00","mainEntityOfPage":{"@id":"https:\/\/wp.kristdemokraterna.se\/varnamo\/2002\/08\/21\/tid-for-vardighet-i-vard-och-omsorg\/"},"wordCount":504,"publisher":{"@id":"https:\/\/wp.kristdemokraterna.se\/varnamo\/#organization"},"image":{"@id":"https:\/\/wp.kristdemokraterna.se\/varnamo\/2002\/08\/21\/tid-for-vardighet-i-vard-och-omsorg\/#primaryimage"},"thumbnailUrl":"https:\/\/wp.kristdemokraterna.se\/varnamo\/files\/2022\/08\/kd-logo-blue.png","keywords":["\u00e4ldre","\u00e4ldreomsorg","boende","etik","funktionshinder","g\u00e4sthem","hemtj\u00e4nst","kvalitet","Lise-Lotte Jonasson","omsorg","riksdagen","trygghet","trygghetsgaranti","valfrihet","valr\u00f6relse","v\u00e5rd","v\u00e5rdgaranti","v\u00e4rdighet","v\u00e4rdighetsgaranti"],"articleSection":["Nyheter"],"inLanguage":"sv-SE"},{"@type":"WebPage","@id":"https:\/\/wp.kristdemokraterna.se\/varnamo\/2002\/08\/21\/tid-for-vardighet-i-vard-och-omsorg\/","url":"https:\/\/wp.kristdemokraterna.se\/varnamo\/2002\/08\/21\/tid-for-vardighet-i-vard-och-omsorg\/","name":"Tid f\u00f6r v\u00e4rdighet i v\u00e5rd och omsorg - KRISTDEMOKRATERNA V\u00c4RNAMO","isPartOf":{"@id":"https:\/\/wp.kristdemokraterna.se\/varnamo\/#website"},"primaryImageOfPage":{"@id":"https:\/\/wp.kristdemokraterna.se\/varnamo\/2002\/08\/21\/tid-for-vardighet-i-vard-och-omsorg\/#primaryimage"},"image":{"@id":"https:\/\/wp.kristdemokraterna.se\/varnamo\/2002\/08\/21\/tid-for-vardighet-i-vard-och-omsorg\/#primaryimage"},"thumbnailUrl":"https:\/\/wp.kristdemokraterna.se\/varnamo\/files\/2022\/08\/kd-logo-blue.png","datePublished":"2002-08-21T19:38:00+00:00","dateModified":"2015-07-12T18:24:54+00:00","breadcrumb":{"@id":"https:\/\/wp.kristdemokraterna.se\/varnamo\/2002\/08\/21\/tid-for-vardighet-i-vard-och-omsorg\/#breadcrumb"},"inLanguage":"sv-SE","potentialAction":[{"@type":"ReadAction","target":["https:\/\/wp.kristdemokraterna.se\/varnamo\/2002\/08\/21\/tid-for-vardighet-i-vard-och-omsorg\/"]}]},{"@type":"ImageObject","inLanguage":"sv-SE","@id":"https:\/\/wp.kristdemokraterna.se\/varnamo\/2002\/08\/21\/tid-for-vardighet-i-vard-och-omsorg\/#primaryimage","url":"https:\/\/wp.kristdemokraterna.se\/varnamo\/files\/2022\/08\/kd-logo-blue.png","contentUrl":"https:\/\/wp.kristdemokraterna.se\/varnamo\/files\/2022\/08\/kd-logo-blue.png","width":2000,"height":2000,"caption":"Kristdemokraternas logotyp"},{"@type":"BreadcrumbList","@id":"https:\/\/wp.kristdemokraterna.se\/varnamo\/2002\/08\/21\/tid-for-vardighet-i-vard-och-omsorg\/#breadcrumb","itemListElement":[{"@type":"ListItem","position":1,"name":"Hem","item":"https:\/\/wp.kristdemokraterna.se\/varnamo\/"},{"@type":"ListItem","position":2,"name":"Tid f\u00f6r v\u00e4rdighet i v\u00e5rd och omsorg"}]},{"@type":"WebSite","@id":"https:\/\/wp.kristdemokraterna.se\/varnamo\/#website","url":"https:\/\/wp.kristdemokraterna.se\/varnamo\/","name":"KRISTDEMOKRATERNA V\u00c4RNAMO","description":"Med hj\u00e4rta f\u00f6r V\u00e4rnamo","publisher":{"@id":"https:\/\/wp.kristdemokraterna.se\/varnamo\/#organization"},"inLanguage":"sv-SE"},{"@type":"Organization","@id":"https:\/\/wp.kristdemokraterna.se\/varnamo\/#organization","name":"Kristdemokraterna V\u00e4rnamo","url":"https:\/\/wp.kristdemokraterna.se\/varnamo\/","logo":{"@type":"ImageObject","inLanguage":"sv-SE","@id":"https:\/\/wp.kristdemokraterna.se\/varnamo\/#\/schema\/logo\/image\/","url":"https:\/\/wp.kristdemokraterna.se\/varnamo\/files\/2022\/08\/va\u2560ernamo-sida-bla-300dpi.png","contentUrl":"https:\/\/wp.kristdemokraterna.se\/varnamo\/files\/2022\/08\/va\u2560ernamo-sida-bla-300dpi.png","width":1485,"height":681,"caption":"Kristdemokraterna V\u00e4rnamo"},"image":{"@id":"https:\/\/wp.kristdemokraterna.se\/varnamo\/#\/schema\/logo\/image\/"},"sameAs":["https:\/\/www.facebook.com\/KDVarnamo\/","https:\/\/x.com\/KDVarnamo","https:\/\/www.instagram.com\/","https:\/\/www.youtube.com\/user\/studiokd\/videos"]},{"@type":"Person","@id":"https:\/\/wp.kristdemokraterna.se\/varnamo\/#\/schema\/person\/4e339ab04d613699e4dfe80a994e01d4","name":"Kristdemokraterna V\u00e4rnamo","image":{"@type":"ImageObject","inLanguage":"sv-SE","@id":"https:\/\/secure.gravatar.com\/avatar\/c122e48c7723992af51eb155eeaa93db3c1fa324e3fc6ec45dd712c812809b5b?s=96&r=g","url":"https:\/\/secure.gravatar.com\/avatar\/c122e48c7723992af51eb155eeaa93db3c1fa324e3fc6ec45dd712c812809b5b?s=96&r=g","contentUrl":"https:\/\/secure.gravatar.com\/avatar\/c122e48c7723992af51eb155eeaa93db3c1fa324e3fc6ec45dd712c812809b5b?s=96&r=g","caption":"Kristdemokraterna V\u00e4rnamo"},"description":"Familjens r\u00f6st","sameAs":["http:\/\/www.varnamo.kristdemokraterna.se"],"url":"https:\/\/wp.kristdemokraterna.se\/varnamo\/author\/varnamo\/"}]}},"_links":{"self":[{"href":"https:\/\/wp.kristdemokraterna.se\/varnamo\/wp-json\/wp\/v2\/posts\/2008","targetHints":{"allow":["GET"]}}],"collection":[{"href":"https:\/\/wp.kristdemokraterna.se\/varnamo\/wp-json\/wp\/v2\/posts"}],"about":[{"href":"https:\/\/wp.kristdemokraterna.se\/varnamo\/wp-json\/wp\/v2\/types\/post"}],"author":[{"embeddable":true,"href":"https:\/\/wp.kristdemokraterna.se\/varnamo\/wp-json\/wp\/v2\/users\/412"}],"replies":[{"embeddable":true,"href":"https:\/\/wp.kristdemokraterna.se\/varnamo\/wp-json\/wp\/v2\/comments?post=2008"}],"version-history":[{"count":6,"href":"https:\/\/wp.kristdemokraterna.se\/varnamo\/wp-json\/wp\/v2\/posts\/2008\/revisions"}],"predecessor-version":[{"id":6852,"href":"https:\/\/wp.kristdemokraterna.se\/varnamo\/wp-json\/wp\/v2\/posts\/2008\/revisions\/6852"}],"wp:featuredmedia":[{"embeddable":true,"href":"https:\/\/wp.kristdemokraterna.se\/varnamo\/wp-json\/wp\/v2\/media\/9638"}],"wp:attachment":[{"href":"https:\/\/wp.kristdemokraterna.se\/varnamo\/wp-json\/wp\/v2\/media?parent=2008"}],"wp:term":[{"taxonomy":"category","embeddable":true,"href":"https:\/\/wp.kristdemokraterna.se\/varnamo\/wp-json\/wp\/v2\/categories?post=2008"},{"taxonomy":"post_tag","embeddable":true,"href":"https:\/\/wp.kristdemokraterna.se\/varnamo\/wp-json\/wp\/v2\/tags?post=2008"}],"curies":[{"name":"wp","href":"https:\/\/api.w.org\/{rel}","templated":true}]}}