{"id":2009,"date":"2002-08-22T21:38:00","date_gmt":"2002-08-22T19:38:00","guid":{"rendered":"http:\/\/localhost:4901\/?p=2009"},"modified":"2015-07-12T20:23:57","modified_gmt":"2015-07-12T18:23:57","slug":"ett-liv-vart-att-leva","status":"publish","type":"post","link":"https:\/\/wp.kristdemokraterna.se\/varnamo\/2002\/08\/22\/ett-liv-vart-att-leva\/","title":{"rendered":"Ett liv v\u00e4rt att leva."},"content":{"rendered":"<p>Torsdagen den 22 augusti deltog Margareta Lindahl i ett m\u00f6te, med samtliga partier, anordnat av FUB. Under m\u00f6tet presenterade Margareta Kristdemokraternas f\u00f6rslag p\u00e5 hur omsorgen om funktionshindrade ungdomar kan ordnas p\u00e5 b\u00e4sta s\u00e4tt.<\/p>\n<p><!--more-->Samtliga politiska partier i V\u00e4rnamo med undantag f\u00f6r Folkpartiet tr\u00e4ffade torsdagskv\u00e4llen 22\/8-02 f\u00f6r\u00e4ldrar samt f\u00f6retr\u00e4dare f\u00f6r FUB, V\u00e4rnamo f\u00f6r informationsutbyte. Vi fick en t\u00e4nkv\u00e4rd inblick i hur man f\u00e5tt inr\u00e4tta sin vardag f\u00f6r de praktiska och psykologiska problem man m\u00f6ter.<\/p>\n<p>Det\u00a0kr\u00e4vs en trygghetsgaranti som inneb\u00e4r v\u00e5rd i r\u00e4tt tid,\u00a0v\u00e4rdigt bem\u00f6tande och en garanti f\u00f6r hj\u00e4lpmedel och boende.<\/p>\n<p>Livsvillkoren f\u00f6r den som lever med en funktionsneds\u00e4ttning \u00e4r n\u00e4ra f\u00f6rbunden med den verklighet som deras n\u00e4rmaste lever i, f\u00f6r\u00e4ldrar, syskon, mor- och farf\u00f6r\u00e4ldrar med m\u00e5nga flera. Deras vardagsvillkor inneb\u00e4r att leva i en verklighet som skapas av de krav handikappet st\u00e4ller, och samtidigt kunna leva i den vardag vi alla delar.<\/p>\n<p>Vilka val m\u00e5ste f\u00f6r\u00e4ldrar g\u00f6ra f\u00f6r att vardagen skall fungera?<\/p>\n<p>Det \u00e4r en st\u00e4ndig kamp f\u00f6r att bevaka och kunna kr\u00e4va sina fastst\u00e4llda r\u00e4ttigheter f\u00f6r sina barn. I v\u00e5r diskussion framkom att det finns mycket kvar att g\u00f6ra f\u00f6r att underl\u00e4tta och bevaka livskvalitet f\u00f6r den enskilde. Samtliga politiska f\u00f6retr\u00e4dare var h\u00e4r eniga.<\/p>\n<p>Det framf\u00f6rdes krav fr\u00e5n f\u00f6r\u00e4ldrar om f\u00f6rb\u00e4ttring av tillg\u00e4nglighet till samh\u00e4llet, med bl a \u00f6kad fritidssyssels\u00e4ttning f\u00f6r barnen och m\u00f6jlighet till m\u00f6tesplatser och \u00e4ven kontakter med icke handikappade barn och ungdomar.<\/p>\n<p>Valfrihet av boende \u00e4r ett starkt \u00f6nskem\u00e5l fr\u00e5n de deltagande f\u00f6r\u00e4ldrarna. H\u00e4r finns ett enh\u00e4lligt \u00f6nskem\u00e5l om en successiv utbyggnad av gruppboenden med max fem platser, som alternativ till personliga assistenter. Det \u00e4r \u00f6nskv\u00e4rt att kunna undvika att placera unga handikappade m\u00e4nniskor i l\u00e4genheter som tillh\u00f6r servicehus f\u00f6r \u00e4ldre.<\/p>\n<p>Sammanfattningsvis konstateras att det forts\u00e4ttningsvis \u00e4r viktigt att kontinuerligt inventera behov, planera, solidariskt prioritera f\u00f6r m\u00e4nniskor med funktionshinder till ett v\u00e4rdigt liv.<\/p>\n<p>Vi har alla i grunden samma liv att leva.<\/p>\n","protected":false},"excerpt":{"rendered":"<p>Torsdagen den 22 augusti deltog Margareta Lindahl i ett m\u00f6te, med samtliga partier, anordnat av FUB. Under m\u00f6tet presenterade Margareta Kristdemokraternas f\u00f6rslag p\u00e5 hur omsorgen om funktionshindrade ungdomar kan ordnas p\u00e5 b\u00e4sta s\u00e4tt.<\/p>\n","protected":false},"author":412,"featured_media":4171,"comment_status":"closed","ping_status":"closed","sticky":false,"template":"","format":"standard","meta":{"_acf_changed":false,"footnotes":""},"categories":[11],"tags":[167,174,315,110,261,259,326,390,145,62,241,179],"class_list":["post-2009","post","type-post","status-publish","format-standard","hentry","category-nyheter","tag-bemotande","tag-boende","tag-funktionshinder","tag-margareta-lindahl","tag-omsorg","tag-tillganglighet","tag-trygghetsgaranti","tag-ungdomar","tag-valfrihet","tag-valrorelse","tag-vard","tag-vardighet"],"acf":[],"yoast_head":"<!-- This site is optimized with the Yoast SEO plugin v27.4 - https:\/\/yoast.com\/product\/yoast-seo-wordpress\/ -->\n<title>Ett liv v\u00e4rt att leva. - KRISTDEMOKRATERNA V\u00c4RNAMO<\/title>\n<meta name=\"robots\" content=\"index, follow, max-snippet:-1, max-image-preview:large, max-video-preview:-1\" \/>\n<link rel=\"canonical\" href=\"https:\/\/wp.kristdemokraterna.se\/varnamo\/2002\/08\/22\/ett-liv-vart-att-leva\/\" \/>\n<meta property=\"og:locale\" content=\"sv_SE\" \/>\n<meta property=\"og:type\" content=\"article\" \/>\n<meta property=\"og:title\" content=\"Ett liv v\u00e4rt att leva. - KRISTDEMOKRATERNA V\u00c4RNAMO\" \/>\n<meta property=\"og:description\" content=\"Torsdagen den 22 augusti deltog Margareta Lindahl i ett m\u00f6te, med samtliga partier, anordnat av FUB. Under m\u00f6tet presenterade Margareta Kristdemokraternas f\u00f6rslag p\u00e5 hur omsorgen om funktionshindrade ungdomar kan ordnas p\u00e5 b\u00e4sta s\u00e4tt.\" \/>\n<meta property=\"og:url\" content=\"https:\/\/wp.kristdemokraterna.se\/varnamo\/2002\/08\/22\/ett-liv-vart-att-leva\/\" \/>\n<meta property=\"og:site_name\" content=\"KRISTDEMOKRATERNA V\u00c4RNAMO\" \/>\n<meta property=\"article:publisher\" content=\"https:\/\/www.facebook.com\/KDVarnamo\/\" \/>\n<meta property=\"article:published_time\" content=\"2002-08-22T19:38:00+00:00\" \/>\n<meta property=\"article:modified_time\" content=\"2015-07-12T18:23:57+00:00\" \/>\n<meta property=\"og:image\" content=\"https:\/\/wp.kristdemokraterna.se\/varnamo\/files\/2004\/12\/margareta_lindahl.jpg\" \/>\n\t<meta property=\"og:image:width\" content=\"300\" \/>\n\t<meta property=\"og:image:height\" content=\"300\" \/>\n\t<meta property=\"og:image:type\" content=\"image\/jpeg\" \/>\n<meta name=\"author\" content=\"Kristdemokraterna V\u00e4rnamo\" \/>\n<meta name=\"twitter:card\" content=\"summary_large_image\" \/>\n<meta name=\"twitter:creator\" content=\"@KDVarnamo\" \/>\n<meta name=\"twitter:site\" content=\"@KDVarnamo\" \/>\n<meta name=\"twitter:label1\" content=\"Skriven av\" \/>\n\t<meta name=\"twitter:data1\" content=\"Kristdemokraterna V\u00e4rnamo\" \/>\n\t<meta name=\"twitter:label2\" content=\"Ber\u00e4knad l\u00e4stid\" \/>\n\t<meta name=\"twitter:data2\" content=\"2 minuter\" \/>\n<script type=\"application\/ld+json\" class=\"yoast-schema-graph\">{\"@context\":\"https:\\\/\\\/schema.org\",\"@graph\":[{\"@type\":\"Article\",\"@id\":\"https:\\\/\\\/wp.kristdemokraterna.se\\\/varnamo\\\/2002\\\/08\\\/22\\\/ett-liv-vart-att-leva\\\/#article\",\"isPartOf\":{\"@id\":\"https:\\\/\\\/wp.kristdemokraterna.se\\\/varnamo\\\/2002\\\/08\\\/22\\\/ett-liv-vart-att-leva\\\/\"},\"author\":{\"name\":\"Kristdemokraterna V\u00e4rnamo\",\"@id\":\"https:\\\/\\\/wp.kristdemokraterna.se\\\/varnamo\\\/#\\\/schema\\\/person\\\/4e339ab04d613699e4dfe80a994e01d4\"},\"headline\":\"Ett liv v\u00e4rt att leva.\",\"datePublished\":\"2002-08-22T19:38:00+00:00\",\"dateModified\":\"2015-07-12T18:23:57+00:00\",\"mainEntityOfPage\":{\"@id\":\"https:\\\/\\\/wp.kristdemokraterna.se\\\/varnamo\\\/2002\\\/08\\\/22\\\/ett-liv-vart-att-leva\\\/\"},\"wordCount\":402,\"publisher\":{\"@id\":\"https:\\\/\\\/wp.kristdemokraterna.se\\\/varnamo\\\/#organization\"},\"image\":{\"@id\":\"https:\\\/\\\/wp.kristdemokraterna.se\\\/varnamo\\\/2002\\\/08\\\/22\\\/ett-liv-vart-att-leva\\\/#primaryimage\"},\"thumbnailUrl\":\"https:\\\/\\\/wp.kristdemokraterna.se\\\/varnamo\\\/files\\\/2004\\\/12\\\/margareta_lindahl.jpg\",\"keywords\":[\"bem\u00f6tande\",\"boende\",\"funktionshinder\",\"Margareta Lindahl\",\"omsorg\",\"tillg\u00e4nglighet\",\"trygghetsgaranti\",\"ungdomar\",\"valfrihet\",\"valr\u00f6relse\",\"v\u00e5rd\",\"v\u00e4rdighet\"],\"articleSection\":[\"Nyheter\"],\"inLanguage\":\"sv-SE\"},{\"@type\":\"WebPage\",\"@id\":\"https:\\\/\\\/wp.kristdemokraterna.se\\\/varnamo\\\/2002\\\/08\\\/22\\\/ett-liv-vart-att-leva\\\/\",\"url\":\"https:\\\/\\\/wp.kristdemokraterna.se\\\/varnamo\\\/2002\\\/08\\\/22\\\/ett-liv-vart-att-leva\\\/\",\"name\":\"Ett liv v\u00e4rt att leva. - KRISTDEMOKRATERNA V\u00c4RNAMO\",\"isPartOf\":{\"@id\":\"https:\\\/\\\/wp.kristdemokraterna.se\\\/varnamo\\\/#website\"},\"primaryImageOfPage\":{\"@id\":\"https:\\\/\\\/wp.kristdemokraterna.se\\\/varnamo\\\/2002\\\/08\\\/22\\\/ett-liv-vart-att-leva\\\/#primaryimage\"},\"image\":{\"@id\":\"https:\\\/\\\/wp.kristdemokraterna.se\\\/varnamo\\\/2002\\\/08\\\/22\\\/ett-liv-vart-att-leva\\\/#primaryimage\"},\"thumbnailUrl\":\"https:\\\/\\\/wp.kristdemokraterna.se\\\/varnamo\\\/files\\\/2004\\\/12\\\/margareta_lindahl.jpg\",\"datePublished\":\"2002-08-22T19:38:00+00:00\",\"dateModified\":\"2015-07-12T18:23:57+00:00\",\"breadcrumb\":{\"@id\":\"https:\\\/\\\/wp.kristdemokraterna.se\\\/varnamo\\\/2002\\\/08\\\/22\\\/ett-liv-vart-att-leva\\\/#breadcrumb\"},\"inLanguage\":\"sv-SE\",\"potentialAction\":[{\"@type\":\"ReadAction\",\"target\":[\"https:\\\/\\\/wp.kristdemokraterna.se\\\/varnamo\\\/2002\\\/08\\\/22\\\/ett-liv-vart-att-leva\\\/\"]}]},{\"@type\":\"ImageObject\",\"inLanguage\":\"sv-SE\",\"@id\":\"https:\\\/\\\/wp.kristdemokraterna.se\\\/varnamo\\\/2002\\\/08\\\/22\\\/ett-liv-vart-att-leva\\\/#primaryimage\",\"url\":\"https:\\\/\\\/wp.kristdemokraterna.se\\\/varnamo\\\/files\\\/2004\\\/12\\\/margareta_lindahl.jpg\",\"contentUrl\":\"https:\\\/\\\/wp.kristdemokraterna.se\\\/varnamo\\\/files\\\/2004\\\/12\\\/margareta_lindahl.jpg\",\"width\":300,\"height\":300,\"caption\":\"Margareta Lindahl, Kristdemokraterna V\u00e4rnamo. (Foto: Fotograf M\u00e4ster Olof)\"},{\"@type\":\"BreadcrumbList\",\"@id\":\"https:\\\/\\\/wp.kristdemokraterna.se\\\/varnamo\\\/2002\\\/08\\\/22\\\/ett-liv-vart-att-leva\\\/#breadcrumb\",\"itemListElement\":[{\"@type\":\"ListItem\",\"position\":1,\"name\":\"Hem\",\"item\":\"https:\\\/\\\/wp.kristdemokraterna.se\\\/varnamo\\\/\"},{\"@type\":\"ListItem\",\"position\":2,\"name\":\"Ett liv v\u00e4rt att leva.\"}]},{\"@type\":\"WebSite\",\"@id\":\"https:\\\/\\\/wp.kristdemokraterna.se\\\/varnamo\\\/#website\",\"url\":\"https:\\\/\\\/wp.kristdemokraterna.se\\\/varnamo\\\/\",\"name\":\"KRISTDEMOKRATERNA V\u00c4RNAMO\",\"description\":\"Med hj\u00e4rta f\u00f6r V\u00e4rnamo\",\"publisher\":{\"@id\":\"https:\\\/\\\/wp.kristdemokraterna.se\\\/varnamo\\\/#organization\"},\"inLanguage\":\"sv-SE\"},{\"@type\":\"Organization\",\"@id\":\"https:\\\/\\\/wp.kristdemokraterna.se\\\/varnamo\\\/#organization\",\"name\":\"Kristdemokraterna V\u00e4rnamo\",\"url\":\"https:\\\/\\\/wp.kristdemokraterna.se\\\/varnamo\\\/\",\"logo\":{\"@type\":\"ImageObject\",\"inLanguage\":\"sv-SE\",\"@id\":\"https:\\\/\\\/wp.kristdemokraterna.se\\\/varnamo\\\/#\\\/schema\\\/logo\\\/image\\\/\",\"url\":\"https:\\\/\\\/wp.kristdemokraterna.se\\\/varnamo\\\/files\\\/2022\\\/08\\\/va\u2560ernamo-sida-bla-300dpi.png\",\"contentUrl\":\"https:\\\/\\\/wp.kristdemokraterna.se\\\/varnamo\\\/files\\\/2022\\\/08\\\/va\u2560ernamo-sida-bla-300dpi.png\",\"width\":1485,\"height\":681,\"caption\":\"Kristdemokraterna V\u00e4rnamo\"},\"image\":{\"@id\":\"https:\\\/\\\/wp.kristdemokraterna.se\\\/varnamo\\\/#\\\/schema\\\/logo\\\/image\\\/\"},\"sameAs\":[\"https:\\\/\\\/www.facebook.com\\\/KDVarnamo\\\/\",\"https:\\\/\\\/x.com\\\/KDVarnamo\",\"https:\\\/\\\/www.instagram.com\\\/\",\"https:\\\/\\\/www.youtube.com\\\/user\\\/studiokd\\\/videos\"]},{\"@type\":\"Person\",\"@id\":\"https:\\\/\\\/wp.kristdemokraterna.se\\\/varnamo\\\/#\\\/schema\\\/person\\\/4e339ab04d613699e4dfe80a994e01d4\",\"name\":\"Kristdemokraterna V\u00e4rnamo\",\"image\":{\"@type\":\"ImageObject\",\"inLanguage\":\"sv-SE\",\"@id\":\"https:\\\/\\\/secure.gravatar.com\\\/avatar\\\/c122e48c7723992af51eb155eeaa93db3c1fa324e3fc6ec45dd712c812809b5b?s=96&r=g\",\"url\":\"https:\\\/\\\/secure.gravatar.com\\\/avatar\\\/c122e48c7723992af51eb155eeaa93db3c1fa324e3fc6ec45dd712c812809b5b?s=96&r=g\",\"contentUrl\":\"https:\\\/\\\/secure.gravatar.com\\\/avatar\\\/c122e48c7723992af51eb155eeaa93db3c1fa324e3fc6ec45dd712c812809b5b?s=96&r=g\",\"caption\":\"Kristdemokraterna V\u00e4rnamo\"},\"description\":\"Familjens r\u00f6st\",\"sameAs\":[\"http:\\\/\\\/www.varnamo.kristdemokraterna.se\"],\"url\":\"https:\\\/\\\/wp.kristdemokraterna.se\\\/varnamo\\\/author\\\/varnamo\\\/\"}]}<\/script>\n<!-- \/ Yoast SEO plugin. -->","yoast_head_json":{"title":"Ett liv v\u00e4rt att leva. - KRISTDEMOKRATERNA V\u00c4RNAMO","robots":{"index":"index","follow":"follow","max-snippet":"max-snippet:-1","max-image-preview":"max-image-preview:large","max-video-preview":"max-video-preview:-1"},"canonical":"https:\/\/wp.kristdemokraterna.se\/varnamo\/2002\/08\/22\/ett-liv-vart-att-leva\/","og_locale":"sv_SE","og_type":"article","og_title":"Ett liv v\u00e4rt att leva. - KRISTDEMOKRATERNA V\u00c4RNAMO","og_description":"Torsdagen den 22 augusti deltog Margareta Lindahl i ett m\u00f6te, med samtliga partier, anordnat av FUB. Under m\u00f6tet presenterade Margareta Kristdemokraternas f\u00f6rslag p\u00e5 hur omsorgen om funktionshindrade ungdomar kan ordnas p\u00e5 b\u00e4sta s\u00e4tt.","og_url":"https:\/\/wp.kristdemokraterna.se\/varnamo\/2002\/08\/22\/ett-liv-vart-att-leva\/","og_site_name":"KRISTDEMOKRATERNA V\u00c4RNAMO","article_publisher":"https:\/\/www.facebook.com\/KDVarnamo\/","article_published_time":"2002-08-22T19:38:00+00:00","article_modified_time":"2015-07-12T18:23:57+00:00","og_image":[{"width":300,"height":300,"url":"https:\/\/wp.kristdemokraterna.se\/varnamo\/files\/2004\/12\/margareta_lindahl.jpg","type":"image\/jpeg"}],"author":"Kristdemokraterna V\u00e4rnamo","twitter_card":"summary_large_image","twitter_creator":"@KDVarnamo","twitter_site":"@KDVarnamo","twitter_misc":{"Skriven av":"Kristdemokraterna V\u00e4rnamo","Ber\u00e4knad l\u00e4stid":"2 minuter"},"schema":{"@context":"https:\/\/schema.org","@graph":[{"@type":"Article","@id":"https:\/\/wp.kristdemokraterna.se\/varnamo\/2002\/08\/22\/ett-liv-vart-att-leva\/#article","isPartOf":{"@id":"https:\/\/wp.kristdemokraterna.se\/varnamo\/2002\/08\/22\/ett-liv-vart-att-leva\/"},"author":{"name":"Kristdemokraterna V\u00e4rnamo","@id":"https:\/\/wp.kristdemokraterna.se\/varnamo\/#\/schema\/person\/4e339ab04d613699e4dfe80a994e01d4"},"headline":"Ett liv v\u00e4rt att leva.","datePublished":"2002-08-22T19:38:00+00:00","dateModified":"2015-07-12T18:23:57+00:00","mainEntityOfPage":{"@id":"https:\/\/wp.kristdemokraterna.se\/varnamo\/2002\/08\/22\/ett-liv-vart-att-leva\/"},"wordCount":402,"publisher":{"@id":"https:\/\/wp.kristdemokraterna.se\/varnamo\/#organization"},"image":{"@id":"https:\/\/wp.kristdemokraterna.se\/varnamo\/2002\/08\/22\/ett-liv-vart-att-leva\/#primaryimage"},"thumbnailUrl":"https:\/\/wp.kristdemokraterna.se\/varnamo\/files\/2004\/12\/margareta_lindahl.jpg","keywords":["bem\u00f6tande","boende","funktionshinder","Margareta Lindahl","omsorg","tillg\u00e4nglighet","trygghetsgaranti","ungdomar","valfrihet","valr\u00f6relse","v\u00e5rd","v\u00e4rdighet"],"articleSection":["Nyheter"],"inLanguage":"sv-SE"},{"@type":"WebPage","@id":"https:\/\/wp.kristdemokraterna.se\/varnamo\/2002\/08\/22\/ett-liv-vart-att-leva\/","url":"https:\/\/wp.kristdemokraterna.se\/varnamo\/2002\/08\/22\/ett-liv-vart-att-leva\/","name":"Ett liv v\u00e4rt att leva. - KRISTDEMOKRATERNA V\u00c4RNAMO","isPartOf":{"@id":"https:\/\/wp.kristdemokraterna.se\/varnamo\/#website"},"primaryImageOfPage":{"@id":"https:\/\/wp.kristdemokraterna.se\/varnamo\/2002\/08\/22\/ett-liv-vart-att-leva\/#primaryimage"},"image":{"@id":"https:\/\/wp.kristdemokraterna.se\/varnamo\/2002\/08\/22\/ett-liv-vart-att-leva\/#primaryimage"},"thumbnailUrl":"https:\/\/wp.kristdemokraterna.se\/varnamo\/files\/2004\/12\/margareta_lindahl.jpg","datePublished":"2002-08-22T19:38:00+00:00","dateModified":"2015-07-12T18:23:57+00:00","breadcrumb":{"@id":"https:\/\/wp.kristdemokraterna.se\/varnamo\/2002\/08\/22\/ett-liv-vart-att-leva\/#breadcrumb"},"inLanguage":"sv-SE","potentialAction":[{"@type":"ReadAction","target":["https:\/\/wp.kristdemokraterna.se\/varnamo\/2002\/08\/22\/ett-liv-vart-att-leva\/"]}]},{"@type":"ImageObject","inLanguage":"sv-SE","@id":"https:\/\/wp.kristdemokraterna.se\/varnamo\/2002\/08\/22\/ett-liv-vart-att-leva\/#primaryimage","url":"https:\/\/wp.kristdemokraterna.se\/varnamo\/files\/2004\/12\/margareta_lindahl.jpg","contentUrl":"https:\/\/wp.kristdemokraterna.se\/varnamo\/files\/2004\/12\/margareta_lindahl.jpg","width":300,"height":300,"caption":"Margareta Lindahl, Kristdemokraterna V\u00e4rnamo. (Foto: Fotograf M\u00e4ster Olof)"},{"@type":"BreadcrumbList","@id":"https:\/\/wp.kristdemokraterna.se\/varnamo\/2002\/08\/22\/ett-liv-vart-att-leva\/#breadcrumb","itemListElement":[{"@type":"ListItem","position":1,"name":"Hem","item":"https:\/\/wp.kristdemokraterna.se\/varnamo\/"},{"@type":"ListItem","position":2,"name":"Ett liv v\u00e4rt att leva."}]},{"@type":"WebSite","@id":"https:\/\/wp.kristdemokraterna.se\/varnamo\/#website","url":"https:\/\/wp.kristdemokraterna.se\/varnamo\/","name":"KRISTDEMOKRATERNA V\u00c4RNAMO","description":"Med hj\u00e4rta f\u00f6r V\u00e4rnamo","publisher":{"@id":"https:\/\/wp.kristdemokraterna.se\/varnamo\/#organization"},"inLanguage":"sv-SE"},{"@type":"Organization","@id":"https:\/\/wp.kristdemokraterna.se\/varnamo\/#organization","name":"Kristdemokraterna V\u00e4rnamo","url":"https:\/\/wp.kristdemokraterna.se\/varnamo\/","logo":{"@type":"ImageObject","inLanguage":"sv-SE","@id":"https:\/\/wp.kristdemokraterna.se\/varnamo\/#\/schema\/logo\/image\/","url":"https:\/\/wp.kristdemokraterna.se\/varnamo\/files\/2022\/08\/va\u2560ernamo-sida-bla-300dpi.png","contentUrl":"https:\/\/wp.kristdemokraterna.se\/varnamo\/files\/2022\/08\/va\u2560ernamo-sida-bla-300dpi.png","width":1485,"height":681,"caption":"Kristdemokraterna V\u00e4rnamo"},"image":{"@id":"https:\/\/wp.kristdemokraterna.se\/varnamo\/#\/schema\/logo\/image\/"},"sameAs":["https:\/\/www.facebook.com\/KDVarnamo\/","https:\/\/x.com\/KDVarnamo","https:\/\/www.instagram.com\/","https:\/\/www.youtube.com\/user\/studiokd\/videos"]},{"@type":"Person","@id":"https:\/\/wp.kristdemokraterna.se\/varnamo\/#\/schema\/person\/4e339ab04d613699e4dfe80a994e01d4","name":"Kristdemokraterna V\u00e4rnamo","image":{"@type":"ImageObject","inLanguage":"sv-SE","@id":"https:\/\/secure.gravatar.com\/avatar\/c122e48c7723992af51eb155eeaa93db3c1fa324e3fc6ec45dd712c812809b5b?s=96&r=g","url":"https:\/\/secure.gravatar.com\/avatar\/c122e48c7723992af51eb155eeaa93db3c1fa324e3fc6ec45dd712c812809b5b?s=96&r=g","contentUrl":"https:\/\/secure.gravatar.com\/avatar\/c122e48c7723992af51eb155eeaa93db3c1fa324e3fc6ec45dd712c812809b5b?s=96&r=g","caption":"Kristdemokraterna V\u00e4rnamo"},"description":"Familjens r\u00f6st","sameAs":["http:\/\/www.varnamo.kristdemokraterna.se"],"url":"https:\/\/wp.kristdemokraterna.se\/varnamo\/author\/varnamo\/"}]}},"_links":{"self":[{"href":"https:\/\/wp.kristdemokraterna.se\/varnamo\/wp-json\/wp\/v2\/posts\/2009","targetHints":{"allow":["GET"]}}],"collection":[{"href":"https:\/\/wp.kristdemokraterna.se\/varnamo\/wp-json\/wp\/v2\/posts"}],"about":[{"href":"https:\/\/wp.kristdemokraterna.se\/varnamo\/wp-json\/wp\/v2\/types\/post"}],"author":[{"embeddable":true,"href":"https:\/\/wp.kristdemokraterna.se\/varnamo\/wp-json\/wp\/v2\/users\/412"}],"replies":[{"embeddable":true,"href":"https:\/\/wp.kristdemokraterna.se\/varnamo\/wp-json\/wp\/v2\/comments?post=2009"}],"version-history":[{"count":4,"href":"https:\/\/wp.kristdemokraterna.se\/varnamo\/wp-json\/wp\/v2\/posts\/2009\/revisions"}],"predecessor-version":[{"id":6851,"href":"https:\/\/wp.kristdemokraterna.se\/varnamo\/wp-json\/wp\/v2\/posts\/2009\/revisions\/6851"}],"wp:featuredmedia":[{"embeddable":true,"href":"https:\/\/wp.kristdemokraterna.se\/varnamo\/wp-json\/wp\/v2\/media\/4171"}],"wp:attachment":[{"href":"https:\/\/wp.kristdemokraterna.se\/varnamo\/wp-json\/wp\/v2\/media?parent=2009"}],"wp:term":[{"taxonomy":"category","embeddable":true,"href":"https:\/\/wp.kristdemokraterna.se\/varnamo\/wp-json\/wp\/v2\/categories?post=2009"},{"taxonomy":"post_tag","embeddable":true,"href":"https:\/\/wp.kristdemokraterna.se\/varnamo\/wp-json\/wp\/v2\/tags?post=2009"}],"curies":[{"name":"wp","href":"https:\/\/api.w.org\/{rel}","templated":true}]}}