{"id":2010,"date":"2002-08-19T21:38:00","date_gmt":"2002-08-19T19:38:00","guid":{"rendered":"http:\/\/localhost:4901\/?p=2010"},"modified":"2015-07-12T20:25:27","modified_gmt":"2015-07-12T18:25:27","slug":"poliskrisen-hotar-rattssakerheten","status":"publish","type":"post","link":"https:\/\/wp.kristdemokraterna.se\/varnamo\/2002\/08\/19\/poliskrisen-hotar-rattssakerheten\/","title":{"rendered":"Poliskrisen hotar r\u00e4ttss\u00e4kerheten"},"content":{"rendered":"<div style=\"width: 410px\" class=\"wp-caption alignnone\"><a href=\"http:\/\/wp.kristdemokraterna.se\/varnamo\/files\/2010\/08\/ragnwi_marcelind.jpg\"><img loading=\"lazy\" decoding=\"async\" title=\"ragnwi_marcelind\" src=\"http:\/\/wp.kristdemokraterna.se\/varnamo\/files\/2010\/08\/ragnwi_marcelind.jpg\" alt=\"Ragnwi Marcelind, Kristdemokraternas r\u00e4ttspolitiska talesperson, utanf\u00f6r valstugan i V\u00e4rnamo. (Foto: H\u00e5kan Johansson)\" width=\"400\" height=\"300\" \/><\/a><p class=\"wp-caption-text\">Ragnwi Marcelind, Kristdemokraternas r\u00e4ttspolitiska talesperson, utanf\u00f6r valstugan i V\u00e4rnamo. (Foto: H\u00e5kan Johansson)<\/p><\/div>\n<p>M\u00e5ndagen den 19 augusti bes\u00f6kte Ragnwi Marcelind, G\u00e4vle, valstugan p\u00e5 Flanaden i V\u00e4rnamo f\u00f6r att dela med sig av sitt recept f\u00f6r ett V\u00e4rnamo med trygghet. Ragnwi Marcelind \u00e4r Riksdagsledamot och en av Kristdemokraternas r\u00e4ttspolitiska talespersoner.<\/p>\n<p><!--more-->&#8211; Poliskrisen \u00e4r ett allvarligt hot mot r\u00e4ttss\u00e4kerheten! Polisens uppgifter privatiseras och r\u00e4ttss\u00e4kerheten s\u00e4ljs ut, som en f\u00f6ljd av socialdemokraternas passivitet och brist p\u00e5 ansvar. En stor del av Sveriges geografiska yta kan inte f\u00e5 bli lagl\u00f6st land! Det \u00e4r inte rimligt att sju polisstationer i J\u00f6nk\u00f6pings l\u00e4n h\u00e5ller sommarst\u00e4ngt!\u00a0Det sa Ragnwi Marcelind, riksdagsledamot och r\u00e4ttspolitisk talesperson f\u00f6r kristdemokraterna, n\u00e4r hon p\u00e5 m\u00e5ndagen bes\u00f6kte V\u00e4rnamo.<\/p>\n<p>En av samh\u00e4llets grundl\u00e4ggande skyldigheter \u00e4r att garantera sina\u00a0medborgare trygghet. Kristdemokraterna f\u00f6resl\u00e5r d\u00e4rf\u00f6r\u00a0att utbildningstakten av riktiga poliser \u00f6kar. M\u00e5let ska vara att\u00a0det \u00e5r 2007 finns minst 19 000 utbildade poliser, en \u00f6kning med\u00a0drygt 3 000 poliser j\u00e4mf\u00f6rt med dagens antal.<\/p>\n<p>Anslagen till polis, \u00e5klagare, domstolar och kriminalv\u00e5rd ska h\u00f6jas med en miljard per \u00e5r f\u00f6r att utbilda fler poliser, f\u00f6rebygga brott och hj\u00e4lpa kriminella att bryta sin brottsliga bana. Kristdemokraterna tror inte i f\u00f6rsta hand att str\u00e4ngare straff \u00e4r l\u00f6sningen p\u00e5 brottslighet men vi vill vara tuffa mot kriminalitetens orsaker. Vi vill arbeta brottsf\u00f6rebyggande genom att v\u00e4rderingar blir inf\u00f6rlivade redan fr\u00e5n barnsben. Vi vill ha tidiga insatser, snabbare behandling och rehabilitering samt speciella jour- och ungdomsdomstolar f\u00f6r att komma tillr\u00e4tta med unga brottslingar.<\/p>\n<p>Vi mots\u00e4tter oss kraftfullt att ers\u00e4tta poliser med ordningsvakter vilket vi tror skapar en andra klassens poliser vilket \u00e4r oacceptabelt. Ist\u00e4llet f\u00f6r att skapa &#8221;nya&#8221; poliser borde regeringen \u00f6ka utbildningstakten av riktiga poliser.<\/p>\n<p>Polisen ska finnas tillg\u00e4nglig. Trots att m\u00e5nga brott beg\u00e5s under sommartid, tvingas polisen st\u00e4nga flera stationer p\u00e5 sommaren. M\u00e4nniskor ska inte beh\u00f6va k\u00e4nna sig otrygga sa Marcelind.<\/p>\n","protected":false},"excerpt":{"rendered":"<p>M\u00e5ndagen den 19 augusti bes\u00f6kte Ragnwi Marcelind, G\u00e4vle, valstugan p\u00e5 Flanaden i V\u00e4rnamo f\u00f6r att dela med sig av sitt recept f\u00f6r ett V\u00e4rnamo med trygghet. Ragnwi Marcelind \u00e4r Riksdagsledamot och en av Kristdemokraternas r\u00e4ttspolitiska talespersoner.<\/p>\n","protected":false},"author":412,"featured_media":9638,"comment_status":"closed","ping_status":"closed","sticky":false,"template":"","format":"standard","meta":{"_acf_changed":false,"footnotes":""},"categories":[11],"tags":[219,310,309,193,230,46,259,177,35,62],"class_list":["post-2010","post","type-post","status-publish","format-standard","hentry","category-nyheter","tag-brottslighet","tag-polis","tag-ragnwi-marcelind","tag-rattstrygghet","tag-rattsvasende","tag-riksdagsledamot","tag-tillganglighet","tag-trygghet","tag-utbildning","tag-valrorelse"],"acf":[],"yoast_head":"<!-- This site is optimized with the Yoast SEO plugin v27.4 - https:\/\/yoast.com\/product\/yoast-seo-wordpress\/ -->\n<title>Poliskrisen hotar r\u00e4ttss\u00e4kerheten - KRISTDEMOKRATERNA V\u00c4RNAMO<\/title>\n<meta name=\"robots\" content=\"index, follow, max-snippet:-1, max-image-preview:large, max-video-preview:-1\" \/>\n<link rel=\"canonical\" href=\"https:\/\/wp.kristdemokraterna.se\/varnamo\/2002\/08\/19\/poliskrisen-hotar-rattssakerheten\/\" \/>\n<meta property=\"og:locale\" content=\"sv_SE\" \/>\n<meta property=\"og:type\" content=\"article\" \/>\n<meta property=\"og:title\" content=\"Poliskrisen hotar r\u00e4ttss\u00e4kerheten - KRISTDEMOKRATERNA V\u00c4RNAMO\" \/>\n<meta property=\"og:description\" content=\"M\u00e5ndagen den 19 augusti bes\u00f6kte Ragnwi Marcelind, G\u00e4vle, valstugan p\u00e5 Flanaden i V\u00e4rnamo f\u00f6r att dela med sig av sitt recept f\u00f6r ett V\u00e4rnamo med trygghet. Ragnwi Marcelind \u00e4r Riksdagsledamot och en av Kristdemokraternas r\u00e4ttspolitiska talespersoner.\" \/>\n<meta property=\"og:url\" content=\"https:\/\/wp.kristdemokraterna.se\/varnamo\/2002\/08\/19\/poliskrisen-hotar-rattssakerheten\/\" \/>\n<meta property=\"og:site_name\" content=\"KRISTDEMOKRATERNA V\u00c4RNAMO\" \/>\n<meta property=\"article:publisher\" content=\"https:\/\/www.facebook.com\/KDVarnamo\/\" \/>\n<meta property=\"article:published_time\" content=\"2002-08-19T19:38:00+00:00\" \/>\n<meta property=\"article:modified_time\" content=\"2015-07-12T18:25:27+00:00\" \/>\n<meta property=\"og:image\" content=\"http:\/\/wp.kristdemokraterna.se\/varnamo\/files\/2010\/08\/ragnwi_marcelind.jpg\" \/>\n<meta name=\"author\" content=\"Kristdemokraterna V\u00e4rnamo\" \/>\n<meta name=\"twitter:card\" content=\"summary_large_image\" \/>\n<meta name=\"twitter:creator\" content=\"@KDVarnamo\" \/>\n<meta name=\"twitter:site\" content=\"@KDVarnamo\" \/>\n<meta name=\"twitter:label1\" content=\"Skriven av\" \/>\n\t<meta name=\"twitter:data1\" content=\"Kristdemokraterna V\u00e4rnamo\" \/>\n\t<meta name=\"twitter:label2\" content=\"Ber\u00e4knad l\u00e4stid\" \/>\n\t<meta name=\"twitter:data2\" content=\"2 minuter\" \/>\n<script type=\"application\/ld+json\" class=\"yoast-schema-graph\">{\"@context\":\"https:\\\/\\\/schema.org\",\"@graph\":[{\"@type\":\"Article\",\"@id\":\"https:\\\/\\\/wp.kristdemokraterna.se\\\/varnamo\\\/2002\\\/08\\\/19\\\/poliskrisen-hotar-rattssakerheten\\\/#article\",\"isPartOf\":{\"@id\":\"https:\\\/\\\/wp.kristdemokraterna.se\\\/varnamo\\\/2002\\\/08\\\/19\\\/poliskrisen-hotar-rattssakerheten\\\/\"},\"author\":{\"name\":\"Kristdemokraterna V\u00e4rnamo\",\"@id\":\"https:\\\/\\\/wp.kristdemokraterna.se\\\/varnamo\\\/#\\\/schema\\\/person\\\/4e339ab04d613699e4dfe80a994e01d4\"},\"headline\":\"Poliskrisen hotar r\u00e4ttss\u00e4kerheten\",\"datePublished\":\"2002-08-19T19:38:00+00:00\",\"dateModified\":\"2015-07-12T18:25:27+00:00\",\"mainEntityOfPage\":{\"@id\":\"https:\\\/\\\/wp.kristdemokraterna.se\\\/varnamo\\\/2002\\\/08\\\/19\\\/poliskrisen-hotar-rattssakerheten\\\/\"},\"wordCount\":370,\"publisher\":{\"@id\":\"https:\\\/\\\/wp.kristdemokraterna.se\\\/varnamo\\\/#organization\"},\"image\":{\"@id\":\"https:\\\/\\\/wp.kristdemokraterna.se\\\/varnamo\\\/2002\\\/08\\\/19\\\/poliskrisen-hotar-rattssakerheten\\\/#primaryimage\"},\"thumbnailUrl\":\"https:\\\/\\\/wp.kristdemokraterna.se\\\/varnamo\\\/files\\\/2022\\\/08\\\/kd-logo-blue.png\",\"keywords\":[\"brottslighet\",\"polis\",\"Ragnwi Marcelind\",\"r\u00e4ttstrygghet\",\"r\u00e4ttsv\u00e4sende\",\"riksdagsledamot\",\"tillg\u00e4nglighet\",\"trygghet\",\"utbildning\",\"valr\u00f6relse\"],\"articleSection\":[\"Nyheter\"],\"inLanguage\":\"sv-SE\"},{\"@type\":\"WebPage\",\"@id\":\"https:\\\/\\\/wp.kristdemokraterna.se\\\/varnamo\\\/2002\\\/08\\\/19\\\/poliskrisen-hotar-rattssakerheten\\\/\",\"url\":\"https:\\\/\\\/wp.kristdemokraterna.se\\\/varnamo\\\/2002\\\/08\\\/19\\\/poliskrisen-hotar-rattssakerheten\\\/\",\"name\":\"Poliskrisen hotar r\u00e4ttss\u00e4kerheten - KRISTDEMOKRATERNA V\u00c4RNAMO\",\"isPartOf\":{\"@id\":\"https:\\\/\\\/wp.kristdemokraterna.se\\\/varnamo\\\/#website\"},\"primaryImageOfPage\":{\"@id\":\"https:\\\/\\\/wp.kristdemokraterna.se\\\/varnamo\\\/2002\\\/08\\\/19\\\/poliskrisen-hotar-rattssakerheten\\\/#primaryimage\"},\"image\":{\"@id\":\"https:\\\/\\\/wp.kristdemokraterna.se\\\/varnamo\\\/2002\\\/08\\\/19\\\/poliskrisen-hotar-rattssakerheten\\\/#primaryimage\"},\"thumbnailUrl\":\"https:\\\/\\\/wp.kristdemokraterna.se\\\/varnamo\\\/files\\\/2022\\\/08\\\/kd-logo-blue.png\",\"datePublished\":\"2002-08-19T19:38:00+00:00\",\"dateModified\":\"2015-07-12T18:25:27+00:00\",\"breadcrumb\":{\"@id\":\"https:\\\/\\\/wp.kristdemokraterna.se\\\/varnamo\\\/2002\\\/08\\\/19\\\/poliskrisen-hotar-rattssakerheten\\\/#breadcrumb\"},\"inLanguage\":\"sv-SE\",\"potentialAction\":[{\"@type\":\"ReadAction\",\"target\":[\"https:\\\/\\\/wp.kristdemokraterna.se\\\/varnamo\\\/2002\\\/08\\\/19\\\/poliskrisen-hotar-rattssakerheten\\\/\"]}]},{\"@type\":\"ImageObject\",\"inLanguage\":\"sv-SE\",\"@id\":\"https:\\\/\\\/wp.kristdemokraterna.se\\\/varnamo\\\/2002\\\/08\\\/19\\\/poliskrisen-hotar-rattssakerheten\\\/#primaryimage\",\"url\":\"https:\\\/\\\/wp.kristdemokraterna.se\\\/varnamo\\\/files\\\/2022\\\/08\\\/kd-logo-blue.png\",\"contentUrl\":\"https:\\\/\\\/wp.kristdemokraterna.se\\\/varnamo\\\/files\\\/2022\\\/08\\\/kd-logo-blue.png\",\"width\":2000,\"height\":2000,\"caption\":\"Kristdemokraternas logotyp\"},{\"@type\":\"BreadcrumbList\",\"@id\":\"https:\\\/\\\/wp.kristdemokraterna.se\\\/varnamo\\\/2002\\\/08\\\/19\\\/poliskrisen-hotar-rattssakerheten\\\/#breadcrumb\",\"itemListElement\":[{\"@type\":\"ListItem\",\"position\":1,\"name\":\"Hem\",\"item\":\"https:\\\/\\\/wp.kristdemokraterna.se\\\/varnamo\\\/\"},{\"@type\":\"ListItem\",\"position\":2,\"name\":\"Poliskrisen hotar r\u00e4ttss\u00e4kerheten\"}]},{\"@type\":\"WebSite\",\"@id\":\"https:\\\/\\\/wp.kristdemokraterna.se\\\/varnamo\\\/#website\",\"url\":\"https:\\\/\\\/wp.kristdemokraterna.se\\\/varnamo\\\/\",\"name\":\"KRISTDEMOKRATERNA V\u00c4RNAMO\",\"description\":\"Med hj\u00e4rta f\u00f6r V\u00e4rnamo\",\"publisher\":{\"@id\":\"https:\\\/\\\/wp.kristdemokraterna.se\\\/varnamo\\\/#organization\"},\"inLanguage\":\"sv-SE\"},{\"@type\":\"Organization\",\"@id\":\"https:\\\/\\\/wp.kristdemokraterna.se\\\/varnamo\\\/#organization\",\"name\":\"Kristdemokraterna V\u00e4rnamo\",\"url\":\"https:\\\/\\\/wp.kristdemokraterna.se\\\/varnamo\\\/\",\"logo\":{\"@type\":\"ImageObject\",\"inLanguage\":\"sv-SE\",\"@id\":\"https:\\\/\\\/wp.kristdemokraterna.se\\\/varnamo\\\/#\\\/schema\\\/logo\\\/image\\\/\",\"url\":\"https:\\\/\\\/wp.kristdemokraterna.se\\\/varnamo\\\/files\\\/2022\\\/08\\\/va\u2560ernamo-sida-bla-300dpi.png\",\"contentUrl\":\"https:\\\/\\\/wp.kristdemokraterna.se\\\/varnamo\\\/files\\\/2022\\\/08\\\/va\u2560ernamo-sida-bla-300dpi.png\",\"width\":1485,\"height\":681,\"caption\":\"Kristdemokraterna V\u00e4rnamo\"},\"image\":{\"@id\":\"https:\\\/\\\/wp.kristdemokraterna.se\\\/varnamo\\\/#\\\/schema\\\/logo\\\/image\\\/\"},\"sameAs\":[\"https:\\\/\\\/www.facebook.com\\\/KDVarnamo\\\/\",\"https:\\\/\\\/x.com\\\/KDVarnamo\",\"https:\\\/\\\/www.instagram.com\\\/\",\"https:\\\/\\\/www.youtube.com\\\/user\\\/studiokd\\\/videos\"]},{\"@type\":\"Person\",\"@id\":\"https:\\\/\\\/wp.kristdemokraterna.se\\\/varnamo\\\/#\\\/schema\\\/person\\\/4e339ab04d613699e4dfe80a994e01d4\",\"name\":\"Kristdemokraterna V\u00e4rnamo\",\"image\":{\"@type\":\"ImageObject\",\"inLanguage\":\"sv-SE\",\"@id\":\"https:\\\/\\\/secure.gravatar.com\\\/avatar\\\/c122e48c7723992af51eb155eeaa93db3c1fa324e3fc6ec45dd712c812809b5b?s=96&r=g\",\"url\":\"https:\\\/\\\/secure.gravatar.com\\\/avatar\\\/c122e48c7723992af51eb155eeaa93db3c1fa324e3fc6ec45dd712c812809b5b?s=96&r=g\",\"contentUrl\":\"https:\\\/\\\/secure.gravatar.com\\\/avatar\\\/c122e48c7723992af51eb155eeaa93db3c1fa324e3fc6ec45dd712c812809b5b?s=96&r=g\",\"caption\":\"Kristdemokraterna V\u00e4rnamo\"},\"description\":\"Familjens r\u00f6st\",\"sameAs\":[\"http:\\\/\\\/www.varnamo.kristdemokraterna.se\"],\"url\":\"https:\\\/\\\/wp.kristdemokraterna.se\\\/varnamo\\\/author\\\/varnamo\\\/\"}]}<\/script>\n<!-- \/ Yoast SEO plugin. -->","yoast_head_json":{"title":"Poliskrisen hotar r\u00e4ttss\u00e4kerheten - KRISTDEMOKRATERNA V\u00c4RNAMO","robots":{"index":"index","follow":"follow","max-snippet":"max-snippet:-1","max-image-preview":"max-image-preview:large","max-video-preview":"max-video-preview:-1"},"canonical":"https:\/\/wp.kristdemokraterna.se\/varnamo\/2002\/08\/19\/poliskrisen-hotar-rattssakerheten\/","og_locale":"sv_SE","og_type":"article","og_title":"Poliskrisen hotar r\u00e4ttss\u00e4kerheten - KRISTDEMOKRATERNA V\u00c4RNAMO","og_description":"M\u00e5ndagen den 19 augusti bes\u00f6kte Ragnwi Marcelind, G\u00e4vle, valstugan p\u00e5 Flanaden i V\u00e4rnamo f\u00f6r att dela med sig av sitt recept f\u00f6r ett V\u00e4rnamo med trygghet. Ragnwi Marcelind \u00e4r Riksdagsledamot och en av Kristdemokraternas r\u00e4ttspolitiska talespersoner.","og_url":"https:\/\/wp.kristdemokraterna.se\/varnamo\/2002\/08\/19\/poliskrisen-hotar-rattssakerheten\/","og_site_name":"KRISTDEMOKRATERNA V\u00c4RNAMO","article_publisher":"https:\/\/www.facebook.com\/KDVarnamo\/","article_published_time":"2002-08-19T19:38:00+00:00","article_modified_time":"2015-07-12T18:25:27+00:00","og_image":[{"url":"http:\/\/wp.kristdemokraterna.se\/varnamo\/files\/2010\/08\/ragnwi_marcelind.jpg","type":"","width":"","height":""}],"author":"Kristdemokraterna V\u00e4rnamo","twitter_card":"summary_large_image","twitter_creator":"@KDVarnamo","twitter_site":"@KDVarnamo","twitter_misc":{"Skriven av":"Kristdemokraterna V\u00e4rnamo","Ber\u00e4knad l\u00e4stid":"2 minuter"},"schema":{"@context":"https:\/\/schema.org","@graph":[{"@type":"Article","@id":"https:\/\/wp.kristdemokraterna.se\/varnamo\/2002\/08\/19\/poliskrisen-hotar-rattssakerheten\/#article","isPartOf":{"@id":"https:\/\/wp.kristdemokraterna.se\/varnamo\/2002\/08\/19\/poliskrisen-hotar-rattssakerheten\/"},"author":{"name":"Kristdemokraterna V\u00e4rnamo","@id":"https:\/\/wp.kristdemokraterna.se\/varnamo\/#\/schema\/person\/4e339ab04d613699e4dfe80a994e01d4"},"headline":"Poliskrisen hotar r\u00e4ttss\u00e4kerheten","datePublished":"2002-08-19T19:38:00+00:00","dateModified":"2015-07-12T18:25:27+00:00","mainEntityOfPage":{"@id":"https:\/\/wp.kristdemokraterna.se\/varnamo\/2002\/08\/19\/poliskrisen-hotar-rattssakerheten\/"},"wordCount":370,"publisher":{"@id":"https:\/\/wp.kristdemokraterna.se\/varnamo\/#organization"},"image":{"@id":"https:\/\/wp.kristdemokraterna.se\/varnamo\/2002\/08\/19\/poliskrisen-hotar-rattssakerheten\/#primaryimage"},"thumbnailUrl":"https:\/\/wp.kristdemokraterna.se\/varnamo\/files\/2022\/08\/kd-logo-blue.png","keywords":["brottslighet","polis","Ragnwi Marcelind","r\u00e4ttstrygghet","r\u00e4ttsv\u00e4sende","riksdagsledamot","tillg\u00e4nglighet","trygghet","utbildning","valr\u00f6relse"],"articleSection":["Nyheter"],"inLanguage":"sv-SE"},{"@type":"WebPage","@id":"https:\/\/wp.kristdemokraterna.se\/varnamo\/2002\/08\/19\/poliskrisen-hotar-rattssakerheten\/","url":"https:\/\/wp.kristdemokraterna.se\/varnamo\/2002\/08\/19\/poliskrisen-hotar-rattssakerheten\/","name":"Poliskrisen hotar r\u00e4ttss\u00e4kerheten - KRISTDEMOKRATERNA V\u00c4RNAMO","isPartOf":{"@id":"https:\/\/wp.kristdemokraterna.se\/varnamo\/#website"},"primaryImageOfPage":{"@id":"https:\/\/wp.kristdemokraterna.se\/varnamo\/2002\/08\/19\/poliskrisen-hotar-rattssakerheten\/#primaryimage"},"image":{"@id":"https:\/\/wp.kristdemokraterna.se\/varnamo\/2002\/08\/19\/poliskrisen-hotar-rattssakerheten\/#primaryimage"},"thumbnailUrl":"https:\/\/wp.kristdemokraterna.se\/varnamo\/files\/2022\/08\/kd-logo-blue.png","datePublished":"2002-08-19T19:38:00+00:00","dateModified":"2015-07-12T18:25:27+00:00","breadcrumb":{"@id":"https:\/\/wp.kristdemokraterna.se\/varnamo\/2002\/08\/19\/poliskrisen-hotar-rattssakerheten\/#breadcrumb"},"inLanguage":"sv-SE","potentialAction":[{"@type":"ReadAction","target":["https:\/\/wp.kristdemokraterna.se\/varnamo\/2002\/08\/19\/poliskrisen-hotar-rattssakerheten\/"]}]},{"@type":"ImageObject","inLanguage":"sv-SE","@id":"https:\/\/wp.kristdemokraterna.se\/varnamo\/2002\/08\/19\/poliskrisen-hotar-rattssakerheten\/#primaryimage","url":"https:\/\/wp.kristdemokraterna.se\/varnamo\/files\/2022\/08\/kd-logo-blue.png","contentUrl":"https:\/\/wp.kristdemokraterna.se\/varnamo\/files\/2022\/08\/kd-logo-blue.png","width":2000,"height":2000,"caption":"Kristdemokraternas logotyp"},{"@type":"BreadcrumbList","@id":"https:\/\/wp.kristdemokraterna.se\/varnamo\/2002\/08\/19\/poliskrisen-hotar-rattssakerheten\/#breadcrumb","itemListElement":[{"@type":"ListItem","position":1,"name":"Hem","item":"https:\/\/wp.kristdemokraterna.se\/varnamo\/"},{"@type":"ListItem","position":2,"name":"Poliskrisen hotar r\u00e4ttss\u00e4kerheten"}]},{"@type":"WebSite","@id":"https:\/\/wp.kristdemokraterna.se\/varnamo\/#website","url":"https:\/\/wp.kristdemokraterna.se\/varnamo\/","name":"KRISTDEMOKRATERNA V\u00c4RNAMO","description":"Med hj\u00e4rta f\u00f6r V\u00e4rnamo","publisher":{"@id":"https:\/\/wp.kristdemokraterna.se\/varnamo\/#organization"},"inLanguage":"sv-SE"},{"@type":"Organization","@id":"https:\/\/wp.kristdemokraterna.se\/varnamo\/#organization","name":"Kristdemokraterna V\u00e4rnamo","url":"https:\/\/wp.kristdemokraterna.se\/varnamo\/","logo":{"@type":"ImageObject","inLanguage":"sv-SE","@id":"https:\/\/wp.kristdemokraterna.se\/varnamo\/#\/schema\/logo\/image\/","url":"https:\/\/wp.kristdemokraterna.se\/varnamo\/files\/2022\/08\/va\u2560ernamo-sida-bla-300dpi.png","contentUrl":"https:\/\/wp.kristdemokraterna.se\/varnamo\/files\/2022\/08\/va\u2560ernamo-sida-bla-300dpi.png","width":1485,"height":681,"caption":"Kristdemokraterna V\u00e4rnamo"},"image":{"@id":"https:\/\/wp.kristdemokraterna.se\/varnamo\/#\/schema\/logo\/image\/"},"sameAs":["https:\/\/www.facebook.com\/KDVarnamo\/","https:\/\/x.com\/KDVarnamo","https:\/\/www.instagram.com\/","https:\/\/www.youtube.com\/user\/studiokd\/videos"]},{"@type":"Person","@id":"https:\/\/wp.kristdemokraterna.se\/varnamo\/#\/schema\/person\/4e339ab04d613699e4dfe80a994e01d4","name":"Kristdemokraterna V\u00e4rnamo","image":{"@type":"ImageObject","inLanguage":"sv-SE","@id":"https:\/\/secure.gravatar.com\/avatar\/c122e48c7723992af51eb155eeaa93db3c1fa324e3fc6ec45dd712c812809b5b?s=96&r=g","url":"https:\/\/secure.gravatar.com\/avatar\/c122e48c7723992af51eb155eeaa93db3c1fa324e3fc6ec45dd712c812809b5b?s=96&r=g","contentUrl":"https:\/\/secure.gravatar.com\/avatar\/c122e48c7723992af51eb155eeaa93db3c1fa324e3fc6ec45dd712c812809b5b?s=96&r=g","caption":"Kristdemokraterna V\u00e4rnamo"},"description":"Familjens r\u00f6st","sameAs":["http:\/\/www.varnamo.kristdemokraterna.se"],"url":"https:\/\/wp.kristdemokraterna.se\/varnamo\/author\/varnamo\/"}]}},"_links":{"self":[{"href":"https:\/\/wp.kristdemokraterna.se\/varnamo\/wp-json\/wp\/v2\/posts\/2010","targetHints":{"allow":["GET"]}}],"collection":[{"href":"https:\/\/wp.kristdemokraterna.se\/varnamo\/wp-json\/wp\/v2\/posts"}],"about":[{"href":"https:\/\/wp.kristdemokraterna.se\/varnamo\/wp-json\/wp\/v2\/types\/post"}],"author":[{"embeddable":true,"href":"https:\/\/wp.kristdemokraterna.se\/varnamo\/wp-json\/wp\/v2\/users\/412"}],"replies":[{"embeddable":true,"href":"https:\/\/wp.kristdemokraterna.se\/varnamo\/wp-json\/wp\/v2\/comments?post=2010"}],"version-history":[{"count":8,"href":"https:\/\/wp.kristdemokraterna.se\/varnamo\/wp-json\/wp\/v2\/posts\/2010\/revisions"}],"predecessor-version":[{"id":6853,"href":"https:\/\/wp.kristdemokraterna.se\/varnamo\/wp-json\/wp\/v2\/posts\/2010\/revisions\/6853"}],"wp:featuredmedia":[{"embeddable":true,"href":"https:\/\/wp.kristdemokraterna.se\/varnamo\/wp-json\/wp\/v2\/media\/9638"}],"wp:attachment":[{"href":"https:\/\/wp.kristdemokraterna.se\/varnamo\/wp-json\/wp\/v2\/media?parent=2010"}],"wp:term":[{"taxonomy":"category","embeddable":true,"href":"https:\/\/wp.kristdemokraterna.se\/varnamo\/wp-json\/wp\/v2\/categories?post=2010"},{"taxonomy":"post_tag","embeddable":true,"href":"https:\/\/wp.kristdemokraterna.se\/varnamo\/wp-json\/wp\/v2\/tags?post=2010"}],"curies":[{"name":"wp","href":"https:\/\/api.w.org\/{rel}","templated":true}]}}