{"id":2011,"date":"2002-08-27T21:38:00","date_gmt":"2002-08-27T19:38:00","guid":{"rendered":"http:\/\/localhost:4901\/?p=2011"},"modified":"2015-07-12T20:15:51","modified_gmt":"2015-07-12T18:15:51","slug":"plats-att-foda-med-en-bb-garanti","status":"publish","type":"post","link":"https:\/\/wp.kristdemokraterna.se\/varnamo\/2002\/08\/27\/plats-att-foda-med-en-bb-garanti\/","title":{"rendered":"Plats att f\u00f6da med en BB-garanti"},"content":{"rendered":"<div style=\"width: 170px\" class=\"wp-caption alignnone\"><a href=\"http:\/\/wp.kristdemokraterna.se\/varnamo\/files\/2010\/08\/maria_larsson.jpg\"><img loading=\"lazy\" decoding=\"async\" style=\"color: #333333;font-style: normal\" title=\"maria_larsson\" src=\"http:\/\/wp.kristdemokraterna.se\/varnamo\/files\/2010\/08\/maria_larsson.jpg\" alt=\"Maria Larsson, kristdemokratisk riksdagsledamot fr\u00e5n Gnosj\u00f6. (Foto: Kristdemokraterna)\" width=\"160\" height=\"239\" \/><\/a><p class=\"wp-caption-text\">Maria Larsson, kristdemokratisk riksdagsledamot fr\u00e5n Gnosj\u00f6. (Foto: Kristdemokraterna)<\/p><\/div>\n<p>Tisdagen den 27 augusti bes\u00f6kte riksdagsledamoten Maria Larsson, Gnosj\u00f6, OK\/Q8 p\u00e5 Halmstadv\u00e4gen och Kristdemokraternas valstuga p\u00e5 Flanaden. Maria Larsson representerar Kristdemokraterna i Riksdagens arbetsmarknadsutskott. Hon \u00e4r \u00e4ven Kristdemokraternas j\u00e4mst\u00e4lldhetsexpert.<\/p>\n<p><!--more-->Kristdemokraterna <q title=\"Maria Larsson\">vill inf\u00f6ra en BB-garanti. Det \u00e4r skandal att gravida mammor ska beh\u00f6va \u00e4ngslas f\u00f6r att f\u00e5 en plats att f\u00f6da. Det m\u00e5ste finnas rum och s\u00e4ng, inte p\u00e5 h\u00e4rb\u00e4rget, men dock p\u00e5 f\u00f6rlossningskliniken.<\/q> Det sa Maria Larsson, kristdemokratisk riksdagsledamot fr\u00e5n Gnosj\u00f6, n\u00e4r hon p\u00e5 tisdagen bes\u00f6kte V\u00e4rnamo.<\/p>\n<p>Ett\u00a0barn- och familjev\u00e4nligt samh\u00e4lle kr\u00e4ver f\u00f6rb\u00e4ttringar\u00a0p\u00e5 m\u00e5nga omr\u00e5den. Bristen p\u00e5 BB-platser kan p\u00e5verka\u00a0viljan att f\u00f6da barn. Varje blivande mamma och pappa ska kunna k\u00e4nna\u00a0trygghet i att f\u00e5 en bra m\u00f6dra- och f\u00f6rlossningsv\u00e5rd.<\/p>\n<p>Kristdemokraternas BB-garanti omfattar f\u00f6r det f\u00f6rsta en platsgaranti, som inneb\u00e4r att kvinnan fr\u00e5n den f\u00f6rsta kontakten med MVC, under f\u00f6rlossningen och efterv\u00e5rden \u00e4r garanterad plats och st\u00f6d av en barnmorska.<\/p>\n<p>Den andra delen i BB-garantin best\u00e5r av en f\u00f6rlossningspeng som inneb\u00e4r att man som f\u00f6r\u00e4lder garanteras valfrihet och delaktighet. Att sj\u00e4lv f\u00e5 v\u00e4lja var man vill f\u00e5 m\u00f6drav\u00e5rd och f\u00f6da \u00e4r viktigt. Genom en f\u00f6rlossningspeng s\u00e4kerst\u00e4lls det egna valet och det ger f\u00f6rlossningsklinikerna b\u00e4ttre m\u00f6jlighet att planera sin verksamhet.<\/p>\n<p>Kristdemokraterna anser att de sm\u00e5 f\u00f6rlossningsklinikerna b\u00f6r beh\u00e5llas och v\u00e4rnas. Det \u00e4r viktigt att en v\u00e4l fungerande verksamhet som den p\u00e5 BB i V\u00e4rnamo f\u00e5r forts\u00e4tta att utvecklas, avslutar Maria Larsson.<\/p>\n","protected":false},"excerpt":{"rendered":"<p>Tisdagen den 27 augusti bes\u00f6kte riksdagsledamoten Maria Larsson, Gnosj\u00f6, OK\/Q8 p\u00e5 Halmstadv\u00e4gen och Kristdemokraternas valstuga p\u00e5 Flanaden. Maria Larsson representerar Kristdemokraterna i Riksdagens arbetsmarknadsutskott. Hon \u00e4r \u00e4ven Kristdemokraternas j\u00e4mst\u00e4lldhetsexpert.<\/p>\n","protected":false},"author":412,"featured_media":9638,"comment_status":"closed","ping_status":"closed","sticky":false,"template":"","format":"standard","meta":{"_acf_changed":false,"footnotes":""},"categories":[11],"tags":[238,239,198,68,46,145,62],"class_list":["post-2011","post","type-post","status-publish","format-standard","hentry","category-nyheter","tag-bb-garanti","tag-delaktighet","tag-jamstalldhet","tag-maria-larsson","tag-riksdagsledamot","tag-valfrihet","tag-valrorelse"],"acf":[],"yoast_head":"<!-- This site is optimized with the Yoast SEO plugin v27.4 - https:\/\/yoast.com\/product\/yoast-seo-wordpress\/ -->\n<title>Plats att f\u00f6da med en BB-garanti - KRISTDEMOKRATERNA V\u00c4RNAMO<\/title>\n<meta name=\"robots\" content=\"index, follow, max-snippet:-1, max-image-preview:large, max-video-preview:-1\" \/>\n<link rel=\"canonical\" href=\"https:\/\/wp.kristdemokraterna.se\/varnamo\/2002\/08\/27\/plats-att-foda-med-en-bb-garanti\/\" \/>\n<meta property=\"og:locale\" content=\"sv_SE\" \/>\n<meta property=\"og:type\" content=\"article\" \/>\n<meta property=\"og:title\" content=\"Plats att f\u00f6da med en BB-garanti - KRISTDEMOKRATERNA V\u00c4RNAMO\" \/>\n<meta property=\"og:description\" content=\"Tisdagen den 27 augusti bes\u00f6kte riksdagsledamoten Maria Larsson, Gnosj\u00f6, OK\/Q8 p\u00e5 Halmstadv\u00e4gen och Kristdemokraternas valstuga p\u00e5 Flanaden. Maria Larsson representerar Kristdemokraterna i Riksdagens arbetsmarknadsutskott. Hon \u00e4r \u00e4ven Kristdemokraternas j\u00e4mst\u00e4lldhetsexpert.\" \/>\n<meta property=\"og:url\" content=\"https:\/\/wp.kristdemokraterna.se\/varnamo\/2002\/08\/27\/plats-att-foda-med-en-bb-garanti\/\" \/>\n<meta property=\"og:site_name\" content=\"KRISTDEMOKRATERNA V\u00c4RNAMO\" \/>\n<meta property=\"article:publisher\" content=\"https:\/\/www.facebook.com\/KDVarnamo\/\" \/>\n<meta property=\"article:published_time\" content=\"2002-08-27T19:38:00+00:00\" \/>\n<meta property=\"article:modified_time\" content=\"2015-07-12T18:15:51+00:00\" \/>\n<meta property=\"og:image\" content=\"http:\/\/wp.kristdemokraterna.se\/varnamo\/files\/2010\/08\/maria_larsson.jpg\" \/>\n<meta name=\"author\" content=\"Kristdemokraterna V\u00e4rnamo\" \/>\n<meta name=\"twitter:card\" content=\"summary_large_image\" \/>\n<meta name=\"twitter:creator\" content=\"@KDVarnamo\" \/>\n<meta name=\"twitter:site\" content=\"@KDVarnamo\" \/>\n<meta name=\"twitter:label1\" content=\"Skriven av\" \/>\n\t<meta name=\"twitter:data1\" content=\"Kristdemokraterna V\u00e4rnamo\" \/>\n\t<meta name=\"twitter:label2\" content=\"Ber\u00e4knad l\u00e4stid\" \/>\n\t<meta name=\"twitter:data2\" content=\"2 minuter\" \/>\n<script type=\"application\/ld+json\" class=\"yoast-schema-graph\">{\"@context\":\"https:\\\/\\\/schema.org\",\"@graph\":[{\"@type\":\"Article\",\"@id\":\"https:\\\/\\\/wp.kristdemokraterna.se\\\/varnamo\\\/2002\\\/08\\\/27\\\/plats-att-foda-med-en-bb-garanti\\\/#article\",\"isPartOf\":{\"@id\":\"https:\\\/\\\/wp.kristdemokraterna.se\\\/varnamo\\\/2002\\\/08\\\/27\\\/plats-att-foda-med-en-bb-garanti\\\/\"},\"author\":{\"name\":\"Kristdemokraterna V\u00e4rnamo\",\"@id\":\"https:\\\/\\\/wp.kristdemokraterna.se\\\/varnamo\\\/#\\\/schema\\\/person\\\/4e339ab04d613699e4dfe80a994e01d4\"},\"headline\":\"Plats att f\u00f6da med en BB-garanti\",\"datePublished\":\"2002-08-27T19:38:00+00:00\",\"dateModified\":\"2015-07-12T18:15:51+00:00\",\"mainEntityOfPage\":{\"@id\":\"https:\\\/\\\/wp.kristdemokraterna.se\\\/varnamo\\\/2002\\\/08\\\/27\\\/plats-att-foda-med-en-bb-garanti\\\/\"},\"wordCount\":307,\"publisher\":{\"@id\":\"https:\\\/\\\/wp.kristdemokraterna.se\\\/varnamo\\\/#organization\"},\"image\":{\"@id\":\"https:\\\/\\\/wp.kristdemokraterna.se\\\/varnamo\\\/2002\\\/08\\\/27\\\/plats-att-foda-med-en-bb-garanti\\\/#primaryimage\"},\"thumbnailUrl\":\"https:\\\/\\\/wp.kristdemokraterna.se\\\/varnamo\\\/files\\\/2022\\\/08\\\/kd-logo-blue.png\",\"keywords\":[\"BB-garanti\",\"delaktighet\",\"j\u00e4mst\u00e4lldhet\",\"Maria Larsson\",\"riksdagsledamot\",\"valfrihet\",\"valr\u00f6relse\"],\"articleSection\":[\"Nyheter\"],\"inLanguage\":\"sv-SE\"},{\"@type\":\"WebPage\",\"@id\":\"https:\\\/\\\/wp.kristdemokraterna.se\\\/varnamo\\\/2002\\\/08\\\/27\\\/plats-att-foda-med-en-bb-garanti\\\/\",\"url\":\"https:\\\/\\\/wp.kristdemokraterna.se\\\/varnamo\\\/2002\\\/08\\\/27\\\/plats-att-foda-med-en-bb-garanti\\\/\",\"name\":\"Plats att f\u00f6da med en BB-garanti - KRISTDEMOKRATERNA V\u00c4RNAMO\",\"isPartOf\":{\"@id\":\"https:\\\/\\\/wp.kristdemokraterna.se\\\/varnamo\\\/#website\"},\"primaryImageOfPage\":{\"@id\":\"https:\\\/\\\/wp.kristdemokraterna.se\\\/varnamo\\\/2002\\\/08\\\/27\\\/plats-att-foda-med-en-bb-garanti\\\/#primaryimage\"},\"image\":{\"@id\":\"https:\\\/\\\/wp.kristdemokraterna.se\\\/varnamo\\\/2002\\\/08\\\/27\\\/plats-att-foda-med-en-bb-garanti\\\/#primaryimage\"},\"thumbnailUrl\":\"https:\\\/\\\/wp.kristdemokraterna.se\\\/varnamo\\\/files\\\/2022\\\/08\\\/kd-logo-blue.png\",\"datePublished\":\"2002-08-27T19:38:00+00:00\",\"dateModified\":\"2015-07-12T18:15:51+00:00\",\"breadcrumb\":{\"@id\":\"https:\\\/\\\/wp.kristdemokraterna.se\\\/varnamo\\\/2002\\\/08\\\/27\\\/plats-att-foda-med-en-bb-garanti\\\/#breadcrumb\"},\"inLanguage\":\"sv-SE\",\"potentialAction\":[{\"@type\":\"ReadAction\",\"target\":[\"https:\\\/\\\/wp.kristdemokraterna.se\\\/varnamo\\\/2002\\\/08\\\/27\\\/plats-att-foda-med-en-bb-garanti\\\/\"]}]},{\"@type\":\"ImageObject\",\"inLanguage\":\"sv-SE\",\"@id\":\"https:\\\/\\\/wp.kristdemokraterna.se\\\/varnamo\\\/2002\\\/08\\\/27\\\/plats-att-foda-med-en-bb-garanti\\\/#primaryimage\",\"url\":\"https:\\\/\\\/wp.kristdemokraterna.se\\\/varnamo\\\/files\\\/2022\\\/08\\\/kd-logo-blue.png\",\"contentUrl\":\"https:\\\/\\\/wp.kristdemokraterna.se\\\/varnamo\\\/files\\\/2022\\\/08\\\/kd-logo-blue.png\",\"width\":2000,\"height\":2000,\"caption\":\"Kristdemokraternas logotyp\"},{\"@type\":\"BreadcrumbList\",\"@id\":\"https:\\\/\\\/wp.kristdemokraterna.se\\\/varnamo\\\/2002\\\/08\\\/27\\\/plats-att-foda-med-en-bb-garanti\\\/#breadcrumb\",\"itemListElement\":[{\"@type\":\"ListItem\",\"position\":1,\"name\":\"Hem\",\"item\":\"https:\\\/\\\/wp.kristdemokraterna.se\\\/varnamo\\\/\"},{\"@type\":\"ListItem\",\"position\":2,\"name\":\"Plats att f\u00f6da med en BB-garanti\"}]},{\"@type\":\"WebSite\",\"@id\":\"https:\\\/\\\/wp.kristdemokraterna.se\\\/varnamo\\\/#website\",\"url\":\"https:\\\/\\\/wp.kristdemokraterna.se\\\/varnamo\\\/\",\"name\":\"KRISTDEMOKRATERNA V\u00c4RNAMO\",\"description\":\"Med hj\u00e4rta f\u00f6r V\u00e4rnamo\",\"publisher\":{\"@id\":\"https:\\\/\\\/wp.kristdemokraterna.se\\\/varnamo\\\/#organization\"},\"inLanguage\":\"sv-SE\"},{\"@type\":\"Organization\",\"@id\":\"https:\\\/\\\/wp.kristdemokraterna.se\\\/varnamo\\\/#organization\",\"name\":\"Kristdemokraterna V\u00e4rnamo\",\"url\":\"https:\\\/\\\/wp.kristdemokraterna.se\\\/varnamo\\\/\",\"logo\":{\"@type\":\"ImageObject\",\"inLanguage\":\"sv-SE\",\"@id\":\"https:\\\/\\\/wp.kristdemokraterna.se\\\/varnamo\\\/#\\\/schema\\\/logo\\\/image\\\/\",\"url\":\"https:\\\/\\\/wp.kristdemokraterna.se\\\/varnamo\\\/files\\\/2022\\\/08\\\/va\u2560ernamo-sida-bla-300dpi.png\",\"contentUrl\":\"https:\\\/\\\/wp.kristdemokraterna.se\\\/varnamo\\\/files\\\/2022\\\/08\\\/va\u2560ernamo-sida-bla-300dpi.png\",\"width\":1485,\"height\":681,\"caption\":\"Kristdemokraterna V\u00e4rnamo\"},\"image\":{\"@id\":\"https:\\\/\\\/wp.kristdemokraterna.se\\\/varnamo\\\/#\\\/schema\\\/logo\\\/image\\\/\"},\"sameAs\":[\"https:\\\/\\\/www.facebook.com\\\/KDVarnamo\\\/\",\"https:\\\/\\\/x.com\\\/KDVarnamo\",\"https:\\\/\\\/www.instagram.com\\\/\",\"https:\\\/\\\/www.youtube.com\\\/user\\\/studiokd\\\/videos\"]},{\"@type\":\"Person\",\"@id\":\"https:\\\/\\\/wp.kristdemokraterna.se\\\/varnamo\\\/#\\\/schema\\\/person\\\/4e339ab04d613699e4dfe80a994e01d4\",\"name\":\"Kristdemokraterna V\u00e4rnamo\",\"image\":{\"@type\":\"ImageObject\",\"inLanguage\":\"sv-SE\",\"@id\":\"https:\\\/\\\/secure.gravatar.com\\\/avatar\\\/c122e48c7723992af51eb155eeaa93db3c1fa324e3fc6ec45dd712c812809b5b?s=96&r=g\",\"url\":\"https:\\\/\\\/secure.gravatar.com\\\/avatar\\\/c122e48c7723992af51eb155eeaa93db3c1fa324e3fc6ec45dd712c812809b5b?s=96&r=g\",\"contentUrl\":\"https:\\\/\\\/secure.gravatar.com\\\/avatar\\\/c122e48c7723992af51eb155eeaa93db3c1fa324e3fc6ec45dd712c812809b5b?s=96&r=g\",\"caption\":\"Kristdemokraterna V\u00e4rnamo\"},\"description\":\"Familjens r\u00f6st\",\"sameAs\":[\"http:\\\/\\\/www.varnamo.kristdemokraterna.se\"],\"url\":\"https:\\\/\\\/wp.kristdemokraterna.se\\\/varnamo\\\/author\\\/varnamo\\\/\"}]}<\/script>\n<!-- \/ Yoast SEO plugin. -->","yoast_head_json":{"title":"Plats att f\u00f6da med en BB-garanti - KRISTDEMOKRATERNA V\u00c4RNAMO","robots":{"index":"index","follow":"follow","max-snippet":"max-snippet:-1","max-image-preview":"max-image-preview:large","max-video-preview":"max-video-preview:-1"},"canonical":"https:\/\/wp.kristdemokraterna.se\/varnamo\/2002\/08\/27\/plats-att-foda-med-en-bb-garanti\/","og_locale":"sv_SE","og_type":"article","og_title":"Plats att f\u00f6da med en BB-garanti - KRISTDEMOKRATERNA V\u00c4RNAMO","og_description":"Tisdagen den 27 augusti bes\u00f6kte riksdagsledamoten Maria Larsson, Gnosj\u00f6, OK\/Q8 p\u00e5 Halmstadv\u00e4gen och Kristdemokraternas valstuga p\u00e5 Flanaden. Maria Larsson representerar Kristdemokraterna i Riksdagens arbetsmarknadsutskott. Hon \u00e4r \u00e4ven Kristdemokraternas j\u00e4mst\u00e4lldhetsexpert.","og_url":"https:\/\/wp.kristdemokraterna.se\/varnamo\/2002\/08\/27\/plats-att-foda-med-en-bb-garanti\/","og_site_name":"KRISTDEMOKRATERNA V\u00c4RNAMO","article_publisher":"https:\/\/www.facebook.com\/KDVarnamo\/","article_published_time":"2002-08-27T19:38:00+00:00","article_modified_time":"2015-07-12T18:15:51+00:00","og_image":[{"url":"http:\/\/wp.kristdemokraterna.se\/varnamo\/files\/2010\/08\/maria_larsson.jpg","type":"","width":"","height":""}],"author":"Kristdemokraterna V\u00e4rnamo","twitter_card":"summary_large_image","twitter_creator":"@KDVarnamo","twitter_site":"@KDVarnamo","twitter_misc":{"Skriven av":"Kristdemokraterna V\u00e4rnamo","Ber\u00e4knad l\u00e4stid":"2 minuter"},"schema":{"@context":"https:\/\/schema.org","@graph":[{"@type":"Article","@id":"https:\/\/wp.kristdemokraterna.se\/varnamo\/2002\/08\/27\/plats-att-foda-med-en-bb-garanti\/#article","isPartOf":{"@id":"https:\/\/wp.kristdemokraterna.se\/varnamo\/2002\/08\/27\/plats-att-foda-med-en-bb-garanti\/"},"author":{"name":"Kristdemokraterna V\u00e4rnamo","@id":"https:\/\/wp.kristdemokraterna.se\/varnamo\/#\/schema\/person\/4e339ab04d613699e4dfe80a994e01d4"},"headline":"Plats att f\u00f6da med en BB-garanti","datePublished":"2002-08-27T19:38:00+00:00","dateModified":"2015-07-12T18:15:51+00:00","mainEntityOfPage":{"@id":"https:\/\/wp.kristdemokraterna.se\/varnamo\/2002\/08\/27\/plats-att-foda-med-en-bb-garanti\/"},"wordCount":307,"publisher":{"@id":"https:\/\/wp.kristdemokraterna.se\/varnamo\/#organization"},"image":{"@id":"https:\/\/wp.kristdemokraterna.se\/varnamo\/2002\/08\/27\/plats-att-foda-med-en-bb-garanti\/#primaryimage"},"thumbnailUrl":"https:\/\/wp.kristdemokraterna.se\/varnamo\/files\/2022\/08\/kd-logo-blue.png","keywords":["BB-garanti","delaktighet","j\u00e4mst\u00e4lldhet","Maria Larsson","riksdagsledamot","valfrihet","valr\u00f6relse"],"articleSection":["Nyheter"],"inLanguage":"sv-SE"},{"@type":"WebPage","@id":"https:\/\/wp.kristdemokraterna.se\/varnamo\/2002\/08\/27\/plats-att-foda-med-en-bb-garanti\/","url":"https:\/\/wp.kristdemokraterna.se\/varnamo\/2002\/08\/27\/plats-att-foda-med-en-bb-garanti\/","name":"Plats att f\u00f6da med en BB-garanti - KRISTDEMOKRATERNA V\u00c4RNAMO","isPartOf":{"@id":"https:\/\/wp.kristdemokraterna.se\/varnamo\/#website"},"primaryImageOfPage":{"@id":"https:\/\/wp.kristdemokraterna.se\/varnamo\/2002\/08\/27\/plats-att-foda-med-en-bb-garanti\/#primaryimage"},"image":{"@id":"https:\/\/wp.kristdemokraterna.se\/varnamo\/2002\/08\/27\/plats-att-foda-med-en-bb-garanti\/#primaryimage"},"thumbnailUrl":"https:\/\/wp.kristdemokraterna.se\/varnamo\/files\/2022\/08\/kd-logo-blue.png","datePublished":"2002-08-27T19:38:00+00:00","dateModified":"2015-07-12T18:15:51+00:00","breadcrumb":{"@id":"https:\/\/wp.kristdemokraterna.se\/varnamo\/2002\/08\/27\/plats-att-foda-med-en-bb-garanti\/#breadcrumb"},"inLanguage":"sv-SE","potentialAction":[{"@type":"ReadAction","target":["https:\/\/wp.kristdemokraterna.se\/varnamo\/2002\/08\/27\/plats-att-foda-med-en-bb-garanti\/"]}]},{"@type":"ImageObject","inLanguage":"sv-SE","@id":"https:\/\/wp.kristdemokraterna.se\/varnamo\/2002\/08\/27\/plats-att-foda-med-en-bb-garanti\/#primaryimage","url":"https:\/\/wp.kristdemokraterna.se\/varnamo\/files\/2022\/08\/kd-logo-blue.png","contentUrl":"https:\/\/wp.kristdemokraterna.se\/varnamo\/files\/2022\/08\/kd-logo-blue.png","width":2000,"height":2000,"caption":"Kristdemokraternas logotyp"},{"@type":"BreadcrumbList","@id":"https:\/\/wp.kristdemokraterna.se\/varnamo\/2002\/08\/27\/plats-att-foda-med-en-bb-garanti\/#breadcrumb","itemListElement":[{"@type":"ListItem","position":1,"name":"Hem","item":"https:\/\/wp.kristdemokraterna.se\/varnamo\/"},{"@type":"ListItem","position":2,"name":"Plats att f\u00f6da med en BB-garanti"}]},{"@type":"WebSite","@id":"https:\/\/wp.kristdemokraterna.se\/varnamo\/#website","url":"https:\/\/wp.kristdemokraterna.se\/varnamo\/","name":"KRISTDEMOKRATERNA V\u00c4RNAMO","description":"Med hj\u00e4rta f\u00f6r V\u00e4rnamo","publisher":{"@id":"https:\/\/wp.kristdemokraterna.se\/varnamo\/#organization"},"inLanguage":"sv-SE"},{"@type":"Organization","@id":"https:\/\/wp.kristdemokraterna.se\/varnamo\/#organization","name":"Kristdemokraterna V\u00e4rnamo","url":"https:\/\/wp.kristdemokraterna.se\/varnamo\/","logo":{"@type":"ImageObject","inLanguage":"sv-SE","@id":"https:\/\/wp.kristdemokraterna.se\/varnamo\/#\/schema\/logo\/image\/","url":"https:\/\/wp.kristdemokraterna.se\/varnamo\/files\/2022\/08\/va\u2560ernamo-sida-bla-300dpi.png","contentUrl":"https:\/\/wp.kristdemokraterna.se\/varnamo\/files\/2022\/08\/va\u2560ernamo-sida-bla-300dpi.png","width":1485,"height":681,"caption":"Kristdemokraterna V\u00e4rnamo"},"image":{"@id":"https:\/\/wp.kristdemokraterna.se\/varnamo\/#\/schema\/logo\/image\/"},"sameAs":["https:\/\/www.facebook.com\/KDVarnamo\/","https:\/\/x.com\/KDVarnamo","https:\/\/www.instagram.com\/","https:\/\/www.youtube.com\/user\/studiokd\/videos"]},{"@type":"Person","@id":"https:\/\/wp.kristdemokraterna.se\/varnamo\/#\/schema\/person\/4e339ab04d613699e4dfe80a994e01d4","name":"Kristdemokraterna V\u00e4rnamo","image":{"@type":"ImageObject","inLanguage":"sv-SE","@id":"https:\/\/secure.gravatar.com\/avatar\/c122e48c7723992af51eb155eeaa93db3c1fa324e3fc6ec45dd712c812809b5b?s=96&r=g","url":"https:\/\/secure.gravatar.com\/avatar\/c122e48c7723992af51eb155eeaa93db3c1fa324e3fc6ec45dd712c812809b5b?s=96&r=g","contentUrl":"https:\/\/secure.gravatar.com\/avatar\/c122e48c7723992af51eb155eeaa93db3c1fa324e3fc6ec45dd712c812809b5b?s=96&r=g","caption":"Kristdemokraterna V\u00e4rnamo"},"description":"Familjens r\u00f6st","sameAs":["http:\/\/www.varnamo.kristdemokraterna.se"],"url":"https:\/\/wp.kristdemokraterna.se\/varnamo\/author\/varnamo\/"}]}},"_links":{"self":[{"href":"https:\/\/wp.kristdemokraterna.se\/varnamo\/wp-json\/wp\/v2\/posts\/2011","targetHints":{"allow":["GET"]}}],"collection":[{"href":"https:\/\/wp.kristdemokraterna.se\/varnamo\/wp-json\/wp\/v2\/posts"}],"about":[{"href":"https:\/\/wp.kristdemokraterna.se\/varnamo\/wp-json\/wp\/v2\/types\/post"}],"author":[{"embeddable":true,"href":"https:\/\/wp.kristdemokraterna.se\/varnamo\/wp-json\/wp\/v2\/users\/412"}],"replies":[{"embeddable":true,"href":"https:\/\/wp.kristdemokraterna.se\/varnamo\/wp-json\/wp\/v2\/comments?post=2011"}],"version-history":[{"count":5,"href":"https:\/\/wp.kristdemokraterna.se\/varnamo\/wp-json\/wp\/v2\/posts\/2011\/revisions"}],"predecessor-version":[{"id":6847,"href":"https:\/\/wp.kristdemokraterna.se\/varnamo\/wp-json\/wp\/v2\/posts\/2011\/revisions\/6847"}],"wp:featuredmedia":[{"embeddable":true,"href":"https:\/\/wp.kristdemokraterna.se\/varnamo\/wp-json\/wp\/v2\/media\/9638"}],"wp:attachment":[{"href":"https:\/\/wp.kristdemokraterna.se\/varnamo\/wp-json\/wp\/v2\/media?parent=2011"}],"wp:term":[{"taxonomy":"category","embeddable":true,"href":"https:\/\/wp.kristdemokraterna.se\/varnamo\/wp-json\/wp\/v2\/categories?post=2011"},{"taxonomy":"post_tag","embeddable":true,"href":"https:\/\/wp.kristdemokraterna.se\/varnamo\/wp-json\/wp\/v2\/tags?post=2011"}],"curies":[{"name":"wp","href":"https:\/\/api.w.org\/{rel}","templated":true}]}}