{"id":2012,"date":"2002-08-29T21:38:00","date_gmt":"2002-08-29T19:38:00","guid":{"rendered":"http:\/\/localhost:4901\/?p=2012"},"modified":"2015-07-12T20:15:12","modified_gmt":"2015-07-12T18:15:12","slug":"vardgaranti-att-lita-pa","status":"publish","type":"post","link":"https:\/\/wp.kristdemokraterna.se\/varnamo\/2002\/08\/29\/vardgaranti-att-lita-pa\/","title":{"rendered":"V\u00e5rdgaranti att lita p\u00e5"},"content":{"rendered":"<div style=\"width: 160px\" class=\"wp-caption alignnone\"><a href=\"http:\/\/wp.kristdemokraterna.se\/varnamo\/files\/2010\/08\/stig_nyman.jpg\"><img loading=\"lazy\" decoding=\"async\" title=\"stig_nyman\" src=\"http:\/\/wp.kristdemokraterna.se\/varnamo\/files\/2010\/08\/stig_nyman.jpg\" alt=\"Stig Nyman, kristdemokratiskt sjukv\u00e5rdslandstingsr\u00e5d fr\u00e5n Stockholm. (Foto: Kristdemokraterna)\" width=\"150\" height=\"173\" \/><\/a><p class=\"wp-caption-text\">Stig Nyman, kristdemokratiskt sjukv\u00e5rdslandstingsr\u00e5d fr\u00e5n Stockholm. (Foto: Kristdemokraterna)<\/p><\/div>\n<p>Torsdagen den 29 augusti bes\u00f6kte sjukv\u00e5rdslandstingsr\u00e5det Stig Nyman, Stockholm, V\u00e4rnamo sjukhus och Kristdemokraternas valstuga p\u00e5 Flanaden. Stig Nyman \u00e4r landstingsr\u00e5d i Stockholms l\u00e4ns landsting och ansvarig f\u00f6r sjukv\u00e5rden. Han \u00e4r vidare ordf\u00f6rande i Kristdemokraternas Seniorf\u00f6rbund.<\/p>\n<p><!--more--><q title=\"Stig Nyman\">Socialdemokraterna vacklar nu ang\u00e5ende l\u00f6ftet om en v\u00e5rdgaranti. Socialminister Lars Engqvist har utlovat en v\u00e5rdgaranti fr\u00e5n och med 2003 \u2013 men nu st\u00e4ller statsminister G\u00f6ran Persson upp ett antal f\u00f6rbeh\u00e5ll. I Stockholms l\u00e4n kan patienterna k\u00e4nna trygghet i att v\u00e5rdgarantin redan finns \u2013 och kommer att finnas kvar s\u00e5 l\u00e4nge Kristdemokraterna styr.<\/q> Det sade Stig Nyman, kristdemokratiskt sjukv\u00e5rdslandstingsr\u00e5d, n\u00e4r han bes\u00f6kte V\u00e4rnamo p\u00e5 torsdagen.<\/p>\n<p>Socialdemokraternas\u00a0l\u00f6fte i b\u00f6rjan av veckan skulle inneb\u00e4ra 20 miljarder kronor\u00a0i tillskott till v\u00e5rden. En dag senare hade den summan justerats till\u00a010 miljarder kronor. Min gissning \u00e4r att det blir med det l\u00f6ftet\u00a0som det blivit med andra l\u00f6ften de fyra senaste \u00e5ren \u2013 l\u00f6ftespaketet\u00a0blir tomt prat.<\/p>\n<p>F\u00f6r oss kristdemokrater \u00e4r det en sj\u00e4lvklarhet att det ska finnas en v\u00e5rdgaranti man kan lita p\u00e5. F\u00f6r \u00e4ldre och handikappade \u00e4r v\u00e5rdgarantin ett mycket viktigt instrument f\u00f6r att man ska kunna k\u00e4nna trygghet i att v\u00e5rden ska ges i tid, avslutade Stig Nyman (kd) sitt uttalande.<\/p>\n<h1>Sanningen om Stockholm<\/h1>\n<p>L\u00e4s mer om den politik som Kristdemokraterna har f\u00f6rt i Stockholms\u00a0l\u00e4ns landsting och Stockholms stad och j\u00e4mf\u00f6r det med den\u00a0politik som Socialdemokraterna f\u00f6rde tidigare:<\/p>\n<p><a title=\"Sanningen om Stockholms l\u00e4ns landsting\" href=\"http:\/\/wp.kristdemokraterna.se\/varnamo\/files\/2010\/08\/sanningenomsll.pdf\"><img loading=\"lazy\" decoding=\"async\" class=\"objekt_vanster\" src=\"http:\/\/wp.kristdemokraterna.se\/varnamo\/files\/2010\/08\/pdficon.gif\" alt=\"pdf, Adobe\" width=\"32\" height=\"32\" \/><\/a>\u00a0<span class=\"enrad\">[<a title=\"Sanningen om Stockholms l\u00e4ns landsting\" href=\"http:\/\/wp.kristdemokraterna.se\/varnamo\/files\/2010\/08\/sanningenomsll.pdf\" target=\"_blank\">Sanningen\u00a0om Stockholms l\u00e4ns landsting<\/a>]<\/span><\/p>\n<p><a title=\"Sanningen om Stockholms stad\" href=\"http:\/\/wp.kristdemokraterna.se\/varnamo\/files\/2010\/08\/sanningenomsll.pdf\"><img loading=\"lazy\" decoding=\"async\" class=\"objekt_vanster\" src=\"http:\/\/wp.kristdemokraterna.se\/varnamo\/files\/2010\/08\/pdficon.gif\" alt=\"pdf, Adobe\" width=\"32\" height=\"32\" \/><\/a>\u00a0<span class=\"enrad\">[<a title=\"Sanningen om Stockholms stad\" href=\"http:\/\/wp.kristdemokraterna.se\/varnamo\/files\/2010\/08\/sanningenomstadshuset.pdf\" target=\"_blank\">Sanningen\u00a0om Stockholms stad<\/a>]<\/span><\/p>\n<p><span class=\"enrad\">[<a title=\"Kristdemokraternas hemsida i Stockholm\" href=\"http:\/\/www.stockholm.kristdemokraterna.se\" target=\"_blank\">Kristdemokraternas\u00a0hemsida i Stockholm<\/a>]<\/span><\/p>\n","protected":false},"excerpt":{"rendered":"<p>Torsdagen den 29 augusti bes\u00f6kte sjukv\u00e5rdslandstingsr\u00e5det Stig Nyman, Stockholm, V\u00e4rnamo sjukhus och Kristdemokraternas valstuga p\u00e5 Flanaden. Stig Nyman \u00e4r landstingsr\u00e5d i Stockholms l\u00e4ns landsting och ansvarig f\u00f6r sjukv\u00e5rden. Han \u00e4r vidare ordf\u00f6rande i Kristdemokraternas Seniorf\u00f6rbund.<\/p>\n","protected":false},"author":412,"featured_media":9638,"comment_status":"closed","ping_status":"closed","sticky":false,"template":"","format":"standard","meta":{"_acf_changed":false,"footnotes":""},"categories":[11],"tags":[32,315,47,176,312,313,177,62,314],"class_list":["post-2012","post","type-post","status-publish","format-standard","hentry","category-nyheter","tag-aldre","tag-funktionshinder","tag-landstingsrad","tag-seniorforbundet","tag-stig-nyman","tag-stockholm","tag-trygghet","tag-valrorelse","tag-vardgaranti"],"acf":[],"yoast_head":"<!-- This site is optimized with the Yoast SEO plugin v27.4 - https:\/\/yoast.com\/product\/yoast-seo-wordpress\/ -->\n<title>V\u00e5rdgaranti att lita p\u00e5 - KRISTDEMOKRATERNA V\u00c4RNAMO<\/title>\n<meta name=\"robots\" content=\"index, follow, max-snippet:-1, max-image-preview:large, max-video-preview:-1\" \/>\n<link rel=\"canonical\" href=\"https:\/\/wp.kristdemokraterna.se\/varnamo\/2002\/08\/29\/vardgaranti-att-lita-pa\/\" \/>\n<meta property=\"og:locale\" content=\"sv_SE\" \/>\n<meta property=\"og:type\" content=\"article\" \/>\n<meta property=\"og:title\" content=\"V\u00e5rdgaranti att lita p\u00e5 - KRISTDEMOKRATERNA V\u00c4RNAMO\" \/>\n<meta property=\"og:description\" content=\"Torsdagen den 29 augusti bes\u00f6kte sjukv\u00e5rdslandstingsr\u00e5det Stig Nyman, Stockholm, V\u00e4rnamo sjukhus och Kristdemokraternas valstuga p\u00e5 Flanaden. Stig Nyman \u00e4r landstingsr\u00e5d i Stockholms l\u00e4ns landsting och ansvarig f\u00f6r sjukv\u00e5rden. Han \u00e4r vidare ordf\u00f6rande i Kristdemokraternas Seniorf\u00f6rbund.\" \/>\n<meta property=\"og:url\" content=\"https:\/\/wp.kristdemokraterna.se\/varnamo\/2002\/08\/29\/vardgaranti-att-lita-pa\/\" \/>\n<meta property=\"og:site_name\" content=\"KRISTDEMOKRATERNA V\u00c4RNAMO\" \/>\n<meta property=\"article:publisher\" content=\"https:\/\/www.facebook.com\/KDVarnamo\/\" \/>\n<meta property=\"article:published_time\" content=\"2002-08-29T19:38:00+00:00\" \/>\n<meta property=\"article:modified_time\" content=\"2015-07-12T18:15:12+00:00\" \/>\n<meta property=\"og:image\" content=\"http:\/\/wp.kristdemokraterna.se\/varnamo\/files\/2010\/08\/stig_nyman.jpg\" \/>\n<meta name=\"author\" content=\"Kristdemokraterna V\u00e4rnamo\" \/>\n<meta name=\"twitter:card\" content=\"summary_large_image\" \/>\n<meta name=\"twitter:creator\" content=\"@KDVarnamo\" \/>\n<meta name=\"twitter:site\" content=\"@KDVarnamo\" \/>\n<meta name=\"twitter:label1\" content=\"Skriven av\" \/>\n\t<meta name=\"twitter:data1\" content=\"Kristdemokraterna V\u00e4rnamo\" \/>\n\t<meta name=\"twitter:label2\" content=\"Ber\u00e4knad l\u00e4stid\" \/>\n\t<meta name=\"twitter:data2\" content=\"1 minut\" \/>\n<script type=\"application\/ld+json\" class=\"yoast-schema-graph\">{\"@context\":\"https:\\\/\\\/schema.org\",\"@graph\":[{\"@type\":\"Article\",\"@id\":\"https:\\\/\\\/wp.kristdemokraterna.se\\\/varnamo\\\/2002\\\/08\\\/29\\\/vardgaranti-att-lita-pa\\\/#article\",\"isPartOf\":{\"@id\":\"https:\\\/\\\/wp.kristdemokraterna.se\\\/varnamo\\\/2002\\\/08\\\/29\\\/vardgaranti-att-lita-pa\\\/\"},\"author\":{\"name\":\"Kristdemokraterna V\u00e4rnamo\",\"@id\":\"https:\\\/\\\/wp.kristdemokraterna.se\\\/varnamo\\\/#\\\/schema\\\/person\\\/4e339ab04d613699e4dfe80a994e01d4\"},\"headline\":\"V\u00e5rdgaranti att lita p\u00e5\",\"datePublished\":\"2002-08-29T19:38:00+00:00\",\"dateModified\":\"2015-07-12T18:15:12+00:00\",\"mainEntityOfPage\":{\"@id\":\"https:\\\/\\\/wp.kristdemokraterna.se\\\/varnamo\\\/2002\\\/08\\\/29\\\/vardgaranti-att-lita-pa\\\/\"},\"wordCount\":303,\"publisher\":{\"@id\":\"https:\\\/\\\/wp.kristdemokraterna.se\\\/varnamo\\\/#organization\"},\"image\":{\"@id\":\"https:\\\/\\\/wp.kristdemokraterna.se\\\/varnamo\\\/2002\\\/08\\\/29\\\/vardgaranti-att-lita-pa\\\/#primaryimage\"},\"thumbnailUrl\":\"https:\\\/\\\/wp.kristdemokraterna.se\\\/varnamo\\\/files\\\/2022\\\/08\\\/kd-logo-blue.png\",\"keywords\":[\"\u00e4ldre\",\"funktionshinder\",\"landstingsr\u00e5d\",\"seniorf\u00f6rbundet\",\"Stig Nyman\",\"Stockholm\",\"trygghet\",\"valr\u00f6relse\",\"v\u00e5rdgaranti\"],\"articleSection\":[\"Nyheter\"],\"inLanguage\":\"sv-SE\"},{\"@type\":\"WebPage\",\"@id\":\"https:\\\/\\\/wp.kristdemokraterna.se\\\/varnamo\\\/2002\\\/08\\\/29\\\/vardgaranti-att-lita-pa\\\/\",\"url\":\"https:\\\/\\\/wp.kristdemokraterna.se\\\/varnamo\\\/2002\\\/08\\\/29\\\/vardgaranti-att-lita-pa\\\/\",\"name\":\"V\u00e5rdgaranti att lita p\u00e5 - KRISTDEMOKRATERNA V\u00c4RNAMO\",\"isPartOf\":{\"@id\":\"https:\\\/\\\/wp.kristdemokraterna.se\\\/varnamo\\\/#website\"},\"primaryImageOfPage\":{\"@id\":\"https:\\\/\\\/wp.kristdemokraterna.se\\\/varnamo\\\/2002\\\/08\\\/29\\\/vardgaranti-att-lita-pa\\\/#primaryimage\"},\"image\":{\"@id\":\"https:\\\/\\\/wp.kristdemokraterna.se\\\/varnamo\\\/2002\\\/08\\\/29\\\/vardgaranti-att-lita-pa\\\/#primaryimage\"},\"thumbnailUrl\":\"https:\\\/\\\/wp.kristdemokraterna.se\\\/varnamo\\\/files\\\/2022\\\/08\\\/kd-logo-blue.png\",\"datePublished\":\"2002-08-29T19:38:00+00:00\",\"dateModified\":\"2015-07-12T18:15:12+00:00\",\"breadcrumb\":{\"@id\":\"https:\\\/\\\/wp.kristdemokraterna.se\\\/varnamo\\\/2002\\\/08\\\/29\\\/vardgaranti-att-lita-pa\\\/#breadcrumb\"},\"inLanguage\":\"sv-SE\",\"potentialAction\":[{\"@type\":\"ReadAction\",\"target\":[\"https:\\\/\\\/wp.kristdemokraterna.se\\\/varnamo\\\/2002\\\/08\\\/29\\\/vardgaranti-att-lita-pa\\\/\"]}]},{\"@type\":\"ImageObject\",\"inLanguage\":\"sv-SE\",\"@id\":\"https:\\\/\\\/wp.kristdemokraterna.se\\\/varnamo\\\/2002\\\/08\\\/29\\\/vardgaranti-att-lita-pa\\\/#primaryimage\",\"url\":\"https:\\\/\\\/wp.kristdemokraterna.se\\\/varnamo\\\/files\\\/2022\\\/08\\\/kd-logo-blue.png\",\"contentUrl\":\"https:\\\/\\\/wp.kristdemokraterna.se\\\/varnamo\\\/files\\\/2022\\\/08\\\/kd-logo-blue.png\",\"width\":2000,\"height\":2000,\"caption\":\"Kristdemokraternas logotyp\"},{\"@type\":\"BreadcrumbList\",\"@id\":\"https:\\\/\\\/wp.kristdemokraterna.se\\\/varnamo\\\/2002\\\/08\\\/29\\\/vardgaranti-att-lita-pa\\\/#breadcrumb\",\"itemListElement\":[{\"@type\":\"ListItem\",\"position\":1,\"name\":\"Hem\",\"item\":\"https:\\\/\\\/wp.kristdemokraterna.se\\\/varnamo\\\/\"},{\"@type\":\"ListItem\",\"position\":2,\"name\":\"V\u00e5rdgaranti att lita p\u00e5\"}]},{\"@type\":\"WebSite\",\"@id\":\"https:\\\/\\\/wp.kristdemokraterna.se\\\/varnamo\\\/#website\",\"url\":\"https:\\\/\\\/wp.kristdemokraterna.se\\\/varnamo\\\/\",\"name\":\"KRISTDEMOKRATERNA V\u00c4RNAMO\",\"description\":\"Med hj\u00e4rta f\u00f6r V\u00e4rnamo\",\"publisher\":{\"@id\":\"https:\\\/\\\/wp.kristdemokraterna.se\\\/varnamo\\\/#organization\"},\"inLanguage\":\"sv-SE\"},{\"@type\":\"Organization\",\"@id\":\"https:\\\/\\\/wp.kristdemokraterna.se\\\/varnamo\\\/#organization\",\"name\":\"Kristdemokraterna V\u00e4rnamo\",\"url\":\"https:\\\/\\\/wp.kristdemokraterna.se\\\/varnamo\\\/\",\"logo\":{\"@type\":\"ImageObject\",\"inLanguage\":\"sv-SE\",\"@id\":\"https:\\\/\\\/wp.kristdemokraterna.se\\\/varnamo\\\/#\\\/schema\\\/logo\\\/image\\\/\",\"url\":\"https:\\\/\\\/wp.kristdemokraterna.se\\\/varnamo\\\/files\\\/2022\\\/08\\\/va\u2560ernamo-sida-bla-300dpi.png\",\"contentUrl\":\"https:\\\/\\\/wp.kristdemokraterna.se\\\/varnamo\\\/files\\\/2022\\\/08\\\/va\u2560ernamo-sida-bla-300dpi.png\",\"width\":1485,\"height\":681,\"caption\":\"Kristdemokraterna V\u00e4rnamo\"},\"image\":{\"@id\":\"https:\\\/\\\/wp.kristdemokraterna.se\\\/varnamo\\\/#\\\/schema\\\/logo\\\/image\\\/\"},\"sameAs\":[\"https:\\\/\\\/www.facebook.com\\\/KDVarnamo\\\/\",\"https:\\\/\\\/x.com\\\/KDVarnamo\",\"https:\\\/\\\/www.instagram.com\\\/\",\"https:\\\/\\\/www.youtube.com\\\/user\\\/studiokd\\\/videos\"]},{\"@type\":\"Person\",\"@id\":\"https:\\\/\\\/wp.kristdemokraterna.se\\\/varnamo\\\/#\\\/schema\\\/person\\\/4e339ab04d613699e4dfe80a994e01d4\",\"name\":\"Kristdemokraterna V\u00e4rnamo\",\"image\":{\"@type\":\"ImageObject\",\"inLanguage\":\"sv-SE\",\"@id\":\"https:\\\/\\\/secure.gravatar.com\\\/avatar\\\/c122e48c7723992af51eb155eeaa93db3c1fa324e3fc6ec45dd712c812809b5b?s=96&r=g\",\"url\":\"https:\\\/\\\/secure.gravatar.com\\\/avatar\\\/c122e48c7723992af51eb155eeaa93db3c1fa324e3fc6ec45dd712c812809b5b?s=96&r=g\",\"contentUrl\":\"https:\\\/\\\/secure.gravatar.com\\\/avatar\\\/c122e48c7723992af51eb155eeaa93db3c1fa324e3fc6ec45dd712c812809b5b?s=96&r=g\",\"caption\":\"Kristdemokraterna V\u00e4rnamo\"},\"description\":\"Familjens r\u00f6st\",\"sameAs\":[\"http:\\\/\\\/www.varnamo.kristdemokraterna.se\"],\"url\":\"https:\\\/\\\/wp.kristdemokraterna.se\\\/varnamo\\\/author\\\/varnamo\\\/\"}]}<\/script>\n<!-- \/ Yoast SEO plugin. -->","yoast_head_json":{"title":"V\u00e5rdgaranti att lita p\u00e5 - KRISTDEMOKRATERNA V\u00c4RNAMO","robots":{"index":"index","follow":"follow","max-snippet":"max-snippet:-1","max-image-preview":"max-image-preview:large","max-video-preview":"max-video-preview:-1"},"canonical":"https:\/\/wp.kristdemokraterna.se\/varnamo\/2002\/08\/29\/vardgaranti-att-lita-pa\/","og_locale":"sv_SE","og_type":"article","og_title":"V\u00e5rdgaranti att lita p\u00e5 - KRISTDEMOKRATERNA V\u00c4RNAMO","og_description":"Torsdagen den 29 augusti bes\u00f6kte sjukv\u00e5rdslandstingsr\u00e5det Stig Nyman, Stockholm, V\u00e4rnamo sjukhus och Kristdemokraternas valstuga p\u00e5 Flanaden. Stig Nyman \u00e4r landstingsr\u00e5d i Stockholms l\u00e4ns landsting och ansvarig f\u00f6r sjukv\u00e5rden. Han \u00e4r vidare ordf\u00f6rande i Kristdemokraternas Seniorf\u00f6rbund.","og_url":"https:\/\/wp.kristdemokraterna.se\/varnamo\/2002\/08\/29\/vardgaranti-att-lita-pa\/","og_site_name":"KRISTDEMOKRATERNA V\u00c4RNAMO","article_publisher":"https:\/\/www.facebook.com\/KDVarnamo\/","article_published_time":"2002-08-29T19:38:00+00:00","article_modified_time":"2015-07-12T18:15:12+00:00","og_image":[{"url":"http:\/\/wp.kristdemokraterna.se\/varnamo\/files\/2010\/08\/stig_nyman.jpg","type":"","width":"","height":""}],"author":"Kristdemokraterna V\u00e4rnamo","twitter_card":"summary_large_image","twitter_creator":"@KDVarnamo","twitter_site":"@KDVarnamo","twitter_misc":{"Skriven av":"Kristdemokraterna V\u00e4rnamo","Ber\u00e4knad l\u00e4stid":"1 minut"},"schema":{"@context":"https:\/\/schema.org","@graph":[{"@type":"Article","@id":"https:\/\/wp.kristdemokraterna.se\/varnamo\/2002\/08\/29\/vardgaranti-att-lita-pa\/#article","isPartOf":{"@id":"https:\/\/wp.kristdemokraterna.se\/varnamo\/2002\/08\/29\/vardgaranti-att-lita-pa\/"},"author":{"name":"Kristdemokraterna V\u00e4rnamo","@id":"https:\/\/wp.kristdemokraterna.se\/varnamo\/#\/schema\/person\/4e339ab04d613699e4dfe80a994e01d4"},"headline":"V\u00e5rdgaranti att lita p\u00e5","datePublished":"2002-08-29T19:38:00+00:00","dateModified":"2015-07-12T18:15:12+00:00","mainEntityOfPage":{"@id":"https:\/\/wp.kristdemokraterna.se\/varnamo\/2002\/08\/29\/vardgaranti-att-lita-pa\/"},"wordCount":303,"publisher":{"@id":"https:\/\/wp.kristdemokraterna.se\/varnamo\/#organization"},"image":{"@id":"https:\/\/wp.kristdemokraterna.se\/varnamo\/2002\/08\/29\/vardgaranti-att-lita-pa\/#primaryimage"},"thumbnailUrl":"https:\/\/wp.kristdemokraterna.se\/varnamo\/files\/2022\/08\/kd-logo-blue.png","keywords":["\u00e4ldre","funktionshinder","landstingsr\u00e5d","seniorf\u00f6rbundet","Stig Nyman","Stockholm","trygghet","valr\u00f6relse","v\u00e5rdgaranti"],"articleSection":["Nyheter"],"inLanguage":"sv-SE"},{"@type":"WebPage","@id":"https:\/\/wp.kristdemokraterna.se\/varnamo\/2002\/08\/29\/vardgaranti-att-lita-pa\/","url":"https:\/\/wp.kristdemokraterna.se\/varnamo\/2002\/08\/29\/vardgaranti-att-lita-pa\/","name":"V\u00e5rdgaranti att lita p\u00e5 - KRISTDEMOKRATERNA V\u00c4RNAMO","isPartOf":{"@id":"https:\/\/wp.kristdemokraterna.se\/varnamo\/#website"},"primaryImageOfPage":{"@id":"https:\/\/wp.kristdemokraterna.se\/varnamo\/2002\/08\/29\/vardgaranti-att-lita-pa\/#primaryimage"},"image":{"@id":"https:\/\/wp.kristdemokraterna.se\/varnamo\/2002\/08\/29\/vardgaranti-att-lita-pa\/#primaryimage"},"thumbnailUrl":"https:\/\/wp.kristdemokraterna.se\/varnamo\/files\/2022\/08\/kd-logo-blue.png","datePublished":"2002-08-29T19:38:00+00:00","dateModified":"2015-07-12T18:15:12+00:00","breadcrumb":{"@id":"https:\/\/wp.kristdemokraterna.se\/varnamo\/2002\/08\/29\/vardgaranti-att-lita-pa\/#breadcrumb"},"inLanguage":"sv-SE","potentialAction":[{"@type":"ReadAction","target":["https:\/\/wp.kristdemokraterna.se\/varnamo\/2002\/08\/29\/vardgaranti-att-lita-pa\/"]}]},{"@type":"ImageObject","inLanguage":"sv-SE","@id":"https:\/\/wp.kristdemokraterna.se\/varnamo\/2002\/08\/29\/vardgaranti-att-lita-pa\/#primaryimage","url":"https:\/\/wp.kristdemokraterna.se\/varnamo\/files\/2022\/08\/kd-logo-blue.png","contentUrl":"https:\/\/wp.kristdemokraterna.se\/varnamo\/files\/2022\/08\/kd-logo-blue.png","width":2000,"height":2000,"caption":"Kristdemokraternas logotyp"},{"@type":"BreadcrumbList","@id":"https:\/\/wp.kristdemokraterna.se\/varnamo\/2002\/08\/29\/vardgaranti-att-lita-pa\/#breadcrumb","itemListElement":[{"@type":"ListItem","position":1,"name":"Hem","item":"https:\/\/wp.kristdemokraterna.se\/varnamo\/"},{"@type":"ListItem","position":2,"name":"V\u00e5rdgaranti att lita p\u00e5"}]},{"@type":"WebSite","@id":"https:\/\/wp.kristdemokraterna.se\/varnamo\/#website","url":"https:\/\/wp.kristdemokraterna.se\/varnamo\/","name":"KRISTDEMOKRATERNA V\u00c4RNAMO","description":"Med hj\u00e4rta f\u00f6r V\u00e4rnamo","publisher":{"@id":"https:\/\/wp.kristdemokraterna.se\/varnamo\/#organization"},"inLanguage":"sv-SE"},{"@type":"Organization","@id":"https:\/\/wp.kristdemokraterna.se\/varnamo\/#organization","name":"Kristdemokraterna V\u00e4rnamo","url":"https:\/\/wp.kristdemokraterna.se\/varnamo\/","logo":{"@type":"ImageObject","inLanguage":"sv-SE","@id":"https:\/\/wp.kristdemokraterna.se\/varnamo\/#\/schema\/logo\/image\/","url":"https:\/\/wp.kristdemokraterna.se\/varnamo\/files\/2022\/08\/va\u2560ernamo-sida-bla-300dpi.png","contentUrl":"https:\/\/wp.kristdemokraterna.se\/varnamo\/files\/2022\/08\/va\u2560ernamo-sida-bla-300dpi.png","width":1485,"height":681,"caption":"Kristdemokraterna V\u00e4rnamo"},"image":{"@id":"https:\/\/wp.kristdemokraterna.se\/varnamo\/#\/schema\/logo\/image\/"},"sameAs":["https:\/\/www.facebook.com\/KDVarnamo\/","https:\/\/x.com\/KDVarnamo","https:\/\/www.instagram.com\/","https:\/\/www.youtube.com\/user\/studiokd\/videos"]},{"@type":"Person","@id":"https:\/\/wp.kristdemokraterna.se\/varnamo\/#\/schema\/person\/4e339ab04d613699e4dfe80a994e01d4","name":"Kristdemokraterna V\u00e4rnamo","image":{"@type":"ImageObject","inLanguage":"sv-SE","@id":"https:\/\/secure.gravatar.com\/avatar\/c122e48c7723992af51eb155eeaa93db3c1fa324e3fc6ec45dd712c812809b5b?s=96&r=g","url":"https:\/\/secure.gravatar.com\/avatar\/c122e48c7723992af51eb155eeaa93db3c1fa324e3fc6ec45dd712c812809b5b?s=96&r=g","contentUrl":"https:\/\/secure.gravatar.com\/avatar\/c122e48c7723992af51eb155eeaa93db3c1fa324e3fc6ec45dd712c812809b5b?s=96&r=g","caption":"Kristdemokraterna V\u00e4rnamo"},"description":"Familjens r\u00f6st","sameAs":["http:\/\/www.varnamo.kristdemokraterna.se"],"url":"https:\/\/wp.kristdemokraterna.se\/varnamo\/author\/varnamo\/"}]}},"_links":{"self":[{"href":"https:\/\/wp.kristdemokraterna.se\/varnamo\/wp-json\/wp\/v2\/posts\/2012","targetHints":{"allow":["GET"]}}],"collection":[{"href":"https:\/\/wp.kristdemokraterna.se\/varnamo\/wp-json\/wp\/v2\/posts"}],"about":[{"href":"https:\/\/wp.kristdemokraterna.se\/varnamo\/wp-json\/wp\/v2\/types\/post"}],"author":[{"embeddable":true,"href":"https:\/\/wp.kristdemokraterna.se\/varnamo\/wp-json\/wp\/v2\/users\/412"}],"replies":[{"embeddable":true,"href":"https:\/\/wp.kristdemokraterna.se\/varnamo\/wp-json\/wp\/v2\/comments?post=2012"}],"version-history":[{"count":9,"href":"https:\/\/wp.kristdemokraterna.se\/varnamo\/wp-json\/wp\/v2\/posts\/2012\/revisions"}],"predecessor-version":[{"id":6846,"href":"https:\/\/wp.kristdemokraterna.se\/varnamo\/wp-json\/wp\/v2\/posts\/2012\/revisions\/6846"}],"wp:featuredmedia":[{"embeddable":true,"href":"https:\/\/wp.kristdemokraterna.se\/varnamo\/wp-json\/wp\/v2\/media\/9638"}],"wp:attachment":[{"href":"https:\/\/wp.kristdemokraterna.se\/varnamo\/wp-json\/wp\/v2\/media?parent=2012"}],"wp:term":[{"taxonomy":"category","embeddable":true,"href":"https:\/\/wp.kristdemokraterna.se\/varnamo\/wp-json\/wp\/v2\/categories?post=2012"},{"taxonomy":"post_tag","embeddable":true,"href":"https:\/\/wp.kristdemokraterna.se\/varnamo\/wp-json\/wp\/v2\/tags?post=2012"}],"curies":[{"name":"wp","href":"https:\/\/api.w.org\/{rel}","templated":true}]}}