{"id":2013,"date":"2002-09-07T21:38:00","date_gmt":"2002-09-07T19:38:00","guid":{"rendered":"http:\/\/localhost:4901\/?p=2013"},"modified":"2015-07-12T20:07:44","modified_gmt":"2015-07-12T18:07:44","slug":"valfrihet-och-rattvisa-for-barnfamiljerna","status":"publish","type":"post","link":"https:\/\/wp.kristdemokraterna.se\/varnamo\/2002\/09\/07\/valfrihet-och-rattvisa-for-barnfamiljerna\/","title":{"rendered":"Valfrihet och r\u00e4ttvisa f\u00f6r barnfamiljerna"},"content":{"rendered":"<div style=\"width: 170px\" class=\"wp-caption alignnone\"><a href=\"http:\/\/wp.kristdemokraterna.se\/varnamo\/files\/2010\/08\/goran_hagglund1.jpg\"><img loading=\"lazy\" decoding=\"async\" title=\"goran_hagglund1\" src=\"http:\/\/wp.kristdemokraterna.se\/varnamo\/files\/2010\/08\/goran_hagglund1.jpg\" alt=\"G\u00f6ran H\u00e4gglund, Kristdemokraternas gruppledare i Sveriges Riksdag.\" width=\"160\" height=\"239\" \/><\/a><p class=\"wp-caption-text\">G\u00f6ran H\u00e4gglund, Kristdemokraternas gruppledare i Sveriges Riksdag.<\/p><\/div>\n<p>L\u00f6rdagen den 7 september bes\u00f6kte Kristdemokraternas gruppledare i Sveriges Riksdag, G\u00f6ran H\u00e4gglund fr\u00e5n Bankeryd, Rydaholms marknad och Kristdemokraternas valstuga p\u00e5 Flanaden i V\u00e4rnamo. Vid valstugan deltog \u00e4ven Stefan &amp; Christer (Thors\u00e9n &amp; Fjordevik) och \u00f6vriga kristdemokratiska kandidater i valen 2002. G\u00f6ran H\u00e4gglund uppeh\u00f6ll sig bland annat vid barnfamiljernas oj\u00e4mlika villkor, behovet av b\u00e4ttre f\u00f6ruts\u00e4ttningar f\u00f6r f\u00f6retagande och socialdemokraternas senaste misslyckade \u00e5tta\u00e5rsperiod i regeringsst\u00e4llning.<\/p>\n<p><!--more--><q title=\"G\u00f6ran H\u00e4gglund\">Det \u00e4r obegripligt att or\u00e4ttvisorna n\u00e4r det g\u00e4ller st\u00f6det till barnfamiljerna kan fortg\u00e5 \u00e5r efter \u00e5r. Hur kan n\u00e5gon anse det rimligt att vissa barn f\u00e5r ett st\u00f6d p\u00e5 80 000 kr. medan andra barn praktiskt taget inte f\u00e5r n\u00e5got? Det \u00e4r h\u00f6g tid f\u00f6r r\u00e4ttvisa och valfrihet f\u00f6r Sverige sm\u00e5barnsf\u00f6r\u00e4ldrar. Det \u00e4r h\u00f6g tid f\u00f6r regeringsskifte.<\/q> Det sade G\u00f6ran H\u00e4gglund, Kristdemokraternas gruppledare i riksdagen, n\u00e4r han p\u00e5 l\u00f6rdagen bes\u00f6kte V\u00e4rnamo och Rydaholm.<\/p>\n<p>Barn\u00a0\u00e4r olika. F\u00f6r\u00e4ldrar har olika \u00f6nskem\u00e5l om hur barnen\u00a0ska tas om hand under de f\u00f6rsta viktiga \u00e5ren. Barn beh\u00f6ver\u00a0tid tillsammans med sina f\u00f6r\u00e4ldrar. Det offentliga st\u00f6det till\u00a0barnfamiljerna m\u00e5ste vara s\u00e5 utformat att det inneb\u00e4r st\u00f6rsta\u00a0m\u00f6jliga valfrihet och skapar r\u00e4ttvisa mellan olika familjer.<\/p>\n<p>Dagens st\u00f6d som \u00e4r s\u00e5 utformat att det ekonomiskt premierar l\u00e5nga vistelsetider i f\u00f6rskolan \u00e4r i grunden felt\u00e4nkt. Det om\u00f6jligg\u00f6r i praktiken f\u00f6r f\u00f6r\u00e4ldrarna att v\u00e4lja p\u00e5 annat s\u00e4tt \u00e4n det som gillas av den politiska majoriteten. Med vilken r\u00e4tt anser sig regeringen kunna ta \u00f6ver f\u00f6r\u00e4ldrarnas val? Med vilken r\u00e4tt ska majoriteten s\u00e4tta sig \u00f6ver f\u00f6r\u00e4ldrar\u00e4tten?<\/p>\n<p>Kristdemokraterna har till skillnad fr\u00e5n socialdemokraterna b\u00e5de konkreta och finansierade f\u00f6rslag f\u00f6r att f\u00f6rb\u00e4ttra barnfamiljernas ekonomi och \u00f6ka valfriheten:<\/p>\n<ul>\n<li>Ett barnomsorgskonto p\u00e5 80 000 skattefria kronor inf\u00f6rs till barn mellan ett och tre \u00e5r. Pengarna g\u00e5r direkt till familjen. Kontobeloppet trappas av i f\u00f6rh\u00e5llande till hur l\u00e5ng tid barnet har kommunalt finansierad barnomsorg. Halvtid i f\u00f6rskolan ger halvt barnomsorgskonto. Maximalt 40.000 kronor per \u00e5r kan tas ut. P\u00e5 s\u00e5 s\u00e4tt kan man fritt v\u00e4lja mellan olika barnomsorgsformer utanf\u00f6r hemmet, att g\u00e5 ner i arbetstid eller att vara hemma med barnet.<\/li>\n<li>Barngruppernas storlek m\u00e5ste minska. Varje kommun ska l\u00e4gga fast ett tak f\u00f6r barngruppernas storlek i f\u00f6rskolan. Vi vill ge kommunerna ett generellt resurstillskott p\u00e5 5,5 miljarder kronor de n\u00e4rmaste tv\u00e5 \u00e5ren f\u00f6r att bland annat m\u00f6jligg\u00f6ra detta.<\/li>\n<li>Garanterade deltidstaxor p\u00e5 dagis (f\u00f6rskolan). Den som nyttjar den kommunalt finansierade barnomsorgen i mindre utstr\u00e4ckning ska inte betala lika mycket som den som nyttjar den fullt ut. Deltidstaxorna ska g\u00e4lla hela f\u00f6rskoleperioden.<\/li>\n<li>H\u00f6gre garantiniv\u00e5 i f\u00f6r\u00e4ldraf\u00f6rs\u00e4kringen fr\u00e5n 120 kr\/dag till 200 kr\/dag<\/li>\n<li>Ers\u00e4ttningsniv\u00e5n i f\u00f6r\u00e4ldraf\u00f6rs\u00e4kringen h\u00f6js fr\u00e5n 80 till 90 procent. Detta ger en f\u00f6rb\u00e4ttring f\u00f6r alla som har inkomster \u00f6ver 7500 kronor i m\u00e5naden.<\/li>\n<li>Taket i f\u00f6r\u00e4ldraf\u00f6rs\u00e4kringen h\u00f6js fr\u00e5n 7,5 till 11 prisbasbelopp s\u00e5 att 90 procent av alla heltidsarbetande omfattas fullt ut av f\u00f6rs\u00e4kringen.<br \/>\n2 kontaktdagar per \u00e5r och barn f\u00f6r barn mellan 4-15 \u00e5r.<\/li>\n<li>Barnbidraget h\u00f6js f\u00f6r ton\u00e5rsbarn (13-16 \u00e5r) med fr\u00e5n 950 till 1 050 kr\/m\u00e5nad och barn<\/li>\n<li>Den barnrelaterade delen i bostadsbidraget h\u00f6js med 100 kr\/m\u00e5nad och barn.<\/li>\n<li>De individuella inkomstgr\u00e4nserna i bostadsbidraget f\u00f6r makar\/samboende avskaffas och den gemensamma inkomstgr\u00e4nsen s\u00e4tts till 117 000 kronor.<\/li>\n<li>Ytnormen f\u00f6r den bostadsbidragsgrundande ytan ut\u00f6kas med 10 kvadratmeter i respektive storlekskategori.<\/li>\n<\/ul>\n<h1>\u00c5tta \u00e5r med (s)<\/h1>\n<dl>\n<dt>V\u00e5rdplatser:<\/dt>\n<dd>14.000 f\u00e4rre<\/dd>\n<dt>F\u00f6retagare:<\/dt>\n<dd>13.000 f\u00e4rre<\/dd>\n<dt>Dagisgrupper:<\/dt>\n<dd>13% st\u00f6rre<\/dd>\n<dt>Skolan:<\/dt>\n<dd>25,7% underk\u00e4nda<\/dd>\n<dt>Poliser:<\/dt>\n<dd>2000 f\u00e4rre, -11%<\/dd>\n<dt>Investeringar:<\/dt>\n<dd>L\u00e4gst i EU<\/dd>\n<dt>Kommuntillskott:<\/dt>\n<dd>-1 mdr kr<\/dd>\n<dt>Landstingstillskott:<\/dt>\n<dd>0 kr<\/dd>\n<dt>Tillv\u00e4xttapp:<\/dt>\n<dd>-70 mdr kr<\/dd>\n<dt>Kostnad f\u00f6r arbetsl\u00f6shet och oh\u00e4lsa:<\/dt>\n<dd>60 mdr kr mer<\/dd>\n<dt>\u00c4gandeskatt: H\u00f6gst i OECD<\/dt>\n<dd>SEK\/USD: minus 30%<\/dd>\n<\/dl>\n<h2>L\u00e4s Kristdemokraternas rapport<\/h2>\n<p><img loading=\"lazy\" decoding=\"async\" class=\"objekt_vanster\" src=\"http:\/\/wp.kristdemokraterna.se\/varnamo\/files\/2010\/08\/pdficon.gif\" alt=\"pdf, Adobe\" width=\"32\" height=\"32\" \/>\u00a0[<a title=\"\u00c5tta f\u00f6rlorade \u00e5r med s\" href=\"http:\/\/wp.kristdemokraterna.se\/varnamo\/files\/2010\/08\/8_forlorade_ar_med_s.pdf\" target=\"_blank\">\u00c5tta\u00a0f\u00f6rlorade \u00e5r med s<\/a>]<\/p>\n","protected":false},"excerpt":{"rendered":"<p>L\u00f6rdagen den 7 september bes\u00f6kte Kristdemokraternas gruppledare i Sveriges Riksdag, G\u00f6ran H\u00e4gglund fr\u00e5n Bankeryd, Rydaholms marknad och Kristdemokraternas valstuga p\u00e5 Flanaden i V\u00e4rnamo. Vid valstugan deltog \u00e4ven Stefan &amp; Christer (Thors\u00e9n &amp; Fjordevik) och \u00f6vriga kristdemokratiska kandidater i valen 2002. G\u00f6ran H\u00e4gglund uppeh\u00f6ll sig bland annat vid barnfamiljernas oj\u00e4mlika villkor, behovet av b\u00e4ttre f\u00f6ruts\u00e4ttningar f\u00f6r <a class=\"read-more-link\" href=\"https:\/\/wp.kristdemokraterna.se\/varnamo\/2002\/09\/07\/valfrihet-och-rattvisa-for-barnfamiljerna\/\">Read More<\/a><\/p>\n","protected":false},"author":412,"featured_media":9638,"comment_status":"closed","ping_status":"closed","sticky":false,"template":"","format":"standard","meta":{"_acf_changed":false,"footnotes":""},"categories":[11],"tags":[31,320,34,319,229,24,37,228,285,117,168,46,266,145,62],"class_list":["post-2013","post","type-post","status-publish","format-standard","hentry","category-nyheter","tag-barn-och-unga","tag-barnbidrag","tag-barnomsorg","tag-barnomsorgskonto","tag-bostadsbidrag","tag-christer-fjordevik","tag-familj","tag-foraldraforsakring","tag-foretag","tag-goran-hagglund","tag-gruppledare","tag-riksdagsledamot","tag-stefan-thorsen","tag-valfrihet","tag-valrorelse"],"acf":[],"yoast_head":"<!-- This site is optimized with the Yoast SEO plugin v27.4 - https:\/\/yoast.com\/product\/yoast-seo-wordpress\/ -->\n<title>Valfrihet och r\u00e4ttvisa f\u00f6r barnfamiljerna - KRISTDEMOKRATERNA V\u00c4RNAMO<\/title>\n<meta name=\"robots\" content=\"index, follow, max-snippet:-1, max-image-preview:large, max-video-preview:-1\" \/>\n<link rel=\"canonical\" href=\"https:\/\/wp.kristdemokraterna.se\/varnamo\/2002\/09\/07\/valfrihet-och-rattvisa-for-barnfamiljerna\/\" \/>\n<meta property=\"og:locale\" content=\"sv_SE\" \/>\n<meta property=\"og:type\" content=\"article\" \/>\n<meta property=\"og:title\" content=\"Valfrihet och r\u00e4ttvisa f\u00f6r barnfamiljerna - KRISTDEMOKRATERNA V\u00c4RNAMO\" \/>\n<meta property=\"og:description\" content=\"L\u00f6rdagen den 7 september bes\u00f6kte Kristdemokraternas gruppledare i Sveriges Riksdag, G\u00f6ran H\u00e4gglund fr\u00e5n Bankeryd, Rydaholms marknad och Kristdemokraternas valstuga p\u00e5 Flanaden i V\u00e4rnamo. Vid valstugan deltog \u00e4ven Stefan &amp; Christer (Thors\u00e9n &amp; Fjordevik) och \u00f6vriga kristdemokratiska kandidater i valen 2002. G\u00f6ran H\u00e4gglund uppeh\u00f6ll sig bland annat vid barnfamiljernas oj\u00e4mlika villkor, behovet av b\u00e4ttre f\u00f6ruts\u00e4ttningar f\u00f6r Read More\" \/>\n<meta property=\"og:url\" content=\"https:\/\/wp.kristdemokraterna.se\/varnamo\/2002\/09\/07\/valfrihet-och-rattvisa-for-barnfamiljerna\/\" \/>\n<meta property=\"og:site_name\" content=\"KRISTDEMOKRATERNA V\u00c4RNAMO\" \/>\n<meta property=\"article:publisher\" content=\"https:\/\/www.facebook.com\/KDVarnamo\/\" \/>\n<meta property=\"article:published_time\" content=\"2002-09-07T19:38:00+00:00\" \/>\n<meta property=\"article:modified_time\" content=\"2015-07-12T18:07:44+00:00\" \/>\n<meta property=\"og:image\" content=\"http:\/\/wp.kristdemokraterna.se\/varnamo\/files\/2010\/08\/goran_hagglund1.jpg\" \/>\n<meta name=\"author\" content=\"Kristdemokraterna V\u00e4rnamo\" \/>\n<meta name=\"twitter:card\" content=\"summary_large_image\" \/>\n<meta name=\"twitter:creator\" content=\"@KDVarnamo\" \/>\n<meta name=\"twitter:site\" content=\"@KDVarnamo\" \/>\n<meta name=\"twitter:label1\" content=\"Skriven av\" \/>\n\t<meta name=\"twitter:data1\" content=\"Kristdemokraterna V\u00e4rnamo\" \/>\n\t<meta name=\"twitter:label2\" content=\"Ber\u00e4knad l\u00e4stid\" \/>\n\t<meta name=\"twitter:data2\" content=\"4 minuter\" \/>\n<script type=\"application\/ld+json\" class=\"yoast-schema-graph\">{\"@context\":\"https:\\\/\\\/schema.org\",\"@graph\":[{\"@type\":\"Article\",\"@id\":\"https:\\\/\\\/wp.kristdemokraterna.se\\\/varnamo\\\/2002\\\/09\\\/07\\\/valfrihet-och-rattvisa-for-barnfamiljerna\\\/#article\",\"isPartOf\":{\"@id\":\"https:\\\/\\\/wp.kristdemokraterna.se\\\/varnamo\\\/2002\\\/09\\\/07\\\/valfrihet-och-rattvisa-for-barnfamiljerna\\\/\"},\"author\":{\"name\":\"Kristdemokraterna V\u00e4rnamo\",\"@id\":\"https:\\\/\\\/wp.kristdemokraterna.se\\\/varnamo\\\/#\\\/schema\\\/person\\\/4e339ab04d613699e4dfe80a994e01d4\"},\"headline\":\"Valfrihet och r\u00e4ttvisa f\u00f6r barnfamiljerna\",\"datePublished\":\"2002-09-07T19:38:00+00:00\",\"dateModified\":\"2015-07-12T18:07:44+00:00\",\"mainEntityOfPage\":{\"@id\":\"https:\\\/\\\/wp.kristdemokraterna.se\\\/varnamo\\\/2002\\\/09\\\/07\\\/valfrihet-och-rattvisa-for-barnfamiljerna\\\/\"},\"wordCount\":730,\"publisher\":{\"@id\":\"https:\\\/\\\/wp.kristdemokraterna.se\\\/varnamo\\\/#organization\"},\"image\":{\"@id\":\"https:\\\/\\\/wp.kristdemokraterna.se\\\/varnamo\\\/2002\\\/09\\\/07\\\/valfrihet-och-rattvisa-for-barnfamiljerna\\\/#primaryimage\"},\"thumbnailUrl\":\"https:\\\/\\\/wp.kristdemokraterna.se\\\/varnamo\\\/files\\\/2022\\\/08\\\/kd-logo-blue.png\",\"keywords\":[\"barn och unga\",\"barnbidrag\",\"barnomsorg\",\"barnomsorgskonto\",\"bostadsbidrag\",\"Christer Fjordevik\",\"familj\",\"f\u00f6r\u00e4ldraf\u00f6rs\u00e4kring\",\"f\u00f6retag\",\"G\u00f6ran H\u00e4gglund\",\"gruppledare\",\"riksdagsledamot\",\"Stefan Thors\u00e9n\",\"valfrihet\",\"valr\u00f6relse\"],\"articleSection\":[\"Nyheter\"],\"inLanguage\":\"sv-SE\"},{\"@type\":\"WebPage\",\"@id\":\"https:\\\/\\\/wp.kristdemokraterna.se\\\/varnamo\\\/2002\\\/09\\\/07\\\/valfrihet-och-rattvisa-for-barnfamiljerna\\\/\",\"url\":\"https:\\\/\\\/wp.kristdemokraterna.se\\\/varnamo\\\/2002\\\/09\\\/07\\\/valfrihet-och-rattvisa-for-barnfamiljerna\\\/\",\"name\":\"Valfrihet och r\u00e4ttvisa f\u00f6r barnfamiljerna - KRISTDEMOKRATERNA V\u00c4RNAMO\",\"isPartOf\":{\"@id\":\"https:\\\/\\\/wp.kristdemokraterna.se\\\/varnamo\\\/#website\"},\"primaryImageOfPage\":{\"@id\":\"https:\\\/\\\/wp.kristdemokraterna.se\\\/varnamo\\\/2002\\\/09\\\/07\\\/valfrihet-och-rattvisa-for-barnfamiljerna\\\/#primaryimage\"},\"image\":{\"@id\":\"https:\\\/\\\/wp.kristdemokraterna.se\\\/varnamo\\\/2002\\\/09\\\/07\\\/valfrihet-och-rattvisa-for-barnfamiljerna\\\/#primaryimage\"},\"thumbnailUrl\":\"https:\\\/\\\/wp.kristdemokraterna.se\\\/varnamo\\\/files\\\/2022\\\/08\\\/kd-logo-blue.png\",\"datePublished\":\"2002-09-07T19:38:00+00:00\",\"dateModified\":\"2015-07-12T18:07:44+00:00\",\"breadcrumb\":{\"@id\":\"https:\\\/\\\/wp.kristdemokraterna.se\\\/varnamo\\\/2002\\\/09\\\/07\\\/valfrihet-och-rattvisa-for-barnfamiljerna\\\/#breadcrumb\"},\"inLanguage\":\"sv-SE\",\"potentialAction\":[{\"@type\":\"ReadAction\",\"target\":[\"https:\\\/\\\/wp.kristdemokraterna.se\\\/varnamo\\\/2002\\\/09\\\/07\\\/valfrihet-och-rattvisa-for-barnfamiljerna\\\/\"]}]},{\"@type\":\"ImageObject\",\"inLanguage\":\"sv-SE\",\"@id\":\"https:\\\/\\\/wp.kristdemokraterna.se\\\/varnamo\\\/2002\\\/09\\\/07\\\/valfrihet-och-rattvisa-for-barnfamiljerna\\\/#primaryimage\",\"url\":\"https:\\\/\\\/wp.kristdemokraterna.se\\\/varnamo\\\/files\\\/2022\\\/08\\\/kd-logo-blue.png\",\"contentUrl\":\"https:\\\/\\\/wp.kristdemokraterna.se\\\/varnamo\\\/files\\\/2022\\\/08\\\/kd-logo-blue.png\",\"width\":2000,\"height\":2000,\"caption\":\"Kristdemokraternas logotyp\"},{\"@type\":\"BreadcrumbList\",\"@id\":\"https:\\\/\\\/wp.kristdemokraterna.se\\\/varnamo\\\/2002\\\/09\\\/07\\\/valfrihet-och-rattvisa-for-barnfamiljerna\\\/#breadcrumb\",\"itemListElement\":[{\"@type\":\"ListItem\",\"position\":1,\"name\":\"Hem\",\"item\":\"https:\\\/\\\/wp.kristdemokraterna.se\\\/varnamo\\\/\"},{\"@type\":\"ListItem\",\"position\":2,\"name\":\"Valfrihet och r\u00e4ttvisa f\u00f6r barnfamiljerna\"}]},{\"@type\":\"WebSite\",\"@id\":\"https:\\\/\\\/wp.kristdemokraterna.se\\\/varnamo\\\/#website\",\"url\":\"https:\\\/\\\/wp.kristdemokraterna.se\\\/varnamo\\\/\",\"name\":\"KRISTDEMOKRATERNA V\u00c4RNAMO\",\"description\":\"Med hj\u00e4rta f\u00f6r V\u00e4rnamo\",\"publisher\":{\"@id\":\"https:\\\/\\\/wp.kristdemokraterna.se\\\/varnamo\\\/#organization\"},\"inLanguage\":\"sv-SE\"},{\"@type\":\"Organization\",\"@id\":\"https:\\\/\\\/wp.kristdemokraterna.se\\\/varnamo\\\/#organization\",\"name\":\"Kristdemokraterna V\u00e4rnamo\",\"url\":\"https:\\\/\\\/wp.kristdemokraterna.se\\\/varnamo\\\/\",\"logo\":{\"@type\":\"ImageObject\",\"inLanguage\":\"sv-SE\",\"@id\":\"https:\\\/\\\/wp.kristdemokraterna.se\\\/varnamo\\\/#\\\/schema\\\/logo\\\/image\\\/\",\"url\":\"https:\\\/\\\/wp.kristdemokraterna.se\\\/varnamo\\\/files\\\/2022\\\/08\\\/va\u2560ernamo-sida-bla-300dpi.png\",\"contentUrl\":\"https:\\\/\\\/wp.kristdemokraterna.se\\\/varnamo\\\/files\\\/2022\\\/08\\\/va\u2560ernamo-sida-bla-300dpi.png\",\"width\":1485,\"height\":681,\"caption\":\"Kristdemokraterna V\u00e4rnamo\"},\"image\":{\"@id\":\"https:\\\/\\\/wp.kristdemokraterna.se\\\/varnamo\\\/#\\\/schema\\\/logo\\\/image\\\/\"},\"sameAs\":[\"https:\\\/\\\/www.facebook.com\\\/KDVarnamo\\\/\",\"https:\\\/\\\/x.com\\\/KDVarnamo\",\"https:\\\/\\\/www.instagram.com\\\/\",\"https:\\\/\\\/www.youtube.com\\\/user\\\/studiokd\\\/videos\"]},{\"@type\":\"Person\",\"@id\":\"https:\\\/\\\/wp.kristdemokraterna.se\\\/varnamo\\\/#\\\/schema\\\/person\\\/4e339ab04d613699e4dfe80a994e01d4\",\"name\":\"Kristdemokraterna V\u00e4rnamo\",\"image\":{\"@type\":\"ImageObject\",\"inLanguage\":\"sv-SE\",\"@id\":\"https:\\\/\\\/secure.gravatar.com\\\/avatar\\\/c122e48c7723992af51eb155eeaa93db3c1fa324e3fc6ec45dd712c812809b5b?s=96&r=g\",\"url\":\"https:\\\/\\\/secure.gravatar.com\\\/avatar\\\/c122e48c7723992af51eb155eeaa93db3c1fa324e3fc6ec45dd712c812809b5b?s=96&r=g\",\"contentUrl\":\"https:\\\/\\\/secure.gravatar.com\\\/avatar\\\/c122e48c7723992af51eb155eeaa93db3c1fa324e3fc6ec45dd712c812809b5b?s=96&r=g\",\"caption\":\"Kristdemokraterna V\u00e4rnamo\"},\"description\":\"Familjens r\u00f6st\",\"sameAs\":[\"http:\\\/\\\/www.varnamo.kristdemokraterna.se\"],\"url\":\"https:\\\/\\\/wp.kristdemokraterna.se\\\/varnamo\\\/author\\\/varnamo\\\/\"}]}<\/script>\n<!-- \/ Yoast SEO plugin. -->","yoast_head_json":{"title":"Valfrihet och r\u00e4ttvisa f\u00f6r barnfamiljerna - KRISTDEMOKRATERNA V\u00c4RNAMO","robots":{"index":"index","follow":"follow","max-snippet":"max-snippet:-1","max-image-preview":"max-image-preview:large","max-video-preview":"max-video-preview:-1"},"canonical":"https:\/\/wp.kristdemokraterna.se\/varnamo\/2002\/09\/07\/valfrihet-och-rattvisa-for-barnfamiljerna\/","og_locale":"sv_SE","og_type":"article","og_title":"Valfrihet och r\u00e4ttvisa f\u00f6r barnfamiljerna - KRISTDEMOKRATERNA V\u00c4RNAMO","og_description":"L\u00f6rdagen den 7 september bes\u00f6kte Kristdemokraternas gruppledare i Sveriges Riksdag, G\u00f6ran H\u00e4gglund fr\u00e5n Bankeryd, Rydaholms marknad och Kristdemokraternas valstuga p\u00e5 Flanaden i V\u00e4rnamo. Vid valstugan deltog \u00e4ven Stefan &amp; Christer (Thors\u00e9n &amp; Fjordevik) och \u00f6vriga kristdemokratiska kandidater i valen 2002. G\u00f6ran H\u00e4gglund uppeh\u00f6ll sig bland annat vid barnfamiljernas oj\u00e4mlika villkor, behovet av b\u00e4ttre f\u00f6ruts\u00e4ttningar f\u00f6r Read More","og_url":"https:\/\/wp.kristdemokraterna.se\/varnamo\/2002\/09\/07\/valfrihet-och-rattvisa-for-barnfamiljerna\/","og_site_name":"KRISTDEMOKRATERNA V\u00c4RNAMO","article_publisher":"https:\/\/www.facebook.com\/KDVarnamo\/","article_published_time":"2002-09-07T19:38:00+00:00","article_modified_time":"2015-07-12T18:07:44+00:00","og_image":[{"url":"http:\/\/wp.kristdemokraterna.se\/varnamo\/files\/2010\/08\/goran_hagglund1.jpg","type":"","width":"","height":""}],"author":"Kristdemokraterna V\u00e4rnamo","twitter_card":"summary_large_image","twitter_creator":"@KDVarnamo","twitter_site":"@KDVarnamo","twitter_misc":{"Skriven av":"Kristdemokraterna V\u00e4rnamo","Ber\u00e4knad l\u00e4stid":"4 minuter"},"schema":{"@context":"https:\/\/schema.org","@graph":[{"@type":"Article","@id":"https:\/\/wp.kristdemokraterna.se\/varnamo\/2002\/09\/07\/valfrihet-och-rattvisa-for-barnfamiljerna\/#article","isPartOf":{"@id":"https:\/\/wp.kristdemokraterna.se\/varnamo\/2002\/09\/07\/valfrihet-och-rattvisa-for-barnfamiljerna\/"},"author":{"name":"Kristdemokraterna V\u00e4rnamo","@id":"https:\/\/wp.kristdemokraterna.se\/varnamo\/#\/schema\/person\/4e339ab04d613699e4dfe80a994e01d4"},"headline":"Valfrihet och r\u00e4ttvisa f\u00f6r barnfamiljerna","datePublished":"2002-09-07T19:38:00+00:00","dateModified":"2015-07-12T18:07:44+00:00","mainEntityOfPage":{"@id":"https:\/\/wp.kristdemokraterna.se\/varnamo\/2002\/09\/07\/valfrihet-och-rattvisa-for-barnfamiljerna\/"},"wordCount":730,"publisher":{"@id":"https:\/\/wp.kristdemokraterna.se\/varnamo\/#organization"},"image":{"@id":"https:\/\/wp.kristdemokraterna.se\/varnamo\/2002\/09\/07\/valfrihet-och-rattvisa-for-barnfamiljerna\/#primaryimage"},"thumbnailUrl":"https:\/\/wp.kristdemokraterna.se\/varnamo\/files\/2022\/08\/kd-logo-blue.png","keywords":["barn och unga","barnbidrag","barnomsorg","barnomsorgskonto","bostadsbidrag","Christer Fjordevik","familj","f\u00f6r\u00e4ldraf\u00f6rs\u00e4kring","f\u00f6retag","G\u00f6ran H\u00e4gglund","gruppledare","riksdagsledamot","Stefan Thors\u00e9n","valfrihet","valr\u00f6relse"],"articleSection":["Nyheter"],"inLanguage":"sv-SE"},{"@type":"WebPage","@id":"https:\/\/wp.kristdemokraterna.se\/varnamo\/2002\/09\/07\/valfrihet-och-rattvisa-for-barnfamiljerna\/","url":"https:\/\/wp.kristdemokraterna.se\/varnamo\/2002\/09\/07\/valfrihet-och-rattvisa-for-barnfamiljerna\/","name":"Valfrihet och r\u00e4ttvisa f\u00f6r barnfamiljerna - KRISTDEMOKRATERNA V\u00c4RNAMO","isPartOf":{"@id":"https:\/\/wp.kristdemokraterna.se\/varnamo\/#website"},"primaryImageOfPage":{"@id":"https:\/\/wp.kristdemokraterna.se\/varnamo\/2002\/09\/07\/valfrihet-och-rattvisa-for-barnfamiljerna\/#primaryimage"},"image":{"@id":"https:\/\/wp.kristdemokraterna.se\/varnamo\/2002\/09\/07\/valfrihet-och-rattvisa-for-barnfamiljerna\/#primaryimage"},"thumbnailUrl":"https:\/\/wp.kristdemokraterna.se\/varnamo\/files\/2022\/08\/kd-logo-blue.png","datePublished":"2002-09-07T19:38:00+00:00","dateModified":"2015-07-12T18:07:44+00:00","breadcrumb":{"@id":"https:\/\/wp.kristdemokraterna.se\/varnamo\/2002\/09\/07\/valfrihet-och-rattvisa-for-barnfamiljerna\/#breadcrumb"},"inLanguage":"sv-SE","potentialAction":[{"@type":"ReadAction","target":["https:\/\/wp.kristdemokraterna.se\/varnamo\/2002\/09\/07\/valfrihet-och-rattvisa-for-barnfamiljerna\/"]}]},{"@type":"ImageObject","inLanguage":"sv-SE","@id":"https:\/\/wp.kristdemokraterna.se\/varnamo\/2002\/09\/07\/valfrihet-och-rattvisa-for-barnfamiljerna\/#primaryimage","url":"https:\/\/wp.kristdemokraterna.se\/varnamo\/files\/2022\/08\/kd-logo-blue.png","contentUrl":"https:\/\/wp.kristdemokraterna.se\/varnamo\/files\/2022\/08\/kd-logo-blue.png","width":2000,"height":2000,"caption":"Kristdemokraternas logotyp"},{"@type":"BreadcrumbList","@id":"https:\/\/wp.kristdemokraterna.se\/varnamo\/2002\/09\/07\/valfrihet-och-rattvisa-for-barnfamiljerna\/#breadcrumb","itemListElement":[{"@type":"ListItem","position":1,"name":"Hem","item":"https:\/\/wp.kristdemokraterna.se\/varnamo\/"},{"@type":"ListItem","position":2,"name":"Valfrihet och r\u00e4ttvisa f\u00f6r barnfamiljerna"}]},{"@type":"WebSite","@id":"https:\/\/wp.kristdemokraterna.se\/varnamo\/#website","url":"https:\/\/wp.kristdemokraterna.se\/varnamo\/","name":"KRISTDEMOKRATERNA V\u00c4RNAMO","description":"Med hj\u00e4rta f\u00f6r V\u00e4rnamo","publisher":{"@id":"https:\/\/wp.kristdemokraterna.se\/varnamo\/#organization"},"inLanguage":"sv-SE"},{"@type":"Organization","@id":"https:\/\/wp.kristdemokraterna.se\/varnamo\/#organization","name":"Kristdemokraterna V\u00e4rnamo","url":"https:\/\/wp.kristdemokraterna.se\/varnamo\/","logo":{"@type":"ImageObject","inLanguage":"sv-SE","@id":"https:\/\/wp.kristdemokraterna.se\/varnamo\/#\/schema\/logo\/image\/","url":"https:\/\/wp.kristdemokraterna.se\/varnamo\/files\/2022\/08\/va\u2560ernamo-sida-bla-300dpi.png","contentUrl":"https:\/\/wp.kristdemokraterna.se\/varnamo\/files\/2022\/08\/va\u2560ernamo-sida-bla-300dpi.png","width":1485,"height":681,"caption":"Kristdemokraterna V\u00e4rnamo"},"image":{"@id":"https:\/\/wp.kristdemokraterna.se\/varnamo\/#\/schema\/logo\/image\/"},"sameAs":["https:\/\/www.facebook.com\/KDVarnamo\/","https:\/\/x.com\/KDVarnamo","https:\/\/www.instagram.com\/","https:\/\/www.youtube.com\/user\/studiokd\/videos"]},{"@type":"Person","@id":"https:\/\/wp.kristdemokraterna.se\/varnamo\/#\/schema\/person\/4e339ab04d613699e4dfe80a994e01d4","name":"Kristdemokraterna V\u00e4rnamo","image":{"@type":"ImageObject","inLanguage":"sv-SE","@id":"https:\/\/secure.gravatar.com\/avatar\/c122e48c7723992af51eb155eeaa93db3c1fa324e3fc6ec45dd712c812809b5b?s=96&r=g","url":"https:\/\/secure.gravatar.com\/avatar\/c122e48c7723992af51eb155eeaa93db3c1fa324e3fc6ec45dd712c812809b5b?s=96&r=g","contentUrl":"https:\/\/secure.gravatar.com\/avatar\/c122e48c7723992af51eb155eeaa93db3c1fa324e3fc6ec45dd712c812809b5b?s=96&r=g","caption":"Kristdemokraterna V\u00e4rnamo"},"description":"Familjens r\u00f6st","sameAs":["http:\/\/www.varnamo.kristdemokraterna.se"],"url":"https:\/\/wp.kristdemokraterna.se\/varnamo\/author\/varnamo\/"}]}},"_links":{"self":[{"href":"https:\/\/wp.kristdemokraterna.se\/varnamo\/wp-json\/wp\/v2\/posts\/2013","targetHints":{"allow":["GET"]}}],"collection":[{"href":"https:\/\/wp.kristdemokraterna.se\/varnamo\/wp-json\/wp\/v2\/posts"}],"about":[{"href":"https:\/\/wp.kristdemokraterna.se\/varnamo\/wp-json\/wp\/v2\/types\/post"}],"author":[{"embeddable":true,"href":"https:\/\/wp.kristdemokraterna.se\/varnamo\/wp-json\/wp\/v2\/users\/412"}],"replies":[{"embeddable":true,"href":"https:\/\/wp.kristdemokraterna.se\/varnamo\/wp-json\/wp\/v2\/comments?post=2013"}],"version-history":[{"count":7,"href":"https:\/\/wp.kristdemokraterna.se\/varnamo\/wp-json\/wp\/v2\/posts\/2013\/revisions"}],"predecessor-version":[{"id":6840,"href":"https:\/\/wp.kristdemokraterna.se\/varnamo\/wp-json\/wp\/v2\/posts\/2013\/revisions\/6840"}],"wp:featuredmedia":[{"embeddable":true,"href":"https:\/\/wp.kristdemokraterna.se\/varnamo\/wp-json\/wp\/v2\/media\/9638"}],"wp:attachment":[{"href":"https:\/\/wp.kristdemokraterna.se\/varnamo\/wp-json\/wp\/v2\/media?parent=2013"}],"wp:term":[{"taxonomy":"category","embeddable":true,"href":"https:\/\/wp.kristdemokraterna.se\/varnamo\/wp-json\/wp\/v2\/categories?post=2013"},{"taxonomy":"post_tag","embeddable":true,"href":"https:\/\/wp.kristdemokraterna.se\/varnamo\/wp-json\/wp\/v2\/tags?post=2013"}],"curies":[{"name":"wp","href":"https:\/\/api.w.org\/{rel}","templated":true}]}}