{"id":2014,"date":"2002-09-03T21:38:00","date_gmt":"2002-09-03T19:38:00","guid":{"rendered":"http:\/\/localhost:4901\/?p=2014"},"modified":"2015-07-12T20:09:11","modified_gmt":"2015-07-12T18:09:11","slug":"vem-har-rad-att-le","status":"publish","type":"post","link":"https:\/\/wp.kristdemokraterna.se\/varnamo\/2002\/09\/03\/vem-har-rad-att-le\/","title":{"rendered":"Vem har r\u00e5d att le?"},"content":{"rendered":"<div style=\"width: 210px\" class=\"wp-caption alignnone\"><a href=\"http:\/\/wp.kristdemokraterna.se\/varnamo\/files\/2010\/08\/lisbeth_rydefjard.jpg\"><img loading=\"lazy\" decoding=\"async\" title=\"lisbeth_rydefjard\" src=\"http:\/\/wp.kristdemokraterna.se\/varnamo\/files\/2010\/08\/lisbeth_rydefjard.jpg\" alt=\"Lisbeth Rydefj\u00e4rd, Kristdemokratiskt landstingsr\u00e5d i J\u00f6nk\u00f6pings l\u00e4n\" width=\"200\" height=\"268\" \/><\/a><p class=\"wp-caption-text\">Lisbeth Rydefj\u00e4rd, Kristdemokratiskt landstingsr\u00e5d i J\u00f6nk\u00f6pings l\u00e4n<\/p><\/div>\n<p>Tisdagen den 3 september bes\u00f6kte Kristdemokraternas landstingsr\u00e5d i J\u00f6nk\u00f6pings l\u00e4n, Lisbeth Rydefj\u00e4rd, V\u00e4rnamo. Vid bes\u00f6ket hann hon b\u00e5de bes\u00f6ka Kristdemokraternas valstuga p\u00e5 Flanaden och delta i en nykterhetsdebatt i Fryele. Vid bes\u00f6ket i valstugan gjorde hon ett talade hon bland annat om statsminister G\u00f6ran Perssons s\u00e5 kallade satsning p\u00e5 tandv\u00e5rd.<\/p>\n<p><!--more--><q title=\"Lisbeth Rydefj\u00e4rd\">I g\u00e5rdagens utfr\u00e5gning i SVT s\u00e4ger statsministern att de pension\u00e4rer som inte har r\u00e5d med tandv\u00e5rd f\u00e5r v\u00e4nda sig till socialtj\u00e4nsten. Det \u00e4r f\u00f6rnedrande att beh\u00f6va st\u00e5 med m\u00f6ssan i hand f\u00f6r att f\u00e5 t\u00e4nderna p\u00e5 r\u00e4tt plats.<\/q> Det s\u00e4ger Lisbeth Rydefj\u00e4rd, kristdemokratiskt landstingsr\u00e5d, i en kommentar till statsministerns l\u00f6sning p\u00e5 pension\u00e4rernas tandv\u00e5rdsbehov.<\/p>\n<p>G\u00f6ran\u00a0Persson har flera g\u00e5nger sagt att det inte ska g\u00e5 att se p\u00e5\u00a0leendet om man har god ekonomi eller inte. Men efter \u00e5tta \u00e5r av\u00a0socialdemokratisk regering h\u00e4nvisar Persson till kommunernas socialtj\u00e4nst\u00a0ist\u00e4llet f\u00f6r att komma med konkreta f\u00f6rslag som f\u00f6rb\u00e4ttrar<br \/>\npension\u00e4rernas m\u00f6jlighet till god tandv\u00e5rd.<\/p>\n<p>Regeringens &#8221;satsning&#8221; p\u00e5 tandv\u00e5rd f\u00f6r pension\u00e4rer som beh\u00f6ver l\u00f6st\u00e4nder inneb\u00e4r en s\u00e4nkning av egenavgiften fr\u00e5n 50 000 kr till 30 000 kr. Vem har r\u00e5d att le?<\/p>\n<p>Vi kristdemokrater vill se tandv\u00e5rdsf\u00f6rs\u00e4kringen som en del av den allm\u00e4nna sjukv\u00e5rdsf\u00f6rs\u00e4kringen. T\u00e4nderna tillh\u00f6r kroppen och behoven ska styra, inte \u00e5ldern, avslutar Lisbeth Rydefj\u00e4rd (kd).<\/p>\n","protected":false},"excerpt":{"rendered":"<p>Tisdagen den 3 september bes\u00f6kte Kristdemokraternas landstingsr\u00e5d i J\u00f6nk\u00f6pings l\u00e4n, Lisbeth Rydefj\u00e4rd, V\u00e4rnamo. Vid bes\u00f6ket hann hon b\u00e5de bes\u00f6ka Kristdemokraternas valstuga p\u00e5 Flanaden och delta i en nykterhetsdebatt i Fryele. Vid bes\u00f6ket i valstugan gjorde hon ett talade hon bland annat om statsminister G\u00f6ran Perssons s\u00e5 kallade satsning p\u00e5 tandv\u00e5rd.<\/p>\n","protected":false},"author":412,"featured_media":9638,"comment_status":"closed","ping_status":"closed","sticky":false,"template":"","format":"standard","meta":{"_acf_changed":false,"footnotes":""},"categories":[11],"tags":[47,152,318,316,317,62],"class_list":["post-2014","post","type-post","status-publish","format-standard","hentry","category-nyheter","tag-landstingsrad","tag-lisbeth-rydefjard","tag-sjukvardsforsakring","tag-tandvard","tag-tandvardsforsakring","tag-valrorelse"],"acf":[],"yoast_head":"<!-- This site is optimized with the Yoast SEO plugin v27.4 - https:\/\/yoast.com\/product\/yoast-seo-wordpress\/ -->\n<title>Vem har r\u00e5d att le? - KRISTDEMOKRATERNA V\u00c4RNAMO<\/title>\n<meta name=\"robots\" content=\"index, follow, max-snippet:-1, max-image-preview:large, max-video-preview:-1\" \/>\n<link rel=\"canonical\" href=\"https:\/\/wp.kristdemokraterna.se\/varnamo\/2002\/09\/03\/vem-har-rad-att-le\/\" \/>\n<meta property=\"og:locale\" content=\"sv_SE\" \/>\n<meta property=\"og:type\" content=\"article\" \/>\n<meta property=\"og:title\" content=\"Vem har r\u00e5d att le? - KRISTDEMOKRATERNA V\u00c4RNAMO\" \/>\n<meta property=\"og:description\" content=\"Tisdagen den 3 september bes\u00f6kte Kristdemokraternas landstingsr\u00e5d i J\u00f6nk\u00f6pings l\u00e4n, Lisbeth Rydefj\u00e4rd, V\u00e4rnamo. Vid bes\u00f6ket hann hon b\u00e5de bes\u00f6ka Kristdemokraternas valstuga p\u00e5 Flanaden och delta i en nykterhetsdebatt i Fryele. Vid bes\u00f6ket i valstugan gjorde hon ett talade hon bland annat om statsminister G\u00f6ran Perssons s\u00e5 kallade satsning p\u00e5 tandv\u00e5rd.\" \/>\n<meta property=\"og:url\" content=\"https:\/\/wp.kristdemokraterna.se\/varnamo\/2002\/09\/03\/vem-har-rad-att-le\/\" \/>\n<meta property=\"og:site_name\" content=\"KRISTDEMOKRATERNA V\u00c4RNAMO\" \/>\n<meta property=\"article:publisher\" content=\"https:\/\/www.facebook.com\/KDVarnamo\/\" \/>\n<meta property=\"article:published_time\" content=\"2002-09-03T19:38:00+00:00\" \/>\n<meta property=\"article:modified_time\" content=\"2015-07-12T18:09:11+00:00\" \/>\n<meta property=\"og:image\" content=\"http:\/\/wp.kristdemokraterna.se\/varnamo\/files\/2010\/08\/lisbeth_rydefjard.jpg\" \/>\n<meta name=\"author\" content=\"Kristdemokraterna V\u00e4rnamo\" \/>\n<meta name=\"twitter:card\" content=\"summary_large_image\" \/>\n<meta name=\"twitter:creator\" content=\"@KDVarnamo\" \/>\n<meta name=\"twitter:site\" content=\"@KDVarnamo\" \/>\n<meta name=\"twitter:label1\" content=\"Skriven av\" \/>\n\t<meta name=\"twitter:data1\" content=\"Kristdemokraterna V\u00e4rnamo\" \/>\n\t<meta name=\"twitter:label2\" content=\"Ber\u00e4knad l\u00e4stid\" \/>\n\t<meta name=\"twitter:data2\" content=\"1 minut\" \/>\n<script type=\"application\/ld+json\" class=\"yoast-schema-graph\">{\"@context\":\"https:\\\/\\\/schema.org\",\"@graph\":[{\"@type\":\"Article\",\"@id\":\"https:\\\/\\\/wp.kristdemokraterna.se\\\/varnamo\\\/2002\\\/09\\\/03\\\/vem-har-rad-att-le\\\/#article\",\"isPartOf\":{\"@id\":\"https:\\\/\\\/wp.kristdemokraterna.se\\\/varnamo\\\/2002\\\/09\\\/03\\\/vem-har-rad-att-le\\\/\"},\"author\":{\"name\":\"Kristdemokraterna V\u00e4rnamo\",\"@id\":\"https:\\\/\\\/wp.kristdemokraterna.se\\\/varnamo\\\/#\\\/schema\\\/person\\\/4e339ab04d613699e4dfe80a994e01d4\"},\"headline\":\"Vem har r\u00e5d att le?\",\"datePublished\":\"2002-09-03T19:38:00+00:00\",\"dateModified\":\"2015-07-12T18:09:11+00:00\",\"mainEntityOfPage\":{\"@id\":\"https:\\\/\\\/wp.kristdemokraterna.se\\\/varnamo\\\/2002\\\/09\\\/03\\\/vem-har-rad-att-le\\\/\"},\"wordCount\":288,\"publisher\":{\"@id\":\"https:\\\/\\\/wp.kristdemokraterna.se\\\/varnamo\\\/#organization\"},\"image\":{\"@id\":\"https:\\\/\\\/wp.kristdemokraterna.se\\\/varnamo\\\/2002\\\/09\\\/03\\\/vem-har-rad-att-le\\\/#primaryimage\"},\"thumbnailUrl\":\"https:\\\/\\\/wp.kristdemokraterna.se\\\/varnamo\\\/files\\\/2022\\\/08\\\/kd-logo-blue.png\",\"keywords\":[\"landstingsr\u00e5d\",\"Lisbeth Rydefj\u00e4rd\",\"sjukv\u00e5rdsf\u00f6rs\u00e4kring\",\"tandv\u00e5rd\",\"tandv\u00e5rdsf\u00f6rs\u00e4kring\",\"valr\u00f6relse\"],\"articleSection\":[\"Nyheter\"],\"inLanguage\":\"sv-SE\"},{\"@type\":\"WebPage\",\"@id\":\"https:\\\/\\\/wp.kristdemokraterna.se\\\/varnamo\\\/2002\\\/09\\\/03\\\/vem-har-rad-att-le\\\/\",\"url\":\"https:\\\/\\\/wp.kristdemokraterna.se\\\/varnamo\\\/2002\\\/09\\\/03\\\/vem-har-rad-att-le\\\/\",\"name\":\"Vem har r\u00e5d att le? - KRISTDEMOKRATERNA V\u00c4RNAMO\",\"isPartOf\":{\"@id\":\"https:\\\/\\\/wp.kristdemokraterna.se\\\/varnamo\\\/#website\"},\"primaryImageOfPage\":{\"@id\":\"https:\\\/\\\/wp.kristdemokraterna.se\\\/varnamo\\\/2002\\\/09\\\/03\\\/vem-har-rad-att-le\\\/#primaryimage\"},\"image\":{\"@id\":\"https:\\\/\\\/wp.kristdemokraterna.se\\\/varnamo\\\/2002\\\/09\\\/03\\\/vem-har-rad-att-le\\\/#primaryimage\"},\"thumbnailUrl\":\"https:\\\/\\\/wp.kristdemokraterna.se\\\/varnamo\\\/files\\\/2022\\\/08\\\/kd-logo-blue.png\",\"datePublished\":\"2002-09-03T19:38:00+00:00\",\"dateModified\":\"2015-07-12T18:09:11+00:00\",\"breadcrumb\":{\"@id\":\"https:\\\/\\\/wp.kristdemokraterna.se\\\/varnamo\\\/2002\\\/09\\\/03\\\/vem-har-rad-att-le\\\/#breadcrumb\"},\"inLanguage\":\"sv-SE\",\"potentialAction\":[{\"@type\":\"ReadAction\",\"target\":[\"https:\\\/\\\/wp.kristdemokraterna.se\\\/varnamo\\\/2002\\\/09\\\/03\\\/vem-har-rad-att-le\\\/\"]}]},{\"@type\":\"ImageObject\",\"inLanguage\":\"sv-SE\",\"@id\":\"https:\\\/\\\/wp.kristdemokraterna.se\\\/varnamo\\\/2002\\\/09\\\/03\\\/vem-har-rad-att-le\\\/#primaryimage\",\"url\":\"https:\\\/\\\/wp.kristdemokraterna.se\\\/varnamo\\\/files\\\/2022\\\/08\\\/kd-logo-blue.png\",\"contentUrl\":\"https:\\\/\\\/wp.kristdemokraterna.se\\\/varnamo\\\/files\\\/2022\\\/08\\\/kd-logo-blue.png\",\"width\":2000,\"height\":2000,\"caption\":\"Kristdemokraternas logotyp\"},{\"@type\":\"BreadcrumbList\",\"@id\":\"https:\\\/\\\/wp.kristdemokraterna.se\\\/varnamo\\\/2002\\\/09\\\/03\\\/vem-har-rad-att-le\\\/#breadcrumb\",\"itemListElement\":[{\"@type\":\"ListItem\",\"position\":1,\"name\":\"Hem\",\"item\":\"https:\\\/\\\/wp.kristdemokraterna.se\\\/varnamo\\\/\"},{\"@type\":\"ListItem\",\"position\":2,\"name\":\"Vem har r\u00e5d att le?\"}]},{\"@type\":\"WebSite\",\"@id\":\"https:\\\/\\\/wp.kristdemokraterna.se\\\/varnamo\\\/#website\",\"url\":\"https:\\\/\\\/wp.kristdemokraterna.se\\\/varnamo\\\/\",\"name\":\"KRISTDEMOKRATERNA V\u00c4RNAMO\",\"description\":\"Med hj\u00e4rta f\u00f6r V\u00e4rnamo\",\"publisher\":{\"@id\":\"https:\\\/\\\/wp.kristdemokraterna.se\\\/varnamo\\\/#organization\"},\"inLanguage\":\"sv-SE\"},{\"@type\":\"Organization\",\"@id\":\"https:\\\/\\\/wp.kristdemokraterna.se\\\/varnamo\\\/#organization\",\"name\":\"Kristdemokraterna V\u00e4rnamo\",\"url\":\"https:\\\/\\\/wp.kristdemokraterna.se\\\/varnamo\\\/\",\"logo\":{\"@type\":\"ImageObject\",\"inLanguage\":\"sv-SE\",\"@id\":\"https:\\\/\\\/wp.kristdemokraterna.se\\\/varnamo\\\/#\\\/schema\\\/logo\\\/image\\\/\",\"url\":\"https:\\\/\\\/wp.kristdemokraterna.se\\\/varnamo\\\/files\\\/2022\\\/08\\\/va\u2560ernamo-sida-bla-300dpi.png\",\"contentUrl\":\"https:\\\/\\\/wp.kristdemokraterna.se\\\/varnamo\\\/files\\\/2022\\\/08\\\/va\u2560ernamo-sida-bla-300dpi.png\",\"width\":1485,\"height\":681,\"caption\":\"Kristdemokraterna V\u00e4rnamo\"},\"image\":{\"@id\":\"https:\\\/\\\/wp.kristdemokraterna.se\\\/varnamo\\\/#\\\/schema\\\/logo\\\/image\\\/\"},\"sameAs\":[\"https:\\\/\\\/www.facebook.com\\\/KDVarnamo\\\/\",\"https:\\\/\\\/x.com\\\/KDVarnamo\",\"https:\\\/\\\/www.instagram.com\\\/\",\"https:\\\/\\\/www.youtube.com\\\/user\\\/studiokd\\\/videos\"]},{\"@type\":\"Person\",\"@id\":\"https:\\\/\\\/wp.kristdemokraterna.se\\\/varnamo\\\/#\\\/schema\\\/person\\\/4e339ab04d613699e4dfe80a994e01d4\",\"name\":\"Kristdemokraterna V\u00e4rnamo\",\"image\":{\"@type\":\"ImageObject\",\"inLanguage\":\"sv-SE\",\"@id\":\"https:\\\/\\\/secure.gravatar.com\\\/avatar\\\/c122e48c7723992af51eb155eeaa93db3c1fa324e3fc6ec45dd712c812809b5b?s=96&r=g\",\"url\":\"https:\\\/\\\/secure.gravatar.com\\\/avatar\\\/c122e48c7723992af51eb155eeaa93db3c1fa324e3fc6ec45dd712c812809b5b?s=96&r=g\",\"contentUrl\":\"https:\\\/\\\/secure.gravatar.com\\\/avatar\\\/c122e48c7723992af51eb155eeaa93db3c1fa324e3fc6ec45dd712c812809b5b?s=96&r=g\",\"caption\":\"Kristdemokraterna V\u00e4rnamo\"},\"description\":\"Familjens r\u00f6st\",\"sameAs\":[\"http:\\\/\\\/www.varnamo.kristdemokraterna.se\"],\"url\":\"https:\\\/\\\/wp.kristdemokraterna.se\\\/varnamo\\\/author\\\/varnamo\\\/\"}]}<\/script>\n<!-- \/ Yoast SEO plugin. -->","yoast_head_json":{"title":"Vem har r\u00e5d att le? - KRISTDEMOKRATERNA V\u00c4RNAMO","robots":{"index":"index","follow":"follow","max-snippet":"max-snippet:-1","max-image-preview":"max-image-preview:large","max-video-preview":"max-video-preview:-1"},"canonical":"https:\/\/wp.kristdemokraterna.se\/varnamo\/2002\/09\/03\/vem-har-rad-att-le\/","og_locale":"sv_SE","og_type":"article","og_title":"Vem har r\u00e5d att le? - KRISTDEMOKRATERNA V\u00c4RNAMO","og_description":"Tisdagen den 3 september bes\u00f6kte Kristdemokraternas landstingsr\u00e5d i J\u00f6nk\u00f6pings l\u00e4n, Lisbeth Rydefj\u00e4rd, V\u00e4rnamo. Vid bes\u00f6ket hann hon b\u00e5de bes\u00f6ka Kristdemokraternas valstuga p\u00e5 Flanaden och delta i en nykterhetsdebatt i Fryele. Vid bes\u00f6ket i valstugan gjorde hon ett talade hon bland annat om statsminister G\u00f6ran Perssons s\u00e5 kallade satsning p\u00e5 tandv\u00e5rd.","og_url":"https:\/\/wp.kristdemokraterna.se\/varnamo\/2002\/09\/03\/vem-har-rad-att-le\/","og_site_name":"KRISTDEMOKRATERNA V\u00c4RNAMO","article_publisher":"https:\/\/www.facebook.com\/KDVarnamo\/","article_published_time":"2002-09-03T19:38:00+00:00","article_modified_time":"2015-07-12T18:09:11+00:00","og_image":[{"url":"http:\/\/wp.kristdemokraterna.se\/varnamo\/files\/2010\/08\/lisbeth_rydefjard.jpg","type":"","width":"","height":""}],"author":"Kristdemokraterna V\u00e4rnamo","twitter_card":"summary_large_image","twitter_creator":"@KDVarnamo","twitter_site":"@KDVarnamo","twitter_misc":{"Skriven av":"Kristdemokraterna V\u00e4rnamo","Ber\u00e4knad l\u00e4stid":"1 minut"},"schema":{"@context":"https:\/\/schema.org","@graph":[{"@type":"Article","@id":"https:\/\/wp.kristdemokraterna.se\/varnamo\/2002\/09\/03\/vem-har-rad-att-le\/#article","isPartOf":{"@id":"https:\/\/wp.kristdemokraterna.se\/varnamo\/2002\/09\/03\/vem-har-rad-att-le\/"},"author":{"name":"Kristdemokraterna V\u00e4rnamo","@id":"https:\/\/wp.kristdemokraterna.se\/varnamo\/#\/schema\/person\/4e339ab04d613699e4dfe80a994e01d4"},"headline":"Vem har r\u00e5d att le?","datePublished":"2002-09-03T19:38:00+00:00","dateModified":"2015-07-12T18:09:11+00:00","mainEntityOfPage":{"@id":"https:\/\/wp.kristdemokraterna.se\/varnamo\/2002\/09\/03\/vem-har-rad-att-le\/"},"wordCount":288,"publisher":{"@id":"https:\/\/wp.kristdemokraterna.se\/varnamo\/#organization"},"image":{"@id":"https:\/\/wp.kristdemokraterna.se\/varnamo\/2002\/09\/03\/vem-har-rad-att-le\/#primaryimage"},"thumbnailUrl":"https:\/\/wp.kristdemokraterna.se\/varnamo\/files\/2022\/08\/kd-logo-blue.png","keywords":["landstingsr\u00e5d","Lisbeth Rydefj\u00e4rd","sjukv\u00e5rdsf\u00f6rs\u00e4kring","tandv\u00e5rd","tandv\u00e5rdsf\u00f6rs\u00e4kring","valr\u00f6relse"],"articleSection":["Nyheter"],"inLanguage":"sv-SE"},{"@type":"WebPage","@id":"https:\/\/wp.kristdemokraterna.se\/varnamo\/2002\/09\/03\/vem-har-rad-att-le\/","url":"https:\/\/wp.kristdemokraterna.se\/varnamo\/2002\/09\/03\/vem-har-rad-att-le\/","name":"Vem har r\u00e5d att le? - KRISTDEMOKRATERNA V\u00c4RNAMO","isPartOf":{"@id":"https:\/\/wp.kristdemokraterna.se\/varnamo\/#website"},"primaryImageOfPage":{"@id":"https:\/\/wp.kristdemokraterna.se\/varnamo\/2002\/09\/03\/vem-har-rad-att-le\/#primaryimage"},"image":{"@id":"https:\/\/wp.kristdemokraterna.se\/varnamo\/2002\/09\/03\/vem-har-rad-att-le\/#primaryimage"},"thumbnailUrl":"https:\/\/wp.kristdemokraterna.se\/varnamo\/files\/2022\/08\/kd-logo-blue.png","datePublished":"2002-09-03T19:38:00+00:00","dateModified":"2015-07-12T18:09:11+00:00","breadcrumb":{"@id":"https:\/\/wp.kristdemokraterna.se\/varnamo\/2002\/09\/03\/vem-har-rad-att-le\/#breadcrumb"},"inLanguage":"sv-SE","potentialAction":[{"@type":"ReadAction","target":["https:\/\/wp.kristdemokraterna.se\/varnamo\/2002\/09\/03\/vem-har-rad-att-le\/"]}]},{"@type":"ImageObject","inLanguage":"sv-SE","@id":"https:\/\/wp.kristdemokraterna.se\/varnamo\/2002\/09\/03\/vem-har-rad-att-le\/#primaryimage","url":"https:\/\/wp.kristdemokraterna.se\/varnamo\/files\/2022\/08\/kd-logo-blue.png","contentUrl":"https:\/\/wp.kristdemokraterna.se\/varnamo\/files\/2022\/08\/kd-logo-blue.png","width":2000,"height":2000,"caption":"Kristdemokraternas logotyp"},{"@type":"BreadcrumbList","@id":"https:\/\/wp.kristdemokraterna.se\/varnamo\/2002\/09\/03\/vem-har-rad-att-le\/#breadcrumb","itemListElement":[{"@type":"ListItem","position":1,"name":"Hem","item":"https:\/\/wp.kristdemokraterna.se\/varnamo\/"},{"@type":"ListItem","position":2,"name":"Vem har r\u00e5d att le?"}]},{"@type":"WebSite","@id":"https:\/\/wp.kristdemokraterna.se\/varnamo\/#website","url":"https:\/\/wp.kristdemokraterna.se\/varnamo\/","name":"KRISTDEMOKRATERNA V\u00c4RNAMO","description":"Med hj\u00e4rta f\u00f6r V\u00e4rnamo","publisher":{"@id":"https:\/\/wp.kristdemokraterna.se\/varnamo\/#organization"},"inLanguage":"sv-SE"},{"@type":"Organization","@id":"https:\/\/wp.kristdemokraterna.se\/varnamo\/#organization","name":"Kristdemokraterna V\u00e4rnamo","url":"https:\/\/wp.kristdemokraterna.se\/varnamo\/","logo":{"@type":"ImageObject","inLanguage":"sv-SE","@id":"https:\/\/wp.kristdemokraterna.se\/varnamo\/#\/schema\/logo\/image\/","url":"https:\/\/wp.kristdemokraterna.se\/varnamo\/files\/2022\/08\/va\u2560ernamo-sida-bla-300dpi.png","contentUrl":"https:\/\/wp.kristdemokraterna.se\/varnamo\/files\/2022\/08\/va\u2560ernamo-sida-bla-300dpi.png","width":1485,"height":681,"caption":"Kristdemokraterna V\u00e4rnamo"},"image":{"@id":"https:\/\/wp.kristdemokraterna.se\/varnamo\/#\/schema\/logo\/image\/"},"sameAs":["https:\/\/www.facebook.com\/KDVarnamo\/","https:\/\/x.com\/KDVarnamo","https:\/\/www.instagram.com\/","https:\/\/www.youtube.com\/user\/studiokd\/videos"]},{"@type":"Person","@id":"https:\/\/wp.kristdemokraterna.se\/varnamo\/#\/schema\/person\/4e339ab04d613699e4dfe80a994e01d4","name":"Kristdemokraterna V\u00e4rnamo","image":{"@type":"ImageObject","inLanguage":"sv-SE","@id":"https:\/\/secure.gravatar.com\/avatar\/c122e48c7723992af51eb155eeaa93db3c1fa324e3fc6ec45dd712c812809b5b?s=96&r=g","url":"https:\/\/secure.gravatar.com\/avatar\/c122e48c7723992af51eb155eeaa93db3c1fa324e3fc6ec45dd712c812809b5b?s=96&r=g","contentUrl":"https:\/\/secure.gravatar.com\/avatar\/c122e48c7723992af51eb155eeaa93db3c1fa324e3fc6ec45dd712c812809b5b?s=96&r=g","caption":"Kristdemokraterna V\u00e4rnamo"},"description":"Familjens r\u00f6st","sameAs":["http:\/\/www.varnamo.kristdemokraterna.se"],"url":"https:\/\/wp.kristdemokraterna.se\/varnamo\/author\/varnamo\/"}]}},"_links":{"self":[{"href":"https:\/\/wp.kristdemokraterna.se\/varnamo\/wp-json\/wp\/v2\/posts\/2014","targetHints":{"allow":["GET"]}}],"collection":[{"href":"https:\/\/wp.kristdemokraterna.se\/varnamo\/wp-json\/wp\/v2\/posts"}],"about":[{"href":"https:\/\/wp.kristdemokraterna.se\/varnamo\/wp-json\/wp\/v2\/types\/post"}],"author":[{"embeddable":true,"href":"https:\/\/wp.kristdemokraterna.se\/varnamo\/wp-json\/wp\/v2\/users\/412"}],"replies":[{"embeddable":true,"href":"https:\/\/wp.kristdemokraterna.se\/varnamo\/wp-json\/wp\/v2\/comments?post=2014"}],"version-history":[{"count":9,"href":"https:\/\/wp.kristdemokraterna.se\/varnamo\/wp-json\/wp\/v2\/posts\/2014\/revisions"}],"predecessor-version":[{"id":6842,"href":"https:\/\/wp.kristdemokraterna.se\/varnamo\/wp-json\/wp\/v2\/posts\/2014\/revisions\/6842"}],"wp:featuredmedia":[{"embeddable":true,"href":"https:\/\/wp.kristdemokraterna.se\/varnamo\/wp-json\/wp\/v2\/media\/9638"}],"wp:attachment":[{"href":"https:\/\/wp.kristdemokraterna.se\/varnamo\/wp-json\/wp\/v2\/media?parent=2014"}],"wp:term":[{"taxonomy":"category","embeddable":true,"href":"https:\/\/wp.kristdemokraterna.se\/varnamo\/wp-json\/wp\/v2\/categories?post=2014"},{"taxonomy":"post_tag","embeddable":true,"href":"https:\/\/wp.kristdemokraterna.se\/varnamo\/wp-json\/wp\/v2\/tags?post=2014"}],"curies":[{"name":"wp","href":"https:\/\/api.w.org\/{rel}","templated":true}]}}