{"id":2015,"date":"2002-08-31T21:38:00","date_gmt":"2002-08-31T19:38:00","guid":{"rendered":"http:\/\/localhost:4901\/?p=2015"},"modified":"2015-07-12T20:14:27","modified_gmt":"2015-07-12T18:14:27","slug":"vad-vantar-regeringen-pa","status":"publish","type":"post","link":"https:\/\/wp.kristdemokraterna.se\/varnamo\/2002\/08\/31\/vad-vantar-regeringen-pa\/","title":{"rendered":"Vad v\u00e4ntar regeringen p\u00e5?"},"content":{"rendered":"<p>L\u00f6rdagen den 31 augusti deltog Margareta Lindahl i Kristdemokraternas m\u00f6te utanf\u00f6r valstugan. Vid m\u00f6tet presenterades Kristdemokraternas kandidater i kommunfullm\u00e4ktigevalet, bland andra Stefan &amp; Christer (Thors\u00e9n &amp; Fjordevik). Christer Fjordevik \u00e4r Kristdemokraternas kommunalr\u00e5dskandidat och Stefan Thors\u00e9n toppar landstingslistan. N\u00e4r Margareta Lindahl fick mikrofonen talade hon bland annat om en av sina hj\u00e4rtefr\u00e5gor &#8211; \u00a0\u00f6kad satsning p\u00e5 rehabiliterings\u00e5tg\u00e4rder.<\/p>\n<p><!--more-->Regeringen har trots stolta utf\u00e4stelser, ej kunnat bromsa och bryta den kraftiga \u00f6kningen av arbetsrelaterad oh\u00e4lsa och l\u00e5ngtidssjukskrivningar, sade Margareta Lindahl bland annat och fortsatte.<\/p>\n<p>Det\u00a0fanns i slutet av april i \u00e5r 118 000 personer som varit sjukskrivna\u00a0i mer \u00e4n i ett \u00e5r, vilket \u00e4r den h\u00f6gsta siffran n\u00e5gonsin\u00a0i Sverige. Totalt \u00e4r ca 300 000 personer sjukskrivna. Utgifter f\u00f6r\u00a0sjukpenning enbart under perioden jan.-juni i \u00e5r var 20,5 miljarder\u00a0kronor och f\u00f6r f\u00f6rtidspensionering\/sjukbidrag 22 miljarder kronor.\u00a0J\u00e4mf\u00f6rt med motsvarande period f\u00f6rra \u00e5ret, \u00e4r detta\u00a0en \u00f6kning f\u00f6r sjukpenning med 16% och f\u00f6r f\u00f6rtidspensionering\/sjukbidrag\u00a08,6%, enligt Riksf\u00f6rs\u00e4kringsverkets siffror 2002-07-30. Kvinnor\u00a0\u00e4r kraftigt \u00f6verrepresenterade bland de l\u00e5ngtidssjukskrivna\u00a0och \u00e5terfinns till stor del inom den offentliga sektorn i verksamheter\u00a0som v\u00e5rd, omsorg och skola.<\/p>\n<p>Vi Kristdemokrater anser att det \u00e4r n\u00f6dv\u00e4ndigt att \u00f6ka satsningen p\u00e5 rehabiliterings\u00e5tg\u00e4rder varf\u00f6r Kristdemokraterna avser satsa 2700 miljoner kronor \u00e5r 2002, att j\u00e4mf\u00f6ras med Regeringens satsning p\u00e5 70 miljoner. Kristdemokraterna f\u00f6resl\u00e5r, att en ny kraftfull samordnad rehabiliteringsf\u00f6rs\u00e4kring inf\u00f6rs, j\u00e4mst\u00e4lld f\u00f6r kvinnor och m\u00e4n. LO, TCO och SACO st\u00f6djer f\u00f6rslaget. Det kan n\u00e4mnas att idag bereds m\u00e4nnen i h\u00f6gre grad \u00e4n kvinnor ,rehabiliterings utredning och utbildning, medan kvinnor ofta f\u00e5r arbetstr\u00e4ning i den milj\u00f6 som belastat deras h\u00e4lsa och vilket i studier p\u00e5visats ge s\u00e4mre m\u00f6jligheter till tillfrisknande och \u00e5terg\u00e5ng till arbete. H\u00e4lsof\u00f6rb\u00e4ttringar \u00e4r av stor betydelse f\u00f6r en \u00e5terg\u00e5ng till arbete, men dock inte det prim\u00e4ra f\u00f6r alla. Med \u00e4ndrade arbetsf\u00f6rh\u00e5llanden skulle m\u00e5nga kunnat arbeta om arbetsgivare kan ges m\u00f6jlighet att vara kreativa att hitta l\u00f6sningar. Att v\u00e4nta p\u00e5 att bromsa det \u00f6kande oh\u00e4lsotalet handlar ej enbart om stegrade ekonomiska f\u00f6rluster, det handlar om f\u00f6rlust av m\u00e4nskliga v\u00e4rden och utg\u00f6r ett hot mot v\u00e4lf\u00e4rd och demokrati.<\/p>\n<p>Vad g\u00f6r Regeringen?<\/p>\n","protected":false},"excerpt":{"rendered":"<p>L\u00f6rdagen den 31 augusti deltog Margareta Lindahl i Kristdemokraternas m\u00f6te utanf\u00f6r valstugan. Vid m\u00f6tet presenterades Kristdemokraternas kandidater i kommunfullm\u00e4ktigevalet, bland andra Stefan &amp; Christer (Thors\u00e9n &amp; Fjordevik). Christer Fjordevik \u00e4r Kristdemokraternas kommunalr\u00e5dskandidat och Stefan Thors\u00e9n toppar landstingslistan. N\u00e4r Margareta Lindahl fick mikrofonen talade hon bland annat om en av sina hj\u00e4rtefr\u00e5gor &#8211; \u00a0\u00f6kad satsning p\u00e5 <a class=\"read-more-link\" href=\"https:\/\/wp.kristdemokraterna.se\/varnamo\/2002\/08\/31\/vad-vantar-regeringen-pa\/\">Read More<\/a><\/p>\n","protected":false},"author":412,"featured_media":4171,"comment_status":"closed","ping_status":"closed","sticky":false,"template":"","format":"standard","meta":{"_acf_changed":false,"footnotes":""},"categories":[11],"tags":[24,189,165,110,261,188,318,33,266,62,241],"class_list":["post-2015","post","type-post","status-publish","format-standard","hentry","category-nyheter","tag-christer-fjordevik","tag-fortidspension","tag-kvinnor","tag-margareta-lindahl","tag-omsorg","tag-sjukskrivning","tag-sjukvardsforsakring","tag-skola","tag-stefan-thorsen","tag-valrorelse","tag-vard"],"acf":[],"yoast_head":"<!-- This site is optimized with the Yoast SEO plugin v27.4 - https:\/\/yoast.com\/product\/yoast-seo-wordpress\/ -->\n<title>Vad v\u00e4ntar regeringen p\u00e5? - KRISTDEMOKRATERNA V\u00c4RNAMO<\/title>\n<meta name=\"robots\" content=\"index, follow, max-snippet:-1, max-image-preview:large, max-video-preview:-1\" \/>\n<link rel=\"canonical\" href=\"https:\/\/wp.kristdemokraterna.se\/varnamo\/2002\/08\/31\/vad-vantar-regeringen-pa\/\" \/>\n<meta property=\"og:locale\" content=\"sv_SE\" \/>\n<meta property=\"og:type\" content=\"article\" \/>\n<meta property=\"og:title\" content=\"Vad v\u00e4ntar regeringen p\u00e5? - KRISTDEMOKRATERNA V\u00c4RNAMO\" \/>\n<meta property=\"og:description\" content=\"L\u00f6rdagen den 31 augusti deltog Margareta Lindahl i Kristdemokraternas m\u00f6te utanf\u00f6r valstugan. Vid m\u00f6tet presenterades Kristdemokraternas kandidater i kommunfullm\u00e4ktigevalet, bland andra Stefan &amp; Christer (Thors\u00e9n &amp; Fjordevik). Christer Fjordevik \u00e4r Kristdemokraternas kommunalr\u00e5dskandidat och Stefan Thors\u00e9n toppar landstingslistan. N\u00e4r Margareta Lindahl fick mikrofonen talade hon bland annat om en av sina hj\u00e4rtefr\u00e5gor &#8211; \u00a0\u00f6kad satsning p\u00e5 Read More\" \/>\n<meta property=\"og:url\" content=\"https:\/\/wp.kristdemokraterna.se\/varnamo\/2002\/08\/31\/vad-vantar-regeringen-pa\/\" \/>\n<meta property=\"og:site_name\" content=\"KRISTDEMOKRATERNA V\u00c4RNAMO\" \/>\n<meta property=\"article:publisher\" content=\"https:\/\/www.facebook.com\/KDVarnamo\/\" \/>\n<meta property=\"article:published_time\" content=\"2002-08-31T19:38:00+00:00\" \/>\n<meta property=\"article:modified_time\" content=\"2015-07-12T18:14:27+00:00\" \/>\n<meta property=\"og:image\" content=\"https:\/\/wp.kristdemokraterna.se\/varnamo\/files\/2004\/12\/margareta_lindahl.jpg\" \/>\n\t<meta property=\"og:image:width\" content=\"300\" \/>\n\t<meta property=\"og:image:height\" content=\"300\" \/>\n\t<meta property=\"og:image:type\" content=\"image\/jpeg\" \/>\n<meta name=\"author\" content=\"Kristdemokraterna V\u00e4rnamo\" \/>\n<meta name=\"twitter:card\" content=\"summary_large_image\" \/>\n<meta name=\"twitter:creator\" content=\"@KDVarnamo\" \/>\n<meta name=\"twitter:site\" content=\"@KDVarnamo\" \/>\n<meta name=\"twitter:label1\" content=\"Skriven av\" \/>\n\t<meta name=\"twitter:data1\" content=\"Kristdemokraterna V\u00e4rnamo\" \/>\n\t<meta name=\"twitter:label2\" content=\"Ber\u00e4knad l\u00e4stid\" \/>\n\t<meta name=\"twitter:data2\" content=\"2 minuter\" \/>\n<script type=\"application\/ld+json\" class=\"yoast-schema-graph\">{\"@context\":\"https:\\\/\\\/schema.org\",\"@graph\":[{\"@type\":\"Article\",\"@id\":\"https:\\\/\\\/wp.kristdemokraterna.se\\\/varnamo\\\/2002\\\/08\\\/31\\\/vad-vantar-regeringen-pa\\\/#article\",\"isPartOf\":{\"@id\":\"https:\\\/\\\/wp.kristdemokraterna.se\\\/varnamo\\\/2002\\\/08\\\/31\\\/vad-vantar-regeringen-pa\\\/\"},\"author\":{\"name\":\"Kristdemokraterna V\u00e4rnamo\",\"@id\":\"https:\\\/\\\/wp.kristdemokraterna.se\\\/varnamo\\\/#\\\/schema\\\/person\\\/4e339ab04d613699e4dfe80a994e01d4\"},\"headline\":\"Vad v\u00e4ntar regeringen p\u00e5?\",\"datePublished\":\"2002-08-31T19:38:00+00:00\",\"dateModified\":\"2015-07-12T18:14:27+00:00\",\"mainEntityOfPage\":{\"@id\":\"https:\\\/\\\/wp.kristdemokraterna.se\\\/varnamo\\\/2002\\\/08\\\/31\\\/vad-vantar-regeringen-pa\\\/\"},\"wordCount\":417,\"publisher\":{\"@id\":\"https:\\\/\\\/wp.kristdemokraterna.se\\\/varnamo\\\/#organization\"},\"image\":{\"@id\":\"https:\\\/\\\/wp.kristdemokraterna.se\\\/varnamo\\\/2002\\\/08\\\/31\\\/vad-vantar-regeringen-pa\\\/#primaryimage\"},\"thumbnailUrl\":\"https:\\\/\\\/wp.kristdemokraterna.se\\\/varnamo\\\/files\\\/2004\\\/12\\\/margareta_lindahl.jpg\",\"keywords\":[\"Christer Fjordevik\",\"f\u00f6rtidspension\",\"kvinnor\",\"Margareta Lindahl\",\"omsorg\",\"sjukskrivning\",\"sjukv\u00e5rdsf\u00f6rs\u00e4kring\",\"skola\",\"Stefan Thors\u00e9n\",\"valr\u00f6relse\",\"v\u00e5rd\"],\"articleSection\":[\"Nyheter\"],\"inLanguage\":\"sv-SE\"},{\"@type\":\"WebPage\",\"@id\":\"https:\\\/\\\/wp.kristdemokraterna.se\\\/varnamo\\\/2002\\\/08\\\/31\\\/vad-vantar-regeringen-pa\\\/\",\"url\":\"https:\\\/\\\/wp.kristdemokraterna.se\\\/varnamo\\\/2002\\\/08\\\/31\\\/vad-vantar-regeringen-pa\\\/\",\"name\":\"Vad v\u00e4ntar regeringen p\u00e5? - KRISTDEMOKRATERNA V\u00c4RNAMO\",\"isPartOf\":{\"@id\":\"https:\\\/\\\/wp.kristdemokraterna.se\\\/varnamo\\\/#website\"},\"primaryImageOfPage\":{\"@id\":\"https:\\\/\\\/wp.kristdemokraterna.se\\\/varnamo\\\/2002\\\/08\\\/31\\\/vad-vantar-regeringen-pa\\\/#primaryimage\"},\"image\":{\"@id\":\"https:\\\/\\\/wp.kristdemokraterna.se\\\/varnamo\\\/2002\\\/08\\\/31\\\/vad-vantar-regeringen-pa\\\/#primaryimage\"},\"thumbnailUrl\":\"https:\\\/\\\/wp.kristdemokraterna.se\\\/varnamo\\\/files\\\/2004\\\/12\\\/margareta_lindahl.jpg\",\"datePublished\":\"2002-08-31T19:38:00+00:00\",\"dateModified\":\"2015-07-12T18:14:27+00:00\",\"breadcrumb\":{\"@id\":\"https:\\\/\\\/wp.kristdemokraterna.se\\\/varnamo\\\/2002\\\/08\\\/31\\\/vad-vantar-regeringen-pa\\\/#breadcrumb\"},\"inLanguage\":\"sv-SE\",\"potentialAction\":[{\"@type\":\"ReadAction\",\"target\":[\"https:\\\/\\\/wp.kristdemokraterna.se\\\/varnamo\\\/2002\\\/08\\\/31\\\/vad-vantar-regeringen-pa\\\/\"]}]},{\"@type\":\"ImageObject\",\"inLanguage\":\"sv-SE\",\"@id\":\"https:\\\/\\\/wp.kristdemokraterna.se\\\/varnamo\\\/2002\\\/08\\\/31\\\/vad-vantar-regeringen-pa\\\/#primaryimage\",\"url\":\"https:\\\/\\\/wp.kristdemokraterna.se\\\/varnamo\\\/files\\\/2004\\\/12\\\/margareta_lindahl.jpg\",\"contentUrl\":\"https:\\\/\\\/wp.kristdemokraterna.se\\\/varnamo\\\/files\\\/2004\\\/12\\\/margareta_lindahl.jpg\",\"width\":300,\"height\":300,\"caption\":\"Margareta Lindahl, Kristdemokraterna V\u00e4rnamo. (Foto: Fotograf M\u00e4ster Olof)\"},{\"@type\":\"BreadcrumbList\",\"@id\":\"https:\\\/\\\/wp.kristdemokraterna.se\\\/varnamo\\\/2002\\\/08\\\/31\\\/vad-vantar-regeringen-pa\\\/#breadcrumb\",\"itemListElement\":[{\"@type\":\"ListItem\",\"position\":1,\"name\":\"Hem\",\"item\":\"https:\\\/\\\/wp.kristdemokraterna.se\\\/varnamo\\\/\"},{\"@type\":\"ListItem\",\"position\":2,\"name\":\"Vad v\u00e4ntar regeringen p\u00e5?\"}]},{\"@type\":\"WebSite\",\"@id\":\"https:\\\/\\\/wp.kristdemokraterna.se\\\/varnamo\\\/#website\",\"url\":\"https:\\\/\\\/wp.kristdemokraterna.se\\\/varnamo\\\/\",\"name\":\"KRISTDEMOKRATERNA V\u00c4RNAMO\",\"description\":\"Med hj\u00e4rta f\u00f6r V\u00e4rnamo\",\"publisher\":{\"@id\":\"https:\\\/\\\/wp.kristdemokraterna.se\\\/varnamo\\\/#organization\"},\"inLanguage\":\"sv-SE\"},{\"@type\":\"Organization\",\"@id\":\"https:\\\/\\\/wp.kristdemokraterna.se\\\/varnamo\\\/#organization\",\"name\":\"Kristdemokraterna V\u00e4rnamo\",\"url\":\"https:\\\/\\\/wp.kristdemokraterna.se\\\/varnamo\\\/\",\"logo\":{\"@type\":\"ImageObject\",\"inLanguage\":\"sv-SE\",\"@id\":\"https:\\\/\\\/wp.kristdemokraterna.se\\\/varnamo\\\/#\\\/schema\\\/logo\\\/image\\\/\",\"url\":\"https:\\\/\\\/wp.kristdemokraterna.se\\\/varnamo\\\/files\\\/2022\\\/08\\\/va\u2560ernamo-sida-bla-300dpi.png\",\"contentUrl\":\"https:\\\/\\\/wp.kristdemokraterna.se\\\/varnamo\\\/files\\\/2022\\\/08\\\/va\u2560ernamo-sida-bla-300dpi.png\",\"width\":1485,\"height\":681,\"caption\":\"Kristdemokraterna V\u00e4rnamo\"},\"image\":{\"@id\":\"https:\\\/\\\/wp.kristdemokraterna.se\\\/varnamo\\\/#\\\/schema\\\/logo\\\/image\\\/\"},\"sameAs\":[\"https:\\\/\\\/www.facebook.com\\\/KDVarnamo\\\/\",\"https:\\\/\\\/x.com\\\/KDVarnamo\",\"https:\\\/\\\/www.instagram.com\\\/\",\"https:\\\/\\\/www.youtube.com\\\/user\\\/studiokd\\\/videos\"]},{\"@type\":\"Person\",\"@id\":\"https:\\\/\\\/wp.kristdemokraterna.se\\\/varnamo\\\/#\\\/schema\\\/person\\\/4e339ab04d613699e4dfe80a994e01d4\",\"name\":\"Kristdemokraterna V\u00e4rnamo\",\"image\":{\"@type\":\"ImageObject\",\"inLanguage\":\"sv-SE\",\"@id\":\"https:\\\/\\\/secure.gravatar.com\\\/avatar\\\/c122e48c7723992af51eb155eeaa93db3c1fa324e3fc6ec45dd712c812809b5b?s=96&r=g\",\"url\":\"https:\\\/\\\/secure.gravatar.com\\\/avatar\\\/c122e48c7723992af51eb155eeaa93db3c1fa324e3fc6ec45dd712c812809b5b?s=96&r=g\",\"contentUrl\":\"https:\\\/\\\/secure.gravatar.com\\\/avatar\\\/c122e48c7723992af51eb155eeaa93db3c1fa324e3fc6ec45dd712c812809b5b?s=96&r=g\",\"caption\":\"Kristdemokraterna V\u00e4rnamo\"},\"description\":\"Familjens r\u00f6st\",\"sameAs\":[\"http:\\\/\\\/www.varnamo.kristdemokraterna.se\"],\"url\":\"https:\\\/\\\/wp.kristdemokraterna.se\\\/varnamo\\\/author\\\/varnamo\\\/\"}]}<\/script>\n<!-- \/ Yoast SEO plugin. -->","yoast_head_json":{"title":"Vad v\u00e4ntar regeringen p\u00e5? - KRISTDEMOKRATERNA V\u00c4RNAMO","robots":{"index":"index","follow":"follow","max-snippet":"max-snippet:-1","max-image-preview":"max-image-preview:large","max-video-preview":"max-video-preview:-1"},"canonical":"https:\/\/wp.kristdemokraterna.se\/varnamo\/2002\/08\/31\/vad-vantar-regeringen-pa\/","og_locale":"sv_SE","og_type":"article","og_title":"Vad v\u00e4ntar regeringen p\u00e5? - KRISTDEMOKRATERNA V\u00c4RNAMO","og_description":"L\u00f6rdagen den 31 augusti deltog Margareta Lindahl i Kristdemokraternas m\u00f6te utanf\u00f6r valstugan. Vid m\u00f6tet presenterades Kristdemokraternas kandidater i kommunfullm\u00e4ktigevalet, bland andra Stefan &amp; Christer (Thors\u00e9n &amp; Fjordevik). Christer Fjordevik \u00e4r Kristdemokraternas kommunalr\u00e5dskandidat och Stefan Thors\u00e9n toppar landstingslistan. N\u00e4r Margareta Lindahl fick mikrofonen talade hon bland annat om en av sina hj\u00e4rtefr\u00e5gor &#8211; \u00a0\u00f6kad satsning p\u00e5 Read More","og_url":"https:\/\/wp.kristdemokraterna.se\/varnamo\/2002\/08\/31\/vad-vantar-regeringen-pa\/","og_site_name":"KRISTDEMOKRATERNA V\u00c4RNAMO","article_publisher":"https:\/\/www.facebook.com\/KDVarnamo\/","article_published_time":"2002-08-31T19:38:00+00:00","article_modified_time":"2015-07-12T18:14:27+00:00","og_image":[{"width":300,"height":300,"url":"https:\/\/wp.kristdemokraterna.se\/varnamo\/files\/2004\/12\/margareta_lindahl.jpg","type":"image\/jpeg"}],"author":"Kristdemokraterna V\u00e4rnamo","twitter_card":"summary_large_image","twitter_creator":"@KDVarnamo","twitter_site":"@KDVarnamo","twitter_misc":{"Skriven av":"Kristdemokraterna V\u00e4rnamo","Ber\u00e4knad l\u00e4stid":"2 minuter"},"schema":{"@context":"https:\/\/schema.org","@graph":[{"@type":"Article","@id":"https:\/\/wp.kristdemokraterna.se\/varnamo\/2002\/08\/31\/vad-vantar-regeringen-pa\/#article","isPartOf":{"@id":"https:\/\/wp.kristdemokraterna.se\/varnamo\/2002\/08\/31\/vad-vantar-regeringen-pa\/"},"author":{"name":"Kristdemokraterna V\u00e4rnamo","@id":"https:\/\/wp.kristdemokraterna.se\/varnamo\/#\/schema\/person\/4e339ab04d613699e4dfe80a994e01d4"},"headline":"Vad v\u00e4ntar regeringen p\u00e5?","datePublished":"2002-08-31T19:38:00+00:00","dateModified":"2015-07-12T18:14:27+00:00","mainEntityOfPage":{"@id":"https:\/\/wp.kristdemokraterna.se\/varnamo\/2002\/08\/31\/vad-vantar-regeringen-pa\/"},"wordCount":417,"publisher":{"@id":"https:\/\/wp.kristdemokraterna.se\/varnamo\/#organization"},"image":{"@id":"https:\/\/wp.kristdemokraterna.se\/varnamo\/2002\/08\/31\/vad-vantar-regeringen-pa\/#primaryimage"},"thumbnailUrl":"https:\/\/wp.kristdemokraterna.se\/varnamo\/files\/2004\/12\/margareta_lindahl.jpg","keywords":["Christer Fjordevik","f\u00f6rtidspension","kvinnor","Margareta Lindahl","omsorg","sjukskrivning","sjukv\u00e5rdsf\u00f6rs\u00e4kring","skola","Stefan Thors\u00e9n","valr\u00f6relse","v\u00e5rd"],"articleSection":["Nyheter"],"inLanguage":"sv-SE"},{"@type":"WebPage","@id":"https:\/\/wp.kristdemokraterna.se\/varnamo\/2002\/08\/31\/vad-vantar-regeringen-pa\/","url":"https:\/\/wp.kristdemokraterna.se\/varnamo\/2002\/08\/31\/vad-vantar-regeringen-pa\/","name":"Vad v\u00e4ntar regeringen p\u00e5? - KRISTDEMOKRATERNA V\u00c4RNAMO","isPartOf":{"@id":"https:\/\/wp.kristdemokraterna.se\/varnamo\/#website"},"primaryImageOfPage":{"@id":"https:\/\/wp.kristdemokraterna.se\/varnamo\/2002\/08\/31\/vad-vantar-regeringen-pa\/#primaryimage"},"image":{"@id":"https:\/\/wp.kristdemokraterna.se\/varnamo\/2002\/08\/31\/vad-vantar-regeringen-pa\/#primaryimage"},"thumbnailUrl":"https:\/\/wp.kristdemokraterna.se\/varnamo\/files\/2004\/12\/margareta_lindahl.jpg","datePublished":"2002-08-31T19:38:00+00:00","dateModified":"2015-07-12T18:14:27+00:00","breadcrumb":{"@id":"https:\/\/wp.kristdemokraterna.se\/varnamo\/2002\/08\/31\/vad-vantar-regeringen-pa\/#breadcrumb"},"inLanguage":"sv-SE","potentialAction":[{"@type":"ReadAction","target":["https:\/\/wp.kristdemokraterna.se\/varnamo\/2002\/08\/31\/vad-vantar-regeringen-pa\/"]}]},{"@type":"ImageObject","inLanguage":"sv-SE","@id":"https:\/\/wp.kristdemokraterna.se\/varnamo\/2002\/08\/31\/vad-vantar-regeringen-pa\/#primaryimage","url":"https:\/\/wp.kristdemokraterna.se\/varnamo\/files\/2004\/12\/margareta_lindahl.jpg","contentUrl":"https:\/\/wp.kristdemokraterna.se\/varnamo\/files\/2004\/12\/margareta_lindahl.jpg","width":300,"height":300,"caption":"Margareta Lindahl, Kristdemokraterna V\u00e4rnamo. (Foto: Fotograf M\u00e4ster Olof)"},{"@type":"BreadcrumbList","@id":"https:\/\/wp.kristdemokraterna.se\/varnamo\/2002\/08\/31\/vad-vantar-regeringen-pa\/#breadcrumb","itemListElement":[{"@type":"ListItem","position":1,"name":"Hem","item":"https:\/\/wp.kristdemokraterna.se\/varnamo\/"},{"@type":"ListItem","position":2,"name":"Vad v\u00e4ntar regeringen p\u00e5?"}]},{"@type":"WebSite","@id":"https:\/\/wp.kristdemokraterna.se\/varnamo\/#website","url":"https:\/\/wp.kristdemokraterna.se\/varnamo\/","name":"KRISTDEMOKRATERNA V\u00c4RNAMO","description":"Med hj\u00e4rta f\u00f6r V\u00e4rnamo","publisher":{"@id":"https:\/\/wp.kristdemokraterna.se\/varnamo\/#organization"},"inLanguage":"sv-SE"},{"@type":"Organization","@id":"https:\/\/wp.kristdemokraterna.se\/varnamo\/#organization","name":"Kristdemokraterna V\u00e4rnamo","url":"https:\/\/wp.kristdemokraterna.se\/varnamo\/","logo":{"@type":"ImageObject","inLanguage":"sv-SE","@id":"https:\/\/wp.kristdemokraterna.se\/varnamo\/#\/schema\/logo\/image\/","url":"https:\/\/wp.kristdemokraterna.se\/varnamo\/files\/2022\/08\/va\u2560ernamo-sida-bla-300dpi.png","contentUrl":"https:\/\/wp.kristdemokraterna.se\/varnamo\/files\/2022\/08\/va\u2560ernamo-sida-bla-300dpi.png","width":1485,"height":681,"caption":"Kristdemokraterna V\u00e4rnamo"},"image":{"@id":"https:\/\/wp.kristdemokraterna.se\/varnamo\/#\/schema\/logo\/image\/"},"sameAs":["https:\/\/www.facebook.com\/KDVarnamo\/","https:\/\/x.com\/KDVarnamo","https:\/\/www.instagram.com\/","https:\/\/www.youtube.com\/user\/studiokd\/videos"]},{"@type":"Person","@id":"https:\/\/wp.kristdemokraterna.se\/varnamo\/#\/schema\/person\/4e339ab04d613699e4dfe80a994e01d4","name":"Kristdemokraterna V\u00e4rnamo","image":{"@type":"ImageObject","inLanguage":"sv-SE","@id":"https:\/\/secure.gravatar.com\/avatar\/c122e48c7723992af51eb155eeaa93db3c1fa324e3fc6ec45dd712c812809b5b?s=96&r=g","url":"https:\/\/secure.gravatar.com\/avatar\/c122e48c7723992af51eb155eeaa93db3c1fa324e3fc6ec45dd712c812809b5b?s=96&r=g","contentUrl":"https:\/\/secure.gravatar.com\/avatar\/c122e48c7723992af51eb155eeaa93db3c1fa324e3fc6ec45dd712c812809b5b?s=96&r=g","caption":"Kristdemokraterna V\u00e4rnamo"},"description":"Familjens r\u00f6st","sameAs":["http:\/\/www.varnamo.kristdemokraterna.se"],"url":"https:\/\/wp.kristdemokraterna.se\/varnamo\/author\/varnamo\/"}]}},"_links":{"self":[{"href":"https:\/\/wp.kristdemokraterna.se\/varnamo\/wp-json\/wp\/v2\/posts\/2015","targetHints":{"allow":["GET"]}}],"collection":[{"href":"https:\/\/wp.kristdemokraterna.se\/varnamo\/wp-json\/wp\/v2\/posts"}],"about":[{"href":"https:\/\/wp.kristdemokraterna.se\/varnamo\/wp-json\/wp\/v2\/types\/post"}],"author":[{"embeddable":true,"href":"https:\/\/wp.kristdemokraterna.se\/varnamo\/wp-json\/wp\/v2\/users\/412"}],"replies":[{"embeddable":true,"href":"https:\/\/wp.kristdemokraterna.se\/varnamo\/wp-json\/wp\/v2\/comments?post=2015"}],"version-history":[{"count":6,"href":"https:\/\/wp.kristdemokraterna.se\/varnamo\/wp-json\/wp\/v2\/posts\/2015\/revisions"}],"predecessor-version":[{"id":6845,"href":"https:\/\/wp.kristdemokraterna.se\/varnamo\/wp-json\/wp\/v2\/posts\/2015\/revisions\/6845"}],"wp:featuredmedia":[{"embeddable":true,"href":"https:\/\/wp.kristdemokraterna.se\/varnamo\/wp-json\/wp\/v2\/media\/4171"}],"wp:attachment":[{"href":"https:\/\/wp.kristdemokraterna.se\/varnamo\/wp-json\/wp\/v2\/media?parent=2015"}],"wp:term":[{"taxonomy":"category","embeddable":true,"href":"https:\/\/wp.kristdemokraterna.se\/varnamo\/wp-json\/wp\/v2\/categories?post=2015"},{"taxonomy":"post_tag","embeddable":true,"href":"https:\/\/wp.kristdemokraterna.se\/varnamo\/wp-json\/wp\/v2\/tags?post=2015"}],"curies":[{"name":"wp","href":"https:\/\/api.w.org\/{rel}","templated":true}]}}