{"id":2016,"date":"2002-09-13T21:38:00","date_gmt":"2002-09-13T19:38:00","guid":{"rendered":"http:\/\/localhost:4901\/?p=2016"},"modified":"2017-09-18T17:33:53","modified_gmt":"2017-09-18T15:33:53","slug":"fastighetsskatten-ar-orimlig","status":"publish","type":"post","link":"https:\/\/wp.kristdemokraterna.se\/varnamo\/2002\/09\/13\/fastighetsskatten-ar-orimlig\/","title":{"rendered":"Fastighetsskatten \u00e4r orimlig"},"content":{"rendered":"<div style=\"width: 310px\" class=\"wp-caption alignnone\"><a href=\"http:\/\/wp.kristdemokraterna.se\/varnamo\/files\/2010\/08\/arnold_carlzon2.jpg\"><img loading=\"lazy\" decoding=\"async\" title=\"arnold_carlzon2\" src=\"http:\/\/wp.kristdemokraterna.se\/varnamo\/files\/2010\/08\/arnold_carlzon2.jpg\" alt=\"Arnold Carlzon, Kristdemokraterna V\u00e4rnamo. (Foto: Fotograf M\u00e4ster Olof)\" width=\"300\" height=\"300\" \/><\/a><p class=\"wp-caption-text\">Arnold Carlzon, Kristdemokraterna V\u00e4rnamo. (Foto: Fotograf M\u00e4ster Olof)<\/p><\/div>\n<p>P\u00e5 fredagskv\u00e4llen den 13 september efter partiledardebatten hade Kristdemokraterna natt\u00f6ppet i valstugan p\u00e5 Flanaden. Man kunde komma och lufta sina k\u00e4nslor och \u00e4ta en grillad med br\u00f6d tillsammans med Kristdemokraterna. Detta var \u00e4ven ett s\u00e4tt att uppm\u00e4rksamma valet och Kristdemokraterna f\u00f6r de ungdomar som finns ute p\u00e5 stan utan att ha n\u00e5got att g\u00f6ra en fredagskv\u00e4ll i V\u00e4rnamo. Arnold Carlzon, ordf\u00f6rande f\u00f6r Kristdemokraterna V\u00e4rnamo, gav bland annat ett snabbt svar p\u00e5 Anders Davidzons ins\u00e4ndare i V\u00e4rnamo Nyheter den 10\/9:<\/p>\n<p><!--more--><\/p>\n<h2>Fastighetsskatten \u00e4r orimlig<\/h2>\n<p>Givetvis \u00e4r det helt orimligt att folk tvingas fr\u00e5n g\u00e5rd och grund p\u00e5 grund av fastighetsskatten. Dagens fastighetsskatt \u00e4r or\u00e4ttvis och sl\u00e5r skoningsl\u00f6st, utan h\u00e4nsyn till villa\u00e4garens ekonomiska b\u00e4rkraft. Kristdemokraterna vill slopa fastighetsskatten redan 2003 och inf\u00f6ra en l\u00e5g kommunal fastighetsavgift p\u00e5 maximalt 2 600 kr per \u00e5r f\u00f6r en villa och 800 kr f\u00f6r en l\u00e4genhet. F\u00f6r en vanlig villa i V\u00e4rnamo inneb\u00e4r det en skattel\u00e4ttnad p\u00e5 ca 3 000 kr per \u00e5r.<\/p>\n<p style=\"text-align: right\"><em>Arnold Carlzon<\/em><br \/>\nOrdf\u00f6rande\u00a0Kristdemokraterna V\u00e4rnamo kommun<\/p>\n<hr \/>\n<p><strong>Publicerad:<\/strong><br \/>\n<em>2002-09-12:<\/em> V\u00e4rnamo Nyheter<\/p>\n","protected":false},"excerpt":{"rendered":"<p>P\u00e5 fredagskv\u00e4llen den 13 september efter partiledardebatten hade Kristdemokraterna natt\u00f6ppet i valstugan p\u00e5 Flanaden. Man kunde komma och lufta sina k\u00e4nslor och \u00e4ta en grillad med br\u00f6d tillsammans med Kristdemokraterna. Detta var \u00e4ven ett s\u00e4tt att uppm\u00e4rksamma valet och Kristdemokraterna f\u00f6r de ungdomar som finns ute p\u00e5 stan utan att ha n\u00e5got att g\u00f6ra en <a class=\"read-more-link\" href=\"https:\/\/wp.kristdemokraterna.se\/varnamo\/2002\/09\/13\/fastighetsskatten-ar-orimlig\/\">Read More<\/a><\/p>\n","protected":false},"author":412,"featured_media":9638,"comment_status":"closed","ping_status":"closed","sticky":false,"template":"","format":"standard","meta":{"_acf_changed":false,"footnotes":""},"categories":[12],"tags":[22,262,256,73,62],"class_list":["post-2016","post","type-post","status-publish","format-standard","hentry","category-debatt","tag-arnold-carlzon","tag-ekonomi","tag-fastighetsskatt","tag-insandare","tag-valrorelse"],"acf":[],"yoast_head":"<!-- This site is optimized with the Yoast SEO plugin v27.4 - https:\/\/yoast.com\/product\/yoast-seo-wordpress\/ -->\n<title>Fastighetsskatten \u00e4r orimlig - KRISTDEMOKRATERNA V\u00c4RNAMO<\/title>\n<meta name=\"robots\" content=\"index, follow, max-snippet:-1, max-image-preview:large, max-video-preview:-1\" \/>\n<link rel=\"canonical\" href=\"https:\/\/wp.kristdemokraterna.se\/varnamo\/2002\/09\/13\/fastighetsskatten-ar-orimlig\/\" \/>\n<meta property=\"og:locale\" content=\"sv_SE\" \/>\n<meta property=\"og:type\" content=\"article\" \/>\n<meta property=\"og:title\" content=\"Fastighetsskatten \u00e4r orimlig - KRISTDEMOKRATERNA V\u00c4RNAMO\" \/>\n<meta property=\"og:description\" content=\"P\u00e5 fredagskv\u00e4llen den 13 september efter partiledardebatten hade Kristdemokraterna natt\u00f6ppet i valstugan p\u00e5 Flanaden. Man kunde komma och lufta sina k\u00e4nslor och \u00e4ta en grillad med br\u00f6d tillsammans med Kristdemokraterna. Detta var \u00e4ven ett s\u00e4tt att uppm\u00e4rksamma valet och Kristdemokraterna f\u00f6r de ungdomar som finns ute p\u00e5 stan utan att ha n\u00e5got att g\u00f6ra en Read More\" \/>\n<meta property=\"og:url\" content=\"https:\/\/wp.kristdemokraterna.se\/varnamo\/2002\/09\/13\/fastighetsskatten-ar-orimlig\/\" \/>\n<meta property=\"og:site_name\" content=\"KRISTDEMOKRATERNA V\u00c4RNAMO\" \/>\n<meta property=\"article:publisher\" content=\"https:\/\/www.facebook.com\/KDVarnamo\/\" \/>\n<meta property=\"article:published_time\" content=\"2002-09-13T19:38:00+00:00\" \/>\n<meta property=\"article:modified_time\" content=\"2017-09-18T15:33:53+00:00\" \/>\n<meta property=\"og:image\" content=\"http:\/\/wp.kristdemokraterna.se\/varnamo\/files\/2010\/08\/arnold_carlzon2.jpg\" \/>\n<meta name=\"author\" content=\"Kristdemokraterna V\u00e4rnamo\" \/>\n<meta name=\"twitter:card\" content=\"summary_large_image\" \/>\n<meta name=\"twitter:creator\" content=\"@KDVarnamo\" \/>\n<meta name=\"twitter:site\" content=\"@KDVarnamo\" \/>\n<meta name=\"twitter:label1\" content=\"Skriven av\" \/>\n\t<meta name=\"twitter:data1\" content=\"Kristdemokraterna V\u00e4rnamo\" \/>\n\t<meta name=\"twitter:label2\" content=\"Ber\u00e4knad l\u00e4stid\" \/>\n\t<meta name=\"twitter:data2\" content=\"1 minut\" \/>\n<script type=\"application\/ld+json\" class=\"yoast-schema-graph\">{\"@context\":\"https:\\\/\\\/schema.org\",\"@graph\":[{\"@type\":\"Article\",\"@id\":\"https:\\\/\\\/wp.kristdemokraterna.se\\\/varnamo\\\/2002\\\/09\\\/13\\\/fastighetsskatten-ar-orimlig\\\/#article\",\"isPartOf\":{\"@id\":\"https:\\\/\\\/wp.kristdemokraterna.se\\\/varnamo\\\/2002\\\/09\\\/13\\\/fastighetsskatten-ar-orimlig\\\/\"},\"author\":{\"name\":\"Kristdemokraterna V\u00e4rnamo\",\"@id\":\"https:\\\/\\\/wp.kristdemokraterna.se\\\/varnamo\\\/#\\\/schema\\\/person\\\/4e339ab04d613699e4dfe80a994e01d4\"},\"headline\":\"Fastighetsskatten \u00e4r orimlig\",\"datePublished\":\"2002-09-13T19:38:00+00:00\",\"dateModified\":\"2017-09-18T15:33:53+00:00\",\"mainEntityOfPage\":{\"@id\":\"https:\\\/\\\/wp.kristdemokraterna.se\\\/varnamo\\\/2002\\\/09\\\/13\\\/fastighetsskatten-ar-orimlig\\\/\"},\"wordCount\":214,\"publisher\":{\"@id\":\"https:\\\/\\\/wp.kristdemokraterna.se\\\/varnamo\\\/#organization\"},\"image\":{\"@id\":\"https:\\\/\\\/wp.kristdemokraterna.se\\\/varnamo\\\/2002\\\/09\\\/13\\\/fastighetsskatten-ar-orimlig\\\/#primaryimage\"},\"thumbnailUrl\":\"https:\\\/\\\/wp.kristdemokraterna.se\\\/varnamo\\\/files\\\/2022\\\/08\\\/kd-logo-blue.png\",\"keywords\":[\"Arnold Carlzon\",\"ekonomi\",\"fastighetsskatt\",\"ins\u00e4ndare\",\"valr\u00f6relse\"],\"articleSection\":[\"Debatt\"],\"inLanguage\":\"sv-SE\"},{\"@type\":\"WebPage\",\"@id\":\"https:\\\/\\\/wp.kristdemokraterna.se\\\/varnamo\\\/2002\\\/09\\\/13\\\/fastighetsskatten-ar-orimlig\\\/\",\"url\":\"https:\\\/\\\/wp.kristdemokraterna.se\\\/varnamo\\\/2002\\\/09\\\/13\\\/fastighetsskatten-ar-orimlig\\\/\",\"name\":\"Fastighetsskatten \u00e4r orimlig - KRISTDEMOKRATERNA V\u00c4RNAMO\",\"isPartOf\":{\"@id\":\"https:\\\/\\\/wp.kristdemokraterna.se\\\/varnamo\\\/#website\"},\"primaryImageOfPage\":{\"@id\":\"https:\\\/\\\/wp.kristdemokraterna.se\\\/varnamo\\\/2002\\\/09\\\/13\\\/fastighetsskatten-ar-orimlig\\\/#primaryimage\"},\"image\":{\"@id\":\"https:\\\/\\\/wp.kristdemokraterna.se\\\/varnamo\\\/2002\\\/09\\\/13\\\/fastighetsskatten-ar-orimlig\\\/#primaryimage\"},\"thumbnailUrl\":\"https:\\\/\\\/wp.kristdemokraterna.se\\\/varnamo\\\/files\\\/2022\\\/08\\\/kd-logo-blue.png\",\"datePublished\":\"2002-09-13T19:38:00+00:00\",\"dateModified\":\"2017-09-18T15:33:53+00:00\",\"breadcrumb\":{\"@id\":\"https:\\\/\\\/wp.kristdemokraterna.se\\\/varnamo\\\/2002\\\/09\\\/13\\\/fastighetsskatten-ar-orimlig\\\/#breadcrumb\"},\"inLanguage\":\"sv-SE\",\"potentialAction\":[{\"@type\":\"ReadAction\",\"target\":[\"https:\\\/\\\/wp.kristdemokraterna.se\\\/varnamo\\\/2002\\\/09\\\/13\\\/fastighetsskatten-ar-orimlig\\\/\"]}]},{\"@type\":\"ImageObject\",\"inLanguage\":\"sv-SE\",\"@id\":\"https:\\\/\\\/wp.kristdemokraterna.se\\\/varnamo\\\/2002\\\/09\\\/13\\\/fastighetsskatten-ar-orimlig\\\/#primaryimage\",\"url\":\"https:\\\/\\\/wp.kristdemokraterna.se\\\/varnamo\\\/files\\\/2022\\\/08\\\/kd-logo-blue.png\",\"contentUrl\":\"https:\\\/\\\/wp.kristdemokraterna.se\\\/varnamo\\\/files\\\/2022\\\/08\\\/kd-logo-blue.png\",\"width\":2000,\"height\":2000,\"caption\":\"Kristdemokraternas logotyp\"},{\"@type\":\"BreadcrumbList\",\"@id\":\"https:\\\/\\\/wp.kristdemokraterna.se\\\/varnamo\\\/2002\\\/09\\\/13\\\/fastighetsskatten-ar-orimlig\\\/#breadcrumb\",\"itemListElement\":[{\"@type\":\"ListItem\",\"position\":1,\"name\":\"Hem\",\"item\":\"https:\\\/\\\/wp.kristdemokraterna.se\\\/varnamo\\\/\"},{\"@type\":\"ListItem\",\"position\":2,\"name\":\"Fastighetsskatten \u00e4r orimlig\"}]},{\"@type\":\"WebSite\",\"@id\":\"https:\\\/\\\/wp.kristdemokraterna.se\\\/varnamo\\\/#website\",\"url\":\"https:\\\/\\\/wp.kristdemokraterna.se\\\/varnamo\\\/\",\"name\":\"KRISTDEMOKRATERNA V\u00c4RNAMO\",\"description\":\"Med hj\u00e4rta f\u00f6r V\u00e4rnamo\",\"publisher\":{\"@id\":\"https:\\\/\\\/wp.kristdemokraterna.se\\\/varnamo\\\/#organization\"},\"inLanguage\":\"sv-SE\"},{\"@type\":\"Organization\",\"@id\":\"https:\\\/\\\/wp.kristdemokraterna.se\\\/varnamo\\\/#organization\",\"name\":\"Kristdemokraterna V\u00e4rnamo\",\"url\":\"https:\\\/\\\/wp.kristdemokraterna.se\\\/varnamo\\\/\",\"logo\":{\"@type\":\"ImageObject\",\"inLanguage\":\"sv-SE\",\"@id\":\"https:\\\/\\\/wp.kristdemokraterna.se\\\/varnamo\\\/#\\\/schema\\\/logo\\\/image\\\/\",\"url\":\"https:\\\/\\\/wp.kristdemokraterna.se\\\/varnamo\\\/files\\\/2022\\\/08\\\/va\u2560ernamo-sida-bla-300dpi.png\",\"contentUrl\":\"https:\\\/\\\/wp.kristdemokraterna.se\\\/varnamo\\\/files\\\/2022\\\/08\\\/va\u2560ernamo-sida-bla-300dpi.png\",\"width\":1485,\"height\":681,\"caption\":\"Kristdemokraterna V\u00e4rnamo\"},\"image\":{\"@id\":\"https:\\\/\\\/wp.kristdemokraterna.se\\\/varnamo\\\/#\\\/schema\\\/logo\\\/image\\\/\"},\"sameAs\":[\"https:\\\/\\\/www.facebook.com\\\/KDVarnamo\\\/\",\"https:\\\/\\\/x.com\\\/KDVarnamo\",\"https:\\\/\\\/www.instagram.com\\\/\",\"https:\\\/\\\/www.youtube.com\\\/user\\\/studiokd\\\/videos\"]},{\"@type\":\"Person\",\"@id\":\"https:\\\/\\\/wp.kristdemokraterna.se\\\/varnamo\\\/#\\\/schema\\\/person\\\/4e339ab04d613699e4dfe80a994e01d4\",\"name\":\"Kristdemokraterna V\u00e4rnamo\",\"image\":{\"@type\":\"ImageObject\",\"inLanguage\":\"sv-SE\",\"@id\":\"https:\\\/\\\/secure.gravatar.com\\\/avatar\\\/c122e48c7723992af51eb155eeaa93db3c1fa324e3fc6ec45dd712c812809b5b?s=96&r=g\",\"url\":\"https:\\\/\\\/secure.gravatar.com\\\/avatar\\\/c122e48c7723992af51eb155eeaa93db3c1fa324e3fc6ec45dd712c812809b5b?s=96&r=g\",\"contentUrl\":\"https:\\\/\\\/secure.gravatar.com\\\/avatar\\\/c122e48c7723992af51eb155eeaa93db3c1fa324e3fc6ec45dd712c812809b5b?s=96&r=g\",\"caption\":\"Kristdemokraterna V\u00e4rnamo\"},\"description\":\"Familjens r\u00f6st\",\"sameAs\":[\"http:\\\/\\\/www.varnamo.kristdemokraterna.se\"],\"url\":\"https:\\\/\\\/wp.kristdemokraterna.se\\\/varnamo\\\/author\\\/varnamo\\\/\"}]}<\/script>\n<!-- \/ Yoast SEO plugin. -->","yoast_head_json":{"title":"Fastighetsskatten \u00e4r orimlig - KRISTDEMOKRATERNA V\u00c4RNAMO","robots":{"index":"index","follow":"follow","max-snippet":"max-snippet:-1","max-image-preview":"max-image-preview:large","max-video-preview":"max-video-preview:-1"},"canonical":"https:\/\/wp.kristdemokraterna.se\/varnamo\/2002\/09\/13\/fastighetsskatten-ar-orimlig\/","og_locale":"sv_SE","og_type":"article","og_title":"Fastighetsskatten \u00e4r orimlig - KRISTDEMOKRATERNA V\u00c4RNAMO","og_description":"P\u00e5 fredagskv\u00e4llen den 13 september efter partiledardebatten hade Kristdemokraterna natt\u00f6ppet i valstugan p\u00e5 Flanaden. Man kunde komma och lufta sina k\u00e4nslor och \u00e4ta en grillad med br\u00f6d tillsammans med Kristdemokraterna. Detta var \u00e4ven ett s\u00e4tt att uppm\u00e4rksamma valet och Kristdemokraterna f\u00f6r de ungdomar som finns ute p\u00e5 stan utan att ha n\u00e5got att g\u00f6ra en Read More","og_url":"https:\/\/wp.kristdemokraterna.se\/varnamo\/2002\/09\/13\/fastighetsskatten-ar-orimlig\/","og_site_name":"KRISTDEMOKRATERNA V\u00c4RNAMO","article_publisher":"https:\/\/www.facebook.com\/KDVarnamo\/","article_published_time":"2002-09-13T19:38:00+00:00","article_modified_time":"2017-09-18T15:33:53+00:00","og_image":[{"url":"http:\/\/wp.kristdemokraterna.se\/varnamo\/files\/2010\/08\/arnold_carlzon2.jpg","type":"","width":"","height":""}],"author":"Kristdemokraterna V\u00e4rnamo","twitter_card":"summary_large_image","twitter_creator":"@KDVarnamo","twitter_site":"@KDVarnamo","twitter_misc":{"Skriven av":"Kristdemokraterna V\u00e4rnamo","Ber\u00e4knad l\u00e4stid":"1 minut"},"schema":{"@context":"https:\/\/schema.org","@graph":[{"@type":"Article","@id":"https:\/\/wp.kristdemokraterna.se\/varnamo\/2002\/09\/13\/fastighetsskatten-ar-orimlig\/#article","isPartOf":{"@id":"https:\/\/wp.kristdemokraterna.se\/varnamo\/2002\/09\/13\/fastighetsskatten-ar-orimlig\/"},"author":{"name":"Kristdemokraterna V\u00e4rnamo","@id":"https:\/\/wp.kristdemokraterna.se\/varnamo\/#\/schema\/person\/4e339ab04d613699e4dfe80a994e01d4"},"headline":"Fastighetsskatten \u00e4r orimlig","datePublished":"2002-09-13T19:38:00+00:00","dateModified":"2017-09-18T15:33:53+00:00","mainEntityOfPage":{"@id":"https:\/\/wp.kristdemokraterna.se\/varnamo\/2002\/09\/13\/fastighetsskatten-ar-orimlig\/"},"wordCount":214,"publisher":{"@id":"https:\/\/wp.kristdemokraterna.se\/varnamo\/#organization"},"image":{"@id":"https:\/\/wp.kristdemokraterna.se\/varnamo\/2002\/09\/13\/fastighetsskatten-ar-orimlig\/#primaryimage"},"thumbnailUrl":"https:\/\/wp.kristdemokraterna.se\/varnamo\/files\/2022\/08\/kd-logo-blue.png","keywords":["Arnold Carlzon","ekonomi","fastighetsskatt","ins\u00e4ndare","valr\u00f6relse"],"articleSection":["Debatt"],"inLanguage":"sv-SE"},{"@type":"WebPage","@id":"https:\/\/wp.kristdemokraterna.se\/varnamo\/2002\/09\/13\/fastighetsskatten-ar-orimlig\/","url":"https:\/\/wp.kristdemokraterna.se\/varnamo\/2002\/09\/13\/fastighetsskatten-ar-orimlig\/","name":"Fastighetsskatten \u00e4r orimlig - KRISTDEMOKRATERNA V\u00c4RNAMO","isPartOf":{"@id":"https:\/\/wp.kristdemokraterna.se\/varnamo\/#website"},"primaryImageOfPage":{"@id":"https:\/\/wp.kristdemokraterna.se\/varnamo\/2002\/09\/13\/fastighetsskatten-ar-orimlig\/#primaryimage"},"image":{"@id":"https:\/\/wp.kristdemokraterna.se\/varnamo\/2002\/09\/13\/fastighetsskatten-ar-orimlig\/#primaryimage"},"thumbnailUrl":"https:\/\/wp.kristdemokraterna.se\/varnamo\/files\/2022\/08\/kd-logo-blue.png","datePublished":"2002-09-13T19:38:00+00:00","dateModified":"2017-09-18T15:33:53+00:00","breadcrumb":{"@id":"https:\/\/wp.kristdemokraterna.se\/varnamo\/2002\/09\/13\/fastighetsskatten-ar-orimlig\/#breadcrumb"},"inLanguage":"sv-SE","potentialAction":[{"@type":"ReadAction","target":["https:\/\/wp.kristdemokraterna.se\/varnamo\/2002\/09\/13\/fastighetsskatten-ar-orimlig\/"]}]},{"@type":"ImageObject","inLanguage":"sv-SE","@id":"https:\/\/wp.kristdemokraterna.se\/varnamo\/2002\/09\/13\/fastighetsskatten-ar-orimlig\/#primaryimage","url":"https:\/\/wp.kristdemokraterna.se\/varnamo\/files\/2022\/08\/kd-logo-blue.png","contentUrl":"https:\/\/wp.kristdemokraterna.se\/varnamo\/files\/2022\/08\/kd-logo-blue.png","width":2000,"height":2000,"caption":"Kristdemokraternas logotyp"},{"@type":"BreadcrumbList","@id":"https:\/\/wp.kristdemokraterna.se\/varnamo\/2002\/09\/13\/fastighetsskatten-ar-orimlig\/#breadcrumb","itemListElement":[{"@type":"ListItem","position":1,"name":"Hem","item":"https:\/\/wp.kristdemokraterna.se\/varnamo\/"},{"@type":"ListItem","position":2,"name":"Fastighetsskatten \u00e4r orimlig"}]},{"@type":"WebSite","@id":"https:\/\/wp.kristdemokraterna.se\/varnamo\/#website","url":"https:\/\/wp.kristdemokraterna.se\/varnamo\/","name":"KRISTDEMOKRATERNA V\u00c4RNAMO","description":"Med hj\u00e4rta f\u00f6r V\u00e4rnamo","publisher":{"@id":"https:\/\/wp.kristdemokraterna.se\/varnamo\/#organization"},"inLanguage":"sv-SE"},{"@type":"Organization","@id":"https:\/\/wp.kristdemokraterna.se\/varnamo\/#organization","name":"Kristdemokraterna V\u00e4rnamo","url":"https:\/\/wp.kristdemokraterna.se\/varnamo\/","logo":{"@type":"ImageObject","inLanguage":"sv-SE","@id":"https:\/\/wp.kristdemokraterna.se\/varnamo\/#\/schema\/logo\/image\/","url":"https:\/\/wp.kristdemokraterna.se\/varnamo\/files\/2022\/08\/va\u2560ernamo-sida-bla-300dpi.png","contentUrl":"https:\/\/wp.kristdemokraterna.se\/varnamo\/files\/2022\/08\/va\u2560ernamo-sida-bla-300dpi.png","width":1485,"height":681,"caption":"Kristdemokraterna V\u00e4rnamo"},"image":{"@id":"https:\/\/wp.kristdemokraterna.se\/varnamo\/#\/schema\/logo\/image\/"},"sameAs":["https:\/\/www.facebook.com\/KDVarnamo\/","https:\/\/x.com\/KDVarnamo","https:\/\/www.instagram.com\/","https:\/\/www.youtube.com\/user\/studiokd\/videos"]},{"@type":"Person","@id":"https:\/\/wp.kristdemokraterna.se\/varnamo\/#\/schema\/person\/4e339ab04d613699e4dfe80a994e01d4","name":"Kristdemokraterna V\u00e4rnamo","image":{"@type":"ImageObject","inLanguage":"sv-SE","@id":"https:\/\/secure.gravatar.com\/avatar\/c122e48c7723992af51eb155eeaa93db3c1fa324e3fc6ec45dd712c812809b5b?s=96&r=g","url":"https:\/\/secure.gravatar.com\/avatar\/c122e48c7723992af51eb155eeaa93db3c1fa324e3fc6ec45dd712c812809b5b?s=96&r=g","contentUrl":"https:\/\/secure.gravatar.com\/avatar\/c122e48c7723992af51eb155eeaa93db3c1fa324e3fc6ec45dd712c812809b5b?s=96&r=g","caption":"Kristdemokraterna V\u00e4rnamo"},"description":"Familjens r\u00f6st","sameAs":["http:\/\/www.varnamo.kristdemokraterna.se"],"url":"https:\/\/wp.kristdemokraterna.se\/varnamo\/author\/varnamo\/"}]}},"_links":{"self":[{"href":"https:\/\/wp.kristdemokraterna.se\/varnamo\/wp-json\/wp\/v2\/posts\/2016","targetHints":{"allow":["GET"]}}],"collection":[{"href":"https:\/\/wp.kristdemokraterna.se\/varnamo\/wp-json\/wp\/v2\/posts"}],"about":[{"href":"https:\/\/wp.kristdemokraterna.se\/varnamo\/wp-json\/wp\/v2\/types\/post"}],"author":[{"embeddable":true,"href":"https:\/\/wp.kristdemokraterna.se\/varnamo\/wp-json\/wp\/v2\/users\/412"}],"replies":[{"embeddable":true,"href":"https:\/\/wp.kristdemokraterna.se\/varnamo\/wp-json\/wp\/v2\/comments?post=2016"}],"version-history":[{"count":5,"href":"https:\/\/wp.kristdemokraterna.se\/varnamo\/wp-json\/wp\/v2\/posts\/2016\/revisions"}],"predecessor-version":[{"id":7599,"href":"https:\/\/wp.kristdemokraterna.se\/varnamo\/wp-json\/wp\/v2\/posts\/2016\/revisions\/7599"}],"wp:featuredmedia":[{"embeddable":true,"href":"https:\/\/wp.kristdemokraterna.se\/varnamo\/wp-json\/wp\/v2\/media\/9638"}],"wp:attachment":[{"href":"https:\/\/wp.kristdemokraterna.se\/varnamo\/wp-json\/wp\/v2\/media?parent=2016"}],"wp:term":[{"taxonomy":"category","embeddable":true,"href":"https:\/\/wp.kristdemokraterna.se\/varnamo\/wp-json\/wp\/v2\/categories?post=2016"},{"taxonomy":"post_tag","embeddable":true,"href":"https:\/\/wp.kristdemokraterna.se\/varnamo\/wp-json\/wp\/v2\/tags?post=2016"}],"curies":[{"name":"wp","href":"https:\/\/api.w.org\/{rel}","templated":true}]}}