{"id":2017,"date":"2002-09-12T21:38:00","date_gmt":"2002-09-12T19:38:00","guid":{"rendered":"http:\/\/localhost:4901\/?p=2017"},"modified":"2017-09-18T17:34:34","modified_gmt":"2017-09-18T15:34:34","slug":"kristdemokraterna-har-ingen-plats-i-hogerburen","status":"publish","type":"post","link":"https:\/\/wp.kristdemokraterna.se\/varnamo\/2002\/09\/12\/kristdemokraterna-har-ingen-plats-i-hogerburen\/","title":{"rendered":"Kristdemokraterna har ingen plats i h\u00f6gerburen"},"content":{"rendered":"<p>Ordf\u00f6randen i V\u00e4rnamo energi och 1 vice ordf\u00f6rande i V\u00e4rnamo Kommunfullm\u00e4ktige, kristdemokraten Gunnar Crona, har skrivit en replik till Tomas Strands ins\u00e4ndare i V\u00e4rnamo Nyheter den 9 september, ang\u00e5ende Alf Svensson och kristdemokraterna:<\/p>\n<p><!--more--><\/p>\n<h2>Kristdemokraterna har ingen plats i h\u00f6gerburen<\/h2>\n<p>Tomas Strand som jag har l\u00e4rt k\u00e4nna som en hederlig och ansvarsfull person har i sin ins\u00e4ndare mot Alf Svensson och kristdemokraterna f\u00f6rfallit till enkel och billig retorik och vissa fall ren osanning.<\/p>\n<p>Som\u00a0s\u00e5 m\u00e5nga g\u00e5nger f\u00f6rr fr\u00e5n socialdemokraterna\u00a0placeras vi i h\u00f6gerburen. Ett enda argument f\u00f6r att vi skulle vara\u00a0h\u00f6gervridna har han i sin l\u00e5nga ins\u00e4ndare och det \u00e4r\u00a0att Alf Svensson skulle ha sagt att skapelsel\u00e4ran skall tas upp p\u00e5\u00a0biologilektionerna i skolan.<\/p>\n<p>Jag var sj\u00e4lv och lyssnade p\u00e5 Alf Svensson n\u00e4r han nyligen bes\u00f6kte V\u00e4rnamo och d\u00e4r sa han att visst skulle man ta upp skapelsel\u00e4ran i skolan, men d\u00e5 i religions\u00e4mnet. Man kan undra om de socialdemokratiska broderskaparna inte vill att skapelsel\u00e4ran \u00f6verhuvudtaget skall tas upp i den svenska skolan.<\/p>\n<p>Vi kristdemokrater har bl.a. lagt f\u00f6rslag om:<\/p>\n<ul>\n<li>1000 kr extra per m\u00e5nad till pension\u00e4rer med l\u00e5g pension<\/li>\n<li>Mer personal och kortare k\u00f6tider p\u00e5 sjukhus och \u00e4ldreboende<\/li>\n<li>\u00d6kat bist\u00e5nd till U-l\u00e4nder<\/li>\n<li>En n\u00e4rpolis per 1000 inv\u00e5nare<\/li>\n<li>Barnomsorgskonto till alla barnfamiljer s\u00e5 att f\u00f6r\u00e4ldrarna f\u00e5r mer tid f\u00f6r sina barn<\/li>\n<\/ul>\n<p>Alla dessa f\u00f6rslag talar sitt tydliga spr\u00e5k och visar att vi \u00e4r ett parti som v\u00e4rnar om alla medborgare och \u00e4r definitivt inget h\u00f6gerparti.<\/p>\n<p style=\"text-align: right\"><em>Gunnar Crona<\/em><br \/>\nKristdemokraterna, V\u00e4rnamo<\/p>\n<hr \/>\n<p><strong>Publicerad:<\/strong><br \/>\n<em>2002-09-14:<\/em> V\u00e4rnamo Nyheter<\/p>\n","protected":false},"excerpt":{"rendered":"<p>Ordf\u00f6randen i V\u00e4rnamo energi och 1 vice ordf\u00f6rande i V\u00e4rnamo Kommunfullm\u00e4ktige, kristdemokraten Gunnar Crona, har skrivit en replik till Tomas Strands ins\u00e4ndare i V\u00e4rnamo Nyheter den 9 september, ang\u00e5ende Alf Svensson och kristdemokraterna:<\/p>\n","protected":false},"author":412,"featured_media":3257,"comment_status":"closed","ping_status":"closed","sticky":false,"template":"","format":"standard","meta":{"_acf_changed":false,"footnotes":""},"categories":[12],"tags":[243,319,231,37,401,25,73,99,403,310,206,33,62],"class_list":["post-2017","post","type-post","status-publish","format-standard","hentry","category-debatt","tag-alf-svensson","tag-barnomsorgskonto","tag-bistand","tag-familj","tag-foraldrar","tag-gunnar-crona","tag-insandare","tag-pension","tag-pensionar","tag-polis","tag-religionskunskap","tag-skola","tag-valrorelse"],"acf":[],"yoast_head":"<!-- This site is optimized with the Yoast SEO plugin v27.4 - https:\/\/yoast.com\/product\/yoast-seo-wordpress\/ -->\n<title>Kristdemokraterna har ingen plats i h\u00f6gerburen - KRISTDEMOKRATERNA V\u00c4RNAMO<\/title>\n<meta name=\"robots\" content=\"index, follow, max-snippet:-1, max-image-preview:large, max-video-preview:-1\" \/>\n<link rel=\"canonical\" href=\"https:\/\/wp.kristdemokraterna.se\/varnamo\/2002\/09\/12\/kristdemokraterna-har-ingen-plats-i-hogerburen\/\" \/>\n<meta property=\"og:locale\" content=\"sv_SE\" \/>\n<meta property=\"og:type\" content=\"article\" \/>\n<meta property=\"og:title\" content=\"Kristdemokraterna har ingen plats i h\u00f6gerburen - KRISTDEMOKRATERNA V\u00c4RNAMO\" \/>\n<meta property=\"og:description\" content=\"Ordf\u00f6randen i V\u00e4rnamo energi och 1 vice ordf\u00f6rande i V\u00e4rnamo Kommunfullm\u00e4ktige, kristdemokraten Gunnar Crona, har skrivit en replik till Tomas Strands ins\u00e4ndare i V\u00e4rnamo Nyheter den 9 september, ang\u00e5ende Alf Svensson och kristdemokraterna:\" \/>\n<meta property=\"og:url\" content=\"https:\/\/wp.kristdemokraterna.se\/varnamo\/2002\/09\/12\/kristdemokraterna-har-ingen-plats-i-hogerburen\/\" \/>\n<meta property=\"og:site_name\" content=\"KRISTDEMOKRATERNA V\u00c4RNAMO\" \/>\n<meta property=\"article:publisher\" content=\"https:\/\/www.facebook.com\/KDVarnamo\/\" \/>\n<meta property=\"article:published_time\" content=\"2002-09-12T19:38:00+00:00\" \/>\n<meta property=\"article:modified_time\" content=\"2017-09-18T15:34:34+00:00\" \/>\n<meta property=\"og:image\" content=\"https:\/\/wp.kristdemokraterna.se\/varnamo\/files\/2013\/11\/gunnar_crona.jpg\" \/>\n\t<meta property=\"og:image:width\" content=\"300\" \/>\n\t<meta property=\"og:image:height\" content=\"300\" \/>\n\t<meta property=\"og:image:type\" content=\"image\/jpeg\" \/>\n<meta name=\"author\" content=\"Kristdemokraterna V\u00e4rnamo\" \/>\n<meta name=\"twitter:card\" content=\"summary_large_image\" \/>\n<meta name=\"twitter:creator\" content=\"@KDVarnamo\" \/>\n<meta name=\"twitter:site\" content=\"@KDVarnamo\" \/>\n<meta name=\"twitter:label1\" content=\"Skriven av\" \/>\n\t<meta name=\"twitter:data1\" content=\"Kristdemokraterna V\u00e4rnamo\" \/>\n\t<meta name=\"twitter:label2\" content=\"Ber\u00e4knad l\u00e4stid\" \/>\n\t<meta name=\"twitter:data2\" content=\"1 minut\" \/>\n<script type=\"application\/ld+json\" class=\"yoast-schema-graph\">{\"@context\":\"https:\\\/\\\/schema.org\",\"@graph\":[{\"@type\":\"Article\",\"@id\":\"https:\\\/\\\/wp.kristdemokraterna.se\\\/varnamo\\\/2002\\\/09\\\/12\\\/kristdemokraterna-har-ingen-plats-i-hogerburen\\\/#article\",\"isPartOf\":{\"@id\":\"https:\\\/\\\/wp.kristdemokraterna.se\\\/varnamo\\\/2002\\\/09\\\/12\\\/kristdemokraterna-har-ingen-plats-i-hogerburen\\\/\"},\"author\":{\"name\":\"Kristdemokraterna V\u00e4rnamo\",\"@id\":\"https:\\\/\\\/wp.kristdemokraterna.se\\\/varnamo\\\/#\\\/schema\\\/person\\\/4e339ab04d613699e4dfe80a994e01d4\"},\"headline\":\"Kristdemokraterna har ingen plats i h\u00f6gerburen\",\"datePublished\":\"2002-09-12T19:38:00+00:00\",\"dateModified\":\"2017-09-18T15:34:34+00:00\",\"mainEntityOfPage\":{\"@id\":\"https:\\\/\\\/wp.kristdemokraterna.se\\\/varnamo\\\/2002\\\/09\\\/12\\\/kristdemokraterna-har-ingen-plats-i-hogerburen\\\/\"},\"wordCount\":300,\"publisher\":{\"@id\":\"https:\\\/\\\/wp.kristdemokraterna.se\\\/varnamo\\\/#organization\"},\"image\":{\"@id\":\"https:\\\/\\\/wp.kristdemokraterna.se\\\/varnamo\\\/2002\\\/09\\\/12\\\/kristdemokraterna-har-ingen-plats-i-hogerburen\\\/#primaryimage\"},\"thumbnailUrl\":\"https:\\\/\\\/wp.kristdemokraterna.se\\\/varnamo\\\/files\\\/2013\\\/11\\\/gunnar_crona.jpg\",\"keywords\":[\"Alf Svensson\",\"barnomsorgskonto\",\"bist\u00e5nd\",\"familj\",\"f\u00f6r\u00e4ldrar\",\"Gunnar Crona\",\"ins\u00e4ndare\",\"pension\",\"pension\u00e4r\",\"polis\",\"religionskunskap\",\"skola\",\"valr\u00f6relse\"],\"articleSection\":[\"Debatt\"],\"inLanguage\":\"sv-SE\"},{\"@type\":\"WebPage\",\"@id\":\"https:\\\/\\\/wp.kristdemokraterna.se\\\/varnamo\\\/2002\\\/09\\\/12\\\/kristdemokraterna-har-ingen-plats-i-hogerburen\\\/\",\"url\":\"https:\\\/\\\/wp.kristdemokraterna.se\\\/varnamo\\\/2002\\\/09\\\/12\\\/kristdemokraterna-har-ingen-plats-i-hogerburen\\\/\",\"name\":\"Kristdemokraterna har ingen plats i h\u00f6gerburen - KRISTDEMOKRATERNA V\u00c4RNAMO\",\"isPartOf\":{\"@id\":\"https:\\\/\\\/wp.kristdemokraterna.se\\\/varnamo\\\/#website\"},\"primaryImageOfPage\":{\"@id\":\"https:\\\/\\\/wp.kristdemokraterna.se\\\/varnamo\\\/2002\\\/09\\\/12\\\/kristdemokraterna-har-ingen-plats-i-hogerburen\\\/#primaryimage\"},\"image\":{\"@id\":\"https:\\\/\\\/wp.kristdemokraterna.se\\\/varnamo\\\/2002\\\/09\\\/12\\\/kristdemokraterna-har-ingen-plats-i-hogerburen\\\/#primaryimage\"},\"thumbnailUrl\":\"https:\\\/\\\/wp.kristdemokraterna.se\\\/varnamo\\\/files\\\/2013\\\/11\\\/gunnar_crona.jpg\",\"datePublished\":\"2002-09-12T19:38:00+00:00\",\"dateModified\":\"2017-09-18T15:34:34+00:00\",\"breadcrumb\":{\"@id\":\"https:\\\/\\\/wp.kristdemokraterna.se\\\/varnamo\\\/2002\\\/09\\\/12\\\/kristdemokraterna-har-ingen-plats-i-hogerburen\\\/#breadcrumb\"},\"inLanguage\":\"sv-SE\",\"potentialAction\":[{\"@type\":\"ReadAction\",\"target\":[\"https:\\\/\\\/wp.kristdemokraterna.se\\\/varnamo\\\/2002\\\/09\\\/12\\\/kristdemokraterna-har-ingen-plats-i-hogerburen\\\/\"]}]},{\"@type\":\"ImageObject\",\"inLanguage\":\"sv-SE\",\"@id\":\"https:\\\/\\\/wp.kristdemokraterna.se\\\/varnamo\\\/2002\\\/09\\\/12\\\/kristdemokraterna-har-ingen-plats-i-hogerburen\\\/#primaryimage\",\"url\":\"https:\\\/\\\/wp.kristdemokraterna.se\\\/varnamo\\\/files\\\/2013\\\/11\\\/gunnar_crona.jpg\",\"contentUrl\":\"https:\\\/\\\/wp.kristdemokraterna.se\\\/varnamo\\\/files\\\/2013\\\/11\\\/gunnar_crona.jpg\",\"width\":300,\"height\":300,\"caption\":\"Gunnar Crona, Kristdemokraterna V\u00e4rnamo. (Foto: Fotograf M\u00e4ster Olof)\"},{\"@type\":\"BreadcrumbList\",\"@id\":\"https:\\\/\\\/wp.kristdemokraterna.se\\\/varnamo\\\/2002\\\/09\\\/12\\\/kristdemokraterna-har-ingen-plats-i-hogerburen\\\/#breadcrumb\",\"itemListElement\":[{\"@type\":\"ListItem\",\"position\":1,\"name\":\"Hem\",\"item\":\"https:\\\/\\\/wp.kristdemokraterna.se\\\/varnamo\\\/\"},{\"@type\":\"ListItem\",\"position\":2,\"name\":\"Kristdemokraterna har ingen plats i h\u00f6gerburen\"}]},{\"@type\":\"WebSite\",\"@id\":\"https:\\\/\\\/wp.kristdemokraterna.se\\\/varnamo\\\/#website\",\"url\":\"https:\\\/\\\/wp.kristdemokraterna.se\\\/varnamo\\\/\",\"name\":\"KRISTDEMOKRATERNA V\u00c4RNAMO\",\"description\":\"Med hj\u00e4rta f\u00f6r V\u00e4rnamo\",\"publisher\":{\"@id\":\"https:\\\/\\\/wp.kristdemokraterna.se\\\/varnamo\\\/#organization\"},\"inLanguage\":\"sv-SE\"},{\"@type\":\"Organization\",\"@id\":\"https:\\\/\\\/wp.kristdemokraterna.se\\\/varnamo\\\/#organization\",\"name\":\"Kristdemokraterna V\u00e4rnamo\",\"url\":\"https:\\\/\\\/wp.kristdemokraterna.se\\\/varnamo\\\/\",\"logo\":{\"@type\":\"ImageObject\",\"inLanguage\":\"sv-SE\",\"@id\":\"https:\\\/\\\/wp.kristdemokraterna.se\\\/varnamo\\\/#\\\/schema\\\/logo\\\/image\\\/\",\"url\":\"https:\\\/\\\/wp.kristdemokraterna.se\\\/varnamo\\\/files\\\/2022\\\/08\\\/va\u2560ernamo-sida-bla-300dpi.png\",\"contentUrl\":\"https:\\\/\\\/wp.kristdemokraterna.se\\\/varnamo\\\/files\\\/2022\\\/08\\\/va\u2560ernamo-sida-bla-300dpi.png\",\"width\":1485,\"height\":681,\"caption\":\"Kristdemokraterna V\u00e4rnamo\"},\"image\":{\"@id\":\"https:\\\/\\\/wp.kristdemokraterna.se\\\/varnamo\\\/#\\\/schema\\\/logo\\\/image\\\/\"},\"sameAs\":[\"https:\\\/\\\/www.facebook.com\\\/KDVarnamo\\\/\",\"https:\\\/\\\/x.com\\\/KDVarnamo\",\"https:\\\/\\\/www.instagram.com\\\/\",\"https:\\\/\\\/www.youtube.com\\\/user\\\/studiokd\\\/videos\"]},{\"@type\":\"Person\",\"@id\":\"https:\\\/\\\/wp.kristdemokraterna.se\\\/varnamo\\\/#\\\/schema\\\/person\\\/4e339ab04d613699e4dfe80a994e01d4\",\"name\":\"Kristdemokraterna V\u00e4rnamo\",\"image\":{\"@type\":\"ImageObject\",\"inLanguage\":\"sv-SE\",\"@id\":\"https:\\\/\\\/secure.gravatar.com\\\/avatar\\\/c122e48c7723992af51eb155eeaa93db3c1fa324e3fc6ec45dd712c812809b5b?s=96&r=g\",\"url\":\"https:\\\/\\\/secure.gravatar.com\\\/avatar\\\/c122e48c7723992af51eb155eeaa93db3c1fa324e3fc6ec45dd712c812809b5b?s=96&r=g\",\"contentUrl\":\"https:\\\/\\\/secure.gravatar.com\\\/avatar\\\/c122e48c7723992af51eb155eeaa93db3c1fa324e3fc6ec45dd712c812809b5b?s=96&r=g\",\"caption\":\"Kristdemokraterna V\u00e4rnamo\"},\"description\":\"Familjens r\u00f6st\",\"sameAs\":[\"http:\\\/\\\/www.varnamo.kristdemokraterna.se\"],\"url\":\"https:\\\/\\\/wp.kristdemokraterna.se\\\/varnamo\\\/author\\\/varnamo\\\/\"}]}<\/script>\n<!-- \/ Yoast SEO plugin. -->","yoast_head_json":{"title":"Kristdemokraterna har ingen plats i h\u00f6gerburen - KRISTDEMOKRATERNA V\u00c4RNAMO","robots":{"index":"index","follow":"follow","max-snippet":"max-snippet:-1","max-image-preview":"max-image-preview:large","max-video-preview":"max-video-preview:-1"},"canonical":"https:\/\/wp.kristdemokraterna.se\/varnamo\/2002\/09\/12\/kristdemokraterna-har-ingen-plats-i-hogerburen\/","og_locale":"sv_SE","og_type":"article","og_title":"Kristdemokraterna har ingen plats i h\u00f6gerburen - KRISTDEMOKRATERNA V\u00c4RNAMO","og_description":"Ordf\u00f6randen i V\u00e4rnamo energi och 1 vice ordf\u00f6rande i V\u00e4rnamo Kommunfullm\u00e4ktige, kristdemokraten Gunnar Crona, har skrivit en replik till Tomas Strands ins\u00e4ndare i V\u00e4rnamo Nyheter den 9 september, ang\u00e5ende Alf Svensson och kristdemokraterna:","og_url":"https:\/\/wp.kristdemokraterna.se\/varnamo\/2002\/09\/12\/kristdemokraterna-har-ingen-plats-i-hogerburen\/","og_site_name":"KRISTDEMOKRATERNA V\u00c4RNAMO","article_publisher":"https:\/\/www.facebook.com\/KDVarnamo\/","article_published_time":"2002-09-12T19:38:00+00:00","article_modified_time":"2017-09-18T15:34:34+00:00","og_image":[{"width":300,"height":300,"url":"https:\/\/wp.kristdemokraterna.se\/varnamo\/files\/2013\/11\/gunnar_crona.jpg","type":"image\/jpeg"}],"author":"Kristdemokraterna V\u00e4rnamo","twitter_card":"summary_large_image","twitter_creator":"@KDVarnamo","twitter_site":"@KDVarnamo","twitter_misc":{"Skriven av":"Kristdemokraterna V\u00e4rnamo","Ber\u00e4knad l\u00e4stid":"1 minut"},"schema":{"@context":"https:\/\/schema.org","@graph":[{"@type":"Article","@id":"https:\/\/wp.kristdemokraterna.se\/varnamo\/2002\/09\/12\/kristdemokraterna-har-ingen-plats-i-hogerburen\/#article","isPartOf":{"@id":"https:\/\/wp.kristdemokraterna.se\/varnamo\/2002\/09\/12\/kristdemokraterna-har-ingen-plats-i-hogerburen\/"},"author":{"name":"Kristdemokraterna V\u00e4rnamo","@id":"https:\/\/wp.kristdemokraterna.se\/varnamo\/#\/schema\/person\/4e339ab04d613699e4dfe80a994e01d4"},"headline":"Kristdemokraterna har ingen plats i h\u00f6gerburen","datePublished":"2002-09-12T19:38:00+00:00","dateModified":"2017-09-18T15:34:34+00:00","mainEntityOfPage":{"@id":"https:\/\/wp.kristdemokraterna.se\/varnamo\/2002\/09\/12\/kristdemokraterna-har-ingen-plats-i-hogerburen\/"},"wordCount":300,"publisher":{"@id":"https:\/\/wp.kristdemokraterna.se\/varnamo\/#organization"},"image":{"@id":"https:\/\/wp.kristdemokraterna.se\/varnamo\/2002\/09\/12\/kristdemokraterna-har-ingen-plats-i-hogerburen\/#primaryimage"},"thumbnailUrl":"https:\/\/wp.kristdemokraterna.se\/varnamo\/files\/2013\/11\/gunnar_crona.jpg","keywords":["Alf Svensson","barnomsorgskonto","bist\u00e5nd","familj","f\u00f6r\u00e4ldrar","Gunnar Crona","ins\u00e4ndare","pension","pension\u00e4r","polis","religionskunskap","skola","valr\u00f6relse"],"articleSection":["Debatt"],"inLanguage":"sv-SE"},{"@type":"WebPage","@id":"https:\/\/wp.kristdemokraterna.se\/varnamo\/2002\/09\/12\/kristdemokraterna-har-ingen-plats-i-hogerburen\/","url":"https:\/\/wp.kristdemokraterna.se\/varnamo\/2002\/09\/12\/kristdemokraterna-har-ingen-plats-i-hogerburen\/","name":"Kristdemokraterna har ingen plats i h\u00f6gerburen - KRISTDEMOKRATERNA V\u00c4RNAMO","isPartOf":{"@id":"https:\/\/wp.kristdemokraterna.se\/varnamo\/#website"},"primaryImageOfPage":{"@id":"https:\/\/wp.kristdemokraterna.se\/varnamo\/2002\/09\/12\/kristdemokraterna-har-ingen-plats-i-hogerburen\/#primaryimage"},"image":{"@id":"https:\/\/wp.kristdemokraterna.se\/varnamo\/2002\/09\/12\/kristdemokraterna-har-ingen-plats-i-hogerburen\/#primaryimage"},"thumbnailUrl":"https:\/\/wp.kristdemokraterna.se\/varnamo\/files\/2013\/11\/gunnar_crona.jpg","datePublished":"2002-09-12T19:38:00+00:00","dateModified":"2017-09-18T15:34:34+00:00","breadcrumb":{"@id":"https:\/\/wp.kristdemokraterna.se\/varnamo\/2002\/09\/12\/kristdemokraterna-har-ingen-plats-i-hogerburen\/#breadcrumb"},"inLanguage":"sv-SE","potentialAction":[{"@type":"ReadAction","target":["https:\/\/wp.kristdemokraterna.se\/varnamo\/2002\/09\/12\/kristdemokraterna-har-ingen-plats-i-hogerburen\/"]}]},{"@type":"ImageObject","inLanguage":"sv-SE","@id":"https:\/\/wp.kristdemokraterna.se\/varnamo\/2002\/09\/12\/kristdemokraterna-har-ingen-plats-i-hogerburen\/#primaryimage","url":"https:\/\/wp.kristdemokraterna.se\/varnamo\/files\/2013\/11\/gunnar_crona.jpg","contentUrl":"https:\/\/wp.kristdemokraterna.se\/varnamo\/files\/2013\/11\/gunnar_crona.jpg","width":300,"height":300,"caption":"Gunnar Crona, Kristdemokraterna V\u00e4rnamo. (Foto: Fotograf M\u00e4ster Olof)"},{"@type":"BreadcrumbList","@id":"https:\/\/wp.kristdemokraterna.se\/varnamo\/2002\/09\/12\/kristdemokraterna-har-ingen-plats-i-hogerburen\/#breadcrumb","itemListElement":[{"@type":"ListItem","position":1,"name":"Hem","item":"https:\/\/wp.kristdemokraterna.se\/varnamo\/"},{"@type":"ListItem","position":2,"name":"Kristdemokraterna har ingen plats i h\u00f6gerburen"}]},{"@type":"WebSite","@id":"https:\/\/wp.kristdemokraterna.se\/varnamo\/#website","url":"https:\/\/wp.kristdemokraterna.se\/varnamo\/","name":"KRISTDEMOKRATERNA V\u00c4RNAMO","description":"Med hj\u00e4rta f\u00f6r V\u00e4rnamo","publisher":{"@id":"https:\/\/wp.kristdemokraterna.se\/varnamo\/#organization"},"inLanguage":"sv-SE"},{"@type":"Organization","@id":"https:\/\/wp.kristdemokraterna.se\/varnamo\/#organization","name":"Kristdemokraterna V\u00e4rnamo","url":"https:\/\/wp.kristdemokraterna.se\/varnamo\/","logo":{"@type":"ImageObject","inLanguage":"sv-SE","@id":"https:\/\/wp.kristdemokraterna.se\/varnamo\/#\/schema\/logo\/image\/","url":"https:\/\/wp.kristdemokraterna.se\/varnamo\/files\/2022\/08\/va\u2560ernamo-sida-bla-300dpi.png","contentUrl":"https:\/\/wp.kristdemokraterna.se\/varnamo\/files\/2022\/08\/va\u2560ernamo-sida-bla-300dpi.png","width":1485,"height":681,"caption":"Kristdemokraterna V\u00e4rnamo"},"image":{"@id":"https:\/\/wp.kristdemokraterna.se\/varnamo\/#\/schema\/logo\/image\/"},"sameAs":["https:\/\/www.facebook.com\/KDVarnamo\/","https:\/\/x.com\/KDVarnamo","https:\/\/www.instagram.com\/","https:\/\/www.youtube.com\/user\/studiokd\/videos"]},{"@type":"Person","@id":"https:\/\/wp.kristdemokraterna.se\/varnamo\/#\/schema\/person\/4e339ab04d613699e4dfe80a994e01d4","name":"Kristdemokraterna V\u00e4rnamo","image":{"@type":"ImageObject","inLanguage":"sv-SE","@id":"https:\/\/secure.gravatar.com\/avatar\/c122e48c7723992af51eb155eeaa93db3c1fa324e3fc6ec45dd712c812809b5b?s=96&r=g","url":"https:\/\/secure.gravatar.com\/avatar\/c122e48c7723992af51eb155eeaa93db3c1fa324e3fc6ec45dd712c812809b5b?s=96&r=g","contentUrl":"https:\/\/secure.gravatar.com\/avatar\/c122e48c7723992af51eb155eeaa93db3c1fa324e3fc6ec45dd712c812809b5b?s=96&r=g","caption":"Kristdemokraterna V\u00e4rnamo"},"description":"Familjens r\u00f6st","sameAs":["http:\/\/www.varnamo.kristdemokraterna.se"],"url":"https:\/\/wp.kristdemokraterna.se\/varnamo\/author\/varnamo\/"}]}},"_links":{"self":[{"href":"https:\/\/wp.kristdemokraterna.se\/varnamo\/wp-json\/wp\/v2\/posts\/2017","targetHints":{"allow":["GET"]}}],"collection":[{"href":"https:\/\/wp.kristdemokraterna.se\/varnamo\/wp-json\/wp\/v2\/posts"}],"about":[{"href":"https:\/\/wp.kristdemokraterna.se\/varnamo\/wp-json\/wp\/v2\/types\/post"}],"author":[{"embeddable":true,"href":"https:\/\/wp.kristdemokraterna.se\/varnamo\/wp-json\/wp\/v2\/users\/412"}],"replies":[{"embeddable":true,"href":"https:\/\/wp.kristdemokraterna.se\/varnamo\/wp-json\/wp\/v2\/comments?post=2017"}],"version-history":[{"count":4,"href":"https:\/\/wp.kristdemokraterna.se\/varnamo\/wp-json\/wp\/v2\/posts\/2017\/revisions"}],"predecessor-version":[{"id":7600,"href":"https:\/\/wp.kristdemokraterna.se\/varnamo\/wp-json\/wp\/v2\/posts\/2017\/revisions\/7600"}],"wp:featuredmedia":[{"embeddable":true,"href":"https:\/\/wp.kristdemokraterna.se\/varnamo\/wp-json\/wp\/v2\/media\/3257"}],"wp:attachment":[{"href":"https:\/\/wp.kristdemokraterna.se\/varnamo\/wp-json\/wp\/v2\/media?parent=2017"}],"wp:term":[{"taxonomy":"category","embeddable":true,"href":"https:\/\/wp.kristdemokraterna.se\/varnamo\/wp-json\/wp\/v2\/categories?post=2017"},{"taxonomy":"post_tag","embeddable":true,"href":"https:\/\/wp.kristdemokraterna.se\/varnamo\/wp-json\/wp\/v2\/tags?post=2017"}],"curies":[{"name":"wp","href":"https:\/\/api.w.org\/{rel}","templated":true}]}}