{"id":2018,"date":"2002-09-10T21:38:00","date_gmt":"2002-09-10T19:38:00","guid":{"rendered":"http:\/\/localhost:4901\/?p=2018"},"modified":"2015-07-12T20:05:24","modified_gmt":"2015-07-12T18:05:24","slug":"satsa-pa-personalen-for-att-fa-en-battre-vard","status":"publish","type":"post","link":"https:\/\/wp.kristdemokraterna.se\/varnamo\/2002\/09\/10\/satsa-pa-personalen-for-att-fa-en-battre-vard\/","title":{"rendered":"Satsa p\u00e5 personalen f\u00f6r att f\u00e5 en b\u00e4ttre v\u00e5rd"},"content":{"rendered":"<div style=\"width: 210px\" class=\"wp-caption alignnone\"><a href=\"http:\/\/wp.kristdemokraterna.se\/varnamo\/files\/2010\/08\/lisbeth_rydefjard.jpg\"><img loading=\"lazy\" decoding=\"async\" title=\"lisbeth_rydefjard\" src=\"http:\/\/wp.kristdemokraterna.se\/varnamo\/files\/2010\/08\/lisbeth_rydefjard.jpg\" alt=\"Lisbeth Rydefj\u00e4rd, Kristdemokraternas landstingsr\u00e5d i J\u00f6nk\u00f6pings l\u00e4n\" width=\"200\" height=\"268\" \/><\/a><p class=\"wp-caption-text\">Lisbeth Rydefj\u00e4rd, Kristdemokraternas landstingsr\u00e5d i J\u00f6nk\u00f6pings l\u00e4n<\/p><\/div>\n<p>Tisdagen den 10 september bes\u00f6kte Kristdemokraternas landstingsr\u00e5d i J\u00f6nk\u00f6pings l\u00e4n, Lisbeth Rydefj\u00e4rd fr\u00e5n Bottnaryd, V\u00e4rnamo. Under bes\u00f6ket hann hon med en rundvandring p\u00e5 g\u00e4sthemmet Svalan, en avdelning f\u00f6r v\u00e5rd i livets slutskede som kommit till p\u00e5 kristdemokratiskt initiativ. Kristdemokraterna i s\u00e5v\u00e4l V\u00e4rnamo kommun som J\u00f6nk\u00f6pings l\u00e4ns landsting \u00e4r helt \u00f6verens om att g\u00e4sthemmet Svalan fyller en viktig uppgift och ska utvecklas vidare. Vid sitt bes\u00f6k i V\u00e4rnamo uttalade sig Lisbeth Rydefj\u00e4rd om att v\u00e5rdens kvalitet best\u00e4ms av personalens kompetens och m\u00f6jligheter att g\u00f6ra ett bra jobb.<\/p>\n<p><!--more--><q title=\"Lisbeth Rydefj\u00e4rd\">V\u00e5rdens kvalitet best\u00e4ms av personalens kompetens och m\u00f6jligheter att g\u00f6ra ett bra jobb. Att bara tala om hur mycket pengar som ska satsas r\u00e4cker inte. Det kr\u00e4vs konkreta punkter f\u00f6r hur vi ska \u00f6ka arbetsgl\u00e4djen och f\u00e5 en v\u00e4rdigare v\u00e5rd. Vi har f\u00f6rslagen.<\/q> Det sade landstingsr\u00e5det Lisbeth Rydefj\u00e4rd vid ett bes\u00f6k i Kristdemokraternas valstuga p\u00e5 Flanaden i V\u00e4rnamo p\u00e5 tisdagen.<\/p>\n<p>Vi\u00a0har idag brister inom demensv\u00e5rden, vi har sv\u00e5rt att rekrytera\u00a0personal och vi har en \u00f6kande sjukfr\u00e5nvaro bland v\u00e5rdpersonalen.\u00a0I J\u00f6nk\u00f6pings kommun har socialf\u00f6rvaltningens personal idag\u00a017,88 dagars sjukfr\u00e5nvaro i genomsnitt vilket \u00e4r en \u00f6kning\u00a0fr\u00e5n 14,73 \u00e5r 2001. Det kr\u00e4vs mer resurser till v\u00e5rden\u00a0men ocks\u00e5 en tydlig politisk strategi f\u00f6r att f\u00f6rb\u00e4ttra.<\/p>\n<p>Vi f\u00f6resl\u00e5r:<\/p>\n<ul>\n<li>p\u00e5b\u00f6rja ett systematiskt arbetsmilj\u00f6arbete p\u00e5 varje arbetsplats<\/li>\n<li>snabba rehabiliteringsinsatser direkt och uth\u00e5lligt, Kristdemokraterna har i riksdagen f\u00f6reslagit en rehabiliteringsf\u00f6rs\u00e4kring till en kostnad av 7,5 miljarder kronor som v\u00e4sentligt skulle f\u00f6rb\u00e4ttra kommuners och landstings m\u00f6jligheter till effektiva insatser vid sjukdom<\/li>\n<li>ge undersk\u00f6terskor m\u00f6jlighet till vidareutbildning och specialisering, landstingets planerade arbete med att utbilda demensundersk\u00f6terskor m\u00e5ste genomf\u00f6ras och helst ske i samverkan med kommunen som har flest undersk\u00f6terskor<\/li>\n<li>etablera \u00e5terkommande dialogtr\u00e4ffar mellan personal och politiker<\/li>\n<li>ledarskapsutveckling f\u00f6r varje chef, ett till\u00e5tande och \u00f6ppet arbetsklimat kommer inte av sig sj\u00e4lv, inflytande \u00f6ver vardagsarbetet m\u00e5ste finnas p\u00e5 varje arbetsplats liksom m\u00f6jlighet till flexibla arbetstider och r\u00e4tt till heltid.<\/li>\n<\/ul>\n<h1>\u00c5tta \u00e5r med (s)<\/h1>\n<dl>\n<dt>V\u00e5rdplatser:<\/dt>\n<dd>14.000 f\u00e4rre<\/dd>\n<dt>F\u00f6retagare:<\/dt>\n<dd>13.000 f\u00e4rre<\/dd>\n<dt>Dagisgrupper:<\/dt>\n<dd>13% st\u00f6rre<\/dd>\n<dt>Skolan:<\/dt>\n<dd>25,7% underk\u00e4nda<\/dd>\n<dt>Poliser:<\/dt>\n<dd>2000 f\u00e4rre, -11%<\/dd>\n<dt>Investeringar:<\/dt>\n<dd>L\u00e4gst i EU<\/dd>\n<dt>Kommuntillskott:<\/dt>\n<dd>-1 mdr kr<\/dd>\n<dt>Landstingstillskott:<\/dt>\n<dd>0 kr<\/dd>\n<dt>Tillv\u00e4xttapp:<\/dt>\n<dd>-70 mdr kr<\/dd>\n<dt>Kostnad f\u00f6r arbetsl\u00f6shet och oh\u00e4lsa:<\/dt>\n<dd>60 mdr kr mer<\/dd>\n<dt>\u00c4gandeskatt: H\u00f6gst i OECD<\/dt>\n<dd>SEK\/USD: minus 30%<\/dd>\n<\/dl>\n<p>L\u00e4s Kristdemokraternas rapport:<br \/>\n<img loading=\"lazy\" decoding=\"async\" src=\"http:\/\/wp.kristdemokraterna.se\/varnamo\/files\/2010\/08\/pdficon.gif\" alt=\"pdf, Adobe\" width=\"32\" height=\"32\" \/> [<a title=\"\u00c5tta f\u00f6rlorade \u00e5r med s\" href=\"http:\/\/wp.kristdemokraterna.se\/varnamo\/files\/2010\/08\/8_forlorade_ar_med_s.pdf\" target=\"_blank\">\u00c5tta\u00a0f\u00f6rlorade \u00e5r med s<\/a>]<\/p>\n","protected":false},"excerpt":{"rendered":"<p>Tisdagen den 10 september bes\u00f6kte Kristdemokraternas landstingsr\u00e5d i J\u00f6nk\u00f6pings l\u00e4n, Lisbeth Rydefj\u00e4rd fr\u00e5n Bottnaryd, V\u00e4rnamo. Under bes\u00f6ket hann hon med en rundvandring p\u00e5 g\u00e4sthemmet Svalan, en avdelning f\u00f6r v\u00e5rd i livets slutskede som kommit till p\u00e5 kristdemokratiskt initiativ. Kristdemokraterna i s\u00e5v\u00e4l V\u00e4rnamo kommun som J\u00f6nk\u00f6pings l\u00e4ns landsting \u00e4r helt \u00f6verens om att g\u00e4sthemmet Svalan fyller <a class=\"read-more-link\" href=\"https:\/\/wp.kristdemokraterna.se\/varnamo\/2002\/09\/10\/satsa-pa-personalen-for-att-fa-en-battre-vard\/\">Read More<\/a><\/p>\n","protected":false},"author":412,"featured_media":9638,"comment_status":"closed","ping_status":"closed","sticky":false,"template":"","format":"standard","meta":{"_acf_changed":false,"footnotes":""},"categories":[11],"tags":[299,47,152,329,188,328,62,241,179],"class_list":["post-2018","post","type-post","status-publish","format-standard","hentry","category-nyheter","tag-kompetens","tag-landstingsrad","tag-lisbeth-rydefjard","tag-livets-slutskede","tag-sjukskrivning","tag-svalan","tag-valrorelse","tag-vard","tag-vardighet"],"acf":[],"yoast_head":"<!-- This site is optimized with the Yoast SEO plugin v27.4 - https:\/\/yoast.com\/product\/yoast-seo-wordpress\/ -->\n<title>Satsa p\u00e5 personalen f\u00f6r att f\u00e5 en b\u00e4ttre v\u00e5rd - KRISTDEMOKRATERNA V\u00c4RNAMO<\/title>\n<meta name=\"robots\" content=\"index, follow, max-snippet:-1, max-image-preview:large, max-video-preview:-1\" \/>\n<link rel=\"canonical\" href=\"https:\/\/wp.kristdemokraterna.se\/varnamo\/2002\/09\/10\/satsa-pa-personalen-for-att-fa-en-battre-vard\/\" \/>\n<meta property=\"og:locale\" content=\"sv_SE\" \/>\n<meta property=\"og:type\" content=\"article\" \/>\n<meta property=\"og:title\" content=\"Satsa p\u00e5 personalen f\u00f6r att f\u00e5 en b\u00e4ttre v\u00e5rd - KRISTDEMOKRATERNA V\u00c4RNAMO\" \/>\n<meta property=\"og:description\" content=\"Tisdagen den 10 september bes\u00f6kte Kristdemokraternas landstingsr\u00e5d i J\u00f6nk\u00f6pings l\u00e4n, Lisbeth Rydefj\u00e4rd fr\u00e5n Bottnaryd, V\u00e4rnamo. Under bes\u00f6ket hann hon med en rundvandring p\u00e5 g\u00e4sthemmet Svalan, en avdelning f\u00f6r v\u00e5rd i livets slutskede som kommit till p\u00e5 kristdemokratiskt initiativ. Kristdemokraterna i s\u00e5v\u00e4l V\u00e4rnamo kommun som J\u00f6nk\u00f6pings l\u00e4ns landsting \u00e4r helt \u00f6verens om att g\u00e4sthemmet Svalan fyller Read More\" \/>\n<meta property=\"og:url\" content=\"https:\/\/wp.kristdemokraterna.se\/varnamo\/2002\/09\/10\/satsa-pa-personalen-for-att-fa-en-battre-vard\/\" \/>\n<meta property=\"og:site_name\" content=\"KRISTDEMOKRATERNA V\u00c4RNAMO\" \/>\n<meta property=\"article:publisher\" content=\"https:\/\/www.facebook.com\/KDVarnamo\/\" \/>\n<meta property=\"article:published_time\" content=\"2002-09-10T19:38:00+00:00\" \/>\n<meta property=\"article:modified_time\" content=\"2015-07-12T18:05:24+00:00\" \/>\n<meta property=\"og:image\" content=\"http:\/\/wp.kristdemokraterna.se\/varnamo\/files\/2010\/08\/lisbeth_rydefjard.jpg\" \/>\n<meta name=\"author\" content=\"Kristdemokraterna V\u00e4rnamo\" \/>\n<meta name=\"twitter:card\" content=\"summary_large_image\" \/>\n<meta name=\"twitter:creator\" content=\"@KDVarnamo\" \/>\n<meta name=\"twitter:site\" content=\"@KDVarnamo\" \/>\n<meta name=\"twitter:label1\" content=\"Skriven av\" \/>\n\t<meta name=\"twitter:data1\" content=\"Kristdemokraterna V\u00e4rnamo\" \/>\n\t<meta name=\"twitter:label2\" content=\"Ber\u00e4knad l\u00e4stid\" \/>\n\t<meta name=\"twitter:data2\" content=\"2 minuter\" \/>\n<script type=\"application\/ld+json\" class=\"yoast-schema-graph\">{\"@context\":\"https:\\\/\\\/schema.org\",\"@graph\":[{\"@type\":\"Article\",\"@id\":\"https:\\\/\\\/wp.kristdemokraterna.se\\\/varnamo\\\/2002\\\/09\\\/10\\\/satsa-pa-personalen-for-att-fa-en-battre-vard\\\/#article\",\"isPartOf\":{\"@id\":\"https:\\\/\\\/wp.kristdemokraterna.se\\\/varnamo\\\/2002\\\/09\\\/10\\\/satsa-pa-personalen-for-att-fa-en-battre-vard\\\/\"},\"author\":{\"name\":\"Kristdemokraterna V\u00e4rnamo\",\"@id\":\"https:\\\/\\\/wp.kristdemokraterna.se\\\/varnamo\\\/#\\\/schema\\\/person\\\/4e339ab04d613699e4dfe80a994e01d4\"},\"headline\":\"Satsa p\u00e5 personalen f\u00f6r att f\u00e5 en b\u00e4ttre v\u00e5rd\",\"datePublished\":\"2002-09-10T19:38:00+00:00\",\"dateModified\":\"2015-07-12T18:05:24+00:00\",\"mainEntityOfPage\":{\"@id\":\"https:\\\/\\\/wp.kristdemokraterna.se\\\/varnamo\\\/2002\\\/09\\\/10\\\/satsa-pa-personalen-for-att-fa-en-battre-vard\\\/\"},\"wordCount\":480,\"publisher\":{\"@id\":\"https:\\\/\\\/wp.kristdemokraterna.se\\\/varnamo\\\/#organization\"},\"image\":{\"@id\":\"https:\\\/\\\/wp.kristdemokraterna.se\\\/varnamo\\\/2002\\\/09\\\/10\\\/satsa-pa-personalen-for-att-fa-en-battre-vard\\\/#primaryimage\"},\"thumbnailUrl\":\"https:\\\/\\\/wp.kristdemokraterna.se\\\/varnamo\\\/files\\\/2022\\\/08\\\/kd-logo-blue.png\",\"keywords\":[\"kompetens\",\"landstingsr\u00e5d\",\"Lisbeth Rydefj\u00e4rd\",\"livets slutskede\",\"sjukskrivning\",\"Svalan\",\"valr\u00f6relse\",\"v\u00e5rd\",\"v\u00e4rdighet\"],\"articleSection\":[\"Nyheter\"],\"inLanguage\":\"sv-SE\"},{\"@type\":\"WebPage\",\"@id\":\"https:\\\/\\\/wp.kristdemokraterna.se\\\/varnamo\\\/2002\\\/09\\\/10\\\/satsa-pa-personalen-for-att-fa-en-battre-vard\\\/\",\"url\":\"https:\\\/\\\/wp.kristdemokraterna.se\\\/varnamo\\\/2002\\\/09\\\/10\\\/satsa-pa-personalen-for-att-fa-en-battre-vard\\\/\",\"name\":\"Satsa p\u00e5 personalen f\u00f6r att f\u00e5 en b\u00e4ttre v\u00e5rd - KRISTDEMOKRATERNA V\u00c4RNAMO\",\"isPartOf\":{\"@id\":\"https:\\\/\\\/wp.kristdemokraterna.se\\\/varnamo\\\/#website\"},\"primaryImageOfPage\":{\"@id\":\"https:\\\/\\\/wp.kristdemokraterna.se\\\/varnamo\\\/2002\\\/09\\\/10\\\/satsa-pa-personalen-for-att-fa-en-battre-vard\\\/#primaryimage\"},\"image\":{\"@id\":\"https:\\\/\\\/wp.kristdemokraterna.se\\\/varnamo\\\/2002\\\/09\\\/10\\\/satsa-pa-personalen-for-att-fa-en-battre-vard\\\/#primaryimage\"},\"thumbnailUrl\":\"https:\\\/\\\/wp.kristdemokraterna.se\\\/varnamo\\\/files\\\/2022\\\/08\\\/kd-logo-blue.png\",\"datePublished\":\"2002-09-10T19:38:00+00:00\",\"dateModified\":\"2015-07-12T18:05:24+00:00\",\"breadcrumb\":{\"@id\":\"https:\\\/\\\/wp.kristdemokraterna.se\\\/varnamo\\\/2002\\\/09\\\/10\\\/satsa-pa-personalen-for-att-fa-en-battre-vard\\\/#breadcrumb\"},\"inLanguage\":\"sv-SE\",\"potentialAction\":[{\"@type\":\"ReadAction\",\"target\":[\"https:\\\/\\\/wp.kristdemokraterna.se\\\/varnamo\\\/2002\\\/09\\\/10\\\/satsa-pa-personalen-for-att-fa-en-battre-vard\\\/\"]}]},{\"@type\":\"ImageObject\",\"inLanguage\":\"sv-SE\",\"@id\":\"https:\\\/\\\/wp.kristdemokraterna.se\\\/varnamo\\\/2002\\\/09\\\/10\\\/satsa-pa-personalen-for-att-fa-en-battre-vard\\\/#primaryimage\",\"url\":\"https:\\\/\\\/wp.kristdemokraterna.se\\\/varnamo\\\/files\\\/2022\\\/08\\\/kd-logo-blue.png\",\"contentUrl\":\"https:\\\/\\\/wp.kristdemokraterna.se\\\/varnamo\\\/files\\\/2022\\\/08\\\/kd-logo-blue.png\",\"width\":2000,\"height\":2000,\"caption\":\"Kristdemokraternas logotyp\"},{\"@type\":\"BreadcrumbList\",\"@id\":\"https:\\\/\\\/wp.kristdemokraterna.se\\\/varnamo\\\/2002\\\/09\\\/10\\\/satsa-pa-personalen-for-att-fa-en-battre-vard\\\/#breadcrumb\",\"itemListElement\":[{\"@type\":\"ListItem\",\"position\":1,\"name\":\"Hem\",\"item\":\"https:\\\/\\\/wp.kristdemokraterna.se\\\/varnamo\\\/\"},{\"@type\":\"ListItem\",\"position\":2,\"name\":\"Satsa p\u00e5 personalen f\u00f6r att f\u00e5 en b\u00e4ttre v\u00e5rd\"}]},{\"@type\":\"WebSite\",\"@id\":\"https:\\\/\\\/wp.kristdemokraterna.se\\\/varnamo\\\/#website\",\"url\":\"https:\\\/\\\/wp.kristdemokraterna.se\\\/varnamo\\\/\",\"name\":\"KRISTDEMOKRATERNA V\u00c4RNAMO\",\"description\":\"Med hj\u00e4rta f\u00f6r V\u00e4rnamo\",\"publisher\":{\"@id\":\"https:\\\/\\\/wp.kristdemokraterna.se\\\/varnamo\\\/#organization\"},\"inLanguage\":\"sv-SE\"},{\"@type\":\"Organization\",\"@id\":\"https:\\\/\\\/wp.kristdemokraterna.se\\\/varnamo\\\/#organization\",\"name\":\"Kristdemokraterna V\u00e4rnamo\",\"url\":\"https:\\\/\\\/wp.kristdemokraterna.se\\\/varnamo\\\/\",\"logo\":{\"@type\":\"ImageObject\",\"inLanguage\":\"sv-SE\",\"@id\":\"https:\\\/\\\/wp.kristdemokraterna.se\\\/varnamo\\\/#\\\/schema\\\/logo\\\/image\\\/\",\"url\":\"https:\\\/\\\/wp.kristdemokraterna.se\\\/varnamo\\\/files\\\/2022\\\/08\\\/va\u2560ernamo-sida-bla-300dpi.png\",\"contentUrl\":\"https:\\\/\\\/wp.kristdemokraterna.se\\\/varnamo\\\/files\\\/2022\\\/08\\\/va\u2560ernamo-sida-bla-300dpi.png\",\"width\":1485,\"height\":681,\"caption\":\"Kristdemokraterna V\u00e4rnamo\"},\"image\":{\"@id\":\"https:\\\/\\\/wp.kristdemokraterna.se\\\/varnamo\\\/#\\\/schema\\\/logo\\\/image\\\/\"},\"sameAs\":[\"https:\\\/\\\/www.facebook.com\\\/KDVarnamo\\\/\",\"https:\\\/\\\/x.com\\\/KDVarnamo\",\"https:\\\/\\\/www.instagram.com\\\/\",\"https:\\\/\\\/www.youtube.com\\\/user\\\/studiokd\\\/videos\"]},{\"@type\":\"Person\",\"@id\":\"https:\\\/\\\/wp.kristdemokraterna.se\\\/varnamo\\\/#\\\/schema\\\/person\\\/4e339ab04d613699e4dfe80a994e01d4\",\"name\":\"Kristdemokraterna V\u00e4rnamo\",\"image\":{\"@type\":\"ImageObject\",\"inLanguage\":\"sv-SE\",\"@id\":\"https:\\\/\\\/secure.gravatar.com\\\/avatar\\\/c122e48c7723992af51eb155eeaa93db3c1fa324e3fc6ec45dd712c812809b5b?s=96&r=g\",\"url\":\"https:\\\/\\\/secure.gravatar.com\\\/avatar\\\/c122e48c7723992af51eb155eeaa93db3c1fa324e3fc6ec45dd712c812809b5b?s=96&r=g\",\"contentUrl\":\"https:\\\/\\\/secure.gravatar.com\\\/avatar\\\/c122e48c7723992af51eb155eeaa93db3c1fa324e3fc6ec45dd712c812809b5b?s=96&r=g\",\"caption\":\"Kristdemokraterna V\u00e4rnamo\"},\"description\":\"Familjens r\u00f6st\",\"sameAs\":[\"http:\\\/\\\/www.varnamo.kristdemokraterna.se\"],\"url\":\"https:\\\/\\\/wp.kristdemokraterna.se\\\/varnamo\\\/author\\\/varnamo\\\/\"}]}<\/script>\n<!-- \/ Yoast SEO plugin. -->","yoast_head_json":{"title":"Satsa p\u00e5 personalen f\u00f6r att f\u00e5 en b\u00e4ttre v\u00e5rd - KRISTDEMOKRATERNA V\u00c4RNAMO","robots":{"index":"index","follow":"follow","max-snippet":"max-snippet:-1","max-image-preview":"max-image-preview:large","max-video-preview":"max-video-preview:-1"},"canonical":"https:\/\/wp.kristdemokraterna.se\/varnamo\/2002\/09\/10\/satsa-pa-personalen-for-att-fa-en-battre-vard\/","og_locale":"sv_SE","og_type":"article","og_title":"Satsa p\u00e5 personalen f\u00f6r att f\u00e5 en b\u00e4ttre v\u00e5rd - KRISTDEMOKRATERNA V\u00c4RNAMO","og_description":"Tisdagen den 10 september bes\u00f6kte Kristdemokraternas landstingsr\u00e5d i J\u00f6nk\u00f6pings l\u00e4n, Lisbeth Rydefj\u00e4rd fr\u00e5n Bottnaryd, V\u00e4rnamo. Under bes\u00f6ket hann hon med en rundvandring p\u00e5 g\u00e4sthemmet Svalan, en avdelning f\u00f6r v\u00e5rd i livets slutskede som kommit till p\u00e5 kristdemokratiskt initiativ. Kristdemokraterna i s\u00e5v\u00e4l V\u00e4rnamo kommun som J\u00f6nk\u00f6pings l\u00e4ns landsting \u00e4r helt \u00f6verens om att g\u00e4sthemmet Svalan fyller Read More","og_url":"https:\/\/wp.kristdemokraterna.se\/varnamo\/2002\/09\/10\/satsa-pa-personalen-for-att-fa-en-battre-vard\/","og_site_name":"KRISTDEMOKRATERNA V\u00c4RNAMO","article_publisher":"https:\/\/www.facebook.com\/KDVarnamo\/","article_published_time":"2002-09-10T19:38:00+00:00","article_modified_time":"2015-07-12T18:05:24+00:00","og_image":[{"url":"http:\/\/wp.kristdemokraterna.se\/varnamo\/files\/2010\/08\/lisbeth_rydefjard.jpg","type":"","width":"","height":""}],"author":"Kristdemokraterna V\u00e4rnamo","twitter_card":"summary_large_image","twitter_creator":"@KDVarnamo","twitter_site":"@KDVarnamo","twitter_misc":{"Skriven av":"Kristdemokraterna V\u00e4rnamo","Ber\u00e4knad l\u00e4stid":"2 minuter"},"schema":{"@context":"https:\/\/schema.org","@graph":[{"@type":"Article","@id":"https:\/\/wp.kristdemokraterna.se\/varnamo\/2002\/09\/10\/satsa-pa-personalen-for-att-fa-en-battre-vard\/#article","isPartOf":{"@id":"https:\/\/wp.kristdemokraterna.se\/varnamo\/2002\/09\/10\/satsa-pa-personalen-for-att-fa-en-battre-vard\/"},"author":{"name":"Kristdemokraterna V\u00e4rnamo","@id":"https:\/\/wp.kristdemokraterna.se\/varnamo\/#\/schema\/person\/4e339ab04d613699e4dfe80a994e01d4"},"headline":"Satsa p\u00e5 personalen f\u00f6r att f\u00e5 en b\u00e4ttre v\u00e5rd","datePublished":"2002-09-10T19:38:00+00:00","dateModified":"2015-07-12T18:05:24+00:00","mainEntityOfPage":{"@id":"https:\/\/wp.kristdemokraterna.se\/varnamo\/2002\/09\/10\/satsa-pa-personalen-for-att-fa-en-battre-vard\/"},"wordCount":480,"publisher":{"@id":"https:\/\/wp.kristdemokraterna.se\/varnamo\/#organization"},"image":{"@id":"https:\/\/wp.kristdemokraterna.se\/varnamo\/2002\/09\/10\/satsa-pa-personalen-for-att-fa-en-battre-vard\/#primaryimage"},"thumbnailUrl":"https:\/\/wp.kristdemokraterna.se\/varnamo\/files\/2022\/08\/kd-logo-blue.png","keywords":["kompetens","landstingsr\u00e5d","Lisbeth Rydefj\u00e4rd","livets slutskede","sjukskrivning","Svalan","valr\u00f6relse","v\u00e5rd","v\u00e4rdighet"],"articleSection":["Nyheter"],"inLanguage":"sv-SE"},{"@type":"WebPage","@id":"https:\/\/wp.kristdemokraterna.se\/varnamo\/2002\/09\/10\/satsa-pa-personalen-for-att-fa-en-battre-vard\/","url":"https:\/\/wp.kristdemokraterna.se\/varnamo\/2002\/09\/10\/satsa-pa-personalen-for-att-fa-en-battre-vard\/","name":"Satsa p\u00e5 personalen f\u00f6r att f\u00e5 en b\u00e4ttre v\u00e5rd - KRISTDEMOKRATERNA V\u00c4RNAMO","isPartOf":{"@id":"https:\/\/wp.kristdemokraterna.se\/varnamo\/#website"},"primaryImageOfPage":{"@id":"https:\/\/wp.kristdemokraterna.se\/varnamo\/2002\/09\/10\/satsa-pa-personalen-for-att-fa-en-battre-vard\/#primaryimage"},"image":{"@id":"https:\/\/wp.kristdemokraterna.se\/varnamo\/2002\/09\/10\/satsa-pa-personalen-for-att-fa-en-battre-vard\/#primaryimage"},"thumbnailUrl":"https:\/\/wp.kristdemokraterna.se\/varnamo\/files\/2022\/08\/kd-logo-blue.png","datePublished":"2002-09-10T19:38:00+00:00","dateModified":"2015-07-12T18:05:24+00:00","breadcrumb":{"@id":"https:\/\/wp.kristdemokraterna.se\/varnamo\/2002\/09\/10\/satsa-pa-personalen-for-att-fa-en-battre-vard\/#breadcrumb"},"inLanguage":"sv-SE","potentialAction":[{"@type":"ReadAction","target":["https:\/\/wp.kristdemokraterna.se\/varnamo\/2002\/09\/10\/satsa-pa-personalen-for-att-fa-en-battre-vard\/"]}]},{"@type":"ImageObject","inLanguage":"sv-SE","@id":"https:\/\/wp.kristdemokraterna.se\/varnamo\/2002\/09\/10\/satsa-pa-personalen-for-att-fa-en-battre-vard\/#primaryimage","url":"https:\/\/wp.kristdemokraterna.se\/varnamo\/files\/2022\/08\/kd-logo-blue.png","contentUrl":"https:\/\/wp.kristdemokraterna.se\/varnamo\/files\/2022\/08\/kd-logo-blue.png","width":2000,"height":2000,"caption":"Kristdemokraternas logotyp"},{"@type":"BreadcrumbList","@id":"https:\/\/wp.kristdemokraterna.se\/varnamo\/2002\/09\/10\/satsa-pa-personalen-for-att-fa-en-battre-vard\/#breadcrumb","itemListElement":[{"@type":"ListItem","position":1,"name":"Hem","item":"https:\/\/wp.kristdemokraterna.se\/varnamo\/"},{"@type":"ListItem","position":2,"name":"Satsa p\u00e5 personalen f\u00f6r att f\u00e5 en b\u00e4ttre v\u00e5rd"}]},{"@type":"WebSite","@id":"https:\/\/wp.kristdemokraterna.se\/varnamo\/#website","url":"https:\/\/wp.kristdemokraterna.se\/varnamo\/","name":"KRISTDEMOKRATERNA V\u00c4RNAMO","description":"Med hj\u00e4rta f\u00f6r V\u00e4rnamo","publisher":{"@id":"https:\/\/wp.kristdemokraterna.se\/varnamo\/#organization"},"inLanguage":"sv-SE"},{"@type":"Organization","@id":"https:\/\/wp.kristdemokraterna.se\/varnamo\/#organization","name":"Kristdemokraterna V\u00e4rnamo","url":"https:\/\/wp.kristdemokraterna.se\/varnamo\/","logo":{"@type":"ImageObject","inLanguage":"sv-SE","@id":"https:\/\/wp.kristdemokraterna.se\/varnamo\/#\/schema\/logo\/image\/","url":"https:\/\/wp.kristdemokraterna.se\/varnamo\/files\/2022\/08\/va\u2560ernamo-sida-bla-300dpi.png","contentUrl":"https:\/\/wp.kristdemokraterna.se\/varnamo\/files\/2022\/08\/va\u2560ernamo-sida-bla-300dpi.png","width":1485,"height":681,"caption":"Kristdemokraterna V\u00e4rnamo"},"image":{"@id":"https:\/\/wp.kristdemokraterna.se\/varnamo\/#\/schema\/logo\/image\/"},"sameAs":["https:\/\/www.facebook.com\/KDVarnamo\/","https:\/\/x.com\/KDVarnamo","https:\/\/www.instagram.com\/","https:\/\/www.youtube.com\/user\/studiokd\/videos"]},{"@type":"Person","@id":"https:\/\/wp.kristdemokraterna.se\/varnamo\/#\/schema\/person\/4e339ab04d613699e4dfe80a994e01d4","name":"Kristdemokraterna V\u00e4rnamo","image":{"@type":"ImageObject","inLanguage":"sv-SE","@id":"https:\/\/secure.gravatar.com\/avatar\/c122e48c7723992af51eb155eeaa93db3c1fa324e3fc6ec45dd712c812809b5b?s=96&r=g","url":"https:\/\/secure.gravatar.com\/avatar\/c122e48c7723992af51eb155eeaa93db3c1fa324e3fc6ec45dd712c812809b5b?s=96&r=g","contentUrl":"https:\/\/secure.gravatar.com\/avatar\/c122e48c7723992af51eb155eeaa93db3c1fa324e3fc6ec45dd712c812809b5b?s=96&r=g","caption":"Kristdemokraterna V\u00e4rnamo"},"description":"Familjens r\u00f6st","sameAs":["http:\/\/www.varnamo.kristdemokraterna.se"],"url":"https:\/\/wp.kristdemokraterna.se\/varnamo\/author\/varnamo\/"}]}},"_links":{"self":[{"href":"https:\/\/wp.kristdemokraterna.se\/varnamo\/wp-json\/wp\/v2\/posts\/2018","targetHints":{"allow":["GET"]}}],"collection":[{"href":"https:\/\/wp.kristdemokraterna.se\/varnamo\/wp-json\/wp\/v2\/posts"}],"about":[{"href":"https:\/\/wp.kristdemokraterna.se\/varnamo\/wp-json\/wp\/v2\/types\/post"}],"author":[{"embeddable":true,"href":"https:\/\/wp.kristdemokraterna.se\/varnamo\/wp-json\/wp\/v2\/users\/412"}],"replies":[{"embeddable":true,"href":"https:\/\/wp.kristdemokraterna.se\/varnamo\/wp-json\/wp\/v2\/comments?post=2018"}],"version-history":[{"count":7,"href":"https:\/\/wp.kristdemokraterna.se\/varnamo\/wp-json\/wp\/v2\/posts\/2018\/revisions"}],"predecessor-version":[{"id":6837,"href":"https:\/\/wp.kristdemokraterna.se\/varnamo\/wp-json\/wp\/v2\/posts\/2018\/revisions\/6837"}],"wp:featuredmedia":[{"embeddable":true,"href":"https:\/\/wp.kristdemokraterna.se\/varnamo\/wp-json\/wp\/v2\/media\/9638"}],"wp:attachment":[{"href":"https:\/\/wp.kristdemokraterna.se\/varnamo\/wp-json\/wp\/v2\/media?parent=2018"}],"wp:term":[{"taxonomy":"category","embeddable":true,"href":"https:\/\/wp.kristdemokraterna.se\/varnamo\/wp-json\/wp\/v2\/categories?post=2018"},{"taxonomy":"post_tag","embeddable":true,"href":"https:\/\/wp.kristdemokraterna.se\/varnamo\/wp-json\/wp\/v2\/tags?post=2018"}],"curies":[{"name":"wp","href":"https:\/\/api.w.org\/{rel}","templated":true}]}}