{"id":2020,"date":"2002-09-14T21:38:00","date_gmt":"2002-09-14T19:38:00","guid":{"rendered":"http:\/\/localhost:4901\/?p=2020"},"modified":"2015-07-12T19:52:44","modified_gmt":"2015-07-12T17:52:44","slug":"75-procent-vill-ha-en-annan-politik-an-perssons","status":"publish","type":"post","link":"https:\/\/wp.kristdemokraterna.se\/varnamo\/2002\/09\/14\/75-procent-vill-ha-en-annan-politik-an-perssons\/","title":{"rendered":"75 procent vill ha en annan politik \u00e4n Perssons!"},"content":{"rendered":"<div style=\"width: 170px\" class=\"wp-caption alignnone\"><a href=\"http:\/\/wp.kristdemokraterna.se\/varnamo\/files\/2010\/08\/maria_larsson.jpg\"><img loading=\"lazy\" decoding=\"async\" title=\"maria_larsson\" src=\"http:\/\/wp.kristdemokraterna.se\/varnamo\/files\/2010\/08\/maria_larsson.jpg\" alt=\"Maria Larsson, kristdemokratisk riksdagsledamot fr\u00e5n Gnosj\u00f6\" width=\"160\" height=\"239\" \/><\/a><p class=\"wp-caption-text\">Maria Larsson, kristdemokratisk riksdagsledamot fr\u00e5n Gnosj\u00f6<\/p><\/div>\n<p>Vid Kristdemokraternas valr\u00f6relsefinal i V\u00e4rnamo l\u00f6rdagen den 14 september deltog Maria Larsson, kristdemokratisk riksdagsledamot fr\u00e5n Gnosj\u00f6. Under valr\u00f6relsefinalen var det m\u00f6jligt att samtala med Kristdemokraternas kandidater till kommun- och landstingsfullm\u00e4ktige och riksdag. Man kunde \u00e4ven dricka kaffe, \u00e4ta glass och gr\u00e4va i sandl\u00e5dan. De minsta barnen fick varsin hink och spade, f\u00f6r att p\u00e5minna om vikten av att skapa ett samh\u00e4lle d\u00e4r pappor har mer tid att bygga sandslott med barnen. Det \u00e4r ett samh\u00e4lle som bara kan \u00e5stadkommas med Kristdemokraternas politik, menade Maria. Och det \u00e4r det samh\u00e4llet som svenskarna vill ha. R\u00f6sta fram det den 15 september!<\/p>\n<p><!--more-->Enligt <q title=\"Maria Larsson\">en f\u00e4rsk unders\u00f6kning av SKOP tycker 75 procent av alla svenskar att de som v\u00e4ljer en annan barnomsorg \u00e4n dagis ocks\u00e5 ska ha r\u00e4tt till ekonomiskt st\u00f6d fr\u00e5n skattebetalarna. De vill ha kristdemokraternas politik, inte socialdemokraternas.<\/q> Det sa Maria Larsson, kristdemokratisk riksdagsledamot n\u00e4r hon p\u00e5 l\u00f6rdagen talade i V\u00e4rnamo.<\/p>\n<p>Det\u00a0\u00e4r anm\u00e4rkningsv\u00e4rt att G\u00f6ran Persson nonchalerar alla\u00a0f\u00f6r\u00e4ldrar som vill ha en annan l\u00f6sning \u00e4n kommunal omsorgsplats.\u00a0I unders\u00f6kning efter unders\u00f6kning \u00e4r resultatet detsamma; majoriteten\u00a0av Sveriges sm\u00e5barnsf\u00f6r\u00e4ldrar vill ha valfrihet, majoriteten<br \/>\nav svenska folket vill ha r\u00e4ttvisa.<\/p>\n<p>Skiljelinjen i svensk politik blir tydlig n\u00e4r en sm\u00e5barnmamma fr\u00e5gar G\u00f6ran Persson vad hon ska g\u00f6ra n\u00e4r hon inte vill l\u00e4mna sin ett\u00e5ring p\u00e5 dagis i tio timmar och hans svar \u00e4r att det ska vara bra kvalitet p\u00e5 dagis. Sveriges statsminister har ingen l\u00f6sning att presentera.<\/p>\n<p>F\u00f6r kristdemokraterna \u00e4r m\u00f6jligheten till mer tid f\u00f6r barnen en av de viktigaste framtidsfr\u00e5gorna. Trygga barn blir oftast trygga vuxna. De f\u00f6rsta \u00e5ren \u00e4r av stor betydelse f\u00f6r ett barns f\u00f6rm\u00e5ga att utveckla empati, trygghet och k\u00e4rlek. F\u00f6r\u00e4ldrar \u00e4r suver\u00e4na p\u00e5 att tillgodose de behoven. L\u00e5t de f\u00f6r\u00e4ldrar som vill f\u00e5 g\u00f6ra det med ekonomisk ers\u00e4ttning. Det \u00e4r m\u00f6jligt med en ny regering!<\/p>\n<h1>Efter \u00e5tta \u00e5r med (s)<\/h1>\n<dl>\n<dt>V\u00e5rdplatser:<\/dt>\n<dd>14.000 f\u00e4rre<\/dd>\n<dt>F\u00f6retagare:<\/dt>\n<dd>13.000 f\u00e4rre<\/dd>\n<dt>Dagisgrupper:<\/dt>\n<dd>13% st\u00f6rre<\/dd>\n<dt>Skolan:<\/dt>\n<dd>25,7% underk\u00e4nda<\/dd>\n<dt>Poliser:<\/dt>\n<dd>2000 f\u00e4rre, -11%<\/dd>\n<dt>Investeringar:<\/dt>\n<dd>L\u00e4gst i EU<\/dd>\n<dt>Kommuntillskott:<\/dt>\n<dd>-1 mdr kr<\/dd>\n<dt>Landstingstillskott:<\/dt>\n<dd>0 kr<\/dd>\n<dt>Tillv\u00e4xttapp:<\/dt>\n<dd>-70 mdr kr<\/dd>\n<dt>Kostnad f\u00f6r arbetsl\u00f6shet och oh\u00e4lsa:<\/dt>\n<dd>60 mdr kr mer<\/dd>\n<dt>\u00c4gandeskatt: H\u00f6gst i OECD<\/dt>\n<dd>SEK\/USD: minus 30%<\/dd>\n<\/dl>\n<p>L\u00e4s Kristdemokraternas rapport:<br \/>\n<img loading=\"lazy\" decoding=\"async\" class=\"objekt_vanster\" src=\"http:\/\/wp.kristdemokraterna.se\/varnamo\/files\/2010\/08\/pdficon.gif\" alt=\"pdf, Adobe\" width=\"32\" height=\"32\" \/>\u00a0[<a title=\"\u00c5tta f\u00f6rlorade \u00e5r med s\" href=\"http:\/\/wp.kristdemokraterna.se\/varnamo\/files\/2010\/08\/8_forlorade_ar_med_s.pdf\">\u00c5tta\u00a0f\u00f6rlorade \u00e5r med s<\/a>]<\/p>\n","protected":false},"excerpt":{"rendered":"<p>Vid Kristdemokraternas valr\u00f6relsefinal i V\u00e4rnamo l\u00f6rdagen den 14 september deltog Maria Larsson, kristdemokratisk riksdagsledamot fr\u00e5n Gnosj\u00f6. Under valr\u00f6relsefinalen var det m\u00f6jligt att samtala med Kristdemokraternas kandidater till kommun- och landstingsfullm\u00e4ktige och riksdag. Man kunde \u00e4ven dricka kaffe, \u00e4ta glass och gr\u00e4va i sandl\u00e5dan. De minsta barnen fick varsin hink och spade, f\u00f6r att p\u00e5minna om <a class=\"read-more-link\" href=\"https:\/\/wp.kristdemokraterna.se\/varnamo\/2002\/09\/14\/75-procent-vill-ha-en-annan-politik-an-perssons\/\">Read More<\/a><\/p>\n","protected":false},"author":412,"featured_media":9638,"comment_status":"closed","ping_status":"closed","sticky":false,"template":"","format":"standard","meta":{"_acf_changed":false,"footnotes":""},"categories":[11],"tags":[31,34,48,122,68,279,63,46,177,145,62],"class_list":["post-2020","post","type-post","status-publish","format-standard","hentry","category-nyheter","tag-barn-och-unga","tag-barnomsorg","tag-kommunfullmaktige","tag-landstingsfullmaktige","tag-maria-larsson","tag-rattvisa","tag-riksdagen","tag-riksdagsledamot","tag-trygghet","tag-valfrihet","tag-valrorelse"],"acf":[],"yoast_head":"<!-- This site is optimized with the Yoast SEO plugin v27.4 - https:\/\/yoast.com\/product\/yoast-seo-wordpress\/ -->\n<title>75 procent vill ha en annan politik \u00e4n Perssons! - KRISTDEMOKRATERNA V\u00c4RNAMO<\/title>\n<meta name=\"robots\" content=\"index, follow, max-snippet:-1, max-image-preview:large, max-video-preview:-1\" \/>\n<link rel=\"canonical\" href=\"https:\/\/wp.kristdemokraterna.se\/varnamo\/2002\/09\/14\/75-procent-vill-ha-en-annan-politik-an-perssons\/\" \/>\n<meta property=\"og:locale\" content=\"sv_SE\" \/>\n<meta property=\"og:type\" content=\"article\" \/>\n<meta property=\"og:title\" content=\"75 procent vill ha en annan politik \u00e4n Perssons! - KRISTDEMOKRATERNA V\u00c4RNAMO\" \/>\n<meta property=\"og:description\" content=\"Vid Kristdemokraternas valr\u00f6relsefinal i V\u00e4rnamo l\u00f6rdagen den 14 september deltog Maria Larsson, kristdemokratisk riksdagsledamot fr\u00e5n Gnosj\u00f6. Under valr\u00f6relsefinalen var det m\u00f6jligt att samtala med Kristdemokraternas kandidater till kommun- och landstingsfullm\u00e4ktige och riksdag. Man kunde \u00e4ven dricka kaffe, \u00e4ta glass och gr\u00e4va i sandl\u00e5dan. De minsta barnen fick varsin hink och spade, f\u00f6r att p\u00e5minna om Read More\" \/>\n<meta property=\"og:url\" content=\"https:\/\/wp.kristdemokraterna.se\/varnamo\/2002\/09\/14\/75-procent-vill-ha-en-annan-politik-an-perssons\/\" \/>\n<meta property=\"og:site_name\" content=\"KRISTDEMOKRATERNA V\u00c4RNAMO\" \/>\n<meta property=\"article:publisher\" content=\"https:\/\/www.facebook.com\/KDVarnamo\/\" \/>\n<meta property=\"article:published_time\" content=\"2002-09-14T19:38:00+00:00\" \/>\n<meta property=\"article:modified_time\" content=\"2015-07-12T17:52:44+00:00\" \/>\n<meta property=\"og:image\" content=\"http:\/\/wp.kristdemokraterna.se\/varnamo\/files\/2010\/08\/maria_larsson.jpg\" \/>\n<meta name=\"author\" content=\"Kristdemokraterna V\u00e4rnamo\" \/>\n<meta name=\"twitter:card\" content=\"summary_large_image\" \/>\n<meta name=\"twitter:creator\" content=\"@KDVarnamo\" \/>\n<meta name=\"twitter:site\" content=\"@KDVarnamo\" \/>\n<meta name=\"twitter:label1\" content=\"Skriven av\" \/>\n\t<meta name=\"twitter:data1\" content=\"Kristdemokraterna V\u00e4rnamo\" \/>\n\t<meta name=\"twitter:label2\" content=\"Ber\u00e4knad l\u00e4stid\" \/>\n\t<meta name=\"twitter:data2\" content=\"2 minuter\" \/>\n<script type=\"application\/ld+json\" class=\"yoast-schema-graph\">{\"@context\":\"https:\\\/\\\/schema.org\",\"@graph\":[{\"@type\":\"Article\",\"@id\":\"https:\\\/\\\/wp.kristdemokraterna.se\\\/varnamo\\\/2002\\\/09\\\/14\\\/75-procent-vill-ha-en-annan-politik-an-perssons\\\/#article\",\"isPartOf\":{\"@id\":\"https:\\\/\\\/wp.kristdemokraterna.se\\\/varnamo\\\/2002\\\/09\\\/14\\\/75-procent-vill-ha-en-annan-politik-an-perssons\\\/\"},\"author\":{\"name\":\"Kristdemokraterna V\u00e4rnamo\",\"@id\":\"https:\\\/\\\/wp.kristdemokraterna.se\\\/varnamo\\\/#\\\/schema\\\/person\\\/4e339ab04d613699e4dfe80a994e01d4\"},\"headline\":\"75 procent vill ha en annan politik \u00e4n Perssons!\",\"datePublished\":\"2002-09-14T19:38:00+00:00\",\"dateModified\":\"2015-07-12T17:52:44+00:00\",\"mainEntityOfPage\":{\"@id\":\"https:\\\/\\\/wp.kristdemokraterna.se\\\/varnamo\\\/2002\\\/09\\\/14\\\/75-procent-vill-ha-en-annan-politik-an-perssons\\\/\"},\"wordCount\":448,\"publisher\":{\"@id\":\"https:\\\/\\\/wp.kristdemokraterna.se\\\/varnamo\\\/#organization\"},\"image\":{\"@id\":\"https:\\\/\\\/wp.kristdemokraterna.se\\\/varnamo\\\/2002\\\/09\\\/14\\\/75-procent-vill-ha-en-annan-politik-an-perssons\\\/#primaryimage\"},\"thumbnailUrl\":\"https:\\\/\\\/wp.kristdemokraterna.se\\\/varnamo\\\/files\\\/2022\\\/08\\\/kd-logo-blue.png\",\"keywords\":[\"barn och unga\",\"barnomsorg\",\"kommunfullm\u00e4ktige\",\"landstingsfullm\u00e4ktige\",\"Maria Larsson\",\"r\u00e4ttvisa\",\"riksdagen\",\"riksdagsledamot\",\"trygghet\",\"valfrihet\",\"valr\u00f6relse\"],\"articleSection\":[\"Nyheter\"],\"inLanguage\":\"sv-SE\"},{\"@type\":\"WebPage\",\"@id\":\"https:\\\/\\\/wp.kristdemokraterna.se\\\/varnamo\\\/2002\\\/09\\\/14\\\/75-procent-vill-ha-en-annan-politik-an-perssons\\\/\",\"url\":\"https:\\\/\\\/wp.kristdemokraterna.se\\\/varnamo\\\/2002\\\/09\\\/14\\\/75-procent-vill-ha-en-annan-politik-an-perssons\\\/\",\"name\":\"75 procent vill ha en annan politik \u00e4n Perssons! - KRISTDEMOKRATERNA V\u00c4RNAMO\",\"isPartOf\":{\"@id\":\"https:\\\/\\\/wp.kristdemokraterna.se\\\/varnamo\\\/#website\"},\"primaryImageOfPage\":{\"@id\":\"https:\\\/\\\/wp.kristdemokraterna.se\\\/varnamo\\\/2002\\\/09\\\/14\\\/75-procent-vill-ha-en-annan-politik-an-perssons\\\/#primaryimage\"},\"image\":{\"@id\":\"https:\\\/\\\/wp.kristdemokraterna.se\\\/varnamo\\\/2002\\\/09\\\/14\\\/75-procent-vill-ha-en-annan-politik-an-perssons\\\/#primaryimage\"},\"thumbnailUrl\":\"https:\\\/\\\/wp.kristdemokraterna.se\\\/varnamo\\\/files\\\/2022\\\/08\\\/kd-logo-blue.png\",\"datePublished\":\"2002-09-14T19:38:00+00:00\",\"dateModified\":\"2015-07-12T17:52:44+00:00\",\"breadcrumb\":{\"@id\":\"https:\\\/\\\/wp.kristdemokraterna.se\\\/varnamo\\\/2002\\\/09\\\/14\\\/75-procent-vill-ha-en-annan-politik-an-perssons\\\/#breadcrumb\"},\"inLanguage\":\"sv-SE\",\"potentialAction\":[{\"@type\":\"ReadAction\",\"target\":[\"https:\\\/\\\/wp.kristdemokraterna.se\\\/varnamo\\\/2002\\\/09\\\/14\\\/75-procent-vill-ha-en-annan-politik-an-perssons\\\/\"]}]},{\"@type\":\"ImageObject\",\"inLanguage\":\"sv-SE\",\"@id\":\"https:\\\/\\\/wp.kristdemokraterna.se\\\/varnamo\\\/2002\\\/09\\\/14\\\/75-procent-vill-ha-en-annan-politik-an-perssons\\\/#primaryimage\",\"url\":\"https:\\\/\\\/wp.kristdemokraterna.se\\\/varnamo\\\/files\\\/2022\\\/08\\\/kd-logo-blue.png\",\"contentUrl\":\"https:\\\/\\\/wp.kristdemokraterna.se\\\/varnamo\\\/files\\\/2022\\\/08\\\/kd-logo-blue.png\",\"width\":2000,\"height\":2000,\"caption\":\"Kristdemokraternas logotyp\"},{\"@type\":\"BreadcrumbList\",\"@id\":\"https:\\\/\\\/wp.kristdemokraterna.se\\\/varnamo\\\/2002\\\/09\\\/14\\\/75-procent-vill-ha-en-annan-politik-an-perssons\\\/#breadcrumb\",\"itemListElement\":[{\"@type\":\"ListItem\",\"position\":1,\"name\":\"Hem\",\"item\":\"https:\\\/\\\/wp.kristdemokraterna.se\\\/varnamo\\\/\"},{\"@type\":\"ListItem\",\"position\":2,\"name\":\"75 procent vill ha en annan politik \u00e4n Perssons!\"}]},{\"@type\":\"WebSite\",\"@id\":\"https:\\\/\\\/wp.kristdemokraterna.se\\\/varnamo\\\/#website\",\"url\":\"https:\\\/\\\/wp.kristdemokraterna.se\\\/varnamo\\\/\",\"name\":\"KRISTDEMOKRATERNA V\u00c4RNAMO\",\"description\":\"Med hj\u00e4rta f\u00f6r V\u00e4rnamo\",\"publisher\":{\"@id\":\"https:\\\/\\\/wp.kristdemokraterna.se\\\/varnamo\\\/#organization\"},\"inLanguage\":\"sv-SE\"},{\"@type\":\"Organization\",\"@id\":\"https:\\\/\\\/wp.kristdemokraterna.se\\\/varnamo\\\/#organization\",\"name\":\"Kristdemokraterna V\u00e4rnamo\",\"url\":\"https:\\\/\\\/wp.kristdemokraterna.se\\\/varnamo\\\/\",\"logo\":{\"@type\":\"ImageObject\",\"inLanguage\":\"sv-SE\",\"@id\":\"https:\\\/\\\/wp.kristdemokraterna.se\\\/varnamo\\\/#\\\/schema\\\/logo\\\/image\\\/\",\"url\":\"https:\\\/\\\/wp.kristdemokraterna.se\\\/varnamo\\\/files\\\/2022\\\/08\\\/va\u2560ernamo-sida-bla-300dpi.png\",\"contentUrl\":\"https:\\\/\\\/wp.kristdemokraterna.se\\\/varnamo\\\/files\\\/2022\\\/08\\\/va\u2560ernamo-sida-bla-300dpi.png\",\"width\":1485,\"height\":681,\"caption\":\"Kristdemokraterna V\u00e4rnamo\"},\"image\":{\"@id\":\"https:\\\/\\\/wp.kristdemokraterna.se\\\/varnamo\\\/#\\\/schema\\\/logo\\\/image\\\/\"},\"sameAs\":[\"https:\\\/\\\/www.facebook.com\\\/KDVarnamo\\\/\",\"https:\\\/\\\/x.com\\\/KDVarnamo\",\"https:\\\/\\\/www.instagram.com\\\/\",\"https:\\\/\\\/www.youtube.com\\\/user\\\/studiokd\\\/videos\"]},{\"@type\":\"Person\",\"@id\":\"https:\\\/\\\/wp.kristdemokraterna.se\\\/varnamo\\\/#\\\/schema\\\/person\\\/4e339ab04d613699e4dfe80a994e01d4\",\"name\":\"Kristdemokraterna V\u00e4rnamo\",\"image\":{\"@type\":\"ImageObject\",\"inLanguage\":\"sv-SE\",\"@id\":\"https:\\\/\\\/secure.gravatar.com\\\/avatar\\\/c122e48c7723992af51eb155eeaa93db3c1fa324e3fc6ec45dd712c812809b5b?s=96&r=g\",\"url\":\"https:\\\/\\\/secure.gravatar.com\\\/avatar\\\/c122e48c7723992af51eb155eeaa93db3c1fa324e3fc6ec45dd712c812809b5b?s=96&r=g\",\"contentUrl\":\"https:\\\/\\\/secure.gravatar.com\\\/avatar\\\/c122e48c7723992af51eb155eeaa93db3c1fa324e3fc6ec45dd712c812809b5b?s=96&r=g\",\"caption\":\"Kristdemokraterna V\u00e4rnamo\"},\"description\":\"Familjens r\u00f6st\",\"sameAs\":[\"http:\\\/\\\/www.varnamo.kristdemokraterna.se\"],\"url\":\"https:\\\/\\\/wp.kristdemokraterna.se\\\/varnamo\\\/author\\\/varnamo\\\/\"}]}<\/script>\n<!-- \/ Yoast SEO plugin. -->","yoast_head_json":{"title":"75 procent vill ha en annan politik \u00e4n Perssons! - KRISTDEMOKRATERNA V\u00c4RNAMO","robots":{"index":"index","follow":"follow","max-snippet":"max-snippet:-1","max-image-preview":"max-image-preview:large","max-video-preview":"max-video-preview:-1"},"canonical":"https:\/\/wp.kristdemokraterna.se\/varnamo\/2002\/09\/14\/75-procent-vill-ha-en-annan-politik-an-perssons\/","og_locale":"sv_SE","og_type":"article","og_title":"75 procent vill ha en annan politik \u00e4n Perssons! - KRISTDEMOKRATERNA V\u00c4RNAMO","og_description":"Vid Kristdemokraternas valr\u00f6relsefinal i V\u00e4rnamo l\u00f6rdagen den 14 september deltog Maria Larsson, kristdemokratisk riksdagsledamot fr\u00e5n Gnosj\u00f6. Under valr\u00f6relsefinalen var det m\u00f6jligt att samtala med Kristdemokraternas kandidater till kommun- och landstingsfullm\u00e4ktige och riksdag. Man kunde \u00e4ven dricka kaffe, \u00e4ta glass och gr\u00e4va i sandl\u00e5dan. De minsta barnen fick varsin hink och spade, f\u00f6r att p\u00e5minna om Read More","og_url":"https:\/\/wp.kristdemokraterna.se\/varnamo\/2002\/09\/14\/75-procent-vill-ha-en-annan-politik-an-perssons\/","og_site_name":"KRISTDEMOKRATERNA V\u00c4RNAMO","article_publisher":"https:\/\/www.facebook.com\/KDVarnamo\/","article_published_time":"2002-09-14T19:38:00+00:00","article_modified_time":"2015-07-12T17:52:44+00:00","og_image":[{"url":"http:\/\/wp.kristdemokraterna.se\/varnamo\/files\/2010\/08\/maria_larsson.jpg","type":"","width":"","height":""}],"author":"Kristdemokraterna V\u00e4rnamo","twitter_card":"summary_large_image","twitter_creator":"@KDVarnamo","twitter_site":"@KDVarnamo","twitter_misc":{"Skriven av":"Kristdemokraterna V\u00e4rnamo","Ber\u00e4knad l\u00e4stid":"2 minuter"},"schema":{"@context":"https:\/\/schema.org","@graph":[{"@type":"Article","@id":"https:\/\/wp.kristdemokraterna.se\/varnamo\/2002\/09\/14\/75-procent-vill-ha-en-annan-politik-an-perssons\/#article","isPartOf":{"@id":"https:\/\/wp.kristdemokraterna.se\/varnamo\/2002\/09\/14\/75-procent-vill-ha-en-annan-politik-an-perssons\/"},"author":{"name":"Kristdemokraterna V\u00e4rnamo","@id":"https:\/\/wp.kristdemokraterna.se\/varnamo\/#\/schema\/person\/4e339ab04d613699e4dfe80a994e01d4"},"headline":"75 procent vill ha en annan politik \u00e4n Perssons!","datePublished":"2002-09-14T19:38:00+00:00","dateModified":"2015-07-12T17:52:44+00:00","mainEntityOfPage":{"@id":"https:\/\/wp.kristdemokraterna.se\/varnamo\/2002\/09\/14\/75-procent-vill-ha-en-annan-politik-an-perssons\/"},"wordCount":448,"publisher":{"@id":"https:\/\/wp.kristdemokraterna.se\/varnamo\/#organization"},"image":{"@id":"https:\/\/wp.kristdemokraterna.se\/varnamo\/2002\/09\/14\/75-procent-vill-ha-en-annan-politik-an-perssons\/#primaryimage"},"thumbnailUrl":"https:\/\/wp.kristdemokraterna.se\/varnamo\/files\/2022\/08\/kd-logo-blue.png","keywords":["barn och unga","barnomsorg","kommunfullm\u00e4ktige","landstingsfullm\u00e4ktige","Maria Larsson","r\u00e4ttvisa","riksdagen","riksdagsledamot","trygghet","valfrihet","valr\u00f6relse"],"articleSection":["Nyheter"],"inLanguage":"sv-SE"},{"@type":"WebPage","@id":"https:\/\/wp.kristdemokraterna.se\/varnamo\/2002\/09\/14\/75-procent-vill-ha-en-annan-politik-an-perssons\/","url":"https:\/\/wp.kristdemokraterna.se\/varnamo\/2002\/09\/14\/75-procent-vill-ha-en-annan-politik-an-perssons\/","name":"75 procent vill ha en annan politik \u00e4n Perssons! - KRISTDEMOKRATERNA V\u00c4RNAMO","isPartOf":{"@id":"https:\/\/wp.kristdemokraterna.se\/varnamo\/#website"},"primaryImageOfPage":{"@id":"https:\/\/wp.kristdemokraterna.se\/varnamo\/2002\/09\/14\/75-procent-vill-ha-en-annan-politik-an-perssons\/#primaryimage"},"image":{"@id":"https:\/\/wp.kristdemokraterna.se\/varnamo\/2002\/09\/14\/75-procent-vill-ha-en-annan-politik-an-perssons\/#primaryimage"},"thumbnailUrl":"https:\/\/wp.kristdemokraterna.se\/varnamo\/files\/2022\/08\/kd-logo-blue.png","datePublished":"2002-09-14T19:38:00+00:00","dateModified":"2015-07-12T17:52:44+00:00","breadcrumb":{"@id":"https:\/\/wp.kristdemokraterna.se\/varnamo\/2002\/09\/14\/75-procent-vill-ha-en-annan-politik-an-perssons\/#breadcrumb"},"inLanguage":"sv-SE","potentialAction":[{"@type":"ReadAction","target":["https:\/\/wp.kristdemokraterna.se\/varnamo\/2002\/09\/14\/75-procent-vill-ha-en-annan-politik-an-perssons\/"]}]},{"@type":"ImageObject","inLanguage":"sv-SE","@id":"https:\/\/wp.kristdemokraterna.se\/varnamo\/2002\/09\/14\/75-procent-vill-ha-en-annan-politik-an-perssons\/#primaryimage","url":"https:\/\/wp.kristdemokraterna.se\/varnamo\/files\/2022\/08\/kd-logo-blue.png","contentUrl":"https:\/\/wp.kristdemokraterna.se\/varnamo\/files\/2022\/08\/kd-logo-blue.png","width":2000,"height":2000,"caption":"Kristdemokraternas logotyp"},{"@type":"BreadcrumbList","@id":"https:\/\/wp.kristdemokraterna.se\/varnamo\/2002\/09\/14\/75-procent-vill-ha-en-annan-politik-an-perssons\/#breadcrumb","itemListElement":[{"@type":"ListItem","position":1,"name":"Hem","item":"https:\/\/wp.kristdemokraterna.se\/varnamo\/"},{"@type":"ListItem","position":2,"name":"75 procent vill ha en annan politik \u00e4n Perssons!"}]},{"@type":"WebSite","@id":"https:\/\/wp.kristdemokraterna.se\/varnamo\/#website","url":"https:\/\/wp.kristdemokraterna.se\/varnamo\/","name":"KRISTDEMOKRATERNA V\u00c4RNAMO","description":"Med hj\u00e4rta f\u00f6r V\u00e4rnamo","publisher":{"@id":"https:\/\/wp.kristdemokraterna.se\/varnamo\/#organization"},"inLanguage":"sv-SE"},{"@type":"Organization","@id":"https:\/\/wp.kristdemokraterna.se\/varnamo\/#organization","name":"Kristdemokraterna V\u00e4rnamo","url":"https:\/\/wp.kristdemokraterna.se\/varnamo\/","logo":{"@type":"ImageObject","inLanguage":"sv-SE","@id":"https:\/\/wp.kristdemokraterna.se\/varnamo\/#\/schema\/logo\/image\/","url":"https:\/\/wp.kristdemokraterna.se\/varnamo\/files\/2022\/08\/va\u2560ernamo-sida-bla-300dpi.png","contentUrl":"https:\/\/wp.kristdemokraterna.se\/varnamo\/files\/2022\/08\/va\u2560ernamo-sida-bla-300dpi.png","width":1485,"height":681,"caption":"Kristdemokraterna V\u00e4rnamo"},"image":{"@id":"https:\/\/wp.kristdemokraterna.se\/varnamo\/#\/schema\/logo\/image\/"},"sameAs":["https:\/\/www.facebook.com\/KDVarnamo\/","https:\/\/x.com\/KDVarnamo","https:\/\/www.instagram.com\/","https:\/\/www.youtube.com\/user\/studiokd\/videos"]},{"@type":"Person","@id":"https:\/\/wp.kristdemokraterna.se\/varnamo\/#\/schema\/person\/4e339ab04d613699e4dfe80a994e01d4","name":"Kristdemokraterna V\u00e4rnamo","image":{"@type":"ImageObject","inLanguage":"sv-SE","@id":"https:\/\/secure.gravatar.com\/avatar\/c122e48c7723992af51eb155eeaa93db3c1fa324e3fc6ec45dd712c812809b5b?s=96&r=g","url":"https:\/\/secure.gravatar.com\/avatar\/c122e48c7723992af51eb155eeaa93db3c1fa324e3fc6ec45dd712c812809b5b?s=96&r=g","contentUrl":"https:\/\/secure.gravatar.com\/avatar\/c122e48c7723992af51eb155eeaa93db3c1fa324e3fc6ec45dd712c812809b5b?s=96&r=g","caption":"Kristdemokraterna V\u00e4rnamo"},"description":"Familjens r\u00f6st","sameAs":["http:\/\/www.varnamo.kristdemokraterna.se"],"url":"https:\/\/wp.kristdemokraterna.se\/varnamo\/author\/varnamo\/"}]}},"_links":{"self":[{"href":"https:\/\/wp.kristdemokraterna.se\/varnamo\/wp-json\/wp\/v2\/posts\/2020","targetHints":{"allow":["GET"]}}],"collection":[{"href":"https:\/\/wp.kristdemokraterna.se\/varnamo\/wp-json\/wp\/v2\/posts"}],"about":[{"href":"https:\/\/wp.kristdemokraterna.se\/varnamo\/wp-json\/wp\/v2\/types\/post"}],"author":[{"embeddable":true,"href":"https:\/\/wp.kristdemokraterna.se\/varnamo\/wp-json\/wp\/v2\/users\/412"}],"replies":[{"embeddable":true,"href":"https:\/\/wp.kristdemokraterna.se\/varnamo\/wp-json\/wp\/v2\/comments?post=2020"}],"version-history":[{"count":5,"href":"https:\/\/wp.kristdemokraterna.se\/varnamo\/wp-json\/wp\/v2\/posts\/2020\/revisions"}],"predecessor-version":[{"id":6829,"href":"https:\/\/wp.kristdemokraterna.se\/varnamo\/wp-json\/wp\/v2\/posts\/2020\/revisions\/6829"}],"wp:featuredmedia":[{"embeddable":true,"href":"https:\/\/wp.kristdemokraterna.se\/varnamo\/wp-json\/wp\/v2\/media\/9638"}],"wp:attachment":[{"href":"https:\/\/wp.kristdemokraterna.se\/varnamo\/wp-json\/wp\/v2\/media?parent=2020"}],"wp:term":[{"taxonomy":"category","embeddable":true,"href":"https:\/\/wp.kristdemokraterna.se\/varnamo\/wp-json\/wp\/v2\/categories?post=2020"},{"taxonomy":"post_tag","embeddable":true,"href":"https:\/\/wp.kristdemokraterna.se\/varnamo\/wp-json\/wp\/v2\/tags?post=2020"}],"curies":[{"name":"wp","href":"https:\/\/api.w.org\/{rel}","templated":true}]}}