{"id":2022,"date":"2002-09-14T21:38:00","date_gmt":"2002-09-14T19:38:00","guid":{"rendered":"http:\/\/localhost:4901\/?p=2022"},"modified":"2017-09-18T17:32:17","modified_gmt":"2017-09-18T15:32:17","slug":"moderaterna-sviker-naringslivet","status":"publish","type":"post","link":"https:\/\/wp.kristdemokraterna.se\/varnamo\/2002\/09\/14\/moderaterna-sviker-naringslivet\/","title":{"rendered":"Moderaterna sviker n\u00e4ringslivet"},"content":{"rendered":"<div style=\"width: 310px\" class=\"wp-caption alignnone\"><a href=\"http:\/\/wp.kristdemokraterna.se\/varnamo\/files\/2010\/08\/stig_claesson2.jpg\"><img loading=\"lazy\" decoding=\"async\" title=\"stig_claesson2\" src=\"http:\/\/wp.kristdemokraterna.se\/varnamo\/files\/2010\/08\/stig_claesson2.jpg\" alt=\"Stig Claesson, Kristdemokraterna V\u00e4rnamo. (Foto: Fotograf M\u00e4ster Olof)\" width=\"300\" height=\"300\" \/><\/a><p class=\"wp-caption-text\">Stig Claesson, Kristdemokraterna V\u00e4rnamo. (Foto: Fotograf M\u00e4ster Olof)<\/p><\/div>\n<p>Vid Kristdemokraternas valr\u00f6relsefinal i V\u00e4rnamo l\u00f6rdagen den 14 september angrep Stig Claesson, kommunfullm\u00e4ktigekandidat fr\u00e5n Bredaryd, Moderaternas st\u00e4ndiga nej till att landstinget ska engagera sig f\u00f6r tillv\u00e4xt i l\u00e4net. Uttalandet gjordes i samarbete med samordnaren f\u00f6r Kristdemokraternas sm\u00e5f\u00f6retagarr\u00e5d i J\u00f6nk\u00f6pings l\u00e4n, Mats Grennborg. Under valr\u00f6relsefinalen var det m\u00f6jligt att samtala med Kristdemokraternas kandidater till kommun- och landstingsfullm\u00e4ktige och riksdag. Man kunde \u00e4ven dricka kaffe, \u00e4ta glass och gr\u00e4va i sandl\u00e5dan. De minsta barnen fick varsin hink och spade, f\u00f6r att p\u00e5minna om vikten av att skapa ett samh\u00e4lle d\u00e4r pappor har mer tid att bygga sandslott med barnen.<\/p>\n<p><!--more--><em>Uttalande fr\u00e5n\u00a0Kristdemokraternas sm\u00e5f\u00f6retagarr\u00e5d i J\u00f6nk\u00f6pings l\u00e4n<\/em><\/p>\n<h2>Moderaterna sviker n\u00e4ringslivet<\/h2>\n<p>Ingen har v\u00e4l undg\u00e5tt moderaternas radiokampanj om att landstingets pengar ska g\u00e5 till v\u00e5rden. Detta inneb\u00e4r att landstingsmoderaterna inte vill satsa en enda krona f\u00f6r fortsatt tillv\u00e4xt i l\u00e4net. Moderaterna r\u00f6stade som enda parti nej till forskningspengar till en utbyggnad av J\u00f6nk\u00f6pings Tekniska H\u00f6gskola (JTH) n\u00e4r fr\u00e5gan behandlades i landstingsfullm\u00e4ktige. Detta betyder i klartext att landstingsmoderaterna sviker n\u00e4ringslivet i l\u00e4net som har stora behov av civilingenj\u00f6rer som kan bidra till att f\u00f6retagen klarar framtidens utmaningar.<\/p>\n<p>M\u00e5nga\u00a0h\u00f6gskolor i landet har f\u00e5tt st\u00f6d i det omgivande samh\u00e4llet\u00a0till forskning, ofta tiotals miljoner kronor per \u00e5r. Regeringen st\u00e4ller\u00a0detta som villkor f\u00f6r att man ska komma ifr\u00e5ga f\u00f6r statligt\u00a0st\u00f6d till forskningsresurser. Det betyder allts\u00e5 att H\u00f6gskolan\u00a0i J\u00f6nk\u00f6ping m\u00e5ste f\u00e5 lokalt st\u00f6d f\u00f6r att s\u00e5\u00a0sm\u00e5ningom med statligt st\u00f6d kunna utbilda civilingenj\u00f6rer.\u00a0N\u00e4ringslivet i l\u00e4net ser behovet av denna utveckling och har lovat\u00a0att bidra med medel f\u00f6r att en utbyggnad ska komma tillst\u00e5nd. \u00c4ven\u00a0fr\u00e5n kommunerna kommer positiva signaler. Fr\u00e5gan \u00e4r nu om\u00a0Moderaterna i Landstinget ska forts\u00e4tta att motarbeta en satsning som\u00a0direkt gagnar n\u00e4ringslivet i v\u00e5r region? I andra l\u00e4n \u00e4r\u00a0Moderaterna ofta positiva till den h\u00e4r typen av st\u00f6d, men inte i\u00a0J\u00f6nk\u00f6pings l\u00e4n av n\u00e5gon underlig anledning.<\/p>\n<p>Kristdemokraterna i J\u00f6nk\u00f6pings l\u00e4n anser att l\u00e4nets h\u00f6gskola \u00e4r av oerh\u00f6rd betydelse f\u00f6r v\u00e5rt l\u00e4ns och Sveriges framtid. D\u00e4rf\u00f6r b\u00f6r det vara mycket h\u00f6g prioritet p\u00e5 att samla resurser fr\u00e5n l\u00e4net, s\u00e5v\u00e4l fr\u00e5n det privata n\u00e4ringslivet som fr\u00e5n det offentliga, f\u00f6r att bygga ut forskningen med sikte p\u00e5 att kunna erbjuda en civilingenj\u00f6rsutbildning i l\u00e4net. Det \u00e4r att bygga f\u00f6r fortsatt entrepren\u00f6rskap och tillv\u00e4xt i regionen, vilket ocks\u00e5 ger mer pengar till v\u00e5rden!<\/p>\n<p style=\"text-align: right\"><em>Stig Claesson<\/em><br \/>\nvd Doxa Plast AB, V\u00e4rnamo<\/p>\n<p class=\"byline\" style=\"text-align: right\"><em>Mats Grennborg<\/em><br \/>\nsamordnare f\u00f6r Kristdemokraternas sm\u00e5f\u00f6retagarr\u00e5d i J\u00f6nk\u00f6pings l\u00e4n<\/p>\n<hr \/>\n<p><strong>Publicerad:<\/strong><br \/>\n<em>2002-09-08:<\/em> V\u00e4rnamo Nyheter<\/p>\n","protected":false},"excerpt":{"rendered":"<p>Vid Kristdemokraternas valr\u00f6relsefinal i V\u00e4rnamo l\u00f6rdagen den 14 september angrep Stig Claesson, kommunfullm\u00e4ktigekandidat fr\u00e5n Bredaryd, Moderaternas st\u00e4ndiga nej till att landstinget ska engagera sig f\u00f6r tillv\u00e4xt i l\u00e4net. Uttalandet gjordes i samarbete med samordnaren f\u00f6r Kristdemokraternas sm\u00e5f\u00f6retagarr\u00e5d i J\u00f6nk\u00f6pings l\u00e4n, Mats Grennborg. Under valr\u00f6relsefinalen var det m\u00f6jligt att samtala med Kristdemokraternas kandidater till kommun- och <a class=\"read-more-link\" href=\"https:\/\/wp.kristdemokraterna.se\/varnamo\/2002\/09\/14\/moderaterna-sviker-naringslivet\/\">Read More<\/a><\/p>\n","protected":false},"author":412,"featured_media":9638,"comment_status":"closed","ping_status":"closed","sticky":false,"template":"","format":"standard","meta":{"_acf_changed":false,"footnotes":""},"categories":[12],"tags":[226,36,65,192,35,100,62],"class_list":["post-2022","post","type-post","status-publish","format-standard","hentry","category-debatt","tag-hogskola","tag-naringliv","tag-stig-claesson","tag-tillvaxt","tag-utbildning","tag-uttalande","tag-valrorelse"],"acf":[],"yoast_head":"<!-- This site is optimized with the Yoast SEO plugin v27.4 - https:\/\/yoast.com\/product\/yoast-seo-wordpress\/ -->\n<title>Moderaterna sviker n\u00e4ringslivet - KRISTDEMOKRATERNA V\u00c4RNAMO<\/title>\n<meta name=\"robots\" content=\"index, follow, max-snippet:-1, max-image-preview:large, max-video-preview:-1\" \/>\n<link rel=\"canonical\" href=\"https:\/\/wp.kristdemokraterna.se\/varnamo\/2002\/09\/14\/moderaterna-sviker-naringslivet\/\" \/>\n<meta property=\"og:locale\" content=\"sv_SE\" \/>\n<meta property=\"og:type\" content=\"article\" \/>\n<meta property=\"og:title\" content=\"Moderaterna sviker n\u00e4ringslivet - KRISTDEMOKRATERNA V\u00c4RNAMO\" \/>\n<meta property=\"og:description\" content=\"Vid Kristdemokraternas valr\u00f6relsefinal i V\u00e4rnamo l\u00f6rdagen den 14 september angrep Stig Claesson, kommunfullm\u00e4ktigekandidat fr\u00e5n Bredaryd, Moderaternas st\u00e4ndiga nej till att landstinget ska engagera sig f\u00f6r tillv\u00e4xt i l\u00e4net. Uttalandet gjordes i samarbete med samordnaren f\u00f6r Kristdemokraternas sm\u00e5f\u00f6retagarr\u00e5d i J\u00f6nk\u00f6pings l\u00e4n, Mats Grennborg. Under valr\u00f6relsefinalen var det m\u00f6jligt att samtala med Kristdemokraternas kandidater till kommun- och Read More\" \/>\n<meta property=\"og:url\" content=\"https:\/\/wp.kristdemokraterna.se\/varnamo\/2002\/09\/14\/moderaterna-sviker-naringslivet\/\" \/>\n<meta property=\"og:site_name\" content=\"KRISTDEMOKRATERNA V\u00c4RNAMO\" \/>\n<meta property=\"article:publisher\" content=\"https:\/\/www.facebook.com\/KDVarnamo\/\" \/>\n<meta property=\"article:published_time\" content=\"2002-09-14T19:38:00+00:00\" \/>\n<meta property=\"article:modified_time\" content=\"2017-09-18T15:32:17+00:00\" \/>\n<meta property=\"og:image\" content=\"http:\/\/wp.kristdemokraterna.se\/varnamo\/files\/2010\/08\/stig_claesson2.jpg\" \/>\n<meta name=\"author\" content=\"Kristdemokraterna V\u00e4rnamo\" \/>\n<meta name=\"twitter:card\" content=\"summary_large_image\" \/>\n<meta name=\"twitter:creator\" content=\"@KDVarnamo\" \/>\n<meta name=\"twitter:site\" content=\"@KDVarnamo\" \/>\n<meta name=\"twitter:label1\" content=\"Skriven av\" \/>\n\t<meta name=\"twitter:data1\" content=\"Kristdemokraterna V\u00e4rnamo\" \/>\n\t<meta name=\"twitter:label2\" content=\"Ber\u00e4knad l\u00e4stid\" \/>\n\t<meta name=\"twitter:data2\" content=\"3 minuter\" \/>\n<script type=\"application\/ld+json\" class=\"yoast-schema-graph\">{\"@context\":\"https:\\\/\\\/schema.org\",\"@graph\":[{\"@type\":\"Article\",\"@id\":\"https:\\\/\\\/wp.kristdemokraterna.se\\\/varnamo\\\/2002\\\/09\\\/14\\\/moderaterna-sviker-naringslivet\\\/#article\",\"isPartOf\":{\"@id\":\"https:\\\/\\\/wp.kristdemokraterna.se\\\/varnamo\\\/2002\\\/09\\\/14\\\/moderaterna-sviker-naringslivet\\\/\"},\"author\":{\"name\":\"Kristdemokraterna V\u00e4rnamo\",\"@id\":\"https:\\\/\\\/wp.kristdemokraterna.se\\\/varnamo\\\/#\\\/schema\\\/person\\\/4e339ab04d613699e4dfe80a994e01d4\"},\"headline\":\"Moderaterna sviker n\u00e4ringslivet\",\"datePublished\":\"2002-09-14T19:38:00+00:00\",\"dateModified\":\"2017-09-18T15:32:17+00:00\",\"mainEntityOfPage\":{\"@id\":\"https:\\\/\\\/wp.kristdemokraterna.se\\\/varnamo\\\/2002\\\/09\\\/14\\\/moderaterna-sviker-naringslivet\\\/\"},\"wordCount\":543,\"publisher\":{\"@id\":\"https:\\\/\\\/wp.kristdemokraterna.se\\\/varnamo\\\/#organization\"},\"image\":{\"@id\":\"https:\\\/\\\/wp.kristdemokraterna.se\\\/varnamo\\\/2002\\\/09\\\/14\\\/moderaterna-sviker-naringslivet\\\/#primaryimage\"},\"thumbnailUrl\":\"https:\\\/\\\/wp.kristdemokraterna.se\\\/varnamo\\\/files\\\/2022\\\/08\\\/kd-logo-blue.png\",\"keywords\":[\"h\u00f6gskola\",\"n\u00e4ringsliv\",\"Stig Claesson\",\"tillv\u00e4xt\",\"utbildning\",\"uttalande\",\"valr\u00f6relse\"],\"articleSection\":[\"Debatt\"],\"inLanguage\":\"sv-SE\"},{\"@type\":\"WebPage\",\"@id\":\"https:\\\/\\\/wp.kristdemokraterna.se\\\/varnamo\\\/2002\\\/09\\\/14\\\/moderaterna-sviker-naringslivet\\\/\",\"url\":\"https:\\\/\\\/wp.kristdemokraterna.se\\\/varnamo\\\/2002\\\/09\\\/14\\\/moderaterna-sviker-naringslivet\\\/\",\"name\":\"Moderaterna sviker n\u00e4ringslivet - KRISTDEMOKRATERNA V\u00c4RNAMO\",\"isPartOf\":{\"@id\":\"https:\\\/\\\/wp.kristdemokraterna.se\\\/varnamo\\\/#website\"},\"primaryImageOfPage\":{\"@id\":\"https:\\\/\\\/wp.kristdemokraterna.se\\\/varnamo\\\/2002\\\/09\\\/14\\\/moderaterna-sviker-naringslivet\\\/#primaryimage\"},\"image\":{\"@id\":\"https:\\\/\\\/wp.kristdemokraterna.se\\\/varnamo\\\/2002\\\/09\\\/14\\\/moderaterna-sviker-naringslivet\\\/#primaryimage\"},\"thumbnailUrl\":\"https:\\\/\\\/wp.kristdemokraterna.se\\\/varnamo\\\/files\\\/2022\\\/08\\\/kd-logo-blue.png\",\"datePublished\":\"2002-09-14T19:38:00+00:00\",\"dateModified\":\"2017-09-18T15:32:17+00:00\",\"breadcrumb\":{\"@id\":\"https:\\\/\\\/wp.kristdemokraterna.se\\\/varnamo\\\/2002\\\/09\\\/14\\\/moderaterna-sviker-naringslivet\\\/#breadcrumb\"},\"inLanguage\":\"sv-SE\",\"potentialAction\":[{\"@type\":\"ReadAction\",\"target\":[\"https:\\\/\\\/wp.kristdemokraterna.se\\\/varnamo\\\/2002\\\/09\\\/14\\\/moderaterna-sviker-naringslivet\\\/\"]}]},{\"@type\":\"ImageObject\",\"inLanguage\":\"sv-SE\",\"@id\":\"https:\\\/\\\/wp.kristdemokraterna.se\\\/varnamo\\\/2002\\\/09\\\/14\\\/moderaterna-sviker-naringslivet\\\/#primaryimage\",\"url\":\"https:\\\/\\\/wp.kristdemokraterna.se\\\/varnamo\\\/files\\\/2022\\\/08\\\/kd-logo-blue.png\",\"contentUrl\":\"https:\\\/\\\/wp.kristdemokraterna.se\\\/varnamo\\\/files\\\/2022\\\/08\\\/kd-logo-blue.png\",\"width\":2000,\"height\":2000,\"caption\":\"Kristdemokraternas logotyp\"},{\"@type\":\"BreadcrumbList\",\"@id\":\"https:\\\/\\\/wp.kristdemokraterna.se\\\/varnamo\\\/2002\\\/09\\\/14\\\/moderaterna-sviker-naringslivet\\\/#breadcrumb\",\"itemListElement\":[{\"@type\":\"ListItem\",\"position\":1,\"name\":\"Hem\",\"item\":\"https:\\\/\\\/wp.kristdemokraterna.se\\\/varnamo\\\/\"},{\"@type\":\"ListItem\",\"position\":2,\"name\":\"Moderaterna sviker n\u00e4ringslivet\"}]},{\"@type\":\"WebSite\",\"@id\":\"https:\\\/\\\/wp.kristdemokraterna.se\\\/varnamo\\\/#website\",\"url\":\"https:\\\/\\\/wp.kristdemokraterna.se\\\/varnamo\\\/\",\"name\":\"KRISTDEMOKRATERNA V\u00c4RNAMO\",\"description\":\"Med hj\u00e4rta f\u00f6r V\u00e4rnamo\",\"publisher\":{\"@id\":\"https:\\\/\\\/wp.kristdemokraterna.se\\\/varnamo\\\/#organization\"},\"inLanguage\":\"sv-SE\"},{\"@type\":\"Organization\",\"@id\":\"https:\\\/\\\/wp.kristdemokraterna.se\\\/varnamo\\\/#organization\",\"name\":\"Kristdemokraterna V\u00e4rnamo\",\"url\":\"https:\\\/\\\/wp.kristdemokraterna.se\\\/varnamo\\\/\",\"logo\":{\"@type\":\"ImageObject\",\"inLanguage\":\"sv-SE\",\"@id\":\"https:\\\/\\\/wp.kristdemokraterna.se\\\/varnamo\\\/#\\\/schema\\\/logo\\\/image\\\/\",\"url\":\"https:\\\/\\\/wp.kristdemokraterna.se\\\/varnamo\\\/files\\\/2022\\\/08\\\/va\u2560ernamo-sida-bla-300dpi.png\",\"contentUrl\":\"https:\\\/\\\/wp.kristdemokraterna.se\\\/varnamo\\\/files\\\/2022\\\/08\\\/va\u2560ernamo-sida-bla-300dpi.png\",\"width\":1485,\"height\":681,\"caption\":\"Kristdemokraterna V\u00e4rnamo\"},\"image\":{\"@id\":\"https:\\\/\\\/wp.kristdemokraterna.se\\\/varnamo\\\/#\\\/schema\\\/logo\\\/image\\\/\"},\"sameAs\":[\"https:\\\/\\\/www.facebook.com\\\/KDVarnamo\\\/\",\"https:\\\/\\\/x.com\\\/KDVarnamo\",\"https:\\\/\\\/www.instagram.com\\\/\",\"https:\\\/\\\/www.youtube.com\\\/user\\\/studiokd\\\/videos\"]},{\"@type\":\"Person\",\"@id\":\"https:\\\/\\\/wp.kristdemokraterna.se\\\/varnamo\\\/#\\\/schema\\\/person\\\/4e339ab04d613699e4dfe80a994e01d4\",\"name\":\"Kristdemokraterna V\u00e4rnamo\",\"image\":{\"@type\":\"ImageObject\",\"inLanguage\":\"sv-SE\",\"@id\":\"https:\\\/\\\/secure.gravatar.com\\\/avatar\\\/c122e48c7723992af51eb155eeaa93db3c1fa324e3fc6ec45dd712c812809b5b?s=96&r=g\",\"url\":\"https:\\\/\\\/secure.gravatar.com\\\/avatar\\\/c122e48c7723992af51eb155eeaa93db3c1fa324e3fc6ec45dd712c812809b5b?s=96&r=g\",\"contentUrl\":\"https:\\\/\\\/secure.gravatar.com\\\/avatar\\\/c122e48c7723992af51eb155eeaa93db3c1fa324e3fc6ec45dd712c812809b5b?s=96&r=g\",\"caption\":\"Kristdemokraterna V\u00e4rnamo\"},\"description\":\"Familjens r\u00f6st\",\"sameAs\":[\"http:\\\/\\\/www.varnamo.kristdemokraterna.se\"],\"url\":\"https:\\\/\\\/wp.kristdemokraterna.se\\\/varnamo\\\/author\\\/varnamo\\\/\"}]}<\/script>\n<!-- \/ Yoast SEO plugin. -->","yoast_head_json":{"title":"Moderaterna sviker n\u00e4ringslivet - KRISTDEMOKRATERNA V\u00c4RNAMO","robots":{"index":"index","follow":"follow","max-snippet":"max-snippet:-1","max-image-preview":"max-image-preview:large","max-video-preview":"max-video-preview:-1"},"canonical":"https:\/\/wp.kristdemokraterna.se\/varnamo\/2002\/09\/14\/moderaterna-sviker-naringslivet\/","og_locale":"sv_SE","og_type":"article","og_title":"Moderaterna sviker n\u00e4ringslivet - KRISTDEMOKRATERNA V\u00c4RNAMO","og_description":"Vid Kristdemokraternas valr\u00f6relsefinal i V\u00e4rnamo l\u00f6rdagen den 14 september angrep Stig Claesson, kommunfullm\u00e4ktigekandidat fr\u00e5n Bredaryd, Moderaternas st\u00e4ndiga nej till att landstinget ska engagera sig f\u00f6r tillv\u00e4xt i l\u00e4net. Uttalandet gjordes i samarbete med samordnaren f\u00f6r Kristdemokraternas sm\u00e5f\u00f6retagarr\u00e5d i J\u00f6nk\u00f6pings l\u00e4n, Mats Grennborg. Under valr\u00f6relsefinalen var det m\u00f6jligt att samtala med Kristdemokraternas kandidater till kommun- och Read More","og_url":"https:\/\/wp.kristdemokraterna.se\/varnamo\/2002\/09\/14\/moderaterna-sviker-naringslivet\/","og_site_name":"KRISTDEMOKRATERNA V\u00c4RNAMO","article_publisher":"https:\/\/www.facebook.com\/KDVarnamo\/","article_published_time":"2002-09-14T19:38:00+00:00","article_modified_time":"2017-09-18T15:32:17+00:00","og_image":[{"url":"http:\/\/wp.kristdemokraterna.se\/varnamo\/files\/2010\/08\/stig_claesson2.jpg","type":"","width":"","height":""}],"author":"Kristdemokraterna V\u00e4rnamo","twitter_card":"summary_large_image","twitter_creator":"@KDVarnamo","twitter_site":"@KDVarnamo","twitter_misc":{"Skriven av":"Kristdemokraterna V\u00e4rnamo","Ber\u00e4knad l\u00e4stid":"3 minuter"},"schema":{"@context":"https:\/\/schema.org","@graph":[{"@type":"Article","@id":"https:\/\/wp.kristdemokraterna.se\/varnamo\/2002\/09\/14\/moderaterna-sviker-naringslivet\/#article","isPartOf":{"@id":"https:\/\/wp.kristdemokraterna.se\/varnamo\/2002\/09\/14\/moderaterna-sviker-naringslivet\/"},"author":{"name":"Kristdemokraterna V\u00e4rnamo","@id":"https:\/\/wp.kristdemokraterna.se\/varnamo\/#\/schema\/person\/4e339ab04d613699e4dfe80a994e01d4"},"headline":"Moderaterna sviker n\u00e4ringslivet","datePublished":"2002-09-14T19:38:00+00:00","dateModified":"2017-09-18T15:32:17+00:00","mainEntityOfPage":{"@id":"https:\/\/wp.kristdemokraterna.se\/varnamo\/2002\/09\/14\/moderaterna-sviker-naringslivet\/"},"wordCount":543,"publisher":{"@id":"https:\/\/wp.kristdemokraterna.se\/varnamo\/#organization"},"image":{"@id":"https:\/\/wp.kristdemokraterna.se\/varnamo\/2002\/09\/14\/moderaterna-sviker-naringslivet\/#primaryimage"},"thumbnailUrl":"https:\/\/wp.kristdemokraterna.se\/varnamo\/files\/2022\/08\/kd-logo-blue.png","keywords":["h\u00f6gskola","n\u00e4ringsliv","Stig Claesson","tillv\u00e4xt","utbildning","uttalande","valr\u00f6relse"],"articleSection":["Debatt"],"inLanguage":"sv-SE"},{"@type":"WebPage","@id":"https:\/\/wp.kristdemokraterna.se\/varnamo\/2002\/09\/14\/moderaterna-sviker-naringslivet\/","url":"https:\/\/wp.kristdemokraterna.se\/varnamo\/2002\/09\/14\/moderaterna-sviker-naringslivet\/","name":"Moderaterna sviker n\u00e4ringslivet - KRISTDEMOKRATERNA V\u00c4RNAMO","isPartOf":{"@id":"https:\/\/wp.kristdemokraterna.se\/varnamo\/#website"},"primaryImageOfPage":{"@id":"https:\/\/wp.kristdemokraterna.se\/varnamo\/2002\/09\/14\/moderaterna-sviker-naringslivet\/#primaryimage"},"image":{"@id":"https:\/\/wp.kristdemokraterna.se\/varnamo\/2002\/09\/14\/moderaterna-sviker-naringslivet\/#primaryimage"},"thumbnailUrl":"https:\/\/wp.kristdemokraterna.se\/varnamo\/files\/2022\/08\/kd-logo-blue.png","datePublished":"2002-09-14T19:38:00+00:00","dateModified":"2017-09-18T15:32:17+00:00","breadcrumb":{"@id":"https:\/\/wp.kristdemokraterna.se\/varnamo\/2002\/09\/14\/moderaterna-sviker-naringslivet\/#breadcrumb"},"inLanguage":"sv-SE","potentialAction":[{"@type":"ReadAction","target":["https:\/\/wp.kristdemokraterna.se\/varnamo\/2002\/09\/14\/moderaterna-sviker-naringslivet\/"]}]},{"@type":"ImageObject","inLanguage":"sv-SE","@id":"https:\/\/wp.kristdemokraterna.se\/varnamo\/2002\/09\/14\/moderaterna-sviker-naringslivet\/#primaryimage","url":"https:\/\/wp.kristdemokraterna.se\/varnamo\/files\/2022\/08\/kd-logo-blue.png","contentUrl":"https:\/\/wp.kristdemokraterna.se\/varnamo\/files\/2022\/08\/kd-logo-blue.png","width":2000,"height":2000,"caption":"Kristdemokraternas logotyp"},{"@type":"BreadcrumbList","@id":"https:\/\/wp.kristdemokraterna.se\/varnamo\/2002\/09\/14\/moderaterna-sviker-naringslivet\/#breadcrumb","itemListElement":[{"@type":"ListItem","position":1,"name":"Hem","item":"https:\/\/wp.kristdemokraterna.se\/varnamo\/"},{"@type":"ListItem","position":2,"name":"Moderaterna sviker n\u00e4ringslivet"}]},{"@type":"WebSite","@id":"https:\/\/wp.kristdemokraterna.se\/varnamo\/#website","url":"https:\/\/wp.kristdemokraterna.se\/varnamo\/","name":"KRISTDEMOKRATERNA V\u00c4RNAMO","description":"Med hj\u00e4rta f\u00f6r V\u00e4rnamo","publisher":{"@id":"https:\/\/wp.kristdemokraterna.se\/varnamo\/#organization"},"inLanguage":"sv-SE"},{"@type":"Organization","@id":"https:\/\/wp.kristdemokraterna.se\/varnamo\/#organization","name":"Kristdemokraterna V\u00e4rnamo","url":"https:\/\/wp.kristdemokraterna.se\/varnamo\/","logo":{"@type":"ImageObject","inLanguage":"sv-SE","@id":"https:\/\/wp.kristdemokraterna.se\/varnamo\/#\/schema\/logo\/image\/","url":"https:\/\/wp.kristdemokraterna.se\/varnamo\/files\/2022\/08\/va\u2560ernamo-sida-bla-300dpi.png","contentUrl":"https:\/\/wp.kristdemokraterna.se\/varnamo\/files\/2022\/08\/va\u2560ernamo-sida-bla-300dpi.png","width":1485,"height":681,"caption":"Kristdemokraterna V\u00e4rnamo"},"image":{"@id":"https:\/\/wp.kristdemokraterna.se\/varnamo\/#\/schema\/logo\/image\/"},"sameAs":["https:\/\/www.facebook.com\/KDVarnamo\/","https:\/\/x.com\/KDVarnamo","https:\/\/www.instagram.com\/","https:\/\/www.youtube.com\/user\/studiokd\/videos"]},{"@type":"Person","@id":"https:\/\/wp.kristdemokraterna.se\/varnamo\/#\/schema\/person\/4e339ab04d613699e4dfe80a994e01d4","name":"Kristdemokraterna V\u00e4rnamo","image":{"@type":"ImageObject","inLanguage":"sv-SE","@id":"https:\/\/secure.gravatar.com\/avatar\/c122e48c7723992af51eb155eeaa93db3c1fa324e3fc6ec45dd712c812809b5b?s=96&r=g","url":"https:\/\/secure.gravatar.com\/avatar\/c122e48c7723992af51eb155eeaa93db3c1fa324e3fc6ec45dd712c812809b5b?s=96&r=g","contentUrl":"https:\/\/secure.gravatar.com\/avatar\/c122e48c7723992af51eb155eeaa93db3c1fa324e3fc6ec45dd712c812809b5b?s=96&r=g","caption":"Kristdemokraterna V\u00e4rnamo"},"description":"Familjens r\u00f6st","sameAs":["http:\/\/www.varnamo.kristdemokraterna.se"],"url":"https:\/\/wp.kristdemokraterna.se\/varnamo\/author\/varnamo\/"}]}},"_links":{"self":[{"href":"https:\/\/wp.kristdemokraterna.se\/varnamo\/wp-json\/wp\/v2\/posts\/2022","targetHints":{"allow":["GET"]}}],"collection":[{"href":"https:\/\/wp.kristdemokraterna.se\/varnamo\/wp-json\/wp\/v2\/posts"}],"about":[{"href":"https:\/\/wp.kristdemokraterna.se\/varnamo\/wp-json\/wp\/v2\/types\/post"}],"author":[{"embeddable":true,"href":"https:\/\/wp.kristdemokraterna.se\/varnamo\/wp-json\/wp\/v2\/users\/412"}],"replies":[{"embeddable":true,"href":"https:\/\/wp.kristdemokraterna.se\/varnamo\/wp-json\/wp\/v2\/comments?post=2022"}],"version-history":[{"count":7,"href":"https:\/\/wp.kristdemokraterna.se\/varnamo\/wp-json\/wp\/v2\/posts\/2022\/revisions"}],"predecessor-version":[{"id":7597,"href":"https:\/\/wp.kristdemokraterna.se\/varnamo\/wp-json\/wp\/v2\/posts\/2022\/revisions\/7597"}],"wp:featuredmedia":[{"embeddable":true,"href":"https:\/\/wp.kristdemokraterna.se\/varnamo\/wp-json\/wp\/v2\/media\/9638"}],"wp:attachment":[{"href":"https:\/\/wp.kristdemokraterna.se\/varnamo\/wp-json\/wp\/v2\/media?parent=2022"}],"wp:term":[{"taxonomy":"category","embeddable":true,"href":"https:\/\/wp.kristdemokraterna.se\/varnamo\/wp-json\/wp\/v2\/categories?post=2022"},{"taxonomy":"post_tag","embeddable":true,"href":"https:\/\/wp.kristdemokraterna.se\/varnamo\/wp-json\/wp\/v2\/tags?post=2022"}],"curies":[{"name":"wp","href":"https:\/\/api.w.org\/{rel}","templated":true}]}}