{"id":2023,"date":"2002-09-10T21:38:00","date_gmt":"2002-09-10T19:38:00","guid":{"rendered":"http:\/\/localhost:4901\/?p=2023"},"modified":"2017-09-18T17:38:39","modified_gmt":"2017-09-18T15:38:39","slug":"fokus-pa-barnen-i-valrorelsen","status":"publish","type":"post","link":"https:\/\/wp.kristdemokraterna.se\/varnamo\/2002\/09\/10\/fokus-pa-barnen-i-valrorelsen\/","title":{"rendered":"Fokus p\u00e5 barnen i valr\u00f6relsen"},"content":{"rendered":"<div style=\"width: 80px\" class=\"wp-caption alignnone\"><a href=\"http:\/\/wp.kristdemokraterna.se\/varnamo\/files\/2010\/08\/st.gif\"><img loading=\"lazy\" decoding=\"async\" title=\"st\" src=\"http:\/\/wp.kristdemokraterna.se\/varnamo\/files\/2010\/08\/st.gif\" alt=\"Stefan Thors\u00e9n, Kristdemokraterna V\u00e4rnamo\" width=\"70\" height=\"100\" \/><\/a><p class=\"wp-caption-text\">Stefan Thors\u00e9n, Kristdemokraterna V\u00e4rnamo<\/p><\/div>\n<p>B\u00f6rjar G\u00f6ran Persson och socialdemokraterna bli kalla om f\u00f6tterna?? Ordning och reda i ekonomin har Persson predikat men s\u00e5 sim sala bim f\u00f6resl\u00e5r han maxtaxa i f\u00f6reg\u00e5ende valr\u00f6relse. Maxtaxan som v\u00e4l \u00e4r en av v\u00e5r tids st\u00f6rsta skattes\u00e4nkningar, framf\u00f6r allt f\u00f6r h\u00f6ginkomsttagare, gjorde att det blev fler barn per vuxen i grupperna. F\u00f6rv\u00e5nande?? Knappast. Det borde man med l\u00e4tthet kunnat f\u00f6rutse.<\/p>\n<p><!--more--><\/p>\n<p>Nu\u00a0kr\u00e4ver enskilda socialdemokrater, tydligen ovetande om denna bakgrund,\u00a0mindre grupper och fler vuxna i barnomsorg och skola. \u00c4r det okunskap\u00a0om vilken politik som skapat dagens situation eller \u00e4r det ett desperat\u00a0f\u00f6rs\u00f6k att sl\u00e5 sig in p\u00e5 barnfr\u00e5gorna? N\u00e4r\u00a0socialdemokraternas valmanifest presenterades 19\/8 \u00f6ppnas \u00e5terigen\u00a0statens pl\u00e5nbok och barnfamiljerna skall satsas p\u00e5 med h\u00f6jda\u00a0barnbidrag. Naturligtvis \u00e4r det bra att barnfamiljernas situation uppm\u00e4rksammas\u00a0men f\u00f6r trov\u00e4rdighetens skull hade det varit bra om man ocks\u00e5\u00a0mellan valr\u00f6relserna hade visat lite st\u00f6rre engagemang i dessa fr\u00e5gor.<\/p>\n<p>Kristdemokraterna har under en l\u00e4ngre tid verkat f\u00f6r att f\u00f6r\u00e4ldrarna ist\u00e4llet f\u00f6r statens sociala ingenj\u00f6rer skall f\u00e5 best\u00e4mma vad som \u00e4r b\u00e4st f\u00f6r barnen. \u00d6kat barnbidrag \u00e4r nog bra men f\u00f6r\u00e4ndrar inte grundfelet i systemet. N\u00e4r man talar om ett r\u00e4ttvisare samh\u00e4lle \u00e4r tydligen barnomsorgen undantagen. R\u00e4ttvisa \u00e4r bra men skall ske p\u00e5 dom villkor som socialdemokraterna best\u00e4mt!!<\/p>\n<p>Genomsk\u00e5da valfj\u00e4sket och l\u00e5t valet 15 september ocks\u00e5 bli en folkomr\u00f6stning om det \u00e4r du som f\u00f6r\u00e4lder eller staten som skall best\u00e4mma vad som \u00e4r b\u00e4st f\u00f6r dina barn.<\/p>\n<p>Skall vi ha ett barnanpassat samh\u00e4lle eller samh\u00e4llsanpassade barn?<\/p>\n<p style=\"text-align: right\"><em>Stefan Thors\u00e9n<\/em><br \/>\nlandstingsledamot,\u00a0kristdemokraterna<\/p>\n","protected":false},"excerpt":{"rendered":"<p>B\u00f6rjar G\u00f6ran Persson och socialdemokraterna bli kalla om f\u00f6tterna?? Ordning och reda i ekonomin har Persson predikat men s\u00e5 sim sala bim f\u00f6resl\u00e5r han maxtaxa i f\u00f6reg\u00e5ende valr\u00f6relse. Maxtaxan som v\u00e4l \u00e4r en av v\u00e5r tids st\u00f6rsta skattes\u00e4nkningar, framf\u00f6r allt f\u00f6r h\u00f6ginkomsttagare, gjorde att det blev fler barn per vuxen i grupperna. F\u00f6rv\u00e5nande?? Knappast. Det <a class=\"read-more-link\" href=\"https:\/\/wp.kristdemokraterna.se\/varnamo\/2002\/09\/10\/fokus-pa-barnen-i-valrorelsen\/\">Read More<\/a><\/p>\n","protected":false},"author":412,"featured_media":9638,"comment_status":"closed","ping_status":"closed","sticky":false,"template":"","format":"standard","meta":{"_acf_changed":false,"footnotes":""},"categories":[12],"tags":[320,34,262,37,401,73,279,346,266,62],"class_list":["post-2023","post","type-post","status-publish","format-standard","hentry","category-debatt","tag-barnbidrag","tag-barnomsorg","tag-ekonomi","tag-familj","tag-foraldrar","tag-insandare","tag-rattvisa","tag-skatter","tag-stefan-thorsen","tag-valrorelse"],"acf":[],"yoast_head":"<!-- This site is optimized with the Yoast SEO plugin v27.4 - https:\/\/yoast.com\/product\/yoast-seo-wordpress\/ -->\n<title>Fokus p\u00e5 barnen i valr\u00f6relsen - KRISTDEMOKRATERNA V\u00c4RNAMO<\/title>\n<meta name=\"robots\" content=\"index, follow, max-snippet:-1, max-image-preview:large, max-video-preview:-1\" \/>\n<link rel=\"canonical\" href=\"https:\/\/wp.kristdemokraterna.se\/varnamo\/2002\/09\/10\/fokus-pa-barnen-i-valrorelsen\/\" \/>\n<meta property=\"og:locale\" content=\"sv_SE\" \/>\n<meta property=\"og:type\" content=\"article\" \/>\n<meta property=\"og:title\" content=\"Fokus p\u00e5 barnen i valr\u00f6relsen - KRISTDEMOKRATERNA V\u00c4RNAMO\" \/>\n<meta property=\"og:description\" content=\"B\u00f6rjar G\u00f6ran Persson och socialdemokraterna bli kalla om f\u00f6tterna?? Ordning och reda i ekonomin har Persson predikat men s\u00e5 sim sala bim f\u00f6resl\u00e5r han maxtaxa i f\u00f6reg\u00e5ende valr\u00f6relse. Maxtaxan som v\u00e4l \u00e4r en av v\u00e5r tids st\u00f6rsta skattes\u00e4nkningar, framf\u00f6r allt f\u00f6r h\u00f6ginkomsttagare, gjorde att det blev fler barn per vuxen i grupperna. F\u00f6rv\u00e5nande?? Knappast. Det Read More\" \/>\n<meta property=\"og:url\" content=\"https:\/\/wp.kristdemokraterna.se\/varnamo\/2002\/09\/10\/fokus-pa-barnen-i-valrorelsen\/\" \/>\n<meta property=\"og:site_name\" content=\"KRISTDEMOKRATERNA V\u00c4RNAMO\" \/>\n<meta property=\"article:publisher\" content=\"https:\/\/www.facebook.com\/KDVarnamo\/\" \/>\n<meta property=\"article:published_time\" content=\"2002-09-10T19:38:00+00:00\" \/>\n<meta property=\"article:modified_time\" content=\"2017-09-18T15:38:39+00:00\" \/>\n<meta property=\"og:image\" content=\"http:\/\/wp.kristdemokraterna.se\/varnamo\/files\/2010\/08\/st.gif\" \/>\n<meta name=\"author\" content=\"Kristdemokraterna V\u00e4rnamo\" \/>\n<meta name=\"twitter:card\" content=\"summary_large_image\" \/>\n<meta name=\"twitter:creator\" content=\"@KDVarnamo\" \/>\n<meta name=\"twitter:site\" content=\"@KDVarnamo\" \/>\n<meta name=\"twitter:label1\" content=\"Skriven av\" \/>\n\t<meta name=\"twitter:data1\" content=\"Kristdemokraterna V\u00e4rnamo\" \/>\n\t<meta name=\"twitter:label2\" content=\"Ber\u00e4knad l\u00e4stid\" \/>\n\t<meta name=\"twitter:data2\" content=\"2 minuter\" \/>\n<script type=\"application\/ld+json\" class=\"yoast-schema-graph\">{\"@context\":\"https:\\\/\\\/schema.org\",\"@graph\":[{\"@type\":\"Article\",\"@id\":\"https:\\\/\\\/wp.kristdemokraterna.se\\\/varnamo\\\/2002\\\/09\\\/10\\\/fokus-pa-barnen-i-valrorelsen\\\/#article\",\"isPartOf\":{\"@id\":\"https:\\\/\\\/wp.kristdemokraterna.se\\\/varnamo\\\/2002\\\/09\\\/10\\\/fokus-pa-barnen-i-valrorelsen\\\/\"},\"author\":{\"name\":\"Kristdemokraterna V\u00e4rnamo\",\"@id\":\"https:\\\/\\\/wp.kristdemokraterna.se\\\/varnamo\\\/#\\\/schema\\\/person\\\/4e339ab04d613699e4dfe80a994e01d4\"},\"headline\":\"Fokus p\u00e5 barnen i valr\u00f6relsen\",\"datePublished\":\"2002-09-10T19:38:00+00:00\",\"dateModified\":\"2017-09-18T15:38:39+00:00\",\"mainEntityOfPage\":{\"@id\":\"https:\\\/\\\/wp.kristdemokraterna.se\\\/varnamo\\\/2002\\\/09\\\/10\\\/fokus-pa-barnen-i-valrorelsen\\\/\"},\"wordCount\":324,\"publisher\":{\"@id\":\"https:\\\/\\\/wp.kristdemokraterna.se\\\/varnamo\\\/#organization\"},\"image\":{\"@id\":\"https:\\\/\\\/wp.kristdemokraterna.se\\\/varnamo\\\/2002\\\/09\\\/10\\\/fokus-pa-barnen-i-valrorelsen\\\/#primaryimage\"},\"thumbnailUrl\":\"https:\\\/\\\/wp.kristdemokraterna.se\\\/varnamo\\\/files\\\/2022\\\/08\\\/kd-logo-blue.png\",\"keywords\":[\"barnbidrag\",\"barnomsorg\",\"ekonomi\",\"familj\",\"f\u00f6r\u00e4ldrar\",\"ins\u00e4ndare\",\"r\u00e4ttvisa\",\"skatter\",\"Stefan Thors\u00e9n\",\"valr\u00f6relse\"],\"articleSection\":[\"Debatt\"],\"inLanguage\":\"sv-SE\"},{\"@type\":\"WebPage\",\"@id\":\"https:\\\/\\\/wp.kristdemokraterna.se\\\/varnamo\\\/2002\\\/09\\\/10\\\/fokus-pa-barnen-i-valrorelsen\\\/\",\"url\":\"https:\\\/\\\/wp.kristdemokraterna.se\\\/varnamo\\\/2002\\\/09\\\/10\\\/fokus-pa-barnen-i-valrorelsen\\\/\",\"name\":\"Fokus p\u00e5 barnen i valr\u00f6relsen - KRISTDEMOKRATERNA V\u00c4RNAMO\",\"isPartOf\":{\"@id\":\"https:\\\/\\\/wp.kristdemokraterna.se\\\/varnamo\\\/#website\"},\"primaryImageOfPage\":{\"@id\":\"https:\\\/\\\/wp.kristdemokraterna.se\\\/varnamo\\\/2002\\\/09\\\/10\\\/fokus-pa-barnen-i-valrorelsen\\\/#primaryimage\"},\"image\":{\"@id\":\"https:\\\/\\\/wp.kristdemokraterna.se\\\/varnamo\\\/2002\\\/09\\\/10\\\/fokus-pa-barnen-i-valrorelsen\\\/#primaryimage\"},\"thumbnailUrl\":\"https:\\\/\\\/wp.kristdemokraterna.se\\\/varnamo\\\/files\\\/2022\\\/08\\\/kd-logo-blue.png\",\"datePublished\":\"2002-09-10T19:38:00+00:00\",\"dateModified\":\"2017-09-18T15:38:39+00:00\",\"breadcrumb\":{\"@id\":\"https:\\\/\\\/wp.kristdemokraterna.se\\\/varnamo\\\/2002\\\/09\\\/10\\\/fokus-pa-barnen-i-valrorelsen\\\/#breadcrumb\"},\"inLanguage\":\"sv-SE\",\"potentialAction\":[{\"@type\":\"ReadAction\",\"target\":[\"https:\\\/\\\/wp.kristdemokraterna.se\\\/varnamo\\\/2002\\\/09\\\/10\\\/fokus-pa-barnen-i-valrorelsen\\\/\"]}]},{\"@type\":\"ImageObject\",\"inLanguage\":\"sv-SE\",\"@id\":\"https:\\\/\\\/wp.kristdemokraterna.se\\\/varnamo\\\/2002\\\/09\\\/10\\\/fokus-pa-barnen-i-valrorelsen\\\/#primaryimage\",\"url\":\"https:\\\/\\\/wp.kristdemokraterna.se\\\/varnamo\\\/files\\\/2022\\\/08\\\/kd-logo-blue.png\",\"contentUrl\":\"https:\\\/\\\/wp.kristdemokraterna.se\\\/varnamo\\\/files\\\/2022\\\/08\\\/kd-logo-blue.png\",\"width\":2000,\"height\":2000,\"caption\":\"Kristdemokraternas logotyp\"},{\"@type\":\"BreadcrumbList\",\"@id\":\"https:\\\/\\\/wp.kristdemokraterna.se\\\/varnamo\\\/2002\\\/09\\\/10\\\/fokus-pa-barnen-i-valrorelsen\\\/#breadcrumb\",\"itemListElement\":[{\"@type\":\"ListItem\",\"position\":1,\"name\":\"Hem\",\"item\":\"https:\\\/\\\/wp.kristdemokraterna.se\\\/varnamo\\\/\"},{\"@type\":\"ListItem\",\"position\":2,\"name\":\"Fokus p\u00e5 barnen i valr\u00f6relsen\"}]},{\"@type\":\"WebSite\",\"@id\":\"https:\\\/\\\/wp.kristdemokraterna.se\\\/varnamo\\\/#website\",\"url\":\"https:\\\/\\\/wp.kristdemokraterna.se\\\/varnamo\\\/\",\"name\":\"KRISTDEMOKRATERNA V\u00c4RNAMO\",\"description\":\"Med hj\u00e4rta f\u00f6r V\u00e4rnamo\",\"publisher\":{\"@id\":\"https:\\\/\\\/wp.kristdemokraterna.se\\\/varnamo\\\/#organization\"},\"inLanguage\":\"sv-SE\"},{\"@type\":\"Organization\",\"@id\":\"https:\\\/\\\/wp.kristdemokraterna.se\\\/varnamo\\\/#organization\",\"name\":\"Kristdemokraterna V\u00e4rnamo\",\"url\":\"https:\\\/\\\/wp.kristdemokraterna.se\\\/varnamo\\\/\",\"logo\":{\"@type\":\"ImageObject\",\"inLanguage\":\"sv-SE\",\"@id\":\"https:\\\/\\\/wp.kristdemokraterna.se\\\/varnamo\\\/#\\\/schema\\\/logo\\\/image\\\/\",\"url\":\"https:\\\/\\\/wp.kristdemokraterna.se\\\/varnamo\\\/files\\\/2022\\\/08\\\/va\u2560ernamo-sida-bla-300dpi.png\",\"contentUrl\":\"https:\\\/\\\/wp.kristdemokraterna.se\\\/varnamo\\\/files\\\/2022\\\/08\\\/va\u2560ernamo-sida-bla-300dpi.png\",\"width\":1485,\"height\":681,\"caption\":\"Kristdemokraterna V\u00e4rnamo\"},\"image\":{\"@id\":\"https:\\\/\\\/wp.kristdemokraterna.se\\\/varnamo\\\/#\\\/schema\\\/logo\\\/image\\\/\"},\"sameAs\":[\"https:\\\/\\\/www.facebook.com\\\/KDVarnamo\\\/\",\"https:\\\/\\\/x.com\\\/KDVarnamo\",\"https:\\\/\\\/www.instagram.com\\\/\",\"https:\\\/\\\/www.youtube.com\\\/user\\\/studiokd\\\/videos\"]},{\"@type\":\"Person\",\"@id\":\"https:\\\/\\\/wp.kristdemokraterna.se\\\/varnamo\\\/#\\\/schema\\\/person\\\/4e339ab04d613699e4dfe80a994e01d4\",\"name\":\"Kristdemokraterna V\u00e4rnamo\",\"image\":{\"@type\":\"ImageObject\",\"inLanguage\":\"sv-SE\",\"@id\":\"https:\\\/\\\/secure.gravatar.com\\\/avatar\\\/c122e48c7723992af51eb155eeaa93db3c1fa324e3fc6ec45dd712c812809b5b?s=96&r=g\",\"url\":\"https:\\\/\\\/secure.gravatar.com\\\/avatar\\\/c122e48c7723992af51eb155eeaa93db3c1fa324e3fc6ec45dd712c812809b5b?s=96&r=g\",\"contentUrl\":\"https:\\\/\\\/secure.gravatar.com\\\/avatar\\\/c122e48c7723992af51eb155eeaa93db3c1fa324e3fc6ec45dd712c812809b5b?s=96&r=g\",\"caption\":\"Kristdemokraterna V\u00e4rnamo\"},\"description\":\"Familjens r\u00f6st\",\"sameAs\":[\"http:\\\/\\\/www.varnamo.kristdemokraterna.se\"],\"url\":\"https:\\\/\\\/wp.kristdemokraterna.se\\\/varnamo\\\/author\\\/varnamo\\\/\"}]}<\/script>\n<!-- \/ Yoast SEO plugin. -->","yoast_head_json":{"title":"Fokus p\u00e5 barnen i valr\u00f6relsen - KRISTDEMOKRATERNA V\u00c4RNAMO","robots":{"index":"index","follow":"follow","max-snippet":"max-snippet:-1","max-image-preview":"max-image-preview:large","max-video-preview":"max-video-preview:-1"},"canonical":"https:\/\/wp.kristdemokraterna.se\/varnamo\/2002\/09\/10\/fokus-pa-barnen-i-valrorelsen\/","og_locale":"sv_SE","og_type":"article","og_title":"Fokus p\u00e5 barnen i valr\u00f6relsen - KRISTDEMOKRATERNA V\u00c4RNAMO","og_description":"B\u00f6rjar G\u00f6ran Persson och socialdemokraterna bli kalla om f\u00f6tterna?? Ordning och reda i ekonomin har Persson predikat men s\u00e5 sim sala bim f\u00f6resl\u00e5r han maxtaxa i f\u00f6reg\u00e5ende valr\u00f6relse. Maxtaxan som v\u00e4l \u00e4r en av v\u00e5r tids st\u00f6rsta skattes\u00e4nkningar, framf\u00f6r allt f\u00f6r h\u00f6ginkomsttagare, gjorde att det blev fler barn per vuxen i grupperna. F\u00f6rv\u00e5nande?? Knappast. Det Read More","og_url":"https:\/\/wp.kristdemokraterna.se\/varnamo\/2002\/09\/10\/fokus-pa-barnen-i-valrorelsen\/","og_site_name":"KRISTDEMOKRATERNA V\u00c4RNAMO","article_publisher":"https:\/\/www.facebook.com\/KDVarnamo\/","article_published_time":"2002-09-10T19:38:00+00:00","article_modified_time":"2017-09-18T15:38:39+00:00","og_image":[{"url":"http:\/\/wp.kristdemokraterna.se\/varnamo\/files\/2010\/08\/st.gif","type":"","width":"","height":""}],"author":"Kristdemokraterna V\u00e4rnamo","twitter_card":"summary_large_image","twitter_creator":"@KDVarnamo","twitter_site":"@KDVarnamo","twitter_misc":{"Skriven av":"Kristdemokraterna V\u00e4rnamo","Ber\u00e4knad l\u00e4stid":"2 minuter"},"schema":{"@context":"https:\/\/schema.org","@graph":[{"@type":"Article","@id":"https:\/\/wp.kristdemokraterna.se\/varnamo\/2002\/09\/10\/fokus-pa-barnen-i-valrorelsen\/#article","isPartOf":{"@id":"https:\/\/wp.kristdemokraterna.se\/varnamo\/2002\/09\/10\/fokus-pa-barnen-i-valrorelsen\/"},"author":{"name":"Kristdemokraterna V\u00e4rnamo","@id":"https:\/\/wp.kristdemokraterna.se\/varnamo\/#\/schema\/person\/4e339ab04d613699e4dfe80a994e01d4"},"headline":"Fokus p\u00e5 barnen i valr\u00f6relsen","datePublished":"2002-09-10T19:38:00+00:00","dateModified":"2017-09-18T15:38:39+00:00","mainEntityOfPage":{"@id":"https:\/\/wp.kristdemokraterna.se\/varnamo\/2002\/09\/10\/fokus-pa-barnen-i-valrorelsen\/"},"wordCount":324,"publisher":{"@id":"https:\/\/wp.kristdemokraterna.se\/varnamo\/#organization"},"image":{"@id":"https:\/\/wp.kristdemokraterna.se\/varnamo\/2002\/09\/10\/fokus-pa-barnen-i-valrorelsen\/#primaryimage"},"thumbnailUrl":"https:\/\/wp.kristdemokraterna.se\/varnamo\/files\/2022\/08\/kd-logo-blue.png","keywords":["barnbidrag","barnomsorg","ekonomi","familj","f\u00f6r\u00e4ldrar","ins\u00e4ndare","r\u00e4ttvisa","skatter","Stefan Thors\u00e9n","valr\u00f6relse"],"articleSection":["Debatt"],"inLanguage":"sv-SE"},{"@type":"WebPage","@id":"https:\/\/wp.kristdemokraterna.se\/varnamo\/2002\/09\/10\/fokus-pa-barnen-i-valrorelsen\/","url":"https:\/\/wp.kristdemokraterna.se\/varnamo\/2002\/09\/10\/fokus-pa-barnen-i-valrorelsen\/","name":"Fokus p\u00e5 barnen i valr\u00f6relsen - KRISTDEMOKRATERNA V\u00c4RNAMO","isPartOf":{"@id":"https:\/\/wp.kristdemokraterna.se\/varnamo\/#website"},"primaryImageOfPage":{"@id":"https:\/\/wp.kristdemokraterna.se\/varnamo\/2002\/09\/10\/fokus-pa-barnen-i-valrorelsen\/#primaryimage"},"image":{"@id":"https:\/\/wp.kristdemokraterna.se\/varnamo\/2002\/09\/10\/fokus-pa-barnen-i-valrorelsen\/#primaryimage"},"thumbnailUrl":"https:\/\/wp.kristdemokraterna.se\/varnamo\/files\/2022\/08\/kd-logo-blue.png","datePublished":"2002-09-10T19:38:00+00:00","dateModified":"2017-09-18T15:38:39+00:00","breadcrumb":{"@id":"https:\/\/wp.kristdemokraterna.se\/varnamo\/2002\/09\/10\/fokus-pa-barnen-i-valrorelsen\/#breadcrumb"},"inLanguage":"sv-SE","potentialAction":[{"@type":"ReadAction","target":["https:\/\/wp.kristdemokraterna.se\/varnamo\/2002\/09\/10\/fokus-pa-barnen-i-valrorelsen\/"]}]},{"@type":"ImageObject","inLanguage":"sv-SE","@id":"https:\/\/wp.kristdemokraterna.se\/varnamo\/2002\/09\/10\/fokus-pa-barnen-i-valrorelsen\/#primaryimage","url":"https:\/\/wp.kristdemokraterna.se\/varnamo\/files\/2022\/08\/kd-logo-blue.png","contentUrl":"https:\/\/wp.kristdemokraterna.se\/varnamo\/files\/2022\/08\/kd-logo-blue.png","width":2000,"height":2000,"caption":"Kristdemokraternas logotyp"},{"@type":"BreadcrumbList","@id":"https:\/\/wp.kristdemokraterna.se\/varnamo\/2002\/09\/10\/fokus-pa-barnen-i-valrorelsen\/#breadcrumb","itemListElement":[{"@type":"ListItem","position":1,"name":"Hem","item":"https:\/\/wp.kristdemokraterna.se\/varnamo\/"},{"@type":"ListItem","position":2,"name":"Fokus p\u00e5 barnen i valr\u00f6relsen"}]},{"@type":"WebSite","@id":"https:\/\/wp.kristdemokraterna.se\/varnamo\/#website","url":"https:\/\/wp.kristdemokraterna.se\/varnamo\/","name":"KRISTDEMOKRATERNA V\u00c4RNAMO","description":"Med hj\u00e4rta f\u00f6r V\u00e4rnamo","publisher":{"@id":"https:\/\/wp.kristdemokraterna.se\/varnamo\/#organization"},"inLanguage":"sv-SE"},{"@type":"Organization","@id":"https:\/\/wp.kristdemokraterna.se\/varnamo\/#organization","name":"Kristdemokraterna V\u00e4rnamo","url":"https:\/\/wp.kristdemokraterna.se\/varnamo\/","logo":{"@type":"ImageObject","inLanguage":"sv-SE","@id":"https:\/\/wp.kristdemokraterna.se\/varnamo\/#\/schema\/logo\/image\/","url":"https:\/\/wp.kristdemokraterna.se\/varnamo\/files\/2022\/08\/va\u2560ernamo-sida-bla-300dpi.png","contentUrl":"https:\/\/wp.kristdemokraterna.se\/varnamo\/files\/2022\/08\/va\u2560ernamo-sida-bla-300dpi.png","width":1485,"height":681,"caption":"Kristdemokraterna V\u00e4rnamo"},"image":{"@id":"https:\/\/wp.kristdemokraterna.se\/varnamo\/#\/schema\/logo\/image\/"},"sameAs":["https:\/\/www.facebook.com\/KDVarnamo\/","https:\/\/x.com\/KDVarnamo","https:\/\/www.instagram.com\/","https:\/\/www.youtube.com\/user\/studiokd\/videos"]},{"@type":"Person","@id":"https:\/\/wp.kristdemokraterna.se\/varnamo\/#\/schema\/person\/4e339ab04d613699e4dfe80a994e01d4","name":"Kristdemokraterna V\u00e4rnamo","image":{"@type":"ImageObject","inLanguage":"sv-SE","@id":"https:\/\/secure.gravatar.com\/avatar\/c122e48c7723992af51eb155eeaa93db3c1fa324e3fc6ec45dd712c812809b5b?s=96&r=g","url":"https:\/\/secure.gravatar.com\/avatar\/c122e48c7723992af51eb155eeaa93db3c1fa324e3fc6ec45dd712c812809b5b?s=96&r=g","contentUrl":"https:\/\/secure.gravatar.com\/avatar\/c122e48c7723992af51eb155eeaa93db3c1fa324e3fc6ec45dd712c812809b5b?s=96&r=g","caption":"Kristdemokraterna V\u00e4rnamo"},"description":"Familjens r\u00f6st","sameAs":["http:\/\/www.varnamo.kristdemokraterna.se"],"url":"https:\/\/wp.kristdemokraterna.se\/varnamo\/author\/varnamo\/"}]}},"_links":{"self":[{"href":"https:\/\/wp.kristdemokraterna.se\/varnamo\/wp-json\/wp\/v2\/posts\/2023","targetHints":{"allow":["GET"]}}],"collection":[{"href":"https:\/\/wp.kristdemokraterna.se\/varnamo\/wp-json\/wp\/v2\/posts"}],"about":[{"href":"https:\/\/wp.kristdemokraterna.se\/varnamo\/wp-json\/wp\/v2\/types\/post"}],"author":[{"embeddable":true,"href":"https:\/\/wp.kristdemokraterna.se\/varnamo\/wp-json\/wp\/v2\/users\/412"}],"replies":[{"embeddable":true,"href":"https:\/\/wp.kristdemokraterna.se\/varnamo\/wp-json\/wp\/v2\/comments?post=2023"}],"version-history":[{"count":5,"href":"https:\/\/wp.kristdemokraterna.se\/varnamo\/wp-json\/wp\/v2\/posts\/2023\/revisions"}],"predecessor-version":[{"id":7603,"href":"https:\/\/wp.kristdemokraterna.se\/varnamo\/wp-json\/wp\/v2\/posts\/2023\/revisions\/7603"}],"wp:featuredmedia":[{"embeddable":true,"href":"https:\/\/wp.kristdemokraterna.se\/varnamo\/wp-json\/wp\/v2\/media\/9638"}],"wp:attachment":[{"href":"https:\/\/wp.kristdemokraterna.se\/varnamo\/wp-json\/wp\/v2\/media?parent=2023"}],"wp:term":[{"taxonomy":"category","embeddable":true,"href":"https:\/\/wp.kristdemokraterna.se\/varnamo\/wp-json\/wp\/v2\/categories?post=2023"},{"taxonomy":"post_tag","embeddable":true,"href":"https:\/\/wp.kristdemokraterna.se\/varnamo\/wp-json\/wp\/v2\/tags?post=2023"}],"curies":[{"name":"wp","href":"https:\/\/api.w.org\/{rel}","templated":true}]}}