{"id":2024,"date":"2002-09-14T21:38:00","date_gmt":"2002-09-14T19:38:00","guid":{"rendered":"http:\/\/localhost:4901\/?p=2024"},"modified":"2017-09-18T17:39:52","modified_gmt":"2017-09-18T15:39:52","slug":"ar-kristdemokraterna-kristen-hoger","status":"publish","type":"post","link":"https:\/\/wp.kristdemokraterna.se\/varnamo\/2002\/09\/14\/ar-kristdemokraterna-kristen-hoger\/","title":{"rendered":"\u00c4r kristdemokraterna kristen h\u00f6ger?"},"content":{"rendered":"<div style=\"width: 80px\" class=\"wp-caption alignnone\"><a href=\"http:\/\/wp.kristdemokraterna.se\/varnamo\/files\/2010\/08\/st.gif\"><img loading=\"lazy\" decoding=\"async\" title=\"st\" src=\"http:\/\/wp.kristdemokraterna.se\/varnamo\/files\/2010\/08\/st.gif\" alt=\"Stefan Thors\u00e9n, Kristdemokraterna V\u00e4rnamo\" width=\"70\" height=\"100\" \/><\/a><p class=\"wp-caption-text\">Stefan Thors\u00e9n, Kristdemokraterna V\u00e4rnamo<\/p><\/div>\n<p>Olle Burells ins\u00e4ndare andas oro inf\u00f6r \u00e5rets riksdagsval. P\u00e5 annat s\u00e4tt kan jag inte tolka hans p\u00e5hopp p\u00e5 kristdemokraterna\u00a0i S\u00e4ndaren 5\/9-02. I svepande ordalag j\u00e4mf\u00f6r han kristdemokraterna med den kristna h\u00f6gern i USA.<\/p>\n<p><!--more--><\/p>\n<p>Han\u00a0skriver <q title=\"olle Burell\">Kristdemokraternas nedv\u00e4rdering av homosexuella\u00a0\u00e4r ju k\u00e4nd sedan l\u00e4nge&#8230;<\/q> Var kommer detta p\u00e5st\u00e5ende\u00a0ifr\u00e5n? \u00c4r det att kristdemokraterna liksom n\u00e4stan 50% av den\u00a0socialdemokratiska partikongressen anser att homosexuella par inte skall pr\u00f6vas\u00a0som adoptionsf\u00f6r\u00e4ldrar? Att kristdemokraterna skulle ha en nedv\u00e4rderande\u00a0syn p\u00e5 den homosexuella m\u00e4nniskan vill jag inte tro att han menar.<\/p>\n<p>Om jag inte \u00e4r fel underr\u00e4ttad \u00e4r ett enat lagutskott \u00f6verens om att fr\u00e5gan om ensamst\u00e5ende f\u00f6r\u00e4ldrars adoptionsr\u00e4tt b\u00f6r beredas vidare f\u00f6re\u00a0beslut. Det m\u00e5ste v\u00e4l inneb\u00e4ra att detta \u00e4ven \u00e4r en socialdemokratisk st\u00e5ndpunkt.<\/p>\n<p>Att bibelns skapelseber\u00e4ttelse \u00e4r skrotad inom broderskapsr\u00f6relsen var en intressant nyhet. Har ni r\u00f6stat bort den i sann demokratisk anda?\u00a0Att man som Alf Svensson tycker att skapelseber\u00e4ttelsen har en plats i skolans religionsundervisning som komplement till biologins\u00a0undervisning om utvecklingsl\u00e4ran kan v\u00e4l inte vara det samma som kristen h\u00f6ger!?<\/p>\n<p>En mer nyanserad debatt hade varit p\u00e5 sin plats. Att f\u00f6rs\u00f6ka skr\u00e4mma medborgarna till att byta st\u00e5ndpunkt trodde jag h\u00f6rde till en\u00a0f\u00f6rg\u00e5ngen tid.<\/p>\n<p style=\"text-align: right\"><em>Stefan Thors\u00e9n<br \/>\n<\/em>landstingsledamot\u00a0Kristdemokraterna<\/p>\n","protected":false},"excerpt":{"rendered":"<p>Olle Burells ins\u00e4ndare andas oro inf\u00f6r \u00e5rets riksdagsval. P\u00e5 annat s\u00e4tt kan jag inte tolka hans p\u00e5hopp p\u00e5 kristdemokraterna\u00a0i S\u00e4ndaren 5\/9-02. I svepande ordalag j\u00e4mf\u00f6r han kristdemokraterna med den kristna h\u00f6gern i USA.<\/p>\n","protected":false},"author":412,"featured_media":9638,"comment_status":"closed","ping_status":"closed","sticky":false,"template":"","format":"standard","meta":{"_acf_changed":false,"footnotes":""},"categories":[12],"tags":[73,266,62],"class_list":["post-2024","post","type-post","status-publish","format-standard","hentry","category-debatt","tag-insandare","tag-stefan-thorsen","tag-valrorelse"],"acf":[],"yoast_head":"<!-- This site is optimized with the Yoast SEO plugin v27.4 - https:\/\/yoast.com\/product\/yoast-seo-wordpress\/ -->\n<title>\u00c4r kristdemokraterna kristen h\u00f6ger? - KRISTDEMOKRATERNA V\u00c4RNAMO<\/title>\n<meta name=\"robots\" content=\"index, follow, max-snippet:-1, max-image-preview:large, max-video-preview:-1\" \/>\n<link rel=\"canonical\" href=\"https:\/\/wp.kristdemokraterna.se\/varnamo\/2002\/09\/14\/ar-kristdemokraterna-kristen-hoger\/\" \/>\n<meta property=\"og:locale\" content=\"sv_SE\" \/>\n<meta property=\"og:type\" content=\"article\" \/>\n<meta property=\"og:title\" content=\"\u00c4r kristdemokraterna kristen h\u00f6ger? - KRISTDEMOKRATERNA V\u00c4RNAMO\" \/>\n<meta property=\"og:description\" content=\"Olle Burells ins\u00e4ndare andas oro inf\u00f6r \u00e5rets riksdagsval. P\u00e5 annat s\u00e4tt kan jag inte tolka hans p\u00e5hopp p\u00e5 kristdemokraterna\u00a0i S\u00e4ndaren 5\/9-02. I svepande ordalag j\u00e4mf\u00f6r han kristdemokraterna med den kristna h\u00f6gern i USA.\" \/>\n<meta property=\"og:url\" content=\"https:\/\/wp.kristdemokraterna.se\/varnamo\/2002\/09\/14\/ar-kristdemokraterna-kristen-hoger\/\" \/>\n<meta property=\"og:site_name\" content=\"KRISTDEMOKRATERNA V\u00c4RNAMO\" \/>\n<meta property=\"article:publisher\" content=\"https:\/\/www.facebook.com\/KDVarnamo\/\" \/>\n<meta property=\"article:published_time\" content=\"2002-09-14T19:38:00+00:00\" \/>\n<meta property=\"article:modified_time\" content=\"2017-09-18T15:39:52+00:00\" \/>\n<meta property=\"og:image\" content=\"http:\/\/wp.kristdemokraterna.se\/varnamo\/files\/2010\/08\/st.gif\" \/>\n<meta name=\"author\" content=\"Kristdemokraterna V\u00e4rnamo\" \/>\n<meta name=\"twitter:card\" content=\"summary_large_image\" \/>\n<meta name=\"twitter:creator\" content=\"@KDVarnamo\" \/>\n<meta name=\"twitter:site\" content=\"@KDVarnamo\" \/>\n<meta name=\"twitter:label1\" content=\"Skriven av\" \/>\n\t<meta name=\"twitter:data1\" content=\"Kristdemokraterna V\u00e4rnamo\" \/>\n\t<meta name=\"twitter:label2\" content=\"Ber\u00e4knad l\u00e4stid\" \/>\n\t<meta name=\"twitter:data2\" content=\"1 minut\" \/>\n<script type=\"application\/ld+json\" class=\"yoast-schema-graph\">{\"@context\":\"https:\\\/\\\/schema.org\",\"@graph\":[{\"@type\":\"Article\",\"@id\":\"https:\\\/\\\/wp.kristdemokraterna.se\\\/varnamo\\\/2002\\\/09\\\/14\\\/ar-kristdemokraterna-kristen-hoger\\\/#article\",\"isPartOf\":{\"@id\":\"https:\\\/\\\/wp.kristdemokraterna.se\\\/varnamo\\\/2002\\\/09\\\/14\\\/ar-kristdemokraterna-kristen-hoger\\\/\"},\"author\":{\"name\":\"Kristdemokraterna V\u00e4rnamo\",\"@id\":\"https:\\\/\\\/wp.kristdemokraterna.se\\\/varnamo\\\/#\\\/schema\\\/person\\\/4e339ab04d613699e4dfe80a994e01d4\"},\"headline\":\"\u00c4r kristdemokraterna kristen h\u00f6ger?\",\"datePublished\":\"2002-09-14T19:38:00+00:00\",\"dateModified\":\"2017-09-18T15:39:52+00:00\",\"mainEntityOfPage\":{\"@id\":\"https:\\\/\\\/wp.kristdemokraterna.se\\\/varnamo\\\/2002\\\/09\\\/14\\\/ar-kristdemokraterna-kristen-hoger\\\/\"},\"wordCount\":263,\"publisher\":{\"@id\":\"https:\\\/\\\/wp.kristdemokraterna.se\\\/varnamo\\\/#organization\"},\"image\":{\"@id\":\"https:\\\/\\\/wp.kristdemokraterna.se\\\/varnamo\\\/2002\\\/09\\\/14\\\/ar-kristdemokraterna-kristen-hoger\\\/#primaryimage\"},\"thumbnailUrl\":\"https:\\\/\\\/wp.kristdemokraterna.se\\\/varnamo\\\/files\\\/2022\\\/08\\\/kd-logo-blue.png\",\"keywords\":[\"ins\u00e4ndare\",\"Stefan Thors\u00e9n\",\"valr\u00f6relse\"],\"articleSection\":[\"Debatt\"],\"inLanguage\":\"sv-SE\"},{\"@type\":\"WebPage\",\"@id\":\"https:\\\/\\\/wp.kristdemokraterna.se\\\/varnamo\\\/2002\\\/09\\\/14\\\/ar-kristdemokraterna-kristen-hoger\\\/\",\"url\":\"https:\\\/\\\/wp.kristdemokraterna.se\\\/varnamo\\\/2002\\\/09\\\/14\\\/ar-kristdemokraterna-kristen-hoger\\\/\",\"name\":\"\u00c4r kristdemokraterna kristen h\u00f6ger? - KRISTDEMOKRATERNA V\u00c4RNAMO\",\"isPartOf\":{\"@id\":\"https:\\\/\\\/wp.kristdemokraterna.se\\\/varnamo\\\/#website\"},\"primaryImageOfPage\":{\"@id\":\"https:\\\/\\\/wp.kristdemokraterna.se\\\/varnamo\\\/2002\\\/09\\\/14\\\/ar-kristdemokraterna-kristen-hoger\\\/#primaryimage\"},\"image\":{\"@id\":\"https:\\\/\\\/wp.kristdemokraterna.se\\\/varnamo\\\/2002\\\/09\\\/14\\\/ar-kristdemokraterna-kristen-hoger\\\/#primaryimage\"},\"thumbnailUrl\":\"https:\\\/\\\/wp.kristdemokraterna.se\\\/varnamo\\\/files\\\/2022\\\/08\\\/kd-logo-blue.png\",\"datePublished\":\"2002-09-14T19:38:00+00:00\",\"dateModified\":\"2017-09-18T15:39:52+00:00\",\"breadcrumb\":{\"@id\":\"https:\\\/\\\/wp.kristdemokraterna.se\\\/varnamo\\\/2002\\\/09\\\/14\\\/ar-kristdemokraterna-kristen-hoger\\\/#breadcrumb\"},\"inLanguage\":\"sv-SE\",\"potentialAction\":[{\"@type\":\"ReadAction\",\"target\":[\"https:\\\/\\\/wp.kristdemokraterna.se\\\/varnamo\\\/2002\\\/09\\\/14\\\/ar-kristdemokraterna-kristen-hoger\\\/\"]}]},{\"@type\":\"ImageObject\",\"inLanguage\":\"sv-SE\",\"@id\":\"https:\\\/\\\/wp.kristdemokraterna.se\\\/varnamo\\\/2002\\\/09\\\/14\\\/ar-kristdemokraterna-kristen-hoger\\\/#primaryimage\",\"url\":\"https:\\\/\\\/wp.kristdemokraterna.se\\\/varnamo\\\/files\\\/2022\\\/08\\\/kd-logo-blue.png\",\"contentUrl\":\"https:\\\/\\\/wp.kristdemokraterna.se\\\/varnamo\\\/files\\\/2022\\\/08\\\/kd-logo-blue.png\",\"width\":2000,\"height\":2000,\"caption\":\"Kristdemokraternas logotyp\"},{\"@type\":\"BreadcrumbList\",\"@id\":\"https:\\\/\\\/wp.kristdemokraterna.se\\\/varnamo\\\/2002\\\/09\\\/14\\\/ar-kristdemokraterna-kristen-hoger\\\/#breadcrumb\",\"itemListElement\":[{\"@type\":\"ListItem\",\"position\":1,\"name\":\"Hem\",\"item\":\"https:\\\/\\\/wp.kristdemokraterna.se\\\/varnamo\\\/\"},{\"@type\":\"ListItem\",\"position\":2,\"name\":\"\u00c4r kristdemokraterna kristen h\u00f6ger?\"}]},{\"@type\":\"WebSite\",\"@id\":\"https:\\\/\\\/wp.kristdemokraterna.se\\\/varnamo\\\/#website\",\"url\":\"https:\\\/\\\/wp.kristdemokraterna.se\\\/varnamo\\\/\",\"name\":\"KRISTDEMOKRATERNA V\u00c4RNAMO\",\"description\":\"Med hj\u00e4rta f\u00f6r V\u00e4rnamo\",\"publisher\":{\"@id\":\"https:\\\/\\\/wp.kristdemokraterna.se\\\/varnamo\\\/#organization\"},\"inLanguage\":\"sv-SE\"},{\"@type\":\"Organization\",\"@id\":\"https:\\\/\\\/wp.kristdemokraterna.se\\\/varnamo\\\/#organization\",\"name\":\"Kristdemokraterna V\u00e4rnamo\",\"url\":\"https:\\\/\\\/wp.kristdemokraterna.se\\\/varnamo\\\/\",\"logo\":{\"@type\":\"ImageObject\",\"inLanguage\":\"sv-SE\",\"@id\":\"https:\\\/\\\/wp.kristdemokraterna.se\\\/varnamo\\\/#\\\/schema\\\/logo\\\/image\\\/\",\"url\":\"https:\\\/\\\/wp.kristdemokraterna.se\\\/varnamo\\\/files\\\/2022\\\/08\\\/va\u2560ernamo-sida-bla-300dpi.png\",\"contentUrl\":\"https:\\\/\\\/wp.kristdemokraterna.se\\\/varnamo\\\/files\\\/2022\\\/08\\\/va\u2560ernamo-sida-bla-300dpi.png\",\"width\":1485,\"height\":681,\"caption\":\"Kristdemokraterna V\u00e4rnamo\"},\"image\":{\"@id\":\"https:\\\/\\\/wp.kristdemokraterna.se\\\/varnamo\\\/#\\\/schema\\\/logo\\\/image\\\/\"},\"sameAs\":[\"https:\\\/\\\/www.facebook.com\\\/KDVarnamo\\\/\",\"https:\\\/\\\/x.com\\\/KDVarnamo\",\"https:\\\/\\\/www.instagram.com\\\/\",\"https:\\\/\\\/www.youtube.com\\\/user\\\/studiokd\\\/videos\"]},{\"@type\":\"Person\",\"@id\":\"https:\\\/\\\/wp.kristdemokraterna.se\\\/varnamo\\\/#\\\/schema\\\/person\\\/4e339ab04d613699e4dfe80a994e01d4\",\"name\":\"Kristdemokraterna V\u00e4rnamo\",\"image\":{\"@type\":\"ImageObject\",\"inLanguage\":\"sv-SE\",\"@id\":\"https:\\\/\\\/secure.gravatar.com\\\/avatar\\\/c122e48c7723992af51eb155eeaa93db3c1fa324e3fc6ec45dd712c812809b5b?s=96&r=g\",\"url\":\"https:\\\/\\\/secure.gravatar.com\\\/avatar\\\/c122e48c7723992af51eb155eeaa93db3c1fa324e3fc6ec45dd712c812809b5b?s=96&r=g\",\"contentUrl\":\"https:\\\/\\\/secure.gravatar.com\\\/avatar\\\/c122e48c7723992af51eb155eeaa93db3c1fa324e3fc6ec45dd712c812809b5b?s=96&r=g\",\"caption\":\"Kristdemokraterna V\u00e4rnamo\"},\"description\":\"Familjens r\u00f6st\",\"sameAs\":[\"http:\\\/\\\/www.varnamo.kristdemokraterna.se\"],\"url\":\"https:\\\/\\\/wp.kristdemokraterna.se\\\/varnamo\\\/author\\\/varnamo\\\/\"}]}<\/script>\n<!-- \/ Yoast SEO plugin. -->","yoast_head_json":{"title":"\u00c4r kristdemokraterna kristen h\u00f6ger? - KRISTDEMOKRATERNA V\u00c4RNAMO","robots":{"index":"index","follow":"follow","max-snippet":"max-snippet:-1","max-image-preview":"max-image-preview:large","max-video-preview":"max-video-preview:-1"},"canonical":"https:\/\/wp.kristdemokraterna.se\/varnamo\/2002\/09\/14\/ar-kristdemokraterna-kristen-hoger\/","og_locale":"sv_SE","og_type":"article","og_title":"\u00c4r kristdemokraterna kristen h\u00f6ger? - KRISTDEMOKRATERNA V\u00c4RNAMO","og_description":"Olle Burells ins\u00e4ndare andas oro inf\u00f6r \u00e5rets riksdagsval. P\u00e5 annat s\u00e4tt kan jag inte tolka hans p\u00e5hopp p\u00e5 kristdemokraterna\u00a0i S\u00e4ndaren 5\/9-02. I svepande ordalag j\u00e4mf\u00f6r han kristdemokraterna med den kristna h\u00f6gern i USA.","og_url":"https:\/\/wp.kristdemokraterna.se\/varnamo\/2002\/09\/14\/ar-kristdemokraterna-kristen-hoger\/","og_site_name":"KRISTDEMOKRATERNA V\u00c4RNAMO","article_publisher":"https:\/\/www.facebook.com\/KDVarnamo\/","article_published_time":"2002-09-14T19:38:00+00:00","article_modified_time":"2017-09-18T15:39:52+00:00","og_image":[{"url":"http:\/\/wp.kristdemokraterna.se\/varnamo\/files\/2010\/08\/st.gif","type":"","width":"","height":""}],"author":"Kristdemokraterna V\u00e4rnamo","twitter_card":"summary_large_image","twitter_creator":"@KDVarnamo","twitter_site":"@KDVarnamo","twitter_misc":{"Skriven av":"Kristdemokraterna V\u00e4rnamo","Ber\u00e4knad l\u00e4stid":"1 minut"},"schema":{"@context":"https:\/\/schema.org","@graph":[{"@type":"Article","@id":"https:\/\/wp.kristdemokraterna.se\/varnamo\/2002\/09\/14\/ar-kristdemokraterna-kristen-hoger\/#article","isPartOf":{"@id":"https:\/\/wp.kristdemokraterna.se\/varnamo\/2002\/09\/14\/ar-kristdemokraterna-kristen-hoger\/"},"author":{"name":"Kristdemokraterna V\u00e4rnamo","@id":"https:\/\/wp.kristdemokraterna.se\/varnamo\/#\/schema\/person\/4e339ab04d613699e4dfe80a994e01d4"},"headline":"\u00c4r kristdemokraterna kristen h\u00f6ger?","datePublished":"2002-09-14T19:38:00+00:00","dateModified":"2017-09-18T15:39:52+00:00","mainEntityOfPage":{"@id":"https:\/\/wp.kristdemokraterna.se\/varnamo\/2002\/09\/14\/ar-kristdemokraterna-kristen-hoger\/"},"wordCount":263,"publisher":{"@id":"https:\/\/wp.kristdemokraterna.se\/varnamo\/#organization"},"image":{"@id":"https:\/\/wp.kristdemokraterna.se\/varnamo\/2002\/09\/14\/ar-kristdemokraterna-kristen-hoger\/#primaryimage"},"thumbnailUrl":"https:\/\/wp.kristdemokraterna.se\/varnamo\/files\/2022\/08\/kd-logo-blue.png","keywords":["ins\u00e4ndare","Stefan Thors\u00e9n","valr\u00f6relse"],"articleSection":["Debatt"],"inLanguage":"sv-SE"},{"@type":"WebPage","@id":"https:\/\/wp.kristdemokraterna.se\/varnamo\/2002\/09\/14\/ar-kristdemokraterna-kristen-hoger\/","url":"https:\/\/wp.kristdemokraterna.se\/varnamo\/2002\/09\/14\/ar-kristdemokraterna-kristen-hoger\/","name":"\u00c4r kristdemokraterna kristen h\u00f6ger? - KRISTDEMOKRATERNA V\u00c4RNAMO","isPartOf":{"@id":"https:\/\/wp.kristdemokraterna.se\/varnamo\/#website"},"primaryImageOfPage":{"@id":"https:\/\/wp.kristdemokraterna.se\/varnamo\/2002\/09\/14\/ar-kristdemokraterna-kristen-hoger\/#primaryimage"},"image":{"@id":"https:\/\/wp.kristdemokraterna.se\/varnamo\/2002\/09\/14\/ar-kristdemokraterna-kristen-hoger\/#primaryimage"},"thumbnailUrl":"https:\/\/wp.kristdemokraterna.se\/varnamo\/files\/2022\/08\/kd-logo-blue.png","datePublished":"2002-09-14T19:38:00+00:00","dateModified":"2017-09-18T15:39:52+00:00","breadcrumb":{"@id":"https:\/\/wp.kristdemokraterna.se\/varnamo\/2002\/09\/14\/ar-kristdemokraterna-kristen-hoger\/#breadcrumb"},"inLanguage":"sv-SE","potentialAction":[{"@type":"ReadAction","target":["https:\/\/wp.kristdemokraterna.se\/varnamo\/2002\/09\/14\/ar-kristdemokraterna-kristen-hoger\/"]}]},{"@type":"ImageObject","inLanguage":"sv-SE","@id":"https:\/\/wp.kristdemokraterna.se\/varnamo\/2002\/09\/14\/ar-kristdemokraterna-kristen-hoger\/#primaryimage","url":"https:\/\/wp.kristdemokraterna.se\/varnamo\/files\/2022\/08\/kd-logo-blue.png","contentUrl":"https:\/\/wp.kristdemokraterna.se\/varnamo\/files\/2022\/08\/kd-logo-blue.png","width":2000,"height":2000,"caption":"Kristdemokraternas logotyp"},{"@type":"BreadcrumbList","@id":"https:\/\/wp.kristdemokraterna.se\/varnamo\/2002\/09\/14\/ar-kristdemokraterna-kristen-hoger\/#breadcrumb","itemListElement":[{"@type":"ListItem","position":1,"name":"Hem","item":"https:\/\/wp.kristdemokraterna.se\/varnamo\/"},{"@type":"ListItem","position":2,"name":"\u00c4r kristdemokraterna kristen h\u00f6ger?"}]},{"@type":"WebSite","@id":"https:\/\/wp.kristdemokraterna.se\/varnamo\/#website","url":"https:\/\/wp.kristdemokraterna.se\/varnamo\/","name":"KRISTDEMOKRATERNA V\u00c4RNAMO","description":"Med hj\u00e4rta f\u00f6r V\u00e4rnamo","publisher":{"@id":"https:\/\/wp.kristdemokraterna.se\/varnamo\/#organization"},"inLanguage":"sv-SE"},{"@type":"Organization","@id":"https:\/\/wp.kristdemokraterna.se\/varnamo\/#organization","name":"Kristdemokraterna V\u00e4rnamo","url":"https:\/\/wp.kristdemokraterna.se\/varnamo\/","logo":{"@type":"ImageObject","inLanguage":"sv-SE","@id":"https:\/\/wp.kristdemokraterna.se\/varnamo\/#\/schema\/logo\/image\/","url":"https:\/\/wp.kristdemokraterna.se\/varnamo\/files\/2022\/08\/va\u2560ernamo-sida-bla-300dpi.png","contentUrl":"https:\/\/wp.kristdemokraterna.se\/varnamo\/files\/2022\/08\/va\u2560ernamo-sida-bla-300dpi.png","width":1485,"height":681,"caption":"Kristdemokraterna V\u00e4rnamo"},"image":{"@id":"https:\/\/wp.kristdemokraterna.se\/varnamo\/#\/schema\/logo\/image\/"},"sameAs":["https:\/\/www.facebook.com\/KDVarnamo\/","https:\/\/x.com\/KDVarnamo","https:\/\/www.instagram.com\/","https:\/\/www.youtube.com\/user\/studiokd\/videos"]},{"@type":"Person","@id":"https:\/\/wp.kristdemokraterna.se\/varnamo\/#\/schema\/person\/4e339ab04d613699e4dfe80a994e01d4","name":"Kristdemokraterna V\u00e4rnamo","image":{"@type":"ImageObject","inLanguage":"sv-SE","@id":"https:\/\/secure.gravatar.com\/avatar\/c122e48c7723992af51eb155eeaa93db3c1fa324e3fc6ec45dd712c812809b5b?s=96&r=g","url":"https:\/\/secure.gravatar.com\/avatar\/c122e48c7723992af51eb155eeaa93db3c1fa324e3fc6ec45dd712c812809b5b?s=96&r=g","contentUrl":"https:\/\/secure.gravatar.com\/avatar\/c122e48c7723992af51eb155eeaa93db3c1fa324e3fc6ec45dd712c812809b5b?s=96&r=g","caption":"Kristdemokraterna V\u00e4rnamo"},"description":"Familjens r\u00f6st","sameAs":["http:\/\/www.varnamo.kristdemokraterna.se"],"url":"https:\/\/wp.kristdemokraterna.se\/varnamo\/author\/varnamo\/"}]}},"_links":{"self":[{"href":"https:\/\/wp.kristdemokraterna.se\/varnamo\/wp-json\/wp\/v2\/posts\/2024","targetHints":{"allow":["GET"]}}],"collection":[{"href":"https:\/\/wp.kristdemokraterna.se\/varnamo\/wp-json\/wp\/v2\/posts"}],"about":[{"href":"https:\/\/wp.kristdemokraterna.se\/varnamo\/wp-json\/wp\/v2\/types\/post"}],"author":[{"embeddable":true,"href":"https:\/\/wp.kristdemokraterna.se\/varnamo\/wp-json\/wp\/v2\/users\/412"}],"replies":[{"embeddable":true,"href":"https:\/\/wp.kristdemokraterna.se\/varnamo\/wp-json\/wp\/v2\/comments?post=2024"}],"version-history":[{"count":5,"href":"https:\/\/wp.kristdemokraterna.se\/varnamo\/wp-json\/wp\/v2\/posts\/2024\/revisions"}],"predecessor-version":[{"id":7604,"href":"https:\/\/wp.kristdemokraterna.se\/varnamo\/wp-json\/wp\/v2\/posts\/2024\/revisions\/7604"}],"wp:featuredmedia":[{"embeddable":true,"href":"https:\/\/wp.kristdemokraterna.se\/varnamo\/wp-json\/wp\/v2\/media\/9638"}],"wp:attachment":[{"href":"https:\/\/wp.kristdemokraterna.se\/varnamo\/wp-json\/wp\/v2\/media?parent=2024"}],"wp:term":[{"taxonomy":"category","embeddable":true,"href":"https:\/\/wp.kristdemokraterna.se\/varnamo\/wp-json\/wp\/v2\/categories?post=2024"},{"taxonomy":"post_tag","embeddable":true,"href":"https:\/\/wp.kristdemokraterna.se\/varnamo\/wp-json\/wp\/v2\/tags?post=2024"}],"curies":[{"name":"wp","href":"https:\/\/api.w.org\/{rel}","templated":true}]}}