{"id":2025,"date":"2003-02-15T21:38:00","date_gmt":"2003-02-15T20:38:00","guid":{"rendered":"http:\/\/localhost:4901\/?p=2025"},"modified":"2015-07-12T19:39:38","modified_gmt":"2015-07-12T17:39:38","slug":"maktfullkomlig-regering-valjer-bort-demokratin","status":"publish","type":"post","link":"https:\/\/wp.kristdemokraterna.se\/varnamo\/2003\/02\/15\/maktfullkomlig-regering-valjer-bort-demokratin\/","title":{"rendered":"Maktfullkomlig regering v\u00e4ljer bort demokratin"},"content":{"rendered":"<div style=\"width: 170px\" class=\"wp-caption alignnone\"><a href=\"http:\/\/wp.kristdemokraterna.se\/varnamo\/files\/2010\/08\/maria_larsson.jpg\"><img loading=\"lazy\" decoding=\"async\" title=\"maria_larsson\" src=\"http:\/\/wp.kristdemokraterna.se\/varnamo\/files\/2010\/08\/maria_larsson.jpg\" alt=\"Maria Larsson, kristdemokratisk riksdagsledamot fr\u00e5n Gnosj\u00f6\" width=\"160\" height=\"239\" \/><\/a><p class=\"wp-caption-text\">Maria Larsson, kristdemokratisk riksdagsledamot fr\u00e5n Gnosj\u00f6<\/p><\/div>\n<p>N\u00e4r statsr\u00e5det Gunnar Lund s\u00e4ger att riksdagen\u00a0b\u00f6r ge regeringen mandat att p\u00e5 egen hand \u00e4ndra skatter, s\u00e5\u00a0vill han inskr\u00e4nka en urgammal r\u00e4tt att folket sj\u00e4lva genom riksdagen beslutar om skatter. Det \u00e4r ytterligare ett exempel p\u00e5\u00a0den maktfullkomlighet som pr\u00e4glar socialdemokratiska statsr\u00e5d.\u00a0Det bland annat sade Maria Larsson, kristdemokratisk riksdagsledamot, n\u00e4r hon talade\u00a0i V\u00e4rnamo p\u00e5 lokalavdelningens <a title=\"Kristdemokraterna \u2013 n\u00e4st st\u00f6rsta borgerliga parti\" href=\"http:\/\/wp.kristdemokraterna.se\/varnamo\/2003\/02\/15\/kristdemokraterna-nast-storsta-borgerliga-parti\/\">\u00e5rsm\u00f6te<\/a>.<\/p>\n<p><!--more-->Efter\u00a0valet har vi h\u00f6rt ber\u00e4ttelser om socialdemokraternas valfusk p\u00e5\u00a0flera st\u00e4llen i landet. Den statsstyrda televisionen har dock inte uppm\u00e4rksammat\u00a0det s\u00e4rskilt mycket. Socialdemokraterna bygger pakten med fackf\u00f6reningsr\u00f6relsen\u00a0allt h\u00e5rdare. Varje \u00e5r betalar LO 18 miljoner kronor till Socialdemokraterna.\u00a0LO i Danmark g\u00e5r motsatt v\u00e4g och frig\u00f6r sig f\u00f6r att kunna\u00a0tillvarata alla medlemmars intressen, fortsatte Maria Larsson<\/p>\n<p>Sverige befinner sig i ett l\u00e4ge d\u00e4r socialdemokraterna i stort\u00a0sett haft monopol p\u00e5 makten sedan 1932. Det \u00e4r en l\u00e5ng tid\u00a0av n\u00e4tverksbygge ut i hela samh\u00e4llet. Politisk korruption f\u00f6rflackar\u00a0en demokrati. Det \u00e4r allvarligt att Sverige h\u00e5ller p\u00e5 att\u00a0bli en enpartistat. Gunnar Lund \u00e4r en bland flera ministrar som dignar\u00a0under sin egen p\u00f6sighet av att veta b\u00e4st.<\/p>\n<p>F\u00f6r att \u00e5teruppr\u00e4tta demokratin beh\u00f6vs regeringsskifte,\u00a0d\u00e4r maktfullkomlighet skjuts \u00e5t sidan f\u00f6r att levandeg\u00f6ra\u00a0en demokrati d\u00e4r m\u00e5nga r\u00f6ster f\u00e5r komma till tals.<\/p>\n","protected":false},"excerpt":{"rendered":"<p>N\u00e4r statsr\u00e5det Gunnar Lund s\u00e4ger att riksdagen\u00a0b\u00f6r ge regeringen mandat att p\u00e5 egen hand \u00e4ndra skatter, s\u00e5\u00a0vill han inskr\u00e4nka en urgammal r\u00e4tt att folket sj\u00e4lva genom riksdagen beslutar om skatter. Det \u00e4r ytterligare ett exempel p\u00e5\u00a0den maktfullkomlighet som pr\u00e4glar socialdemokratiska statsr\u00e5d.\u00a0Det bland annat sade Maria Larsson, kristdemokratisk riksdagsledamot, n\u00e4r hon talade\u00a0i V\u00e4rnamo p\u00e5 lokalavdelningens \u00e5rsm\u00f6te.<\/p>\n","protected":false},"author":412,"featured_media":9638,"comment_status":"closed","ping_status":"closed","sticky":false,"template":"","format":"standard","meta":{"_acf_changed":false,"footnotes":""},"categories":[11],"tags":[172,68,63,46,346],"class_list":["post-2025","post","type-post","status-publish","format-standard","hentry","category-nyheter","tag-demokrati","tag-maria-larsson","tag-riksdagen","tag-riksdagsledamot","tag-skatter"],"acf":[],"yoast_head":"<!-- This site is optimized with the Yoast SEO plugin v27.4 - https:\/\/yoast.com\/product\/yoast-seo-wordpress\/ -->\n<title>Maktfullkomlig regering v\u00e4ljer bort demokratin - KRISTDEMOKRATERNA V\u00c4RNAMO<\/title>\n<meta name=\"robots\" content=\"index, follow, max-snippet:-1, max-image-preview:large, max-video-preview:-1\" \/>\n<link rel=\"canonical\" href=\"https:\/\/wp.kristdemokraterna.se\/varnamo\/2003\/02\/15\/maktfullkomlig-regering-valjer-bort-demokratin\/\" \/>\n<meta property=\"og:locale\" content=\"sv_SE\" \/>\n<meta property=\"og:type\" content=\"article\" \/>\n<meta property=\"og:title\" content=\"Maktfullkomlig regering v\u00e4ljer bort demokratin - KRISTDEMOKRATERNA V\u00c4RNAMO\" \/>\n<meta property=\"og:description\" content=\"N\u00e4r statsr\u00e5det Gunnar Lund s\u00e4ger att riksdagen\u00a0b\u00f6r ge regeringen mandat att p\u00e5 egen hand \u00e4ndra skatter, s\u00e5\u00a0vill han inskr\u00e4nka en urgammal r\u00e4tt att folket sj\u00e4lva genom riksdagen beslutar om skatter. Det \u00e4r ytterligare ett exempel p\u00e5\u00a0den maktfullkomlighet som pr\u00e4glar socialdemokratiska statsr\u00e5d.\u00a0Det bland annat sade Maria Larsson, kristdemokratisk riksdagsledamot, n\u00e4r hon talade\u00a0i V\u00e4rnamo p\u00e5 lokalavdelningens \u00e5rsm\u00f6te.\" \/>\n<meta property=\"og:url\" content=\"https:\/\/wp.kristdemokraterna.se\/varnamo\/2003\/02\/15\/maktfullkomlig-regering-valjer-bort-demokratin\/\" \/>\n<meta property=\"og:site_name\" content=\"KRISTDEMOKRATERNA V\u00c4RNAMO\" \/>\n<meta property=\"article:publisher\" content=\"https:\/\/www.facebook.com\/KDVarnamo\/\" \/>\n<meta property=\"article:published_time\" content=\"2003-02-15T20:38:00+00:00\" \/>\n<meta property=\"article:modified_time\" content=\"2015-07-12T17:39:38+00:00\" \/>\n<meta property=\"og:image\" content=\"http:\/\/wp.kristdemokraterna.se\/varnamo\/files\/2010\/08\/maria_larsson.jpg\" \/>\n<meta name=\"author\" content=\"Kristdemokraterna V\u00e4rnamo\" \/>\n<meta name=\"twitter:card\" content=\"summary_large_image\" \/>\n<meta name=\"twitter:creator\" content=\"@KDVarnamo\" \/>\n<meta name=\"twitter:site\" content=\"@KDVarnamo\" \/>\n<meta name=\"twitter:label1\" content=\"Skriven av\" \/>\n\t<meta name=\"twitter:data1\" content=\"Kristdemokraterna V\u00e4rnamo\" \/>\n\t<meta name=\"twitter:label2\" content=\"Ber\u00e4knad l\u00e4stid\" \/>\n\t<meta name=\"twitter:data2\" content=\"1 minut\" \/>\n<script type=\"application\/ld+json\" class=\"yoast-schema-graph\">{\"@context\":\"https:\\\/\\\/schema.org\",\"@graph\":[{\"@type\":\"Article\",\"@id\":\"https:\\\/\\\/wp.kristdemokraterna.se\\\/varnamo\\\/2003\\\/02\\\/15\\\/maktfullkomlig-regering-valjer-bort-demokratin\\\/#article\",\"isPartOf\":{\"@id\":\"https:\\\/\\\/wp.kristdemokraterna.se\\\/varnamo\\\/2003\\\/02\\\/15\\\/maktfullkomlig-regering-valjer-bort-demokratin\\\/\"},\"author\":{\"name\":\"Kristdemokraterna V\u00e4rnamo\",\"@id\":\"https:\\\/\\\/wp.kristdemokraterna.se\\\/varnamo\\\/#\\\/schema\\\/person\\\/4e339ab04d613699e4dfe80a994e01d4\"},\"headline\":\"Maktfullkomlig regering v\u00e4ljer bort demokratin\",\"datePublished\":\"2003-02-15T20:38:00+00:00\",\"dateModified\":\"2015-07-12T17:39:38+00:00\",\"mainEntityOfPage\":{\"@id\":\"https:\\\/\\\/wp.kristdemokraterna.se\\\/varnamo\\\/2003\\\/02\\\/15\\\/maktfullkomlig-regering-valjer-bort-demokratin\\\/\"},\"wordCount\":263,\"publisher\":{\"@id\":\"https:\\\/\\\/wp.kristdemokraterna.se\\\/varnamo\\\/#organization\"},\"image\":{\"@id\":\"https:\\\/\\\/wp.kristdemokraterna.se\\\/varnamo\\\/2003\\\/02\\\/15\\\/maktfullkomlig-regering-valjer-bort-demokratin\\\/#primaryimage\"},\"thumbnailUrl\":\"https:\\\/\\\/wp.kristdemokraterna.se\\\/varnamo\\\/files\\\/2022\\\/08\\\/kd-logo-blue.png\",\"keywords\":[\"demokrati\",\"Maria Larsson\",\"riksdagen\",\"riksdagsledamot\",\"skatter\"],\"articleSection\":[\"Nyheter\"],\"inLanguage\":\"sv-SE\"},{\"@type\":\"WebPage\",\"@id\":\"https:\\\/\\\/wp.kristdemokraterna.se\\\/varnamo\\\/2003\\\/02\\\/15\\\/maktfullkomlig-regering-valjer-bort-demokratin\\\/\",\"url\":\"https:\\\/\\\/wp.kristdemokraterna.se\\\/varnamo\\\/2003\\\/02\\\/15\\\/maktfullkomlig-regering-valjer-bort-demokratin\\\/\",\"name\":\"Maktfullkomlig regering v\u00e4ljer bort demokratin - KRISTDEMOKRATERNA V\u00c4RNAMO\",\"isPartOf\":{\"@id\":\"https:\\\/\\\/wp.kristdemokraterna.se\\\/varnamo\\\/#website\"},\"primaryImageOfPage\":{\"@id\":\"https:\\\/\\\/wp.kristdemokraterna.se\\\/varnamo\\\/2003\\\/02\\\/15\\\/maktfullkomlig-regering-valjer-bort-demokratin\\\/#primaryimage\"},\"image\":{\"@id\":\"https:\\\/\\\/wp.kristdemokraterna.se\\\/varnamo\\\/2003\\\/02\\\/15\\\/maktfullkomlig-regering-valjer-bort-demokratin\\\/#primaryimage\"},\"thumbnailUrl\":\"https:\\\/\\\/wp.kristdemokraterna.se\\\/varnamo\\\/files\\\/2022\\\/08\\\/kd-logo-blue.png\",\"datePublished\":\"2003-02-15T20:38:00+00:00\",\"dateModified\":\"2015-07-12T17:39:38+00:00\",\"breadcrumb\":{\"@id\":\"https:\\\/\\\/wp.kristdemokraterna.se\\\/varnamo\\\/2003\\\/02\\\/15\\\/maktfullkomlig-regering-valjer-bort-demokratin\\\/#breadcrumb\"},\"inLanguage\":\"sv-SE\",\"potentialAction\":[{\"@type\":\"ReadAction\",\"target\":[\"https:\\\/\\\/wp.kristdemokraterna.se\\\/varnamo\\\/2003\\\/02\\\/15\\\/maktfullkomlig-regering-valjer-bort-demokratin\\\/\"]}]},{\"@type\":\"ImageObject\",\"inLanguage\":\"sv-SE\",\"@id\":\"https:\\\/\\\/wp.kristdemokraterna.se\\\/varnamo\\\/2003\\\/02\\\/15\\\/maktfullkomlig-regering-valjer-bort-demokratin\\\/#primaryimage\",\"url\":\"https:\\\/\\\/wp.kristdemokraterna.se\\\/varnamo\\\/files\\\/2022\\\/08\\\/kd-logo-blue.png\",\"contentUrl\":\"https:\\\/\\\/wp.kristdemokraterna.se\\\/varnamo\\\/files\\\/2022\\\/08\\\/kd-logo-blue.png\",\"width\":2000,\"height\":2000,\"caption\":\"Kristdemokraternas logotyp\"},{\"@type\":\"BreadcrumbList\",\"@id\":\"https:\\\/\\\/wp.kristdemokraterna.se\\\/varnamo\\\/2003\\\/02\\\/15\\\/maktfullkomlig-regering-valjer-bort-demokratin\\\/#breadcrumb\",\"itemListElement\":[{\"@type\":\"ListItem\",\"position\":1,\"name\":\"Hem\",\"item\":\"https:\\\/\\\/wp.kristdemokraterna.se\\\/varnamo\\\/\"},{\"@type\":\"ListItem\",\"position\":2,\"name\":\"Maktfullkomlig regering v\u00e4ljer bort demokratin\"}]},{\"@type\":\"WebSite\",\"@id\":\"https:\\\/\\\/wp.kristdemokraterna.se\\\/varnamo\\\/#website\",\"url\":\"https:\\\/\\\/wp.kristdemokraterna.se\\\/varnamo\\\/\",\"name\":\"KRISTDEMOKRATERNA V\u00c4RNAMO\",\"description\":\"Med hj\u00e4rta f\u00f6r V\u00e4rnamo\",\"publisher\":{\"@id\":\"https:\\\/\\\/wp.kristdemokraterna.se\\\/varnamo\\\/#organization\"},\"inLanguage\":\"sv-SE\"},{\"@type\":\"Organization\",\"@id\":\"https:\\\/\\\/wp.kristdemokraterna.se\\\/varnamo\\\/#organization\",\"name\":\"Kristdemokraterna V\u00e4rnamo\",\"url\":\"https:\\\/\\\/wp.kristdemokraterna.se\\\/varnamo\\\/\",\"logo\":{\"@type\":\"ImageObject\",\"inLanguage\":\"sv-SE\",\"@id\":\"https:\\\/\\\/wp.kristdemokraterna.se\\\/varnamo\\\/#\\\/schema\\\/logo\\\/image\\\/\",\"url\":\"https:\\\/\\\/wp.kristdemokraterna.se\\\/varnamo\\\/files\\\/2022\\\/08\\\/va\u2560ernamo-sida-bla-300dpi.png\",\"contentUrl\":\"https:\\\/\\\/wp.kristdemokraterna.se\\\/varnamo\\\/files\\\/2022\\\/08\\\/va\u2560ernamo-sida-bla-300dpi.png\",\"width\":1485,\"height\":681,\"caption\":\"Kristdemokraterna V\u00e4rnamo\"},\"image\":{\"@id\":\"https:\\\/\\\/wp.kristdemokraterna.se\\\/varnamo\\\/#\\\/schema\\\/logo\\\/image\\\/\"},\"sameAs\":[\"https:\\\/\\\/www.facebook.com\\\/KDVarnamo\\\/\",\"https:\\\/\\\/x.com\\\/KDVarnamo\",\"https:\\\/\\\/www.instagram.com\\\/\",\"https:\\\/\\\/www.youtube.com\\\/user\\\/studiokd\\\/videos\"]},{\"@type\":\"Person\",\"@id\":\"https:\\\/\\\/wp.kristdemokraterna.se\\\/varnamo\\\/#\\\/schema\\\/person\\\/4e339ab04d613699e4dfe80a994e01d4\",\"name\":\"Kristdemokraterna V\u00e4rnamo\",\"image\":{\"@type\":\"ImageObject\",\"inLanguage\":\"sv-SE\",\"@id\":\"https:\\\/\\\/secure.gravatar.com\\\/avatar\\\/c122e48c7723992af51eb155eeaa93db3c1fa324e3fc6ec45dd712c812809b5b?s=96&r=g\",\"url\":\"https:\\\/\\\/secure.gravatar.com\\\/avatar\\\/c122e48c7723992af51eb155eeaa93db3c1fa324e3fc6ec45dd712c812809b5b?s=96&r=g\",\"contentUrl\":\"https:\\\/\\\/secure.gravatar.com\\\/avatar\\\/c122e48c7723992af51eb155eeaa93db3c1fa324e3fc6ec45dd712c812809b5b?s=96&r=g\",\"caption\":\"Kristdemokraterna V\u00e4rnamo\"},\"description\":\"Familjens r\u00f6st\",\"sameAs\":[\"http:\\\/\\\/www.varnamo.kristdemokraterna.se\"],\"url\":\"https:\\\/\\\/wp.kristdemokraterna.se\\\/varnamo\\\/author\\\/varnamo\\\/\"}]}<\/script>\n<!-- \/ Yoast SEO plugin. -->","yoast_head_json":{"title":"Maktfullkomlig regering v\u00e4ljer bort demokratin - KRISTDEMOKRATERNA V\u00c4RNAMO","robots":{"index":"index","follow":"follow","max-snippet":"max-snippet:-1","max-image-preview":"max-image-preview:large","max-video-preview":"max-video-preview:-1"},"canonical":"https:\/\/wp.kristdemokraterna.se\/varnamo\/2003\/02\/15\/maktfullkomlig-regering-valjer-bort-demokratin\/","og_locale":"sv_SE","og_type":"article","og_title":"Maktfullkomlig regering v\u00e4ljer bort demokratin - KRISTDEMOKRATERNA V\u00c4RNAMO","og_description":"N\u00e4r statsr\u00e5det Gunnar Lund s\u00e4ger att riksdagen\u00a0b\u00f6r ge regeringen mandat att p\u00e5 egen hand \u00e4ndra skatter, s\u00e5\u00a0vill han inskr\u00e4nka en urgammal r\u00e4tt att folket sj\u00e4lva genom riksdagen beslutar om skatter. Det \u00e4r ytterligare ett exempel p\u00e5\u00a0den maktfullkomlighet som pr\u00e4glar socialdemokratiska statsr\u00e5d.\u00a0Det bland annat sade Maria Larsson, kristdemokratisk riksdagsledamot, n\u00e4r hon talade\u00a0i V\u00e4rnamo p\u00e5 lokalavdelningens \u00e5rsm\u00f6te.","og_url":"https:\/\/wp.kristdemokraterna.se\/varnamo\/2003\/02\/15\/maktfullkomlig-regering-valjer-bort-demokratin\/","og_site_name":"KRISTDEMOKRATERNA V\u00c4RNAMO","article_publisher":"https:\/\/www.facebook.com\/KDVarnamo\/","article_published_time":"2003-02-15T20:38:00+00:00","article_modified_time":"2015-07-12T17:39:38+00:00","og_image":[{"url":"http:\/\/wp.kristdemokraterna.se\/varnamo\/files\/2010\/08\/maria_larsson.jpg","type":"","width":"","height":""}],"author":"Kristdemokraterna V\u00e4rnamo","twitter_card":"summary_large_image","twitter_creator":"@KDVarnamo","twitter_site":"@KDVarnamo","twitter_misc":{"Skriven av":"Kristdemokraterna V\u00e4rnamo","Ber\u00e4knad l\u00e4stid":"1 minut"},"schema":{"@context":"https:\/\/schema.org","@graph":[{"@type":"Article","@id":"https:\/\/wp.kristdemokraterna.se\/varnamo\/2003\/02\/15\/maktfullkomlig-regering-valjer-bort-demokratin\/#article","isPartOf":{"@id":"https:\/\/wp.kristdemokraterna.se\/varnamo\/2003\/02\/15\/maktfullkomlig-regering-valjer-bort-demokratin\/"},"author":{"name":"Kristdemokraterna V\u00e4rnamo","@id":"https:\/\/wp.kristdemokraterna.se\/varnamo\/#\/schema\/person\/4e339ab04d613699e4dfe80a994e01d4"},"headline":"Maktfullkomlig regering v\u00e4ljer bort demokratin","datePublished":"2003-02-15T20:38:00+00:00","dateModified":"2015-07-12T17:39:38+00:00","mainEntityOfPage":{"@id":"https:\/\/wp.kristdemokraterna.se\/varnamo\/2003\/02\/15\/maktfullkomlig-regering-valjer-bort-demokratin\/"},"wordCount":263,"publisher":{"@id":"https:\/\/wp.kristdemokraterna.se\/varnamo\/#organization"},"image":{"@id":"https:\/\/wp.kristdemokraterna.se\/varnamo\/2003\/02\/15\/maktfullkomlig-regering-valjer-bort-demokratin\/#primaryimage"},"thumbnailUrl":"https:\/\/wp.kristdemokraterna.se\/varnamo\/files\/2022\/08\/kd-logo-blue.png","keywords":["demokrati","Maria Larsson","riksdagen","riksdagsledamot","skatter"],"articleSection":["Nyheter"],"inLanguage":"sv-SE"},{"@type":"WebPage","@id":"https:\/\/wp.kristdemokraterna.se\/varnamo\/2003\/02\/15\/maktfullkomlig-regering-valjer-bort-demokratin\/","url":"https:\/\/wp.kristdemokraterna.se\/varnamo\/2003\/02\/15\/maktfullkomlig-regering-valjer-bort-demokratin\/","name":"Maktfullkomlig regering v\u00e4ljer bort demokratin - KRISTDEMOKRATERNA V\u00c4RNAMO","isPartOf":{"@id":"https:\/\/wp.kristdemokraterna.se\/varnamo\/#website"},"primaryImageOfPage":{"@id":"https:\/\/wp.kristdemokraterna.se\/varnamo\/2003\/02\/15\/maktfullkomlig-regering-valjer-bort-demokratin\/#primaryimage"},"image":{"@id":"https:\/\/wp.kristdemokraterna.se\/varnamo\/2003\/02\/15\/maktfullkomlig-regering-valjer-bort-demokratin\/#primaryimage"},"thumbnailUrl":"https:\/\/wp.kristdemokraterna.se\/varnamo\/files\/2022\/08\/kd-logo-blue.png","datePublished":"2003-02-15T20:38:00+00:00","dateModified":"2015-07-12T17:39:38+00:00","breadcrumb":{"@id":"https:\/\/wp.kristdemokraterna.se\/varnamo\/2003\/02\/15\/maktfullkomlig-regering-valjer-bort-demokratin\/#breadcrumb"},"inLanguage":"sv-SE","potentialAction":[{"@type":"ReadAction","target":["https:\/\/wp.kristdemokraterna.se\/varnamo\/2003\/02\/15\/maktfullkomlig-regering-valjer-bort-demokratin\/"]}]},{"@type":"ImageObject","inLanguage":"sv-SE","@id":"https:\/\/wp.kristdemokraterna.se\/varnamo\/2003\/02\/15\/maktfullkomlig-regering-valjer-bort-demokratin\/#primaryimage","url":"https:\/\/wp.kristdemokraterna.se\/varnamo\/files\/2022\/08\/kd-logo-blue.png","contentUrl":"https:\/\/wp.kristdemokraterna.se\/varnamo\/files\/2022\/08\/kd-logo-blue.png","width":2000,"height":2000,"caption":"Kristdemokraternas logotyp"},{"@type":"BreadcrumbList","@id":"https:\/\/wp.kristdemokraterna.se\/varnamo\/2003\/02\/15\/maktfullkomlig-regering-valjer-bort-demokratin\/#breadcrumb","itemListElement":[{"@type":"ListItem","position":1,"name":"Hem","item":"https:\/\/wp.kristdemokraterna.se\/varnamo\/"},{"@type":"ListItem","position":2,"name":"Maktfullkomlig regering v\u00e4ljer bort demokratin"}]},{"@type":"WebSite","@id":"https:\/\/wp.kristdemokraterna.se\/varnamo\/#website","url":"https:\/\/wp.kristdemokraterna.se\/varnamo\/","name":"KRISTDEMOKRATERNA V\u00c4RNAMO","description":"Med hj\u00e4rta f\u00f6r V\u00e4rnamo","publisher":{"@id":"https:\/\/wp.kristdemokraterna.se\/varnamo\/#organization"},"inLanguage":"sv-SE"},{"@type":"Organization","@id":"https:\/\/wp.kristdemokraterna.se\/varnamo\/#organization","name":"Kristdemokraterna V\u00e4rnamo","url":"https:\/\/wp.kristdemokraterna.se\/varnamo\/","logo":{"@type":"ImageObject","inLanguage":"sv-SE","@id":"https:\/\/wp.kristdemokraterna.se\/varnamo\/#\/schema\/logo\/image\/","url":"https:\/\/wp.kristdemokraterna.se\/varnamo\/files\/2022\/08\/va\u2560ernamo-sida-bla-300dpi.png","contentUrl":"https:\/\/wp.kristdemokraterna.se\/varnamo\/files\/2022\/08\/va\u2560ernamo-sida-bla-300dpi.png","width":1485,"height":681,"caption":"Kristdemokraterna V\u00e4rnamo"},"image":{"@id":"https:\/\/wp.kristdemokraterna.se\/varnamo\/#\/schema\/logo\/image\/"},"sameAs":["https:\/\/www.facebook.com\/KDVarnamo\/","https:\/\/x.com\/KDVarnamo","https:\/\/www.instagram.com\/","https:\/\/www.youtube.com\/user\/studiokd\/videos"]},{"@type":"Person","@id":"https:\/\/wp.kristdemokraterna.se\/varnamo\/#\/schema\/person\/4e339ab04d613699e4dfe80a994e01d4","name":"Kristdemokraterna V\u00e4rnamo","image":{"@type":"ImageObject","inLanguage":"sv-SE","@id":"https:\/\/secure.gravatar.com\/avatar\/c122e48c7723992af51eb155eeaa93db3c1fa324e3fc6ec45dd712c812809b5b?s=96&r=g","url":"https:\/\/secure.gravatar.com\/avatar\/c122e48c7723992af51eb155eeaa93db3c1fa324e3fc6ec45dd712c812809b5b?s=96&r=g","contentUrl":"https:\/\/secure.gravatar.com\/avatar\/c122e48c7723992af51eb155eeaa93db3c1fa324e3fc6ec45dd712c812809b5b?s=96&r=g","caption":"Kristdemokraterna V\u00e4rnamo"},"description":"Familjens r\u00f6st","sameAs":["http:\/\/www.varnamo.kristdemokraterna.se"],"url":"https:\/\/wp.kristdemokraterna.se\/varnamo\/author\/varnamo\/"}]}},"_links":{"self":[{"href":"https:\/\/wp.kristdemokraterna.se\/varnamo\/wp-json\/wp\/v2\/posts\/2025","targetHints":{"allow":["GET"]}}],"collection":[{"href":"https:\/\/wp.kristdemokraterna.se\/varnamo\/wp-json\/wp\/v2\/posts"}],"about":[{"href":"https:\/\/wp.kristdemokraterna.se\/varnamo\/wp-json\/wp\/v2\/types\/post"}],"author":[{"embeddable":true,"href":"https:\/\/wp.kristdemokraterna.se\/varnamo\/wp-json\/wp\/v2\/users\/412"}],"replies":[{"embeddable":true,"href":"https:\/\/wp.kristdemokraterna.se\/varnamo\/wp-json\/wp\/v2\/comments?post=2025"}],"version-history":[{"count":5,"href":"https:\/\/wp.kristdemokraterna.se\/varnamo\/wp-json\/wp\/v2\/posts\/2025\/revisions"}],"predecessor-version":[{"id":6821,"href":"https:\/\/wp.kristdemokraterna.se\/varnamo\/wp-json\/wp\/v2\/posts\/2025\/revisions\/6821"}],"wp:featuredmedia":[{"embeddable":true,"href":"https:\/\/wp.kristdemokraterna.se\/varnamo\/wp-json\/wp\/v2\/media\/9638"}],"wp:attachment":[{"href":"https:\/\/wp.kristdemokraterna.se\/varnamo\/wp-json\/wp\/v2\/media?parent=2025"}],"wp:term":[{"taxonomy":"category","embeddable":true,"href":"https:\/\/wp.kristdemokraterna.se\/varnamo\/wp-json\/wp\/v2\/categories?post=2025"},{"taxonomy":"post_tag","embeddable":true,"href":"https:\/\/wp.kristdemokraterna.se\/varnamo\/wp-json\/wp\/v2\/tags?post=2025"}],"curies":[{"name":"wp","href":"https:\/\/api.w.org\/{rel}","templated":true}]}}