{"id":2027,"date":"2003-09-10T21:38:00","date_gmt":"2003-09-10T19:38:00","guid":{"rendered":"http:\/\/localhost:4901\/?p=2027"},"modified":"2015-07-12T19:35:14","modified_gmt":"2015-07-12T17:35:14","slug":"vad-det-egentligen-handlar-om","status":"publish","type":"post","link":"https:\/\/wp.kristdemokraterna.se\/varnamo\/2003\/09\/10\/vad-det-egentligen-handlar-om\/","title":{"rendered":"Vad det egentligen handlar om"},"content":{"rendered":"<div style=\"width: 263px\" class=\"wp-caption alignnone\"><a href=\"http:\/\/wp.kristdemokraterna.se\/varnamo\/files\/2010\/08\/goran_hagglund.jpg\"><img loading=\"lazy\" decoding=\"async\" title=\"goran_hagglund1\" src=\"http:\/\/wp.kristdemokraterna.se\/varnamo\/files\/2010\/08\/goran_hagglund.jpg\" alt=\"G\u00f6ran H\u00e4gglund, Kristdemokraternas 2:e vice ordf\u00f6rande\" width=\"253\" height=\"250\" \/><\/a><p class=\"wp-caption-text\">G\u00f6ran H\u00e4gglund, Kristdemokraternas 2:e vice ordf\u00f6rande<\/p><\/div>\n<p>Folkomr\u00f6stningen p\u00e5 s\u00f6ndag handlar om Sveriges\u00a0inflytande och ansvar i det nya Europa, om de svenska f\u00f6retagen ska f\u00e5\u00a0rimliga m\u00f6jligheter att konkurrera med andra och till sist v\u00e5ra\u00a0m\u00f6jligheter att finansiera bland annat v\u00e5rden och omsorgen. Det\u00a0sade G\u00f6ran H\u00e4gglund, 2:e vice ordf\u00f6rande och ledare f\u00f6r<br \/>\nKristdemokraternas folkomr\u00f6stningskampanj, n\u00e4r han p\u00e5 onsdagen\u00a0bes\u00f6kte V\u00e4rnamo.<\/p>\n<p><!--more-->Fr\u00e5gan\u00a0om valutasamarbetet \u00e4r en angel\u00e4genhet f\u00f6r alla i v\u00e5rt\u00a0land. Ska de svenska f\u00f6retagen, som nej-sidan vill, f\u00e5r beh\u00e5lla\u00a0de konkurrensnackdelar som de har i f\u00f6rh\u00e5llande till m\u00e5nga\u00a0av konkurrenterna? Vad betyder detta i form av f\u00e4rre jobb? Hur kan man\u00a0f\u00f6rklara en politik som inneb\u00e4r mindre skatteint\u00e4kter och d\u00e4rmed\u00a0mindre pengar till att korta v\u00e5rdk\u00f6er, skapa en god personalt\u00e4thet\u00a0i v\u00e5rden, bygga upp en bra skola f\u00f6r v\u00e5ra barn, med mera?\u00a0Varf\u00f6r ska vi avst\u00e5 fr\u00e5n att maximera v\u00e5rt inflytande\u00a0\u00f6ver det som spelar en viktig roll f\u00f6r v\u00e5r framtid vare sig\u00a0vi deltar eller inte? fr\u00e5gade G\u00f6ran H\u00e4gglund vidare.<\/p>\n<p>Sveriges v\u00e4lst\u00e5nd och v\u00e4lf\u00e4rd \u00e4r byggd p\u00e5\u00a0rika naturresurser, uppfinningsrikedom och idogt arbete. Men ocks\u00e5 p\u00e5\u00a0\u00f6ppenhet, samarbete och handel. Det \u00e4r p\u00e5 den v\u00e4g som\u00a0v\u00e4lst\u00e5ndet och v\u00e4lf\u00e4rden kan utvecklas. Med ett Nej kommer\u00a0Sverige att f\u00f6r\u00e4ndras. Vi viker d\u00e5 av fr\u00e5n den v\u00e4g\u00a0av \u00f6ppenhet, samarbete och handel som varit den som gett v\u00e5rt land\u00a0den v\u00e4lf\u00e4rd och det v\u00e4lst\u00e5nd som vi har.<\/p>\n<p>Av dem som g\u00e5tt f\u00f6re, 350 miljoner m\u00e4nniskor i tolv l\u00e4nder,\u00a0\u00e4r hela 75 procent n\u00f6jda med euron. Varf\u00f6r inte ta intryck\u00a0av dem som g\u00e5tt f\u00f6re?<\/p>\n<p style=\"text-align: right\"><em>G\u00f6ran H\u00e4gglund<\/em><\/p>\n","protected":false},"excerpt":{"rendered":"<p>Folkomr\u00f6stningen p\u00e5 s\u00f6ndag handlar om Sveriges\u00a0inflytande och ansvar i det nya Europa, om de svenska f\u00f6retagen ska f\u00e5\u00a0rimliga m\u00f6jligheter att konkurrera med andra och till sist v\u00e5ra\u00a0m\u00f6jligheter att finansiera bland annat v\u00e5rden och omsorgen. Det\u00a0sade G\u00f6ran H\u00e4gglund, 2:e vice ordf\u00f6rande och ledare f\u00f6r Kristdemokraternas folkomr\u00f6stningskampanj, n\u00e4r han p\u00e5 onsdagen\u00a0bes\u00f6kte V\u00e4rnamo.<\/p>\n","protected":false},"author":412,"featured_media":9638,"comment_status":"closed","ping_status":"closed","sticky":false,"template":"","format":"standard","meta":{"_acf_changed":false,"footnotes":""},"categories":[11],"tags":[31,217,218,223,285,117,286,264,261,280,346,33,247,62,221,241],"class_list":["post-2027","post","type-post","status-publish","format-standard","hentry","category-nyheter","tag-barn-och-unga","tag-emu","tag-euro","tag-folkomrostning","tag-foretag","tag-goran-hagglund","tag-handel","tag-inflytande","tag-omsorg","tag-samarbete","tag-skatter","tag-skola","tag-valfard","tag-valrorelse","tag-valstand","tag-vard"],"acf":[],"yoast_head":"<!-- This site is optimized with the Yoast SEO plugin v27.4 - https:\/\/yoast.com\/product\/yoast-seo-wordpress\/ -->\n<title>Vad det egentligen handlar om - KRISTDEMOKRATERNA V\u00c4RNAMO<\/title>\n<meta name=\"robots\" content=\"index, follow, max-snippet:-1, max-image-preview:large, max-video-preview:-1\" \/>\n<link rel=\"canonical\" href=\"https:\/\/wp.kristdemokraterna.se\/varnamo\/2003\/09\/10\/vad-det-egentligen-handlar-om\/\" \/>\n<meta property=\"og:locale\" content=\"sv_SE\" \/>\n<meta property=\"og:type\" content=\"article\" \/>\n<meta property=\"og:title\" content=\"Vad det egentligen handlar om - KRISTDEMOKRATERNA V\u00c4RNAMO\" \/>\n<meta property=\"og:description\" content=\"Folkomr\u00f6stningen p\u00e5 s\u00f6ndag handlar om Sveriges\u00a0inflytande och ansvar i det nya Europa, om de svenska f\u00f6retagen ska f\u00e5\u00a0rimliga m\u00f6jligheter att konkurrera med andra och till sist v\u00e5ra\u00a0m\u00f6jligheter att finansiera bland annat v\u00e5rden och omsorgen. Det\u00a0sade G\u00f6ran H\u00e4gglund, 2:e vice ordf\u00f6rande och ledare f\u00f6r Kristdemokraternas folkomr\u00f6stningskampanj, n\u00e4r han p\u00e5 onsdagen\u00a0bes\u00f6kte V\u00e4rnamo.\" \/>\n<meta property=\"og:url\" content=\"https:\/\/wp.kristdemokraterna.se\/varnamo\/2003\/09\/10\/vad-det-egentligen-handlar-om\/\" \/>\n<meta property=\"og:site_name\" content=\"KRISTDEMOKRATERNA V\u00c4RNAMO\" \/>\n<meta property=\"article:publisher\" content=\"https:\/\/www.facebook.com\/KDVarnamo\/\" \/>\n<meta property=\"article:published_time\" content=\"2003-09-10T19:38:00+00:00\" \/>\n<meta property=\"article:modified_time\" content=\"2015-07-12T17:35:14+00:00\" \/>\n<meta property=\"og:image\" content=\"http:\/\/wp.kristdemokraterna.se\/varnamo\/files\/2010\/08\/goran_hagglund.jpg\" \/>\n<meta name=\"author\" content=\"Kristdemokraterna V\u00e4rnamo\" \/>\n<meta name=\"twitter:card\" content=\"summary_large_image\" \/>\n<meta name=\"twitter:creator\" content=\"@KDVarnamo\" \/>\n<meta name=\"twitter:site\" content=\"@KDVarnamo\" \/>\n<meta name=\"twitter:label1\" content=\"Skriven av\" \/>\n\t<meta name=\"twitter:data1\" content=\"Kristdemokraterna V\u00e4rnamo\" \/>\n\t<meta name=\"twitter:label2\" content=\"Ber\u00e4knad l\u00e4stid\" \/>\n\t<meta name=\"twitter:data2\" content=\"2 minuter\" \/>\n<script type=\"application\/ld+json\" class=\"yoast-schema-graph\">{\"@context\":\"https:\\\/\\\/schema.org\",\"@graph\":[{\"@type\":\"Article\",\"@id\":\"https:\\\/\\\/wp.kristdemokraterna.se\\\/varnamo\\\/2003\\\/09\\\/10\\\/vad-det-egentligen-handlar-om\\\/#article\",\"isPartOf\":{\"@id\":\"https:\\\/\\\/wp.kristdemokraterna.se\\\/varnamo\\\/2003\\\/09\\\/10\\\/vad-det-egentligen-handlar-om\\\/\"},\"author\":{\"name\":\"Kristdemokraterna V\u00e4rnamo\",\"@id\":\"https:\\\/\\\/wp.kristdemokraterna.se\\\/varnamo\\\/#\\\/schema\\\/person\\\/4e339ab04d613699e4dfe80a994e01d4\"},\"headline\":\"Vad det egentligen handlar om\",\"datePublished\":\"2003-09-10T19:38:00+00:00\",\"dateModified\":\"2015-07-12T17:35:14+00:00\",\"mainEntityOfPage\":{\"@id\":\"https:\\\/\\\/wp.kristdemokraterna.se\\\/varnamo\\\/2003\\\/09\\\/10\\\/vad-det-egentligen-handlar-om\\\/\"},\"wordCount\":341,\"publisher\":{\"@id\":\"https:\\\/\\\/wp.kristdemokraterna.se\\\/varnamo\\\/#organization\"},\"image\":{\"@id\":\"https:\\\/\\\/wp.kristdemokraterna.se\\\/varnamo\\\/2003\\\/09\\\/10\\\/vad-det-egentligen-handlar-om\\\/#primaryimage\"},\"thumbnailUrl\":\"https:\\\/\\\/wp.kristdemokraterna.se\\\/varnamo\\\/files\\\/2022\\\/08\\\/kd-logo-blue.png\",\"keywords\":[\"barn och unga\",\"EMU\",\"euro\",\"folkomr\u00f6stning\",\"f\u00f6retag\",\"G\u00f6ran H\u00e4gglund\",\"handel\",\"inflytande\",\"omsorg\",\"samarbete\",\"skatter\",\"skola\",\"v\u00e4lf\u00e4rd\",\"valr\u00f6relse\",\"v\u00e4lst\u00e5nd\",\"v\u00e5rd\"],\"articleSection\":[\"Nyheter\"],\"inLanguage\":\"sv-SE\"},{\"@type\":\"WebPage\",\"@id\":\"https:\\\/\\\/wp.kristdemokraterna.se\\\/varnamo\\\/2003\\\/09\\\/10\\\/vad-det-egentligen-handlar-om\\\/\",\"url\":\"https:\\\/\\\/wp.kristdemokraterna.se\\\/varnamo\\\/2003\\\/09\\\/10\\\/vad-det-egentligen-handlar-om\\\/\",\"name\":\"Vad det egentligen handlar om - KRISTDEMOKRATERNA V\u00c4RNAMO\",\"isPartOf\":{\"@id\":\"https:\\\/\\\/wp.kristdemokraterna.se\\\/varnamo\\\/#website\"},\"primaryImageOfPage\":{\"@id\":\"https:\\\/\\\/wp.kristdemokraterna.se\\\/varnamo\\\/2003\\\/09\\\/10\\\/vad-det-egentligen-handlar-om\\\/#primaryimage\"},\"image\":{\"@id\":\"https:\\\/\\\/wp.kristdemokraterna.se\\\/varnamo\\\/2003\\\/09\\\/10\\\/vad-det-egentligen-handlar-om\\\/#primaryimage\"},\"thumbnailUrl\":\"https:\\\/\\\/wp.kristdemokraterna.se\\\/varnamo\\\/files\\\/2022\\\/08\\\/kd-logo-blue.png\",\"datePublished\":\"2003-09-10T19:38:00+00:00\",\"dateModified\":\"2015-07-12T17:35:14+00:00\",\"breadcrumb\":{\"@id\":\"https:\\\/\\\/wp.kristdemokraterna.se\\\/varnamo\\\/2003\\\/09\\\/10\\\/vad-det-egentligen-handlar-om\\\/#breadcrumb\"},\"inLanguage\":\"sv-SE\",\"potentialAction\":[{\"@type\":\"ReadAction\",\"target\":[\"https:\\\/\\\/wp.kristdemokraterna.se\\\/varnamo\\\/2003\\\/09\\\/10\\\/vad-det-egentligen-handlar-om\\\/\"]}]},{\"@type\":\"ImageObject\",\"inLanguage\":\"sv-SE\",\"@id\":\"https:\\\/\\\/wp.kristdemokraterna.se\\\/varnamo\\\/2003\\\/09\\\/10\\\/vad-det-egentligen-handlar-om\\\/#primaryimage\",\"url\":\"https:\\\/\\\/wp.kristdemokraterna.se\\\/varnamo\\\/files\\\/2022\\\/08\\\/kd-logo-blue.png\",\"contentUrl\":\"https:\\\/\\\/wp.kristdemokraterna.se\\\/varnamo\\\/files\\\/2022\\\/08\\\/kd-logo-blue.png\",\"width\":2000,\"height\":2000,\"caption\":\"Kristdemokraternas logotyp\"},{\"@type\":\"BreadcrumbList\",\"@id\":\"https:\\\/\\\/wp.kristdemokraterna.se\\\/varnamo\\\/2003\\\/09\\\/10\\\/vad-det-egentligen-handlar-om\\\/#breadcrumb\",\"itemListElement\":[{\"@type\":\"ListItem\",\"position\":1,\"name\":\"Hem\",\"item\":\"https:\\\/\\\/wp.kristdemokraterna.se\\\/varnamo\\\/\"},{\"@type\":\"ListItem\",\"position\":2,\"name\":\"Vad det egentligen handlar om\"}]},{\"@type\":\"WebSite\",\"@id\":\"https:\\\/\\\/wp.kristdemokraterna.se\\\/varnamo\\\/#website\",\"url\":\"https:\\\/\\\/wp.kristdemokraterna.se\\\/varnamo\\\/\",\"name\":\"KRISTDEMOKRATERNA V\u00c4RNAMO\",\"description\":\"Med hj\u00e4rta f\u00f6r V\u00e4rnamo\",\"publisher\":{\"@id\":\"https:\\\/\\\/wp.kristdemokraterna.se\\\/varnamo\\\/#organization\"},\"inLanguage\":\"sv-SE\"},{\"@type\":\"Organization\",\"@id\":\"https:\\\/\\\/wp.kristdemokraterna.se\\\/varnamo\\\/#organization\",\"name\":\"Kristdemokraterna V\u00e4rnamo\",\"url\":\"https:\\\/\\\/wp.kristdemokraterna.se\\\/varnamo\\\/\",\"logo\":{\"@type\":\"ImageObject\",\"inLanguage\":\"sv-SE\",\"@id\":\"https:\\\/\\\/wp.kristdemokraterna.se\\\/varnamo\\\/#\\\/schema\\\/logo\\\/image\\\/\",\"url\":\"https:\\\/\\\/wp.kristdemokraterna.se\\\/varnamo\\\/files\\\/2022\\\/08\\\/va\u2560ernamo-sida-bla-300dpi.png\",\"contentUrl\":\"https:\\\/\\\/wp.kristdemokraterna.se\\\/varnamo\\\/files\\\/2022\\\/08\\\/va\u2560ernamo-sida-bla-300dpi.png\",\"width\":1485,\"height\":681,\"caption\":\"Kristdemokraterna V\u00e4rnamo\"},\"image\":{\"@id\":\"https:\\\/\\\/wp.kristdemokraterna.se\\\/varnamo\\\/#\\\/schema\\\/logo\\\/image\\\/\"},\"sameAs\":[\"https:\\\/\\\/www.facebook.com\\\/KDVarnamo\\\/\",\"https:\\\/\\\/x.com\\\/KDVarnamo\",\"https:\\\/\\\/www.instagram.com\\\/\",\"https:\\\/\\\/www.youtube.com\\\/user\\\/studiokd\\\/videos\"]},{\"@type\":\"Person\",\"@id\":\"https:\\\/\\\/wp.kristdemokraterna.se\\\/varnamo\\\/#\\\/schema\\\/person\\\/4e339ab04d613699e4dfe80a994e01d4\",\"name\":\"Kristdemokraterna V\u00e4rnamo\",\"image\":{\"@type\":\"ImageObject\",\"inLanguage\":\"sv-SE\",\"@id\":\"https:\\\/\\\/secure.gravatar.com\\\/avatar\\\/c122e48c7723992af51eb155eeaa93db3c1fa324e3fc6ec45dd712c812809b5b?s=96&r=g\",\"url\":\"https:\\\/\\\/secure.gravatar.com\\\/avatar\\\/c122e48c7723992af51eb155eeaa93db3c1fa324e3fc6ec45dd712c812809b5b?s=96&r=g\",\"contentUrl\":\"https:\\\/\\\/secure.gravatar.com\\\/avatar\\\/c122e48c7723992af51eb155eeaa93db3c1fa324e3fc6ec45dd712c812809b5b?s=96&r=g\",\"caption\":\"Kristdemokraterna V\u00e4rnamo\"},\"description\":\"Familjens r\u00f6st\",\"sameAs\":[\"http:\\\/\\\/www.varnamo.kristdemokraterna.se\"],\"url\":\"https:\\\/\\\/wp.kristdemokraterna.se\\\/varnamo\\\/author\\\/varnamo\\\/\"}]}<\/script>\n<!-- \/ Yoast SEO plugin. -->","yoast_head_json":{"title":"Vad det egentligen handlar om - KRISTDEMOKRATERNA V\u00c4RNAMO","robots":{"index":"index","follow":"follow","max-snippet":"max-snippet:-1","max-image-preview":"max-image-preview:large","max-video-preview":"max-video-preview:-1"},"canonical":"https:\/\/wp.kristdemokraterna.se\/varnamo\/2003\/09\/10\/vad-det-egentligen-handlar-om\/","og_locale":"sv_SE","og_type":"article","og_title":"Vad det egentligen handlar om - KRISTDEMOKRATERNA V\u00c4RNAMO","og_description":"Folkomr\u00f6stningen p\u00e5 s\u00f6ndag handlar om Sveriges\u00a0inflytande och ansvar i det nya Europa, om de svenska f\u00f6retagen ska f\u00e5\u00a0rimliga m\u00f6jligheter att konkurrera med andra och till sist v\u00e5ra\u00a0m\u00f6jligheter att finansiera bland annat v\u00e5rden och omsorgen. Det\u00a0sade G\u00f6ran H\u00e4gglund, 2:e vice ordf\u00f6rande och ledare f\u00f6r Kristdemokraternas folkomr\u00f6stningskampanj, n\u00e4r han p\u00e5 onsdagen\u00a0bes\u00f6kte V\u00e4rnamo.","og_url":"https:\/\/wp.kristdemokraterna.se\/varnamo\/2003\/09\/10\/vad-det-egentligen-handlar-om\/","og_site_name":"KRISTDEMOKRATERNA V\u00c4RNAMO","article_publisher":"https:\/\/www.facebook.com\/KDVarnamo\/","article_published_time":"2003-09-10T19:38:00+00:00","article_modified_time":"2015-07-12T17:35:14+00:00","og_image":[{"url":"http:\/\/wp.kristdemokraterna.se\/varnamo\/files\/2010\/08\/goran_hagglund.jpg","type":"","width":"","height":""}],"author":"Kristdemokraterna V\u00e4rnamo","twitter_card":"summary_large_image","twitter_creator":"@KDVarnamo","twitter_site":"@KDVarnamo","twitter_misc":{"Skriven av":"Kristdemokraterna V\u00e4rnamo","Ber\u00e4knad l\u00e4stid":"2 minuter"},"schema":{"@context":"https:\/\/schema.org","@graph":[{"@type":"Article","@id":"https:\/\/wp.kristdemokraterna.se\/varnamo\/2003\/09\/10\/vad-det-egentligen-handlar-om\/#article","isPartOf":{"@id":"https:\/\/wp.kristdemokraterna.se\/varnamo\/2003\/09\/10\/vad-det-egentligen-handlar-om\/"},"author":{"name":"Kristdemokraterna V\u00e4rnamo","@id":"https:\/\/wp.kristdemokraterna.se\/varnamo\/#\/schema\/person\/4e339ab04d613699e4dfe80a994e01d4"},"headline":"Vad det egentligen handlar om","datePublished":"2003-09-10T19:38:00+00:00","dateModified":"2015-07-12T17:35:14+00:00","mainEntityOfPage":{"@id":"https:\/\/wp.kristdemokraterna.se\/varnamo\/2003\/09\/10\/vad-det-egentligen-handlar-om\/"},"wordCount":341,"publisher":{"@id":"https:\/\/wp.kristdemokraterna.se\/varnamo\/#organization"},"image":{"@id":"https:\/\/wp.kristdemokraterna.se\/varnamo\/2003\/09\/10\/vad-det-egentligen-handlar-om\/#primaryimage"},"thumbnailUrl":"https:\/\/wp.kristdemokraterna.se\/varnamo\/files\/2022\/08\/kd-logo-blue.png","keywords":["barn och unga","EMU","euro","folkomr\u00f6stning","f\u00f6retag","G\u00f6ran H\u00e4gglund","handel","inflytande","omsorg","samarbete","skatter","skola","v\u00e4lf\u00e4rd","valr\u00f6relse","v\u00e4lst\u00e5nd","v\u00e5rd"],"articleSection":["Nyheter"],"inLanguage":"sv-SE"},{"@type":"WebPage","@id":"https:\/\/wp.kristdemokraterna.se\/varnamo\/2003\/09\/10\/vad-det-egentligen-handlar-om\/","url":"https:\/\/wp.kristdemokraterna.se\/varnamo\/2003\/09\/10\/vad-det-egentligen-handlar-om\/","name":"Vad det egentligen handlar om - KRISTDEMOKRATERNA V\u00c4RNAMO","isPartOf":{"@id":"https:\/\/wp.kristdemokraterna.se\/varnamo\/#website"},"primaryImageOfPage":{"@id":"https:\/\/wp.kristdemokraterna.se\/varnamo\/2003\/09\/10\/vad-det-egentligen-handlar-om\/#primaryimage"},"image":{"@id":"https:\/\/wp.kristdemokraterna.se\/varnamo\/2003\/09\/10\/vad-det-egentligen-handlar-om\/#primaryimage"},"thumbnailUrl":"https:\/\/wp.kristdemokraterna.se\/varnamo\/files\/2022\/08\/kd-logo-blue.png","datePublished":"2003-09-10T19:38:00+00:00","dateModified":"2015-07-12T17:35:14+00:00","breadcrumb":{"@id":"https:\/\/wp.kristdemokraterna.se\/varnamo\/2003\/09\/10\/vad-det-egentligen-handlar-om\/#breadcrumb"},"inLanguage":"sv-SE","potentialAction":[{"@type":"ReadAction","target":["https:\/\/wp.kristdemokraterna.se\/varnamo\/2003\/09\/10\/vad-det-egentligen-handlar-om\/"]}]},{"@type":"ImageObject","inLanguage":"sv-SE","@id":"https:\/\/wp.kristdemokraterna.se\/varnamo\/2003\/09\/10\/vad-det-egentligen-handlar-om\/#primaryimage","url":"https:\/\/wp.kristdemokraterna.se\/varnamo\/files\/2022\/08\/kd-logo-blue.png","contentUrl":"https:\/\/wp.kristdemokraterna.se\/varnamo\/files\/2022\/08\/kd-logo-blue.png","width":2000,"height":2000,"caption":"Kristdemokraternas logotyp"},{"@type":"BreadcrumbList","@id":"https:\/\/wp.kristdemokraterna.se\/varnamo\/2003\/09\/10\/vad-det-egentligen-handlar-om\/#breadcrumb","itemListElement":[{"@type":"ListItem","position":1,"name":"Hem","item":"https:\/\/wp.kristdemokraterna.se\/varnamo\/"},{"@type":"ListItem","position":2,"name":"Vad det egentligen handlar om"}]},{"@type":"WebSite","@id":"https:\/\/wp.kristdemokraterna.se\/varnamo\/#website","url":"https:\/\/wp.kristdemokraterna.se\/varnamo\/","name":"KRISTDEMOKRATERNA V\u00c4RNAMO","description":"Med hj\u00e4rta f\u00f6r V\u00e4rnamo","publisher":{"@id":"https:\/\/wp.kristdemokraterna.se\/varnamo\/#organization"},"inLanguage":"sv-SE"},{"@type":"Organization","@id":"https:\/\/wp.kristdemokraterna.se\/varnamo\/#organization","name":"Kristdemokraterna V\u00e4rnamo","url":"https:\/\/wp.kristdemokraterna.se\/varnamo\/","logo":{"@type":"ImageObject","inLanguage":"sv-SE","@id":"https:\/\/wp.kristdemokraterna.se\/varnamo\/#\/schema\/logo\/image\/","url":"https:\/\/wp.kristdemokraterna.se\/varnamo\/files\/2022\/08\/va\u2560ernamo-sida-bla-300dpi.png","contentUrl":"https:\/\/wp.kristdemokraterna.se\/varnamo\/files\/2022\/08\/va\u2560ernamo-sida-bla-300dpi.png","width":1485,"height":681,"caption":"Kristdemokraterna V\u00e4rnamo"},"image":{"@id":"https:\/\/wp.kristdemokraterna.se\/varnamo\/#\/schema\/logo\/image\/"},"sameAs":["https:\/\/www.facebook.com\/KDVarnamo\/","https:\/\/x.com\/KDVarnamo","https:\/\/www.instagram.com\/","https:\/\/www.youtube.com\/user\/studiokd\/videos"]},{"@type":"Person","@id":"https:\/\/wp.kristdemokraterna.se\/varnamo\/#\/schema\/person\/4e339ab04d613699e4dfe80a994e01d4","name":"Kristdemokraterna V\u00e4rnamo","image":{"@type":"ImageObject","inLanguage":"sv-SE","@id":"https:\/\/secure.gravatar.com\/avatar\/c122e48c7723992af51eb155eeaa93db3c1fa324e3fc6ec45dd712c812809b5b?s=96&r=g","url":"https:\/\/secure.gravatar.com\/avatar\/c122e48c7723992af51eb155eeaa93db3c1fa324e3fc6ec45dd712c812809b5b?s=96&r=g","contentUrl":"https:\/\/secure.gravatar.com\/avatar\/c122e48c7723992af51eb155eeaa93db3c1fa324e3fc6ec45dd712c812809b5b?s=96&r=g","caption":"Kristdemokraterna V\u00e4rnamo"},"description":"Familjens r\u00f6st","sameAs":["http:\/\/www.varnamo.kristdemokraterna.se"],"url":"https:\/\/wp.kristdemokraterna.se\/varnamo\/author\/varnamo\/"}]}},"_links":{"self":[{"href":"https:\/\/wp.kristdemokraterna.se\/varnamo\/wp-json\/wp\/v2\/posts\/2027","targetHints":{"allow":["GET"]}}],"collection":[{"href":"https:\/\/wp.kristdemokraterna.se\/varnamo\/wp-json\/wp\/v2\/posts"}],"about":[{"href":"https:\/\/wp.kristdemokraterna.se\/varnamo\/wp-json\/wp\/v2\/types\/post"}],"author":[{"embeddable":true,"href":"https:\/\/wp.kristdemokraterna.se\/varnamo\/wp-json\/wp\/v2\/users\/412"}],"replies":[{"embeddable":true,"href":"https:\/\/wp.kristdemokraterna.se\/varnamo\/wp-json\/wp\/v2\/comments?post=2027"}],"version-history":[{"count":7,"href":"https:\/\/wp.kristdemokraterna.se\/varnamo\/wp-json\/wp\/v2\/posts\/2027\/revisions"}],"predecessor-version":[{"id":6816,"href":"https:\/\/wp.kristdemokraterna.se\/varnamo\/wp-json\/wp\/v2\/posts\/2027\/revisions\/6816"}],"wp:featuredmedia":[{"embeddable":true,"href":"https:\/\/wp.kristdemokraterna.se\/varnamo\/wp-json\/wp\/v2\/media\/9638"}],"wp:attachment":[{"href":"https:\/\/wp.kristdemokraterna.se\/varnamo\/wp-json\/wp\/v2\/media?parent=2027"}],"wp:term":[{"taxonomy":"category","embeddable":true,"href":"https:\/\/wp.kristdemokraterna.se\/varnamo\/wp-json\/wp\/v2\/categories?post=2027"},{"taxonomy":"post_tag","embeddable":true,"href":"https:\/\/wp.kristdemokraterna.se\/varnamo\/wp-json\/wp\/v2\/tags?post=2027"}],"curies":[{"name":"wp","href":"https:\/\/api.w.org\/{rel}","templated":true}]}}