{"id":2036,"date":"2004-05-21T21:38:00","date_gmt":"2004-05-21T19:38:00","guid":{"rendered":"http:\/\/localhost:4901\/?p=2036"},"modified":"2015-07-12T18:59:30","modified_gmt":"2015-07-12T16:59:30","slug":"mitt-europa-tar-krafttag-mot-den-okade-brottsligheten","status":"publish","type":"post","link":"https:\/\/wp.kristdemokraterna.se\/varnamo\/2004\/05\/21\/mitt-europa-tar-krafttag-mot-den-okade-brottsligheten\/","title":{"rendered":"Mitt Europa tar krafttag mot den \u00f6kade brottsligheten!"},"content":{"rendered":"<div style=\"width: 226px\" class=\"wp-caption alignnone\"><a href=\"http:\/\/wp.kristdemokraterna.se\/varnamo\/files\/2010\/08\/lisbeth_rydefjard1.jpg\"><img loading=\"lazy\" decoding=\"async\" title=\"lisbeth_rydefjard1\" src=\"http:\/\/wp.kristdemokraterna.se\/varnamo\/files\/2010\/08\/lisbeth_rydefjard1.jpg\" alt=\"Lisbeth Rydefj\u00e4rd, sj\u00e4ttenamn p\u00e5 Kristdemokraternas lista i valet till Europaparlamentet den 13 juni\" width=\"216\" height=\"325\" \/><\/a><p class=\"wp-caption-text\">Lisbeth Rydefj\u00e4rd, sj\u00e4ttenamn p\u00e5 Kristdemokraternas lista i valet till Europaparlamentet den 13 juni<\/p><\/div>\n<p>Lisbeth Rydefj\u00e4rd fr\u00e5n Bottnaryd, som \u00e4r sj\u00e4ttenamn p\u00e5 Kristdemokraternas lista i valet till Europaparlamentet den 13 juni, bes\u00f6kte V\u00e4rnamo den 21 maj. Under sitt bes\u00f6k samtalade hon med f\u00f6rbipasserande v\u00e4rnamobor och ber\u00e4ttade om sina hj\u00e4rtefr\u00e5gor \u2013 ett tolerant Europa utan droger och kampen mot den internationella brottsligheten.<\/p>\n<p><!--more-->Samh\u00e4llsklimatet har i flera avseenden blivit h\u00e5rdare. Nationell polis, tull och r\u00e4ttsv\u00e4sende f\u00f6r ofta en oj\u00e4mn kamp mot kriminaliteten, som alltid r\u00f6rt sig \u00f6ver nationsgr\u00e4nser. Tullens narkotikabeslag blir bara st\u00f6rre samtidigt som resurserna till tull och polis har skurits ned vid flera tillf\u00e4llen under regeringssamarbetet mellan socialdemokrater, milj\u00f6partister och v\u00e4nsterpartister. Detta \u00e4r oacceptabelt! sade\u00a0Lisbeth Rydefj\u00e4rd vidare.<\/p>\n<p>Den \u00f6kande \u00f6ppenheten i Europa st\u00e4ller nya och \u00f6kade krav p\u00e5 effektiva metoder f\u00f6r att bek\u00e4mpa den allt mer l\u00e4ttr\u00f6rliga brottsligheten. D\u00e4rf\u00f6r anser Kristdemokraterna att det \u00e4r n\u00f6dv\u00e4ndigt att st\u00e4rkas det polisi\u00e4ra och r\u00e4ttsliga samarbetet p\u00e5 EU-niv\u00e5. Kampen m\u00e5ste f\u00f6ras p\u00e5 flera fronter:<\/p>\n<h1>Polissamarbetet m\u00e5ste st\u00e4rkas!<\/h1>\n<ul>\n<li>Allvarliga gr\u00e4ns\u00f6verskridande brott, framf\u00f6r allt m\u00e4nnisko- och narkotikahandel, penningtv\u00e4tt och terrorism ska straffas likv\u00e4rdigt i alla EU:s medlemsl\u00e4nder f\u00f6r att undvika att de kriminella n\u00e4tverken utnyttjar eventuella luckor i lagstiftningen.<\/li>\n<li>Det europeiska polissamarbetet (Europol) b\u00f6r st\u00e4rkas och demokratiseras \u2013 inte l\u00e4ggas ner som Milj\u00f6partiet och V\u00e4nsterpartiet vill.<\/li>\n<li>S\u00e4rskilda satsningar p\u00e5 polis- och r\u00e4ttsligt samarbete m\u00e5ste g\u00f6ras i de nya medlemsl\u00e4nderna i \u00d6st- och Centraleuropa samt i grannl\u00e4nderna i \u00d6st och p\u00e5 Balkan. Detta framf\u00f6rallt d\u00e4rf\u00f6r att kriminalitet ofta frodas i ekonomiskt och r\u00e4ttsligt svaga l\u00e4nder.<\/li>\n<\/ul>\n<h1>Det r\u00e4ttsliga samarbetet m\u00e5ste utvecklas ytterligare!<\/h1>\n<ul>\n<li>Vi vill \u2013 som enda svenska Riksdagsparti &#8211; inr\u00e4tta ett europeiskt \u00e5klagar\u00e4mbete, som ges m\u00f6jlighet att utreda, lagf\u00f6ra och v\u00e4cka \u00e5tal f\u00f6r brott som ber\u00f6r flera EU-l\u00e4nders ekonomiska intressen eller bedr\u00e4gerier med EU-medel.<\/li>\n<li>Harmonisera delar av straffr\u00e4tten s\u00e5 att inte r\u00e4ttsliga hinder f\u00f6rsv\u00e5rar eller om\u00f6jligg\u00f6r brottsutredningar.<\/li>\n<\/ul>\n\n\t\t<style type=\"text\/css\">\n\t\t\t#gallery-1 {\n\t\t\t\tmargin: auto;\n\t\t\t}\n\t\t\t#gallery-1 .gallery-item {\n\t\t\t\tfloat: left;\n\t\t\t\tmargin-top: 10px;\n\t\t\t\ttext-align: center;\n\t\t\t\twidth: 33%;\n\t\t\t}\n\t\t\t#gallery-1 img {\n\t\t\t\tborder: 2px solid #cfcfcf;\n\t\t\t}\n\t\t\t#gallery-1 .gallery-caption {\n\t\t\t\tmargin-left: 0;\n\t\t\t}\n\t\t\t\/* see gallery_shortcode() in wp-includes\/media.php *\/\n\t\t<\/style>\n\t\t<div id='gallery-1' class='gallery galleryid-2036 gallery-columns-3 gallery-size-thumbnail'><dl class='gallery-item'>\n\t\t\t<dt class='gallery-icon portrait'>\n\t\t\t\t<a href='https:\/\/wp.kristdemokraterna.se\/varnamo\/2004\/05\/21\/mitt-europa-tar-krafttag-mot-den-okade-brottsligheten\/2004-euval-lisbethrydefjard\/'><img loading=\"lazy\" decoding=\"async\" width=\"150\" height=\"150\" src=\"https:\/\/wp.kristdemokraterna.se\/varnamo\/files\/2004\/05\/2004_EUVal_LisbethRydefjard-150x150.png\" class=\"attachment-thumbnail size-thumbnail\" alt=\"&quot;Jag vill arbeta f\u00f6r ett tolerant Europa utan droger.&quot; Lisbeth Rydefj\u00e4rd. Kristdemokraterna. www.kristdemokraterna.se\" \/><\/a>\n\t\t\t<\/dt><\/dl>\n\t\t\t<br style='clear: both' \/>\n\t\t<\/div>\n\n<p style=\"text-align: center\">\n","protected":false},"excerpt":{"rendered":"<p>Lisbeth Rydefj\u00e4rd fr\u00e5n Bottnaryd, som \u00e4r sj\u00e4ttenamn p\u00e5 Kristdemokraternas lista i valet till Europaparlamentet den 13 juni, bes\u00f6kte V\u00e4rnamo den 21 maj. Under sitt bes\u00f6k samtalade hon med f\u00f6rbipasserande v\u00e4rnamobor och ber\u00e4ttade om sina hj\u00e4rtefr\u00e5gor \u2013 ett tolerant Europa utan droger och kampen mot den internationella brottsligheten.<\/p>\n","protected":false},"author":412,"featured_media":9638,"comment_status":"closed","ping_status":"closed","sticky":false,"template":"","format":"standard","meta":{"_acf_changed":false,"footnotes":""},"categories":[11],"tags":[219,281,413,204,152,230,280,220,210,62],"class_list":["post-2036","post","type-post","status-publish","format-standard","hentry","category-nyheter","tag-brottslighet","tag-droger","tag-eu","tag-europaparlamentet","tag-lisbeth-rydefjard","tag-rattsvasende","tag-samarbete","tag-terrorism","tag-trafficking","tag-valrorelse"],"acf":[],"yoast_head":"<!-- This site is optimized with the Yoast SEO plugin v27.4 - https:\/\/yoast.com\/product\/yoast-seo-wordpress\/ -->\n<title>Mitt Europa tar krafttag mot den \u00f6kade brottsligheten! - KRISTDEMOKRATERNA V\u00c4RNAMO<\/title>\n<meta name=\"robots\" content=\"index, follow, max-snippet:-1, max-image-preview:large, max-video-preview:-1\" \/>\n<link rel=\"canonical\" href=\"https:\/\/wp.kristdemokraterna.se\/varnamo\/2004\/05\/21\/mitt-europa-tar-krafttag-mot-den-okade-brottsligheten\/\" \/>\n<meta property=\"og:locale\" content=\"sv_SE\" \/>\n<meta property=\"og:type\" content=\"article\" \/>\n<meta property=\"og:title\" content=\"Mitt Europa tar krafttag mot den \u00f6kade brottsligheten! - KRISTDEMOKRATERNA V\u00c4RNAMO\" \/>\n<meta property=\"og:description\" content=\"Lisbeth Rydefj\u00e4rd fr\u00e5n Bottnaryd, som \u00e4r sj\u00e4ttenamn p\u00e5 Kristdemokraternas lista i valet till Europaparlamentet den 13 juni, bes\u00f6kte V\u00e4rnamo den 21 maj. Under sitt bes\u00f6k samtalade hon med f\u00f6rbipasserande v\u00e4rnamobor och ber\u00e4ttade om sina hj\u00e4rtefr\u00e5gor \u2013 ett tolerant Europa utan droger och kampen mot den internationella brottsligheten.\" \/>\n<meta property=\"og:url\" content=\"https:\/\/wp.kristdemokraterna.se\/varnamo\/2004\/05\/21\/mitt-europa-tar-krafttag-mot-den-okade-brottsligheten\/\" \/>\n<meta property=\"og:site_name\" content=\"KRISTDEMOKRATERNA V\u00c4RNAMO\" \/>\n<meta property=\"article:publisher\" content=\"https:\/\/www.facebook.com\/KDVarnamo\/\" \/>\n<meta property=\"article:published_time\" content=\"2004-05-21T19:38:00+00:00\" \/>\n<meta property=\"article:modified_time\" content=\"2015-07-12T16:59:30+00:00\" \/>\n<meta property=\"og:image\" content=\"https:\/\/wp.kristdemokraterna.se\/varnamo\/files\/2004\/05\/2004_EUVal_LisbethRydefjard-150x150.png\" \/>\n<meta name=\"author\" content=\"Kristdemokraterna V\u00e4rnamo\" \/>\n<meta name=\"twitter:card\" content=\"summary_large_image\" \/>\n<meta name=\"twitter:creator\" content=\"@KDVarnamo\" \/>\n<meta name=\"twitter:site\" content=\"@KDVarnamo\" \/>\n<meta name=\"twitter:label1\" content=\"Skriven av\" \/>\n\t<meta name=\"twitter:data1\" content=\"Kristdemokraterna V\u00e4rnamo\" \/>\n\t<meta name=\"twitter:label2\" content=\"Ber\u00e4knad l\u00e4stid\" \/>\n\t<meta name=\"twitter:data2\" content=\"2 minuter\" \/>\n<script type=\"application\/ld+json\" class=\"yoast-schema-graph\">{\"@context\":\"https:\\\/\\\/schema.org\",\"@graph\":[{\"@type\":\"Article\",\"@id\":\"https:\\\/\\\/wp.kristdemokraterna.se\\\/varnamo\\\/2004\\\/05\\\/21\\\/mitt-europa-tar-krafttag-mot-den-okade-brottsligheten\\\/#article\",\"isPartOf\":{\"@id\":\"https:\\\/\\\/wp.kristdemokraterna.se\\\/varnamo\\\/2004\\\/05\\\/21\\\/mitt-europa-tar-krafttag-mot-den-okade-brottsligheten\\\/\"},\"author\":{\"name\":\"Kristdemokraterna V\u00e4rnamo\",\"@id\":\"https:\\\/\\\/wp.kristdemokraterna.se\\\/varnamo\\\/#\\\/schema\\\/person\\\/4e339ab04d613699e4dfe80a994e01d4\"},\"headline\":\"Mitt Europa tar krafttag mot den \u00f6kade brottsligheten!\",\"datePublished\":\"2004-05-21T19:38:00+00:00\",\"dateModified\":\"2015-07-12T16:59:30+00:00\",\"mainEntityOfPage\":{\"@id\":\"https:\\\/\\\/wp.kristdemokraterna.se\\\/varnamo\\\/2004\\\/05\\\/21\\\/mitt-europa-tar-krafttag-mot-den-okade-brottsligheten\\\/\"},\"wordCount\":399,\"publisher\":{\"@id\":\"https:\\\/\\\/wp.kristdemokraterna.se\\\/varnamo\\\/#organization\"},\"image\":{\"@id\":\"https:\\\/\\\/wp.kristdemokraterna.se\\\/varnamo\\\/2004\\\/05\\\/21\\\/mitt-europa-tar-krafttag-mot-den-okade-brottsligheten\\\/#primaryimage\"},\"thumbnailUrl\":\"https:\\\/\\\/wp.kristdemokraterna.se\\\/varnamo\\\/files\\\/2022\\\/08\\\/kd-logo-blue.png\",\"keywords\":[\"brottslighet\",\"droger\",\"EU\",\"Europaparlamentet\",\"Lisbeth Rydefj\u00e4rd\",\"r\u00e4ttsv\u00e4sende\",\"samarbete\",\"terrorism\",\"trafficking\",\"valr\u00f6relse\"],\"articleSection\":[\"Nyheter\"],\"inLanguage\":\"sv-SE\"},{\"@type\":\"WebPage\",\"@id\":\"https:\\\/\\\/wp.kristdemokraterna.se\\\/varnamo\\\/2004\\\/05\\\/21\\\/mitt-europa-tar-krafttag-mot-den-okade-brottsligheten\\\/\",\"url\":\"https:\\\/\\\/wp.kristdemokraterna.se\\\/varnamo\\\/2004\\\/05\\\/21\\\/mitt-europa-tar-krafttag-mot-den-okade-brottsligheten\\\/\",\"name\":\"Mitt Europa tar krafttag mot den \u00f6kade brottsligheten! - KRISTDEMOKRATERNA V\u00c4RNAMO\",\"isPartOf\":{\"@id\":\"https:\\\/\\\/wp.kristdemokraterna.se\\\/varnamo\\\/#website\"},\"primaryImageOfPage\":{\"@id\":\"https:\\\/\\\/wp.kristdemokraterna.se\\\/varnamo\\\/2004\\\/05\\\/21\\\/mitt-europa-tar-krafttag-mot-den-okade-brottsligheten\\\/#primaryimage\"},\"image\":{\"@id\":\"https:\\\/\\\/wp.kristdemokraterna.se\\\/varnamo\\\/2004\\\/05\\\/21\\\/mitt-europa-tar-krafttag-mot-den-okade-brottsligheten\\\/#primaryimage\"},\"thumbnailUrl\":\"https:\\\/\\\/wp.kristdemokraterna.se\\\/varnamo\\\/files\\\/2022\\\/08\\\/kd-logo-blue.png\",\"datePublished\":\"2004-05-21T19:38:00+00:00\",\"dateModified\":\"2015-07-12T16:59:30+00:00\",\"breadcrumb\":{\"@id\":\"https:\\\/\\\/wp.kristdemokraterna.se\\\/varnamo\\\/2004\\\/05\\\/21\\\/mitt-europa-tar-krafttag-mot-den-okade-brottsligheten\\\/#breadcrumb\"},\"inLanguage\":\"sv-SE\",\"potentialAction\":[{\"@type\":\"ReadAction\",\"target\":[\"https:\\\/\\\/wp.kristdemokraterna.se\\\/varnamo\\\/2004\\\/05\\\/21\\\/mitt-europa-tar-krafttag-mot-den-okade-brottsligheten\\\/\"]}]},{\"@type\":\"ImageObject\",\"inLanguage\":\"sv-SE\",\"@id\":\"https:\\\/\\\/wp.kristdemokraterna.se\\\/varnamo\\\/2004\\\/05\\\/21\\\/mitt-europa-tar-krafttag-mot-den-okade-brottsligheten\\\/#primaryimage\",\"url\":\"https:\\\/\\\/wp.kristdemokraterna.se\\\/varnamo\\\/files\\\/2022\\\/08\\\/kd-logo-blue.png\",\"contentUrl\":\"https:\\\/\\\/wp.kristdemokraterna.se\\\/varnamo\\\/files\\\/2022\\\/08\\\/kd-logo-blue.png\",\"width\":2000,\"height\":2000,\"caption\":\"Kristdemokraternas logotyp\"},{\"@type\":\"BreadcrumbList\",\"@id\":\"https:\\\/\\\/wp.kristdemokraterna.se\\\/varnamo\\\/2004\\\/05\\\/21\\\/mitt-europa-tar-krafttag-mot-den-okade-brottsligheten\\\/#breadcrumb\",\"itemListElement\":[{\"@type\":\"ListItem\",\"position\":1,\"name\":\"Hem\",\"item\":\"https:\\\/\\\/wp.kristdemokraterna.se\\\/varnamo\\\/\"},{\"@type\":\"ListItem\",\"position\":2,\"name\":\"Mitt Europa tar krafttag mot den \u00f6kade brottsligheten!\"}]},{\"@type\":\"WebSite\",\"@id\":\"https:\\\/\\\/wp.kristdemokraterna.se\\\/varnamo\\\/#website\",\"url\":\"https:\\\/\\\/wp.kristdemokraterna.se\\\/varnamo\\\/\",\"name\":\"KRISTDEMOKRATERNA V\u00c4RNAMO\",\"description\":\"Med hj\u00e4rta f\u00f6r V\u00e4rnamo\",\"publisher\":{\"@id\":\"https:\\\/\\\/wp.kristdemokraterna.se\\\/varnamo\\\/#organization\"},\"inLanguage\":\"sv-SE\"},{\"@type\":\"Organization\",\"@id\":\"https:\\\/\\\/wp.kristdemokraterna.se\\\/varnamo\\\/#organization\",\"name\":\"Kristdemokraterna V\u00e4rnamo\",\"url\":\"https:\\\/\\\/wp.kristdemokraterna.se\\\/varnamo\\\/\",\"logo\":{\"@type\":\"ImageObject\",\"inLanguage\":\"sv-SE\",\"@id\":\"https:\\\/\\\/wp.kristdemokraterna.se\\\/varnamo\\\/#\\\/schema\\\/logo\\\/image\\\/\",\"url\":\"https:\\\/\\\/wp.kristdemokraterna.se\\\/varnamo\\\/files\\\/2022\\\/08\\\/va\u2560ernamo-sida-bla-300dpi.png\",\"contentUrl\":\"https:\\\/\\\/wp.kristdemokraterna.se\\\/varnamo\\\/files\\\/2022\\\/08\\\/va\u2560ernamo-sida-bla-300dpi.png\",\"width\":1485,\"height\":681,\"caption\":\"Kristdemokraterna V\u00e4rnamo\"},\"image\":{\"@id\":\"https:\\\/\\\/wp.kristdemokraterna.se\\\/varnamo\\\/#\\\/schema\\\/logo\\\/image\\\/\"},\"sameAs\":[\"https:\\\/\\\/www.facebook.com\\\/KDVarnamo\\\/\",\"https:\\\/\\\/x.com\\\/KDVarnamo\",\"https:\\\/\\\/www.instagram.com\\\/\",\"https:\\\/\\\/www.youtube.com\\\/user\\\/studiokd\\\/videos\"]},{\"@type\":\"Person\",\"@id\":\"https:\\\/\\\/wp.kristdemokraterna.se\\\/varnamo\\\/#\\\/schema\\\/person\\\/4e339ab04d613699e4dfe80a994e01d4\",\"name\":\"Kristdemokraterna V\u00e4rnamo\",\"image\":{\"@type\":\"ImageObject\",\"inLanguage\":\"sv-SE\",\"@id\":\"https:\\\/\\\/secure.gravatar.com\\\/avatar\\\/c122e48c7723992af51eb155eeaa93db3c1fa324e3fc6ec45dd712c812809b5b?s=96&r=g\",\"url\":\"https:\\\/\\\/secure.gravatar.com\\\/avatar\\\/c122e48c7723992af51eb155eeaa93db3c1fa324e3fc6ec45dd712c812809b5b?s=96&r=g\",\"contentUrl\":\"https:\\\/\\\/secure.gravatar.com\\\/avatar\\\/c122e48c7723992af51eb155eeaa93db3c1fa324e3fc6ec45dd712c812809b5b?s=96&r=g\",\"caption\":\"Kristdemokraterna V\u00e4rnamo\"},\"description\":\"Familjens r\u00f6st\",\"sameAs\":[\"http:\\\/\\\/www.varnamo.kristdemokraterna.se\"],\"url\":\"https:\\\/\\\/wp.kristdemokraterna.se\\\/varnamo\\\/author\\\/varnamo\\\/\"}]}<\/script>\n<!-- \/ Yoast SEO plugin. -->","yoast_head_json":{"title":"Mitt Europa tar krafttag mot den \u00f6kade brottsligheten! - KRISTDEMOKRATERNA V\u00c4RNAMO","robots":{"index":"index","follow":"follow","max-snippet":"max-snippet:-1","max-image-preview":"max-image-preview:large","max-video-preview":"max-video-preview:-1"},"canonical":"https:\/\/wp.kristdemokraterna.se\/varnamo\/2004\/05\/21\/mitt-europa-tar-krafttag-mot-den-okade-brottsligheten\/","og_locale":"sv_SE","og_type":"article","og_title":"Mitt Europa tar krafttag mot den \u00f6kade brottsligheten! - KRISTDEMOKRATERNA V\u00c4RNAMO","og_description":"Lisbeth Rydefj\u00e4rd fr\u00e5n Bottnaryd, som \u00e4r sj\u00e4ttenamn p\u00e5 Kristdemokraternas lista i valet till Europaparlamentet den 13 juni, bes\u00f6kte V\u00e4rnamo den 21 maj. Under sitt bes\u00f6k samtalade hon med f\u00f6rbipasserande v\u00e4rnamobor och ber\u00e4ttade om sina hj\u00e4rtefr\u00e5gor \u2013 ett tolerant Europa utan droger och kampen mot den internationella brottsligheten.","og_url":"https:\/\/wp.kristdemokraterna.se\/varnamo\/2004\/05\/21\/mitt-europa-tar-krafttag-mot-den-okade-brottsligheten\/","og_site_name":"KRISTDEMOKRATERNA V\u00c4RNAMO","article_publisher":"https:\/\/www.facebook.com\/KDVarnamo\/","article_published_time":"2004-05-21T19:38:00+00:00","article_modified_time":"2015-07-12T16:59:30+00:00","og_image":[{"url":"https:\/\/wp.kristdemokraterna.se\/varnamo\/files\/2004\/05\/2004_EUVal_LisbethRydefjard-150x150.png","type":"","width":"","height":""}],"author":"Kristdemokraterna V\u00e4rnamo","twitter_card":"summary_large_image","twitter_creator":"@KDVarnamo","twitter_site":"@KDVarnamo","twitter_misc":{"Skriven av":"Kristdemokraterna V\u00e4rnamo","Ber\u00e4knad l\u00e4stid":"2 minuter"},"schema":{"@context":"https:\/\/schema.org","@graph":[{"@type":"Article","@id":"https:\/\/wp.kristdemokraterna.se\/varnamo\/2004\/05\/21\/mitt-europa-tar-krafttag-mot-den-okade-brottsligheten\/#article","isPartOf":{"@id":"https:\/\/wp.kristdemokraterna.se\/varnamo\/2004\/05\/21\/mitt-europa-tar-krafttag-mot-den-okade-brottsligheten\/"},"author":{"name":"Kristdemokraterna V\u00e4rnamo","@id":"https:\/\/wp.kristdemokraterna.se\/varnamo\/#\/schema\/person\/4e339ab04d613699e4dfe80a994e01d4"},"headline":"Mitt Europa tar krafttag mot den \u00f6kade brottsligheten!","datePublished":"2004-05-21T19:38:00+00:00","dateModified":"2015-07-12T16:59:30+00:00","mainEntityOfPage":{"@id":"https:\/\/wp.kristdemokraterna.se\/varnamo\/2004\/05\/21\/mitt-europa-tar-krafttag-mot-den-okade-brottsligheten\/"},"wordCount":399,"publisher":{"@id":"https:\/\/wp.kristdemokraterna.se\/varnamo\/#organization"},"image":{"@id":"https:\/\/wp.kristdemokraterna.se\/varnamo\/2004\/05\/21\/mitt-europa-tar-krafttag-mot-den-okade-brottsligheten\/#primaryimage"},"thumbnailUrl":"https:\/\/wp.kristdemokraterna.se\/varnamo\/files\/2022\/08\/kd-logo-blue.png","keywords":["brottslighet","droger","EU","Europaparlamentet","Lisbeth Rydefj\u00e4rd","r\u00e4ttsv\u00e4sende","samarbete","terrorism","trafficking","valr\u00f6relse"],"articleSection":["Nyheter"],"inLanguage":"sv-SE"},{"@type":"WebPage","@id":"https:\/\/wp.kristdemokraterna.se\/varnamo\/2004\/05\/21\/mitt-europa-tar-krafttag-mot-den-okade-brottsligheten\/","url":"https:\/\/wp.kristdemokraterna.se\/varnamo\/2004\/05\/21\/mitt-europa-tar-krafttag-mot-den-okade-brottsligheten\/","name":"Mitt Europa tar krafttag mot den \u00f6kade brottsligheten! - KRISTDEMOKRATERNA V\u00c4RNAMO","isPartOf":{"@id":"https:\/\/wp.kristdemokraterna.se\/varnamo\/#website"},"primaryImageOfPage":{"@id":"https:\/\/wp.kristdemokraterna.se\/varnamo\/2004\/05\/21\/mitt-europa-tar-krafttag-mot-den-okade-brottsligheten\/#primaryimage"},"image":{"@id":"https:\/\/wp.kristdemokraterna.se\/varnamo\/2004\/05\/21\/mitt-europa-tar-krafttag-mot-den-okade-brottsligheten\/#primaryimage"},"thumbnailUrl":"https:\/\/wp.kristdemokraterna.se\/varnamo\/files\/2022\/08\/kd-logo-blue.png","datePublished":"2004-05-21T19:38:00+00:00","dateModified":"2015-07-12T16:59:30+00:00","breadcrumb":{"@id":"https:\/\/wp.kristdemokraterna.se\/varnamo\/2004\/05\/21\/mitt-europa-tar-krafttag-mot-den-okade-brottsligheten\/#breadcrumb"},"inLanguage":"sv-SE","potentialAction":[{"@type":"ReadAction","target":["https:\/\/wp.kristdemokraterna.se\/varnamo\/2004\/05\/21\/mitt-europa-tar-krafttag-mot-den-okade-brottsligheten\/"]}]},{"@type":"ImageObject","inLanguage":"sv-SE","@id":"https:\/\/wp.kristdemokraterna.se\/varnamo\/2004\/05\/21\/mitt-europa-tar-krafttag-mot-den-okade-brottsligheten\/#primaryimage","url":"https:\/\/wp.kristdemokraterna.se\/varnamo\/files\/2022\/08\/kd-logo-blue.png","contentUrl":"https:\/\/wp.kristdemokraterna.se\/varnamo\/files\/2022\/08\/kd-logo-blue.png","width":2000,"height":2000,"caption":"Kristdemokraternas logotyp"},{"@type":"BreadcrumbList","@id":"https:\/\/wp.kristdemokraterna.se\/varnamo\/2004\/05\/21\/mitt-europa-tar-krafttag-mot-den-okade-brottsligheten\/#breadcrumb","itemListElement":[{"@type":"ListItem","position":1,"name":"Hem","item":"https:\/\/wp.kristdemokraterna.se\/varnamo\/"},{"@type":"ListItem","position":2,"name":"Mitt Europa tar krafttag mot den \u00f6kade brottsligheten!"}]},{"@type":"WebSite","@id":"https:\/\/wp.kristdemokraterna.se\/varnamo\/#website","url":"https:\/\/wp.kristdemokraterna.se\/varnamo\/","name":"KRISTDEMOKRATERNA V\u00c4RNAMO","description":"Med hj\u00e4rta f\u00f6r V\u00e4rnamo","publisher":{"@id":"https:\/\/wp.kristdemokraterna.se\/varnamo\/#organization"},"inLanguage":"sv-SE"},{"@type":"Organization","@id":"https:\/\/wp.kristdemokraterna.se\/varnamo\/#organization","name":"Kristdemokraterna V\u00e4rnamo","url":"https:\/\/wp.kristdemokraterna.se\/varnamo\/","logo":{"@type":"ImageObject","inLanguage":"sv-SE","@id":"https:\/\/wp.kristdemokraterna.se\/varnamo\/#\/schema\/logo\/image\/","url":"https:\/\/wp.kristdemokraterna.se\/varnamo\/files\/2022\/08\/va\u2560ernamo-sida-bla-300dpi.png","contentUrl":"https:\/\/wp.kristdemokraterna.se\/varnamo\/files\/2022\/08\/va\u2560ernamo-sida-bla-300dpi.png","width":1485,"height":681,"caption":"Kristdemokraterna V\u00e4rnamo"},"image":{"@id":"https:\/\/wp.kristdemokraterna.se\/varnamo\/#\/schema\/logo\/image\/"},"sameAs":["https:\/\/www.facebook.com\/KDVarnamo\/","https:\/\/x.com\/KDVarnamo","https:\/\/www.instagram.com\/","https:\/\/www.youtube.com\/user\/studiokd\/videos"]},{"@type":"Person","@id":"https:\/\/wp.kristdemokraterna.se\/varnamo\/#\/schema\/person\/4e339ab04d613699e4dfe80a994e01d4","name":"Kristdemokraterna V\u00e4rnamo","image":{"@type":"ImageObject","inLanguage":"sv-SE","@id":"https:\/\/secure.gravatar.com\/avatar\/c122e48c7723992af51eb155eeaa93db3c1fa324e3fc6ec45dd712c812809b5b?s=96&r=g","url":"https:\/\/secure.gravatar.com\/avatar\/c122e48c7723992af51eb155eeaa93db3c1fa324e3fc6ec45dd712c812809b5b?s=96&r=g","contentUrl":"https:\/\/secure.gravatar.com\/avatar\/c122e48c7723992af51eb155eeaa93db3c1fa324e3fc6ec45dd712c812809b5b?s=96&r=g","caption":"Kristdemokraterna V\u00e4rnamo"},"description":"Familjens r\u00f6st","sameAs":["http:\/\/www.varnamo.kristdemokraterna.se"],"url":"https:\/\/wp.kristdemokraterna.se\/varnamo\/author\/varnamo\/"}]}},"_links":{"self":[{"href":"https:\/\/wp.kristdemokraterna.se\/varnamo\/wp-json\/wp\/v2\/posts\/2036","targetHints":{"allow":["GET"]}}],"collection":[{"href":"https:\/\/wp.kristdemokraterna.se\/varnamo\/wp-json\/wp\/v2\/posts"}],"about":[{"href":"https:\/\/wp.kristdemokraterna.se\/varnamo\/wp-json\/wp\/v2\/types\/post"}],"author":[{"embeddable":true,"href":"https:\/\/wp.kristdemokraterna.se\/varnamo\/wp-json\/wp\/v2\/users\/412"}],"replies":[{"embeddable":true,"href":"https:\/\/wp.kristdemokraterna.se\/varnamo\/wp-json\/wp\/v2\/comments?post=2036"}],"version-history":[{"count":7,"href":"https:\/\/wp.kristdemokraterna.se\/varnamo\/wp-json\/wp\/v2\/posts\/2036\/revisions"}],"predecessor-version":[{"id":6796,"href":"https:\/\/wp.kristdemokraterna.se\/varnamo\/wp-json\/wp\/v2\/posts\/2036\/revisions\/6796"}],"wp:featuredmedia":[{"embeddable":true,"href":"https:\/\/wp.kristdemokraterna.se\/varnamo\/wp-json\/wp\/v2\/media\/9638"}],"wp:attachment":[{"href":"https:\/\/wp.kristdemokraterna.se\/varnamo\/wp-json\/wp\/v2\/media?parent=2036"}],"wp:term":[{"taxonomy":"category","embeddable":true,"href":"https:\/\/wp.kristdemokraterna.se\/varnamo\/wp-json\/wp\/v2\/categories?post=2036"},{"taxonomy":"post_tag","embeddable":true,"href":"https:\/\/wp.kristdemokraterna.se\/varnamo\/wp-json\/wp\/v2\/tags?post=2036"}],"curies":[{"name":"wp","href":"https:\/\/api.w.org\/{rel}","templated":true}]}}