{"id":2037,"date":"2004-05-26T21:38:00","date_gmt":"2004-05-26T19:38:00","guid":{"rendered":"http:\/\/localhost:4901\/?p=2037"},"modified":"2017-09-18T17:42:06","modified_gmt":"2017-09-18T15:42:06","slug":"folkhalsan-fore-franska-bonders-intressen","status":"publish","type":"post","link":"https:\/\/wp.kristdemokraterna.se\/varnamo\/2004\/05\/26\/folkhalsan-fore-franska-bonders-intressen\/","title":{"rendered":"Folkh\u00e4lsan f\u00f6re franska b\u00f6nders intressen"},"content":{"rendered":"<div style=\"width: 310px\" class=\"wp-caption alignnone\"><a href=\"http:\/\/wp.kristdemokraterna.se\/varnamo\/files\/2010\/08\/arnold_carlzon.jpg\"><img loading=\"lazy\" decoding=\"async\" title=\"arnold_carlzon\" src=\"http:\/\/wp.kristdemokraterna.se\/varnamo\/files\/2010\/08\/arnold_carlzon.jpg\" alt=\"Arnold Carlzon, Kristdemokraterna V\u00e4rnamo. (Foto: Fotograf M\u00e4ster Olof)\" width=\"300\" height=\"300\" \/><\/a><p class=\"wp-caption-text\">Arnold Carlzon, Kristdemokraterna V\u00e4rnamo. (Foto: Fotograf M\u00e4ster Olof)<\/p><\/div>\n<p>Det finns 200 000 barn som har minst en missbrukande f\u00f6r\u00e4lder. I var femte sjukhuss\u00e4ng ligger en person med alkoholskador. Mellan 5 000 och 7 000 personer d\u00f6r varje \u00e5r p\u00e5 grund av sjukdomar eller skador som har samband med alkoholen. Ett drickande som kostar samh\u00e4llet 160 miljarder kronor per \u00e5r.<\/p>\n<p><!--more--><\/p>\n<p>Problemen blir nu allt st\u00f6rre. Bara under G\u00f6ran Persons regeringstid har alkoholkonsumtionen \u00f6kat med n\u00e4rmare 25 procent. Nu h\u00f6js r\u00f6sterna f\u00f6r att s\u00e4nka alkoholskatterna och anpassa oss till l\u00e4nder som har st\u00f6rre alkoholskador och mer rattfylleri \u00e4n vad vi har i Sverige. Kravet p\u00e5 s\u00e4nkta alkoholskatter motiveras av de orimliga regler f\u00f6r inf\u00f6rsel av alkohol som g\u00e4ller inom EU. Men vi kristdemokrater tror inte att man sl\u00e4cker elden genom att h\u00e4lla bensin p\u00e5 den. Alla forskare \u00e4r n\u00e4mligen ense om att l\u00e4gre priser \u00f6kar konsumtionen, och d\u00e5 \u00f6kar ocks\u00e5 alkoholskadorna.<\/p>\n<p>Vi m\u00e5ste nu v\u00e4nda utvecklingen! Detta g\u00f6rs inte genom socialdemokratisk eftergiftspolitik eller den alkoholliberalism som folkpartiet f\u00f6resl\u00e5r. Kristdemokraterna vill ist\u00e4llet att Sverige \u00e5terinf\u00f6r inf\u00f6rselregler p\u00e5 alkohol p\u00e5 ungef\u00e4r den niv\u00e5 som vi hade n\u00e4r vi blev medlemmar i EU 1995. Vi beh\u00f6ver ocks\u00e5 arbeta f\u00f6r h\u00f6ga minimiskatter p\u00e5 alkohol i hela Europa.<\/p>\n<p>Det finns ett allt st\u00f6rre intresse i Europa f\u00f6r att bygga upp en ansvarsfull alkoholpolitik. D\u00e5 \u00e4r det fel av Sverige att backa fr\u00e5n v\u00e5r relativt framg\u00e5ngsrika alkoholpolitik. Vi m\u00e5ste ist\u00e4llet ta vara p\u00e5 det tillf\u00e4lle som nu finns och kraftfullt arbeta f\u00f6r en alkoholpolitik som s\u00e4tter folkh\u00e4lsan f\u00f6re franska b\u00f6nders intresse av att s\u00e4lja vin till svenska ungdomar.<\/p>\n<p style=\"text-align: right\"><em>Arnold Carlzon<\/em><br \/>\nOrdf\u00f6rande i Medborgarn\u00e4mnden<\/p>\n","protected":false},"excerpt":{"rendered":"<p>Det finns 200 000 barn som har minst en missbrukande f\u00f6r\u00e4lder. I var femte sjukhuss\u00e4ng ligger en person med alkoholskador. Mellan 5 000 och 7 000 personer d\u00f6r varje \u00e5r p\u00e5 grund av sjukdomar eller skador som har samband med alkoholen. Ett drickande som kostar samh\u00e4llet 160 miljarder kronor per \u00e5r.<\/p>\n","protected":false},"author":412,"featured_media":9638,"comment_status":"closed","ping_status":"closed","sticky":false,"template":"","format":"standard","meta":{"_acf_changed":false,"footnotes":""},"categories":[12],"tags":[184,22,413,204,154,73,398,346,62],"class_list":["post-2037","post","type-post","status-publish","format-standard","hentry","category-debatt","tag-alkohol","tag-arnold-carlzon","tag-eu","tag-europaparlamentet","tag-folkhalsa","tag-insandare","tag-missbruk","tag-skatter","tag-valrorelse"],"acf":[],"yoast_head":"<!-- This site is optimized with the Yoast SEO plugin v27.4 - https:\/\/yoast.com\/product\/yoast-seo-wordpress\/ -->\n<title>Folkh\u00e4lsan f\u00f6re franska b\u00f6nders intressen - KRISTDEMOKRATERNA V\u00c4RNAMO<\/title>\n<meta name=\"robots\" content=\"index, follow, max-snippet:-1, max-image-preview:large, max-video-preview:-1\" \/>\n<link rel=\"canonical\" href=\"https:\/\/wp.kristdemokraterna.se\/varnamo\/2004\/05\/26\/folkhalsan-fore-franska-bonders-intressen\/\" \/>\n<meta property=\"og:locale\" content=\"sv_SE\" \/>\n<meta property=\"og:type\" content=\"article\" \/>\n<meta property=\"og:title\" content=\"Folkh\u00e4lsan f\u00f6re franska b\u00f6nders intressen - KRISTDEMOKRATERNA V\u00c4RNAMO\" \/>\n<meta property=\"og:description\" content=\"Det finns 200 000 barn som har minst en missbrukande f\u00f6r\u00e4lder. I var femte sjukhuss\u00e4ng ligger en person med alkoholskador. Mellan 5 000 och 7 000 personer d\u00f6r varje \u00e5r p\u00e5 grund av sjukdomar eller skador som har samband med alkoholen. Ett drickande som kostar samh\u00e4llet 160 miljarder kronor per \u00e5r.\" \/>\n<meta property=\"og:url\" content=\"https:\/\/wp.kristdemokraterna.se\/varnamo\/2004\/05\/26\/folkhalsan-fore-franska-bonders-intressen\/\" \/>\n<meta property=\"og:site_name\" content=\"KRISTDEMOKRATERNA V\u00c4RNAMO\" \/>\n<meta property=\"article:publisher\" content=\"https:\/\/www.facebook.com\/KDVarnamo\/\" \/>\n<meta property=\"article:published_time\" content=\"2004-05-26T19:38:00+00:00\" \/>\n<meta property=\"article:modified_time\" content=\"2017-09-18T15:42:06+00:00\" \/>\n<meta property=\"og:image\" content=\"http:\/\/wp.kristdemokraterna.se\/varnamo\/files\/2010\/08\/arnold_carlzon.jpg\" \/>\n<meta name=\"author\" content=\"Kristdemokraterna V\u00e4rnamo\" \/>\n<meta name=\"twitter:card\" content=\"summary_large_image\" \/>\n<meta name=\"twitter:creator\" content=\"@KDVarnamo\" \/>\n<meta name=\"twitter:site\" content=\"@KDVarnamo\" \/>\n<meta name=\"twitter:label1\" content=\"Skriven av\" \/>\n\t<meta name=\"twitter:data1\" content=\"Kristdemokraterna V\u00e4rnamo\" \/>\n\t<meta name=\"twitter:label2\" content=\"Ber\u00e4knad l\u00e4stid\" \/>\n\t<meta name=\"twitter:data2\" content=\"2 minuter\" \/>\n<script type=\"application\/ld+json\" class=\"yoast-schema-graph\">{\"@context\":\"https:\\\/\\\/schema.org\",\"@graph\":[{\"@type\":\"Article\",\"@id\":\"https:\\\/\\\/wp.kristdemokraterna.se\\\/varnamo\\\/2004\\\/05\\\/26\\\/folkhalsan-fore-franska-bonders-intressen\\\/#article\",\"isPartOf\":{\"@id\":\"https:\\\/\\\/wp.kristdemokraterna.se\\\/varnamo\\\/2004\\\/05\\\/26\\\/folkhalsan-fore-franska-bonders-intressen\\\/\"},\"author\":{\"name\":\"Kristdemokraterna V\u00e4rnamo\",\"@id\":\"https:\\\/\\\/wp.kristdemokraterna.se\\\/varnamo\\\/#\\\/schema\\\/person\\\/4e339ab04d613699e4dfe80a994e01d4\"},\"headline\":\"Folkh\u00e4lsan f\u00f6re franska b\u00f6nders intressen\",\"datePublished\":\"2004-05-26T19:38:00+00:00\",\"dateModified\":\"2017-09-18T15:42:06+00:00\",\"mainEntityOfPage\":{\"@id\":\"https:\\\/\\\/wp.kristdemokraterna.se\\\/varnamo\\\/2004\\\/05\\\/26\\\/folkhalsan-fore-franska-bonders-intressen\\\/\"},\"wordCount\":323,\"publisher\":{\"@id\":\"https:\\\/\\\/wp.kristdemokraterna.se\\\/varnamo\\\/#organization\"},\"image\":{\"@id\":\"https:\\\/\\\/wp.kristdemokraterna.se\\\/varnamo\\\/2004\\\/05\\\/26\\\/folkhalsan-fore-franska-bonders-intressen\\\/#primaryimage\"},\"thumbnailUrl\":\"https:\\\/\\\/wp.kristdemokraterna.se\\\/varnamo\\\/files\\\/2022\\\/08\\\/kd-logo-blue.png\",\"keywords\":[\"alkohol\",\"Arnold Carlzon\",\"EU\",\"Europaparlamentet\",\"folkh\u00e4lsa\",\"ins\u00e4ndare\",\"missbruk\",\"skatter\",\"valr\u00f6relse\"],\"articleSection\":[\"Debatt\"],\"inLanguage\":\"sv-SE\"},{\"@type\":\"WebPage\",\"@id\":\"https:\\\/\\\/wp.kristdemokraterna.se\\\/varnamo\\\/2004\\\/05\\\/26\\\/folkhalsan-fore-franska-bonders-intressen\\\/\",\"url\":\"https:\\\/\\\/wp.kristdemokraterna.se\\\/varnamo\\\/2004\\\/05\\\/26\\\/folkhalsan-fore-franska-bonders-intressen\\\/\",\"name\":\"Folkh\u00e4lsan f\u00f6re franska b\u00f6nders intressen - KRISTDEMOKRATERNA V\u00c4RNAMO\",\"isPartOf\":{\"@id\":\"https:\\\/\\\/wp.kristdemokraterna.se\\\/varnamo\\\/#website\"},\"primaryImageOfPage\":{\"@id\":\"https:\\\/\\\/wp.kristdemokraterna.se\\\/varnamo\\\/2004\\\/05\\\/26\\\/folkhalsan-fore-franska-bonders-intressen\\\/#primaryimage\"},\"image\":{\"@id\":\"https:\\\/\\\/wp.kristdemokraterna.se\\\/varnamo\\\/2004\\\/05\\\/26\\\/folkhalsan-fore-franska-bonders-intressen\\\/#primaryimage\"},\"thumbnailUrl\":\"https:\\\/\\\/wp.kristdemokraterna.se\\\/varnamo\\\/files\\\/2022\\\/08\\\/kd-logo-blue.png\",\"datePublished\":\"2004-05-26T19:38:00+00:00\",\"dateModified\":\"2017-09-18T15:42:06+00:00\",\"breadcrumb\":{\"@id\":\"https:\\\/\\\/wp.kristdemokraterna.se\\\/varnamo\\\/2004\\\/05\\\/26\\\/folkhalsan-fore-franska-bonders-intressen\\\/#breadcrumb\"},\"inLanguage\":\"sv-SE\",\"potentialAction\":[{\"@type\":\"ReadAction\",\"target\":[\"https:\\\/\\\/wp.kristdemokraterna.se\\\/varnamo\\\/2004\\\/05\\\/26\\\/folkhalsan-fore-franska-bonders-intressen\\\/\"]}]},{\"@type\":\"ImageObject\",\"inLanguage\":\"sv-SE\",\"@id\":\"https:\\\/\\\/wp.kristdemokraterna.se\\\/varnamo\\\/2004\\\/05\\\/26\\\/folkhalsan-fore-franska-bonders-intressen\\\/#primaryimage\",\"url\":\"https:\\\/\\\/wp.kristdemokraterna.se\\\/varnamo\\\/files\\\/2022\\\/08\\\/kd-logo-blue.png\",\"contentUrl\":\"https:\\\/\\\/wp.kristdemokraterna.se\\\/varnamo\\\/files\\\/2022\\\/08\\\/kd-logo-blue.png\",\"width\":2000,\"height\":2000,\"caption\":\"Kristdemokraternas logotyp\"},{\"@type\":\"BreadcrumbList\",\"@id\":\"https:\\\/\\\/wp.kristdemokraterna.se\\\/varnamo\\\/2004\\\/05\\\/26\\\/folkhalsan-fore-franska-bonders-intressen\\\/#breadcrumb\",\"itemListElement\":[{\"@type\":\"ListItem\",\"position\":1,\"name\":\"Hem\",\"item\":\"https:\\\/\\\/wp.kristdemokraterna.se\\\/varnamo\\\/\"},{\"@type\":\"ListItem\",\"position\":2,\"name\":\"Folkh\u00e4lsan f\u00f6re franska b\u00f6nders intressen\"}]},{\"@type\":\"WebSite\",\"@id\":\"https:\\\/\\\/wp.kristdemokraterna.se\\\/varnamo\\\/#website\",\"url\":\"https:\\\/\\\/wp.kristdemokraterna.se\\\/varnamo\\\/\",\"name\":\"KRISTDEMOKRATERNA V\u00c4RNAMO\",\"description\":\"Med hj\u00e4rta f\u00f6r V\u00e4rnamo\",\"publisher\":{\"@id\":\"https:\\\/\\\/wp.kristdemokraterna.se\\\/varnamo\\\/#organization\"},\"inLanguage\":\"sv-SE\"},{\"@type\":\"Organization\",\"@id\":\"https:\\\/\\\/wp.kristdemokraterna.se\\\/varnamo\\\/#organization\",\"name\":\"Kristdemokraterna V\u00e4rnamo\",\"url\":\"https:\\\/\\\/wp.kristdemokraterna.se\\\/varnamo\\\/\",\"logo\":{\"@type\":\"ImageObject\",\"inLanguage\":\"sv-SE\",\"@id\":\"https:\\\/\\\/wp.kristdemokraterna.se\\\/varnamo\\\/#\\\/schema\\\/logo\\\/image\\\/\",\"url\":\"https:\\\/\\\/wp.kristdemokraterna.se\\\/varnamo\\\/files\\\/2022\\\/08\\\/va\u2560ernamo-sida-bla-300dpi.png\",\"contentUrl\":\"https:\\\/\\\/wp.kristdemokraterna.se\\\/varnamo\\\/files\\\/2022\\\/08\\\/va\u2560ernamo-sida-bla-300dpi.png\",\"width\":1485,\"height\":681,\"caption\":\"Kristdemokraterna V\u00e4rnamo\"},\"image\":{\"@id\":\"https:\\\/\\\/wp.kristdemokraterna.se\\\/varnamo\\\/#\\\/schema\\\/logo\\\/image\\\/\"},\"sameAs\":[\"https:\\\/\\\/www.facebook.com\\\/KDVarnamo\\\/\",\"https:\\\/\\\/x.com\\\/KDVarnamo\",\"https:\\\/\\\/www.instagram.com\\\/\",\"https:\\\/\\\/www.youtube.com\\\/user\\\/studiokd\\\/videos\"]},{\"@type\":\"Person\",\"@id\":\"https:\\\/\\\/wp.kristdemokraterna.se\\\/varnamo\\\/#\\\/schema\\\/person\\\/4e339ab04d613699e4dfe80a994e01d4\",\"name\":\"Kristdemokraterna V\u00e4rnamo\",\"image\":{\"@type\":\"ImageObject\",\"inLanguage\":\"sv-SE\",\"@id\":\"https:\\\/\\\/secure.gravatar.com\\\/avatar\\\/c122e48c7723992af51eb155eeaa93db3c1fa324e3fc6ec45dd712c812809b5b?s=96&r=g\",\"url\":\"https:\\\/\\\/secure.gravatar.com\\\/avatar\\\/c122e48c7723992af51eb155eeaa93db3c1fa324e3fc6ec45dd712c812809b5b?s=96&r=g\",\"contentUrl\":\"https:\\\/\\\/secure.gravatar.com\\\/avatar\\\/c122e48c7723992af51eb155eeaa93db3c1fa324e3fc6ec45dd712c812809b5b?s=96&r=g\",\"caption\":\"Kristdemokraterna V\u00e4rnamo\"},\"description\":\"Familjens r\u00f6st\",\"sameAs\":[\"http:\\\/\\\/www.varnamo.kristdemokraterna.se\"],\"url\":\"https:\\\/\\\/wp.kristdemokraterna.se\\\/varnamo\\\/author\\\/varnamo\\\/\"}]}<\/script>\n<!-- \/ Yoast SEO plugin. -->","yoast_head_json":{"title":"Folkh\u00e4lsan f\u00f6re franska b\u00f6nders intressen - KRISTDEMOKRATERNA V\u00c4RNAMO","robots":{"index":"index","follow":"follow","max-snippet":"max-snippet:-1","max-image-preview":"max-image-preview:large","max-video-preview":"max-video-preview:-1"},"canonical":"https:\/\/wp.kristdemokraterna.se\/varnamo\/2004\/05\/26\/folkhalsan-fore-franska-bonders-intressen\/","og_locale":"sv_SE","og_type":"article","og_title":"Folkh\u00e4lsan f\u00f6re franska b\u00f6nders intressen - KRISTDEMOKRATERNA V\u00c4RNAMO","og_description":"Det finns 200 000 barn som har minst en missbrukande f\u00f6r\u00e4lder. I var femte sjukhuss\u00e4ng ligger en person med alkoholskador. Mellan 5 000 och 7 000 personer d\u00f6r varje \u00e5r p\u00e5 grund av sjukdomar eller skador som har samband med alkoholen. Ett drickande som kostar samh\u00e4llet 160 miljarder kronor per \u00e5r.","og_url":"https:\/\/wp.kristdemokraterna.se\/varnamo\/2004\/05\/26\/folkhalsan-fore-franska-bonders-intressen\/","og_site_name":"KRISTDEMOKRATERNA V\u00c4RNAMO","article_publisher":"https:\/\/www.facebook.com\/KDVarnamo\/","article_published_time":"2004-05-26T19:38:00+00:00","article_modified_time":"2017-09-18T15:42:06+00:00","og_image":[{"url":"http:\/\/wp.kristdemokraterna.se\/varnamo\/files\/2010\/08\/arnold_carlzon.jpg","type":"","width":"","height":""}],"author":"Kristdemokraterna V\u00e4rnamo","twitter_card":"summary_large_image","twitter_creator":"@KDVarnamo","twitter_site":"@KDVarnamo","twitter_misc":{"Skriven av":"Kristdemokraterna V\u00e4rnamo","Ber\u00e4knad l\u00e4stid":"2 minuter"},"schema":{"@context":"https:\/\/schema.org","@graph":[{"@type":"Article","@id":"https:\/\/wp.kristdemokraterna.se\/varnamo\/2004\/05\/26\/folkhalsan-fore-franska-bonders-intressen\/#article","isPartOf":{"@id":"https:\/\/wp.kristdemokraterna.se\/varnamo\/2004\/05\/26\/folkhalsan-fore-franska-bonders-intressen\/"},"author":{"name":"Kristdemokraterna V\u00e4rnamo","@id":"https:\/\/wp.kristdemokraterna.se\/varnamo\/#\/schema\/person\/4e339ab04d613699e4dfe80a994e01d4"},"headline":"Folkh\u00e4lsan f\u00f6re franska b\u00f6nders intressen","datePublished":"2004-05-26T19:38:00+00:00","dateModified":"2017-09-18T15:42:06+00:00","mainEntityOfPage":{"@id":"https:\/\/wp.kristdemokraterna.se\/varnamo\/2004\/05\/26\/folkhalsan-fore-franska-bonders-intressen\/"},"wordCount":323,"publisher":{"@id":"https:\/\/wp.kristdemokraterna.se\/varnamo\/#organization"},"image":{"@id":"https:\/\/wp.kristdemokraterna.se\/varnamo\/2004\/05\/26\/folkhalsan-fore-franska-bonders-intressen\/#primaryimage"},"thumbnailUrl":"https:\/\/wp.kristdemokraterna.se\/varnamo\/files\/2022\/08\/kd-logo-blue.png","keywords":["alkohol","Arnold Carlzon","EU","Europaparlamentet","folkh\u00e4lsa","ins\u00e4ndare","missbruk","skatter","valr\u00f6relse"],"articleSection":["Debatt"],"inLanguage":"sv-SE"},{"@type":"WebPage","@id":"https:\/\/wp.kristdemokraterna.se\/varnamo\/2004\/05\/26\/folkhalsan-fore-franska-bonders-intressen\/","url":"https:\/\/wp.kristdemokraterna.se\/varnamo\/2004\/05\/26\/folkhalsan-fore-franska-bonders-intressen\/","name":"Folkh\u00e4lsan f\u00f6re franska b\u00f6nders intressen - KRISTDEMOKRATERNA V\u00c4RNAMO","isPartOf":{"@id":"https:\/\/wp.kristdemokraterna.se\/varnamo\/#website"},"primaryImageOfPage":{"@id":"https:\/\/wp.kristdemokraterna.se\/varnamo\/2004\/05\/26\/folkhalsan-fore-franska-bonders-intressen\/#primaryimage"},"image":{"@id":"https:\/\/wp.kristdemokraterna.se\/varnamo\/2004\/05\/26\/folkhalsan-fore-franska-bonders-intressen\/#primaryimage"},"thumbnailUrl":"https:\/\/wp.kristdemokraterna.se\/varnamo\/files\/2022\/08\/kd-logo-blue.png","datePublished":"2004-05-26T19:38:00+00:00","dateModified":"2017-09-18T15:42:06+00:00","breadcrumb":{"@id":"https:\/\/wp.kristdemokraterna.se\/varnamo\/2004\/05\/26\/folkhalsan-fore-franska-bonders-intressen\/#breadcrumb"},"inLanguage":"sv-SE","potentialAction":[{"@type":"ReadAction","target":["https:\/\/wp.kristdemokraterna.se\/varnamo\/2004\/05\/26\/folkhalsan-fore-franska-bonders-intressen\/"]}]},{"@type":"ImageObject","inLanguage":"sv-SE","@id":"https:\/\/wp.kristdemokraterna.se\/varnamo\/2004\/05\/26\/folkhalsan-fore-franska-bonders-intressen\/#primaryimage","url":"https:\/\/wp.kristdemokraterna.se\/varnamo\/files\/2022\/08\/kd-logo-blue.png","contentUrl":"https:\/\/wp.kristdemokraterna.se\/varnamo\/files\/2022\/08\/kd-logo-blue.png","width":2000,"height":2000,"caption":"Kristdemokraternas logotyp"},{"@type":"BreadcrumbList","@id":"https:\/\/wp.kristdemokraterna.se\/varnamo\/2004\/05\/26\/folkhalsan-fore-franska-bonders-intressen\/#breadcrumb","itemListElement":[{"@type":"ListItem","position":1,"name":"Hem","item":"https:\/\/wp.kristdemokraterna.se\/varnamo\/"},{"@type":"ListItem","position":2,"name":"Folkh\u00e4lsan f\u00f6re franska b\u00f6nders intressen"}]},{"@type":"WebSite","@id":"https:\/\/wp.kristdemokraterna.se\/varnamo\/#website","url":"https:\/\/wp.kristdemokraterna.se\/varnamo\/","name":"KRISTDEMOKRATERNA V\u00c4RNAMO","description":"Med hj\u00e4rta f\u00f6r V\u00e4rnamo","publisher":{"@id":"https:\/\/wp.kristdemokraterna.se\/varnamo\/#organization"},"inLanguage":"sv-SE"},{"@type":"Organization","@id":"https:\/\/wp.kristdemokraterna.se\/varnamo\/#organization","name":"Kristdemokraterna V\u00e4rnamo","url":"https:\/\/wp.kristdemokraterna.se\/varnamo\/","logo":{"@type":"ImageObject","inLanguage":"sv-SE","@id":"https:\/\/wp.kristdemokraterna.se\/varnamo\/#\/schema\/logo\/image\/","url":"https:\/\/wp.kristdemokraterna.se\/varnamo\/files\/2022\/08\/va\u2560ernamo-sida-bla-300dpi.png","contentUrl":"https:\/\/wp.kristdemokraterna.se\/varnamo\/files\/2022\/08\/va\u2560ernamo-sida-bla-300dpi.png","width":1485,"height":681,"caption":"Kristdemokraterna V\u00e4rnamo"},"image":{"@id":"https:\/\/wp.kristdemokraterna.se\/varnamo\/#\/schema\/logo\/image\/"},"sameAs":["https:\/\/www.facebook.com\/KDVarnamo\/","https:\/\/x.com\/KDVarnamo","https:\/\/www.instagram.com\/","https:\/\/www.youtube.com\/user\/studiokd\/videos"]},{"@type":"Person","@id":"https:\/\/wp.kristdemokraterna.se\/varnamo\/#\/schema\/person\/4e339ab04d613699e4dfe80a994e01d4","name":"Kristdemokraterna V\u00e4rnamo","image":{"@type":"ImageObject","inLanguage":"sv-SE","@id":"https:\/\/secure.gravatar.com\/avatar\/c122e48c7723992af51eb155eeaa93db3c1fa324e3fc6ec45dd712c812809b5b?s=96&r=g","url":"https:\/\/secure.gravatar.com\/avatar\/c122e48c7723992af51eb155eeaa93db3c1fa324e3fc6ec45dd712c812809b5b?s=96&r=g","contentUrl":"https:\/\/secure.gravatar.com\/avatar\/c122e48c7723992af51eb155eeaa93db3c1fa324e3fc6ec45dd712c812809b5b?s=96&r=g","caption":"Kristdemokraterna V\u00e4rnamo"},"description":"Familjens r\u00f6st","sameAs":["http:\/\/www.varnamo.kristdemokraterna.se"],"url":"https:\/\/wp.kristdemokraterna.se\/varnamo\/author\/varnamo\/"}]}},"_links":{"self":[{"href":"https:\/\/wp.kristdemokraterna.se\/varnamo\/wp-json\/wp\/v2\/posts\/2037","targetHints":{"allow":["GET"]}}],"collection":[{"href":"https:\/\/wp.kristdemokraterna.se\/varnamo\/wp-json\/wp\/v2\/posts"}],"about":[{"href":"https:\/\/wp.kristdemokraterna.se\/varnamo\/wp-json\/wp\/v2\/types\/post"}],"author":[{"embeddable":true,"href":"https:\/\/wp.kristdemokraterna.se\/varnamo\/wp-json\/wp\/v2\/users\/412"}],"replies":[{"embeddable":true,"href":"https:\/\/wp.kristdemokraterna.se\/varnamo\/wp-json\/wp\/v2\/comments?post=2037"}],"version-history":[{"count":6,"href":"https:\/\/wp.kristdemokraterna.se\/varnamo\/wp-json\/wp\/v2\/posts\/2037\/revisions"}],"predecessor-version":[{"id":7607,"href":"https:\/\/wp.kristdemokraterna.se\/varnamo\/wp-json\/wp\/v2\/posts\/2037\/revisions\/7607"}],"wp:featuredmedia":[{"embeddable":true,"href":"https:\/\/wp.kristdemokraterna.se\/varnamo\/wp-json\/wp\/v2\/media\/9638"}],"wp:attachment":[{"href":"https:\/\/wp.kristdemokraterna.se\/varnamo\/wp-json\/wp\/v2\/media?parent=2037"}],"wp:term":[{"taxonomy":"category","embeddable":true,"href":"https:\/\/wp.kristdemokraterna.se\/varnamo\/wp-json\/wp\/v2\/categories?post=2037"},{"taxonomy":"post_tag","embeddable":true,"href":"https:\/\/wp.kristdemokraterna.se\/varnamo\/wp-json\/wp\/v2\/tags?post=2037"}],"curies":[{"name":"wp","href":"https:\/\/api.w.org\/{rel}","templated":true}]}}