{"id":2038,"date":"2004-06-02T21:38:00","date_gmt":"2004-06-02T19:38:00","guid":{"rendered":"http:\/\/localhost:4901\/?p=2038"},"modified":"2015-07-12T18:57:14","modified_gmt":"2015-07-12T16:57:14","slug":"global-solidaritet-och-medborgarnas-rattigheter","status":"publish","type":"post","link":"https:\/\/wp.kristdemokraterna.se\/varnamo\/2004\/06\/02\/global-solidaritet-och-medborgarnas-rattigheter\/","title":{"rendered":"Global solidaritet och medborgarnas r\u00e4ttigheter"},"content":{"rendered":"<div style=\"width: 226px\" class=\"wp-caption alignnone\"><a href=\"http:\/\/wp.kristdemokraterna.se\/varnamo\/files\/2010\/08\/helena_halldorf_romero.jpg\"><img loading=\"lazy\" decoding=\"async\" title=\"helena_halldorf_romero\" src=\"http:\/\/wp.kristdemokraterna.se\/varnamo\/files\/2010\/08\/helena_halldorf_romero.jpg\" alt=\"Helena Halldorf-Romero, andranamn p\u00e5 Kristdemokraternas lista i Europavalet den 13 juni\" width=\"216\" height=\"325\" \/><\/a><p class=\"wp-caption-text\">Helena Halldorf-Romero, andranamn p\u00e5 Kristdemokraternas lista i Europavalet den 13 juni<\/p><\/div>\n<p>Helena Halldorf-Romero fr\u00e5n Madrid och Uppsala, som \u00e4r andranamn p\u00e5 Kristdemokraternas lista i valet till Europaparlamentet den 13 juni, bes\u00f6kte V\u00e4rnamo den 2 juni. Under sitt bes\u00f6k bj\u00f6d hon p\u00e5 kaffe och ber\u00e4ttade om vad hon vill utr\u00e4tta i EU-parlamentet \u2013 arbeta f\u00f6r global solidaritet och medborgarnas r\u00e4ttigheter.<\/p>\n<p><!--more-->Jag tror att EU beh\u00f6vs som ett verktyg f\u00f6r de stora fr\u00e5gorna som ber\u00f6r v\u00e5r vardag. Det inneb\u00e4r att jag tycker att man ska koncentrera sig p\u00e5 gr\u00e4ns\u00f6verskridande problem och omr\u00e5den och att man m\u00e5ste v\u00e5ga l\u00e5ta andra beslut tas p\u00e5 l\u00e4gre niv\u00e5er, fortsatte\u00a0Helena Halldorf-Romero.<\/p>\n<h1>Milj\u00f6 och global utveckling<\/h1>\n<p>Utan tvekan \u00e4r det s\u00e5 att EU beh\u00f6vs f\u00f6r att kunna f\u00f6rb\u00e4ttra milj\u00f6n. H\u00e4r beh\u00f6ver vi samarbeta. I somras gick jag p\u00e5 str\u00e4nderna i norra Spanien. Det fanns knappt en meter utan en liten oljefl\u00e4ck, spill fr\u00e5n det stora fartyget Prestige som f\u00f6rliste i november 2002. Om EU:s regler hade hunnit tr\u00e4da i kraft hade inte Prestige-olyckan kunnat h\u00e4nda. V\u00e5rt m\u00e5l \u00e4r nu att f\u00e5 med oss alla \u00d6stersj\u00f6l\u00e4nderna p\u00e5 samma krav. Det h\u00e4r \u00e4r bara ett exempel.<\/p>\n<p>Jag tror ocks\u00e5 p\u00e5 EU som en viktig part n\u00e4r det g\u00e4ller den globala utvecklingen. Om EU kan enas om att satsa p\u00e5 n\u00e5gra av millenniem\u00e5len, finns det chans att man kan uppn\u00e5 n\u00e5got.<\/p>\n<h1>En human flyktingpolitik<\/h1>\n<p>P\u00e5 sikt \u00e4r det t\u00e4nkt att det ska bli en gemensam flyktingpolitik inom EU. Jag tycker att det \u00e4r viktigt att den f\u00e5r ett humant ansikte och ger utrymme f\u00f6r gener\u00f6sa tolkningar. Jag tror ocks\u00e5 att det m\u00e5ste finnas en laglig v\u00e4g f\u00f6r dem som vill ta sig till Europa utan att ha verkliga flyktingsk\u00e4l, ett slags gr\u00f6nt kort.<\/p>\n<p>F\u00f6r mig h\u00e4nger detta faktiskt ocks\u00e5 ihop med k\u00f6nshandeln, denna vidriga slavhandel som p\u00e5g\u00e5r med kvinnor in i Europa. De som sysslar med denna brottsliga verksamhet m\u00e5ste f\u00e5ngas och straffas, men det beh\u00f6vs ocks\u00e5 andra lagliga s\u00e4tt att f\u00f6rs\u00f6rja sig f\u00f6r dessa kvinnor, b\u00e5de i sina heml\u00e4nder och i Europa.<\/p>\n<h1>Medborgarnas Europa \u2013 inte minst de ungas<\/h1>\n<p>Det blir allt l\u00e4ttare att flytta och r\u00f6ra sig mellan de europeiska l\u00e4nderna, det nya h\u00e4lsokortet \u00e4r ett steg som kanske kommer att g\u00f6ra det \u00e4nnu b\u00e4ttre. Men fortfarande finns en del kvar att g\u00f6ra. Ett f\u00f6rslag som jag skulle vilja driva \u00e4r att skapa ett program f\u00f6r utbyten under gymnasiet, ett slags Erasmus junior.<\/p>\n\n\t\t<style type=\"text\/css\">\n\t\t\t#gallery-1 {\n\t\t\t\tmargin: auto;\n\t\t\t}\n\t\t\t#gallery-1 .gallery-item {\n\t\t\t\tfloat: left;\n\t\t\t\tmargin-top: 10px;\n\t\t\t\ttext-align: center;\n\t\t\t\twidth: 33%;\n\t\t\t}\n\t\t\t#gallery-1 img {\n\t\t\t\tborder: 2px solid #cfcfcf;\n\t\t\t}\n\t\t\t#gallery-1 .gallery-caption {\n\t\t\t\tmargin-left: 0;\n\t\t\t}\n\t\t\t\/* see gallery_shortcode() in wp-includes\/media.php *\/\n\t\t<\/style>\n\t\t<div id='gallery-1' class='gallery galleryid-2038 gallery-columns-3 gallery-size-thumbnail'><dl class='gallery-item'>\n\t\t\t<dt class='gallery-icon portrait'>\n\t\t\t\t<a href='https:\/\/wp.kristdemokraterna.se\/varnamo\/2004\/05\/21\/mitt-europa-tar-krafttag-mot-den-okade-brottsligheten\/2004-euval-helenahalldorfromero\/'><img loading=\"lazy\" decoding=\"async\" width=\"150\" height=\"150\" src=\"https:\/\/wp.kristdemokraterna.se\/varnamo\/files\/2004\/05\/2004_EUVal_HelenaHalldorfRomero-150x150.png\" class=\"attachment-thumbnail size-thumbnail\" alt=\"&quot;Jag vill arbeta f\u00f6r global solidaritet och medborgarnas r\u00e4ttigheter.&quot; Helena Halldorf Romero. Kristdemokraterna. www.kristdemokraterna.se\" \/><\/a>\n\t\t\t<\/dt><\/dl>\n\t\t\t<br style='clear: both' \/>\n\t\t<\/div>\n\n","protected":false},"excerpt":{"rendered":"<p>Helena Halldorf-Romero fr\u00e5n Madrid och Uppsala, som \u00e4r andranamn p\u00e5 Kristdemokraternas lista i valet till Europaparlamentet den 13 juni, bes\u00f6kte V\u00e4rnamo den 2 juni. Under sitt bes\u00f6k bj\u00f6d hon p\u00e5 kaffe och ber\u00e4ttade om vad hon vill utr\u00e4tta i EU-parlamentet \u2013 arbeta f\u00f6r global solidaritet och medborgarnas r\u00e4ttigheter.<\/p>\n","protected":false},"author":412,"featured_media":9638,"comment_status":"closed","ping_status":"closed","sticky":false,"template":"","format":"standard","meta":{"_acf_changed":false,"footnotes":""},"categories":[11],"tags":[204,161,207,208,211,39,101,210,209,62],"class_list":["post-2038","post","type-post","status-publish","format-standard","hentry","category-nyheter","tag-europaparlamentet","tag-flyktingar","tag-helena-halldorf-romero","tag-manskliga-rattigheter","tag-medborgarnas-europa","tag-miljo","tag-solidaritet","tag-trafficking","tag-utveckling","tag-valrorelse"],"acf":[],"yoast_head":"<!-- This site is optimized with the Yoast SEO plugin v27.4 - https:\/\/yoast.com\/product\/yoast-seo-wordpress\/ -->\n<title>Global solidaritet och medborgarnas r\u00e4ttigheter - KRISTDEMOKRATERNA V\u00c4RNAMO<\/title>\n<meta name=\"robots\" content=\"index, follow, max-snippet:-1, max-image-preview:large, max-video-preview:-1\" \/>\n<link rel=\"canonical\" href=\"https:\/\/wp.kristdemokraterna.se\/varnamo\/2004\/06\/02\/global-solidaritet-och-medborgarnas-rattigheter\/\" \/>\n<meta property=\"og:locale\" content=\"sv_SE\" \/>\n<meta property=\"og:type\" content=\"article\" \/>\n<meta property=\"og:title\" content=\"Global solidaritet och medborgarnas r\u00e4ttigheter - KRISTDEMOKRATERNA V\u00c4RNAMO\" \/>\n<meta property=\"og:description\" content=\"Helena Halldorf-Romero fr\u00e5n Madrid och Uppsala, som \u00e4r andranamn p\u00e5 Kristdemokraternas lista i valet till Europaparlamentet den 13 juni, bes\u00f6kte V\u00e4rnamo den 2 juni. Under sitt bes\u00f6k bj\u00f6d hon p\u00e5 kaffe och ber\u00e4ttade om vad hon vill utr\u00e4tta i EU-parlamentet \u2013 arbeta f\u00f6r global solidaritet och medborgarnas r\u00e4ttigheter.\" \/>\n<meta property=\"og:url\" content=\"https:\/\/wp.kristdemokraterna.se\/varnamo\/2004\/06\/02\/global-solidaritet-och-medborgarnas-rattigheter\/\" \/>\n<meta property=\"og:site_name\" content=\"KRISTDEMOKRATERNA V\u00c4RNAMO\" \/>\n<meta property=\"article:publisher\" content=\"https:\/\/www.facebook.com\/KDVarnamo\/\" \/>\n<meta property=\"article:published_time\" content=\"2004-06-02T19:38:00+00:00\" \/>\n<meta property=\"article:modified_time\" content=\"2015-07-12T16:57:14+00:00\" \/>\n<meta property=\"og:image\" content=\"https:\/\/wp.kristdemokraterna.se\/varnamo\/files\/2004\/05\/2004_EUVal_HelenaHalldorfRomero-150x150.png\" \/>\n<meta name=\"author\" content=\"Kristdemokraterna V\u00e4rnamo\" \/>\n<meta name=\"twitter:card\" content=\"summary_large_image\" \/>\n<meta name=\"twitter:creator\" content=\"@KDVarnamo\" \/>\n<meta name=\"twitter:site\" content=\"@KDVarnamo\" \/>\n<meta name=\"twitter:label1\" content=\"Skriven av\" \/>\n\t<meta name=\"twitter:data1\" content=\"Kristdemokraterna V\u00e4rnamo\" \/>\n\t<meta name=\"twitter:label2\" content=\"Ber\u00e4knad l\u00e4stid\" \/>\n\t<meta name=\"twitter:data2\" content=\"2 minuter\" \/>\n<script type=\"application\/ld+json\" class=\"yoast-schema-graph\">{\"@context\":\"https:\\\/\\\/schema.org\",\"@graph\":[{\"@type\":\"Article\",\"@id\":\"https:\\\/\\\/wp.kristdemokraterna.se\\\/varnamo\\\/2004\\\/06\\\/02\\\/global-solidaritet-och-medborgarnas-rattigheter\\\/#article\",\"isPartOf\":{\"@id\":\"https:\\\/\\\/wp.kristdemokraterna.se\\\/varnamo\\\/2004\\\/06\\\/02\\\/global-solidaritet-och-medborgarnas-rattigheter\\\/\"},\"author\":{\"name\":\"Kristdemokraterna V\u00e4rnamo\",\"@id\":\"https:\\\/\\\/wp.kristdemokraterna.se\\\/varnamo\\\/#\\\/schema\\\/person\\\/4e339ab04d613699e4dfe80a994e01d4\"},\"headline\":\"Global solidaritet och medborgarnas r\u00e4ttigheter\",\"datePublished\":\"2004-06-02T19:38:00+00:00\",\"dateModified\":\"2015-07-12T16:57:14+00:00\",\"mainEntityOfPage\":{\"@id\":\"https:\\\/\\\/wp.kristdemokraterna.se\\\/varnamo\\\/2004\\\/06\\\/02\\\/global-solidaritet-och-medborgarnas-rattigheter\\\/\"},\"wordCount\":486,\"publisher\":{\"@id\":\"https:\\\/\\\/wp.kristdemokraterna.se\\\/varnamo\\\/#organization\"},\"image\":{\"@id\":\"https:\\\/\\\/wp.kristdemokraterna.se\\\/varnamo\\\/2004\\\/06\\\/02\\\/global-solidaritet-och-medborgarnas-rattigheter\\\/#primaryimage\"},\"thumbnailUrl\":\"https:\\\/\\\/wp.kristdemokraterna.se\\\/varnamo\\\/files\\\/2022\\\/08\\\/kd-logo-blue.png\",\"keywords\":[\"Europaparlamentet\",\"flyktingar\",\"Helena Halldorf-Romero\",\"m\u00e4nskliga r\u00e4ttigheter\",\"medborgarnas Europa\",\"milj\u00f6\",\"solidaritet\",\"trafficking\",\"utveckling\",\"valr\u00f6relse\"],\"articleSection\":[\"Nyheter\"],\"inLanguage\":\"sv-SE\"},{\"@type\":\"WebPage\",\"@id\":\"https:\\\/\\\/wp.kristdemokraterna.se\\\/varnamo\\\/2004\\\/06\\\/02\\\/global-solidaritet-och-medborgarnas-rattigheter\\\/\",\"url\":\"https:\\\/\\\/wp.kristdemokraterna.se\\\/varnamo\\\/2004\\\/06\\\/02\\\/global-solidaritet-och-medborgarnas-rattigheter\\\/\",\"name\":\"Global solidaritet och medborgarnas r\u00e4ttigheter - KRISTDEMOKRATERNA V\u00c4RNAMO\",\"isPartOf\":{\"@id\":\"https:\\\/\\\/wp.kristdemokraterna.se\\\/varnamo\\\/#website\"},\"primaryImageOfPage\":{\"@id\":\"https:\\\/\\\/wp.kristdemokraterna.se\\\/varnamo\\\/2004\\\/06\\\/02\\\/global-solidaritet-och-medborgarnas-rattigheter\\\/#primaryimage\"},\"image\":{\"@id\":\"https:\\\/\\\/wp.kristdemokraterna.se\\\/varnamo\\\/2004\\\/06\\\/02\\\/global-solidaritet-och-medborgarnas-rattigheter\\\/#primaryimage\"},\"thumbnailUrl\":\"https:\\\/\\\/wp.kristdemokraterna.se\\\/varnamo\\\/files\\\/2022\\\/08\\\/kd-logo-blue.png\",\"datePublished\":\"2004-06-02T19:38:00+00:00\",\"dateModified\":\"2015-07-12T16:57:14+00:00\",\"breadcrumb\":{\"@id\":\"https:\\\/\\\/wp.kristdemokraterna.se\\\/varnamo\\\/2004\\\/06\\\/02\\\/global-solidaritet-och-medborgarnas-rattigheter\\\/#breadcrumb\"},\"inLanguage\":\"sv-SE\",\"potentialAction\":[{\"@type\":\"ReadAction\",\"target\":[\"https:\\\/\\\/wp.kristdemokraterna.se\\\/varnamo\\\/2004\\\/06\\\/02\\\/global-solidaritet-och-medborgarnas-rattigheter\\\/\"]}]},{\"@type\":\"ImageObject\",\"inLanguage\":\"sv-SE\",\"@id\":\"https:\\\/\\\/wp.kristdemokraterna.se\\\/varnamo\\\/2004\\\/06\\\/02\\\/global-solidaritet-och-medborgarnas-rattigheter\\\/#primaryimage\",\"url\":\"https:\\\/\\\/wp.kristdemokraterna.se\\\/varnamo\\\/files\\\/2022\\\/08\\\/kd-logo-blue.png\",\"contentUrl\":\"https:\\\/\\\/wp.kristdemokraterna.se\\\/varnamo\\\/files\\\/2022\\\/08\\\/kd-logo-blue.png\",\"width\":2000,\"height\":2000,\"caption\":\"Kristdemokraternas logotyp\"},{\"@type\":\"BreadcrumbList\",\"@id\":\"https:\\\/\\\/wp.kristdemokraterna.se\\\/varnamo\\\/2004\\\/06\\\/02\\\/global-solidaritet-och-medborgarnas-rattigheter\\\/#breadcrumb\",\"itemListElement\":[{\"@type\":\"ListItem\",\"position\":1,\"name\":\"Hem\",\"item\":\"https:\\\/\\\/wp.kristdemokraterna.se\\\/varnamo\\\/\"},{\"@type\":\"ListItem\",\"position\":2,\"name\":\"Global solidaritet och medborgarnas r\u00e4ttigheter\"}]},{\"@type\":\"WebSite\",\"@id\":\"https:\\\/\\\/wp.kristdemokraterna.se\\\/varnamo\\\/#website\",\"url\":\"https:\\\/\\\/wp.kristdemokraterna.se\\\/varnamo\\\/\",\"name\":\"KRISTDEMOKRATERNA V\u00c4RNAMO\",\"description\":\"Med hj\u00e4rta f\u00f6r V\u00e4rnamo\",\"publisher\":{\"@id\":\"https:\\\/\\\/wp.kristdemokraterna.se\\\/varnamo\\\/#organization\"},\"inLanguage\":\"sv-SE\"},{\"@type\":\"Organization\",\"@id\":\"https:\\\/\\\/wp.kristdemokraterna.se\\\/varnamo\\\/#organization\",\"name\":\"Kristdemokraterna V\u00e4rnamo\",\"url\":\"https:\\\/\\\/wp.kristdemokraterna.se\\\/varnamo\\\/\",\"logo\":{\"@type\":\"ImageObject\",\"inLanguage\":\"sv-SE\",\"@id\":\"https:\\\/\\\/wp.kristdemokraterna.se\\\/varnamo\\\/#\\\/schema\\\/logo\\\/image\\\/\",\"url\":\"https:\\\/\\\/wp.kristdemokraterna.se\\\/varnamo\\\/files\\\/2022\\\/08\\\/va\u2560ernamo-sida-bla-300dpi.png\",\"contentUrl\":\"https:\\\/\\\/wp.kristdemokraterna.se\\\/varnamo\\\/files\\\/2022\\\/08\\\/va\u2560ernamo-sida-bla-300dpi.png\",\"width\":1485,\"height\":681,\"caption\":\"Kristdemokraterna V\u00e4rnamo\"},\"image\":{\"@id\":\"https:\\\/\\\/wp.kristdemokraterna.se\\\/varnamo\\\/#\\\/schema\\\/logo\\\/image\\\/\"},\"sameAs\":[\"https:\\\/\\\/www.facebook.com\\\/KDVarnamo\\\/\",\"https:\\\/\\\/x.com\\\/KDVarnamo\",\"https:\\\/\\\/www.instagram.com\\\/\",\"https:\\\/\\\/www.youtube.com\\\/user\\\/studiokd\\\/videos\"]},{\"@type\":\"Person\",\"@id\":\"https:\\\/\\\/wp.kristdemokraterna.se\\\/varnamo\\\/#\\\/schema\\\/person\\\/4e339ab04d613699e4dfe80a994e01d4\",\"name\":\"Kristdemokraterna V\u00e4rnamo\",\"image\":{\"@type\":\"ImageObject\",\"inLanguage\":\"sv-SE\",\"@id\":\"https:\\\/\\\/secure.gravatar.com\\\/avatar\\\/c122e48c7723992af51eb155eeaa93db3c1fa324e3fc6ec45dd712c812809b5b?s=96&r=g\",\"url\":\"https:\\\/\\\/secure.gravatar.com\\\/avatar\\\/c122e48c7723992af51eb155eeaa93db3c1fa324e3fc6ec45dd712c812809b5b?s=96&r=g\",\"contentUrl\":\"https:\\\/\\\/secure.gravatar.com\\\/avatar\\\/c122e48c7723992af51eb155eeaa93db3c1fa324e3fc6ec45dd712c812809b5b?s=96&r=g\",\"caption\":\"Kristdemokraterna V\u00e4rnamo\"},\"description\":\"Familjens r\u00f6st\",\"sameAs\":[\"http:\\\/\\\/www.varnamo.kristdemokraterna.se\"],\"url\":\"https:\\\/\\\/wp.kristdemokraterna.se\\\/varnamo\\\/author\\\/varnamo\\\/\"}]}<\/script>\n<!-- \/ Yoast SEO plugin. -->","yoast_head_json":{"title":"Global solidaritet och medborgarnas r\u00e4ttigheter - KRISTDEMOKRATERNA V\u00c4RNAMO","robots":{"index":"index","follow":"follow","max-snippet":"max-snippet:-1","max-image-preview":"max-image-preview:large","max-video-preview":"max-video-preview:-1"},"canonical":"https:\/\/wp.kristdemokraterna.se\/varnamo\/2004\/06\/02\/global-solidaritet-och-medborgarnas-rattigheter\/","og_locale":"sv_SE","og_type":"article","og_title":"Global solidaritet och medborgarnas r\u00e4ttigheter - KRISTDEMOKRATERNA V\u00c4RNAMO","og_description":"Helena Halldorf-Romero fr\u00e5n Madrid och Uppsala, som \u00e4r andranamn p\u00e5 Kristdemokraternas lista i valet till Europaparlamentet den 13 juni, bes\u00f6kte V\u00e4rnamo den 2 juni. Under sitt bes\u00f6k bj\u00f6d hon p\u00e5 kaffe och ber\u00e4ttade om vad hon vill utr\u00e4tta i EU-parlamentet \u2013 arbeta f\u00f6r global solidaritet och medborgarnas r\u00e4ttigheter.","og_url":"https:\/\/wp.kristdemokraterna.se\/varnamo\/2004\/06\/02\/global-solidaritet-och-medborgarnas-rattigheter\/","og_site_name":"KRISTDEMOKRATERNA V\u00c4RNAMO","article_publisher":"https:\/\/www.facebook.com\/KDVarnamo\/","article_published_time":"2004-06-02T19:38:00+00:00","article_modified_time":"2015-07-12T16:57:14+00:00","og_image":[{"url":"https:\/\/wp.kristdemokraterna.se\/varnamo\/files\/2004\/05\/2004_EUVal_HelenaHalldorfRomero-150x150.png","type":"","width":"","height":""}],"author":"Kristdemokraterna V\u00e4rnamo","twitter_card":"summary_large_image","twitter_creator":"@KDVarnamo","twitter_site":"@KDVarnamo","twitter_misc":{"Skriven av":"Kristdemokraterna V\u00e4rnamo","Ber\u00e4knad l\u00e4stid":"2 minuter"},"schema":{"@context":"https:\/\/schema.org","@graph":[{"@type":"Article","@id":"https:\/\/wp.kristdemokraterna.se\/varnamo\/2004\/06\/02\/global-solidaritet-och-medborgarnas-rattigheter\/#article","isPartOf":{"@id":"https:\/\/wp.kristdemokraterna.se\/varnamo\/2004\/06\/02\/global-solidaritet-och-medborgarnas-rattigheter\/"},"author":{"name":"Kristdemokraterna V\u00e4rnamo","@id":"https:\/\/wp.kristdemokraterna.se\/varnamo\/#\/schema\/person\/4e339ab04d613699e4dfe80a994e01d4"},"headline":"Global solidaritet och medborgarnas r\u00e4ttigheter","datePublished":"2004-06-02T19:38:00+00:00","dateModified":"2015-07-12T16:57:14+00:00","mainEntityOfPage":{"@id":"https:\/\/wp.kristdemokraterna.se\/varnamo\/2004\/06\/02\/global-solidaritet-och-medborgarnas-rattigheter\/"},"wordCount":486,"publisher":{"@id":"https:\/\/wp.kristdemokraterna.se\/varnamo\/#organization"},"image":{"@id":"https:\/\/wp.kristdemokraterna.se\/varnamo\/2004\/06\/02\/global-solidaritet-och-medborgarnas-rattigheter\/#primaryimage"},"thumbnailUrl":"https:\/\/wp.kristdemokraterna.se\/varnamo\/files\/2022\/08\/kd-logo-blue.png","keywords":["Europaparlamentet","flyktingar","Helena Halldorf-Romero","m\u00e4nskliga r\u00e4ttigheter","medborgarnas Europa","milj\u00f6","solidaritet","trafficking","utveckling","valr\u00f6relse"],"articleSection":["Nyheter"],"inLanguage":"sv-SE"},{"@type":"WebPage","@id":"https:\/\/wp.kristdemokraterna.se\/varnamo\/2004\/06\/02\/global-solidaritet-och-medborgarnas-rattigheter\/","url":"https:\/\/wp.kristdemokraterna.se\/varnamo\/2004\/06\/02\/global-solidaritet-och-medborgarnas-rattigheter\/","name":"Global solidaritet och medborgarnas r\u00e4ttigheter - KRISTDEMOKRATERNA V\u00c4RNAMO","isPartOf":{"@id":"https:\/\/wp.kristdemokraterna.se\/varnamo\/#website"},"primaryImageOfPage":{"@id":"https:\/\/wp.kristdemokraterna.se\/varnamo\/2004\/06\/02\/global-solidaritet-och-medborgarnas-rattigheter\/#primaryimage"},"image":{"@id":"https:\/\/wp.kristdemokraterna.se\/varnamo\/2004\/06\/02\/global-solidaritet-och-medborgarnas-rattigheter\/#primaryimage"},"thumbnailUrl":"https:\/\/wp.kristdemokraterna.se\/varnamo\/files\/2022\/08\/kd-logo-blue.png","datePublished":"2004-06-02T19:38:00+00:00","dateModified":"2015-07-12T16:57:14+00:00","breadcrumb":{"@id":"https:\/\/wp.kristdemokraterna.se\/varnamo\/2004\/06\/02\/global-solidaritet-och-medborgarnas-rattigheter\/#breadcrumb"},"inLanguage":"sv-SE","potentialAction":[{"@type":"ReadAction","target":["https:\/\/wp.kristdemokraterna.se\/varnamo\/2004\/06\/02\/global-solidaritet-och-medborgarnas-rattigheter\/"]}]},{"@type":"ImageObject","inLanguage":"sv-SE","@id":"https:\/\/wp.kristdemokraterna.se\/varnamo\/2004\/06\/02\/global-solidaritet-och-medborgarnas-rattigheter\/#primaryimage","url":"https:\/\/wp.kristdemokraterna.se\/varnamo\/files\/2022\/08\/kd-logo-blue.png","contentUrl":"https:\/\/wp.kristdemokraterna.se\/varnamo\/files\/2022\/08\/kd-logo-blue.png","width":2000,"height":2000,"caption":"Kristdemokraternas logotyp"},{"@type":"BreadcrumbList","@id":"https:\/\/wp.kristdemokraterna.se\/varnamo\/2004\/06\/02\/global-solidaritet-och-medborgarnas-rattigheter\/#breadcrumb","itemListElement":[{"@type":"ListItem","position":1,"name":"Hem","item":"https:\/\/wp.kristdemokraterna.se\/varnamo\/"},{"@type":"ListItem","position":2,"name":"Global solidaritet och medborgarnas r\u00e4ttigheter"}]},{"@type":"WebSite","@id":"https:\/\/wp.kristdemokraterna.se\/varnamo\/#website","url":"https:\/\/wp.kristdemokraterna.se\/varnamo\/","name":"KRISTDEMOKRATERNA V\u00c4RNAMO","description":"Med hj\u00e4rta f\u00f6r V\u00e4rnamo","publisher":{"@id":"https:\/\/wp.kristdemokraterna.se\/varnamo\/#organization"},"inLanguage":"sv-SE"},{"@type":"Organization","@id":"https:\/\/wp.kristdemokraterna.se\/varnamo\/#organization","name":"Kristdemokraterna V\u00e4rnamo","url":"https:\/\/wp.kristdemokraterna.se\/varnamo\/","logo":{"@type":"ImageObject","inLanguage":"sv-SE","@id":"https:\/\/wp.kristdemokraterna.se\/varnamo\/#\/schema\/logo\/image\/","url":"https:\/\/wp.kristdemokraterna.se\/varnamo\/files\/2022\/08\/va\u2560ernamo-sida-bla-300dpi.png","contentUrl":"https:\/\/wp.kristdemokraterna.se\/varnamo\/files\/2022\/08\/va\u2560ernamo-sida-bla-300dpi.png","width":1485,"height":681,"caption":"Kristdemokraterna V\u00e4rnamo"},"image":{"@id":"https:\/\/wp.kristdemokraterna.se\/varnamo\/#\/schema\/logo\/image\/"},"sameAs":["https:\/\/www.facebook.com\/KDVarnamo\/","https:\/\/x.com\/KDVarnamo","https:\/\/www.instagram.com\/","https:\/\/www.youtube.com\/user\/studiokd\/videos"]},{"@type":"Person","@id":"https:\/\/wp.kristdemokraterna.se\/varnamo\/#\/schema\/person\/4e339ab04d613699e4dfe80a994e01d4","name":"Kristdemokraterna V\u00e4rnamo","image":{"@type":"ImageObject","inLanguage":"sv-SE","@id":"https:\/\/secure.gravatar.com\/avatar\/c122e48c7723992af51eb155eeaa93db3c1fa324e3fc6ec45dd712c812809b5b?s=96&r=g","url":"https:\/\/secure.gravatar.com\/avatar\/c122e48c7723992af51eb155eeaa93db3c1fa324e3fc6ec45dd712c812809b5b?s=96&r=g","contentUrl":"https:\/\/secure.gravatar.com\/avatar\/c122e48c7723992af51eb155eeaa93db3c1fa324e3fc6ec45dd712c812809b5b?s=96&r=g","caption":"Kristdemokraterna V\u00e4rnamo"},"description":"Familjens r\u00f6st","sameAs":["http:\/\/www.varnamo.kristdemokraterna.se"],"url":"https:\/\/wp.kristdemokraterna.se\/varnamo\/author\/varnamo\/"}]}},"_links":{"self":[{"href":"https:\/\/wp.kristdemokraterna.se\/varnamo\/wp-json\/wp\/v2\/posts\/2038","targetHints":{"allow":["GET"]}}],"collection":[{"href":"https:\/\/wp.kristdemokraterna.se\/varnamo\/wp-json\/wp\/v2\/posts"}],"about":[{"href":"https:\/\/wp.kristdemokraterna.se\/varnamo\/wp-json\/wp\/v2\/types\/post"}],"author":[{"embeddable":true,"href":"https:\/\/wp.kristdemokraterna.se\/varnamo\/wp-json\/wp\/v2\/users\/412"}],"replies":[{"embeddable":true,"href":"https:\/\/wp.kristdemokraterna.se\/varnamo\/wp-json\/wp\/v2\/comments?post=2038"}],"version-history":[{"count":8,"href":"https:\/\/wp.kristdemokraterna.se\/varnamo\/wp-json\/wp\/v2\/posts\/2038\/revisions"}],"predecessor-version":[{"id":6794,"href":"https:\/\/wp.kristdemokraterna.se\/varnamo\/wp-json\/wp\/v2\/posts\/2038\/revisions\/6794"}],"wp:featuredmedia":[{"embeddable":true,"href":"https:\/\/wp.kristdemokraterna.se\/varnamo\/wp-json\/wp\/v2\/media\/9638"}],"wp:attachment":[{"href":"https:\/\/wp.kristdemokraterna.se\/varnamo\/wp-json\/wp\/v2\/media?parent=2038"}],"wp:term":[{"taxonomy":"category","embeddable":true,"href":"https:\/\/wp.kristdemokraterna.se\/varnamo\/wp-json\/wp\/v2\/categories?post=2038"},{"taxonomy":"post_tag","embeddable":true,"href":"https:\/\/wp.kristdemokraterna.se\/varnamo\/wp-json\/wp\/v2\/tags?post=2038"}],"curies":[{"name":"wp","href":"https:\/\/api.w.org\/{rel}","templated":true}]}}