{"id":2040,"date":"2004-06-12T21:38:00","date_gmt":"2004-06-12T19:38:00","guid":{"rendered":"http:\/\/localhost:4901\/?p=2040"},"modified":"2015-07-12T18:53:26","modified_gmt":"2015-07-12T16:53:26","slug":"harstedts-och-pagrotskys-forslag-luktar-skamt-valflask","status":"publish","type":"post","link":"https:\/\/wp.kristdemokraterna.se\/varnamo\/2004\/06\/12\/harstedts-och-pagrotskys-forslag-luktar-skamt-valflask\/","title":{"rendered":"H\u00e4rstedts och Pagrotskys f\u00f6rslag luktar sk\u00e4mt valfl\u00e4sk"},"content":{"rendered":"<div style=\"width: 237px\" class=\"wp-caption alignnone\"><a href=\"http:\/\/wp.kristdemokraterna.se\/varnamo\/files\/2010\/08\/stefan_attefall.jpg\"><img loading=\"lazy\" decoding=\"async\" title=\"stefan_attefall\" src=\"http:\/\/wp.kristdemokraterna.se\/varnamo\/files\/2010\/08\/stefan_attefall.jpg\" alt=\"Stefan Attefall, J\u00f6nk\u00f6ping, Kristdemokraternas gruppledare i Riksdagen\" width=\"227\" height=\"167\" \/><\/a><p class=\"wp-caption-text\">Stefan Attefall, J\u00f6nk\u00f6ping, Kristdemokraternas gruppledare i Riksdagen<\/p><\/div>\n<p>Stefan Attefall fr\u00e5n J\u00f6nk\u00f6ping, Kristdemokraternas gruppledare i Riksdagen, bes\u00f6kte Kristdemokraternas i V\u00e4rnamo final p\u00e5 valr\u00f6relsen till Europaparlamentet l\u00f6rdagen den 12 juni. P\u00e5 Flanaden talade han om vikten av att g\u00e5 och r\u00f6sta imorgon, den 13 juni, och framf\u00f6r allt att ge Sverige en starkare r\u00f6st i Europa \u2013 en Kristdemokratisk r\u00f6st. Han gick \u00e4ven till attack mot H\u00e4rstedt och Pagrotskys f\u00f6rslag att s\u00e4nka alkoholskatterna \u2013 \u00e5tminstone spritskatten.<\/p>\n<p><!--more-->Regeringens alkoholinf\u00f6rselutredare Kent H\u00e4rstedt sade ig\u00e5r att det av allt att d\u00f6ma blir s\u00e4nkta spritskatter. \u00c4ven n\u00e4ringsminister Leif Pagrotsky har under ett torgm\u00f6te i Norrbotten sagt att det troligen blir skattes\u00e4nkningar p\u00e5 alkohol. Nu g\u00e5r tydligen socialdemokratisk skam p\u00e5 torra land.<\/p>\n<p>Det sade Stefan Attefall, Kristdemokraternas gruppledare i Riksdagen, i valfinalen i V\u00e4rnamo p\u00e5 l\u00f6rdagen.<\/p>\n<p>Att folkpartiet har gett upp inf\u00f6r alkoholfloden har blivit tydligt i denna valr\u00f6relse. Och att moderaterna gett upp f\u00f6r l\u00e4nge sedan \u00e4r v\u00e4lk\u00e4nt. Men att nu \u00e4ven Leif Pagrotsky g\u00e5r ut och talar om skattes\u00e4nkningar s\u00e5 h\u00e4r i valr\u00f6relsens slutskede, ja det \u00e4r dramatiska nyheter. Om det bara \u00e4r sk\u00e4mt valfl\u00e4sk eller en permanent uppgiven h\u00e5llning till alkoholen \u00e5terst\u00e5r att se, men det \u00e4r hur som helst mycket uppr\u00f6rande. Tydligen har inte Pagrotsky och H\u00e4rstedt lyft blicken \u00f6ver \u00d6stersj\u00f6n till Finland och insett vilka typer av konsekvenser s\u00e5dana h\u00e4r \u00e5tg\u00e4rder f\u00e5r i samh\u00e4llet.<\/p>\n<p>Vad g\u00e4ller H\u00e4rstedts f\u00f6rslag att endast s\u00e4nka spritskatten \u2013 och inte skatten p\u00e5 vin och \u00f6l \u2013 f\u00e5r inget st\u00f6d fr\u00e5n folkh\u00e4lsoinstitutets chef Gunnar \u00c5gren. F\u00f6rslaget \u00e4r helt fel v\u00e4g att g\u00e5 och skulle g\u00f6ra fler m\u00e4nniskor till alkoholister, enligt \u00c5gren. Inte heller tullen ger n\u00e5got st\u00f6d till f\u00f6rslaget, enligt lunchekot. Jan Hedlund, tillf\u00f6rordnad chef f\u00f6r tullens gr\u00e4nsskydd i Sk\u00e5ne, menar att de senaste beslagen i huvudsak \u00e4r \u00f6l och vin och inte sprit.<\/p>\n<p>Tyv\u00e4rr \u00e4r detta ett bevis p\u00e5 socialdemokraternas utveckling inom alkoholpolitiken de senaste \u00e5ren. Regeringen \u00e4r ansvarig f\u00f6r att inte h\u00e5rt och konsekvent ha drivit kravet p\u00e5 att Sverige \u2013 eller alla EU-l\u00e4nder som s\u00e5 \u00f6nskar \u2013 skall ha r\u00e4tt till str\u00e4nga inf\u00f6rselregler. Dessutom anser vi att Sverige h\u00e5rdare bort verka f\u00f6r h\u00f6jda minimiskatter p\u00e5 alkohol i hela Europa.<\/p>\n<p>200 000 barn lever med minst en alkoholiserad f\u00f6r\u00e4lder. Omkring en femtedel av alla patienter som tas in i akutsjukv\u00e5rden har alkoholproblem. Inom den psykiatriska sjukv\u00e5rden \u00e4r andelen alkoholfall omkring 40 procent. Mellan 5 000 och 7 000 personer d\u00f6r varje \u00e5r av alkoholmissbruk. S\u00e5 h\u00e4r kan det inte fors\u00e4tta. N\u00e4r situationen \u00e4r s\u00e5 allvarlig kan naturligtvis inte Sverige \u00f6verge sin klassiska alkoholpolitik f\u00f6r att \u00f6verg\u00e5 till n\u00e5gon form av alkoholliberalism.<\/p>\n<p>Varken socialdemokraterna, folkpartiet eller moderaterna tar sitt ansvar. Kristdemokraterna f\u00f6rordar att Sverige ensidigt inf\u00f6r egna regler f\u00f6r inf\u00f6rsel av alkohol och d\u00e4rmed \u00e5terg\u00e5r till att ha en liter sprit, fem liter vin och 15 liter \u00f6l som inf\u00f6rselkvot. Och inte som idag, att varje svensk kan ta med tio liter starksprit, 90 liter vin och 130 liter \u00f6l. Dessutom verkar vi f\u00f6r h\u00f6jda minimiskatter p\u00e5 alkohol inom hela EU. De v\u00e4ljare som bryr sig om den allvarliga situationen som alkoholfloden har skapat b\u00f6r l\u00e4gga sin r\u00f6st p\u00e5 Kristdemokraterna imorgon, s\u00e4ger Stefan Attefall.<\/p>\n","protected":false},"excerpt":{"rendered":"<p>Stefan Attefall fr\u00e5n J\u00f6nk\u00f6ping, Kristdemokraternas gruppledare i Riksdagen, bes\u00f6kte Kristdemokraternas i V\u00e4rnamo final p\u00e5 valr\u00f6relsen till Europaparlamentet l\u00f6rdagen den 12 juni. P\u00e5 Flanaden talade han om vikten av att g\u00e5 och r\u00f6sta imorgon, den 13 juni, och framf\u00f6r allt att ge Sverige en starkare r\u00f6st i Europa \u2013 en Kristdemokratisk r\u00f6st. Han gick \u00e4ven till <a class=\"read-more-link\" href=\"https:\/\/wp.kristdemokraterna.se\/varnamo\/2004\/06\/12\/harstedts-och-pagrotskys-forslag-luktar-skamt-valflask\/\">Read More<\/a><\/p>\n","protected":false},"author":412,"featured_media":9638,"comment_status":"closed","ping_status":"closed","sticky":false,"template":"","format":"standard","meta":{"_acf_changed":false,"footnotes":""},"categories":[11],"tags":[184,31,204,168,67,62],"class_list":["post-2040","post","type-post","status-publish","format-standard","hentry","category-nyheter","tag-alkohol","tag-barn-och-unga","tag-europaparlamentet","tag-gruppledare","tag-stefan-attefall","tag-valrorelse"],"acf":[],"yoast_head":"<!-- This site is optimized with the Yoast SEO plugin v27.4 - https:\/\/yoast.com\/product\/yoast-seo-wordpress\/ -->\n<title>H\u00e4rstedts och Pagrotskys f\u00f6rslag luktar sk\u00e4mt valfl\u00e4sk - KRISTDEMOKRATERNA V\u00c4RNAMO<\/title>\n<meta name=\"robots\" content=\"index, follow, max-snippet:-1, max-image-preview:large, max-video-preview:-1\" \/>\n<link rel=\"canonical\" href=\"https:\/\/wp.kristdemokraterna.se\/varnamo\/2004\/06\/12\/harstedts-och-pagrotskys-forslag-luktar-skamt-valflask\/\" \/>\n<meta property=\"og:locale\" content=\"sv_SE\" \/>\n<meta property=\"og:type\" content=\"article\" \/>\n<meta property=\"og:title\" content=\"H\u00e4rstedts och Pagrotskys f\u00f6rslag luktar sk\u00e4mt valfl\u00e4sk - KRISTDEMOKRATERNA V\u00c4RNAMO\" \/>\n<meta property=\"og:description\" content=\"Stefan Attefall fr\u00e5n J\u00f6nk\u00f6ping, Kristdemokraternas gruppledare i Riksdagen, bes\u00f6kte Kristdemokraternas i V\u00e4rnamo final p\u00e5 valr\u00f6relsen till Europaparlamentet l\u00f6rdagen den 12 juni. P\u00e5 Flanaden talade han om vikten av att g\u00e5 och r\u00f6sta imorgon, den 13 juni, och framf\u00f6r allt att ge Sverige en starkare r\u00f6st i Europa \u2013 en Kristdemokratisk r\u00f6st. Han gick \u00e4ven till Read More\" \/>\n<meta property=\"og:url\" content=\"https:\/\/wp.kristdemokraterna.se\/varnamo\/2004\/06\/12\/harstedts-och-pagrotskys-forslag-luktar-skamt-valflask\/\" \/>\n<meta property=\"og:site_name\" content=\"KRISTDEMOKRATERNA V\u00c4RNAMO\" \/>\n<meta property=\"article:publisher\" content=\"https:\/\/www.facebook.com\/KDVarnamo\/\" \/>\n<meta property=\"article:published_time\" content=\"2004-06-12T19:38:00+00:00\" \/>\n<meta property=\"article:modified_time\" content=\"2015-07-12T16:53:26+00:00\" \/>\n<meta property=\"og:image\" content=\"http:\/\/wp.kristdemokraterna.se\/varnamo\/files\/2010\/08\/stefan_attefall.jpg\" \/>\n<meta name=\"author\" content=\"Kristdemokraterna V\u00e4rnamo\" \/>\n<meta name=\"twitter:card\" content=\"summary_large_image\" \/>\n<meta name=\"twitter:creator\" content=\"@KDVarnamo\" \/>\n<meta name=\"twitter:site\" content=\"@KDVarnamo\" \/>\n<meta name=\"twitter:label1\" content=\"Skriven av\" \/>\n\t<meta name=\"twitter:data1\" content=\"Kristdemokraterna V\u00e4rnamo\" \/>\n\t<meta name=\"twitter:label2\" content=\"Ber\u00e4knad l\u00e4stid\" \/>\n\t<meta name=\"twitter:data2\" content=\"3 minuter\" \/>\n<script type=\"application\/ld+json\" class=\"yoast-schema-graph\">{\"@context\":\"https:\\\/\\\/schema.org\",\"@graph\":[{\"@type\":\"Article\",\"@id\":\"https:\\\/\\\/wp.kristdemokraterna.se\\\/varnamo\\\/2004\\\/06\\\/12\\\/harstedts-och-pagrotskys-forslag-luktar-skamt-valflask\\\/#article\",\"isPartOf\":{\"@id\":\"https:\\\/\\\/wp.kristdemokraterna.se\\\/varnamo\\\/2004\\\/06\\\/12\\\/harstedts-och-pagrotskys-forslag-luktar-skamt-valflask\\\/\"},\"author\":{\"name\":\"Kristdemokraterna V\u00e4rnamo\",\"@id\":\"https:\\\/\\\/wp.kristdemokraterna.se\\\/varnamo\\\/#\\\/schema\\\/person\\\/4e339ab04d613699e4dfe80a994e01d4\"},\"headline\":\"H\u00e4rstedts och Pagrotskys f\u00f6rslag luktar sk\u00e4mt valfl\u00e4sk\",\"datePublished\":\"2004-06-12T19:38:00+00:00\",\"dateModified\":\"2015-07-12T16:53:26+00:00\",\"mainEntityOfPage\":{\"@id\":\"https:\\\/\\\/wp.kristdemokraterna.se\\\/varnamo\\\/2004\\\/06\\\/12\\\/harstedts-och-pagrotskys-forslag-luktar-skamt-valflask\\\/\"},\"wordCount\":618,\"publisher\":{\"@id\":\"https:\\\/\\\/wp.kristdemokraterna.se\\\/varnamo\\\/#organization\"},\"image\":{\"@id\":\"https:\\\/\\\/wp.kristdemokraterna.se\\\/varnamo\\\/2004\\\/06\\\/12\\\/harstedts-och-pagrotskys-forslag-luktar-skamt-valflask\\\/#primaryimage\"},\"thumbnailUrl\":\"https:\\\/\\\/wp.kristdemokraterna.se\\\/varnamo\\\/files\\\/2022\\\/08\\\/kd-logo-blue.png\",\"keywords\":[\"alkohol\",\"barn och unga\",\"Europaparlamentet\",\"gruppledare\",\"Stefan Attefall\",\"valr\u00f6relse\"],\"articleSection\":[\"Nyheter\"],\"inLanguage\":\"sv-SE\"},{\"@type\":\"WebPage\",\"@id\":\"https:\\\/\\\/wp.kristdemokraterna.se\\\/varnamo\\\/2004\\\/06\\\/12\\\/harstedts-och-pagrotskys-forslag-luktar-skamt-valflask\\\/\",\"url\":\"https:\\\/\\\/wp.kristdemokraterna.se\\\/varnamo\\\/2004\\\/06\\\/12\\\/harstedts-och-pagrotskys-forslag-luktar-skamt-valflask\\\/\",\"name\":\"H\u00e4rstedts och Pagrotskys f\u00f6rslag luktar sk\u00e4mt valfl\u00e4sk - KRISTDEMOKRATERNA V\u00c4RNAMO\",\"isPartOf\":{\"@id\":\"https:\\\/\\\/wp.kristdemokraterna.se\\\/varnamo\\\/#website\"},\"primaryImageOfPage\":{\"@id\":\"https:\\\/\\\/wp.kristdemokraterna.se\\\/varnamo\\\/2004\\\/06\\\/12\\\/harstedts-och-pagrotskys-forslag-luktar-skamt-valflask\\\/#primaryimage\"},\"image\":{\"@id\":\"https:\\\/\\\/wp.kristdemokraterna.se\\\/varnamo\\\/2004\\\/06\\\/12\\\/harstedts-och-pagrotskys-forslag-luktar-skamt-valflask\\\/#primaryimage\"},\"thumbnailUrl\":\"https:\\\/\\\/wp.kristdemokraterna.se\\\/varnamo\\\/files\\\/2022\\\/08\\\/kd-logo-blue.png\",\"datePublished\":\"2004-06-12T19:38:00+00:00\",\"dateModified\":\"2015-07-12T16:53:26+00:00\",\"breadcrumb\":{\"@id\":\"https:\\\/\\\/wp.kristdemokraterna.se\\\/varnamo\\\/2004\\\/06\\\/12\\\/harstedts-och-pagrotskys-forslag-luktar-skamt-valflask\\\/#breadcrumb\"},\"inLanguage\":\"sv-SE\",\"potentialAction\":[{\"@type\":\"ReadAction\",\"target\":[\"https:\\\/\\\/wp.kristdemokraterna.se\\\/varnamo\\\/2004\\\/06\\\/12\\\/harstedts-och-pagrotskys-forslag-luktar-skamt-valflask\\\/\"]}]},{\"@type\":\"ImageObject\",\"inLanguage\":\"sv-SE\",\"@id\":\"https:\\\/\\\/wp.kristdemokraterna.se\\\/varnamo\\\/2004\\\/06\\\/12\\\/harstedts-och-pagrotskys-forslag-luktar-skamt-valflask\\\/#primaryimage\",\"url\":\"https:\\\/\\\/wp.kristdemokraterna.se\\\/varnamo\\\/files\\\/2022\\\/08\\\/kd-logo-blue.png\",\"contentUrl\":\"https:\\\/\\\/wp.kristdemokraterna.se\\\/varnamo\\\/files\\\/2022\\\/08\\\/kd-logo-blue.png\",\"width\":2000,\"height\":2000,\"caption\":\"Kristdemokraternas logotyp\"},{\"@type\":\"BreadcrumbList\",\"@id\":\"https:\\\/\\\/wp.kristdemokraterna.se\\\/varnamo\\\/2004\\\/06\\\/12\\\/harstedts-och-pagrotskys-forslag-luktar-skamt-valflask\\\/#breadcrumb\",\"itemListElement\":[{\"@type\":\"ListItem\",\"position\":1,\"name\":\"Hem\",\"item\":\"https:\\\/\\\/wp.kristdemokraterna.se\\\/varnamo\\\/\"},{\"@type\":\"ListItem\",\"position\":2,\"name\":\"H\u00e4rstedts och Pagrotskys f\u00f6rslag luktar sk\u00e4mt valfl\u00e4sk\"}]},{\"@type\":\"WebSite\",\"@id\":\"https:\\\/\\\/wp.kristdemokraterna.se\\\/varnamo\\\/#website\",\"url\":\"https:\\\/\\\/wp.kristdemokraterna.se\\\/varnamo\\\/\",\"name\":\"KRISTDEMOKRATERNA V\u00c4RNAMO\",\"description\":\"Med hj\u00e4rta f\u00f6r V\u00e4rnamo\",\"publisher\":{\"@id\":\"https:\\\/\\\/wp.kristdemokraterna.se\\\/varnamo\\\/#organization\"},\"inLanguage\":\"sv-SE\"},{\"@type\":\"Organization\",\"@id\":\"https:\\\/\\\/wp.kristdemokraterna.se\\\/varnamo\\\/#organization\",\"name\":\"Kristdemokraterna V\u00e4rnamo\",\"url\":\"https:\\\/\\\/wp.kristdemokraterna.se\\\/varnamo\\\/\",\"logo\":{\"@type\":\"ImageObject\",\"inLanguage\":\"sv-SE\",\"@id\":\"https:\\\/\\\/wp.kristdemokraterna.se\\\/varnamo\\\/#\\\/schema\\\/logo\\\/image\\\/\",\"url\":\"https:\\\/\\\/wp.kristdemokraterna.se\\\/varnamo\\\/files\\\/2022\\\/08\\\/va\u2560ernamo-sida-bla-300dpi.png\",\"contentUrl\":\"https:\\\/\\\/wp.kristdemokraterna.se\\\/varnamo\\\/files\\\/2022\\\/08\\\/va\u2560ernamo-sida-bla-300dpi.png\",\"width\":1485,\"height\":681,\"caption\":\"Kristdemokraterna V\u00e4rnamo\"},\"image\":{\"@id\":\"https:\\\/\\\/wp.kristdemokraterna.se\\\/varnamo\\\/#\\\/schema\\\/logo\\\/image\\\/\"},\"sameAs\":[\"https:\\\/\\\/www.facebook.com\\\/KDVarnamo\\\/\",\"https:\\\/\\\/x.com\\\/KDVarnamo\",\"https:\\\/\\\/www.instagram.com\\\/\",\"https:\\\/\\\/www.youtube.com\\\/user\\\/studiokd\\\/videos\"]},{\"@type\":\"Person\",\"@id\":\"https:\\\/\\\/wp.kristdemokraterna.se\\\/varnamo\\\/#\\\/schema\\\/person\\\/4e339ab04d613699e4dfe80a994e01d4\",\"name\":\"Kristdemokraterna V\u00e4rnamo\",\"image\":{\"@type\":\"ImageObject\",\"inLanguage\":\"sv-SE\",\"@id\":\"https:\\\/\\\/secure.gravatar.com\\\/avatar\\\/c122e48c7723992af51eb155eeaa93db3c1fa324e3fc6ec45dd712c812809b5b?s=96&r=g\",\"url\":\"https:\\\/\\\/secure.gravatar.com\\\/avatar\\\/c122e48c7723992af51eb155eeaa93db3c1fa324e3fc6ec45dd712c812809b5b?s=96&r=g\",\"contentUrl\":\"https:\\\/\\\/secure.gravatar.com\\\/avatar\\\/c122e48c7723992af51eb155eeaa93db3c1fa324e3fc6ec45dd712c812809b5b?s=96&r=g\",\"caption\":\"Kristdemokraterna V\u00e4rnamo\"},\"description\":\"Familjens r\u00f6st\",\"sameAs\":[\"http:\\\/\\\/www.varnamo.kristdemokraterna.se\"],\"url\":\"https:\\\/\\\/wp.kristdemokraterna.se\\\/varnamo\\\/author\\\/varnamo\\\/\"}]}<\/script>\n<!-- \/ Yoast SEO plugin. -->","yoast_head_json":{"title":"H\u00e4rstedts och Pagrotskys f\u00f6rslag luktar sk\u00e4mt valfl\u00e4sk - KRISTDEMOKRATERNA V\u00c4RNAMO","robots":{"index":"index","follow":"follow","max-snippet":"max-snippet:-1","max-image-preview":"max-image-preview:large","max-video-preview":"max-video-preview:-1"},"canonical":"https:\/\/wp.kristdemokraterna.se\/varnamo\/2004\/06\/12\/harstedts-och-pagrotskys-forslag-luktar-skamt-valflask\/","og_locale":"sv_SE","og_type":"article","og_title":"H\u00e4rstedts och Pagrotskys f\u00f6rslag luktar sk\u00e4mt valfl\u00e4sk - KRISTDEMOKRATERNA V\u00c4RNAMO","og_description":"Stefan Attefall fr\u00e5n J\u00f6nk\u00f6ping, Kristdemokraternas gruppledare i Riksdagen, bes\u00f6kte Kristdemokraternas i V\u00e4rnamo final p\u00e5 valr\u00f6relsen till Europaparlamentet l\u00f6rdagen den 12 juni. P\u00e5 Flanaden talade han om vikten av att g\u00e5 och r\u00f6sta imorgon, den 13 juni, och framf\u00f6r allt att ge Sverige en starkare r\u00f6st i Europa \u2013 en Kristdemokratisk r\u00f6st. Han gick \u00e4ven till Read More","og_url":"https:\/\/wp.kristdemokraterna.se\/varnamo\/2004\/06\/12\/harstedts-och-pagrotskys-forslag-luktar-skamt-valflask\/","og_site_name":"KRISTDEMOKRATERNA V\u00c4RNAMO","article_publisher":"https:\/\/www.facebook.com\/KDVarnamo\/","article_published_time":"2004-06-12T19:38:00+00:00","article_modified_time":"2015-07-12T16:53:26+00:00","og_image":[{"url":"http:\/\/wp.kristdemokraterna.se\/varnamo\/files\/2010\/08\/stefan_attefall.jpg","type":"","width":"","height":""}],"author":"Kristdemokraterna V\u00e4rnamo","twitter_card":"summary_large_image","twitter_creator":"@KDVarnamo","twitter_site":"@KDVarnamo","twitter_misc":{"Skriven av":"Kristdemokraterna V\u00e4rnamo","Ber\u00e4knad l\u00e4stid":"3 minuter"},"schema":{"@context":"https:\/\/schema.org","@graph":[{"@type":"Article","@id":"https:\/\/wp.kristdemokraterna.se\/varnamo\/2004\/06\/12\/harstedts-och-pagrotskys-forslag-luktar-skamt-valflask\/#article","isPartOf":{"@id":"https:\/\/wp.kristdemokraterna.se\/varnamo\/2004\/06\/12\/harstedts-och-pagrotskys-forslag-luktar-skamt-valflask\/"},"author":{"name":"Kristdemokraterna V\u00e4rnamo","@id":"https:\/\/wp.kristdemokraterna.se\/varnamo\/#\/schema\/person\/4e339ab04d613699e4dfe80a994e01d4"},"headline":"H\u00e4rstedts och Pagrotskys f\u00f6rslag luktar sk\u00e4mt valfl\u00e4sk","datePublished":"2004-06-12T19:38:00+00:00","dateModified":"2015-07-12T16:53:26+00:00","mainEntityOfPage":{"@id":"https:\/\/wp.kristdemokraterna.se\/varnamo\/2004\/06\/12\/harstedts-och-pagrotskys-forslag-luktar-skamt-valflask\/"},"wordCount":618,"publisher":{"@id":"https:\/\/wp.kristdemokraterna.se\/varnamo\/#organization"},"image":{"@id":"https:\/\/wp.kristdemokraterna.se\/varnamo\/2004\/06\/12\/harstedts-och-pagrotskys-forslag-luktar-skamt-valflask\/#primaryimage"},"thumbnailUrl":"https:\/\/wp.kristdemokraterna.se\/varnamo\/files\/2022\/08\/kd-logo-blue.png","keywords":["alkohol","barn och unga","Europaparlamentet","gruppledare","Stefan Attefall","valr\u00f6relse"],"articleSection":["Nyheter"],"inLanguage":"sv-SE"},{"@type":"WebPage","@id":"https:\/\/wp.kristdemokraterna.se\/varnamo\/2004\/06\/12\/harstedts-och-pagrotskys-forslag-luktar-skamt-valflask\/","url":"https:\/\/wp.kristdemokraterna.se\/varnamo\/2004\/06\/12\/harstedts-och-pagrotskys-forslag-luktar-skamt-valflask\/","name":"H\u00e4rstedts och Pagrotskys f\u00f6rslag luktar sk\u00e4mt valfl\u00e4sk - KRISTDEMOKRATERNA V\u00c4RNAMO","isPartOf":{"@id":"https:\/\/wp.kristdemokraterna.se\/varnamo\/#website"},"primaryImageOfPage":{"@id":"https:\/\/wp.kristdemokraterna.se\/varnamo\/2004\/06\/12\/harstedts-och-pagrotskys-forslag-luktar-skamt-valflask\/#primaryimage"},"image":{"@id":"https:\/\/wp.kristdemokraterna.se\/varnamo\/2004\/06\/12\/harstedts-och-pagrotskys-forslag-luktar-skamt-valflask\/#primaryimage"},"thumbnailUrl":"https:\/\/wp.kristdemokraterna.se\/varnamo\/files\/2022\/08\/kd-logo-blue.png","datePublished":"2004-06-12T19:38:00+00:00","dateModified":"2015-07-12T16:53:26+00:00","breadcrumb":{"@id":"https:\/\/wp.kristdemokraterna.se\/varnamo\/2004\/06\/12\/harstedts-och-pagrotskys-forslag-luktar-skamt-valflask\/#breadcrumb"},"inLanguage":"sv-SE","potentialAction":[{"@type":"ReadAction","target":["https:\/\/wp.kristdemokraterna.se\/varnamo\/2004\/06\/12\/harstedts-och-pagrotskys-forslag-luktar-skamt-valflask\/"]}]},{"@type":"ImageObject","inLanguage":"sv-SE","@id":"https:\/\/wp.kristdemokraterna.se\/varnamo\/2004\/06\/12\/harstedts-och-pagrotskys-forslag-luktar-skamt-valflask\/#primaryimage","url":"https:\/\/wp.kristdemokraterna.se\/varnamo\/files\/2022\/08\/kd-logo-blue.png","contentUrl":"https:\/\/wp.kristdemokraterna.se\/varnamo\/files\/2022\/08\/kd-logo-blue.png","width":2000,"height":2000,"caption":"Kristdemokraternas logotyp"},{"@type":"BreadcrumbList","@id":"https:\/\/wp.kristdemokraterna.se\/varnamo\/2004\/06\/12\/harstedts-och-pagrotskys-forslag-luktar-skamt-valflask\/#breadcrumb","itemListElement":[{"@type":"ListItem","position":1,"name":"Hem","item":"https:\/\/wp.kristdemokraterna.se\/varnamo\/"},{"@type":"ListItem","position":2,"name":"H\u00e4rstedts och Pagrotskys f\u00f6rslag luktar sk\u00e4mt valfl\u00e4sk"}]},{"@type":"WebSite","@id":"https:\/\/wp.kristdemokraterna.se\/varnamo\/#website","url":"https:\/\/wp.kristdemokraterna.se\/varnamo\/","name":"KRISTDEMOKRATERNA V\u00c4RNAMO","description":"Med hj\u00e4rta f\u00f6r V\u00e4rnamo","publisher":{"@id":"https:\/\/wp.kristdemokraterna.se\/varnamo\/#organization"},"inLanguage":"sv-SE"},{"@type":"Organization","@id":"https:\/\/wp.kristdemokraterna.se\/varnamo\/#organization","name":"Kristdemokraterna V\u00e4rnamo","url":"https:\/\/wp.kristdemokraterna.se\/varnamo\/","logo":{"@type":"ImageObject","inLanguage":"sv-SE","@id":"https:\/\/wp.kristdemokraterna.se\/varnamo\/#\/schema\/logo\/image\/","url":"https:\/\/wp.kristdemokraterna.se\/varnamo\/files\/2022\/08\/va\u2560ernamo-sida-bla-300dpi.png","contentUrl":"https:\/\/wp.kristdemokraterna.se\/varnamo\/files\/2022\/08\/va\u2560ernamo-sida-bla-300dpi.png","width":1485,"height":681,"caption":"Kristdemokraterna V\u00e4rnamo"},"image":{"@id":"https:\/\/wp.kristdemokraterna.se\/varnamo\/#\/schema\/logo\/image\/"},"sameAs":["https:\/\/www.facebook.com\/KDVarnamo\/","https:\/\/x.com\/KDVarnamo","https:\/\/www.instagram.com\/","https:\/\/www.youtube.com\/user\/studiokd\/videos"]},{"@type":"Person","@id":"https:\/\/wp.kristdemokraterna.se\/varnamo\/#\/schema\/person\/4e339ab04d613699e4dfe80a994e01d4","name":"Kristdemokraterna V\u00e4rnamo","image":{"@type":"ImageObject","inLanguage":"sv-SE","@id":"https:\/\/secure.gravatar.com\/avatar\/c122e48c7723992af51eb155eeaa93db3c1fa324e3fc6ec45dd712c812809b5b?s=96&r=g","url":"https:\/\/secure.gravatar.com\/avatar\/c122e48c7723992af51eb155eeaa93db3c1fa324e3fc6ec45dd712c812809b5b?s=96&r=g","contentUrl":"https:\/\/secure.gravatar.com\/avatar\/c122e48c7723992af51eb155eeaa93db3c1fa324e3fc6ec45dd712c812809b5b?s=96&r=g","caption":"Kristdemokraterna V\u00e4rnamo"},"description":"Familjens r\u00f6st","sameAs":["http:\/\/www.varnamo.kristdemokraterna.se"],"url":"https:\/\/wp.kristdemokraterna.se\/varnamo\/author\/varnamo\/"}]}},"_links":{"self":[{"href":"https:\/\/wp.kristdemokraterna.se\/varnamo\/wp-json\/wp\/v2\/posts\/2040","targetHints":{"allow":["GET"]}}],"collection":[{"href":"https:\/\/wp.kristdemokraterna.se\/varnamo\/wp-json\/wp\/v2\/posts"}],"about":[{"href":"https:\/\/wp.kristdemokraterna.se\/varnamo\/wp-json\/wp\/v2\/types\/post"}],"author":[{"embeddable":true,"href":"https:\/\/wp.kristdemokraterna.se\/varnamo\/wp-json\/wp\/v2\/users\/412"}],"replies":[{"embeddable":true,"href":"https:\/\/wp.kristdemokraterna.se\/varnamo\/wp-json\/wp\/v2\/comments?post=2040"}],"version-history":[{"count":5,"href":"https:\/\/wp.kristdemokraterna.se\/varnamo\/wp-json\/wp\/v2\/posts\/2040\/revisions"}],"predecessor-version":[{"id":6791,"href":"https:\/\/wp.kristdemokraterna.se\/varnamo\/wp-json\/wp\/v2\/posts\/2040\/revisions\/6791"}],"wp:featuredmedia":[{"embeddable":true,"href":"https:\/\/wp.kristdemokraterna.se\/varnamo\/wp-json\/wp\/v2\/media\/9638"}],"wp:attachment":[{"href":"https:\/\/wp.kristdemokraterna.se\/varnamo\/wp-json\/wp\/v2\/media?parent=2040"}],"wp:term":[{"taxonomy":"category","embeddable":true,"href":"https:\/\/wp.kristdemokraterna.se\/varnamo\/wp-json\/wp\/v2\/categories?post=2040"},{"taxonomy":"post_tag","embeddable":true,"href":"https:\/\/wp.kristdemokraterna.se\/varnamo\/wp-json\/wp\/v2\/tags?post=2040"}],"curies":[{"name":"wp","href":"https:\/\/api.w.org\/{rel}","templated":true}]}}