{"id":2047,"date":"2006-08-26T21:38:00","date_gmt":"2006-08-26T19:38:00","guid":{"rendered":"http:\/\/localhost:4901\/?p=2047"},"modified":"2015-07-10T20:56:49","modified_gmt":"2015-07-10T18:56:49","slug":"gott-bemotande-i-en-saker-vard","status":"publish","type":"post","link":"https:\/\/wp.kristdemokraterna.se\/varnamo\/2006\/08\/26\/gott-bemotande-i-en-saker-vard\/","title":{"rendered":"Gott bem\u00f6tande i en s\u00e4ker v\u00e5rd"},"content":{"rendered":"<div style=\"width: 310px\" class=\"wp-caption alignnone\"><a href=\"http:\/\/wp.kristdemokraterna.se\/varnamo\/files\/2010\/08\/lisbeth_rydefjard2.jpg\"><img loading=\"lazy\" decoding=\"async\" title=\"lisbeth_rydefjard2\" src=\"http:\/\/wp.kristdemokraterna.se\/varnamo\/files\/2010\/08\/lisbeth_rydefjard2.jpg\" alt=\"Lisbeth Rydfefj\u00e4rd, Bottnaryd, Kristdemokraternas landstingsr\u00e5d i J\u00f6nk\u00f6pings l\u00e4n\" width=\"300\" height=\"300\" \/><\/a><p class=\"wp-caption-text\">Lisbeth Rydfefj\u00e4rd, Bottnaryd, Kristdemokraternas landstingsr\u00e5d i J\u00f6nk\u00f6pings l\u00e4n<\/p><\/div>\n<p>L\u00f6rdagen den 26 augusti var det V\u00e4rnamo h\u00f6stmarknad. Kristdemokraterna fick bes\u00f6k av b\u00e5de landstingsr\u00e5det Lisbeth Rydefj\u00e4rd, Bottnaryd, och f\u00f6rste vice partiledare Maria Larsson, Gnosj\u00f6. Vid valstugan talade Lisbeth Rydefj\u00e4rd om sina hj\u00e4rtefr\u00e5gor.<\/p>\n<p><!--more--><\/p>\n<p>Ett bra bem\u00f6tande \u00e4r A och O f\u00f6r en god v\u00e5rd, sade Kristdemokraternas landstingsr\u00e5d, Lisbeth Rydefj\u00e4rd Bottnaryd, vid sitt bes\u00f6k vid Kristdemokraternas valstuga p\u00e5 V\u00e4rnamo h\u00f6stmarknad.<\/p>\n<h1>Du har r\u00e4tt att bli v\u00e4l bem\u00f6tt i v\u00e5rden<\/h1>\n<p>Ett gott bem\u00f6tande handlar om alla m\u00e4nniskors lika v\u00e4rde. Dina behov ska bem\u00f6tas med respekt oavsett om det \u00e4r ett fysiskt eller psykiskt funktionshinder. Du ska k\u00e4nna att n\u00e5gon lyssnar p\u00e5 dig och bem\u00f6ter dig p\u00e5 ett v\u00e4rdigt s\u00e4tt. Hur du blir bem\u00f6tt har en stor betydelse f\u00f6r ett gott resultat av den fortsatta behandlingen. D\u00e4rf\u00f6r vill jag vidareutveckla den etiska v\u00e4rdegrunden.<\/p>\n<h1>N\u00e4rsjukv\u00e5rden \u2013 n\u00e4ra dig<\/h1>\n<p>Det \u00e4r omkring dig som n\u00e4rsjukv\u00e5rden ska finnas. Det kan bland annat inneb\u00e4ra ett hembes\u00f6k av olika personalgrupper n\u00e4r behovet finns eller att v\u00e5rdcentralerna ska erbjuda ett bredare utbud av specialistl\u00e4kare. Jag vill att det ska finnas familjecentraler i alla l\u00e4nets kommuner, likas\u00e5 ungdomsmottagningar.<\/p>\n<h1>St\u00e4rk patients\u00e4kerheten<\/h1>\n<p>Det \u00e4r mycket viktigt att stoppa alla felbehandlingar, exempelvis felmedicinering. Jag vill inte se fler HIV\/AIDS-fall, orsakade av sjukv\u00e5rden. Vi ska ta l\u00e4rdom av de fel och brister som beg\u00e5tts f\u00f6r att f\u00e5 en s\u00e4krare v\u00e5rd. Du ska som patient kunna veta att du kan f\u00e5 den b\u00e4sta v\u00e5rden. Kvalitetsregister ska vara tillg\u00e4ngliga f\u00f6r alla. Det handlar ytterst om trygghet och tillit till v\u00e5rden.<\/p>\n","protected":false},"excerpt":{"rendered":"<p>L\u00f6rdagen den 26 augusti var det V\u00e4rnamo h\u00f6stmarknad. Kristdemokraterna fick bes\u00f6k av b\u00e5de landstingsr\u00e5det Lisbeth Rydefj\u00e4rd, Bottnaryd, och f\u00f6rste vice partiledare Maria Larsson, Gnosj\u00f6. Vid valstugan talade Lisbeth Rydefj\u00e4rd om sina hj\u00e4rtefr\u00e5gor.<\/p>\n","protected":false},"author":412,"featured_media":9638,"comment_status":"closed","ping_status":"closed","sticky":false,"template":"","format":"standard","meta":{"_acf_changed":false,"footnotes":""},"categories":[11],"tags":[167,519,47,152,68,166,62],"class_list":["post-2047","post","type-post","status-publish","format-standard","hentry","category-nyheter","tag-bemotande","tag-hostmarknad","tag-landstingsrad","tag-lisbeth-rydefjard","tag-maria-larsson","tag-sjukvard","tag-valrorelse"],"acf":[],"yoast_head":"<!-- This site is optimized with the Yoast SEO plugin v27.4 - https:\/\/yoast.com\/product\/yoast-seo-wordpress\/ -->\n<title>Gott bem\u00f6tande i en s\u00e4ker v\u00e5rd - KRISTDEMOKRATERNA V\u00c4RNAMO<\/title>\n<meta name=\"robots\" content=\"index, follow, max-snippet:-1, max-image-preview:large, max-video-preview:-1\" \/>\n<link rel=\"canonical\" href=\"https:\/\/wp.kristdemokraterna.se\/varnamo\/2006\/08\/26\/gott-bemotande-i-en-saker-vard\/\" \/>\n<meta property=\"og:locale\" content=\"sv_SE\" \/>\n<meta property=\"og:type\" content=\"article\" \/>\n<meta property=\"og:title\" content=\"Gott bem\u00f6tande i en s\u00e4ker v\u00e5rd - KRISTDEMOKRATERNA V\u00c4RNAMO\" \/>\n<meta property=\"og:description\" content=\"L\u00f6rdagen den 26 augusti var det V\u00e4rnamo h\u00f6stmarknad. Kristdemokraterna fick bes\u00f6k av b\u00e5de landstingsr\u00e5det Lisbeth Rydefj\u00e4rd, Bottnaryd, och f\u00f6rste vice partiledare Maria Larsson, Gnosj\u00f6. Vid valstugan talade Lisbeth Rydefj\u00e4rd om sina hj\u00e4rtefr\u00e5gor.\" \/>\n<meta property=\"og:url\" content=\"https:\/\/wp.kristdemokraterna.se\/varnamo\/2006\/08\/26\/gott-bemotande-i-en-saker-vard\/\" \/>\n<meta property=\"og:site_name\" content=\"KRISTDEMOKRATERNA V\u00c4RNAMO\" \/>\n<meta property=\"article:publisher\" content=\"https:\/\/www.facebook.com\/KDVarnamo\/\" \/>\n<meta property=\"article:published_time\" content=\"2006-08-26T19:38:00+00:00\" \/>\n<meta property=\"article:modified_time\" content=\"2015-07-10T18:56:49+00:00\" \/>\n<meta property=\"og:image\" content=\"http:\/\/wp.kristdemokraterna.se\/varnamo\/files\/2010\/08\/lisbeth_rydefjard2.jpg\" \/>\n<meta name=\"author\" content=\"Kristdemokraterna V\u00e4rnamo\" \/>\n<meta name=\"twitter:card\" content=\"summary_large_image\" \/>\n<meta name=\"twitter:creator\" content=\"@KDVarnamo\" \/>\n<meta name=\"twitter:site\" content=\"@KDVarnamo\" \/>\n<meta name=\"twitter:label1\" content=\"Skriven av\" \/>\n\t<meta name=\"twitter:data1\" content=\"Kristdemokraterna V\u00e4rnamo\" \/>\n\t<meta name=\"twitter:label2\" content=\"Ber\u00e4knad l\u00e4stid\" \/>\n\t<meta name=\"twitter:data2\" content=\"2 minuter\" \/>\n<script type=\"application\/ld+json\" class=\"yoast-schema-graph\">{\"@context\":\"https:\\\/\\\/schema.org\",\"@graph\":[{\"@type\":\"Article\",\"@id\":\"https:\\\/\\\/wp.kristdemokraterna.se\\\/varnamo\\\/2006\\\/08\\\/26\\\/gott-bemotande-i-en-saker-vard\\\/#article\",\"isPartOf\":{\"@id\":\"https:\\\/\\\/wp.kristdemokraterna.se\\\/varnamo\\\/2006\\\/08\\\/26\\\/gott-bemotande-i-en-saker-vard\\\/\"},\"author\":{\"name\":\"Kristdemokraterna V\u00e4rnamo\",\"@id\":\"https:\\\/\\\/wp.kristdemokraterna.se\\\/varnamo\\\/#\\\/schema\\\/person\\\/4e339ab04d613699e4dfe80a994e01d4\"},\"headline\":\"Gott bem\u00f6tande i en s\u00e4ker v\u00e5rd\",\"datePublished\":\"2006-08-26T19:38:00+00:00\",\"dateModified\":\"2015-07-10T18:56:49+00:00\",\"mainEntityOfPage\":{\"@id\":\"https:\\\/\\\/wp.kristdemokraterna.se\\\/varnamo\\\/2006\\\/08\\\/26\\\/gott-bemotande-i-en-saker-vard\\\/\"},\"wordCount\":331,\"publisher\":{\"@id\":\"https:\\\/\\\/wp.kristdemokraterna.se\\\/varnamo\\\/#organization\"},\"image\":{\"@id\":\"https:\\\/\\\/wp.kristdemokraterna.se\\\/varnamo\\\/2006\\\/08\\\/26\\\/gott-bemotande-i-en-saker-vard\\\/#primaryimage\"},\"thumbnailUrl\":\"https:\\\/\\\/wp.kristdemokraterna.se\\\/varnamo\\\/files\\\/2022\\\/08\\\/kd-logo-blue.png\",\"keywords\":[\"bem\u00f6tande\",\"h\u00f6stmarknad\",\"landstingsr\u00e5d\",\"Lisbeth Rydefj\u00e4rd\",\"Maria Larsson\",\"sjukv\u00e5rd\",\"valr\u00f6relse\"],\"articleSection\":[\"Nyheter\"],\"inLanguage\":\"sv-SE\"},{\"@type\":\"WebPage\",\"@id\":\"https:\\\/\\\/wp.kristdemokraterna.se\\\/varnamo\\\/2006\\\/08\\\/26\\\/gott-bemotande-i-en-saker-vard\\\/\",\"url\":\"https:\\\/\\\/wp.kristdemokraterna.se\\\/varnamo\\\/2006\\\/08\\\/26\\\/gott-bemotande-i-en-saker-vard\\\/\",\"name\":\"Gott bem\u00f6tande i en s\u00e4ker v\u00e5rd - KRISTDEMOKRATERNA V\u00c4RNAMO\",\"isPartOf\":{\"@id\":\"https:\\\/\\\/wp.kristdemokraterna.se\\\/varnamo\\\/#website\"},\"primaryImageOfPage\":{\"@id\":\"https:\\\/\\\/wp.kristdemokraterna.se\\\/varnamo\\\/2006\\\/08\\\/26\\\/gott-bemotande-i-en-saker-vard\\\/#primaryimage\"},\"image\":{\"@id\":\"https:\\\/\\\/wp.kristdemokraterna.se\\\/varnamo\\\/2006\\\/08\\\/26\\\/gott-bemotande-i-en-saker-vard\\\/#primaryimage\"},\"thumbnailUrl\":\"https:\\\/\\\/wp.kristdemokraterna.se\\\/varnamo\\\/files\\\/2022\\\/08\\\/kd-logo-blue.png\",\"datePublished\":\"2006-08-26T19:38:00+00:00\",\"dateModified\":\"2015-07-10T18:56:49+00:00\",\"breadcrumb\":{\"@id\":\"https:\\\/\\\/wp.kristdemokraterna.se\\\/varnamo\\\/2006\\\/08\\\/26\\\/gott-bemotande-i-en-saker-vard\\\/#breadcrumb\"},\"inLanguage\":\"sv-SE\",\"potentialAction\":[{\"@type\":\"ReadAction\",\"target\":[\"https:\\\/\\\/wp.kristdemokraterna.se\\\/varnamo\\\/2006\\\/08\\\/26\\\/gott-bemotande-i-en-saker-vard\\\/\"]}]},{\"@type\":\"ImageObject\",\"inLanguage\":\"sv-SE\",\"@id\":\"https:\\\/\\\/wp.kristdemokraterna.se\\\/varnamo\\\/2006\\\/08\\\/26\\\/gott-bemotande-i-en-saker-vard\\\/#primaryimage\",\"url\":\"https:\\\/\\\/wp.kristdemokraterna.se\\\/varnamo\\\/files\\\/2022\\\/08\\\/kd-logo-blue.png\",\"contentUrl\":\"https:\\\/\\\/wp.kristdemokraterna.se\\\/varnamo\\\/files\\\/2022\\\/08\\\/kd-logo-blue.png\",\"width\":2000,\"height\":2000,\"caption\":\"Kristdemokraternas logotyp\"},{\"@type\":\"BreadcrumbList\",\"@id\":\"https:\\\/\\\/wp.kristdemokraterna.se\\\/varnamo\\\/2006\\\/08\\\/26\\\/gott-bemotande-i-en-saker-vard\\\/#breadcrumb\",\"itemListElement\":[{\"@type\":\"ListItem\",\"position\":1,\"name\":\"Hem\",\"item\":\"https:\\\/\\\/wp.kristdemokraterna.se\\\/varnamo\\\/\"},{\"@type\":\"ListItem\",\"position\":2,\"name\":\"Gott bem\u00f6tande i en s\u00e4ker v\u00e5rd\"}]},{\"@type\":\"WebSite\",\"@id\":\"https:\\\/\\\/wp.kristdemokraterna.se\\\/varnamo\\\/#website\",\"url\":\"https:\\\/\\\/wp.kristdemokraterna.se\\\/varnamo\\\/\",\"name\":\"KRISTDEMOKRATERNA V\u00c4RNAMO\",\"description\":\"Med hj\u00e4rta f\u00f6r V\u00e4rnamo\",\"publisher\":{\"@id\":\"https:\\\/\\\/wp.kristdemokraterna.se\\\/varnamo\\\/#organization\"},\"inLanguage\":\"sv-SE\"},{\"@type\":\"Organization\",\"@id\":\"https:\\\/\\\/wp.kristdemokraterna.se\\\/varnamo\\\/#organization\",\"name\":\"Kristdemokraterna V\u00e4rnamo\",\"url\":\"https:\\\/\\\/wp.kristdemokraterna.se\\\/varnamo\\\/\",\"logo\":{\"@type\":\"ImageObject\",\"inLanguage\":\"sv-SE\",\"@id\":\"https:\\\/\\\/wp.kristdemokraterna.se\\\/varnamo\\\/#\\\/schema\\\/logo\\\/image\\\/\",\"url\":\"https:\\\/\\\/wp.kristdemokraterna.se\\\/varnamo\\\/files\\\/2022\\\/08\\\/va\u2560ernamo-sida-bla-300dpi.png\",\"contentUrl\":\"https:\\\/\\\/wp.kristdemokraterna.se\\\/varnamo\\\/files\\\/2022\\\/08\\\/va\u2560ernamo-sida-bla-300dpi.png\",\"width\":1485,\"height\":681,\"caption\":\"Kristdemokraterna V\u00e4rnamo\"},\"image\":{\"@id\":\"https:\\\/\\\/wp.kristdemokraterna.se\\\/varnamo\\\/#\\\/schema\\\/logo\\\/image\\\/\"},\"sameAs\":[\"https:\\\/\\\/www.facebook.com\\\/KDVarnamo\\\/\",\"https:\\\/\\\/x.com\\\/KDVarnamo\",\"https:\\\/\\\/www.instagram.com\\\/\",\"https:\\\/\\\/www.youtube.com\\\/user\\\/studiokd\\\/videos\"]},{\"@type\":\"Person\",\"@id\":\"https:\\\/\\\/wp.kristdemokraterna.se\\\/varnamo\\\/#\\\/schema\\\/person\\\/4e339ab04d613699e4dfe80a994e01d4\",\"name\":\"Kristdemokraterna V\u00e4rnamo\",\"image\":{\"@type\":\"ImageObject\",\"inLanguage\":\"sv-SE\",\"@id\":\"https:\\\/\\\/secure.gravatar.com\\\/avatar\\\/c122e48c7723992af51eb155eeaa93db3c1fa324e3fc6ec45dd712c812809b5b?s=96&r=g\",\"url\":\"https:\\\/\\\/secure.gravatar.com\\\/avatar\\\/c122e48c7723992af51eb155eeaa93db3c1fa324e3fc6ec45dd712c812809b5b?s=96&r=g\",\"contentUrl\":\"https:\\\/\\\/secure.gravatar.com\\\/avatar\\\/c122e48c7723992af51eb155eeaa93db3c1fa324e3fc6ec45dd712c812809b5b?s=96&r=g\",\"caption\":\"Kristdemokraterna V\u00e4rnamo\"},\"description\":\"Familjens r\u00f6st\",\"sameAs\":[\"http:\\\/\\\/www.varnamo.kristdemokraterna.se\"],\"url\":\"https:\\\/\\\/wp.kristdemokraterna.se\\\/varnamo\\\/author\\\/varnamo\\\/\"}]}<\/script>\n<!-- \/ Yoast SEO plugin. -->","yoast_head_json":{"title":"Gott bem\u00f6tande i en s\u00e4ker v\u00e5rd - KRISTDEMOKRATERNA V\u00c4RNAMO","robots":{"index":"index","follow":"follow","max-snippet":"max-snippet:-1","max-image-preview":"max-image-preview:large","max-video-preview":"max-video-preview:-1"},"canonical":"https:\/\/wp.kristdemokraterna.se\/varnamo\/2006\/08\/26\/gott-bemotande-i-en-saker-vard\/","og_locale":"sv_SE","og_type":"article","og_title":"Gott bem\u00f6tande i en s\u00e4ker v\u00e5rd - KRISTDEMOKRATERNA V\u00c4RNAMO","og_description":"L\u00f6rdagen den 26 augusti var det V\u00e4rnamo h\u00f6stmarknad. Kristdemokraterna fick bes\u00f6k av b\u00e5de landstingsr\u00e5det Lisbeth Rydefj\u00e4rd, Bottnaryd, och f\u00f6rste vice partiledare Maria Larsson, Gnosj\u00f6. Vid valstugan talade Lisbeth Rydefj\u00e4rd om sina hj\u00e4rtefr\u00e5gor.","og_url":"https:\/\/wp.kristdemokraterna.se\/varnamo\/2006\/08\/26\/gott-bemotande-i-en-saker-vard\/","og_site_name":"KRISTDEMOKRATERNA V\u00c4RNAMO","article_publisher":"https:\/\/www.facebook.com\/KDVarnamo\/","article_published_time":"2006-08-26T19:38:00+00:00","article_modified_time":"2015-07-10T18:56:49+00:00","og_image":[{"url":"http:\/\/wp.kristdemokraterna.se\/varnamo\/files\/2010\/08\/lisbeth_rydefjard2.jpg","type":"","width":"","height":""}],"author":"Kristdemokraterna V\u00e4rnamo","twitter_card":"summary_large_image","twitter_creator":"@KDVarnamo","twitter_site":"@KDVarnamo","twitter_misc":{"Skriven av":"Kristdemokraterna V\u00e4rnamo","Ber\u00e4knad l\u00e4stid":"2 minuter"},"schema":{"@context":"https:\/\/schema.org","@graph":[{"@type":"Article","@id":"https:\/\/wp.kristdemokraterna.se\/varnamo\/2006\/08\/26\/gott-bemotande-i-en-saker-vard\/#article","isPartOf":{"@id":"https:\/\/wp.kristdemokraterna.se\/varnamo\/2006\/08\/26\/gott-bemotande-i-en-saker-vard\/"},"author":{"name":"Kristdemokraterna V\u00e4rnamo","@id":"https:\/\/wp.kristdemokraterna.se\/varnamo\/#\/schema\/person\/4e339ab04d613699e4dfe80a994e01d4"},"headline":"Gott bem\u00f6tande i en s\u00e4ker v\u00e5rd","datePublished":"2006-08-26T19:38:00+00:00","dateModified":"2015-07-10T18:56:49+00:00","mainEntityOfPage":{"@id":"https:\/\/wp.kristdemokraterna.se\/varnamo\/2006\/08\/26\/gott-bemotande-i-en-saker-vard\/"},"wordCount":331,"publisher":{"@id":"https:\/\/wp.kristdemokraterna.se\/varnamo\/#organization"},"image":{"@id":"https:\/\/wp.kristdemokraterna.se\/varnamo\/2006\/08\/26\/gott-bemotande-i-en-saker-vard\/#primaryimage"},"thumbnailUrl":"https:\/\/wp.kristdemokraterna.se\/varnamo\/files\/2022\/08\/kd-logo-blue.png","keywords":["bem\u00f6tande","h\u00f6stmarknad","landstingsr\u00e5d","Lisbeth Rydefj\u00e4rd","Maria Larsson","sjukv\u00e5rd","valr\u00f6relse"],"articleSection":["Nyheter"],"inLanguage":"sv-SE"},{"@type":"WebPage","@id":"https:\/\/wp.kristdemokraterna.se\/varnamo\/2006\/08\/26\/gott-bemotande-i-en-saker-vard\/","url":"https:\/\/wp.kristdemokraterna.se\/varnamo\/2006\/08\/26\/gott-bemotande-i-en-saker-vard\/","name":"Gott bem\u00f6tande i en s\u00e4ker v\u00e5rd - KRISTDEMOKRATERNA V\u00c4RNAMO","isPartOf":{"@id":"https:\/\/wp.kristdemokraterna.se\/varnamo\/#website"},"primaryImageOfPage":{"@id":"https:\/\/wp.kristdemokraterna.se\/varnamo\/2006\/08\/26\/gott-bemotande-i-en-saker-vard\/#primaryimage"},"image":{"@id":"https:\/\/wp.kristdemokraterna.se\/varnamo\/2006\/08\/26\/gott-bemotande-i-en-saker-vard\/#primaryimage"},"thumbnailUrl":"https:\/\/wp.kristdemokraterna.se\/varnamo\/files\/2022\/08\/kd-logo-blue.png","datePublished":"2006-08-26T19:38:00+00:00","dateModified":"2015-07-10T18:56:49+00:00","breadcrumb":{"@id":"https:\/\/wp.kristdemokraterna.se\/varnamo\/2006\/08\/26\/gott-bemotande-i-en-saker-vard\/#breadcrumb"},"inLanguage":"sv-SE","potentialAction":[{"@type":"ReadAction","target":["https:\/\/wp.kristdemokraterna.se\/varnamo\/2006\/08\/26\/gott-bemotande-i-en-saker-vard\/"]}]},{"@type":"ImageObject","inLanguage":"sv-SE","@id":"https:\/\/wp.kristdemokraterna.se\/varnamo\/2006\/08\/26\/gott-bemotande-i-en-saker-vard\/#primaryimage","url":"https:\/\/wp.kristdemokraterna.se\/varnamo\/files\/2022\/08\/kd-logo-blue.png","contentUrl":"https:\/\/wp.kristdemokraterna.se\/varnamo\/files\/2022\/08\/kd-logo-blue.png","width":2000,"height":2000,"caption":"Kristdemokraternas logotyp"},{"@type":"BreadcrumbList","@id":"https:\/\/wp.kristdemokraterna.se\/varnamo\/2006\/08\/26\/gott-bemotande-i-en-saker-vard\/#breadcrumb","itemListElement":[{"@type":"ListItem","position":1,"name":"Hem","item":"https:\/\/wp.kristdemokraterna.se\/varnamo\/"},{"@type":"ListItem","position":2,"name":"Gott bem\u00f6tande i en s\u00e4ker v\u00e5rd"}]},{"@type":"WebSite","@id":"https:\/\/wp.kristdemokraterna.se\/varnamo\/#website","url":"https:\/\/wp.kristdemokraterna.se\/varnamo\/","name":"KRISTDEMOKRATERNA V\u00c4RNAMO","description":"Med hj\u00e4rta f\u00f6r V\u00e4rnamo","publisher":{"@id":"https:\/\/wp.kristdemokraterna.se\/varnamo\/#organization"},"inLanguage":"sv-SE"},{"@type":"Organization","@id":"https:\/\/wp.kristdemokraterna.se\/varnamo\/#organization","name":"Kristdemokraterna V\u00e4rnamo","url":"https:\/\/wp.kristdemokraterna.se\/varnamo\/","logo":{"@type":"ImageObject","inLanguage":"sv-SE","@id":"https:\/\/wp.kristdemokraterna.se\/varnamo\/#\/schema\/logo\/image\/","url":"https:\/\/wp.kristdemokraterna.se\/varnamo\/files\/2022\/08\/va\u2560ernamo-sida-bla-300dpi.png","contentUrl":"https:\/\/wp.kristdemokraterna.se\/varnamo\/files\/2022\/08\/va\u2560ernamo-sida-bla-300dpi.png","width":1485,"height":681,"caption":"Kristdemokraterna V\u00e4rnamo"},"image":{"@id":"https:\/\/wp.kristdemokraterna.se\/varnamo\/#\/schema\/logo\/image\/"},"sameAs":["https:\/\/www.facebook.com\/KDVarnamo\/","https:\/\/x.com\/KDVarnamo","https:\/\/www.instagram.com\/","https:\/\/www.youtube.com\/user\/studiokd\/videos"]},{"@type":"Person","@id":"https:\/\/wp.kristdemokraterna.se\/varnamo\/#\/schema\/person\/4e339ab04d613699e4dfe80a994e01d4","name":"Kristdemokraterna V\u00e4rnamo","image":{"@type":"ImageObject","inLanguage":"sv-SE","@id":"https:\/\/secure.gravatar.com\/avatar\/c122e48c7723992af51eb155eeaa93db3c1fa324e3fc6ec45dd712c812809b5b?s=96&r=g","url":"https:\/\/secure.gravatar.com\/avatar\/c122e48c7723992af51eb155eeaa93db3c1fa324e3fc6ec45dd712c812809b5b?s=96&r=g","contentUrl":"https:\/\/secure.gravatar.com\/avatar\/c122e48c7723992af51eb155eeaa93db3c1fa324e3fc6ec45dd712c812809b5b?s=96&r=g","caption":"Kristdemokraterna V\u00e4rnamo"},"description":"Familjens r\u00f6st","sameAs":["http:\/\/www.varnamo.kristdemokraterna.se"],"url":"https:\/\/wp.kristdemokraterna.se\/varnamo\/author\/varnamo\/"}]}},"_links":{"self":[{"href":"https:\/\/wp.kristdemokraterna.se\/varnamo\/wp-json\/wp\/v2\/posts\/2047","targetHints":{"allow":["GET"]}}],"collection":[{"href":"https:\/\/wp.kristdemokraterna.se\/varnamo\/wp-json\/wp\/v2\/posts"}],"about":[{"href":"https:\/\/wp.kristdemokraterna.se\/varnamo\/wp-json\/wp\/v2\/types\/post"}],"author":[{"embeddable":true,"href":"https:\/\/wp.kristdemokraterna.se\/varnamo\/wp-json\/wp\/v2\/users\/412"}],"replies":[{"embeddable":true,"href":"https:\/\/wp.kristdemokraterna.se\/varnamo\/wp-json\/wp\/v2\/comments?post=2047"}],"version-history":[{"count":8,"href":"https:\/\/wp.kristdemokraterna.se\/varnamo\/wp-json\/wp\/v2\/posts\/2047\/revisions"}],"predecessor-version":[{"id":6760,"href":"https:\/\/wp.kristdemokraterna.se\/varnamo\/wp-json\/wp\/v2\/posts\/2047\/revisions\/6760"}],"wp:featuredmedia":[{"embeddable":true,"href":"https:\/\/wp.kristdemokraterna.se\/varnamo\/wp-json\/wp\/v2\/media\/9638"}],"wp:attachment":[{"href":"https:\/\/wp.kristdemokraterna.se\/varnamo\/wp-json\/wp\/v2\/media?parent=2047"}],"wp:term":[{"taxonomy":"category","embeddable":true,"href":"https:\/\/wp.kristdemokraterna.se\/varnamo\/wp-json\/wp\/v2\/categories?post=2047"},{"taxonomy":"post_tag","embeddable":true,"href":"https:\/\/wp.kristdemokraterna.se\/varnamo\/wp-json\/wp\/v2\/tags?post=2047"}],"curies":[{"name":"wp","href":"https:\/\/api.w.org\/{rel}","templated":true}]}}